{"id":4062,"date":"2021-01-12T05:19:00","date_gmt":"2021-01-12T04:19:00","guid":{"rendered":"https:\/\/radioleinewelle.de\/?p=4062"},"modified":"2021-01-12T05:19:00","modified_gmt":"2021-01-12T04:19:00","slug":"kurzbilanz-erster-schultag-in-niedersachsen","status":"publish","type":"post","link":"https:\/\/radioleinewelle.de\/index.php\/2021\/01\/12\/kurzbilanz-erster-schultag-in-niedersachsen\/","title":{"rendered":"Kurzbilanz: Erster Schultag in Niedersachsen"},"content":{"rendered":"\n<p>Rund 94 Prozent der Sch\u00fclerinnen und Sch\u00fcler an allgemein bildenden Schulen in Niedersachsen sind heute von zu Hause aus in den Unterrichtsalltag nach Szenario C \u2013 dem Distanzunterricht \u2013 nach den Weihnachtsferien gestartet. Zudem haben die allermeisten Sch\u00fclerinnen und Sch\u00fcler der berufsbildenden Schulen ebenfalls im Distanzunterricht gelernt, da auch hier im Grundsatz auf Szenario C Distanzlernen umgestellt ist.<\/p>\n\n\n\n<p>Ausnahmen bilden die Abschlussklassen an allgemein bildenden und berufsbildenden Schulen, die im Wechselmodell in halben Klassen mit Abstand und unter Hygiene- und Sicherheitsstandards im Szenario B unterrichtet werden.<\/p>\n\n\n\n<p>Erste nicht repr\u00e4sentative R\u00fcckmeldungen legen nah, dass der Start insgesamt ordentlich verlief. Hierbei habe die fr\u00fchzeitige Kommunikation der Planungen und das Flankieren durch Erlasse, Rundverf\u00fcgung und Briefe geholfen. Dabei ist selbstverst\u00e4ndlich, dass die derzeitige Phase schulorganisatorisch sehr herausfordernd ist und die oftmals zeitgleiche Ausgestaltung von Distanzlernangeboten, Wechselunterricht f\u00fcr die Abschlussklassen sowie die Bereitstellung der Notbetreuung auch dazu f\u00fchren kann, dass nicht alles sofort optimal verl\u00e4uft.<\/p>\n\n\n\n<p>In diesem Zusammenhang ist bedauerlich, dass die augenscheinlich hohe Auslastung der IT-Systeme und Server eines privaten kommerziellen Anbieters einer digitalen Lernplattform zu erkennbaren Problemen gef\u00fchrt hat. Es wird aber davon ausgegangen, dass die Probleme seitens der privaten Betreiber schnell behoben werden.Stabil gezeigt hat sich die Nieders\u00e4chsische Bildungscloud (NBC), die im Gro\u00dfen und Ganzen mit den vermehrten Zugriffen gut zu Rande kam. Allein f\u00fcr das Videokonferenz-System der NBC, Big Blue Button, wurden Montag \u00fcber 750 Server zus\u00e4tzlich gestartet, um Engp\u00e4sse bei der Nutzung zu vermeiden. Mit Ausnahme einer 30-min\u00fctigen Problemphase, in der das Videokonferenz-Tool nicht st\u00f6rungsfrei lief, hat sich die NBC heute unter Hochlast bew\u00e4hrt. Nie vollends auszuschlie\u00dfen sind lokale Netzprobleme, z. B. durch ein \u00fcberlastetes Internet-Netz einer Schule oder eines Schultr\u00e4gers.<\/p>\n\n\n\n<p>Niedersachsens Kultusminister Grant Hendrik Tonne&nbsp;kommentiert den ersten Schultag nach den Weihnachtsferien:<\/p>\n\n\n\n<p>\u201eMein Dank gilt den Schulleitungen, den Lehrkr\u00e4ften und den Regionalen Landes\u00e4mtern f\u00fcr Schule und Bildung. Alle geben alles, um mit der aktuellen Lage bestm\u00f6glich klar zu kommen. Dabei stehen die Sch\u00fclerinnen und Sch\u00fcler im Mittelpunkt. Gerade viele der j\u00fcngeren Sch\u00fclerinnen und Sch\u00fcler bedauern, dass sie wegen Corona nicht in die Schule gehen d\u00fcrfen.<\/p>\n\n\n\n<p>Das Ziel, auch in der Distanz N\u00e4he zu schaffen und die Kinder und Jugendlichen zu begleiten und Kontakt zu halten, wird mit sehr gro\u00dfem Engagement verfolgt. Dass sich einiges noch verbessern und routinierter werden muss, ist keine \u00dcberraschung und auch nicht vorwerfbar. Ich danke im Namen der Landesregierung allen am Schulbetrieb Beteiligten.\u201c<\/p>\n","protected":false},"excerpt":{"rendered":"<p>Rund 94 Prozent der Sch\u00fclerinnen und Sch\u00fcler an allgemein bildenden Schulen in Niedersachsen sind heute von zu Hause aus in den Unterrichtsalltag nach Szenario C \u2013 dem Distanzunterricht \u2013 nach den Weihnachtsferien gestartet. Zudem haben die allermeisten Sch\u00fclerinnen und Sch\u00fcler der berufsbildenden Schulen ebenfalls im Distanzunterricht gelernt, da auch hier im Grundsatz auf Szenario C [&hellip;]<\/p>\n","protected":false},"author":1,"featured_media":3920,"comment_status":"closed","ping_status":"closed","sticky":false,"template":"","format":"standard","meta":{"saved_in_kubio":false,"footnotes":""},"categories":[24,1],"tags":[],"class_list":["post-4062","post","type-post","status-publish","format-standard","has-post-thumbnail","hentry","category-news","category-allgemein"],"yoast_head":"<!-- This site is optimized with the Yoast SEO plugin v27.5 - https:\/\/yoast.com\/product\/yoast-seo-wordpress\/ -->\n<title>Kurzbilanz: Erster Schultag in Niedersachsen - Radio Leinewelle<\/title>\n<meta name=\"robots\" content=\"index, follow, max-snippet:-1, max-image-preview:large, max-video-preview:-1\" \/>\n<link rel=\"canonical\" href=\"https:\/\/radioleinewelle.de\/index.php\/2021\/01\/12\/kurzbilanz-erster-schultag-in-niedersachsen\/\" \/>\n<meta property=\"og:locale\" content=\"de_DE\" \/>\n<meta property=\"og:type\" content=\"article\" \/>\n<meta property=\"og:title\" content=\"Kurzbilanz: Erster Schultag in Niedersachsen - Radio Leinewelle\" \/>\n<meta property=\"og:description\" content=\"Rund 94 Prozent der Sch\u00fclerinnen und Sch\u00fcler an allgemein bildenden Schulen in Niedersachsen sind heute von zu Hause aus in den Unterrichtsalltag nach Szenario C \u2013 dem Distanzunterricht \u2013 nach den Weihnachtsferien gestartet. Zudem haben die allermeisten Sch\u00fclerinnen und Sch\u00fcler der berufsbildenden Schulen ebenfalls im Distanzunterricht gelernt, da auch hier im Grundsatz auf Szenario C [&hellip;]\" \/>\n<meta property=\"og:url\" content=\"https:\/\/radioleinewelle.de\/index.php\/2021\/01\/12\/kurzbilanz-erster-schultag-in-niedersachsen\/\" \/>\n<meta property=\"og:site_name\" content=\"Radio Leinewelle\" \/>\n<meta property=\"article:publisher\" content=\"https:\/\/www.facebook.com\/radioleinewelle\" \/>\n<meta property=\"article:author\" content=\"https:\/\/www.facebook.com\/radioleinewelle\" \/>\n<meta property=\"article:published_time\" content=\"2021-01-12T04:19:00+00:00\" \/>\n<meta property=\"og:image\" content=\"https:\/\/radioleinewelle.de\/wp-content\/uploads\/2021\/01\/class-5120376_640.jpg\" \/>\n\t<meta property=\"og:image:width\" content=\"640\" \/>\n\t<meta property=\"og:image:height\" content=\"380\" \/>\n\t<meta property=\"og:image:type\" content=\"image\/jpeg\" \/>\n<meta name=\"author\" content=\"Leinewelle\" \/>\n<meta name=\"twitter:card\" content=\"summary_large_image\" \/>\n<meta name=\"twitter:creator\" content=\"@https:\/\/twitter.com\/RLeinewelle?ref_src=twsrcgoogletwcampserptwgrauthor\" \/>\n<meta name=\"twitter:site\" content=\"@RLeinewelle\" \/>\n<meta name=\"twitter:label1\" content=\"Verfasst von\" \/>\n\t<meta name=\"twitter:data1\" content=\"Leinewelle\" \/>\n\t<meta name=\"twitter:label2\" content=\"Gesch\u00e4tzte Lesezeit\" \/>\n\t<meta name=\"twitter:data2\" content=\"2\u00a0Minuten\" \/>\n<script type=\"application\/ld+json\" class=\"yoast-schema-graph\">{\"@context\":\"https:\\\/\\\/schema.org\",\"@graph\":[{\"@type\":\"Article\",\"@id\":\"https:\\\/\\\/radioleinewelle.de\\\/index.php\\\/2021\\\/01\\\/12\\\/kurzbilanz-erster-schultag-in-niedersachsen\\\/#article\",\"isPartOf\":{\"@id\":\"https:\\\/\\\/radioleinewelle.de\\\/index.php\\\/2021\\\/01\\\/12\\\/kurzbilanz-erster-schultag-in-niedersachsen\\\/\"},\"author\":{\"name\":\"Leinewelle\",\"@id\":\"https:\\\/\\\/radioleinewelle.de\\\/#\\\/schema\\\/person\\\/45606f348637df637192dc1b68399a63\"},\"headline\":\"Kurzbilanz: Erster Schultag in Niedersachsen\",\"datePublished\":\"2021-01-12T04:19:00+00:00\",\"mainEntityOfPage\":{\"@id\":\"https:\\\/\\\/radioleinewelle.de\\\/index.php\\\/2021\\\/01\\\/12\\\/kurzbilanz-erster-schultag-in-niedersachsen\\\/\"},\"wordCount\":427,\"publisher\":{\"@id\":\"https:\\\/\\\/radioleinewelle.de\\\/#organization\"},\"image\":{\"@id\":\"https:\\\/\\\/radioleinewelle.de\\\/index.php\\\/2021\\\/01\\\/12\\\/kurzbilanz-erster-schultag-in-niedersachsen\\\/#primaryimage\"},\"thumbnailUrl\":\"https:\\\/\\\/radioleinewelle.de\\\/wp-content\\\/uploads\\\/2021\\\/01\\\/class-5120376_640.jpg\",\"articleSection\":[\"Aktuelle Nachrichten\"],\"inLanguage\":\"de\"},{\"@type\":\"WebPage\",\"@id\":\"https:\\\/\\\/radioleinewelle.de\\\/index.php\\\/2021\\\/01\\\/12\\\/kurzbilanz-erster-schultag-in-niedersachsen\\\/\",\"url\":\"https:\\\/\\\/radioleinewelle.de\\\/index.php\\\/2021\\\/01\\\/12\\\/kurzbilanz-erster-schultag-in-niedersachsen\\\/\",\"name\":\"Kurzbilanz: Erster Schultag in Niedersachsen - Radio Leinewelle\",\"isPartOf\":{\"@id\":\"https:\\\/\\\/radioleinewelle.de\\\/#website\"},\"primaryImageOfPage\":{\"@id\":\"https:\\\/\\\/radioleinewelle.de\\\/index.php\\\/2021\\\/01\\\/12\\\/kurzbilanz-erster-schultag-in-niedersachsen\\\/#primaryimage\"},\"image\":{\"@id\":\"https:\\\/\\\/radioleinewelle.de\\\/index.php\\\/2021\\\/01\\\/12\\\/kurzbilanz-erster-schultag-in-niedersachsen\\\/#primaryimage\"},\"thumbnailUrl\":\"https:\\\/\\\/radioleinewelle.de\\\/wp-content\\\/uploads\\\/2021\\\/01\\\/class-5120376_640.jpg\",\"datePublished\":\"2021-01-12T04:19:00+00:00\",\"breadcrumb\":{\"@id\":\"https:\\\/\\\/radioleinewelle.de\\\/index.php\\\/2021\\\/01\\\/12\\\/kurzbilanz-erster-schultag-in-niedersachsen\\\/#breadcrumb\"},\"inLanguage\":\"de\",\"potentialAction\":[{\"@type\":\"ReadAction\",\"target\":[\"https:\\\/\\\/radioleinewelle.de\\\/index.php\\\/2021\\\/01\\\/12\\\/kurzbilanz-erster-schultag-in-niedersachsen\\\/\"]}]},{\"@type\":\"ImageObject\",\"inLanguage\":\"de\",\"@id\":\"https:\\\/\\\/radioleinewelle.de\\\/index.php\\\/2021\\\/01\\\/12\\\/kurzbilanz-erster-schultag-in-niedersachsen\\\/#primaryimage\",\"url\":\"https:\\\/\\\/radioleinewelle.de\\\/wp-content\\\/uploads\\\/2021\\\/01\\\/class-5120376_640.jpg\",\"contentUrl\":\"https:\\\/\\\/radioleinewelle.de\\\/wp-content\\\/uploads\\\/2021\\\/01\\\/class-5120376_640.jpg\",\"width\":640,\"height\":380},{\"@type\":\"BreadcrumbList\",\"@id\":\"https:\\\/\\\/radioleinewelle.de\\\/index.php\\\/2021\\\/01\\\/12\\\/kurzbilanz-erster-schultag-in-niedersachsen\\\/#breadcrumb\",\"itemListElement\":[{\"@type\":\"ListItem\",\"position\":1,\"name\":\"Startseite\",\"item\":\"https:\\\/\\\/radioleinewelle.de\\\/\"},{\"@type\":\"ListItem\",\"position\":2,\"name\":\"Kurzbilanz: Erster Schultag in Niedersachsen\"}]},{\"@type\":\"WebSite\",\"@id\":\"https:\\\/\\\/radioleinewelle.de\\\/#website\",\"url\":\"https:\\\/\\\/radioleinewelle.de\\\/\",\"name\":\"Radio Leinewelle\",\"description\":\"\",\"publisher\":{\"@id\":\"https:\\\/\\\/radioleinewelle.de\\\/#organization\"},\"potentialAction\":[{\"@type\":\"SearchAction\",\"target\":{\"@type\":\"EntryPoint\",\"urlTemplate\":\"https:\\\/\\\/radioleinewelle.de\\\/?s={search_term_string}\"},\"query-input\":{\"@type\":\"PropertyValueSpecification\",\"valueRequired\":true,\"valueName\":\"search_term_string\"}}],\"inLanguage\":\"de\"},{\"@type\":\"Organization\",\"@id\":\"https:\\\/\\\/radioleinewelle.de\\\/#organization\",\"name\":\"Radio Leinewelle\",\"alternateName\":\"Mein Radio f\u00fcr S\u00fcdniedersachsen\",\"url\":\"https:\\\/\\\/radioleinewelle.de\\\/\",\"logo\":{\"@type\":\"ImageObject\",\"inLanguage\":\"de\",\"@id\":\"https:\\\/\\\/radioleinewelle.de\\\/#\\\/schema\\\/logo\\\/image\\\/\",\"url\":\"https:\\\/\\\/radioleinewelle.de\\\/wp-content\\\/uploads\\\/2023\\\/11\\\/cropped-Leinewelle_Logo_weiss.png\",\"contentUrl\":\"https:\\\/\\\/radioleinewelle.de\\\/wp-content\\\/uploads\\\/2023\\\/11\\\/cropped-Leinewelle_Logo_weiss.png\",\"width\":854,\"height\":260,\"caption\":\"Radio Leinewelle\"},\"image\":{\"@id\":\"https:\\\/\\\/radioleinewelle.de\\\/#\\\/schema\\\/logo\\\/image\\\/\"},\"sameAs\":[\"https:\\\/\\\/www.facebook.com\\\/radioleinewelle\",\"https:\\\/\\\/x.com\\\/RLeinewelle\",\"https:\\\/\\\/www.instagram.com\\\/radioleinewelle\\\/?hl=de\"]},{\"@type\":\"Person\",\"@id\":\"https:\\\/\\\/radioleinewelle.de\\\/#\\\/schema\\\/person\\\/45606f348637df637192dc1b68399a63\",\"name\":\"Leinewelle\",\"image\":{\"@type\":\"ImageObject\",\"inLanguage\":\"de\",\"@id\":\"https:\\\/\\\/secure.gravatar.com\\\/avatar\\\/05c9a17bc973052ee5d91549bd32fb4dd0dc85b7b85ae94b2e2b4943476bbea5?s=96&d=blank&r=g\",\"url\":\"https:\\\/\\\/secure.gravatar.com\\\/avatar\\\/05c9a17bc973052ee5d91549bd32fb4dd0dc85b7b85ae94b2e2b4943476bbea5?s=96&d=blank&r=g\",\"contentUrl\":\"https:\\\/\\\/secure.gravatar.com\\\/avatar\\\/05c9a17bc973052ee5d91549bd32fb4dd0dc85b7b85ae94b2e2b4943476bbea5?s=96&d=blank&r=g\",\"caption\":\"Leinewelle\"},\"sameAs\":[\"http:\\\/\\\/localhost\\\/radio%20leinewelle\\\/wordpress\",\"https:\\\/\\\/www.facebook.com\\\/radioleinewelle\",\"https:\\\/\\\/www.instagram.com\\\/radioleinewelle\",\"https:\\\/\\\/x.com\\\/https:\\\/\\\/twitter.com\\\/RLeinewelle?ref_src=twsrcgoogletwcampserptwgrauthor\",\"https:\\\/\\\/soundcloud.com\\\/foerderverein-lokalradio?utm_source=clipboard&utm_medium=text&utm_campaign=social_sharing\"],\"url\":\"https:\\\/\\\/radioleinewelle.de\\\/index.php\\\/author\\\/leinewelle\\\/\"}]}<\/script>\n<!-- \/ Yoast SEO plugin. -->","yoast_head_json":{"title":"Kurzbilanz: Erster Schultag in Niedersachsen - Radio Leinewelle","robots":{"index":"index","follow":"follow","max-snippet":"max-snippet:-1","max-image-preview":"max-image-preview:large","max-video-preview":"max-video-preview:-1"},"canonical":"https:\/\/radioleinewelle.de\/index.php\/2021\/01\/12\/kurzbilanz-erster-schultag-in-niedersachsen\/","og_locale":"de_DE","og_type":"article","og_title":"Kurzbilanz: Erster Schultag in Niedersachsen - Radio Leinewelle","og_description":"Rund 94 Prozent der Sch\u00fclerinnen und Sch\u00fcler an allgemein bildenden Schulen in Niedersachsen sind heute von zu Hause aus in den Unterrichtsalltag nach Szenario C \u2013 dem Distanzunterricht \u2013 nach den Weihnachtsferien gestartet. Zudem haben die allermeisten Sch\u00fclerinnen und Sch\u00fcler der berufsbildenden Schulen ebenfalls im Distanzunterricht gelernt, da auch hier im Grundsatz auf Szenario C [&hellip;]","og_url":"https:\/\/radioleinewelle.de\/index.php\/2021\/01\/12\/kurzbilanz-erster-schultag-in-niedersachsen\/","og_site_name":"Radio Leinewelle","article_publisher":"https:\/\/www.facebook.com\/radioleinewelle","article_author":"https:\/\/www.facebook.com\/radioleinewelle","article_published_time":"2021-01-12T04:19:00+00:00","og_image":[{"width":640,"height":380,"url":"https:\/\/radioleinewelle.de\/wp-content\/uploads\/2021\/01\/class-5120376_640.jpg","type":"image\/jpeg"}],"author":"Leinewelle","twitter_card":"summary_large_image","twitter_creator":"@https:\/\/twitter.com\/RLeinewelle?ref_src=twsrcgoogletwcampserptwgrauthor","twitter_site":"@RLeinewelle","twitter_misc":{"Verfasst von":"Leinewelle","Gesch\u00e4tzte Lesezeit":"2\u00a0Minuten"},"schema":{"@context":"https:\/\/schema.org","@graph":[{"@type":"Article","@id":"https:\/\/radioleinewelle.de\/index.php\/2021\/01\/12\/kurzbilanz-erster-schultag-in-niedersachsen\/#article","isPartOf":{"@id":"https:\/\/radioleinewelle.de\/index.php\/2021\/01\/12\/kurzbilanz-erster-schultag-in-niedersachsen\/"},"author":{"name":"Leinewelle","@id":"https:\/\/radioleinewelle.de\/#\/schema\/person\/45606f348637df637192dc1b68399a63"},"headline":"Kurzbilanz: Erster Schultag in Niedersachsen","datePublished":"2021-01-12T04:19:00+00:00","mainEntityOfPage":{"@id":"https:\/\/radioleinewelle.de\/index.php\/2021\/01\/12\/kurzbilanz-erster-schultag-in-niedersachsen\/"},"wordCount":427,"publisher":{"@id":"https:\/\/radioleinewelle.de\/#organization"},"image":{"@id":"https:\/\/radioleinewelle.de\/index.php\/2021\/01\/12\/kurzbilanz-erster-schultag-in-niedersachsen\/#primaryimage"},"thumbnailUrl":"https:\/\/radioleinewelle.de\/wp-content\/uploads\/2021\/01\/class-5120376_640.jpg","articleSection":["Aktuelle Nachrichten"],"inLanguage":"de"},{"@type":"WebPage","@id":"https:\/\/radioleinewelle.de\/index.php\/2021\/01\/12\/kurzbilanz-erster-schultag-in-niedersachsen\/","url":"https:\/\/radioleinewelle.de\/index.php\/2021\/01\/12\/kurzbilanz-erster-schultag-in-niedersachsen\/","name":"Kurzbilanz: Erster Schultag in Niedersachsen - Radio Leinewelle","isPartOf":{"@id":"https:\/\/radioleinewelle.de\/#website"},"primaryImageOfPage":{"@id":"https:\/\/radioleinewelle.de\/index.php\/2021\/01\/12\/kurzbilanz-erster-schultag-in-niedersachsen\/#primaryimage"},"image":{"@id":"https:\/\/radioleinewelle.de\/index.php\/2021\/01\/12\/kurzbilanz-erster-schultag-in-niedersachsen\/#primaryimage"},"thumbnailUrl":"https:\/\/radioleinewelle.de\/wp-content\/uploads\/2021\/01\/class-5120376_640.jpg","datePublished":"2021-01-12T04:19:00+00:00","breadcrumb":{"@id":"https:\/\/radioleinewelle.de\/index.php\/2021\/01\/12\/kurzbilanz-erster-schultag-in-niedersachsen\/#breadcrumb"},"inLanguage":"de","potentialAction":[{"@type":"ReadAction","target":["https:\/\/radioleinewelle.de\/index.php\/2021\/01\/12\/kurzbilanz-erster-schultag-in-niedersachsen\/"]}]},{"@type":"ImageObject","inLanguage":"de","@id":"https:\/\/radioleinewelle.de\/index.php\/2021\/01\/12\/kurzbilanz-erster-schultag-in-niedersachsen\/#primaryimage","url":"https:\/\/radioleinewelle.de\/wp-content\/uploads\/2021\/01\/class-5120376_640.jpg","contentUrl":"https:\/\/radioleinewelle.de\/wp-content\/uploads\/2021\/01\/class-5120376_640.jpg","width":640,"height":380},{"@type":"BreadcrumbList","@id":"https:\/\/radioleinewelle.de\/index.php\/2021\/01\/12\/kurzbilanz-erster-schultag-in-niedersachsen\/#breadcrumb","itemListElement":[{"@type":"ListItem","position":1,"name":"Startseite","item":"https:\/\/radioleinewelle.de\/"},{"@type":"ListItem","position":2,"name":"Kurzbilanz: Erster Schultag in Niedersachsen"}]},{"@type":"WebSite","@id":"https:\/\/radioleinewelle.de\/#website","url":"https:\/\/radioleinewelle.de\/","name":"Radio Leinewelle","description":"","publisher":{"@id":"https:\/\/radioleinewelle.de\/#organization"},"potentialAction":[{"@type":"SearchAction","target":{"@type":"EntryPoint","urlTemplate":"https:\/\/radioleinewelle.de\/?s={search_term_string}"},"query-input":{"@type":"PropertyValueSpecification","valueRequired":true,"valueName":"search_term_string"}}],"inLanguage":"de"},{"@type":"Organization","@id":"https:\/\/radioleinewelle.de\/#organization","name":"Radio Leinewelle","alternateName":"Mein Radio f\u00fcr S\u00fcdniedersachsen","url":"https:\/\/radioleinewelle.de\/","logo":{"@type":"ImageObject","inLanguage":"de","@id":"https:\/\/radioleinewelle.de\/#\/schema\/logo\/image\/","url":"https:\/\/radioleinewelle.de\/wp-content\/uploads\/2023\/11\/cropped-Leinewelle_Logo_weiss.png","contentUrl":"https:\/\/radioleinewelle.de\/wp-content\/uploads\/2023\/11\/cropped-Leinewelle_Logo_weiss.png","width":854,"height":260,"caption":"Radio Leinewelle"},"image":{"@id":"https:\/\/radioleinewelle.de\/#\/schema\/logo\/image\/"},"sameAs":["https:\/\/www.facebook.com\/radioleinewelle","https:\/\/x.com\/RLeinewelle","https:\/\/www.instagram.com\/radioleinewelle\/?hl=de"]},{"@type":"Person","@id":"https:\/\/radioleinewelle.de\/#\/schema\/person\/45606f348637df637192dc1b68399a63","name":"Leinewelle","image":{"@type":"ImageObject","inLanguage":"de","@id":"https:\/\/secure.gravatar.com\/avatar\/05c9a17bc973052ee5d91549bd32fb4dd0dc85b7b85ae94b2e2b4943476bbea5?s=96&d=blank&r=g","url":"https:\/\/secure.gravatar.com\/avatar\/05c9a17bc973052ee5d91549bd32fb4dd0dc85b7b85ae94b2e2b4943476bbea5?s=96&d=blank&r=g","contentUrl":"https:\/\/secure.gravatar.com\/avatar\/05c9a17bc973052ee5d91549bd32fb4dd0dc85b7b85ae94b2e2b4943476bbea5?s=96&d=blank&r=g","caption":"Leinewelle"},"sameAs":["http:\/\/localhost\/radio%20leinewelle\/wordpress","https:\/\/www.facebook.com\/radioleinewelle","https:\/\/www.instagram.com\/radioleinewelle","https:\/\/x.com\/https:\/\/twitter.com\/RLeinewelle?ref_src=twsrcgoogletwcampserptwgrauthor","https:\/\/soundcloud.com\/foerderverein-lokalradio?utm_source=clipboard&utm_medium=text&utm_campaign=social_sharing"],"url":"https:\/\/radioleinewelle.de\/index.php\/author\/leinewelle\/"}]}},"_links":{"self":[{"href":"https:\/\/radioleinewelle.de\/index.php\/wp-json\/wp\/v2\/posts\/4062","targetHints":{"allow":["GET"]}}],"collection":[{"href":"https:\/\/radioleinewelle.de\/index.php\/wp-json\/wp\/v2\/posts"}],"about":[{"href":"https:\/\/radioleinewelle.de\/index.php\/wp-json\/wp\/v2\/types\/post"}],"author":[{"embeddable":true,"href":"https:\/\/radioleinewelle.de\/index.php\/wp-json\/wp\/v2\/users\/1"}],"replies":[{"embeddable":true,"href":"https:\/\/radioleinewelle.de\/index.php\/wp-json\/wp\/v2\/comments?post=4062"}],"version-history":[{"count":0,"href":"https:\/\/radioleinewelle.de\/index.php\/wp-json\/wp\/v2\/posts\/4062\/revisions"}],"wp:featuredmedia":[{"embeddable":true,"href":"https:\/\/radioleinewelle.de\/index.php\/wp-json\/wp\/v2\/media\/3920"}],"wp:attachment":[{"href":"https:\/\/radioleinewelle.de\/index.php\/wp-json\/wp\/v2\/media?parent=4062"}],"wp:term":[{"taxonomy":"category","embeddable":true,"href":"https:\/\/radioleinewelle.de\/index.php\/wp-json\/wp\/v2\/categories?post=4062"},{"taxonomy":"post_tag","embeddable":true,"href":"https:\/\/radioleinewelle.de\/index.php\/wp-json\/wp\/v2\/tags?post=4062"}],"curies":[{"name":"wp","href":"https:\/\/api.w.org\/{rel}","templated":true}]}}