{"id":4098,"date":"2021-01-13T05:10:00","date_gmt":"2021-01-13T04:10:00","guid":{"rendered":"https:\/\/radioleinewelle.de\/?p=4098"},"modified":"2021-01-13T05:10:00","modified_gmt":"2021-01-13T04:10:00","slug":"weil-und-schroeder-koepf-starten-wettbewerb-zum-niedersaechsischen-integrationspreis-2021-integration-in-zeiten-von-corona","status":"publish","type":"post","link":"https:\/\/radioleinewelle.de\/index.php\/2021\/01\/13\/weil-und-schroeder-koepf-starten-wettbewerb-zum-niedersaechsischen-integrationspreis-2021-integration-in-zeiten-von-corona\/","title":{"rendered":"Weil und Schr\u00f6der-K\u00f6pf starten Wettbewerb zum Nieders\u00e4chsischen Integrationspreis 2021: Integration in Zeiten von Corona"},"content":{"rendered":"\n<p>Die Nieders\u00e4chsische Landesbeauftragte f\u00fcr Migration und Teilhabe, Doris Schr\u00f6der-K\u00f6pf, startet am (heutigen) Dienstag gemeinsam mit Ministerpr\u00e4sident Stephan Weil den Wettbewerb um den Nieders\u00e4chsischen Integrationspreis 2021. Der Preis ist mit insgesamt 24.000 Euro dotiert. Es werden vier Preise zu jeweils 6.000 Euro vergeben.<br \/>Zus\u00e4tzlich vergeben das B\u00fcndnis \u201eNiedersachsen packt an\u201c sowie das B\u00fcndnis \u201eNiedersachsen h\u00e4lt zusammen\u201c jeweils einen Sonderpreis in H\u00f6he von 6.000 Euro. Die Verleihung des Integrationspreises erfolgt bereits zum zw\u00f6lften Mal. Das Motto lautet in diesem Jahr \u201eIntegration in Zeiten von Corona\u201c. Der Wettbewerb richtet sich an Vereine, Verb\u00e4nde, Institutionen, Initiativen, Stiftungen, Kinderg\u00e4rten und Schulen, die sich in besonderer Weise mit neuen Ideen und Umsetzungen daf\u00fcr engagieren, dass Integration in Zeiten der Corona-Pandemie gelebt und dadurch ein entscheidender Beitrag zur interkulturellen Teilhabe am Gemeinwesen geleistet wird. Ziel ist es, gute Projekte und Ans\u00e4tze \u00f6ffentlich zu machen und gleichzeitig dazu zu ermuntern, derartigen Beispielen zu folgen und neue Ideen in Zeiten der Pandemie zu entwickeln.<br \/>Mit der Wahl des Mottos kn\u00fcpfen Weil und Schr\u00f6der-K\u00f6pf an die bisherige Arbeit der B\u00fcndnisse \u201eNiedersachsen packt an\u201c und \u201eNiedersachsen h\u00e4lt zusammen\u201c an. Die Botschaft lautet: Niemand wird vergessen! Integration hat gerade in diesen Zeiten einen besonders hohen Stellenwert, gesellschaftliche Teilhabe ist wichtiger als je zuvor \u2013 unabh\u00e4ngig von Herkunft, Kultur, Alter, Geschlecht, Religion oder finanzieller Situation. <br \/>Daher ist es f\u00fcr die Nieders\u00e4chsische Landesregierung ein wichtiges politisches Anliegen, die vielf\u00e4ltigen Potentiale verschiedener Institutionen, Vereine, Verb\u00e4nde, Initiativen, Kinderg\u00e4rten und Schulen zu aktivieren und besonders innovative Ideen mit dem Nieders\u00e4chsischen Integrationspreis 2021 auszuzeichnen.<\/p>\n\n\n\n<p>Bewerbungen oder Vorschl\u00e4ge sind vorzugsweise per E-Mail an&nbsp;<a href=\"mailto:integrationspreis@stk.niedersachsen.de\">integrationspreis@stk.niedersachsen.de<\/a>&nbsp;oder ansonsten per Post an<br \/>Nieders\u00e4chsische Staatskanzlei <br \/>Stichwort \u201eNieders\u00e4chsischer Integrationspreis 2021\u201c<br \/>Planckstr. 2 <br \/><strong>30169 Hannover<\/strong><\/p>\n\n\n\n<figure class=\"wp-block-table\"><table><tbody><tr><td><\/td><\/tr><\/tbody><\/table><\/figure>\n","protected":false},"excerpt":{"rendered":"<p>Die Nieders\u00e4chsische Landesbeauftragte f\u00fcr Migration und Teilhabe, Doris Schr\u00f6der-K\u00f6pf, startet am (heutigen) Dienstag gemeinsam mit Ministerpr\u00e4sident Stephan Weil den Wettbewerb um den Nieders\u00e4chsischen Integrationspreis 2021. Der Preis ist mit insgesamt 24.000 Euro dotiert. Es werden vier Preise zu jeweils 6.000 Euro vergeben.Zus\u00e4tzlich vergeben das B\u00fcndnis \u201eNiedersachsen packt an\u201c sowie das B\u00fcndnis \u201eNiedersachsen h\u00e4lt zusammen\u201c jeweils [&hellip;]<\/p>\n","protected":false},"author":1,"featured_media":0,"comment_status":"closed","ping_status":"closed","sticky":false,"template":"","format":"standard","meta":{"saved_in_kubio":false,"footnotes":""},"categories":[43],"tags":[],"class_list":["post-4098","post","type-post","status-publish","format-standard","hentry","category-migration"],"yoast_head":"<!-- This site is optimized with the Yoast SEO plugin v27.5 - https:\/\/yoast.com\/product\/yoast-seo-wordpress\/ -->\n<title>Weil und Schr\u00f6der-K\u00f6pf starten Wettbewerb zum Nieders\u00e4chsischen Integrationspreis 2021: Integration in Zeiten von Corona - Radio Leinewelle<\/title>\n<meta name=\"robots\" content=\"index, follow, max-snippet:-1, max-image-preview:large, max-video-preview:-1\" \/>\n<link rel=\"canonical\" href=\"https:\/\/radioleinewelle.de\/index.php\/2021\/01\/13\/weil-und-schroeder-koepf-starten-wettbewerb-zum-niedersaechsischen-integrationspreis-2021-integration-in-zeiten-von-corona\/\" \/>\n<meta property=\"og:locale\" content=\"de_DE\" \/>\n<meta property=\"og:type\" content=\"article\" \/>\n<meta property=\"og:title\" content=\"Weil und Schr\u00f6der-K\u00f6pf starten Wettbewerb zum Nieders\u00e4chsischen Integrationspreis 2021: Integration in Zeiten von Corona - Radio Leinewelle\" \/>\n<meta property=\"og:description\" content=\"Die Nieders\u00e4chsische Landesbeauftragte f\u00fcr Migration und Teilhabe, Doris Schr\u00f6der-K\u00f6pf, startet am (heutigen) Dienstag gemeinsam mit Ministerpr\u00e4sident Stephan Weil den Wettbewerb um den Nieders\u00e4chsischen Integrationspreis 2021. Der Preis ist mit insgesamt 24.000 Euro dotiert. Es werden vier Preise zu jeweils 6.000 Euro vergeben.Zus\u00e4tzlich vergeben das B\u00fcndnis \u201eNiedersachsen packt an\u201c sowie das B\u00fcndnis \u201eNiedersachsen h\u00e4lt zusammen\u201c jeweils [&hellip;]\" \/>\n<meta property=\"og:url\" content=\"https:\/\/radioleinewelle.de\/index.php\/2021\/01\/13\/weil-und-schroeder-koepf-starten-wettbewerb-zum-niedersaechsischen-integrationspreis-2021-integration-in-zeiten-von-corona\/\" \/>\n<meta property=\"og:site_name\" content=\"Radio Leinewelle\" \/>\n<meta property=\"article:publisher\" content=\"https:\/\/www.facebook.com\/radioleinewelle\" \/>\n<meta property=\"article:author\" content=\"https:\/\/www.facebook.com\/radioleinewelle\" \/>\n<meta property=\"article:published_time\" content=\"2021-01-13T04:10:00+00:00\" \/>\n<meta name=\"author\" content=\"Leinewelle\" \/>\n<meta name=\"twitter:card\" content=\"summary_large_image\" \/>\n<meta name=\"twitter:creator\" content=\"@https:\/\/twitter.com\/RLeinewelle?ref_src=twsrcgoogletwcampserptwgrauthor\" \/>\n<meta name=\"twitter:site\" content=\"@RLeinewelle\" \/>\n<meta name=\"twitter:label1\" content=\"Verfasst von\" \/>\n\t<meta name=\"twitter:data1\" content=\"Leinewelle\" \/>\n\t<meta name=\"twitter:label2\" content=\"Gesch\u00e4tzte Lesezeit\" \/>\n\t<meta name=\"twitter:data2\" content=\"1\u00a0Minute\" \/>\n<script type=\"application\/ld+json\" class=\"yoast-schema-graph\">{\"@context\":\"https:\\\/\\\/schema.org\",\"@graph\":[{\"@type\":\"Article\",\"@id\":\"https:\\\/\\\/radioleinewelle.de\\\/index.php\\\/2021\\\/01\\\/13\\\/weil-und-schroeder-koepf-starten-wettbewerb-zum-niedersaechsischen-integrationspreis-2021-integration-in-zeiten-von-corona\\\/#article\",\"isPartOf\":{\"@id\":\"https:\\\/\\\/radioleinewelle.de\\\/index.php\\\/2021\\\/01\\\/13\\\/weil-und-schroeder-koepf-starten-wettbewerb-zum-niedersaechsischen-integrationspreis-2021-integration-in-zeiten-von-corona\\\/\"},\"author\":{\"name\":\"Leinewelle\",\"@id\":\"https:\\\/\\\/radioleinewelle.de\\\/#\\\/schema\\\/person\\\/45606f348637df637192dc1b68399a63\"},\"headline\":\"Weil und Schr\u00f6der-K\u00f6pf starten Wettbewerb zum Nieders\u00e4chsischen Integrationspreis 2021: Integration in Zeiten von Corona\",\"datePublished\":\"2021-01-13T04:10:00+00:00\",\"mainEntityOfPage\":{\"@id\":\"https:\\\/\\\/radioleinewelle.de\\\/index.php\\\/2021\\\/01\\\/13\\\/weil-und-schroeder-koepf-starten-wettbewerb-zum-niedersaechsischen-integrationspreis-2021-integration-in-zeiten-von-corona\\\/\"},\"wordCount\":312,\"publisher\":{\"@id\":\"https:\\\/\\\/radioleinewelle.de\\\/#organization\"},\"articleSection\":[\"Migration\"],\"inLanguage\":\"de\"},{\"@type\":\"WebPage\",\"@id\":\"https:\\\/\\\/radioleinewelle.de\\\/index.php\\\/2021\\\/01\\\/13\\\/weil-und-schroeder-koepf-starten-wettbewerb-zum-niedersaechsischen-integrationspreis-2021-integration-in-zeiten-von-corona\\\/\",\"url\":\"https:\\\/\\\/radioleinewelle.de\\\/index.php\\\/2021\\\/01\\\/13\\\/weil-und-schroeder-koepf-starten-wettbewerb-zum-niedersaechsischen-integrationspreis-2021-integration-in-zeiten-von-corona\\\/\",\"name\":\"Weil und Schr\u00f6der-K\u00f6pf starten Wettbewerb zum Nieders\u00e4chsischen Integrationspreis 2021: Integration in Zeiten von Corona - Radio Leinewelle\",\"isPartOf\":{\"@id\":\"https:\\\/\\\/radioleinewelle.de\\\/#website\"},\"datePublished\":\"2021-01-13T04:10:00+00:00\",\"breadcrumb\":{\"@id\":\"https:\\\/\\\/radioleinewelle.de\\\/index.php\\\/2021\\\/01\\\/13\\\/weil-und-schroeder-koepf-starten-wettbewerb-zum-niedersaechsischen-integrationspreis-2021-integration-in-zeiten-von-corona\\\/#breadcrumb\"},\"inLanguage\":\"de\",\"potentialAction\":[{\"@type\":\"ReadAction\",\"target\":[\"https:\\\/\\\/radioleinewelle.de\\\/index.php\\\/2021\\\/01\\\/13\\\/weil-und-schroeder-koepf-starten-wettbewerb-zum-niedersaechsischen-integrationspreis-2021-integration-in-zeiten-von-corona\\\/\"]}]},{\"@type\":\"BreadcrumbList\",\"@id\":\"https:\\\/\\\/radioleinewelle.de\\\/index.php\\\/2021\\\/01\\\/13\\\/weil-und-schroeder-koepf-starten-wettbewerb-zum-niedersaechsischen-integrationspreis-2021-integration-in-zeiten-von-corona\\\/#breadcrumb\",\"itemListElement\":[{\"@type\":\"ListItem\",\"position\":1,\"name\":\"Startseite\",\"item\":\"https:\\\/\\\/radioleinewelle.de\\\/\"},{\"@type\":\"ListItem\",\"position\":2,\"name\":\"Weil und Schr\u00f6der-K\u00f6pf starten Wettbewerb zum Nieders\u00e4chsischen Integrationspreis 2021: Integration in Zeiten von Corona\"}]},{\"@type\":\"WebSite\",\"@id\":\"https:\\\/\\\/radioleinewelle.de\\\/#website\",\"url\":\"https:\\\/\\\/radioleinewelle.de\\\/\",\"name\":\"Radio Leinewelle\",\"description\":\"\",\"publisher\":{\"@id\":\"https:\\\/\\\/radioleinewelle.de\\\/#organization\"},\"potentialAction\":[{\"@type\":\"SearchAction\",\"target\":{\"@type\":\"EntryPoint\",\"urlTemplate\":\"https:\\\/\\\/radioleinewelle.de\\\/?s={search_term_string}\"},\"query-input\":{\"@type\":\"PropertyValueSpecification\",\"valueRequired\":true,\"valueName\":\"search_term_string\"}}],\"inLanguage\":\"de\"},{\"@type\":\"Organization\",\"@id\":\"https:\\\/\\\/radioleinewelle.de\\\/#organization\",\"name\":\"Radio Leinewelle\",\"alternateName\":\"Mein Radio f\u00fcr S\u00fcdniedersachsen\",\"url\":\"https:\\\/\\\/radioleinewelle.de\\\/\",\"logo\":{\"@type\":\"ImageObject\",\"inLanguage\":\"de\",\"@id\":\"https:\\\/\\\/radioleinewelle.de\\\/#\\\/schema\\\/logo\\\/image\\\/\",\"url\":\"https:\\\/\\\/radioleinewelle.de\\\/wp-content\\\/uploads\\\/2023\\\/11\\\/cropped-Leinewelle_Logo_weiss.png\",\"contentUrl\":\"https:\\\/\\\/radioleinewelle.de\\\/wp-content\\\/uploads\\\/2023\\\/11\\\/cropped-Leinewelle_Logo_weiss.png\",\"width\":854,\"height\":260,\"caption\":\"Radio Leinewelle\"},\"image\":{\"@id\":\"https:\\\/\\\/radioleinewelle.de\\\/#\\\/schema\\\/logo\\\/image\\\/\"},\"sameAs\":[\"https:\\\/\\\/www.facebook.com\\\/radioleinewelle\",\"https:\\\/\\\/x.com\\\/RLeinewelle\",\"https:\\\/\\\/www.instagram.com\\\/radioleinewelle\\\/?hl=de\"]},{\"@type\":\"Person\",\"@id\":\"https:\\\/\\\/radioleinewelle.de\\\/#\\\/schema\\\/person\\\/45606f348637df637192dc1b68399a63\",\"name\":\"Leinewelle\",\"image\":{\"@type\":\"ImageObject\",\"inLanguage\":\"de\",\"@id\":\"https:\\\/\\\/secure.gravatar.com\\\/avatar\\\/05c9a17bc973052ee5d91549bd32fb4dd0dc85b7b85ae94b2e2b4943476bbea5?s=96&d=blank&r=g\",\"url\":\"https:\\\/\\\/secure.gravatar.com\\\/avatar\\\/05c9a17bc973052ee5d91549bd32fb4dd0dc85b7b85ae94b2e2b4943476bbea5?s=96&d=blank&r=g\",\"contentUrl\":\"https:\\\/\\\/secure.gravatar.com\\\/avatar\\\/05c9a17bc973052ee5d91549bd32fb4dd0dc85b7b85ae94b2e2b4943476bbea5?s=96&d=blank&r=g\",\"caption\":\"Leinewelle\"},\"sameAs\":[\"http:\\\/\\\/localhost\\\/radio%20leinewelle\\\/wordpress\",\"https:\\\/\\\/www.facebook.com\\\/radioleinewelle\",\"https:\\\/\\\/www.instagram.com\\\/radioleinewelle\",\"https:\\\/\\\/x.com\\\/https:\\\/\\\/twitter.com\\\/RLeinewelle?ref_src=twsrcgoogletwcampserptwgrauthor\",\"https:\\\/\\\/soundcloud.com\\\/foerderverein-lokalradio?utm_source=clipboard&utm_medium=text&utm_campaign=social_sharing\"],\"url\":\"https:\\\/\\\/radioleinewelle.de\\\/index.php\\\/author\\\/leinewelle\\\/\"}]}<\/script>\n<!-- \/ Yoast SEO plugin. -->","yoast_head_json":{"title":"Weil und Schr\u00f6der-K\u00f6pf starten Wettbewerb zum Nieders\u00e4chsischen Integrationspreis 2021: Integration in Zeiten von Corona - Radio Leinewelle","robots":{"index":"index","follow":"follow","max-snippet":"max-snippet:-1","max-image-preview":"max-image-preview:large","max-video-preview":"max-video-preview:-1"},"canonical":"https:\/\/radioleinewelle.de\/index.php\/2021\/01\/13\/weil-und-schroeder-koepf-starten-wettbewerb-zum-niedersaechsischen-integrationspreis-2021-integration-in-zeiten-von-corona\/","og_locale":"de_DE","og_type":"article","og_title":"Weil und Schr\u00f6der-K\u00f6pf starten Wettbewerb zum Nieders\u00e4chsischen Integrationspreis 2021: Integration in Zeiten von Corona - Radio Leinewelle","og_description":"Die Nieders\u00e4chsische Landesbeauftragte f\u00fcr Migration und Teilhabe, Doris Schr\u00f6der-K\u00f6pf, startet am (heutigen) Dienstag gemeinsam mit Ministerpr\u00e4sident Stephan Weil den Wettbewerb um den Nieders\u00e4chsischen Integrationspreis 2021. Der Preis ist mit insgesamt 24.000 Euro dotiert. Es werden vier Preise zu jeweils 6.000 Euro vergeben.Zus\u00e4tzlich vergeben das B\u00fcndnis \u201eNiedersachsen packt an\u201c sowie das B\u00fcndnis \u201eNiedersachsen h\u00e4lt zusammen\u201c jeweils [&hellip;]","og_url":"https:\/\/radioleinewelle.de\/index.php\/2021\/01\/13\/weil-und-schroeder-koepf-starten-wettbewerb-zum-niedersaechsischen-integrationspreis-2021-integration-in-zeiten-von-corona\/","og_site_name":"Radio Leinewelle","article_publisher":"https:\/\/www.facebook.com\/radioleinewelle","article_author":"https:\/\/www.facebook.com\/radioleinewelle","article_published_time":"2021-01-13T04:10:00+00:00","author":"Leinewelle","twitter_card":"summary_large_image","twitter_creator":"@https:\/\/twitter.com\/RLeinewelle?ref_src=twsrcgoogletwcampserptwgrauthor","twitter_site":"@RLeinewelle","twitter_misc":{"Verfasst von":"Leinewelle","Gesch\u00e4tzte Lesezeit":"1\u00a0Minute"},"schema":{"@context":"https:\/\/schema.org","@graph":[{"@type":"Article","@id":"https:\/\/radioleinewelle.de\/index.php\/2021\/01\/13\/weil-und-schroeder-koepf-starten-wettbewerb-zum-niedersaechsischen-integrationspreis-2021-integration-in-zeiten-von-corona\/#article","isPartOf":{"@id":"https:\/\/radioleinewelle.de\/index.php\/2021\/01\/13\/weil-und-schroeder-koepf-starten-wettbewerb-zum-niedersaechsischen-integrationspreis-2021-integration-in-zeiten-von-corona\/"},"author":{"name":"Leinewelle","@id":"https:\/\/radioleinewelle.de\/#\/schema\/person\/45606f348637df637192dc1b68399a63"},"headline":"Weil und Schr\u00f6der-K\u00f6pf starten Wettbewerb zum Nieders\u00e4chsischen Integrationspreis 2021: Integration in Zeiten von Corona","datePublished":"2021-01-13T04:10:00+00:00","mainEntityOfPage":{"@id":"https:\/\/radioleinewelle.de\/index.php\/2021\/01\/13\/weil-und-schroeder-koepf-starten-wettbewerb-zum-niedersaechsischen-integrationspreis-2021-integration-in-zeiten-von-corona\/"},"wordCount":312,"publisher":{"@id":"https:\/\/radioleinewelle.de\/#organization"},"articleSection":["Migration"],"inLanguage":"de"},{"@type":"WebPage","@id":"https:\/\/radioleinewelle.de\/index.php\/2021\/01\/13\/weil-und-schroeder-koepf-starten-wettbewerb-zum-niedersaechsischen-integrationspreis-2021-integration-in-zeiten-von-corona\/","url":"https:\/\/radioleinewelle.de\/index.php\/2021\/01\/13\/weil-und-schroeder-koepf-starten-wettbewerb-zum-niedersaechsischen-integrationspreis-2021-integration-in-zeiten-von-corona\/","name":"Weil und Schr\u00f6der-K\u00f6pf starten Wettbewerb zum Nieders\u00e4chsischen Integrationspreis 2021: Integration in Zeiten von Corona - Radio Leinewelle","isPartOf":{"@id":"https:\/\/radioleinewelle.de\/#website"},"datePublished":"2021-01-13T04:10:00+00:00","breadcrumb":{"@id":"https:\/\/radioleinewelle.de\/index.php\/2021\/01\/13\/weil-und-schroeder-koepf-starten-wettbewerb-zum-niedersaechsischen-integrationspreis-2021-integration-in-zeiten-von-corona\/#breadcrumb"},"inLanguage":"de","potentialAction":[{"@type":"ReadAction","target":["https:\/\/radioleinewelle.de\/index.php\/2021\/01\/13\/weil-und-schroeder-koepf-starten-wettbewerb-zum-niedersaechsischen-integrationspreis-2021-integration-in-zeiten-von-corona\/"]}]},{"@type":"BreadcrumbList","@id":"https:\/\/radioleinewelle.de\/index.php\/2021\/01\/13\/weil-und-schroeder-koepf-starten-wettbewerb-zum-niedersaechsischen-integrationspreis-2021-integration-in-zeiten-von-corona\/#breadcrumb","itemListElement":[{"@type":"ListItem","position":1,"name":"Startseite","item":"https:\/\/radioleinewelle.de\/"},{"@type":"ListItem","position":2,"name":"Weil und Schr\u00f6der-K\u00f6pf starten Wettbewerb zum Nieders\u00e4chsischen Integrationspreis 2021: Integration in Zeiten von Corona"}]},{"@type":"WebSite","@id":"https:\/\/radioleinewelle.de\/#website","url":"https:\/\/radioleinewelle.de\/","name":"Radio Leinewelle","description":"","publisher":{"@id":"https:\/\/radioleinewelle.de\/#organization"},"potentialAction":[{"@type":"SearchAction","target":{"@type":"EntryPoint","urlTemplate":"https:\/\/radioleinewelle.de\/?s={search_term_string}"},"query-input":{"@type":"PropertyValueSpecification","valueRequired":true,"valueName":"search_term_string"}}],"inLanguage":"de"},{"@type":"Organization","@id":"https:\/\/radioleinewelle.de\/#organization","name":"Radio Leinewelle","alternateName":"Mein Radio f\u00fcr S\u00fcdniedersachsen","url":"https:\/\/radioleinewelle.de\/","logo":{"@type":"ImageObject","inLanguage":"de","@id":"https:\/\/radioleinewelle.de\/#\/schema\/logo\/image\/","url":"https:\/\/radioleinewelle.de\/wp-content\/uploads\/2023\/11\/cropped-Leinewelle_Logo_weiss.png","contentUrl":"https:\/\/radioleinewelle.de\/wp-content\/uploads\/2023\/11\/cropped-Leinewelle_Logo_weiss.png","width":854,"height":260,"caption":"Radio Leinewelle"},"image":{"@id":"https:\/\/radioleinewelle.de\/#\/schema\/logo\/image\/"},"sameAs":["https:\/\/www.facebook.com\/radioleinewelle","https:\/\/x.com\/RLeinewelle","https:\/\/www.instagram.com\/radioleinewelle\/?hl=de"]},{"@type":"Person","@id":"https:\/\/radioleinewelle.de\/#\/schema\/person\/45606f348637df637192dc1b68399a63","name":"Leinewelle","image":{"@type":"ImageObject","inLanguage":"de","@id":"https:\/\/secure.gravatar.com\/avatar\/05c9a17bc973052ee5d91549bd32fb4dd0dc85b7b85ae94b2e2b4943476bbea5?s=96&d=blank&r=g","url":"https:\/\/secure.gravatar.com\/avatar\/05c9a17bc973052ee5d91549bd32fb4dd0dc85b7b85ae94b2e2b4943476bbea5?s=96&d=blank&r=g","contentUrl":"https:\/\/secure.gravatar.com\/avatar\/05c9a17bc973052ee5d91549bd32fb4dd0dc85b7b85ae94b2e2b4943476bbea5?s=96&d=blank&r=g","caption":"Leinewelle"},"sameAs":["http:\/\/localhost\/radio%20leinewelle\/wordpress","https:\/\/www.facebook.com\/radioleinewelle","https:\/\/www.instagram.com\/radioleinewelle","https:\/\/x.com\/https:\/\/twitter.com\/RLeinewelle?ref_src=twsrcgoogletwcampserptwgrauthor","https:\/\/soundcloud.com\/foerderverein-lokalradio?utm_source=clipboard&utm_medium=text&utm_campaign=social_sharing"],"url":"https:\/\/radioleinewelle.de\/index.php\/author\/leinewelle\/"}]}},"_links":{"self":[{"href":"https:\/\/radioleinewelle.de\/index.php\/wp-json\/wp\/v2\/posts\/4098","targetHints":{"allow":["GET"]}}],"collection":[{"href":"https:\/\/radioleinewelle.de\/index.php\/wp-json\/wp\/v2\/posts"}],"about":[{"href":"https:\/\/radioleinewelle.de\/index.php\/wp-json\/wp\/v2\/types\/post"}],"author":[{"embeddable":true,"href":"https:\/\/radioleinewelle.de\/index.php\/wp-json\/wp\/v2\/users\/1"}],"replies":[{"embeddable":true,"href":"https:\/\/radioleinewelle.de\/index.php\/wp-json\/wp\/v2\/comments?post=4098"}],"version-history":[{"count":0,"href":"https:\/\/radioleinewelle.de\/index.php\/wp-json\/wp\/v2\/posts\/4098\/revisions"}],"wp:attachment":[{"href":"https:\/\/radioleinewelle.de\/index.php\/wp-json\/wp\/v2\/media?parent=4098"}],"wp:term":[{"taxonomy":"category","embeddable":true,"href":"https:\/\/radioleinewelle.de\/index.php\/wp-json\/wp\/v2\/categories?post=4098"},{"taxonomy":"post_tag","embeddable":true,"href":"https:\/\/radioleinewelle.de\/index.php\/wp-json\/wp\/v2\/tags?post=4098"}],"curies":[{"name":"wp","href":"https:\/\/api.w.org\/{rel}","templated":true}]}}