{"id":4110,"date":"2021-01-13T05:25:00","date_gmt":"2021-01-13T04:25:00","guid":{"rendered":"https:\/\/radioleinewelle.de\/?p=4110"},"modified":"2021-01-13T05:25:00","modified_gmt":"2021-01-13T04:25:00","slug":"corona-sonderregeln-fuer-evakuierung","status":"publish","type":"post","link":"https:\/\/radioleinewelle.de\/index.php\/2021\/01\/13\/corona-sonderregeln-fuer-evakuierung\/","title":{"rendered":"Corona-Sonderregeln f\u00fcr Evakuierung"},"content":{"rendered":"\n<p>Die Stadt G\u00f6ttingen teilt mit: F\u00fcr die Kampfmittelsondierung und die Evakuierung zur Bombenentsch\u00e4rfung in der Godehardstra\u00dfe am 30. und 31. Januar 2021 kommt zur Gefahrenabwehr eine Ausnahmeregelung der Corona-Bestimmungen zum Zuge. Das hat das Sozialministerium in Hannover Oberb\u00fcrgermeister Rolf-Georg K\u00f6hler mitgeteilt.<\/p>\n\n\n\n<p>Oberb\u00fcrgermeister K\u00f6hler hatte sich zuvor an das Land gewendet, um zu kl\u00e4ren, ob es M\u00f6glichkeiten zur Lockerung gibt. Die Nieders\u00e4chsische Coronaverordnung erlaubt im Rahmen der Gefahrenabwehr, dass Ausnahmen von den Kontaktbeschr\u00e4nkungen zul\u00e4ssig sind. In der Verordnung hei\u00dft es (nach \u00a7 2 Absatz 3 Nr.3 sowie den Abs\u00e4tzen 1 und 2), dass die Kontaktbeschr\u00e4nkungen und das Abstandsgebot im Zusammenhang mit der Aus\u00fcbung einer beruflichen T\u00e4tigkeit oder einer T\u00e4tigkeit zur Gefahrenabwehr nicht gelten. Direkt gilt die Regelung f\u00fcr die t\u00e4tigen Personen. Sie kann aber auch auf die Personen angewendet werden, die zur Gefahrenabwehr ihre Wohnung verlassen und in der Zeit in einer Sammelunterkunft oder bei anderen Personen untergebracht werden m\u00fcssen. Das stellte das Sozialministerium jetzt gegen\u00fcber der Stadt klar. Dasselbe gilt f\u00fcr Personen, die eine Unterkunft f\u00fcr diese Zeit zur Verf\u00fcgung stellen.<\/p>\n\n\n\n<h4 class=\"wp-block-heading\">Es gelten Sonderregelungen zur aktuellen Corona-Verordnung<\/h4>\n\n\n\n<p>Das bedeutet konkret: F\u00fcr Personen, die aufgrund der Evakuierung an den genannten Tagen ihre Wohnung verlassen m\u00fcssen, gelten Sonderregelungen zur aktuellen Corona-Verordnung. So d\u00fcrfen sich zu diesem Zweck zwei Haushalte, unabh\u00e4ngig von der Personenzahl, in einer Wohnung aufhalten. Alternativ d\u00fcrfen enge Familienangeh\u00f6rige aufgenommen werden, selbst wenn sie aus mehr als zwei Haushalten stammen. Enge Familienangeh\u00f6rige sind Verwandte und Verschw\u00e4gerte gerader Linie, der Ehegatte, der Lebenspartner, der Verlobte, Geschwister, Ehegatten oder Lebenspartner der Geschwister, Geschwister der Ehegatten oder Lebenspartner, und zwar auch dann, wenn die Ehe oder die Lebenspartnerschaft, welche die Beziehung begr\u00fcndet hat, nicht mehr besteht oder wenn die Verwandtschaft oder Schw\u00e4gerschaft erloschen ist. Au\u00dferdem geh\u00f6ren Pflegeeltern und Pflegekinder zu den engen Angeh\u00f6rigen. Selbstverst\u00e4ndlich m\u00fcssen die betroffenen Personen das Abstandsgebot einhalten und eine Mund-Nasen-Bedeckung tragen.<\/p>\n\n\n\n<h4 class=\"wp-block-heading\">\u201ePragmatische L\u00f6sung\u201c<\/h4>\n\n\n\n<p>Oberb\u00fcrgermeister Rolf-Georg K\u00f6hler sagt: \u201eDas ist eine pragmatische L\u00f6sung aus Hannover, die die schwierige Situation erleichtert.\u201c Der Erste Stadtrat Christian Schmetz, Dezernent f\u00fcr Ordnung und Feuerwehr, appelliert weiterhin an die Anwohner*innen: \u201eVor dem Hintergrund, dass die versch\u00e4rften Corona-Regelungen f\u00fcr die von der Evakuierung betroffenen B\u00fcrger*innen nicht gelten, bitten wir erneut darum, sich selber zu k\u00fcmmern und sich privat unterzubringen oder eines der Hotelangebote zu nutzen. Die, die diese M\u00f6glichkeit nicht haben, bitten wir erneut, sich bis sp\u00e4testens diesen Freitag bei uns zu melden, damit wir die Unterkunft in einem Evakuierungszentrum organisieren k\u00f6nnen.\u201c<\/p>\n\n\n\n<h4 class=\"wp-block-heading\">Bei Bedarf bis Freitag, 15. Januar, beim B\u00fcrgertelefon melden<\/h4>\n\n\n\n<p>Anwohner*innen, die innerhalb des&nbsp;<a href=\"https:\/\/www.goettingen.de\/pics\/medien\/1_1610028379\/Godehardstrasse_-_1000m___ausgeschaerft__+Radius_1250m.pdf\">Evakuierungsradius<\/a><a href=\"https:\/\/www.goettingen.de\/pics\/medien\/1_1610028379\/Godehardstrasse_-_1000m___ausgeschaerft__+Radius_1250m.pdf\">&nbsp;wohnen und die Unterst\u00fctzung der Stadt bei der Unterbringung w\u00e4hrend der&nbsp;<\/a><a href=\"https:\/\/www.goettingen.de\/aktuelles\/alle-infos-zur-sondierung-2020-10-12.html\">Bombenentsch\u00e4rfung am 30. und 31. Januar 2021<\/a><a href=\"https:\/\/www.goettingen.de\/aktuelles\/alle-infos-zur-sondierung-2020-10-12.html\">&nbsp;ben\u00f6tigen, melden sich bitte bis Freitag, 15. Januar, beim&nbsp;<strong>B\u00fcrgertelefon unter 0551 4004048<\/strong>, 9.00 bis 16.00 Uhr. Das&nbsp;<\/a><a href=\"https:\/\/www.goettingen.de\/aktuelles\/bombenverdacht-hilfe-der-bevoelkerung-notwendig-2021-01-08.html\">B\u00fcrgertelefon&nbsp;<\/a>hat seine Arbeit aufgenommen, am ersten Tag wurden bereits rund 150 Anrufer*innen verzeichnet. Alle Informationen zur Bombenentsch\u00e4rfung gibt es unter goe.de\/bombenverdacht.<\/p>\n\n\n\n<p>Die Sondierungen an der Fundstelle gehen aktuell weiter. In der Godehardstra\u00dfe hatte der Kampfmittelbeseitigungsdienst Niedersachsen im Vorfeld von Bauarbeiten vier verd\u00e4chtige Objekte im Boden geortet. Es sind wahrscheinlich Bombenblindg\u00e4nger aus dem Zweiten Weltkrieg.<\/p>\n\n\n\n<p>Bild von&nbsp;<a href=\"https:\/\/pixabay.com\/de\/users\/paulbr75-2938186\/?utm_source=link-attribution&amp;utm_medium=referral&amp;utm_campaign=image&amp;utm_content=1738375\">Paul Brennan<\/a>&nbsp;auf&nbsp;<a href=\"https:\/\/pixabay.com\/de\/?utm_source=link-attribution&amp;utm_medium=referral&amp;utm_campaign=image&amp;utm_content=1738375\">Pixabay<\/a><\/p>\n","protected":false},"excerpt":{"rendered":"<p>Die Stadt G\u00f6ttingen teilt mit: F\u00fcr die Kampfmittelsondierung und die Evakuierung zur Bombenentsch\u00e4rfung in der Godehardstra\u00dfe am 30. und 31. Januar 2021 kommt zur Gefahrenabwehr eine Ausnahmeregelung der Corona-Bestimmungen zum Zuge. Das hat das Sozialministerium in Hannover Oberb\u00fcrgermeister Rolf-Georg K\u00f6hler mitgeteilt. Oberb\u00fcrgermeister K\u00f6hler hatte sich zuvor an das Land gewendet, um zu kl\u00e4ren, ob es [&hellip;]<\/p>\n","protected":false},"author":1,"featured_media":4001,"comment_status":"closed","ping_status":"closed","sticky":false,"template":"","format":"standard","meta":{"saved_in_kubio":false,"footnotes":""},"categories":[24],"tags":[],"class_list":["post-4110","post","type-post","status-publish","format-standard","has-post-thumbnail","hentry","category-news"],"yoast_head":"<!-- This site is optimized with the Yoast SEO plugin v27.5 - https:\/\/yoast.com\/product\/yoast-seo-wordpress\/ -->\n<title>Corona-Sonderregeln f\u00fcr Evakuierung - Radio Leinewelle<\/title>\n<meta name=\"robots\" content=\"index, follow, max-snippet:-1, max-image-preview:large, max-video-preview:-1\" \/>\n<link rel=\"canonical\" href=\"https:\/\/radioleinewelle.de\/index.php\/2021\/01\/13\/corona-sonderregeln-fuer-evakuierung\/\" \/>\n<meta property=\"og:locale\" content=\"de_DE\" \/>\n<meta property=\"og:type\" content=\"article\" \/>\n<meta property=\"og:title\" content=\"Corona-Sonderregeln f\u00fcr Evakuierung - Radio Leinewelle\" \/>\n<meta property=\"og:description\" content=\"Die Stadt G\u00f6ttingen teilt mit: F\u00fcr die Kampfmittelsondierung und die Evakuierung zur Bombenentsch\u00e4rfung in der Godehardstra\u00dfe am 30. und 31. Januar 2021 kommt zur Gefahrenabwehr eine Ausnahmeregelung der Corona-Bestimmungen zum Zuge. Das hat das Sozialministerium in Hannover Oberb\u00fcrgermeister Rolf-Georg K\u00f6hler mitgeteilt. Oberb\u00fcrgermeister K\u00f6hler hatte sich zuvor an das Land gewendet, um zu kl\u00e4ren, ob es [&hellip;]\" \/>\n<meta property=\"og:url\" content=\"https:\/\/radioleinewelle.de\/index.php\/2021\/01\/13\/corona-sonderregeln-fuer-evakuierung\/\" \/>\n<meta property=\"og:site_name\" content=\"Radio Leinewelle\" \/>\n<meta property=\"article:publisher\" content=\"https:\/\/www.facebook.com\/radioleinewelle\" \/>\n<meta property=\"article:author\" content=\"https:\/\/www.facebook.com\/radioleinewelle\" \/>\n<meta property=\"article:published_time\" content=\"2021-01-13T04:25:00+00:00\" \/>\n<meta property=\"og:image\" content=\"https:\/\/radioleinewelle.de\/wp-content\/uploads\/2021\/01\/evacuation-sign-1738375_640.jpg\" \/>\n\t<meta property=\"og:image:width\" content=\"640\" \/>\n\t<meta property=\"og:image:height\" content=\"428\" \/>\n\t<meta property=\"og:image:type\" content=\"image\/jpeg\" \/>\n<meta name=\"author\" content=\"Leinewelle\" \/>\n<meta name=\"twitter:card\" content=\"summary_large_image\" \/>\n<meta name=\"twitter:creator\" content=\"@https:\/\/twitter.com\/RLeinewelle?ref_src=twsrcgoogletwcampserptwgrauthor\" \/>\n<meta name=\"twitter:site\" content=\"@RLeinewelle\" \/>\n<meta name=\"twitter:label1\" content=\"Verfasst von\" \/>\n\t<meta name=\"twitter:data1\" content=\"Leinewelle\" \/>\n\t<meta name=\"twitter:label2\" content=\"Gesch\u00e4tzte Lesezeit\" \/>\n\t<meta name=\"twitter:data2\" content=\"3\u00a0Minuten\" \/>\n<script type=\"application\/ld+json\" class=\"yoast-schema-graph\">{\"@context\":\"https:\\\/\\\/schema.org\",\"@graph\":[{\"@type\":\"Article\",\"@id\":\"https:\\\/\\\/radioleinewelle.de\\\/index.php\\\/2021\\\/01\\\/13\\\/corona-sonderregeln-fuer-evakuierung\\\/#article\",\"isPartOf\":{\"@id\":\"https:\\\/\\\/radioleinewelle.de\\\/index.php\\\/2021\\\/01\\\/13\\\/corona-sonderregeln-fuer-evakuierung\\\/\"},\"author\":{\"name\":\"Leinewelle\",\"@id\":\"https:\\\/\\\/radioleinewelle.de\\\/#\\\/schema\\\/person\\\/45606f348637df637192dc1b68399a63\"},\"headline\":\"Corona-Sonderregeln f\u00fcr Evakuierung\",\"datePublished\":\"2021-01-13T04:25:00+00:00\",\"mainEntityOfPage\":{\"@id\":\"https:\\\/\\\/radioleinewelle.de\\\/index.php\\\/2021\\\/01\\\/13\\\/corona-sonderregeln-fuer-evakuierung\\\/\"},\"wordCount\":573,\"publisher\":{\"@id\":\"https:\\\/\\\/radioleinewelle.de\\\/#organization\"},\"image\":{\"@id\":\"https:\\\/\\\/radioleinewelle.de\\\/index.php\\\/2021\\\/01\\\/13\\\/corona-sonderregeln-fuer-evakuierung\\\/#primaryimage\"},\"thumbnailUrl\":\"https:\\\/\\\/radioleinewelle.de\\\/wp-content\\\/uploads\\\/2021\\\/01\\\/evacuation-sign-1738375_640.jpg\",\"articleSection\":[\"Aktuelle Nachrichten\"],\"inLanguage\":\"de\"},{\"@type\":\"WebPage\",\"@id\":\"https:\\\/\\\/radioleinewelle.de\\\/index.php\\\/2021\\\/01\\\/13\\\/corona-sonderregeln-fuer-evakuierung\\\/\",\"url\":\"https:\\\/\\\/radioleinewelle.de\\\/index.php\\\/2021\\\/01\\\/13\\\/corona-sonderregeln-fuer-evakuierung\\\/\",\"name\":\"Corona-Sonderregeln f\u00fcr Evakuierung - Radio Leinewelle\",\"isPartOf\":{\"@id\":\"https:\\\/\\\/radioleinewelle.de\\\/#website\"},\"primaryImageOfPage\":{\"@id\":\"https:\\\/\\\/radioleinewelle.de\\\/index.php\\\/2021\\\/01\\\/13\\\/corona-sonderregeln-fuer-evakuierung\\\/#primaryimage\"},\"image\":{\"@id\":\"https:\\\/\\\/radioleinewelle.de\\\/index.php\\\/2021\\\/01\\\/13\\\/corona-sonderregeln-fuer-evakuierung\\\/#primaryimage\"},\"thumbnailUrl\":\"https:\\\/\\\/radioleinewelle.de\\\/wp-content\\\/uploads\\\/2021\\\/01\\\/evacuation-sign-1738375_640.jpg\",\"datePublished\":\"2021-01-13T04:25:00+00:00\",\"breadcrumb\":{\"@id\":\"https:\\\/\\\/radioleinewelle.de\\\/index.php\\\/2021\\\/01\\\/13\\\/corona-sonderregeln-fuer-evakuierung\\\/#breadcrumb\"},\"inLanguage\":\"de\",\"potentialAction\":[{\"@type\":\"ReadAction\",\"target\":[\"https:\\\/\\\/radioleinewelle.de\\\/index.php\\\/2021\\\/01\\\/13\\\/corona-sonderregeln-fuer-evakuierung\\\/\"]}]},{\"@type\":\"ImageObject\",\"inLanguage\":\"de\",\"@id\":\"https:\\\/\\\/radioleinewelle.de\\\/index.php\\\/2021\\\/01\\\/13\\\/corona-sonderregeln-fuer-evakuierung\\\/#primaryimage\",\"url\":\"https:\\\/\\\/radioleinewelle.de\\\/wp-content\\\/uploads\\\/2021\\\/01\\\/evacuation-sign-1738375_640.jpg\",\"contentUrl\":\"https:\\\/\\\/radioleinewelle.de\\\/wp-content\\\/uploads\\\/2021\\\/01\\\/evacuation-sign-1738375_640.jpg\",\"width\":640,\"height\":428},{\"@type\":\"BreadcrumbList\",\"@id\":\"https:\\\/\\\/radioleinewelle.de\\\/index.php\\\/2021\\\/01\\\/13\\\/corona-sonderregeln-fuer-evakuierung\\\/#breadcrumb\",\"itemListElement\":[{\"@type\":\"ListItem\",\"position\":1,\"name\":\"Startseite\",\"item\":\"https:\\\/\\\/radioleinewelle.de\\\/\"},{\"@type\":\"ListItem\",\"position\":2,\"name\":\"Corona-Sonderregeln f\u00fcr Evakuierung\"}]},{\"@type\":\"WebSite\",\"@id\":\"https:\\\/\\\/radioleinewelle.de\\\/#website\",\"url\":\"https:\\\/\\\/radioleinewelle.de\\\/\",\"name\":\"Radio Leinewelle\",\"description\":\"\",\"publisher\":{\"@id\":\"https:\\\/\\\/radioleinewelle.de\\\/#organization\"},\"potentialAction\":[{\"@type\":\"SearchAction\",\"target\":{\"@type\":\"EntryPoint\",\"urlTemplate\":\"https:\\\/\\\/radioleinewelle.de\\\/?s={search_term_string}\"},\"query-input\":{\"@type\":\"PropertyValueSpecification\",\"valueRequired\":true,\"valueName\":\"search_term_string\"}}],\"inLanguage\":\"de\"},{\"@type\":\"Organization\",\"@id\":\"https:\\\/\\\/radioleinewelle.de\\\/#organization\",\"name\":\"Radio Leinewelle\",\"alternateName\":\"Mein Radio f\u00fcr S\u00fcdniedersachsen\",\"url\":\"https:\\\/\\\/radioleinewelle.de\\\/\",\"logo\":{\"@type\":\"ImageObject\",\"inLanguage\":\"de\",\"@id\":\"https:\\\/\\\/radioleinewelle.de\\\/#\\\/schema\\\/logo\\\/image\\\/\",\"url\":\"https:\\\/\\\/radioleinewelle.de\\\/wp-content\\\/uploads\\\/2023\\\/11\\\/cropped-Leinewelle_Logo_weiss.png\",\"contentUrl\":\"https:\\\/\\\/radioleinewelle.de\\\/wp-content\\\/uploads\\\/2023\\\/11\\\/cropped-Leinewelle_Logo_weiss.png\",\"width\":854,\"height\":260,\"caption\":\"Radio Leinewelle\"},\"image\":{\"@id\":\"https:\\\/\\\/radioleinewelle.de\\\/#\\\/schema\\\/logo\\\/image\\\/\"},\"sameAs\":[\"https:\\\/\\\/www.facebook.com\\\/radioleinewelle\",\"https:\\\/\\\/x.com\\\/RLeinewelle\",\"https:\\\/\\\/www.instagram.com\\\/radioleinewelle\\\/?hl=de\"]},{\"@type\":\"Person\",\"@id\":\"https:\\\/\\\/radioleinewelle.de\\\/#\\\/schema\\\/person\\\/45606f348637df637192dc1b68399a63\",\"name\":\"Leinewelle\",\"image\":{\"@type\":\"ImageObject\",\"inLanguage\":\"de\",\"@id\":\"https:\\\/\\\/secure.gravatar.com\\\/avatar\\\/05c9a17bc973052ee5d91549bd32fb4dd0dc85b7b85ae94b2e2b4943476bbea5?s=96&d=blank&r=g\",\"url\":\"https:\\\/\\\/secure.gravatar.com\\\/avatar\\\/05c9a17bc973052ee5d91549bd32fb4dd0dc85b7b85ae94b2e2b4943476bbea5?s=96&d=blank&r=g\",\"contentUrl\":\"https:\\\/\\\/secure.gravatar.com\\\/avatar\\\/05c9a17bc973052ee5d91549bd32fb4dd0dc85b7b85ae94b2e2b4943476bbea5?s=96&d=blank&r=g\",\"caption\":\"Leinewelle\"},\"sameAs\":[\"http:\\\/\\\/localhost\\\/radio%20leinewelle\\\/wordpress\",\"https:\\\/\\\/www.facebook.com\\\/radioleinewelle\",\"https:\\\/\\\/www.instagram.com\\\/radioleinewelle\",\"https:\\\/\\\/x.com\\\/https:\\\/\\\/twitter.com\\\/RLeinewelle?ref_src=twsrcgoogletwcampserptwgrauthor\",\"https:\\\/\\\/soundcloud.com\\\/foerderverein-lokalradio?utm_source=clipboard&utm_medium=text&utm_campaign=social_sharing\"],\"url\":\"https:\\\/\\\/radioleinewelle.de\\\/index.php\\\/author\\\/leinewelle\\\/\"}]}<\/script>\n<!-- \/ Yoast SEO plugin. -->","yoast_head_json":{"title":"Corona-Sonderregeln f\u00fcr Evakuierung - Radio Leinewelle","robots":{"index":"index","follow":"follow","max-snippet":"max-snippet:-1","max-image-preview":"max-image-preview:large","max-video-preview":"max-video-preview:-1"},"canonical":"https:\/\/radioleinewelle.de\/index.php\/2021\/01\/13\/corona-sonderregeln-fuer-evakuierung\/","og_locale":"de_DE","og_type":"article","og_title":"Corona-Sonderregeln f\u00fcr Evakuierung - Radio Leinewelle","og_description":"Die Stadt G\u00f6ttingen teilt mit: F\u00fcr die Kampfmittelsondierung und die Evakuierung zur Bombenentsch\u00e4rfung in der Godehardstra\u00dfe am 30. und 31. Januar 2021 kommt zur Gefahrenabwehr eine Ausnahmeregelung der Corona-Bestimmungen zum Zuge. Das hat das Sozialministerium in Hannover Oberb\u00fcrgermeister Rolf-Georg K\u00f6hler mitgeteilt. Oberb\u00fcrgermeister K\u00f6hler hatte sich zuvor an das Land gewendet, um zu kl\u00e4ren, ob es [&hellip;]","og_url":"https:\/\/radioleinewelle.de\/index.php\/2021\/01\/13\/corona-sonderregeln-fuer-evakuierung\/","og_site_name":"Radio Leinewelle","article_publisher":"https:\/\/www.facebook.com\/radioleinewelle","article_author":"https:\/\/www.facebook.com\/radioleinewelle","article_published_time":"2021-01-13T04:25:00+00:00","og_image":[{"width":640,"height":428,"url":"https:\/\/radioleinewelle.de\/wp-content\/uploads\/2021\/01\/evacuation-sign-1738375_640.jpg","type":"image\/jpeg"}],"author":"Leinewelle","twitter_card":"summary_large_image","twitter_creator":"@https:\/\/twitter.com\/RLeinewelle?ref_src=twsrcgoogletwcampserptwgrauthor","twitter_site":"@RLeinewelle","twitter_misc":{"Verfasst von":"Leinewelle","Gesch\u00e4tzte Lesezeit":"3\u00a0Minuten"},"schema":{"@context":"https:\/\/schema.org","@graph":[{"@type":"Article","@id":"https:\/\/radioleinewelle.de\/index.php\/2021\/01\/13\/corona-sonderregeln-fuer-evakuierung\/#article","isPartOf":{"@id":"https:\/\/radioleinewelle.de\/index.php\/2021\/01\/13\/corona-sonderregeln-fuer-evakuierung\/"},"author":{"name":"Leinewelle","@id":"https:\/\/radioleinewelle.de\/#\/schema\/person\/45606f348637df637192dc1b68399a63"},"headline":"Corona-Sonderregeln f\u00fcr Evakuierung","datePublished":"2021-01-13T04:25:00+00:00","mainEntityOfPage":{"@id":"https:\/\/radioleinewelle.de\/index.php\/2021\/01\/13\/corona-sonderregeln-fuer-evakuierung\/"},"wordCount":573,"publisher":{"@id":"https:\/\/radioleinewelle.de\/#organization"},"image":{"@id":"https:\/\/radioleinewelle.de\/index.php\/2021\/01\/13\/corona-sonderregeln-fuer-evakuierung\/#primaryimage"},"thumbnailUrl":"https:\/\/radioleinewelle.de\/wp-content\/uploads\/2021\/01\/evacuation-sign-1738375_640.jpg","articleSection":["Aktuelle Nachrichten"],"inLanguage":"de"},{"@type":"WebPage","@id":"https:\/\/radioleinewelle.de\/index.php\/2021\/01\/13\/corona-sonderregeln-fuer-evakuierung\/","url":"https:\/\/radioleinewelle.de\/index.php\/2021\/01\/13\/corona-sonderregeln-fuer-evakuierung\/","name":"Corona-Sonderregeln f\u00fcr Evakuierung - Radio Leinewelle","isPartOf":{"@id":"https:\/\/radioleinewelle.de\/#website"},"primaryImageOfPage":{"@id":"https:\/\/radioleinewelle.de\/index.php\/2021\/01\/13\/corona-sonderregeln-fuer-evakuierung\/#primaryimage"},"image":{"@id":"https:\/\/radioleinewelle.de\/index.php\/2021\/01\/13\/corona-sonderregeln-fuer-evakuierung\/#primaryimage"},"thumbnailUrl":"https:\/\/radioleinewelle.de\/wp-content\/uploads\/2021\/01\/evacuation-sign-1738375_640.jpg","datePublished":"2021-01-13T04:25:00+00:00","breadcrumb":{"@id":"https:\/\/radioleinewelle.de\/index.php\/2021\/01\/13\/corona-sonderregeln-fuer-evakuierung\/#breadcrumb"},"inLanguage":"de","potentialAction":[{"@type":"ReadAction","target":["https:\/\/radioleinewelle.de\/index.php\/2021\/01\/13\/corona-sonderregeln-fuer-evakuierung\/"]}]},{"@type":"ImageObject","inLanguage":"de","@id":"https:\/\/radioleinewelle.de\/index.php\/2021\/01\/13\/corona-sonderregeln-fuer-evakuierung\/#primaryimage","url":"https:\/\/radioleinewelle.de\/wp-content\/uploads\/2021\/01\/evacuation-sign-1738375_640.jpg","contentUrl":"https:\/\/radioleinewelle.de\/wp-content\/uploads\/2021\/01\/evacuation-sign-1738375_640.jpg","width":640,"height":428},{"@type":"BreadcrumbList","@id":"https:\/\/radioleinewelle.de\/index.php\/2021\/01\/13\/corona-sonderregeln-fuer-evakuierung\/#breadcrumb","itemListElement":[{"@type":"ListItem","position":1,"name":"Startseite","item":"https:\/\/radioleinewelle.de\/"},{"@type":"ListItem","position":2,"name":"Corona-Sonderregeln f\u00fcr Evakuierung"}]},{"@type":"WebSite","@id":"https:\/\/radioleinewelle.de\/#website","url":"https:\/\/radioleinewelle.de\/","name":"Radio Leinewelle","description":"","publisher":{"@id":"https:\/\/radioleinewelle.de\/#organization"},"potentialAction":[{"@type":"SearchAction","target":{"@type":"EntryPoint","urlTemplate":"https:\/\/radioleinewelle.de\/?s={search_term_string}"},"query-input":{"@type":"PropertyValueSpecification","valueRequired":true,"valueName":"search_term_string"}}],"inLanguage":"de"},{"@type":"Organization","@id":"https:\/\/radioleinewelle.de\/#organization","name":"Radio Leinewelle","alternateName":"Mein Radio f\u00fcr S\u00fcdniedersachsen","url":"https:\/\/radioleinewelle.de\/","logo":{"@type":"ImageObject","inLanguage":"de","@id":"https:\/\/radioleinewelle.de\/#\/schema\/logo\/image\/","url":"https:\/\/radioleinewelle.de\/wp-content\/uploads\/2023\/11\/cropped-Leinewelle_Logo_weiss.png","contentUrl":"https:\/\/radioleinewelle.de\/wp-content\/uploads\/2023\/11\/cropped-Leinewelle_Logo_weiss.png","width":854,"height":260,"caption":"Radio Leinewelle"},"image":{"@id":"https:\/\/radioleinewelle.de\/#\/schema\/logo\/image\/"},"sameAs":["https:\/\/www.facebook.com\/radioleinewelle","https:\/\/x.com\/RLeinewelle","https:\/\/www.instagram.com\/radioleinewelle\/?hl=de"]},{"@type":"Person","@id":"https:\/\/radioleinewelle.de\/#\/schema\/person\/45606f348637df637192dc1b68399a63","name":"Leinewelle","image":{"@type":"ImageObject","inLanguage":"de","@id":"https:\/\/secure.gravatar.com\/avatar\/05c9a17bc973052ee5d91549bd32fb4dd0dc85b7b85ae94b2e2b4943476bbea5?s=96&d=blank&r=g","url":"https:\/\/secure.gravatar.com\/avatar\/05c9a17bc973052ee5d91549bd32fb4dd0dc85b7b85ae94b2e2b4943476bbea5?s=96&d=blank&r=g","contentUrl":"https:\/\/secure.gravatar.com\/avatar\/05c9a17bc973052ee5d91549bd32fb4dd0dc85b7b85ae94b2e2b4943476bbea5?s=96&d=blank&r=g","caption":"Leinewelle"},"sameAs":["http:\/\/localhost\/radio%20leinewelle\/wordpress","https:\/\/www.facebook.com\/radioleinewelle","https:\/\/www.instagram.com\/radioleinewelle","https:\/\/x.com\/https:\/\/twitter.com\/RLeinewelle?ref_src=twsrcgoogletwcampserptwgrauthor","https:\/\/soundcloud.com\/foerderverein-lokalradio?utm_source=clipboard&utm_medium=text&utm_campaign=social_sharing"],"url":"https:\/\/radioleinewelle.de\/index.php\/author\/leinewelle\/"}]}},"_links":{"self":[{"href":"https:\/\/radioleinewelle.de\/index.php\/wp-json\/wp\/v2\/posts\/4110","targetHints":{"allow":["GET"]}}],"collection":[{"href":"https:\/\/radioleinewelle.de\/index.php\/wp-json\/wp\/v2\/posts"}],"about":[{"href":"https:\/\/radioleinewelle.de\/index.php\/wp-json\/wp\/v2\/types\/post"}],"author":[{"embeddable":true,"href":"https:\/\/radioleinewelle.de\/index.php\/wp-json\/wp\/v2\/users\/1"}],"replies":[{"embeddable":true,"href":"https:\/\/radioleinewelle.de\/index.php\/wp-json\/wp\/v2\/comments?post=4110"}],"version-history":[{"count":0,"href":"https:\/\/radioleinewelle.de\/index.php\/wp-json\/wp\/v2\/posts\/4110\/revisions"}],"wp:featuredmedia":[{"embeddable":true,"href":"https:\/\/radioleinewelle.de\/index.php\/wp-json\/wp\/v2\/media\/4001"}],"wp:attachment":[{"href":"https:\/\/radioleinewelle.de\/index.php\/wp-json\/wp\/v2\/media?parent=4110"}],"wp:term":[{"taxonomy":"category","embeddable":true,"href":"https:\/\/radioleinewelle.de\/index.php\/wp-json\/wp\/v2\/categories?post=4110"},{"taxonomy":"post_tag","embeddable":true,"href":"https:\/\/radioleinewelle.de\/index.php\/wp-json\/wp\/v2\/tags?post=4110"}],"curies":[{"name":"wp","href":"https:\/\/api.w.org\/{rel}","templated":true}]}}