{"id":4119,"date":"2021-01-14T05:05:00","date_gmt":"2021-01-14T04:05:00","guid":{"rendered":"https:\/\/radioleinewelle.de\/?p=4119"},"modified":"2021-01-14T05:05:00","modified_gmt":"2021-01-14T04:05:00","slug":"reisen-fuer-alle-reisen-ohne-barrieren","status":"publish","type":"post","link":"https:\/\/radioleinewelle.de\/index.php\/2021\/01\/14\/reisen-fuer-alle-reisen-ohne-barrieren\/","title":{"rendered":"Reisen f\u00fcr alle &#8211; Reisen ohne Barrieren"},"content":{"rendered":"\n<p>Reisen muss f\u00fcr alle m\u00f6glich sein \u2013 dieses Ziel hat sich das Deutsche Seminar f\u00fcr Tourismus (DSFT) auf die Fahne geschrieben. <strong>Die Solling-Vogler-Region im Weserbergland (SVR)<\/strong> ist diesem Ziel jetzt einen gro\u00dfen Schritt n\u00e4hergekommen und hat die Touristinformationen in der Region auf ihre Barrierefreiheit pr\u00fcfen und zertifizieren lassen.<\/p>\n\n\n\n<p>Die Urkunden nahm Cornelius Turrey, Staatsbeauftragter der Gemeinde Wesertal und stellvertretender Vorsitzender der SVR, im Namen aller Touristinformationen von SVR-Gesch\u00e4ftsf\u00fchrerin Irina Hartig entgegen. F\u00fcr die n\u00e4chsten drei Jahre tragen die Einrichtungen das Siegel \u201eReisen f\u00fcr Alle\u201c. &nbsp;Gibt es einen Aufzug? Sind die R\u00e4umlichkeiten ohne Hindernisse gut zug\u00e4nglich? Darf ein Assistenzhund mitgebracht werden? Fragen wie diese bleiben f\u00fcr Menschen mit Beeintr\u00e4chtigungen bei der Suche nach passenden Angeboten im Urlaubsort immer wieder ungekl\u00e4rt. Die bundesweit g\u00fcltige Kennzeichnung schafft Klarheit und Transparenz und unterst\u00fctzt bei der Wahl von Ausflugszielen wie Sehensw\u00fcrdigkeiten und kulturellen Veranstaltungen.<\/p>\n\n\n\n<p>Zur Zielgruppe z\u00e4hlen Rollstuhlfahrer und gehbehinderte sowie schwerh\u00f6rige, geh\u00f6rlose, sehbehinderte, blinde und kognitiv beeintr\u00e4chtigte Personen. Auch wer mit einem Kinderwagen unterwegs ist, profitiert von der Kennzeichnung. \u201eWir sind stolz die Auszeichnung erhalten zu haben. Die Zufriedenheit all unserer G\u00e4ste liegt uns am Herzen\u201c, betonte Cornelius Turrey beim Erhalt der Urkunde. Die Zertifizierungskosten f\u00fcr die ersten drei Jahre werden durch die SVR \u00fcbernommen. &nbsp;<\/p>\n\n\n\n<p>Das Informations- und Kennzeichnungssystem \u201eReisen f\u00fcr Alle\u201c ist ein vom Bundesministerium f\u00fcr Wirtschaft und Energie gef\u00f6rdertes Projekt des Deutschen Seminar f\u00fcr Tourismus Berlin e.V. und soll G\u00e4sten erm\u00f6glichen, die Eignung eines Angebots f\u00fcr ihre individuellen Anspr\u00fcche eigenst\u00e4ndig zu beurteilen. Durchgef\u00fchrt wird die Kennzeichnung in Niedersachsen und Hessen in Zusammenarbeit mit der TourismusMarketing Niedersachsen GmbH und der HA Hessen Agentur GmbH. Speziell geschulte Erheber haben die Touristinformationen in der SVR besucht und nach einheitlichen Qualit\u00e4tskriterien bewertet. Einige Orte haben die erste Stufe (Information zur Barrierefreiheit) erreicht, der Gro\u00dfteil die zweite Stufe (Barrierefreiheit gepr\u00fcft). \u201eInformation zur Barrierefreiheit\u201c signalisiert, dass detaillierte und gepr\u00fcfte Informationen zur Barrierefreiheit f\u00fcr alle Personengruppen vorliegen. Sind zus\u00e4tzlich die Qualit\u00e4tskriterien f\u00fcr bestimmte Personengruppen teilweise oder vollst\u00e4ndig erf\u00fcllt, hat die Einrichtung das Kennzeichen \u201eBarrierefreiheit gepr\u00fcft\u201c erhalten. Das Logo wird um Piktogramme erg\u00e4nzt, die zeigen, f\u00fcr welche Personengruppen die Anforderungen erf\u00fcllt&nbsp;werden.<\/p>\n\n\n\n<p>\u201eWichtiger als die erreichte Stufe, ist die generelle Auszeichnung\u201c, betonte SVRGesch\u00e4ftsf\u00fchrerin Irina Hartig. Denn so haben G\u00e4ste bereits im Vorfeld ihrer Reise die M\u00f6glichkeit, sich umfassend zu informieren und k\u00f6nnen auf dieser Grundlage entscheiden, ob ein Besuch f\u00fcr sie in Frage kommt. &nbsp;Alle bundesweit zertifizierten Einrichtungen sind unter&nbsp;<a href=\"https:\/\/www.reisen-fuer-alle.de\/\" target=\"_blank\" rel=\"noreferrer noopener\">www.reisen-fuer-alle.de<\/a>&nbsp;zu finden sowie auf weiteren Online-Plattformen. Informationen zu den in der SVR gepr\u00fcften Einrichtungen gibt es unter<a href=\"https:\/\/www.solling-vogler-region.de\/de\/\" target=\"_blank\" rel=\"noreferrer noopener\">&nbsp;www.solling-vogler-region.de.<\/a>&nbsp;Weitere Informationen sind bei der Solling-VoglerRegion im Weserbergland unter Tel. 05536\/960970 erh\u00e4ltlich.<\/p>\n\n\n\n<p>In der SVR sind folgende Einrichtungen zertifiziert:<\/p>\n\n\n\n<p>\u2022 G\u00e4steinformation Polle<\/p>\n\n\n\n<p>\u2022 Touristinformation Bodenwerder<\/p>\n\n\n\n<p>\u2022 Touristinformation Ottenstein<\/p>\n\n\n\n<p>\u2022 Touristinformation Wesertal-Gieselwerder<\/p>\n\n\n\n<p>\u2022 Touristinformation Wesertal-Lippoldsberg<\/p>\n\n\n\n<p>\u2022 Touristinformation Uslar<\/p>\n\n\n\n<p>\u2022 Stadtf\u00fchrungen durch Uslar<\/p>\n\n\n\n<p>\u2022 Uslarer Badeland<\/p>\n\n\n\n<p>\u2022 Touristinformation im Rathaus Stadtoldendorf<\/p>\n\n\n\n<p>\u2022 Touristinformation im Reiseb\u00fcro van Balen, Stadtoldendorf<\/p>\n\n\n\n<p>\u2022 Touristinformation im Rathaus Eschershausen<\/p>\n\n\n\n<p>\u2022 Touristinformation Gr\u00fcnenplan<\/p>\n\n\n\n<p>\u2022 Gemeindeverwaltung Bodenfelde \u2022 Rathaus Stadt Dassel<\/p>\n\n\n\n<p>\u2022 Stadtmarketing Holzminden \/ Stadtinformation&nbsp;<\/p>\n\n\n\n<p>Bild von&nbsp;<a href=\"https:\/\/pixabay.com\/de\/users\/makeitsomarketing-344309\/?utm_source=link-attribution&amp;utm_medium=referral&amp;utm_campaign=image&amp;utm_content=397192\">makeitsomarketing<\/a>&nbsp;auf&nbsp;<a href=\"https:\/\/pixabay.com\/de\/?utm_source=link-attribution&amp;utm_medium=referral&amp;utm_campaign=image&amp;utm_content=397192\">Pixabay<\/a><\/p>\n","protected":false},"excerpt":{"rendered":"<p>Reisen muss f\u00fcr alle m\u00f6glich sein \u2013 dieses Ziel hat sich das Deutsche Seminar f\u00fcr Tourismus (DSFT) auf die Fahne geschrieben. Die Solling-Vogler-Region im Weserbergland (SVR) ist diesem Ziel jetzt einen gro\u00dfen Schritt n\u00e4hergekommen und hat die Touristinformationen in der Region auf ihre Barrierefreiheit pr\u00fcfen und zertifizieren lassen. Die Urkunden nahm Cornelius Turrey, Staatsbeauftragter der [&hellip;]<\/p>\n","protected":false},"author":1,"featured_media":4123,"comment_status":"closed","ping_status":"closed","sticky":false,"template":"","format":"standard","meta":{"saved_in_kubio":false,"footnotes":""},"categories":[42],"tags":[],"class_list":["post-4119","post","type-post","status-publish","format-standard","has-post-thumbnail","hentry","category-regionaler-tourismus"],"yoast_head":"<!-- This site is optimized with the Yoast SEO plugin v27.5 - https:\/\/yoast.com\/product\/yoast-seo-wordpress\/ -->\n<title>Reisen f\u00fcr alle - Reisen ohne Barrieren - Radio Leinewelle<\/title>\n<meta name=\"robots\" content=\"index, follow, max-snippet:-1, max-image-preview:large, max-video-preview:-1\" \/>\n<link rel=\"canonical\" href=\"https:\/\/radioleinewelle.de\/index.php\/2021\/01\/14\/reisen-fuer-alle-reisen-ohne-barrieren\/\" \/>\n<meta property=\"og:locale\" content=\"de_DE\" \/>\n<meta property=\"og:type\" content=\"article\" \/>\n<meta property=\"og:title\" content=\"Reisen f\u00fcr alle - Reisen ohne Barrieren - Radio Leinewelle\" \/>\n<meta property=\"og:description\" content=\"Reisen muss f\u00fcr alle m\u00f6glich sein \u2013 dieses Ziel hat sich das Deutsche Seminar f\u00fcr Tourismus (DSFT) auf die Fahne geschrieben. Die Solling-Vogler-Region im Weserbergland (SVR) ist diesem Ziel jetzt einen gro\u00dfen Schritt n\u00e4hergekommen und hat die Touristinformationen in der Region auf ihre Barrierefreiheit pr\u00fcfen und zertifizieren lassen. Die Urkunden nahm Cornelius Turrey, Staatsbeauftragter der [&hellip;]\" \/>\n<meta property=\"og:url\" content=\"https:\/\/radioleinewelle.de\/index.php\/2021\/01\/14\/reisen-fuer-alle-reisen-ohne-barrieren\/\" \/>\n<meta property=\"og:site_name\" content=\"Radio Leinewelle\" \/>\n<meta property=\"article:publisher\" content=\"https:\/\/www.facebook.com\/radioleinewelle\" \/>\n<meta property=\"article:author\" content=\"https:\/\/www.facebook.com\/radioleinewelle\" \/>\n<meta property=\"article:published_time\" content=\"2021-01-14T04:05:00+00:00\" \/>\n<meta property=\"og:image\" content=\"https:\/\/radioleinewelle.de\/wp-content\/uploads\/2021\/01\/disabled-397192_640-e1610573203353.jpg\" \/>\n\t<meta property=\"og:image:width\" content=\"540\" \/>\n\t<meta property=\"og:image:height\" content=\"356\" \/>\n\t<meta property=\"og:image:type\" content=\"image\/jpeg\" \/>\n<meta name=\"author\" content=\"Leinewelle\" \/>\n<meta name=\"twitter:card\" content=\"summary_large_image\" \/>\n<meta name=\"twitter:creator\" content=\"@https:\/\/twitter.com\/RLeinewelle?ref_src=twsrcgoogletwcampserptwgrauthor\" \/>\n<meta name=\"twitter:site\" content=\"@RLeinewelle\" \/>\n<meta name=\"twitter:label1\" content=\"Verfasst von\" \/>\n\t<meta name=\"twitter:data1\" content=\"Leinewelle\" \/>\n\t<meta name=\"twitter:label2\" content=\"Gesch\u00e4tzte Lesezeit\" \/>\n\t<meta name=\"twitter:data2\" content=\"3\u00a0Minuten\" \/>\n<script type=\"application\/ld+json\" class=\"yoast-schema-graph\">{\"@context\":\"https:\\\/\\\/schema.org\",\"@graph\":[{\"@type\":\"Article\",\"@id\":\"https:\\\/\\\/radioleinewelle.de\\\/index.php\\\/2021\\\/01\\\/14\\\/reisen-fuer-alle-reisen-ohne-barrieren\\\/#article\",\"isPartOf\":{\"@id\":\"https:\\\/\\\/radioleinewelle.de\\\/index.php\\\/2021\\\/01\\\/14\\\/reisen-fuer-alle-reisen-ohne-barrieren\\\/\"},\"author\":{\"name\":\"Leinewelle\",\"@id\":\"https:\\\/\\\/radioleinewelle.de\\\/#\\\/schema\\\/person\\\/45606f348637df637192dc1b68399a63\"},\"headline\":\"Reisen f\u00fcr alle &#8211; Reisen ohne Barrieren\",\"datePublished\":\"2021-01-14T04:05:00+00:00\",\"mainEntityOfPage\":{\"@id\":\"https:\\\/\\\/radioleinewelle.de\\\/index.php\\\/2021\\\/01\\\/14\\\/reisen-fuer-alle-reisen-ohne-barrieren\\\/\"},\"wordCount\":558,\"publisher\":{\"@id\":\"https:\\\/\\\/radioleinewelle.de\\\/#organization\"},\"image\":{\"@id\":\"https:\\\/\\\/radioleinewelle.de\\\/index.php\\\/2021\\\/01\\\/14\\\/reisen-fuer-alle-reisen-ohne-barrieren\\\/#primaryimage\"},\"thumbnailUrl\":\"https:\\\/\\\/radioleinewelle.de\\\/wp-content\\\/uploads\\\/2021\\\/01\\\/disabled-397192_640-e1610573203353.jpg\",\"articleSection\":[\"Regionaler Tourismus\"],\"inLanguage\":\"de\"},{\"@type\":\"WebPage\",\"@id\":\"https:\\\/\\\/radioleinewelle.de\\\/index.php\\\/2021\\\/01\\\/14\\\/reisen-fuer-alle-reisen-ohne-barrieren\\\/\",\"url\":\"https:\\\/\\\/radioleinewelle.de\\\/index.php\\\/2021\\\/01\\\/14\\\/reisen-fuer-alle-reisen-ohne-barrieren\\\/\",\"name\":\"Reisen f\u00fcr alle - Reisen ohne Barrieren - Radio Leinewelle\",\"isPartOf\":{\"@id\":\"https:\\\/\\\/radioleinewelle.de\\\/#website\"},\"primaryImageOfPage\":{\"@id\":\"https:\\\/\\\/radioleinewelle.de\\\/index.php\\\/2021\\\/01\\\/14\\\/reisen-fuer-alle-reisen-ohne-barrieren\\\/#primaryimage\"},\"image\":{\"@id\":\"https:\\\/\\\/radioleinewelle.de\\\/index.php\\\/2021\\\/01\\\/14\\\/reisen-fuer-alle-reisen-ohne-barrieren\\\/#primaryimage\"},\"thumbnailUrl\":\"https:\\\/\\\/radioleinewelle.de\\\/wp-content\\\/uploads\\\/2021\\\/01\\\/disabled-397192_640-e1610573203353.jpg\",\"datePublished\":\"2021-01-14T04:05:00+00:00\",\"breadcrumb\":{\"@id\":\"https:\\\/\\\/radioleinewelle.de\\\/index.php\\\/2021\\\/01\\\/14\\\/reisen-fuer-alle-reisen-ohne-barrieren\\\/#breadcrumb\"},\"inLanguage\":\"de\",\"potentialAction\":[{\"@type\":\"ReadAction\",\"target\":[\"https:\\\/\\\/radioleinewelle.de\\\/index.php\\\/2021\\\/01\\\/14\\\/reisen-fuer-alle-reisen-ohne-barrieren\\\/\"]}]},{\"@type\":\"ImageObject\",\"inLanguage\":\"de\",\"@id\":\"https:\\\/\\\/radioleinewelle.de\\\/index.php\\\/2021\\\/01\\\/14\\\/reisen-fuer-alle-reisen-ohne-barrieren\\\/#primaryimage\",\"url\":\"https:\\\/\\\/radioleinewelle.de\\\/wp-content\\\/uploads\\\/2021\\\/01\\\/disabled-397192_640-e1610573203353.jpg\",\"contentUrl\":\"https:\\\/\\\/radioleinewelle.de\\\/wp-content\\\/uploads\\\/2021\\\/01\\\/disabled-397192_640-e1610573203353.jpg\",\"width\":540,\"height\":356},{\"@type\":\"BreadcrumbList\",\"@id\":\"https:\\\/\\\/radioleinewelle.de\\\/index.php\\\/2021\\\/01\\\/14\\\/reisen-fuer-alle-reisen-ohne-barrieren\\\/#breadcrumb\",\"itemListElement\":[{\"@type\":\"ListItem\",\"position\":1,\"name\":\"Startseite\",\"item\":\"https:\\\/\\\/radioleinewelle.de\\\/\"},{\"@type\":\"ListItem\",\"position\":2,\"name\":\"Reisen f\u00fcr alle &#8211; Reisen ohne Barrieren\"}]},{\"@type\":\"WebSite\",\"@id\":\"https:\\\/\\\/radioleinewelle.de\\\/#website\",\"url\":\"https:\\\/\\\/radioleinewelle.de\\\/\",\"name\":\"Radio Leinewelle\",\"description\":\"\",\"publisher\":{\"@id\":\"https:\\\/\\\/radioleinewelle.de\\\/#organization\"},\"potentialAction\":[{\"@type\":\"SearchAction\",\"target\":{\"@type\":\"EntryPoint\",\"urlTemplate\":\"https:\\\/\\\/radioleinewelle.de\\\/?s={search_term_string}\"},\"query-input\":{\"@type\":\"PropertyValueSpecification\",\"valueRequired\":true,\"valueName\":\"search_term_string\"}}],\"inLanguage\":\"de\"},{\"@type\":\"Organization\",\"@id\":\"https:\\\/\\\/radioleinewelle.de\\\/#organization\",\"name\":\"Radio Leinewelle\",\"alternateName\":\"Mein Radio f\u00fcr S\u00fcdniedersachsen\",\"url\":\"https:\\\/\\\/radioleinewelle.de\\\/\",\"logo\":{\"@type\":\"ImageObject\",\"inLanguage\":\"de\",\"@id\":\"https:\\\/\\\/radioleinewelle.de\\\/#\\\/schema\\\/logo\\\/image\\\/\",\"url\":\"https:\\\/\\\/radioleinewelle.de\\\/wp-content\\\/uploads\\\/2023\\\/11\\\/cropped-Leinewelle_Logo_weiss.png\",\"contentUrl\":\"https:\\\/\\\/radioleinewelle.de\\\/wp-content\\\/uploads\\\/2023\\\/11\\\/cropped-Leinewelle_Logo_weiss.png\",\"width\":854,\"height\":260,\"caption\":\"Radio Leinewelle\"},\"image\":{\"@id\":\"https:\\\/\\\/radioleinewelle.de\\\/#\\\/schema\\\/logo\\\/image\\\/\"},\"sameAs\":[\"https:\\\/\\\/www.facebook.com\\\/radioleinewelle\",\"https:\\\/\\\/x.com\\\/RLeinewelle\",\"https:\\\/\\\/www.instagram.com\\\/radioleinewelle\\\/?hl=de\"]},{\"@type\":\"Person\",\"@id\":\"https:\\\/\\\/radioleinewelle.de\\\/#\\\/schema\\\/person\\\/45606f348637df637192dc1b68399a63\",\"name\":\"Leinewelle\",\"image\":{\"@type\":\"ImageObject\",\"inLanguage\":\"de\",\"@id\":\"https:\\\/\\\/secure.gravatar.com\\\/avatar\\\/05c9a17bc973052ee5d91549bd32fb4dd0dc85b7b85ae94b2e2b4943476bbea5?s=96&d=blank&r=g\",\"url\":\"https:\\\/\\\/secure.gravatar.com\\\/avatar\\\/05c9a17bc973052ee5d91549bd32fb4dd0dc85b7b85ae94b2e2b4943476bbea5?s=96&d=blank&r=g\",\"contentUrl\":\"https:\\\/\\\/secure.gravatar.com\\\/avatar\\\/05c9a17bc973052ee5d91549bd32fb4dd0dc85b7b85ae94b2e2b4943476bbea5?s=96&d=blank&r=g\",\"caption\":\"Leinewelle\"},\"sameAs\":[\"http:\\\/\\\/localhost\\\/radio%20leinewelle\\\/wordpress\",\"https:\\\/\\\/www.facebook.com\\\/radioleinewelle\",\"https:\\\/\\\/www.instagram.com\\\/radioleinewelle\",\"https:\\\/\\\/x.com\\\/https:\\\/\\\/twitter.com\\\/RLeinewelle?ref_src=twsrcgoogletwcampserptwgrauthor\",\"https:\\\/\\\/soundcloud.com\\\/foerderverein-lokalradio?utm_source=clipboard&utm_medium=text&utm_campaign=social_sharing\"],\"url\":\"https:\\\/\\\/radioleinewelle.de\\\/index.php\\\/author\\\/leinewelle\\\/\"}]}<\/script>\n<!-- \/ Yoast SEO plugin. -->","yoast_head_json":{"title":"Reisen f\u00fcr alle - Reisen ohne Barrieren - Radio Leinewelle","robots":{"index":"index","follow":"follow","max-snippet":"max-snippet:-1","max-image-preview":"max-image-preview:large","max-video-preview":"max-video-preview:-1"},"canonical":"https:\/\/radioleinewelle.de\/index.php\/2021\/01\/14\/reisen-fuer-alle-reisen-ohne-barrieren\/","og_locale":"de_DE","og_type":"article","og_title":"Reisen f\u00fcr alle - Reisen ohne Barrieren - Radio Leinewelle","og_description":"Reisen muss f\u00fcr alle m\u00f6glich sein \u2013 dieses Ziel hat sich das Deutsche Seminar f\u00fcr Tourismus (DSFT) auf die Fahne geschrieben. Die Solling-Vogler-Region im Weserbergland (SVR) ist diesem Ziel jetzt einen gro\u00dfen Schritt n\u00e4hergekommen und hat die Touristinformationen in der Region auf ihre Barrierefreiheit pr\u00fcfen und zertifizieren lassen. Die Urkunden nahm Cornelius Turrey, Staatsbeauftragter der [&hellip;]","og_url":"https:\/\/radioleinewelle.de\/index.php\/2021\/01\/14\/reisen-fuer-alle-reisen-ohne-barrieren\/","og_site_name":"Radio Leinewelle","article_publisher":"https:\/\/www.facebook.com\/radioleinewelle","article_author":"https:\/\/www.facebook.com\/radioleinewelle","article_published_time":"2021-01-14T04:05:00+00:00","og_image":[{"width":540,"height":356,"url":"https:\/\/radioleinewelle.de\/wp-content\/uploads\/2021\/01\/disabled-397192_640-e1610573203353.jpg","type":"image\/jpeg"}],"author":"Leinewelle","twitter_card":"summary_large_image","twitter_creator":"@https:\/\/twitter.com\/RLeinewelle?ref_src=twsrcgoogletwcampserptwgrauthor","twitter_site":"@RLeinewelle","twitter_misc":{"Verfasst von":"Leinewelle","Gesch\u00e4tzte Lesezeit":"3\u00a0Minuten"},"schema":{"@context":"https:\/\/schema.org","@graph":[{"@type":"Article","@id":"https:\/\/radioleinewelle.de\/index.php\/2021\/01\/14\/reisen-fuer-alle-reisen-ohne-barrieren\/#article","isPartOf":{"@id":"https:\/\/radioleinewelle.de\/index.php\/2021\/01\/14\/reisen-fuer-alle-reisen-ohne-barrieren\/"},"author":{"name":"Leinewelle","@id":"https:\/\/radioleinewelle.de\/#\/schema\/person\/45606f348637df637192dc1b68399a63"},"headline":"Reisen f\u00fcr alle &#8211; Reisen ohne Barrieren","datePublished":"2021-01-14T04:05:00+00:00","mainEntityOfPage":{"@id":"https:\/\/radioleinewelle.de\/index.php\/2021\/01\/14\/reisen-fuer-alle-reisen-ohne-barrieren\/"},"wordCount":558,"publisher":{"@id":"https:\/\/radioleinewelle.de\/#organization"},"image":{"@id":"https:\/\/radioleinewelle.de\/index.php\/2021\/01\/14\/reisen-fuer-alle-reisen-ohne-barrieren\/#primaryimage"},"thumbnailUrl":"https:\/\/radioleinewelle.de\/wp-content\/uploads\/2021\/01\/disabled-397192_640-e1610573203353.jpg","articleSection":["Regionaler Tourismus"],"inLanguage":"de"},{"@type":"WebPage","@id":"https:\/\/radioleinewelle.de\/index.php\/2021\/01\/14\/reisen-fuer-alle-reisen-ohne-barrieren\/","url":"https:\/\/radioleinewelle.de\/index.php\/2021\/01\/14\/reisen-fuer-alle-reisen-ohne-barrieren\/","name":"Reisen f\u00fcr alle - Reisen ohne Barrieren - Radio Leinewelle","isPartOf":{"@id":"https:\/\/radioleinewelle.de\/#website"},"primaryImageOfPage":{"@id":"https:\/\/radioleinewelle.de\/index.php\/2021\/01\/14\/reisen-fuer-alle-reisen-ohne-barrieren\/#primaryimage"},"image":{"@id":"https:\/\/radioleinewelle.de\/index.php\/2021\/01\/14\/reisen-fuer-alle-reisen-ohne-barrieren\/#primaryimage"},"thumbnailUrl":"https:\/\/radioleinewelle.de\/wp-content\/uploads\/2021\/01\/disabled-397192_640-e1610573203353.jpg","datePublished":"2021-01-14T04:05:00+00:00","breadcrumb":{"@id":"https:\/\/radioleinewelle.de\/index.php\/2021\/01\/14\/reisen-fuer-alle-reisen-ohne-barrieren\/#breadcrumb"},"inLanguage":"de","potentialAction":[{"@type":"ReadAction","target":["https:\/\/radioleinewelle.de\/index.php\/2021\/01\/14\/reisen-fuer-alle-reisen-ohne-barrieren\/"]}]},{"@type":"ImageObject","inLanguage":"de","@id":"https:\/\/radioleinewelle.de\/index.php\/2021\/01\/14\/reisen-fuer-alle-reisen-ohne-barrieren\/#primaryimage","url":"https:\/\/radioleinewelle.de\/wp-content\/uploads\/2021\/01\/disabled-397192_640-e1610573203353.jpg","contentUrl":"https:\/\/radioleinewelle.de\/wp-content\/uploads\/2021\/01\/disabled-397192_640-e1610573203353.jpg","width":540,"height":356},{"@type":"BreadcrumbList","@id":"https:\/\/radioleinewelle.de\/index.php\/2021\/01\/14\/reisen-fuer-alle-reisen-ohne-barrieren\/#breadcrumb","itemListElement":[{"@type":"ListItem","position":1,"name":"Startseite","item":"https:\/\/radioleinewelle.de\/"},{"@type":"ListItem","position":2,"name":"Reisen f\u00fcr alle &#8211; Reisen ohne Barrieren"}]},{"@type":"WebSite","@id":"https:\/\/radioleinewelle.de\/#website","url":"https:\/\/radioleinewelle.de\/","name":"Radio Leinewelle","description":"","publisher":{"@id":"https:\/\/radioleinewelle.de\/#organization"},"potentialAction":[{"@type":"SearchAction","target":{"@type":"EntryPoint","urlTemplate":"https:\/\/radioleinewelle.de\/?s={search_term_string}"},"query-input":{"@type":"PropertyValueSpecification","valueRequired":true,"valueName":"search_term_string"}}],"inLanguage":"de"},{"@type":"Organization","@id":"https:\/\/radioleinewelle.de\/#organization","name":"Radio Leinewelle","alternateName":"Mein Radio f\u00fcr S\u00fcdniedersachsen","url":"https:\/\/radioleinewelle.de\/","logo":{"@type":"ImageObject","inLanguage":"de","@id":"https:\/\/radioleinewelle.de\/#\/schema\/logo\/image\/","url":"https:\/\/radioleinewelle.de\/wp-content\/uploads\/2023\/11\/cropped-Leinewelle_Logo_weiss.png","contentUrl":"https:\/\/radioleinewelle.de\/wp-content\/uploads\/2023\/11\/cropped-Leinewelle_Logo_weiss.png","width":854,"height":260,"caption":"Radio Leinewelle"},"image":{"@id":"https:\/\/radioleinewelle.de\/#\/schema\/logo\/image\/"},"sameAs":["https:\/\/www.facebook.com\/radioleinewelle","https:\/\/x.com\/RLeinewelle","https:\/\/www.instagram.com\/radioleinewelle\/?hl=de"]},{"@type":"Person","@id":"https:\/\/radioleinewelle.de\/#\/schema\/person\/45606f348637df637192dc1b68399a63","name":"Leinewelle","image":{"@type":"ImageObject","inLanguage":"de","@id":"https:\/\/secure.gravatar.com\/avatar\/05c9a17bc973052ee5d91549bd32fb4dd0dc85b7b85ae94b2e2b4943476bbea5?s=96&d=blank&r=g","url":"https:\/\/secure.gravatar.com\/avatar\/05c9a17bc973052ee5d91549bd32fb4dd0dc85b7b85ae94b2e2b4943476bbea5?s=96&d=blank&r=g","contentUrl":"https:\/\/secure.gravatar.com\/avatar\/05c9a17bc973052ee5d91549bd32fb4dd0dc85b7b85ae94b2e2b4943476bbea5?s=96&d=blank&r=g","caption":"Leinewelle"},"sameAs":["http:\/\/localhost\/radio%20leinewelle\/wordpress","https:\/\/www.facebook.com\/radioleinewelle","https:\/\/www.instagram.com\/radioleinewelle","https:\/\/x.com\/https:\/\/twitter.com\/RLeinewelle?ref_src=twsrcgoogletwcampserptwgrauthor","https:\/\/soundcloud.com\/foerderverein-lokalradio?utm_source=clipboard&utm_medium=text&utm_campaign=social_sharing"],"url":"https:\/\/radioleinewelle.de\/index.php\/author\/leinewelle\/"}]}},"_links":{"self":[{"href":"https:\/\/radioleinewelle.de\/index.php\/wp-json\/wp\/v2\/posts\/4119","targetHints":{"allow":["GET"]}}],"collection":[{"href":"https:\/\/radioleinewelle.de\/index.php\/wp-json\/wp\/v2\/posts"}],"about":[{"href":"https:\/\/radioleinewelle.de\/index.php\/wp-json\/wp\/v2\/types\/post"}],"author":[{"embeddable":true,"href":"https:\/\/radioleinewelle.de\/index.php\/wp-json\/wp\/v2\/users\/1"}],"replies":[{"embeddable":true,"href":"https:\/\/radioleinewelle.de\/index.php\/wp-json\/wp\/v2\/comments?post=4119"}],"version-history":[{"count":0,"href":"https:\/\/radioleinewelle.de\/index.php\/wp-json\/wp\/v2\/posts\/4119\/revisions"}],"wp:featuredmedia":[{"embeddable":true,"href":"https:\/\/radioleinewelle.de\/index.php\/wp-json\/wp\/v2\/media\/4123"}],"wp:attachment":[{"href":"https:\/\/radioleinewelle.de\/index.php\/wp-json\/wp\/v2\/media?parent=4119"}],"wp:term":[{"taxonomy":"category","embeddable":true,"href":"https:\/\/radioleinewelle.de\/index.php\/wp-json\/wp\/v2\/categories?post=4119"},{"taxonomy":"post_tag","embeddable":true,"href":"https:\/\/radioleinewelle.de\/index.php\/wp-json\/wp\/v2\/tags?post=4119"}],"curies":[{"name":"wp","href":"https:\/\/api.w.org\/{rel}","templated":true}]}}