{"id":4125,"date":"2021-01-14T05:15:00","date_gmt":"2021-01-14T04:15:00","guid":{"rendered":"https:\/\/radioleinewelle.de\/?p=4125"},"modified":"2021-01-14T05:15:00","modified_gmt":"2021-01-14T04:15:00","slug":"land-niedersachsen-foerdert-innovative-kulturprojekte-in-niedersachsen","status":"publish","type":"post","link":"https:\/\/radioleinewelle.de\/index.php\/2021\/01\/14\/land-niedersachsen-foerdert-innovative-kulturprojekte-in-niedersachsen\/","title":{"rendered":"Land Niedersachsen f\u00f6rdert innovative Kulturprojekte in Niedersachsen"},"content":{"rendered":"\n<p>Das Land Niedersachsen unterst\u00fctzt mit 1.129.058,95 Euro aus einem Sonderprogramm 50 innovative Projekte von Solo-Selbstst\u00e4ndigen und Kultureinrichtungen, die von der Corona-Pandemie betroffen sind.<\/p>\n\n\n\n<p>\u201eIch freue mich sehr, dass in der ersten Antragsrunde auch sieben G\u00f6ttinger Projekte durch das Corona-Sonderprogramm f\u00fcr Solo-Selbstst\u00e4ndige und Kultureinrichtungen unterst\u00fctzt werden\u201c, so die <strong>G\u00f6ttinger Landtagsabgeordnete Dr. Gabriele Andretta.&nbsp;<\/strong><\/p>\n\n\n\n<p>\u201eSolo-Selbstst\u00e4ndige und Kultureinrichtungen sind in der Vergangenheit leider allzu oft durch das Raster bei den Corona-Hilfen gefallen\u201c, bem\u00e4ngelt Andretta. Die G\u00f6ttinger Abgeordnete hatte sich wiederholt daf\u00fcr eingesetzt, dass es endlich auch Programme geben muss, mit dem solo-selbst\u00e4ndige K\u00fcnstlerinnen und K\u00fcnstler sowie freie Initiativen in dieser Krise nachhaltig unterst\u00fctzt werden. Andretta hatte hierzu im September bei einem Gespr\u00e4ch mit dem Landschaftsverband S\u00fcdniedersachsen&nbsp;das Landesprogramm \u201eNiedersachsen dreht auf\u201c vorgestellt und diskutiert.&nbsp;<\/p>\n\n\n\n<p>Zum ersten Antragsstichtag haben sich niedersachsenweit 65 Projekte um eine F\u00f6rderung beworben, von denen nun 50 ausgew\u00e4hlt wurden. Die Projektauswahl zum zweiten Stichtag l\u00e4uft noch.<\/p>\n\n\n\n<p>\u201eDie breite Resonanz auf das Programm zeigt, wie notwendig diese Unterst\u00fctzung ist. Seit Monaten ist vielen K\u00fcnstlerinnen und K\u00fcnstlern die M\u00f6glichkeit zur Aus\u00fcbung ihrer Arbeit genommen. Ich hoffe, dass mit der F\u00f6rderung einige von ihnen nach dem derzeitigen Lockdown wieder durchstarten k\u00f6nnen\u201c, ist Andretta vorsichtig optimistisch.<\/p>\n\n\n\n<p>In G\u00f6ttingen und Umgebung werden laut Andretta die freien <strong>Theaterprojekte boat people project<\/strong> mit 25.550 Euro f\u00fcr das Projekt \u201eMikroabenteuer\u201c, das Buchfink-Theater mit 29.000 Euro f\u00fcr \u201eDie Beladenen \u2013 Die Last der Zeit\u201c, <strong>die \u201ewerkgruppe2\u201c <\/strong>mit 27.000 f\u00fcr \u201eBODYPOLITICS\u201c sowie mit 27.500 Euro das Projekt \u201eDeutsch\u201c von stillen Hunde gef\u00f6rdert. Das Projekt \u201eFlunkerei und Fake-News \u2013 Ich hab M\u00fcnchhausen!\u201c von <strong>artperformance<\/strong> wird mit 14.600 Euro ber\u00fccksichtigt.<\/p>\n\n\n\n<p><strong>Das Literarische Zentrum e.V. <\/strong>erh\u00e4lt 30.000 Euro f\u00fcr \u201eNach den Dystopien?\u201c und der G\u00f6ttinger Schauspieler und Komiker Alexis Kara bekommt f\u00fcr sein Projekt \u201eAlexis Kara presents\u2026to be continued\u201c 15.500 Euro aus dem F\u00f6rdertopf.<\/p>\n\n\n\n<p>F\u00fcr den Bereich der kulturellen Veranstaltungen und der Kulturellen Bildung k\u00f6nnen laut Ministerium Antr\u00e4ge noch bis zum 28. Februar 2021 beim Landschaftsverband gestellt werden. Gef\u00f6rdert werden Veranstaltungen bis zum 31.12.2021. In beiden F\u00e4llen werden Ausgaben gef\u00f6rdert, die unmittelbar durch Vertragsabschl\u00fcsse mit Solo-Selbstst\u00e4ndigen oder Zusammenschl\u00fcssen von Solo-Selbstst\u00e4ndigen f\u00fcr ihre Beteiligungen an kulturellen Veranstaltungen beziehungsweise im Bereich der kulturellen Bildung entstehen.<\/p>\n\n\n\n<p>Zum Hintergrund: Das Corona-Sonderprogramm f\u00fcr Solo-Selbstst\u00e4ndige und Kultureinrichtungen ist Teil der Initiative \u201eNiedersachsen dreht auf\u201c und gliedert sich in insgesamt vier F\u00f6rderlinien mit verschiedenen Antragsstichtagen.&nbsp;<\/p>\n\n\n\n<p>Die jetzige F\u00f6rderung bezieht sich auf die sogenannte F\u00f6rderlinie C f\u00fcr innovative k\u00fcnstlerische Projekte. Gef\u00f6rdert werden Projekte, die die inhaltliche k\u00fcnstlerische Auseinandersetzung mit aktuellen gesamtgesellschaftlichen Entwicklungen zum Gegenstand haben und die sich durch eine hohe k\u00fcnstlerische Qualit\u00e4t auszeichnen.<\/p>\n","protected":false},"excerpt":{"rendered":"<p>Das Land Niedersachsen unterst\u00fctzt mit 1.129.058,95 Euro aus einem Sonderprogramm 50 innovative Projekte von Solo-Selbstst\u00e4ndigen und Kultureinrichtungen, die von der Corona-Pandemie betroffen sind. \u201eIch freue mich sehr, dass in der ersten Antragsrunde auch sieben G\u00f6ttinger Projekte durch das Corona-Sonderprogramm f\u00fcr Solo-Selbstst\u00e4ndige und Kultureinrichtungen unterst\u00fctzt werden\u201c, so die G\u00f6ttinger Landtagsabgeordnete Dr. Gabriele Andretta.&nbsp; \u201eSolo-Selbstst\u00e4ndige und Kultureinrichtungen [&hellip;]<\/p>\n","protected":false},"author":1,"featured_media":4128,"comment_status":"closed","ping_status":"closed","sticky":false,"template":"","format":"standard","meta":{"saved_in_kubio":false,"footnotes":""},"categories":[45],"tags":[],"class_list":["post-4125","post","type-post","status-publish","format-standard","has-post-thumbnail","hentry","category-kultur"],"yoast_head":"<!-- This site is optimized with the Yoast SEO plugin v27.5 - https:\/\/yoast.com\/product\/yoast-seo-wordpress\/ -->\n<title>Land Niedersachsen f\u00f6rdert innovative Kulturprojekte in Niedersachsen - Radio Leinewelle<\/title>\n<meta name=\"robots\" content=\"index, follow, max-snippet:-1, max-image-preview:large, max-video-preview:-1\" \/>\n<link rel=\"canonical\" href=\"https:\/\/radioleinewelle.de\/index.php\/2021\/01\/14\/land-niedersachsen-foerdert-innovative-kulturprojekte-in-niedersachsen\/\" \/>\n<meta property=\"og:locale\" content=\"de_DE\" \/>\n<meta property=\"og:type\" content=\"article\" \/>\n<meta property=\"og:title\" content=\"Land Niedersachsen f\u00f6rdert innovative Kulturprojekte in Niedersachsen - Radio Leinewelle\" \/>\n<meta property=\"og:description\" content=\"Das Land Niedersachsen unterst\u00fctzt mit 1.129.058,95 Euro aus einem Sonderprogramm 50 innovative Projekte von Solo-Selbstst\u00e4ndigen und Kultureinrichtungen, die von der Corona-Pandemie betroffen sind. \u201eIch freue mich sehr, dass in der ersten Antragsrunde auch sieben G\u00f6ttinger Projekte durch das Corona-Sonderprogramm f\u00fcr Solo-Selbstst\u00e4ndige und Kultureinrichtungen unterst\u00fctzt werden\u201c, so die G\u00f6ttinger Landtagsabgeordnete Dr. Gabriele Andretta.&nbsp; \u201eSolo-Selbstst\u00e4ndige und Kultureinrichtungen [&hellip;]\" \/>\n<meta property=\"og:url\" content=\"https:\/\/radioleinewelle.de\/index.php\/2021\/01\/14\/land-niedersachsen-foerdert-innovative-kulturprojekte-in-niedersachsen\/\" \/>\n<meta property=\"og:site_name\" content=\"Radio Leinewelle\" \/>\n<meta property=\"article:publisher\" content=\"https:\/\/www.facebook.com\/radioleinewelle\" \/>\n<meta property=\"article:author\" content=\"https:\/\/www.facebook.com\/radioleinewelle\" \/>\n<meta property=\"article:published_time\" content=\"2021-01-14T04:15:00+00:00\" \/>\n<meta property=\"og:image\" content=\"https:\/\/radioleinewelle.de\/wp-content\/uploads\/2021\/01\/staging-258631_640.jpg\" \/>\n\t<meta property=\"og:image:width\" content=\"640\" \/>\n\t<meta property=\"og:image:height\" content=\"425\" \/>\n\t<meta property=\"og:image:type\" content=\"image\/jpeg\" \/>\n<meta name=\"author\" content=\"Leinewelle\" \/>\n<meta name=\"twitter:card\" content=\"summary_large_image\" \/>\n<meta name=\"twitter:creator\" content=\"@https:\/\/twitter.com\/RLeinewelle?ref_src=twsrcgoogletwcampserptwgrauthor\" \/>\n<meta name=\"twitter:site\" content=\"@RLeinewelle\" \/>\n<meta name=\"twitter:label1\" content=\"Verfasst von\" \/>\n\t<meta name=\"twitter:data1\" content=\"Leinewelle\" \/>\n\t<meta name=\"twitter:label2\" content=\"Gesch\u00e4tzte Lesezeit\" \/>\n\t<meta name=\"twitter:data2\" content=\"2\u00a0Minuten\" \/>\n<script type=\"application\/ld+json\" class=\"yoast-schema-graph\">{\"@context\":\"https:\\\/\\\/schema.org\",\"@graph\":[{\"@type\":\"Article\",\"@id\":\"https:\\\/\\\/radioleinewelle.de\\\/index.php\\\/2021\\\/01\\\/14\\\/land-niedersachsen-foerdert-innovative-kulturprojekte-in-niedersachsen\\\/#article\",\"isPartOf\":{\"@id\":\"https:\\\/\\\/radioleinewelle.de\\\/index.php\\\/2021\\\/01\\\/14\\\/land-niedersachsen-foerdert-innovative-kulturprojekte-in-niedersachsen\\\/\"},\"author\":{\"name\":\"Leinewelle\",\"@id\":\"https:\\\/\\\/radioleinewelle.de\\\/#\\\/schema\\\/person\\\/45606f348637df637192dc1b68399a63\"},\"headline\":\"Land Niedersachsen f\u00f6rdert innovative Kulturprojekte in Niedersachsen\",\"datePublished\":\"2021-01-14T04:15:00+00:00\",\"mainEntityOfPage\":{\"@id\":\"https:\\\/\\\/radioleinewelle.de\\\/index.php\\\/2021\\\/01\\\/14\\\/land-niedersachsen-foerdert-innovative-kulturprojekte-in-niedersachsen\\\/\"},\"wordCount\":472,\"publisher\":{\"@id\":\"https:\\\/\\\/radioleinewelle.de\\\/#organization\"},\"image\":{\"@id\":\"https:\\\/\\\/radioleinewelle.de\\\/index.php\\\/2021\\\/01\\\/14\\\/land-niedersachsen-foerdert-innovative-kulturprojekte-in-niedersachsen\\\/#primaryimage\"},\"thumbnailUrl\":\"https:\\\/\\\/radioleinewelle.de\\\/wp-content\\\/uploads\\\/2021\\\/01\\\/staging-258631_640.jpg\",\"articleSection\":[\"Kultur\"],\"inLanguage\":\"de\"},{\"@type\":\"WebPage\",\"@id\":\"https:\\\/\\\/radioleinewelle.de\\\/index.php\\\/2021\\\/01\\\/14\\\/land-niedersachsen-foerdert-innovative-kulturprojekte-in-niedersachsen\\\/\",\"url\":\"https:\\\/\\\/radioleinewelle.de\\\/index.php\\\/2021\\\/01\\\/14\\\/land-niedersachsen-foerdert-innovative-kulturprojekte-in-niedersachsen\\\/\",\"name\":\"Land Niedersachsen f\u00f6rdert innovative Kulturprojekte in Niedersachsen - Radio Leinewelle\",\"isPartOf\":{\"@id\":\"https:\\\/\\\/radioleinewelle.de\\\/#website\"},\"primaryImageOfPage\":{\"@id\":\"https:\\\/\\\/radioleinewelle.de\\\/index.php\\\/2021\\\/01\\\/14\\\/land-niedersachsen-foerdert-innovative-kulturprojekte-in-niedersachsen\\\/#primaryimage\"},\"image\":{\"@id\":\"https:\\\/\\\/radioleinewelle.de\\\/index.php\\\/2021\\\/01\\\/14\\\/land-niedersachsen-foerdert-innovative-kulturprojekte-in-niedersachsen\\\/#primaryimage\"},\"thumbnailUrl\":\"https:\\\/\\\/radioleinewelle.de\\\/wp-content\\\/uploads\\\/2021\\\/01\\\/staging-258631_640.jpg\",\"datePublished\":\"2021-01-14T04:15:00+00:00\",\"breadcrumb\":{\"@id\":\"https:\\\/\\\/radioleinewelle.de\\\/index.php\\\/2021\\\/01\\\/14\\\/land-niedersachsen-foerdert-innovative-kulturprojekte-in-niedersachsen\\\/#breadcrumb\"},\"inLanguage\":\"de\",\"potentialAction\":[{\"@type\":\"ReadAction\",\"target\":[\"https:\\\/\\\/radioleinewelle.de\\\/index.php\\\/2021\\\/01\\\/14\\\/land-niedersachsen-foerdert-innovative-kulturprojekte-in-niedersachsen\\\/\"]}]},{\"@type\":\"ImageObject\",\"inLanguage\":\"de\",\"@id\":\"https:\\\/\\\/radioleinewelle.de\\\/index.php\\\/2021\\\/01\\\/14\\\/land-niedersachsen-foerdert-innovative-kulturprojekte-in-niedersachsen\\\/#primaryimage\",\"url\":\"https:\\\/\\\/radioleinewelle.de\\\/wp-content\\\/uploads\\\/2021\\\/01\\\/staging-258631_640.jpg\",\"contentUrl\":\"https:\\\/\\\/radioleinewelle.de\\\/wp-content\\\/uploads\\\/2021\\\/01\\\/staging-258631_640.jpg\",\"width\":640,\"height\":425},{\"@type\":\"BreadcrumbList\",\"@id\":\"https:\\\/\\\/radioleinewelle.de\\\/index.php\\\/2021\\\/01\\\/14\\\/land-niedersachsen-foerdert-innovative-kulturprojekte-in-niedersachsen\\\/#breadcrumb\",\"itemListElement\":[{\"@type\":\"ListItem\",\"position\":1,\"name\":\"Startseite\",\"item\":\"https:\\\/\\\/radioleinewelle.de\\\/\"},{\"@type\":\"ListItem\",\"position\":2,\"name\":\"Land Niedersachsen f\u00f6rdert innovative Kulturprojekte in Niedersachsen\"}]},{\"@type\":\"WebSite\",\"@id\":\"https:\\\/\\\/radioleinewelle.de\\\/#website\",\"url\":\"https:\\\/\\\/radioleinewelle.de\\\/\",\"name\":\"Radio Leinewelle\",\"description\":\"\",\"publisher\":{\"@id\":\"https:\\\/\\\/radioleinewelle.de\\\/#organization\"},\"potentialAction\":[{\"@type\":\"SearchAction\",\"target\":{\"@type\":\"EntryPoint\",\"urlTemplate\":\"https:\\\/\\\/radioleinewelle.de\\\/?s={search_term_string}\"},\"query-input\":{\"@type\":\"PropertyValueSpecification\",\"valueRequired\":true,\"valueName\":\"search_term_string\"}}],\"inLanguage\":\"de\"},{\"@type\":\"Organization\",\"@id\":\"https:\\\/\\\/radioleinewelle.de\\\/#organization\",\"name\":\"Radio Leinewelle\",\"alternateName\":\"Mein Radio f\u00fcr S\u00fcdniedersachsen\",\"url\":\"https:\\\/\\\/radioleinewelle.de\\\/\",\"logo\":{\"@type\":\"ImageObject\",\"inLanguage\":\"de\",\"@id\":\"https:\\\/\\\/radioleinewelle.de\\\/#\\\/schema\\\/logo\\\/image\\\/\",\"url\":\"https:\\\/\\\/radioleinewelle.de\\\/wp-content\\\/uploads\\\/2023\\\/11\\\/cropped-Leinewelle_Logo_weiss.png\",\"contentUrl\":\"https:\\\/\\\/radioleinewelle.de\\\/wp-content\\\/uploads\\\/2023\\\/11\\\/cropped-Leinewelle_Logo_weiss.png\",\"width\":854,\"height\":260,\"caption\":\"Radio Leinewelle\"},\"image\":{\"@id\":\"https:\\\/\\\/radioleinewelle.de\\\/#\\\/schema\\\/logo\\\/image\\\/\"},\"sameAs\":[\"https:\\\/\\\/www.facebook.com\\\/radioleinewelle\",\"https:\\\/\\\/x.com\\\/RLeinewelle\",\"https:\\\/\\\/www.instagram.com\\\/radioleinewelle\\\/?hl=de\"]},{\"@type\":\"Person\",\"@id\":\"https:\\\/\\\/radioleinewelle.de\\\/#\\\/schema\\\/person\\\/45606f348637df637192dc1b68399a63\",\"name\":\"Leinewelle\",\"image\":{\"@type\":\"ImageObject\",\"inLanguage\":\"de\",\"@id\":\"https:\\\/\\\/secure.gravatar.com\\\/avatar\\\/05c9a17bc973052ee5d91549bd32fb4dd0dc85b7b85ae94b2e2b4943476bbea5?s=96&d=blank&r=g\",\"url\":\"https:\\\/\\\/secure.gravatar.com\\\/avatar\\\/05c9a17bc973052ee5d91549bd32fb4dd0dc85b7b85ae94b2e2b4943476bbea5?s=96&d=blank&r=g\",\"contentUrl\":\"https:\\\/\\\/secure.gravatar.com\\\/avatar\\\/05c9a17bc973052ee5d91549bd32fb4dd0dc85b7b85ae94b2e2b4943476bbea5?s=96&d=blank&r=g\",\"caption\":\"Leinewelle\"},\"sameAs\":[\"http:\\\/\\\/localhost\\\/radio%20leinewelle\\\/wordpress\",\"https:\\\/\\\/www.facebook.com\\\/radioleinewelle\",\"https:\\\/\\\/www.instagram.com\\\/radioleinewelle\",\"https:\\\/\\\/x.com\\\/https:\\\/\\\/twitter.com\\\/RLeinewelle?ref_src=twsrcgoogletwcampserptwgrauthor\",\"https:\\\/\\\/soundcloud.com\\\/foerderverein-lokalradio?utm_source=clipboard&utm_medium=text&utm_campaign=social_sharing\"],\"url\":\"https:\\\/\\\/radioleinewelle.de\\\/index.php\\\/author\\\/leinewelle\\\/\"}]}<\/script>\n<!-- \/ Yoast SEO plugin. -->","yoast_head_json":{"title":"Land Niedersachsen f\u00f6rdert innovative Kulturprojekte in Niedersachsen - Radio Leinewelle","robots":{"index":"index","follow":"follow","max-snippet":"max-snippet:-1","max-image-preview":"max-image-preview:large","max-video-preview":"max-video-preview:-1"},"canonical":"https:\/\/radioleinewelle.de\/index.php\/2021\/01\/14\/land-niedersachsen-foerdert-innovative-kulturprojekte-in-niedersachsen\/","og_locale":"de_DE","og_type":"article","og_title":"Land Niedersachsen f\u00f6rdert innovative Kulturprojekte in Niedersachsen - Radio Leinewelle","og_description":"Das Land Niedersachsen unterst\u00fctzt mit 1.129.058,95 Euro aus einem Sonderprogramm 50 innovative Projekte von Solo-Selbstst\u00e4ndigen und Kultureinrichtungen, die von der Corona-Pandemie betroffen sind. \u201eIch freue mich sehr, dass in der ersten Antragsrunde auch sieben G\u00f6ttinger Projekte durch das Corona-Sonderprogramm f\u00fcr Solo-Selbstst\u00e4ndige und Kultureinrichtungen unterst\u00fctzt werden\u201c, so die G\u00f6ttinger Landtagsabgeordnete Dr. Gabriele Andretta.&nbsp; \u201eSolo-Selbstst\u00e4ndige und Kultureinrichtungen [&hellip;]","og_url":"https:\/\/radioleinewelle.de\/index.php\/2021\/01\/14\/land-niedersachsen-foerdert-innovative-kulturprojekte-in-niedersachsen\/","og_site_name":"Radio Leinewelle","article_publisher":"https:\/\/www.facebook.com\/radioleinewelle","article_author":"https:\/\/www.facebook.com\/radioleinewelle","article_published_time":"2021-01-14T04:15:00+00:00","og_image":[{"width":640,"height":425,"url":"https:\/\/radioleinewelle.de\/wp-content\/uploads\/2021\/01\/staging-258631_640.jpg","type":"image\/jpeg"}],"author":"Leinewelle","twitter_card":"summary_large_image","twitter_creator":"@https:\/\/twitter.com\/RLeinewelle?ref_src=twsrcgoogletwcampserptwgrauthor","twitter_site":"@RLeinewelle","twitter_misc":{"Verfasst von":"Leinewelle","Gesch\u00e4tzte Lesezeit":"2\u00a0Minuten"},"schema":{"@context":"https:\/\/schema.org","@graph":[{"@type":"Article","@id":"https:\/\/radioleinewelle.de\/index.php\/2021\/01\/14\/land-niedersachsen-foerdert-innovative-kulturprojekte-in-niedersachsen\/#article","isPartOf":{"@id":"https:\/\/radioleinewelle.de\/index.php\/2021\/01\/14\/land-niedersachsen-foerdert-innovative-kulturprojekte-in-niedersachsen\/"},"author":{"name":"Leinewelle","@id":"https:\/\/radioleinewelle.de\/#\/schema\/person\/45606f348637df637192dc1b68399a63"},"headline":"Land Niedersachsen f\u00f6rdert innovative Kulturprojekte in Niedersachsen","datePublished":"2021-01-14T04:15:00+00:00","mainEntityOfPage":{"@id":"https:\/\/radioleinewelle.de\/index.php\/2021\/01\/14\/land-niedersachsen-foerdert-innovative-kulturprojekte-in-niedersachsen\/"},"wordCount":472,"publisher":{"@id":"https:\/\/radioleinewelle.de\/#organization"},"image":{"@id":"https:\/\/radioleinewelle.de\/index.php\/2021\/01\/14\/land-niedersachsen-foerdert-innovative-kulturprojekte-in-niedersachsen\/#primaryimage"},"thumbnailUrl":"https:\/\/radioleinewelle.de\/wp-content\/uploads\/2021\/01\/staging-258631_640.jpg","articleSection":["Kultur"],"inLanguage":"de"},{"@type":"WebPage","@id":"https:\/\/radioleinewelle.de\/index.php\/2021\/01\/14\/land-niedersachsen-foerdert-innovative-kulturprojekte-in-niedersachsen\/","url":"https:\/\/radioleinewelle.de\/index.php\/2021\/01\/14\/land-niedersachsen-foerdert-innovative-kulturprojekte-in-niedersachsen\/","name":"Land Niedersachsen f\u00f6rdert innovative Kulturprojekte in Niedersachsen - Radio Leinewelle","isPartOf":{"@id":"https:\/\/radioleinewelle.de\/#website"},"primaryImageOfPage":{"@id":"https:\/\/radioleinewelle.de\/index.php\/2021\/01\/14\/land-niedersachsen-foerdert-innovative-kulturprojekte-in-niedersachsen\/#primaryimage"},"image":{"@id":"https:\/\/radioleinewelle.de\/index.php\/2021\/01\/14\/land-niedersachsen-foerdert-innovative-kulturprojekte-in-niedersachsen\/#primaryimage"},"thumbnailUrl":"https:\/\/radioleinewelle.de\/wp-content\/uploads\/2021\/01\/staging-258631_640.jpg","datePublished":"2021-01-14T04:15:00+00:00","breadcrumb":{"@id":"https:\/\/radioleinewelle.de\/index.php\/2021\/01\/14\/land-niedersachsen-foerdert-innovative-kulturprojekte-in-niedersachsen\/#breadcrumb"},"inLanguage":"de","potentialAction":[{"@type":"ReadAction","target":["https:\/\/radioleinewelle.de\/index.php\/2021\/01\/14\/land-niedersachsen-foerdert-innovative-kulturprojekte-in-niedersachsen\/"]}]},{"@type":"ImageObject","inLanguage":"de","@id":"https:\/\/radioleinewelle.de\/index.php\/2021\/01\/14\/land-niedersachsen-foerdert-innovative-kulturprojekte-in-niedersachsen\/#primaryimage","url":"https:\/\/radioleinewelle.de\/wp-content\/uploads\/2021\/01\/staging-258631_640.jpg","contentUrl":"https:\/\/radioleinewelle.de\/wp-content\/uploads\/2021\/01\/staging-258631_640.jpg","width":640,"height":425},{"@type":"BreadcrumbList","@id":"https:\/\/radioleinewelle.de\/index.php\/2021\/01\/14\/land-niedersachsen-foerdert-innovative-kulturprojekte-in-niedersachsen\/#breadcrumb","itemListElement":[{"@type":"ListItem","position":1,"name":"Startseite","item":"https:\/\/radioleinewelle.de\/"},{"@type":"ListItem","position":2,"name":"Land Niedersachsen f\u00f6rdert innovative Kulturprojekte in Niedersachsen"}]},{"@type":"WebSite","@id":"https:\/\/radioleinewelle.de\/#website","url":"https:\/\/radioleinewelle.de\/","name":"Radio Leinewelle","description":"","publisher":{"@id":"https:\/\/radioleinewelle.de\/#organization"},"potentialAction":[{"@type":"SearchAction","target":{"@type":"EntryPoint","urlTemplate":"https:\/\/radioleinewelle.de\/?s={search_term_string}"},"query-input":{"@type":"PropertyValueSpecification","valueRequired":true,"valueName":"search_term_string"}}],"inLanguage":"de"},{"@type":"Organization","@id":"https:\/\/radioleinewelle.de\/#organization","name":"Radio Leinewelle","alternateName":"Mein Radio f\u00fcr S\u00fcdniedersachsen","url":"https:\/\/radioleinewelle.de\/","logo":{"@type":"ImageObject","inLanguage":"de","@id":"https:\/\/radioleinewelle.de\/#\/schema\/logo\/image\/","url":"https:\/\/radioleinewelle.de\/wp-content\/uploads\/2023\/11\/cropped-Leinewelle_Logo_weiss.png","contentUrl":"https:\/\/radioleinewelle.de\/wp-content\/uploads\/2023\/11\/cropped-Leinewelle_Logo_weiss.png","width":854,"height":260,"caption":"Radio Leinewelle"},"image":{"@id":"https:\/\/radioleinewelle.de\/#\/schema\/logo\/image\/"},"sameAs":["https:\/\/www.facebook.com\/radioleinewelle","https:\/\/x.com\/RLeinewelle","https:\/\/www.instagram.com\/radioleinewelle\/?hl=de"]},{"@type":"Person","@id":"https:\/\/radioleinewelle.de\/#\/schema\/person\/45606f348637df637192dc1b68399a63","name":"Leinewelle","image":{"@type":"ImageObject","inLanguage":"de","@id":"https:\/\/secure.gravatar.com\/avatar\/05c9a17bc973052ee5d91549bd32fb4dd0dc85b7b85ae94b2e2b4943476bbea5?s=96&d=blank&r=g","url":"https:\/\/secure.gravatar.com\/avatar\/05c9a17bc973052ee5d91549bd32fb4dd0dc85b7b85ae94b2e2b4943476bbea5?s=96&d=blank&r=g","contentUrl":"https:\/\/secure.gravatar.com\/avatar\/05c9a17bc973052ee5d91549bd32fb4dd0dc85b7b85ae94b2e2b4943476bbea5?s=96&d=blank&r=g","caption":"Leinewelle"},"sameAs":["http:\/\/localhost\/radio%20leinewelle\/wordpress","https:\/\/www.facebook.com\/radioleinewelle","https:\/\/www.instagram.com\/radioleinewelle","https:\/\/x.com\/https:\/\/twitter.com\/RLeinewelle?ref_src=twsrcgoogletwcampserptwgrauthor","https:\/\/soundcloud.com\/foerderverein-lokalradio?utm_source=clipboard&utm_medium=text&utm_campaign=social_sharing"],"url":"https:\/\/radioleinewelle.de\/index.php\/author\/leinewelle\/"}]}},"_links":{"self":[{"href":"https:\/\/radioleinewelle.de\/index.php\/wp-json\/wp\/v2\/posts\/4125","targetHints":{"allow":["GET"]}}],"collection":[{"href":"https:\/\/radioleinewelle.de\/index.php\/wp-json\/wp\/v2\/posts"}],"about":[{"href":"https:\/\/radioleinewelle.de\/index.php\/wp-json\/wp\/v2\/types\/post"}],"author":[{"embeddable":true,"href":"https:\/\/radioleinewelle.de\/index.php\/wp-json\/wp\/v2\/users\/1"}],"replies":[{"embeddable":true,"href":"https:\/\/radioleinewelle.de\/index.php\/wp-json\/wp\/v2\/comments?post=4125"}],"version-history":[{"count":0,"href":"https:\/\/radioleinewelle.de\/index.php\/wp-json\/wp\/v2\/posts\/4125\/revisions"}],"wp:featuredmedia":[{"embeddable":true,"href":"https:\/\/radioleinewelle.de\/index.php\/wp-json\/wp\/v2\/media\/4128"}],"wp:attachment":[{"href":"https:\/\/radioleinewelle.de\/index.php\/wp-json\/wp\/v2\/media?parent=4125"}],"wp:term":[{"taxonomy":"category","embeddable":true,"href":"https:\/\/radioleinewelle.de\/index.php\/wp-json\/wp\/v2\/categories?post=4125"},{"taxonomy":"post_tag","embeddable":true,"href":"https:\/\/radioleinewelle.de\/index.php\/wp-json\/wp\/v2\/tags?post=4125"}],"curies":[{"name":"wp","href":"https:\/\/api.w.org\/{rel}","templated":true}]}}