{"id":4131,"date":"2021-01-14T05:30:00","date_gmt":"2021-01-14T04:30:00","guid":{"rendered":"https:\/\/radioleinewelle.de\/?p=4131"},"modified":"2021-01-14T05:30:00","modified_gmt":"2021-01-14T04:30:00","slug":"initiative-goettingenzero-startet-buergerbegehrengoettingen-klimaneutral-bis-2030","status":"publish","type":"post","link":"https:\/\/radioleinewelle.de\/index.php\/2021\/01\/14\/initiative-goettingenzero-startet-buergerbegehrengoettingen-klimaneutral-bis-2030\/","title":{"rendered":"Initiative G\u00f6ttingenZero startet B\u00fcrgerbegehren \u201eG\u00f6ttingen klimaneutral bis 2030\u201c"},"content":{"rendered":"\n<p>Manchen ist wohl schon ein Fahrrad aufgefallen, das mit einem Briefkasten ver- sehen nicht weit vom G\u00e4nseliesel-Brunnen steht. Das Zweirad macht auf ein B\u00fcr- gerbegehren aufmerksam, das seit dem 9. Dezember in G\u00f6ttingen l\u00e4uft. Gefordert wird darin, dass die Stadt G\u00f6ttingen ihren&nbsp;\u201eMasterplan 100% Klimaschutz\u201c&nbsp;so an- passt, dass Klimaneutralit\u00e4t der Stadt bereits im Jahr 2030 und nicht erst 2050 erreicht wird. Sollten mindestens 7116 G\u00f6ttinger B\u00fcrgerinnen und B\u00fcrger das Be- gehren mit ihrer Unterschrift unterst\u00fctzen und der Rat der Stadt dennoch am bis- herigen Klimaziel festhalten, kommt es zum einem B\u00fcrgerentscheid.<\/p>\n\n\n\n<p>In die Wege geleitet hat das B\u00fcrgerbegehren&nbsp;\u201eG\u00f6ttingenZero\u201c, Ortsgruppe der bundes- weiten Initiative GermanZero, die solche kommunale Klimaentscheide bereits in 20 St\u00e4dten angesto\u00dfen hat. Die Idee, auch in G\u00f6ttingen ein B\u00fcrgerbegehren zu starten, keimte im letzten&nbsp;Sommer in einer studentischen WG: \u201eWir wollten etwas gegen das Ohnmachtsgef\u00fchl angesichts&nbsp;der Klimakrise machen\u201c, sagt&nbsp;Luise Przibilla, Studentin und Mitbegr\u00fcnderin der Initiative. \u201eInzwischen sind wir ein Team von etwa 20 aktiven Leuten aus allen Altersgruppen und T\u00e4tigkeitsbereichen\u201c,&nbsp;so Przibilla weiter.<\/p>\n\n\n\n<p>\u201eDie&nbsp;Versch\u00e4rfung der Klimaziele ist erforderlich, um die globale Erw\u00e4rmung auf unter 2 Grad, m\u00f6glichst aber unter 1,5 Grad, zu begrenzen. Das wurde 2015 im Klimavertrag von Paris, dem auch der Deutsche Bundestag einstimmig zugestimmt hat, v\u00f6lkerrecht- lich verbindlich beschlossen. Wird diese Grenze \u00fcberschritten, dann drohen uns nichtmehr umkehrbare, katastrophale Ver\u00e4nderungen des Klimasystems\u201c erkl\u00e4rt&nbsp;Dr. Manfred Sch\u00fcssler, Physiker und Mitglied der Initiative.<\/p>\n\n\n\n<p>Deshalb fordert G\u00f6ttingenZero, dass G\u00f6ttingen dem Beispiel anderer St\u00e4dte wie Erlangen, Kassel, Marburg, M\u00fcnster, Soest oder T\u00fcbingen folgt und sich Klimaneutrali- t\u00e4t 2030 zum Ziel setzt. Klimaneutralit\u00e4t bedeutet dabei, dass der Aussto\u00df von Treib- hausgasen (vor allem Kohlendioxid, das bei Verbrennungsprozessen frei wird) drastisch reduziert wird und der nicht zu vermeidende Rest durch aktiven Entzug von Kohlenstoff aus der Atmosph\u00e4re durch Aufforstung und andere Ma\u00dfnahmen ausgeglichen wird.<\/p>\n\n\n\n<p>Um zu zeigen, wie das praktisch umgesetzt werden kann, erarbeitet G\u00f6ttingenZero mit Unterst\u00fctzung von Experten bei GermanZero gegenw\u00e4rtig&nbsp;einen \u201eKlimastadtplan\u201c f\u00fcrG\u00f6ttingen, der Ma\u00dfnahmen und konkrete Zahlen f\u00fcr Kosten und Arbeitskr\u00e4ftebedarf enth\u00e4lt. \u201eKlimaschutz muss&nbsp;vor allem in den Kommunen umgesetzt werden und G\u00f6ttin- gen als Stadt, die mehr von Handel und Dienstleistung als von energieintensiver Indust- rie dominiert wird, sollte hier eine Vorreiterrolle spielen\u201c betont Luise&nbsp;Przibilla.<\/p>\n\n\n\n<p>Gemeinsam mit 36 Kultur-, Menschenrechts-, Klima- und Umweltgruppen hat G\u00f6ttingenZero au\u00dferdem einen Antrag ausgearbeitet, der im Februar im Rat der Stadt eingebracht wird. Der Antrag nimmt das Thema des B\u00fcrgerbegehrens auf: Anpassung des st\u00e4dtischen Klimaplans auf Klimaneutralit\u00e4t 2030 und dessen beschleunigte Umset- zung.<\/p>\n\n\n\n<p>Wer das B\u00fcrgergehren unterst\u00fctzen m\u00f6chte, kann auf einer der in vielen Gesch\u00e4ften ausliegenden Listen unterschreiben oder auch einen Listenvordruck auf der Internet- seite goettingen-klimaneutral.de herunterladen. Dort finden sich auch weitere Informati- onen zum B\u00fcrgerbegehren und zu den weiteren Aktivit\u00e4ten von G\u00f6ttingenZero.<\/p>\n\n\n\n<p>&#8212;&#8212;&#8212;&#8212;&#8212;&#8212;&#8212;&#8212;&#8212;&#8212;&#8212;&#8212;&#8212;&#8212;&#8212;&#8212;&#8212;&#8212;&#8212;&#8212;&#8212;&#8212;&#8212;&#8212;&#8212;&#8212;&#8212;&#8212;&#8212;&#8212;&#8212;&#8212;&#8212;&#8212;&#8212;&#8212;&#8212;&#8212;<\/p>\n\n\n\n<p>Bildunterschrift:<br \/>Luise Przibilla und Manfred Sch\u00fcssler von der InitiativeG\u00f6ttingenZero am Markt beim \u201eFahrrad-Briefkasten\u201c f\u00fcrUnterschriftenlisten des B\u00fcrgerbegehrens.<\/p>\n","protected":false},"excerpt":{"rendered":"<p>Manchen ist wohl schon ein Fahrrad aufgefallen, das mit einem Briefkasten ver- sehen nicht weit vom G\u00e4nseliesel-Brunnen steht. Das Zweirad macht auf ein B\u00fcr- gerbegehren aufmerksam, das seit dem 9. Dezember in G\u00f6ttingen l\u00e4uft. Gefordert wird darin, dass die Stadt G\u00f6ttingen ihren&nbsp;\u201eMasterplan 100% Klimaschutz\u201c&nbsp;so an- passt, dass Klimaneutralit\u00e4t der Stadt bereits im Jahr 2030 und [&hellip;]<\/p>\n","protected":false},"author":1,"featured_media":4133,"comment_status":"closed","ping_status":"closed","sticky":false,"template":"","format":"standard","meta":{"saved_in_kubio":false,"footnotes":""},"categories":[32],"tags":[],"class_list":["post-4131","post","type-post","status-publish","format-standard","has-post-thumbnail","hentry","category-natur-umwelt"],"yoast_head":"<!-- This site is optimized with the Yoast SEO plugin v27.5 - https:\/\/yoast.com\/product\/yoast-seo-wordpress\/ -->\n<title>Initiative G\u00f6ttingenZero startet B\u00fcrgerbegehren \u201eG\u00f6ttingen klimaneutral bis 2030\u201c - Radio Leinewelle<\/title>\n<meta name=\"robots\" content=\"index, follow, max-snippet:-1, max-image-preview:large, max-video-preview:-1\" \/>\n<link rel=\"canonical\" href=\"https:\/\/radioleinewelle.de\/index.php\/2021\/01\/14\/initiative-goettingenzero-startet-buergerbegehrengoettingen-klimaneutral-bis-2030\/\" \/>\n<meta property=\"og:locale\" content=\"de_DE\" \/>\n<meta property=\"og:type\" content=\"article\" \/>\n<meta property=\"og:title\" content=\"Initiative G\u00f6ttingenZero startet B\u00fcrgerbegehren \u201eG\u00f6ttingen klimaneutral bis 2030\u201c - Radio Leinewelle\" \/>\n<meta property=\"og:description\" content=\"Manchen ist wohl schon ein Fahrrad aufgefallen, das mit einem Briefkasten ver- sehen nicht weit vom G\u00e4nseliesel-Brunnen steht. Das Zweirad macht auf ein B\u00fcr- gerbegehren aufmerksam, das seit dem 9. Dezember in G\u00f6ttingen l\u00e4uft. Gefordert wird darin, dass die Stadt G\u00f6ttingen ihren&nbsp;\u201eMasterplan 100% Klimaschutz\u201c&nbsp;so an- passt, dass Klimaneutralit\u00e4t der Stadt bereits im Jahr 2030 und [&hellip;]\" \/>\n<meta property=\"og:url\" content=\"https:\/\/radioleinewelle.de\/index.php\/2021\/01\/14\/initiative-goettingenzero-startet-buergerbegehrengoettingen-klimaneutral-bis-2030\/\" \/>\n<meta property=\"og:site_name\" content=\"Radio Leinewelle\" \/>\n<meta property=\"article:publisher\" content=\"https:\/\/www.facebook.com\/radioleinewelle\" \/>\n<meta property=\"article:author\" content=\"https:\/\/www.facebook.com\/radioleinewelle\" \/>\n<meta property=\"article:published_time\" content=\"2021-01-14T04:30:00+00:00\" \/>\n<meta property=\"og:image\" content=\"https:\/\/radioleinewelle.de\/wp-content\/uploads\/2021\/01\/Foto_PM_2-scaled-e1610574618775.jpg\" \/>\n\t<meta property=\"og:image:width\" content=\"600\" \/>\n\t<meta property=\"og:image:height\" content=\"450\" \/>\n\t<meta property=\"og:image:type\" content=\"image\/jpeg\" \/>\n<meta name=\"author\" content=\"Leinewelle\" \/>\n<meta name=\"twitter:card\" content=\"summary_large_image\" \/>\n<meta name=\"twitter:creator\" content=\"@https:\/\/twitter.com\/RLeinewelle?ref_src=twsrcgoogletwcampserptwgrauthor\" \/>\n<meta name=\"twitter:site\" content=\"@RLeinewelle\" \/>\n<meta name=\"twitter:label1\" content=\"Verfasst von\" \/>\n\t<meta name=\"twitter:data1\" content=\"Leinewelle\" \/>\n\t<meta name=\"twitter:label2\" content=\"Gesch\u00e4tzte Lesezeit\" \/>\n\t<meta name=\"twitter:data2\" content=\"3\u00a0Minuten\" \/>\n<script type=\"application\/ld+json\" class=\"yoast-schema-graph\">{\"@context\":\"https:\\\/\\\/schema.org\",\"@graph\":[{\"@type\":\"Article\",\"@id\":\"https:\\\/\\\/radioleinewelle.de\\\/index.php\\\/2021\\\/01\\\/14\\\/initiative-goettingenzero-startet-buergerbegehrengoettingen-klimaneutral-bis-2030\\\/#article\",\"isPartOf\":{\"@id\":\"https:\\\/\\\/radioleinewelle.de\\\/index.php\\\/2021\\\/01\\\/14\\\/initiative-goettingenzero-startet-buergerbegehrengoettingen-klimaneutral-bis-2030\\\/\"},\"author\":{\"name\":\"Leinewelle\",\"@id\":\"https:\\\/\\\/radioleinewelle.de\\\/#\\\/schema\\\/person\\\/45606f348637df637192dc1b68399a63\"},\"headline\":\"Initiative G\u00f6ttingenZero startet B\u00fcrgerbegehren \u201eG\u00f6ttingen klimaneutral bis 2030\u201c\",\"datePublished\":\"2021-01-14T04:30:00+00:00\",\"mainEntityOfPage\":{\"@id\":\"https:\\\/\\\/radioleinewelle.de\\\/index.php\\\/2021\\\/01\\\/14\\\/initiative-goettingenzero-startet-buergerbegehrengoettingen-klimaneutral-bis-2030\\\/\"},\"wordCount\":537,\"publisher\":{\"@id\":\"https:\\\/\\\/radioleinewelle.de\\\/#organization\"},\"image\":{\"@id\":\"https:\\\/\\\/radioleinewelle.de\\\/index.php\\\/2021\\\/01\\\/14\\\/initiative-goettingenzero-startet-buergerbegehrengoettingen-klimaneutral-bis-2030\\\/#primaryimage\"},\"thumbnailUrl\":\"https:\\\/\\\/radioleinewelle.de\\\/wp-content\\\/uploads\\\/2021\\\/01\\\/Foto_PM_2-scaled-e1610574618775.jpg\",\"articleSection\":[\"Natur &amp; Umwelt\"],\"inLanguage\":\"de\"},{\"@type\":\"WebPage\",\"@id\":\"https:\\\/\\\/radioleinewelle.de\\\/index.php\\\/2021\\\/01\\\/14\\\/initiative-goettingenzero-startet-buergerbegehrengoettingen-klimaneutral-bis-2030\\\/\",\"url\":\"https:\\\/\\\/radioleinewelle.de\\\/index.php\\\/2021\\\/01\\\/14\\\/initiative-goettingenzero-startet-buergerbegehrengoettingen-klimaneutral-bis-2030\\\/\",\"name\":\"Initiative G\u00f6ttingenZero startet B\u00fcrgerbegehren \u201eG\u00f6ttingen klimaneutral bis 2030\u201c - Radio Leinewelle\",\"isPartOf\":{\"@id\":\"https:\\\/\\\/radioleinewelle.de\\\/#website\"},\"primaryImageOfPage\":{\"@id\":\"https:\\\/\\\/radioleinewelle.de\\\/index.php\\\/2021\\\/01\\\/14\\\/initiative-goettingenzero-startet-buergerbegehrengoettingen-klimaneutral-bis-2030\\\/#primaryimage\"},\"image\":{\"@id\":\"https:\\\/\\\/radioleinewelle.de\\\/index.php\\\/2021\\\/01\\\/14\\\/initiative-goettingenzero-startet-buergerbegehrengoettingen-klimaneutral-bis-2030\\\/#primaryimage\"},\"thumbnailUrl\":\"https:\\\/\\\/radioleinewelle.de\\\/wp-content\\\/uploads\\\/2021\\\/01\\\/Foto_PM_2-scaled-e1610574618775.jpg\",\"datePublished\":\"2021-01-14T04:30:00+00:00\",\"breadcrumb\":{\"@id\":\"https:\\\/\\\/radioleinewelle.de\\\/index.php\\\/2021\\\/01\\\/14\\\/initiative-goettingenzero-startet-buergerbegehrengoettingen-klimaneutral-bis-2030\\\/#breadcrumb\"},\"inLanguage\":\"de\",\"potentialAction\":[{\"@type\":\"ReadAction\",\"target\":[\"https:\\\/\\\/radioleinewelle.de\\\/index.php\\\/2021\\\/01\\\/14\\\/initiative-goettingenzero-startet-buergerbegehrengoettingen-klimaneutral-bis-2030\\\/\"]}]},{\"@type\":\"ImageObject\",\"inLanguage\":\"de\",\"@id\":\"https:\\\/\\\/radioleinewelle.de\\\/index.php\\\/2021\\\/01\\\/14\\\/initiative-goettingenzero-startet-buergerbegehrengoettingen-klimaneutral-bis-2030\\\/#primaryimage\",\"url\":\"https:\\\/\\\/radioleinewelle.de\\\/wp-content\\\/uploads\\\/2021\\\/01\\\/Foto_PM_2-scaled-e1610574618775.jpg\",\"contentUrl\":\"https:\\\/\\\/radioleinewelle.de\\\/wp-content\\\/uploads\\\/2021\\\/01\\\/Foto_PM_2-scaled-e1610574618775.jpg\",\"width\":600,\"height\":450},{\"@type\":\"BreadcrumbList\",\"@id\":\"https:\\\/\\\/radioleinewelle.de\\\/index.php\\\/2021\\\/01\\\/14\\\/initiative-goettingenzero-startet-buergerbegehrengoettingen-klimaneutral-bis-2030\\\/#breadcrumb\",\"itemListElement\":[{\"@type\":\"ListItem\",\"position\":1,\"name\":\"Startseite\",\"item\":\"https:\\\/\\\/radioleinewelle.de\\\/\"},{\"@type\":\"ListItem\",\"position\":2,\"name\":\"Initiative G\u00f6ttingenZero startet B\u00fcrgerbegehren \u201eG\u00f6ttingen klimaneutral bis 2030\u201c\"}]},{\"@type\":\"WebSite\",\"@id\":\"https:\\\/\\\/radioleinewelle.de\\\/#website\",\"url\":\"https:\\\/\\\/radioleinewelle.de\\\/\",\"name\":\"Radio Leinewelle\",\"description\":\"\",\"publisher\":{\"@id\":\"https:\\\/\\\/radioleinewelle.de\\\/#organization\"},\"potentialAction\":[{\"@type\":\"SearchAction\",\"target\":{\"@type\":\"EntryPoint\",\"urlTemplate\":\"https:\\\/\\\/radioleinewelle.de\\\/?s={search_term_string}\"},\"query-input\":{\"@type\":\"PropertyValueSpecification\",\"valueRequired\":true,\"valueName\":\"search_term_string\"}}],\"inLanguage\":\"de\"},{\"@type\":\"Organization\",\"@id\":\"https:\\\/\\\/radioleinewelle.de\\\/#organization\",\"name\":\"Radio Leinewelle\",\"alternateName\":\"Mein Radio f\u00fcr S\u00fcdniedersachsen\",\"url\":\"https:\\\/\\\/radioleinewelle.de\\\/\",\"logo\":{\"@type\":\"ImageObject\",\"inLanguage\":\"de\",\"@id\":\"https:\\\/\\\/radioleinewelle.de\\\/#\\\/schema\\\/logo\\\/image\\\/\",\"url\":\"https:\\\/\\\/radioleinewelle.de\\\/wp-content\\\/uploads\\\/2023\\\/11\\\/cropped-Leinewelle_Logo_weiss.png\",\"contentUrl\":\"https:\\\/\\\/radioleinewelle.de\\\/wp-content\\\/uploads\\\/2023\\\/11\\\/cropped-Leinewelle_Logo_weiss.png\",\"width\":854,\"height\":260,\"caption\":\"Radio Leinewelle\"},\"image\":{\"@id\":\"https:\\\/\\\/radioleinewelle.de\\\/#\\\/schema\\\/logo\\\/image\\\/\"},\"sameAs\":[\"https:\\\/\\\/www.facebook.com\\\/radioleinewelle\",\"https:\\\/\\\/x.com\\\/RLeinewelle\",\"https:\\\/\\\/www.instagram.com\\\/radioleinewelle\\\/?hl=de\"]},{\"@type\":\"Person\",\"@id\":\"https:\\\/\\\/radioleinewelle.de\\\/#\\\/schema\\\/person\\\/45606f348637df637192dc1b68399a63\",\"name\":\"Leinewelle\",\"image\":{\"@type\":\"ImageObject\",\"inLanguage\":\"de\",\"@id\":\"https:\\\/\\\/secure.gravatar.com\\\/avatar\\\/05c9a17bc973052ee5d91549bd32fb4dd0dc85b7b85ae94b2e2b4943476bbea5?s=96&d=blank&r=g\",\"url\":\"https:\\\/\\\/secure.gravatar.com\\\/avatar\\\/05c9a17bc973052ee5d91549bd32fb4dd0dc85b7b85ae94b2e2b4943476bbea5?s=96&d=blank&r=g\",\"contentUrl\":\"https:\\\/\\\/secure.gravatar.com\\\/avatar\\\/05c9a17bc973052ee5d91549bd32fb4dd0dc85b7b85ae94b2e2b4943476bbea5?s=96&d=blank&r=g\",\"caption\":\"Leinewelle\"},\"sameAs\":[\"http:\\\/\\\/localhost\\\/radio%20leinewelle\\\/wordpress\",\"https:\\\/\\\/www.facebook.com\\\/radioleinewelle\",\"https:\\\/\\\/www.instagram.com\\\/radioleinewelle\",\"https:\\\/\\\/x.com\\\/https:\\\/\\\/twitter.com\\\/RLeinewelle?ref_src=twsrcgoogletwcampserptwgrauthor\",\"https:\\\/\\\/soundcloud.com\\\/foerderverein-lokalradio?utm_source=clipboard&utm_medium=text&utm_campaign=social_sharing\"],\"url\":\"https:\\\/\\\/radioleinewelle.de\\\/index.php\\\/author\\\/leinewelle\\\/\"}]}<\/script>\n<!-- \/ Yoast SEO plugin. -->","yoast_head_json":{"title":"Initiative G\u00f6ttingenZero startet B\u00fcrgerbegehren \u201eG\u00f6ttingen klimaneutral bis 2030\u201c - Radio Leinewelle","robots":{"index":"index","follow":"follow","max-snippet":"max-snippet:-1","max-image-preview":"max-image-preview:large","max-video-preview":"max-video-preview:-1"},"canonical":"https:\/\/radioleinewelle.de\/index.php\/2021\/01\/14\/initiative-goettingenzero-startet-buergerbegehrengoettingen-klimaneutral-bis-2030\/","og_locale":"de_DE","og_type":"article","og_title":"Initiative G\u00f6ttingenZero startet B\u00fcrgerbegehren \u201eG\u00f6ttingen klimaneutral bis 2030\u201c - Radio Leinewelle","og_description":"Manchen ist wohl schon ein Fahrrad aufgefallen, das mit einem Briefkasten ver- sehen nicht weit vom G\u00e4nseliesel-Brunnen steht. Das Zweirad macht auf ein B\u00fcr- gerbegehren aufmerksam, das seit dem 9. Dezember in G\u00f6ttingen l\u00e4uft. Gefordert wird darin, dass die Stadt G\u00f6ttingen ihren&nbsp;\u201eMasterplan 100% Klimaschutz\u201c&nbsp;so an- passt, dass Klimaneutralit\u00e4t der Stadt bereits im Jahr 2030 und [&hellip;]","og_url":"https:\/\/radioleinewelle.de\/index.php\/2021\/01\/14\/initiative-goettingenzero-startet-buergerbegehrengoettingen-klimaneutral-bis-2030\/","og_site_name":"Radio Leinewelle","article_publisher":"https:\/\/www.facebook.com\/radioleinewelle","article_author":"https:\/\/www.facebook.com\/radioleinewelle","article_published_time":"2021-01-14T04:30:00+00:00","og_image":[{"width":600,"height":450,"url":"https:\/\/radioleinewelle.de\/wp-content\/uploads\/2021\/01\/Foto_PM_2-scaled-e1610574618775.jpg","type":"image\/jpeg"}],"author":"Leinewelle","twitter_card":"summary_large_image","twitter_creator":"@https:\/\/twitter.com\/RLeinewelle?ref_src=twsrcgoogletwcampserptwgrauthor","twitter_site":"@RLeinewelle","twitter_misc":{"Verfasst von":"Leinewelle","Gesch\u00e4tzte Lesezeit":"3\u00a0Minuten"},"schema":{"@context":"https:\/\/schema.org","@graph":[{"@type":"Article","@id":"https:\/\/radioleinewelle.de\/index.php\/2021\/01\/14\/initiative-goettingenzero-startet-buergerbegehrengoettingen-klimaneutral-bis-2030\/#article","isPartOf":{"@id":"https:\/\/radioleinewelle.de\/index.php\/2021\/01\/14\/initiative-goettingenzero-startet-buergerbegehrengoettingen-klimaneutral-bis-2030\/"},"author":{"name":"Leinewelle","@id":"https:\/\/radioleinewelle.de\/#\/schema\/person\/45606f348637df637192dc1b68399a63"},"headline":"Initiative G\u00f6ttingenZero startet B\u00fcrgerbegehren \u201eG\u00f6ttingen klimaneutral bis 2030\u201c","datePublished":"2021-01-14T04:30:00+00:00","mainEntityOfPage":{"@id":"https:\/\/radioleinewelle.de\/index.php\/2021\/01\/14\/initiative-goettingenzero-startet-buergerbegehrengoettingen-klimaneutral-bis-2030\/"},"wordCount":537,"publisher":{"@id":"https:\/\/radioleinewelle.de\/#organization"},"image":{"@id":"https:\/\/radioleinewelle.de\/index.php\/2021\/01\/14\/initiative-goettingenzero-startet-buergerbegehrengoettingen-klimaneutral-bis-2030\/#primaryimage"},"thumbnailUrl":"https:\/\/radioleinewelle.de\/wp-content\/uploads\/2021\/01\/Foto_PM_2-scaled-e1610574618775.jpg","articleSection":["Natur &amp; Umwelt"],"inLanguage":"de"},{"@type":"WebPage","@id":"https:\/\/radioleinewelle.de\/index.php\/2021\/01\/14\/initiative-goettingenzero-startet-buergerbegehrengoettingen-klimaneutral-bis-2030\/","url":"https:\/\/radioleinewelle.de\/index.php\/2021\/01\/14\/initiative-goettingenzero-startet-buergerbegehrengoettingen-klimaneutral-bis-2030\/","name":"Initiative G\u00f6ttingenZero startet B\u00fcrgerbegehren \u201eG\u00f6ttingen klimaneutral bis 2030\u201c - Radio Leinewelle","isPartOf":{"@id":"https:\/\/radioleinewelle.de\/#website"},"primaryImageOfPage":{"@id":"https:\/\/radioleinewelle.de\/index.php\/2021\/01\/14\/initiative-goettingenzero-startet-buergerbegehrengoettingen-klimaneutral-bis-2030\/#primaryimage"},"image":{"@id":"https:\/\/radioleinewelle.de\/index.php\/2021\/01\/14\/initiative-goettingenzero-startet-buergerbegehrengoettingen-klimaneutral-bis-2030\/#primaryimage"},"thumbnailUrl":"https:\/\/radioleinewelle.de\/wp-content\/uploads\/2021\/01\/Foto_PM_2-scaled-e1610574618775.jpg","datePublished":"2021-01-14T04:30:00+00:00","breadcrumb":{"@id":"https:\/\/radioleinewelle.de\/index.php\/2021\/01\/14\/initiative-goettingenzero-startet-buergerbegehrengoettingen-klimaneutral-bis-2030\/#breadcrumb"},"inLanguage":"de","potentialAction":[{"@type":"ReadAction","target":["https:\/\/radioleinewelle.de\/index.php\/2021\/01\/14\/initiative-goettingenzero-startet-buergerbegehrengoettingen-klimaneutral-bis-2030\/"]}]},{"@type":"ImageObject","inLanguage":"de","@id":"https:\/\/radioleinewelle.de\/index.php\/2021\/01\/14\/initiative-goettingenzero-startet-buergerbegehrengoettingen-klimaneutral-bis-2030\/#primaryimage","url":"https:\/\/radioleinewelle.de\/wp-content\/uploads\/2021\/01\/Foto_PM_2-scaled-e1610574618775.jpg","contentUrl":"https:\/\/radioleinewelle.de\/wp-content\/uploads\/2021\/01\/Foto_PM_2-scaled-e1610574618775.jpg","width":600,"height":450},{"@type":"BreadcrumbList","@id":"https:\/\/radioleinewelle.de\/index.php\/2021\/01\/14\/initiative-goettingenzero-startet-buergerbegehrengoettingen-klimaneutral-bis-2030\/#breadcrumb","itemListElement":[{"@type":"ListItem","position":1,"name":"Startseite","item":"https:\/\/radioleinewelle.de\/"},{"@type":"ListItem","position":2,"name":"Initiative G\u00f6ttingenZero startet B\u00fcrgerbegehren \u201eG\u00f6ttingen klimaneutral bis 2030\u201c"}]},{"@type":"WebSite","@id":"https:\/\/radioleinewelle.de\/#website","url":"https:\/\/radioleinewelle.de\/","name":"Radio Leinewelle","description":"","publisher":{"@id":"https:\/\/radioleinewelle.de\/#organization"},"potentialAction":[{"@type":"SearchAction","target":{"@type":"EntryPoint","urlTemplate":"https:\/\/radioleinewelle.de\/?s={search_term_string}"},"query-input":{"@type":"PropertyValueSpecification","valueRequired":true,"valueName":"search_term_string"}}],"inLanguage":"de"},{"@type":"Organization","@id":"https:\/\/radioleinewelle.de\/#organization","name":"Radio Leinewelle","alternateName":"Mein Radio f\u00fcr S\u00fcdniedersachsen","url":"https:\/\/radioleinewelle.de\/","logo":{"@type":"ImageObject","inLanguage":"de","@id":"https:\/\/radioleinewelle.de\/#\/schema\/logo\/image\/","url":"https:\/\/radioleinewelle.de\/wp-content\/uploads\/2023\/11\/cropped-Leinewelle_Logo_weiss.png","contentUrl":"https:\/\/radioleinewelle.de\/wp-content\/uploads\/2023\/11\/cropped-Leinewelle_Logo_weiss.png","width":854,"height":260,"caption":"Radio Leinewelle"},"image":{"@id":"https:\/\/radioleinewelle.de\/#\/schema\/logo\/image\/"},"sameAs":["https:\/\/www.facebook.com\/radioleinewelle","https:\/\/x.com\/RLeinewelle","https:\/\/www.instagram.com\/radioleinewelle\/?hl=de"]},{"@type":"Person","@id":"https:\/\/radioleinewelle.de\/#\/schema\/person\/45606f348637df637192dc1b68399a63","name":"Leinewelle","image":{"@type":"ImageObject","inLanguage":"de","@id":"https:\/\/secure.gravatar.com\/avatar\/05c9a17bc973052ee5d91549bd32fb4dd0dc85b7b85ae94b2e2b4943476bbea5?s=96&d=blank&r=g","url":"https:\/\/secure.gravatar.com\/avatar\/05c9a17bc973052ee5d91549bd32fb4dd0dc85b7b85ae94b2e2b4943476bbea5?s=96&d=blank&r=g","contentUrl":"https:\/\/secure.gravatar.com\/avatar\/05c9a17bc973052ee5d91549bd32fb4dd0dc85b7b85ae94b2e2b4943476bbea5?s=96&d=blank&r=g","caption":"Leinewelle"},"sameAs":["http:\/\/localhost\/radio%20leinewelle\/wordpress","https:\/\/www.facebook.com\/radioleinewelle","https:\/\/www.instagram.com\/radioleinewelle","https:\/\/x.com\/https:\/\/twitter.com\/RLeinewelle?ref_src=twsrcgoogletwcampserptwgrauthor","https:\/\/soundcloud.com\/foerderverein-lokalradio?utm_source=clipboard&utm_medium=text&utm_campaign=social_sharing"],"url":"https:\/\/radioleinewelle.de\/index.php\/author\/leinewelle\/"}]}},"_links":{"self":[{"href":"https:\/\/radioleinewelle.de\/index.php\/wp-json\/wp\/v2\/posts\/4131","targetHints":{"allow":["GET"]}}],"collection":[{"href":"https:\/\/radioleinewelle.de\/index.php\/wp-json\/wp\/v2\/posts"}],"about":[{"href":"https:\/\/radioleinewelle.de\/index.php\/wp-json\/wp\/v2\/types\/post"}],"author":[{"embeddable":true,"href":"https:\/\/radioleinewelle.de\/index.php\/wp-json\/wp\/v2\/users\/1"}],"replies":[{"embeddable":true,"href":"https:\/\/radioleinewelle.de\/index.php\/wp-json\/wp\/v2\/comments?post=4131"}],"version-history":[{"count":0,"href":"https:\/\/radioleinewelle.de\/index.php\/wp-json\/wp\/v2\/posts\/4131\/revisions"}],"wp:featuredmedia":[{"embeddable":true,"href":"https:\/\/radioleinewelle.de\/index.php\/wp-json\/wp\/v2\/media\/4133"}],"wp:attachment":[{"href":"https:\/\/radioleinewelle.de\/index.php\/wp-json\/wp\/v2\/media?parent=4131"}],"wp:term":[{"taxonomy":"category","embeddable":true,"href":"https:\/\/radioleinewelle.de\/index.php\/wp-json\/wp\/v2\/categories?post=4131"},{"taxonomy":"post_tag","embeddable":true,"href":"https:\/\/radioleinewelle.de\/index.php\/wp-json\/wp\/v2\/tags?post=4131"}],"curies":[{"name":"wp","href":"https:\/\/api.w.org\/{rel}","templated":true}]}}