{"id":4159,"date":"2021-01-15T05:10:00","date_gmt":"2021-01-15T04:10:00","guid":{"rendered":"https:\/\/radioleinewelle.de\/?p=4159"},"modified":"2021-01-15T05:10:00","modified_gmt":"2021-01-15T04:10:00","slug":"4159","status":"publish","type":"post","link":"https:\/\/radioleinewelle.de\/index.php\/2021\/01\/15\/4159\/","title":{"rendered":"G\u00f6ttinger CDU fordert Raumluftfilter und Plexiglastrennw\u00e4nde f\u00fcr Klassenr\u00e4ume"},"content":{"rendered":"\n<p>CDU stellt Antrag auf sofortiges Ma\u00dfnahmenpaket zum gesundheitlichen Schutz in Klassenr\u00e4umen. \u201eWenn der Unterricht wieder losgeht, m\u00fcssen die G\u00f6ttinger Schulen daf\u00fcr ger\u00fcstet sein. Es war jetzt lange genug Zeit, alles f\u00fcr die Gesundheit des Lehrpersonals und der Sch\u00fclerinnen und Sch\u00fcler vorzubereiten. Passiert ist leider quasi nichts\u201c, bilanziert Wibke G\u00fcntzler f\u00fcr die CDU-Ratsfraktion. Die Situation in manchen Klassenr\u00e4umen sei bereits zu Ende des letzten Jahres nicht mehr akzeptabel gewesen. \u201eSchon im Sommer haben alle Experten vor einer zweiten Welle der Corona-Pandemie gewarnt. Sp\u00e4testens im Herbst h\u00e4tten dann bei Kultusminister Tonne aber auch der G\u00f6ttinger Verwaltung alle Alarmglocken schrillen m\u00fcssen. Diese wertvolle Zeit fehlt uns nun.\u201c<\/p>\n\n\n\n<p>Man k\u00f6nne nur hoffen, dass der SPD-Kultusminister Tonne das Problem nicht aussitzen wolle \u2013 Dass n\u00e4mlich so lange kein Pr\u00e4senz-Unterricht stattfinden soll, bis die Infektionszahlen wieder ein \u00fcberschaubareres Ma\u00df angenommen h\u00e4tten und deswegen auch die Kommunen nicht in die gesundheitliche Sicherheit der Klassenr\u00e4ume investieren m\u00fcssten. \u201eDas w\u00fcrde nicht nur die Schulen, sondern insbesondere die sowieso schon stark geforderten Familien vor ungeahnte Herausforderungen stellen\u201c, so G\u00fcntzler. Man m\u00fcsse schnellstm\u00f6glich daf\u00fcr sorgen, die Klassenr\u00e4ume \u201acorona-gerecht\u2018 auszustatten. Der politische Wille daf\u00fcr wurde mehrfach ausdr\u00fccklich artikuliert. Da kein Fortschritt in Sicht sei, will die Union nochmal nachlegen.<\/p>\n\n\n\n<p>Die CDU-Ratsfraktion stellt daher Antrag, unverz\u00fcglich geeignete Luftfilteranlagen und Plexiglas-Trennscheiben f\u00fcr Klassenr\u00e4ume anzuschaffen. Diese sollen bei Wiederaufnahme des Pr\u00e4senz-Unterrichtes als Baustein f\u00fcr die Gew\u00e4hrleistung des gesundheitlichen Schutzes von Sch\u00fclerinnen, Sch\u00fclern und Lehrpersonal dienen. Bisher seien lediglich einige Ger\u00e4te f\u00fcr den Testbetrieb angeschafft worden. \u201eWieso man die belegten wissenschaftlichen Erkenntnisse erst testen muss, ist mir schleierhaft\u201c, so G\u00fcntzler.<\/p>\n\n\n\n<p>\u201eWenn ich vor der Entscheidung stehen w\u00fcrde, 3,5 Millionen Euro f\u00fcr einen autofreien Albaniplatz oder f\u00fcr Luftfilter und Plexiglasscheiben f\u00fcr unsere Schulen auszugeben, m\u00fcsste ich nicht lange z\u00f6gern. Und das ist wahrlich kein Vergleich von \u00c4pfeln und Birnen\u201c, verdeutlicht der Fraktionsvorsitzende Olaf Feuerstein die offene Finanzierungsfrage. \u201eDas Geld, so sieht man es ja immer wieder an vielen Stellen in der Stadt, ist da. Wichtig ist jetzt nur, dass wir es nach einer klaren Priorit\u00e4tensetzung ausgeben. Im Plenarsaal des Nieders\u00e4chsischen Landtages oder auch in Gerichten selbst hier in G\u00f6ttingen gibt es bereits seit langer Zeit Plexiglasabtrennungen und Luftfilter. \u00dcber die Notwendigkeit das auch f\u00fcr Schulen bereit zu stellen, d\u00fcrfen wir jetzt keine Grundsatzdiskussionen mehr f\u00fchren\u201c, so Feuerstein.<\/p>\n\n\n\n<p>Dringlichkeitsantrag zur Sitzung des Bauausschusses am 21. Januar 2021<\/p>\n\n\n\n<p><\/p>\n","protected":false},"excerpt":{"rendered":"<p>CDU stellt Antrag auf sofortiges Ma\u00dfnahmenpaket zum gesundheitlichen Schutz in Klassenr\u00e4umen. \u201eWenn der Unterricht wieder losgeht, m\u00fcssen die G\u00f6ttinger Schulen daf\u00fcr ger\u00fcstet sein. Es war jetzt lange genug Zeit, alles f\u00fcr die Gesundheit des Lehrpersonals und der Sch\u00fclerinnen und Sch\u00fcler vorzubereiten. Passiert ist leider quasi nichts\u201c, bilanziert Wibke G\u00fcntzler f\u00fcr die CDU-Ratsfraktion. Die Situation in [&hellip;]<\/p>\n","protected":false},"author":1,"featured_media":0,"comment_status":"closed","ping_status":"closed","sticky":false,"template":"","format":"standard","meta":{"saved_in_kubio":false,"footnotes":""},"categories":[23],"tags":[],"class_list":["post-4159","post","type-post","status-publish","format-standard","hentry","category-corona"],"yoast_head":"<!-- This site is optimized with the Yoast SEO plugin v27.5 - https:\/\/yoast.com\/product\/yoast-seo-wordpress\/ -->\n<title>G\u00f6ttinger CDU fordert Raumluftfilter und Plexiglastrennw\u00e4nde f\u00fcr Klassenr\u00e4ume - Radio Leinewelle<\/title>\n<meta name=\"robots\" content=\"index, follow, max-snippet:-1, max-image-preview:large, max-video-preview:-1\" \/>\n<link rel=\"canonical\" href=\"https:\/\/radioleinewelle.de\/index.php\/2021\/01\/15\/4159\/\" \/>\n<meta property=\"og:locale\" content=\"de_DE\" \/>\n<meta property=\"og:type\" content=\"article\" \/>\n<meta property=\"og:title\" content=\"G\u00f6ttinger CDU fordert Raumluftfilter und Plexiglastrennw\u00e4nde f\u00fcr Klassenr\u00e4ume - Radio Leinewelle\" \/>\n<meta property=\"og:description\" content=\"CDU stellt Antrag auf sofortiges Ma\u00dfnahmenpaket zum gesundheitlichen Schutz in Klassenr\u00e4umen. \u201eWenn der Unterricht wieder losgeht, m\u00fcssen die G\u00f6ttinger Schulen daf\u00fcr ger\u00fcstet sein. Es war jetzt lange genug Zeit, alles f\u00fcr die Gesundheit des Lehrpersonals und der Sch\u00fclerinnen und Sch\u00fcler vorzubereiten. Passiert ist leider quasi nichts\u201c, bilanziert Wibke G\u00fcntzler f\u00fcr die CDU-Ratsfraktion. Die Situation in [&hellip;]\" \/>\n<meta property=\"og:url\" content=\"https:\/\/radioleinewelle.de\/index.php\/2021\/01\/15\/4159\/\" \/>\n<meta property=\"og:site_name\" content=\"Radio Leinewelle\" \/>\n<meta property=\"article:publisher\" content=\"https:\/\/www.facebook.com\/radioleinewelle\" \/>\n<meta property=\"article:author\" content=\"https:\/\/www.facebook.com\/radioleinewelle\" \/>\n<meta property=\"article:published_time\" content=\"2021-01-15T04:10:00+00:00\" \/>\n<meta name=\"author\" content=\"Leinewelle\" \/>\n<meta name=\"twitter:card\" content=\"summary_large_image\" \/>\n<meta name=\"twitter:creator\" content=\"@https:\/\/twitter.com\/RLeinewelle?ref_src=twsrcgoogletwcampserptwgrauthor\" \/>\n<meta name=\"twitter:site\" content=\"@RLeinewelle\" \/>\n<meta name=\"twitter:label1\" content=\"Verfasst von\" \/>\n\t<meta name=\"twitter:data1\" content=\"Leinewelle\" \/>\n\t<meta name=\"twitter:label2\" content=\"Gesch\u00e4tzte Lesezeit\" \/>\n\t<meta name=\"twitter:data2\" content=\"2\u00a0Minuten\" \/>\n<script type=\"application\/ld+json\" class=\"yoast-schema-graph\">{\"@context\":\"https:\\\/\\\/schema.org\",\"@graph\":[{\"@type\":\"Article\",\"@id\":\"https:\\\/\\\/radioleinewelle.de\\\/index.php\\\/2021\\\/01\\\/15\\\/4159\\\/#article\",\"isPartOf\":{\"@id\":\"https:\\\/\\\/radioleinewelle.de\\\/index.php\\\/2021\\\/01\\\/15\\\/4159\\\/\"},\"author\":{\"name\":\"Leinewelle\",\"@id\":\"https:\\\/\\\/radioleinewelle.de\\\/#\\\/schema\\\/person\\\/45606f348637df637192dc1b68399a63\"},\"headline\":\"G\u00f6ttinger CDU fordert Raumluftfilter und Plexiglastrennw\u00e4nde f\u00fcr Klassenr\u00e4ume\",\"datePublished\":\"2021-01-15T04:10:00+00:00\",\"mainEntityOfPage\":{\"@id\":\"https:\\\/\\\/radioleinewelle.de\\\/index.php\\\/2021\\\/01\\\/15\\\/4159\\\/\"},\"wordCount\":440,\"publisher\":{\"@id\":\"https:\\\/\\\/radioleinewelle.de\\\/#organization\"},\"articleSection\":[\"Corona\"],\"inLanguage\":\"de\"},{\"@type\":\"WebPage\",\"@id\":\"https:\\\/\\\/radioleinewelle.de\\\/index.php\\\/2021\\\/01\\\/15\\\/4159\\\/\",\"url\":\"https:\\\/\\\/radioleinewelle.de\\\/index.php\\\/2021\\\/01\\\/15\\\/4159\\\/\",\"name\":\"G\u00f6ttinger CDU fordert Raumluftfilter und Plexiglastrennw\u00e4nde f\u00fcr Klassenr\u00e4ume - Radio Leinewelle\",\"isPartOf\":{\"@id\":\"https:\\\/\\\/radioleinewelle.de\\\/#website\"},\"datePublished\":\"2021-01-15T04:10:00+00:00\",\"breadcrumb\":{\"@id\":\"https:\\\/\\\/radioleinewelle.de\\\/index.php\\\/2021\\\/01\\\/15\\\/4159\\\/#breadcrumb\"},\"inLanguage\":\"de\",\"potentialAction\":[{\"@type\":\"ReadAction\",\"target\":[\"https:\\\/\\\/radioleinewelle.de\\\/index.php\\\/2021\\\/01\\\/15\\\/4159\\\/\"]}]},{\"@type\":\"BreadcrumbList\",\"@id\":\"https:\\\/\\\/radioleinewelle.de\\\/index.php\\\/2021\\\/01\\\/15\\\/4159\\\/#breadcrumb\",\"itemListElement\":[{\"@type\":\"ListItem\",\"position\":1,\"name\":\"Startseite\",\"item\":\"https:\\\/\\\/radioleinewelle.de\\\/\"},{\"@type\":\"ListItem\",\"position\":2,\"name\":\"G\u00f6ttinger CDU fordert Raumluftfilter und Plexiglastrennw\u00e4nde f\u00fcr Klassenr\u00e4ume\"}]},{\"@type\":\"WebSite\",\"@id\":\"https:\\\/\\\/radioleinewelle.de\\\/#website\",\"url\":\"https:\\\/\\\/radioleinewelle.de\\\/\",\"name\":\"Radio Leinewelle\",\"description\":\"\",\"publisher\":{\"@id\":\"https:\\\/\\\/radioleinewelle.de\\\/#organization\"},\"potentialAction\":[{\"@type\":\"SearchAction\",\"target\":{\"@type\":\"EntryPoint\",\"urlTemplate\":\"https:\\\/\\\/radioleinewelle.de\\\/?s={search_term_string}\"},\"query-input\":{\"@type\":\"PropertyValueSpecification\",\"valueRequired\":true,\"valueName\":\"search_term_string\"}}],\"inLanguage\":\"de\"},{\"@type\":\"Organization\",\"@id\":\"https:\\\/\\\/radioleinewelle.de\\\/#organization\",\"name\":\"Radio Leinewelle\",\"alternateName\":\"Mein Radio f\u00fcr S\u00fcdniedersachsen\",\"url\":\"https:\\\/\\\/radioleinewelle.de\\\/\",\"logo\":{\"@type\":\"ImageObject\",\"inLanguage\":\"de\",\"@id\":\"https:\\\/\\\/radioleinewelle.de\\\/#\\\/schema\\\/logo\\\/image\\\/\",\"url\":\"https:\\\/\\\/radioleinewelle.de\\\/wp-content\\\/uploads\\\/2023\\\/11\\\/cropped-Leinewelle_Logo_weiss.png\",\"contentUrl\":\"https:\\\/\\\/radioleinewelle.de\\\/wp-content\\\/uploads\\\/2023\\\/11\\\/cropped-Leinewelle_Logo_weiss.png\",\"width\":854,\"height\":260,\"caption\":\"Radio Leinewelle\"},\"image\":{\"@id\":\"https:\\\/\\\/radioleinewelle.de\\\/#\\\/schema\\\/logo\\\/image\\\/\"},\"sameAs\":[\"https:\\\/\\\/www.facebook.com\\\/radioleinewelle\",\"https:\\\/\\\/x.com\\\/RLeinewelle\",\"https:\\\/\\\/www.instagram.com\\\/radioleinewelle\\\/?hl=de\"]},{\"@type\":\"Person\",\"@id\":\"https:\\\/\\\/radioleinewelle.de\\\/#\\\/schema\\\/person\\\/45606f348637df637192dc1b68399a63\",\"name\":\"Leinewelle\",\"image\":{\"@type\":\"ImageObject\",\"inLanguage\":\"de\",\"@id\":\"https:\\\/\\\/secure.gravatar.com\\\/avatar\\\/05c9a17bc973052ee5d91549bd32fb4dd0dc85b7b85ae94b2e2b4943476bbea5?s=96&d=blank&r=g\",\"url\":\"https:\\\/\\\/secure.gravatar.com\\\/avatar\\\/05c9a17bc973052ee5d91549bd32fb4dd0dc85b7b85ae94b2e2b4943476bbea5?s=96&d=blank&r=g\",\"contentUrl\":\"https:\\\/\\\/secure.gravatar.com\\\/avatar\\\/05c9a17bc973052ee5d91549bd32fb4dd0dc85b7b85ae94b2e2b4943476bbea5?s=96&d=blank&r=g\",\"caption\":\"Leinewelle\"},\"sameAs\":[\"http:\\\/\\\/localhost\\\/radio%20leinewelle\\\/wordpress\",\"https:\\\/\\\/www.facebook.com\\\/radioleinewelle\",\"https:\\\/\\\/www.instagram.com\\\/radioleinewelle\",\"https:\\\/\\\/x.com\\\/https:\\\/\\\/twitter.com\\\/RLeinewelle?ref_src=twsrcgoogletwcampserptwgrauthor\",\"https:\\\/\\\/soundcloud.com\\\/foerderverein-lokalradio?utm_source=clipboard&utm_medium=text&utm_campaign=social_sharing\"],\"url\":\"https:\\\/\\\/radioleinewelle.de\\\/index.php\\\/author\\\/leinewelle\\\/\"}]}<\/script>\n<!-- \/ Yoast SEO plugin. -->","yoast_head_json":{"title":"G\u00f6ttinger CDU fordert Raumluftfilter und Plexiglastrennw\u00e4nde f\u00fcr Klassenr\u00e4ume - Radio Leinewelle","robots":{"index":"index","follow":"follow","max-snippet":"max-snippet:-1","max-image-preview":"max-image-preview:large","max-video-preview":"max-video-preview:-1"},"canonical":"https:\/\/radioleinewelle.de\/index.php\/2021\/01\/15\/4159\/","og_locale":"de_DE","og_type":"article","og_title":"G\u00f6ttinger CDU fordert Raumluftfilter und Plexiglastrennw\u00e4nde f\u00fcr Klassenr\u00e4ume - Radio Leinewelle","og_description":"CDU stellt Antrag auf sofortiges Ma\u00dfnahmenpaket zum gesundheitlichen Schutz in Klassenr\u00e4umen. \u201eWenn der Unterricht wieder losgeht, m\u00fcssen die G\u00f6ttinger Schulen daf\u00fcr ger\u00fcstet sein. Es war jetzt lange genug Zeit, alles f\u00fcr die Gesundheit des Lehrpersonals und der Sch\u00fclerinnen und Sch\u00fcler vorzubereiten. Passiert ist leider quasi nichts\u201c, bilanziert Wibke G\u00fcntzler f\u00fcr die CDU-Ratsfraktion. Die Situation in [&hellip;]","og_url":"https:\/\/radioleinewelle.de\/index.php\/2021\/01\/15\/4159\/","og_site_name":"Radio Leinewelle","article_publisher":"https:\/\/www.facebook.com\/radioleinewelle","article_author":"https:\/\/www.facebook.com\/radioleinewelle","article_published_time":"2021-01-15T04:10:00+00:00","author":"Leinewelle","twitter_card":"summary_large_image","twitter_creator":"@https:\/\/twitter.com\/RLeinewelle?ref_src=twsrcgoogletwcampserptwgrauthor","twitter_site":"@RLeinewelle","twitter_misc":{"Verfasst von":"Leinewelle","Gesch\u00e4tzte Lesezeit":"2\u00a0Minuten"},"schema":{"@context":"https:\/\/schema.org","@graph":[{"@type":"Article","@id":"https:\/\/radioleinewelle.de\/index.php\/2021\/01\/15\/4159\/#article","isPartOf":{"@id":"https:\/\/radioleinewelle.de\/index.php\/2021\/01\/15\/4159\/"},"author":{"name":"Leinewelle","@id":"https:\/\/radioleinewelle.de\/#\/schema\/person\/45606f348637df637192dc1b68399a63"},"headline":"G\u00f6ttinger CDU fordert Raumluftfilter und Plexiglastrennw\u00e4nde f\u00fcr Klassenr\u00e4ume","datePublished":"2021-01-15T04:10:00+00:00","mainEntityOfPage":{"@id":"https:\/\/radioleinewelle.de\/index.php\/2021\/01\/15\/4159\/"},"wordCount":440,"publisher":{"@id":"https:\/\/radioleinewelle.de\/#organization"},"articleSection":["Corona"],"inLanguage":"de"},{"@type":"WebPage","@id":"https:\/\/radioleinewelle.de\/index.php\/2021\/01\/15\/4159\/","url":"https:\/\/radioleinewelle.de\/index.php\/2021\/01\/15\/4159\/","name":"G\u00f6ttinger CDU fordert Raumluftfilter und Plexiglastrennw\u00e4nde f\u00fcr Klassenr\u00e4ume - Radio Leinewelle","isPartOf":{"@id":"https:\/\/radioleinewelle.de\/#website"},"datePublished":"2021-01-15T04:10:00+00:00","breadcrumb":{"@id":"https:\/\/radioleinewelle.de\/index.php\/2021\/01\/15\/4159\/#breadcrumb"},"inLanguage":"de","potentialAction":[{"@type":"ReadAction","target":["https:\/\/radioleinewelle.de\/index.php\/2021\/01\/15\/4159\/"]}]},{"@type":"BreadcrumbList","@id":"https:\/\/radioleinewelle.de\/index.php\/2021\/01\/15\/4159\/#breadcrumb","itemListElement":[{"@type":"ListItem","position":1,"name":"Startseite","item":"https:\/\/radioleinewelle.de\/"},{"@type":"ListItem","position":2,"name":"G\u00f6ttinger CDU fordert Raumluftfilter und Plexiglastrennw\u00e4nde f\u00fcr Klassenr\u00e4ume"}]},{"@type":"WebSite","@id":"https:\/\/radioleinewelle.de\/#website","url":"https:\/\/radioleinewelle.de\/","name":"Radio Leinewelle","description":"","publisher":{"@id":"https:\/\/radioleinewelle.de\/#organization"},"potentialAction":[{"@type":"SearchAction","target":{"@type":"EntryPoint","urlTemplate":"https:\/\/radioleinewelle.de\/?s={search_term_string}"},"query-input":{"@type":"PropertyValueSpecification","valueRequired":true,"valueName":"search_term_string"}}],"inLanguage":"de"},{"@type":"Organization","@id":"https:\/\/radioleinewelle.de\/#organization","name":"Radio Leinewelle","alternateName":"Mein Radio f\u00fcr S\u00fcdniedersachsen","url":"https:\/\/radioleinewelle.de\/","logo":{"@type":"ImageObject","inLanguage":"de","@id":"https:\/\/radioleinewelle.de\/#\/schema\/logo\/image\/","url":"https:\/\/radioleinewelle.de\/wp-content\/uploads\/2023\/11\/cropped-Leinewelle_Logo_weiss.png","contentUrl":"https:\/\/radioleinewelle.de\/wp-content\/uploads\/2023\/11\/cropped-Leinewelle_Logo_weiss.png","width":854,"height":260,"caption":"Radio Leinewelle"},"image":{"@id":"https:\/\/radioleinewelle.de\/#\/schema\/logo\/image\/"},"sameAs":["https:\/\/www.facebook.com\/radioleinewelle","https:\/\/x.com\/RLeinewelle","https:\/\/www.instagram.com\/radioleinewelle\/?hl=de"]},{"@type":"Person","@id":"https:\/\/radioleinewelle.de\/#\/schema\/person\/45606f348637df637192dc1b68399a63","name":"Leinewelle","image":{"@type":"ImageObject","inLanguage":"de","@id":"https:\/\/secure.gravatar.com\/avatar\/05c9a17bc973052ee5d91549bd32fb4dd0dc85b7b85ae94b2e2b4943476bbea5?s=96&d=blank&r=g","url":"https:\/\/secure.gravatar.com\/avatar\/05c9a17bc973052ee5d91549bd32fb4dd0dc85b7b85ae94b2e2b4943476bbea5?s=96&d=blank&r=g","contentUrl":"https:\/\/secure.gravatar.com\/avatar\/05c9a17bc973052ee5d91549bd32fb4dd0dc85b7b85ae94b2e2b4943476bbea5?s=96&d=blank&r=g","caption":"Leinewelle"},"sameAs":["http:\/\/localhost\/radio%20leinewelle\/wordpress","https:\/\/www.facebook.com\/radioleinewelle","https:\/\/www.instagram.com\/radioleinewelle","https:\/\/x.com\/https:\/\/twitter.com\/RLeinewelle?ref_src=twsrcgoogletwcampserptwgrauthor","https:\/\/soundcloud.com\/foerderverein-lokalradio?utm_source=clipboard&utm_medium=text&utm_campaign=social_sharing"],"url":"https:\/\/radioleinewelle.de\/index.php\/author\/leinewelle\/"}]}},"_links":{"self":[{"href":"https:\/\/radioleinewelle.de\/index.php\/wp-json\/wp\/v2\/posts\/4159","targetHints":{"allow":["GET"]}}],"collection":[{"href":"https:\/\/radioleinewelle.de\/index.php\/wp-json\/wp\/v2\/posts"}],"about":[{"href":"https:\/\/radioleinewelle.de\/index.php\/wp-json\/wp\/v2\/types\/post"}],"author":[{"embeddable":true,"href":"https:\/\/radioleinewelle.de\/index.php\/wp-json\/wp\/v2\/users\/1"}],"replies":[{"embeddable":true,"href":"https:\/\/radioleinewelle.de\/index.php\/wp-json\/wp\/v2\/comments?post=4159"}],"version-history":[{"count":0,"href":"https:\/\/radioleinewelle.de\/index.php\/wp-json\/wp\/v2\/posts\/4159\/revisions"}],"wp:attachment":[{"href":"https:\/\/radioleinewelle.de\/index.php\/wp-json\/wp\/v2\/media?parent=4159"}],"wp:term":[{"taxonomy":"category","embeddable":true,"href":"https:\/\/radioleinewelle.de\/index.php\/wp-json\/wp\/v2\/categories?post=4159"},{"taxonomy":"post_tag","embeddable":true,"href":"https:\/\/radioleinewelle.de\/index.php\/wp-json\/wp\/v2\/tags?post=4159"}],"curies":[{"name":"wp","href":"https:\/\/api.w.org\/{rel}","templated":true}]}}