{"id":4164,"date":"2021-01-15T05:03:00","date_gmt":"2021-01-15T04:03:00","guid":{"rendered":"https:\/\/radioleinewelle.de\/?p=4164"},"modified":"2021-01-15T05:03:00","modified_gmt":"2021-01-15T04:03:00","slug":"soziale-stadtentwicklung-neue-ideen-fuer-die-osteroder-altstadt","status":"publish","type":"post","link":"https:\/\/radioleinewelle.de\/index.php\/2021\/01\/15\/soziale-stadtentwicklung-neue-ideen-fuer-die-osteroder-altstadt\/","title":{"rendered":"Soziale Stadtentwicklung: Neue Ideen f\u00fcr die Osteroder Altstadt"},"content":{"rendered":"\n<p>Trotz der Corona-Pandemie wollen wir, Osterode am Harz weiter voranbringen. Deshalb freue ich mich sehr, dass unser Projekt \u201eMitte : Erdball\u201c gef\u00f6rdert wird,\u201c zeigt sich B\u00fcrgermeister Jens Augat zufrieden. Das Projekt zielt auf die F\u00f6rderung innovativer Quartiers- und Gemeinwesenarbeit. Ausgangspunkt des Projektes ist die Idee des \u201eCommunity Organizing\u201c \u2013 einfach gesagt: es geht um Selbstorganisation, Teilhabe und Mitgestaltung. Die Stadt Osterode am Harz erh\u00e4lt f\u00fcr ihr Projekt 180.000 Euro F\u00f6rdermittel aus dem Programm \u201eGute Nachbarschaften\u201c des Nieders\u00e4chsischen Umweltministeriums. Mit bisherigen Beteiligungsformaten konnten viele Menschen nicht erreicht werden. Das Projekt \u201eMitte : Erdball\u201c soll dies grundlegend \u00e4ndern. Vielfache Hemmnisse durch kulturellen Hintergrund, ethnische Herkunft sowie soziale Ungleichheit sollen \u00fcberwunden werden. In den kommenden Monaten wird deshalb im und um das Geb\u00e4ude in der Auenstra\u00dfe 9 ein offener Anlaufpunkt f\u00fcr die Menschen in der Osteroder Altstadt geschaffen. Zeitgleich wird dort eine qualifizierte Projektbetreuerin oder ein qualifizierter Projektbetreuer die Koordinationsarbeit aufnehmen und auf die Menschen zugehen.&nbsp;Angebote f\u00fcr alle Bewohner der Altstadt, ganz nach den jeweiligen &nbsp;M\u00f6glichkeiten, F\u00e4higkeiten und Interessen, laden k\u00fcnftig zum Mitmachen ein. Aktivit\u00e4ten wie das gemeinschaftliche G\u00e4rtnern, Umsonstl\u00e4den, Tauschb\u00f6rsen, Selbsthilfe-Reparaturwerkst\u00e4tten, Stra\u00dfenfeste und vieles mehr&nbsp;werden f\u00fcr&nbsp;Zeit nach der Corona-Pandemie&nbsp;angestrebt&nbsp;und&nbsp;sollen&nbsp;auf den Stra\u00dfen und Pl\u00e4tzen der Altstadt&nbsp;stattfinden.<\/p>\n\n\n\n<p>&#8212;&#8212;&#8212;&#8212;&#8212;&#8212;&#8212;&#8212;&#8212;&#8212;&#8212;&#8212;&#8212;&#8212;&#8212;&#8212;&#8212;&#8212;&#8212;&#8212;&#8212;&#8212;&#8212;&#8212;&#8212;&#8212;&#8212;&#8212;&#8212;&#8212;&#8212;&#8212;&#8212;&#8212;&#8212;&#8212;&#8212;&#8212;&#8211;<\/p>\n\n\n\n<p><strong>Bild:<\/strong> Noch verschlossen. In der Auenstra\u00dfe 9 wird k\u00fcnftig das Quartiersmanagement f\u00fcr die Osteroder Altstadt einziehen. (Quelle: Stadt Osterode am Harz)<\/p>\n","protected":false},"excerpt":{"rendered":"<p>Trotz der Corona-Pandemie wollen wir, Osterode am Harz weiter voranbringen. Deshalb freue ich mich sehr, dass unser Projekt \u201eMitte : Erdball\u201c gef\u00f6rdert wird,\u201c zeigt sich B\u00fcrgermeister Jens Augat zufrieden. Das Projekt zielt auf die F\u00f6rderung innovativer Quartiers- und Gemeinwesenarbeit. Ausgangspunkt des Projektes ist die Idee des \u201eCommunity Organizing\u201c \u2013 einfach gesagt: es geht um Selbstorganisation, [&hellip;]<\/p>\n","protected":false},"author":1,"featured_media":0,"comment_status":"closed","ping_status":"closed","sticky":false,"template":"","format":"standard","meta":{"saved_in_kubio":false,"footnotes":""},"categories":[39],"tags":[],"class_list":["post-4164","post","type-post","status-publish","format-standard","hentry","category-lokalpolitik"],"yoast_head":"<!-- This site is optimized with the Yoast SEO plugin v27.5 - https:\/\/yoast.com\/product\/yoast-seo-wordpress\/ -->\n<title>Soziale Stadtentwicklung: Neue Ideen f\u00fcr die Osteroder Altstadt - Radio Leinewelle<\/title>\n<meta name=\"robots\" content=\"index, follow, max-snippet:-1, max-image-preview:large, max-video-preview:-1\" \/>\n<link rel=\"canonical\" href=\"https:\/\/radioleinewelle.de\/index.php\/2021\/01\/15\/soziale-stadtentwicklung-neue-ideen-fuer-die-osteroder-altstadt\/\" \/>\n<meta property=\"og:locale\" content=\"de_DE\" \/>\n<meta property=\"og:type\" content=\"article\" \/>\n<meta property=\"og:title\" content=\"Soziale Stadtentwicklung: Neue Ideen f\u00fcr die Osteroder Altstadt - Radio Leinewelle\" \/>\n<meta property=\"og:description\" content=\"Trotz der Corona-Pandemie wollen wir, Osterode am Harz weiter voranbringen. Deshalb freue ich mich sehr, dass unser Projekt \u201eMitte : Erdball\u201c gef\u00f6rdert wird,\u201c zeigt sich B\u00fcrgermeister Jens Augat zufrieden. Das Projekt zielt auf die F\u00f6rderung innovativer Quartiers- und Gemeinwesenarbeit. Ausgangspunkt des Projektes ist die Idee des \u201eCommunity Organizing\u201c \u2013 einfach gesagt: es geht um Selbstorganisation, [&hellip;]\" \/>\n<meta property=\"og:url\" content=\"https:\/\/radioleinewelle.de\/index.php\/2021\/01\/15\/soziale-stadtentwicklung-neue-ideen-fuer-die-osteroder-altstadt\/\" \/>\n<meta property=\"og:site_name\" content=\"Radio Leinewelle\" \/>\n<meta property=\"article:publisher\" content=\"https:\/\/www.facebook.com\/radioleinewelle\" \/>\n<meta property=\"article:author\" content=\"https:\/\/www.facebook.com\/radioleinewelle\" \/>\n<meta property=\"article:published_time\" content=\"2021-01-15T04:03:00+00:00\" \/>\n<meta name=\"author\" content=\"Leinewelle\" \/>\n<meta name=\"twitter:card\" content=\"summary_large_image\" \/>\n<meta name=\"twitter:creator\" content=\"@https:\/\/twitter.com\/RLeinewelle?ref_src=twsrcgoogletwcampserptwgrauthor\" \/>\n<meta name=\"twitter:site\" content=\"@RLeinewelle\" \/>\n<meta name=\"twitter:label1\" content=\"Verfasst von\" \/>\n\t<meta name=\"twitter:data1\" content=\"Leinewelle\" \/>\n\t<meta name=\"twitter:label2\" content=\"Gesch\u00e4tzte Lesezeit\" \/>\n\t<meta name=\"twitter:data2\" content=\"1\u00a0Minute\" \/>\n<script type=\"application\/ld+json\" class=\"yoast-schema-graph\">{\"@context\":\"https:\\\/\\\/schema.org\",\"@graph\":[{\"@type\":\"Article\",\"@id\":\"https:\\\/\\\/radioleinewelle.de\\\/index.php\\\/2021\\\/01\\\/15\\\/soziale-stadtentwicklung-neue-ideen-fuer-die-osteroder-altstadt\\\/#article\",\"isPartOf\":{\"@id\":\"https:\\\/\\\/radioleinewelle.de\\\/index.php\\\/2021\\\/01\\\/15\\\/soziale-stadtentwicklung-neue-ideen-fuer-die-osteroder-altstadt\\\/\"},\"author\":{\"name\":\"Leinewelle\",\"@id\":\"https:\\\/\\\/radioleinewelle.de\\\/#\\\/schema\\\/person\\\/45606f348637df637192dc1b68399a63\"},\"headline\":\"Soziale Stadtentwicklung: Neue Ideen f\u00fcr die Osteroder Altstadt\",\"datePublished\":\"2021-01-15T04:03:00+00:00\",\"mainEntityOfPage\":{\"@id\":\"https:\\\/\\\/radioleinewelle.de\\\/index.php\\\/2021\\\/01\\\/15\\\/soziale-stadtentwicklung-neue-ideen-fuer-die-osteroder-altstadt\\\/\"},\"wordCount\":261,\"publisher\":{\"@id\":\"https:\\\/\\\/radioleinewelle.de\\\/#organization\"},\"articleSection\":[\"Lokalpolitik\"],\"inLanguage\":\"de\"},{\"@type\":\"WebPage\",\"@id\":\"https:\\\/\\\/radioleinewelle.de\\\/index.php\\\/2021\\\/01\\\/15\\\/soziale-stadtentwicklung-neue-ideen-fuer-die-osteroder-altstadt\\\/\",\"url\":\"https:\\\/\\\/radioleinewelle.de\\\/index.php\\\/2021\\\/01\\\/15\\\/soziale-stadtentwicklung-neue-ideen-fuer-die-osteroder-altstadt\\\/\",\"name\":\"Soziale Stadtentwicklung: Neue Ideen f\u00fcr die Osteroder Altstadt - Radio Leinewelle\",\"isPartOf\":{\"@id\":\"https:\\\/\\\/radioleinewelle.de\\\/#website\"},\"datePublished\":\"2021-01-15T04:03:00+00:00\",\"breadcrumb\":{\"@id\":\"https:\\\/\\\/radioleinewelle.de\\\/index.php\\\/2021\\\/01\\\/15\\\/soziale-stadtentwicklung-neue-ideen-fuer-die-osteroder-altstadt\\\/#breadcrumb\"},\"inLanguage\":\"de\",\"potentialAction\":[{\"@type\":\"ReadAction\",\"target\":[\"https:\\\/\\\/radioleinewelle.de\\\/index.php\\\/2021\\\/01\\\/15\\\/soziale-stadtentwicklung-neue-ideen-fuer-die-osteroder-altstadt\\\/\"]}]},{\"@type\":\"BreadcrumbList\",\"@id\":\"https:\\\/\\\/radioleinewelle.de\\\/index.php\\\/2021\\\/01\\\/15\\\/soziale-stadtentwicklung-neue-ideen-fuer-die-osteroder-altstadt\\\/#breadcrumb\",\"itemListElement\":[{\"@type\":\"ListItem\",\"position\":1,\"name\":\"Startseite\",\"item\":\"https:\\\/\\\/radioleinewelle.de\\\/\"},{\"@type\":\"ListItem\",\"position\":2,\"name\":\"Soziale Stadtentwicklung: Neue Ideen f\u00fcr die Osteroder Altstadt\"}]},{\"@type\":\"WebSite\",\"@id\":\"https:\\\/\\\/radioleinewelle.de\\\/#website\",\"url\":\"https:\\\/\\\/radioleinewelle.de\\\/\",\"name\":\"Radio Leinewelle\",\"description\":\"\",\"publisher\":{\"@id\":\"https:\\\/\\\/radioleinewelle.de\\\/#organization\"},\"potentialAction\":[{\"@type\":\"SearchAction\",\"target\":{\"@type\":\"EntryPoint\",\"urlTemplate\":\"https:\\\/\\\/radioleinewelle.de\\\/?s={search_term_string}\"},\"query-input\":{\"@type\":\"PropertyValueSpecification\",\"valueRequired\":true,\"valueName\":\"search_term_string\"}}],\"inLanguage\":\"de\"},{\"@type\":\"Organization\",\"@id\":\"https:\\\/\\\/radioleinewelle.de\\\/#organization\",\"name\":\"Radio Leinewelle\",\"alternateName\":\"Mein Radio f\u00fcr S\u00fcdniedersachsen\",\"url\":\"https:\\\/\\\/radioleinewelle.de\\\/\",\"logo\":{\"@type\":\"ImageObject\",\"inLanguage\":\"de\",\"@id\":\"https:\\\/\\\/radioleinewelle.de\\\/#\\\/schema\\\/logo\\\/image\\\/\",\"url\":\"https:\\\/\\\/radioleinewelle.de\\\/wp-content\\\/uploads\\\/2023\\\/11\\\/cropped-Leinewelle_Logo_weiss.png\",\"contentUrl\":\"https:\\\/\\\/radioleinewelle.de\\\/wp-content\\\/uploads\\\/2023\\\/11\\\/cropped-Leinewelle_Logo_weiss.png\",\"width\":854,\"height\":260,\"caption\":\"Radio Leinewelle\"},\"image\":{\"@id\":\"https:\\\/\\\/radioleinewelle.de\\\/#\\\/schema\\\/logo\\\/image\\\/\"},\"sameAs\":[\"https:\\\/\\\/www.facebook.com\\\/radioleinewelle\",\"https:\\\/\\\/x.com\\\/RLeinewelle\",\"https:\\\/\\\/www.instagram.com\\\/radioleinewelle\\\/?hl=de\"]},{\"@type\":\"Person\",\"@id\":\"https:\\\/\\\/radioleinewelle.de\\\/#\\\/schema\\\/person\\\/45606f348637df637192dc1b68399a63\",\"name\":\"Leinewelle\",\"image\":{\"@type\":\"ImageObject\",\"inLanguage\":\"de\",\"@id\":\"https:\\\/\\\/secure.gravatar.com\\\/avatar\\\/05c9a17bc973052ee5d91549bd32fb4dd0dc85b7b85ae94b2e2b4943476bbea5?s=96&d=blank&r=g\",\"url\":\"https:\\\/\\\/secure.gravatar.com\\\/avatar\\\/05c9a17bc973052ee5d91549bd32fb4dd0dc85b7b85ae94b2e2b4943476bbea5?s=96&d=blank&r=g\",\"contentUrl\":\"https:\\\/\\\/secure.gravatar.com\\\/avatar\\\/05c9a17bc973052ee5d91549bd32fb4dd0dc85b7b85ae94b2e2b4943476bbea5?s=96&d=blank&r=g\",\"caption\":\"Leinewelle\"},\"sameAs\":[\"http:\\\/\\\/localhost\\\/radio%20leinewelle\\\/wordpress\",\"https:\\\/\\\/www.facebook.com\\\/radioleinewelle\",\"https:\\\/\\\/www.instagram.com\\\/radioleinewelle\",\"https:\\\/\\\/x.com\\\/https:\\\/\\\/twitter.com\\\/RLeinewelle?ref_src=twsrcgoogletwcampserptwgrauthor\",\"https:\\\/\\\/soundcloud.com\\\/foerderverein-lokalradio?utm_source=clipboard&utm_medium=text&utm_campaign=social_sharing\"],\"url\":\"https:\\\/\\\/radioleinewelle.de\\\/index.php\\\/author\\\/leinewelle\\\/\"}]}<\/script>\n<!-- \/ Yoast SEO plugin. -->","yoast_head_json":{"title":"Soziale Stadtentwicklung: Neue Ideen f\u00fcr die Osteroder Altstadt - Radio Leinewelle","robots":{"index":"index","follow":"follow","max-snippet":"max-snippet:-1","max-image-preview":"max-image-preview:large","max-video-preview":"max-video-preview:-1"},"canonical":"https:\/\/radioleinewelle.de\/index.php\/2021\/01\/15\/soziale-stadtentwicklung-neue-ideen-fuer-die-osteroder-altstadt\/","og_locale":"de_DE","og_type":"article","og_title":"Soziale Stadtentwicklung: Neue Ideen f\u00fcr die Osteroder Altstadt - Radio Leinewelle","og_description":"Trotz der Corona-Pandemie wollen wir, Osterode am Harz weiter voranbringen. Deshalb freue ich mich sehr, dass unser Projekt \u201eMitte : Erdball\u201c gef\u00f6rdert wird,\u201c zeigt sich B\u00fcrgermeister Jens Augat zufrieden. Das Projekt zielt auf die F\u00f6rderung innovativer Quartiers- und Gemeinwesenarbeit. Ausgangspunkt des Projektes ist die Idee des \u201eCommunity Organizing\u201c \u2013 einfach gesagt: es geht um Selbstorganisation, [&hellip;]","og_url":"https:\/\/radioleinewelle.de\/index.php\/2021\/01\/15\/soziale-stadtentwicklung-neue-ideen-fuer-die-osteroder-altstadt\/","og_site_name":"Radio Leinewelle","article_publisher":"https:\/\/www.facebook.com\/radioleinewelle","article_author":"https:\/\/www.facebook.com\/radioleinewelle","article_published_time":"2021-01-15T04:03:00+00:00","author":"Leinewelle","twitter_card":"summary_large_image","twitter_creator":"@https:\/\/twitter.com\/RLeinewelle?ref_src=twsrcgoogletwcampserptwgrauthor","twitter_site":"@RLeinewelle","twitter_misc":{"Verfasst von":"Leinewelle","Gesch\u00e4tzte Lesezeit":"1\u00a0Minute"},"schema":{"@context":"https:\/\/schema.org","@graph":[{"@type":"Article","@id":"https:\/\/radioleinewelle.de\/index.php\/2021\/01\/15\/soziale-stadtentwicklung-neue-ideen-fuer-die-osteroder-altstadt\/#article","isPartOf":{"@id":"https:\/\/radioleinewelle.de\/index.php\/2021\/01\/15\/soziale-stadtentwicklung-neue-ideen-fuer-die-osteroder-altstadt\/"},"author":{"name":"Leinewelle","@id":"https:\/\/radioleinewelle.de\/#\/schema\/person\/45606f348637df637192dc1b68399a63"},"headline":"Soziale Stadtentwicklung: Neue Ideen f\u00fcr die Osteroder Altstadt","datePublished":"2021-01-15T04:03:00+00:00","mainEntityOfPage":{"@id":"https:\/\/radioleinewelle.de\/index.php\/2021\/01\/15\/soziale-stadtentwicklung-neue-ideen-fuer-die-osteroder-altstadt\/"},"wordCount":261,"publisher":{"@id":"https:\/\/radioleinewelle.de\/#organization"},"articleSection":["Lokalpolitik"],"inLanguage":"de"},{"@type":"WebPage","@id":"https:\/\/radioleinewelle.de\/index.php\/2021\/01\/15\/soziale-stadtentwicklung-neue-ideen-fuer-die-osteroder-altstadt\/","url":"https:\/\/radioleinewelle.de\/index.php\/2021\/01\/15\/soziale-stadtentwicklung-neue-ideen-fuer-die-osteroder-altstadt\/","name":"Soziale Stadtentwicklung: Neue Ideen f\u00fcr die Osteroder Altstadt - Radio Leinewelle","isPartOf":{"@id":"https:\/\/radioleinewelle.de\/#website"},"datePublished":"2021-01-15T04:03:00+00:00","breadcrumb":{"@id":"https:\/\/radioleinewelle.de\/index.php\/2021\/01\/15\/soziale-stadtentwicklung-neue-ideen-fuer-die-osteroder-altstadt\/#breadcrumb"},"inLanguage":"de","potentialAction":[{"@type":"ReadAction","target":["https:\/\/radioleinewelle.de\/index.php\/2021\/01\/15\/soziale-stadtentwicklung-neue-ideen-fuer-die-osteroder-altstadt\/"]}]},{"@type":"BreadcrumbList","@id":"https:\/\/radioleinewelle.de\/index.php\/2021\/01\/15\/soziale-stadtentwicklung-neue-ideen-fuer-die-osteroder-altstadt\/#breadcrumb","itemListElement":[{"@type":"ListItem","position":1,"name":"Startseite","item":"https:\/\/radioleinewelle.de\/"},{"@type":"ListItem","position":2,"name":"Soziale Stadtentwicklung: Neue Ideen f\u00fcr die Osteroder Altstadt"}]},{"@type":"WebSite","@id":"https:\/\/radioleinewelle.de\/#website","url":"https:\/\/radioleinewelle.de\/","name":"Radio Leinewelle","description":"","publisher":{"@id":"https:\/\/radioleinewelle.de\/#organization"},"potentialAction":[{"@type":"SearchAction","target":{"@type":"EntryPoint","urlTemplate":"https:\/\/radioleinewelle.de\/?s={search_term_string}"},"query-input":{"@type":"PropertyValueSpecification","valueRequired":true,"valueName":"search_term_string"}}],"inLanguage":"de"},{"@type":"Organization","@id":"https:\/\/radioleinewelle.de\/#organization","name":"Radio Leinewelle","alternateName":"Mein Radio f\u00fcr S\u00fcdniedersachsen","url":"https:\/\/radioleinewelle.de\/","logo":{"@type":"ImageObject","inLanguage":"de","@id":"https:\/\/radioleinewelle.de\/#\/schema\/logo\/image\/","url":"https:\/\/radioleinewelle.de\/wp-content\/uploads\/2023\/11\/cropped-Leinewelle_Logo_weiss.png","contentUrl":"https:\/\/radioleinewelle.de\/wp-content\/uploads\/2023\/11\/cropped-Leinewelle_Logo_weiss.png","width":854,"height":260,"caption":"Radio Leinewelle"},"image":{"@id":"https:\/\/radioleinewelle.de\/#\/schema\/logo\/image\/"},"sameAs":["https:\/\/www.facebook.com\/radioleinewelle","https:\/\/x.com\/RLeinewelle","https:\/\/www.instagram.com\/radioleinewelle\/?hl=de"]},{"@type":"Person","@id":"https:\/\/radioleinewelle.de\/#\/schema\/person\/45606f348637df637192dc1b68399a63","name":"Leinewelle","image":{"@type":"ImageObject","inLanguage":"de","@id":"https:\/\/secure.gravatar.com\/avatar\/05c9a17bc973052ee5d91549bd32fb4dd0dc85b7b85ae94b2e2b4943476bbea5?s=96&d=blank&r=g","url":"https:\/\/secure.gravatar.com\/avatar\/05c9a17bc973052ee5d91549bd32fb4dd0dc85b7b85ae94b2e2b4943476bbea5?s=96&d=blank&r=g","contentUrl":"https:\/\/secure.gravatar.com\/avatar\/05c9a17bc973052ee5d91549bd32fb4dd0dc85b7b85ae94b2e2b4943476bbea5?s=96&d=blank&r=g","caption":"Leinewelle"},"sameAs":["http:\/\/localhost\/radio%20leinewelle\/wordpress","https:\/\/www.facebook.com\/radioleinewelle","https:\/\/www.instagram.com\/radioleinewelle","https:\/\/x.com\/https:\/\/twitter.com\/RLeinewelle?ref_src=twsrcgoogletwcampserptwgrauthor","https:\/\/soundcloud.com\/foerderverein-lokalradio?utm_source=clipboard&utm_medium=text&utm_campaign=social_sharing"],"url":"https:\/\/radioleinewelle.de\/index.php\/author\/leinewelle\/"}]}},"_links":{"self":[{"href":"https:\/\/radioleinewelle.de\/index.php\/wp-json\/wp\/v2\/posts\/4164","targetHints":{"allow":["GET"]}}],"collection":[{"href":"https:\/\/radioleinewelle.de\/index.php\/wp-json\/wp\/v2\/posts"}],"about":[{"href":"https:\/\/radioleinewelle.de\/index.php\/wp-json\/wp\/v2\/types\/post"}],"author":[{"embeddable":true,"href":"https:\/\/radioleinewelle.de\/index.php\/wp-json\/wp\/v2\/users\/1"}],"replies":[{"embeddable":true,"href":"https:\/\/radioleinewelle.de\/index.php\/wp-json\/wp\/v2\/comments?post=4164"}],"version-history":[{"count":0,"href":"https:\/\/radioleinewelle.de\/index.php\/wp-json\/wp\/v2\/posts\/4164\/revisions"}],"wp:attachment":[{"href":"https:\/\/radioleinewelle.de\/index.php\/wp-json\/wp\/v2\/media?parent=4164"}],"wp:term":[{"taxonomy":"category","embeddable":true,"href":"https:\/\/radioleinewelle.de\/index.php\/wp-json\/wp\/v2\/categories?post=4164"},{"taxonomy":"post_tag","embeddable":true,"href":"https:\/\/radioleinewelle.de\/index.php\/wp-json\/wp\/v2\/tags?post=4164"}],"curies":[{"name":"wp","href":"https:\/\/api.w.org\/{rel}","templated":true}]}}