{"id":4168,"date":"2021-01-15T05:30:00","date_gmt":"2021-01-15T04:30:00","guid":{"rendered":"https:\/\/radioleinewelle.de\/?p=4168"},"modified":"2021-01-15T05:30:00","modified_gmt":"2021-01-15T04:30:00","slug":"studie-zeigt-das-tragen-eines-mund-nasen-schutzes-vermindert-die-koerperliche-belastbarkeit-von-gesunden","status":"publish","type":"post","link":"https:\/\/radioleinewelle.de\/index.php\/2021\/01\/15\/studie-zeigt-das-tragen-eines-mund-nasen-schutzes-vermindert-die-koerperliche-belastbarkeit-von-gesunden\/","title":{"rendered":"Studie zeigt: Das Tragen eines Mund-Nasen-Schutzes vermindert die k\u00f6rperliche Belastbarkeit von Gesunden"},"content":{"rendered":"\n<p>Leipzig. &#8222;Maske auf&#8220; \u2013 das Tragen eines so genannten Mund-Nasen-Schutzes (MNS) ist wegen der Corona-Pandemie fast schon integraler Bestandteil des Alltags geworden. Viele Menschen m\u00fcssen die Maske auch w\u00e4hrend k\u00f6rperlicher Anstrengung, zum Beispiel bei der Arbeit, tragen.&nbsp;<br \/>Wie dies die Belastbarkeit von Gesunden beeintr\u00e4chtigt, ist nun am Universit\u00e4tsklinikum Leipzig (UKL) deutschlandweit zum ersten Mal wissenschaftlich belegt worden. Die Ergebnisse stellten jedoch keinesfalls eine Kritik an der Maske als Corona-Schutzma\u00dfnahme dar, betonen die Autoren.<\/p>\n\n\n\n<p>F\u00fcr ihre Untersuchung arbeiteten die Experten der&nbsp;<a href=\"https:\/\/www.uniklinikum-leipzig.de\/einrichtungen\/kardiologie\">Klinik und Poliklinik f\u00fcr Kardiologie<\/a>&nbsp;des UKL um Klinikdirektor Prof. Ulrich Laufs und Studienleiter Dr. Sven Fikenzer mit ihrem UKL-Kollegen Prof. Pierre Hepp, Leiter des&nbsp;<a href=\"https:\/\/www.uniklinikum-leipzig.de\/einrichtungen\/oup\/arthroskopische-spezielle-gelenkchirurgie-sportverletzungen\">Bereichs Arthroskopische &amp; Spezielle Gelenkchirurgie \/ Sportverletzungen<\/a>, sowie Prof. Martin Busse, Direktor des Instituts f\u00fcr Sportmedizin und Pr\u00e4vention der Universit\u00e4t Leipzig, zusammen.<br \/>Sie nutzten dabei zwei weit verbreitete Typen von Gesichtsmasken, chirurgische Masken sowie FFP2-Masken, um deren Einfluss auf die k\u00f6rperliche Belastbarkeit von gesunden Personen zu untersuchen.&nbsp;Die Messungen erfolgten mit dem methodischen &#8222;Goldstandard&#8220;, der Spiroergometrie. Freiwillige gesunde Probanden wurden jeweils ohne Maske, chirurgischen Masken und FFP2-Masken k\u00f6rperlich belastet. Dabei mussten sie den Mund-Nasen-Schutz unter der Spiroergometrie-Maske tragen. Die Untersuchungen erfolgten jeweils mit einigen Tagen Abstand, die Reihenfolge wurde nach dem Zufallsprinzip festgelegt.&nbsp;<\/p>\n\n\n\n<p>Die Daten zeigen, dass die so genannte kardiopulmonale Leistungsf\u00e4higkeit durch beide Masken-Typen signifikant reduziert wird. Die Masken beeintr\u00e4chtigen die Atmung, vor allem das Volumen und die h\u00f6chstm\u00f6gliche Geschwindigkeit der Luft beim Ausatmen. Die maximal m\u00f6gliche Kraft auf dem Fahrrad-Ergometer war deutlich reduziert. Im Stoffwechsel wurde eine schnellere Ans\u00e4uerung des Blutes bei Anstrengung registriert (Laktat).<br \/>Mit Frageb\u00f6gen beurteilten die Teilnehmer zudem systematisch ihr subjektives Empfinden. Auch hier zeigte sich eine erhebliche Beeintr\u00e4chtigung verschiedener Parameter des Wohlbefindens.<\/p>\n\n\n\n<p>&#8222;Die Ergebnisse unserer Untersuchung best\u00e4tigen das subjektive Gef\u00fchl vieler Menschen&#8220;, erkl\u00e4rt Kardiologie-Klinikdirektor Prof. Ulrich Laufs, &#8222;die Studie hat die Einschr\u00e4nkung der Leistungsf\u00e4higkeit nun auch wissenschaftlich quantifiziert.&#8220; Er sieht die Ergebnisse f\u00fcr viele Lebensbereiche als potentiell interessant an: &#8222;\u00dcbertragen auf die Arbeitswelt stellt sich schon die Frage, ob Menschen, die mit Maske k\u00f6rperlich anstrengende Arbeit leisten, \u00f6fter Pausen machen m\u00fcssten als bisher.&#8220;<\/p>\n\n\n\n<p>Keinesfalls sei die Arbeit als Kritik oder als ein Infragestellen der Maskenpflicht gedacht, betont Prof. Laufs, denn der Mund-Nasen-Schutz sei wertvoll, um die weitere Ausbreitung der Corona-Pandemie zu verhindern oder zu verlangsamen, &#8222;aber wir zahlen halt einen Preis daf\u00fcr.&#8220; In der Gesamtbetrachtung der Corona-Schutzma\u00dfnahmen m\u00fcssten daher die nun nachgewiesenen Einschr\u00e4nkungen der k\u00f6rperlichen Belastbarkeit von gesunden Menschen durch das Maskentragen ber\u00fccksichtigt werden, meint der UKL-Kardiologe.&nbsp;<br \/>Die detaillierten Ergebnisse des wissenschaftlichen Projekts sind nun aktuell im Fachmagazin &#8222;Clinical Research in Cardiology&#8220; (<a href=\"https:\/\/link.springer.com\/article\/10.1007\/s00392-020-01704-y\">https:\/\/link.springer.com\/article\/10.1007\/s00392-020-01704-y<\/a>) ver\u00f6ffentlicht worden.<\/p>\n\n\n\n<p>&#8212;&#8212;&#8212;&#8212;&#8212;&#8212;&#8212;&#8212;&#8212;&#8212;&#8212;&#8212;&#8212;&#8212;&#8212;&#8212;&#8212;&#8212;&#8212;&#8212;&#8212;&#8212;&#8212;&#8212;&#8212;&#8212;&#8212;&#8212;&#8212;&#8212;&#8212;&#8212;&#8212;&#8212;&#8212;&#8212;&#8212;&#8212;&#8211;<\/p>\n\n\n\n<p>Bild: Studienleiter Dr. Sven Fikenzer mit jeweils einer der Masken, die bei der Untersuchung von den Teilnehmern getragen wurde, rechts die chirurgische Maske und links die FFP2-Maske. Bild: Uni Leipzig<\/p>\n","protected":false},"excerpt":{"rendered":"<p>Leipzig. &#8222;Maske auf&#8220; \u2013 das Tragen eines so genannten Mund-Nasen-Schutzes (MNS) ist wegen der Corona-Pandemie fast schon integraler Bestandteil des Alltags geworden. Viele Menschen m\u00fcssen die Maske auch w\u00e4hrend k\u00f6rperlicher Anstrengung, zum Beispiel bei der Arbeit, tragen.&nbsp;Wie dies die Belastbarkeit von Gesunden beeintr\u00e4chtigt, ist nun am Universit\u00e4tsklinikum Leipzig (UKL) deutschlandweit zum ersten Mal wissenschaftlich belegt [&hellip;]<\/p>\n","protected":false},"author":1,"featured_media":0,"comment_status":"closed","ping_status":"closed","sticky":false,"template":"","format":"standard","meta":{"saved_in_kubio":false,"footnotes":""},"categories":[23],"tags":[],"class_list":["post-4168","post","type-post","status-publish","format-standard","hentry","category-corona"],"yoast_head":"<!-- This site is optimized with the Yoast SEO plugin v27.5 - https:\/\/yoast.com\/product\/yoast-seo-wordpress\/ -->\n<title>Studie zeigt: Das Tragen eines Mund-Nasen-Schutzes vermindert die k\u00f6rperliche Belastbarkeit von Gesunden - Radio Leinewelle<\/title>\n<meta name=\"robots\" content=\"index, follow, max-snippet:-1, max-image-preview:large, max-video-preview:-1\" \/>\n<link rel=\"canonical\" href=\"https:\/\/radioleinewelle.de\/index.php\/2021\/01\/15\/studie-zeigt-das-tragen-eines-mund-nasen-schutzes-vermindert-die-koerperliche-belastbarkeit-von-gesunden\/\" \/>\n<meta property=\"og:locale\" content=\"de_DE\" \/>\n<meta property=\"og:type\" content=\"article\" \/>\n<meta property=\"og:title\" content=\"Studie zeigt: Das Tragen eines Mund-Nasen-Schutzes vermindert die k\u00f6rperliche Belastbarkeit von Gesunden - Radio Leinewelle\" \/>\n<meta property=\"og:description\" content=\"Leipzig. &#8222;Maske auf&#8220; \u2013 das Tragen eines so genannten Mund-Nasen-Schutzes (MNS) ist wegen der Corona-Pandemie fast schon integraler Bestandteil des Alltags geworden. Viele Menschen m\u00fcssen die Maske auch w\u00e4hrend k\u00f6rperlicher Anstrengung, zum Beispiel bei der Arbeit, tragen.&nbsp;Wie dies die Belastbarkeit von Gesunden beeintr\u00e4chtigt, ist nun am Universit\u00e4tsklinikum Leipzig (UKL) deutschlandweit zum ersten Mal wissenschaftlich belegt [&hellip;]\" \/>\n<meta property=\"og:url\" content=\"https:\/\/radioleinewelle.de\/index.php\/2021\/01\/15\/studie-zeigt-das-tragen-eines-mund-nasen-schutzes-vermindert-die-koerperliche-belastbarkeit-von-gesunden\/\" \/>\n<meta property=\"og:site_name\" content=\"Radio Leinewelle\" \/>\n<meta property=\"article:publisher\" content=\"https:\/\/www.facebook.com\/radioleinewelle\" \/>\n<meta property=\"article:author\" content=\"https:\/\/www.facebook.com\/radioleinewelle\" \/>\n<meta property=\"article:published_time\" content=\"2021-01-15T04:30:00+00:00\" \/>\n<meta name=\"author\" content=\"Leinewelle\" \/>\n<meta name=\"twitter:card\" content=\"summary_large_image\" \/>\n<meta name=\"twitter:creator\" content=\"@https:\/\/twitter.com\/RLeinewelle?ref_src=twsrcgoogletwcampserptwgrauthor\" \/>\n<meta name=\"twitter:site\" content=\"@RLeinewelle\" \/>\n<meta name=\"twitter:label1\" content=\"Verfasst von\" \/>\n\t<meta name=\"twitter:data1\" content=\"Leinewelle\" \/>\n\t<meta name=\"twitter:label2\" content=\"Gesch\u00e4tzte Lesezeit\" \/>\n\t<meta name=\"twitter:data2\" content=\"2\u00a0Minuten\" \/>\n<script type=\"application\/ld+json\" class=\"yoast-schema-graph\">{\"@context\":\"https:\\\/\\\/schema.org\",\"@graph\":[{\"@type\":\"Article\",\"@id\":\"https:\\\/\\\/radioleinewelle.de\\\/index.php\\\/2021\\\/01\\\/15\\\/studie-zeigt-das-tragen-eines-mund-nasen-schutzes-vermindert-die-koerperliche-belastbarkeit-von-gesunden\\\/#article\",\"isPartOf\":{\"@id\":\"https:\\\/\\\/radioleinewelle.de\\\/index.php\\\/2021\\\/01\\\/15\\\/studie-zeigt-das-tragen-eines-mund-nasen-schutzes-vermindert-die-koerperliche-belastbarkeit-von-gesunden\\\/\"},\"author\":{\"name\":\"Leinewelle\",\"@id\":\"https:\\\/\\\/radioleinewelle.de\\\/#\\\/schema\\\/person\\\/45606f348637df637192dc1b68399a63\"},\"headline\":\"Studie zeigt: Das Tragen eines Mund-Nasen-Schutzes vermindert die k\u00f6rperliche Belastbarkeit von Gesunden\",\"datePublished\":\"2021-01-15T04:30:00+00:00\",\"mainEntityOfPage\":{\"@id\":\"https:\\\/\\\/radioleinewelle.de\\\/index.php\\\/2021\\\/01\\\/15\\\/studie-zeigt-das-tragen-eines-mund-nasen-schutzes-vermindert-die-koerperliche-belastbarkeit-von-gesunden\\\/\"},\"wordCount\":512,\"publisher\":{\"@id\":\"https:\\\/\\\/radioleinewelle.de\\\/#organization\"},\"articleSection\":[\"Corona\"],\"inLanguage\":\"de\"},{\"@type\":\"WebPage\",\"@id\":\"https:\\\/\\\/radioleinewelle.de\\\/index.php\\\/2021\\\/01\\\/15\\\/studie-zeigt-das-tragen-eines-mund-nasen-schutzes-vermindert-die-koerperliche-belastbarkeit-von-gesunden\\\/\",\"url\":\"https:\\\/\\\/radioleinewelle.de\\\/index.php\\\/2021\\\/01\\\/15\\\/studie-zeigt-das-tragen-eines-mund-nasen-schutzes-vermindert-die-koerperliche-belastbarkeit-von-gesunden\\\/\",\"name\":\"Studie zeigt: Das Tragen eines Mund-Nasen-Schutzes vermindert die k\u00f6rperliche Belastbarkeit von Gesunden - Radio Leinewelle\",\"isPartOf\":{\"@id\":\"https:\\\/\\\/radioleinewelle.de\\\/#website\"},\"datePublished\":\"2021-01-15T04:30:00+00:00\",\"breadcrumb\":{\"@id\":\"https:\\\/\\\/radioleinewelle.de\\\/index.php\\\/2021\\\/01\\\/15\\\/studie-zeigt-das-tragen-eines-mund-nasen-schutzes-vermindert-die-koerperliche-belastbarkeit-von-gesunden\\\/#breadcrumb\"},\"inLanguage\":\"de\",\"potentialAction\":[{\"@type\":\"ReadAction\",\"target\":[\"https:\\\/\\\/radioleinewelle.de\\\/index.php\\\/2021\\\/01\\\/15\\\/studie-zeigt-das-tragen-eines-mund-nasen-schutzes-vermindert-die-koerperliche-belastbarkeit-von-gesunden\\\/\"]}]},{\"@type\":\"BreadcrumbList\",\"@id\":\"https:\\\/\\\/radioleinewelle.de\\\/index.php\\\/2021\\\/01\\\/15\\\/studie-zeigt-das-tragen-eines-mund-nasen-schutzes-vermindert-die-koerperliche-belastbarkeit-von-gesunden\\\/#breadcrumb\",\"itemListElement\":[{\"@type\":\"ListItem\",\"position\":1,\"name\":\"Startseite\",\"item\":\"https:\\\/\\\/radioleinewelle.de\\\/\"},{\"@type\":\"ListItem\",\"position\":2,\"name\":\"Studie zeigt: Das Tragen eines Mund-Nasen-Schutzes vermindert die k\u00f6rperliche Belastbarkeit von Gesunden\"}]},{\"@type\":\"WebSite\",\"@id\":\"https:\\\/\\\/radioleinewelle.de\\\/#website\",\"url\":\"https:\\\/\\\/radioleinewelle.de\\\/\",\"name\":\"Radio Leinewelle\",\"description\":\"\",\"publisher\":{\"@id\":\"https:\\\/\\\/radioleinewelle.de\\\/#organization\"},\"potentialAction\":[{\"@type\":\"SearchAction\",\"target\":{\"@type\":\"EntryPoint\",\"urlTemplate\":\"https:\\\/\\\/radioleinewelle.de\\\/?s={search_term_string}\"},\"query-input\":{\"@type\":\"PropertyValueSpecification\",\"valueRequired\":true,\"valueName\":\"search_term_string\"}}],\"inLanguage\":\"de\"},{\"@type\":\"Organization\",\"@id\":\"https:\\\/\\\/radioleinewelle.de\\\/#organization\",\"name\":\"Radio Leinewelle\",\"alternateName\":\"Mein Radio f\u00fcr S\u00fcdniedersachsen\",\"url\":\"https:\\\/\\\/radioleinewelle.de\\\/\",\"logo\":{\"@type\":\"ImageObject\",\"inLanguage\":\"de\",\"@id\":\"https:\\\/\\\/radioleinewelle.de\\\/#\\\/schema\\\/logo\\\/image\\\/\",\"url\":\"https:\\\/\\\/radioleinewelle.de\\\/wp-content\\\/uploads\\\/2023\\\/11\\\/cropped-Leinewelle_Logo_weiss.png\",\"contentUrl\":\"https:\\\/\\\/radioleinewelle.de\\\/wp-content\\\/uploads\\\/2023\\\/11\\\/cropped-Leinewelle_Logo_weiss.png\",\"width\":854,\"height\":260,\"caption\":\"Radio Leinewelle\"},\"image\":{\"@id\":\"https:\\\/\\\/radioleinewelle.de\\\/#\\\/schema\\\/logo\\\/image\\\/\"},\"sameAs\":[\"https:\\\/\\\/www.facebook.com\\\/radioleinewelle\",\"https:\\\/\\\/x.com\\\/RLeinewelle\",\"https:\\\/\\\/www.instagram.com\\\/radioleinewelle\\\/?hl=de\"]},{\"@type\":\"Person\",\"@id\":\"https:\\\/\\\/radioleinewelle.de\\\/#\\\/schema\\\/person\\\/45606f348637df637192dc1b68399a63\",\"name\":\"Leinewelle\",\"image\":{\"@type\":\"ImageObject\",\"inLanguage\":\"de\",\"@id\":\"https:\\\/\\\/secure.gravatar.com\\\/avatar\\\/05c9a17bc973052ee5d91549bd32fb4dd0dc85b7b85ae94b2e2b4943476bbea5?s=96&d=blank&r=g\",\"url\":\"https:\\\/\\\/secure.gravatar.com\\\/avatar\\\/05c9a17bc973052ee5d91549bd32fb4dd0dc85b7b85ae94b2e2b4943476bbea5?s=96&d=blank&r=g\",\"contentUrl\":\"https:\\\/\\\/secure.gravatar.com\\\/avatar\\\/05c9a17bc973052ee5d91549bd32fb4dd0dc85b7b85ae94b2e2b4943476bbea5?s=96&d=blank&r=g\",\"caption\":\"Leinewelle\"},\"sameAs\":[\"http:\\\/\\\/localhost\\\/radio%20leinewelle\\\/wordpress\",\"https:\\\/\\\/www.facebook.com\\\/radioleinewelle\",\"https:\\\/\\\/www.instagram.com\\\/radioleinewelle\",\"https:\\\/\\\/x.com\\\/https:\\\/\\\/twitter.com\\\/RLeinewelle?ref_src=twsrcgoogletwcampserptwgrauthor\",\"https:\\\/\\\/soundcloud.com\\\/foerderverein-lokalradio?utm_source=clipboard&utm_medium=text&utm_campaign=social_sharing\"],\"url\":\"https:\\\/\\\/radioleinewelle.de\\\/index.php\\\/author\\\/leinewelle\\\/\"}]}<\/script>\n<!-- \/ Yoast SEO plugin. -->","yoast_head_json":{"title":"Studie zeigt: Das Tragen eines Mund-Nasen-Schutzes vermindert die k\u00f6rperliche Belastbarkeit von Gesunden - Radio Leinewelle","robots":{"index":"index","follow":"follow","max-snippet":"max-snippet:-1","max-image-preview":"max-image-preview:large","max-video-preview":"max-video-preview:-1"},"canonical":"https:\/\/radioleinewelle.de\/index.php\/2021\/01\/15\/studie-zeigt-das-tragen-eines-mund-nasen-schutzes-vermindert-die-koerperliche-belastbarkeit-von-gesunden\/","og_locale":"de_DE","og_type":"article","og_title":"Studie zeigt: Das Tragen eines Mund-Nasen-Schutzes vermindert die k\u00f6rperliche Belastbarkeit von Gesunden - Radio Leinewelle","og_description":"Leipzig. &#8222;Maske auf&#8220; \u2013 das Tragen eines so genannten Mund-Nasen-Schutzes (MNS) ist wegen der Corona-Pandemie fast schon integraler Bestandteil des Alltags geworden. Viele Menschen m\u00fcssen die Maske auch w\u00e4hrend k\u00f6rperlicher Anstrengung, zum Beispiel bei der Arbeit, tragen.&nbsp;Wie dies die Belastbarkeit von Gesunden beeintr\u00e4chtigt, ist nun am Universit\u00e4tsklinikum Leipzig (UKL) deutschlandweit zum ersten Mal wissenschaftlich belegt [&hellip;]","og_url":"https:\/\/radioleinewelle.de\/index.php\/2021\/01\/15\/studie-zeigt-das-tragen-eines-mund-nasen-schutzes-vermindert-die-koerperliche-belastbarkeit-von-gesunden\/","og_site_name":"Radio Leinewelle","article_publisher":"https:\/\/www.facebook.com\/radioleinewelle","article_author":"https:\/\/www.facebook.com\/radioleinewelle","article_published_time":"2021-01-15T04:30:00+00:00","author":"Leinewelle","twitter_card":"summary_large_image","twitter_creator":"@https:\/\/twitter.com\/RLeinewelle?ref_src=twsrcgoogletwcampserptwgrauthor","twitter_site":"@RLeinewelle","twitter_misc":{"Verfasst von":"Leinewelle","Gesch\u00e4tzte Lesezeit":"2\u00a0Minuten"},"schema":{"@context":"https:\/\/schema.org","@graph":[{"@type":"Article","@id":"https:\/\/radioleinewelle.de\/index.php\/2021\/01\/15\/studie-zeigt-das-tragen-eines-mund-nasen-schutzes-vermindert-die-koerperliche-belastbarkeit-von-gesunden\/#article","isPartOf":{"@id":"https:\/\/radioleinewelle.de\/index.php\/2021\/01\/15\/studie-zeigt-das-tragen-eines-mund-nasen-schutzes-vermindert-die-koerperliche-belastbarkeit-von-gesunden\/"},"author":{"name":"Leinewelle","@id":"https:\/\/radioleinewelle.de\/#\/schema\/person\/45606f348637df637192dc1b68399a63"},"headline":"Studie zeigt: Das Tragen eines Mund-Nasen-Schutzes vermindert die k\u00f6rperliche Belastbarkeit von Gesunden","datePublished":"2021-01-15T04:30:00+00:00","mainEntityOfPage":{"@id":"https:\/\/radioleinewelle.de\/index.php\/2021\/01\/15\/studie-zeigt-das-tragen-eines-mund-nasen-schutzes-vermindert-die-koerperliche-belastbarkeit-von-gesunden\/"},"wordCount":512,"publisher":{"@id":"https:\/\/radioleinewelle.de\/#organization"},"articleSection":["Corona"],"inLanguage":"de"},{"@type":"WebPage","@id":"https:\/\/radioleinewelle.de\/index.php\/2021\/01\/15\/studie-zeigt-das-tragen-eines-mund-nasen-schutzes-vermindert-die-koerperliche-belastbarkeit-von-gesunden\/","url":"https:\/\/radioleinewelle.de\/index.php\/2021\/01\/15\/studie-zeigt-das-tragen-eines-mund-nasen-schutzes-vermindert-die-koerperliche-belastbarkeit-von-gesunden\/","name":"Studie zeigt: Das Tragen eines Mund-Nasen-Schutzes vermindert die k\u00f6rperliche Belastbarkeit von Gesunden - Radio Leinewelle","isPartOf":{"@id":"https:\/\/radioleinewelle.de\/#website"},"datePublished":"2021-01-15T04:30:00+00:00","breadcrumb":{"@id":"https:\/\/radioleinewelle.de\/index.php\/2021\/01\/15\/studie-zeigt-das-tragen-eines-mund-nasen-schutzes-vermindert-die-koerperliche-belastbarkeit-von-gesunden\/#breadcrumb"},"inLanguage":"de","potentialAction":[{"@type":"ReadAction","target":["https:\/\/radioleinewelle.de\/index.php\/2021\/01\/15\/studie-zeigt-das-tragen-eines-mund-nasen-schutzes-vermindert-die-koerperliche-belastbarkeit-von-gesunden\/"]}]},{"@type":"BreadcrumbList","@id":"https:\/\/radioleinewelle.de\/index.php\/2021\/01\/15\/studie-zeigt-das-tragen-eines-mund-nasen-schutzes-vermindert-die-koerperliche-belastbarkeit-von-gesunden\/#breadcrumb","itemListElement":[{"@type":"ListItem","position":1,"name":"Startseite","item":"https:\/\/radioleinewelle.de\/"},{"@type":"ListItem","position":2,"name":"Studie zeigt: Das Tragen eines Mund-Nasen-Schutzes vermindert die k\u00f6rperliche Belastbarkeit von Gesunden"}]},{"@type":"WebSite","@id":"https:\/\/radioleinewelle.de\/#website","url":"https:\/\/radioleinewelle.de\/","name":"Radio Leinewelle","description":"","publisher":{"@id":"https:\/\/radioleinewelle.de\/#organization"},"potentialAction":[{"@type":"SearchAction","target":{"@type":"EntryPoint","urlTemplate":"https:\/\/radioleinewelle.de\/?s={search_term_string}"},"query-input":{"@type":"PropertyValueSpecification","valueRequired":true,"valueName":"search_term_string"}}],"inLanguage":"de"},{"@type":"Organization","@id":"https:\/\/radioleinewelle.de\/#organization","name":"Radio Leinewelle","alternateName":"Mein Radio f\u00fcr S\u00fcdniedersachsen","url":"https:\/\/radioleinewelle.de\/","logo":{"@type":"ImageObject","inLanguage":"de","@id":"https:\/\/radioleinewelle.de\/#\/schema\/logo\/image\/","url":"https:\/\/radioleinewelle.de\/wp-content\/uploads\/2023\/11\/cropped-Leinewelle_Logo_weiss.png","contentUrl":"https:\/\/radioleinewelle.de\/wp-content\/uploads\/2023\/11\/cropped-Leinewelle_Logo_weiss.png","width":854,"height":260,"caption":"Radio Leinewelle"},"image":{"@id":"https:\/\/radioleinewelle.de\/#\/schema\/logo\/image\/"},"sameAs":["https:\/\/www.facebook.com\/radioleinewelle","https:\/\/x.com\/RLeinewelle","https:\/\/www.instagram.com\/radioleinewelle\/?hl=de"]},{"@type":"Person","@id":"https:\/\/radioleinewelle.de\/#\/schema\/person\/45606f348637df637192dc1b68399a63","name":"Leinewelle","image":{"@type":"ImageObject","inLanguage":"de","@id":"https:\/\/secure.gravatar.com\/avatar\/05c9a17bc973052ee5d91549bd32fb4dd0dc85b7b85ae94b2e2b4943476bbea5?s=96&d=blank&r=g","url":"https:\/\/secure.gravatar.com\/avatar\/05c9a17bc973052ee5d91549bd32fb4dd0dc85b7b85ae94b2e2b4943476bbea5?s=96&d=blank&r=g","contentUrl":"https:\/\/secure.gravatar.com\/avatar\/05c9a17bc973052ee5d91549bd32fb4dd0dc85b7b85ae94b2e2b4943476bbea5?s=96&d=blank&r=g","caption":"Leinewelle"},"sameAs":["http:\/\/localhost\/radio%20leinewelle\/wordpress","https:\/\/www.facebook.com\/radioleinewelle","https:\/\/www.instagram.com\/radioleinewelle","https:\/\/x.com\/https:\/\/twitter.com\/RLeinewelle?ref_src=twsrcgoogletwcampserptwgrauthor","https:\/\/soundcloud.com\/foerderverein-lokalradio?utm_source=clipboard&utm_medium=text&utm_campaign=social_sharing"],"url":"https:\/\/radioleinewelle.de\/index.php\/author\/leinewelle\/"}]}},"_links":{"self":[{"href":"https:\/\/radioleinewelle.de\/index.php\/wp-json\/wp\/v2\/posts\/4168","targetHints":{"allow":["GET"]}}],"collection":[{"href":"https:\/\/radioleinewelle.de\/index.php\/wp-json\/wp\/v2\/posts"}],"about":[{"href":"https:\/\/radioleinewelle.de\/index.php\/wp-json\/wp\/v2\/types\/post"}],"author":[{"embeddable":true,"href":"https:\/\/radioleinewelle.de\/index.php\/wp-json\/wp\/v2\/users\/1"}],"replies":[{"embeddable":true,"href":"https:\/\/radioleinewelle.de\/index.php\/wp-json\/wp\/v2\/comments?post=4168"}],"version-history":[{"count":0,"href":"https:\/\/radioleinewelle.de\/index.php\/wp-json\/wp\/v2\/posts\/4168\/revisions"}],"wp:attachment":[{"href":"https:\/\/radioleinewelle.de\/index.php\/wp-json\/wp\/v2\/media?parent=4168"}],"wp:term":[{"taxonomy":"category","embeddable":true,"href":"https:\/\/radioleinewelle.de\/index.php\/wp-json\/wp\/v2\/categories?post=4168"},{"taxonomy":"post_tag","embeddable":true,"href":"https:\/\/radioleinewelle.de\/index.php\/wp-json\/wp\/v2\/tags?post=4168"}],"curies":[{"name":"wp","href":"https:\/\/api.w.org\/{rel}","templated":true}]}}