{"id":4205,"date":"2021-01-17T15:08:43","date_gmt":"2021-01-17T14:08:43","guid":{"rendered":"https:\/\/radioleinewelle.de\/?p=4205"},"modified":"2021-01-17T15:08:43","modified_gmt":"2021-01-17T14:08:43","slug":"amtsantritt-joe-bidens-biden-harris-plan-macht-indigenen-hoffnung","status":"publish","type":"post","link":"https:\/\/radioleinewelle.de\/index.php\/2021\/01\/17\/amtsantritt-joe-bidens-biden-harris-plan-macht-indigenen-hoffnung\/","title":{"rendered":"Amtsantritt Joe Bidens: Biden-Harris-Plan macht Indigenen Hoffnung"},"content":{"rendered":"\n<p>Der Amtsantritt des k\u00fcnftigen US-Pr\u00e4sidenten Joseph Biden und der Vize-Pr\u00e4sidentin Kamala Harris am kommenden Mittwoch weckt Hoffnung f\u00fcr die indigene Bev\u00f6lkerung des Landes. Das schlie\u00dft die <strong>Gesellschaft f\u00fcr bedrohte V\u00f6lker (GfbV)<\/strong> aus ihrer Analyse des \u201eBiden-Harris-Plan for Tribal Nations\u201c, den die beiden im Wahlkampf vorgestellt hatten. \u201eDie Vorhaben im Regierungsplan sind eine gute Nachricht f\u00fcr die gebeutelten Native Nations der USA \u2013 sofern sie nicht nur auf dem Papier stehen\u201c, erkl\u00e4rte <strong>Yvonne Bangert, GfbV-Referentin f\u00fcr indigene V\u00f6lker, am heutigen Sonntag in G\u00f6ttingen<\/strong>. \u201eDie Nominierung Deb Haalands zur Innenministerin, der ersten indigenen Ministerin in der Geschichte des Landes, ist jedenfalls mehr als ein symbolischer Schritt. Denn indigene Angelegenheiten werden direkt in ihrem Zust\u00e4ndigkeitsbereich liegen. Auch ist ihr Ministerium f\u00fcr die Verwaltung \u00f6ffentlichen Landes und die Einrichtung von Naturschutzgebietenverantwortlich, einschlie\u00dflich der Entscheidung \u00fcber Rohstofff\u00f6rderung.\u201c Auch die Wiedereinsetzung gemeinsamer Beratungsgremien von Native Americans und Washingtoner Regierung wecke Hoffnungen.&nbsp;<\/p>\n\n\n\n<p>Mehrere Gro\u00dfprojekte der scheidenden Trump-Regierung werden der k\u00fcnftigen F\u00fchrung allerdings noch auf Jahre hinaus Kopfschmerzen bereiten. \u201eDem Mauerbau entlang der S\u00fcdgrenze der USA sind bereits zahlreiche indigene Heiligt\u00fcmer unwiederbringlich zum Opfer gefallen. Und die laufenden Bauarbeiten werden sich nicht per Fingerschnipp beenden lassen: Den beteiligten Firmen wurden verbindliche Zusagen gemacht und es sind Kosten entstanden\u201c, berichtet Bangert. Gegen den Mauerbau gebe es aber massive indigene Proteste und Biden habe seinen Stopp zugesagt. \u201eOb ein R\u00fcckbau m\u00f6glich ist und wie die Baufirmen entsch\u00e4digt werden, bleibt abzuwarten\u201c, so Bangert. \u201eUnd im Alaska National Wildlife Refuge hat die Trump-Regierung noch auf den letzten Dr\u00fccker \u00d6lbohr-Konzessionen versteigert, die sich nicht ohne Weiteres zur\u00fccknehmen lassen.\u201c&nbsp;<\/p>\n\n\n\n<p>Angesichts der enormen Herausforderungen erwartet die GfbV-Expertin nur graduelle Verbesserungen der Lage indigener V\u00f6lker in den USA, trotz der zu erwartenden politischen Aufwertung. \u201eDeb Haaland und Joe Biden k\u00f6nnen nicht zaubern \u2013 das erwartet nat\u00fcrlich auch niemand von ihnen. Die demokratischen Mehrheitsverh\u00e4ltnisse sind allerdings gut, zumindest bis zu den Mid Term-Elections in zwei Jahren. Und auch kulturell scheint f\u00fcr indigene Anliegen ein g\u00fcnstiger Wind zu wehen\u201c, erkl\u00e4rt sie. \u201eWir hoffen sehr, dass die Biden-Harris-Regierung diesen Schwung nutzt, um indigene Angelegenheiten substanziell voranzubringen und bereit ist, daf\u00fcr auch politisches Kapital zu investieren. An ihren hehren Zielen muss sich die neue Regierung in Zukunft messen lassen.\u201c&nbsp;<\/p>\n\n\n\n<p>Den Biden-Harris-Plan for Tribal Nations im Wortlaut finden Sie&nbsp;<a rel=\"noreferrer noopener\" target=\"_blank\" href=\"https:\/\/joebiden.com\/tribalnations\/\">hier<\/a>.<\/p>\n\n\n\n<p>Bild von&nbsp;<a href=\"https:\/\/pixabay.com\/de\/users\/vladvictoria-9785604\/?utm_source=link-attribution&amp;utm_medium=referral&amp;utm_campaign=image&amp;utm_content=3746082\">Vlad Vasnetsov<\/a>&nbsp;auf&nbsp;<a href=\"https:\/\/pixabay.com\/de\/?utm_source=link-attribution&amp;utm_medium=referral&amp;utm_campaign=image&amp;utm_content=3746082\">Pixabay<\/a><\/p>\n","protected":false},"excerpt":{"rendered":"<p>Der Amtsantritt des k\u00fcnftigen US-Pr\u00e4sidenten Joseph Biden und der Vize-Pr\u00e4sidentin Kamala Harris am kommenden Mittwoch weckt Hoffnung f\u00fcr die indigene Bev\u00f6lkerung des Landes. Das schlie\u00dft die Gesellschaft f\u00fcr bedrohte V\u00f6lker (GfbV) aus ihrer Analyse des \u201eBiden-Harris-Plan for Tribal Nations\u201c, den die beiden im Wahlkampf vorgestellt hatten. \u201eDie Vorhaben im Regierungsplan sind eine gute Nachricht f\u00fcr [&hellip;]<\/p>\n","protected":false},"author":1,"featured_media":4208,"comment_status":"closed","ping_status":"closed","sticky":false,"template":"","format":"standard","meta":{"saved_in_kubio":false,"footnotes":""},"categories":[24],"tags":[],"class_list":["post-4205","post","type-post","status-publish","format-standard","has-post-thumbnail","hentry","category-news"],"yoast_head":"<!-- This site is optimized with the Yoast SEO plugin v27.5 - https:\/\/yoast.com\/product\/yoast-seo-wordpress\/ -->\n<title>Amtsantritt Joe Bidens: Biden-Harris-Plan macht Indigenen Hoffnung - Radio Leinewelle<\/title>\n<meta name=\"robots\" content=\"index, follow, max-snippet:-1, max-image-preview:large, max-video-preview:-1\" \/>\n<link rel=\"canonical\" href=\"https:\/\/radioleinewelle.de\/index.php\/2021\/01\/17\/amtsantritt-joe-bidens-biden-harris-plan-macht-indigenen-hoffnung\/\" \/>\n<meta property=\"og:locale\" content=\"de_DE\" \/>\n<meta property=\"og:type\" content=\"article\" \/>\n<meta property=\"og:title\" content=\"Amtsantritt Joe Bidens: Biden-Harris-Plan macht Indigenen Hoffnung - Radio Leinewelle\" \/>\n<meta property=\"og:description\" content=\"Der Amtsantritt des k\u00fcnftigen US-Pr\u00e4sidenten Joseph Biden und der Vize-Pr\u00e4sidentin Kamala Harris am kommenden Mittwoch weckt Hoffnung f\u00fcr die indigene Bev\u00f6lkerung des Landes. Das schlie\u00dft die Gesellschaft f\u00fcr bedrohte V\u00f6lker (GfbV) aus ihrer Analyse des \u201eBiden-Harris-Plan for Tribal Nations\u201c, den die beiden im Wahlkampf vorgestellt hatten. \u201eDie Vorhaben im Regierungsplan sind eine gute Nachricht f\u00fcr [&hellip;]\" \/>\n<meta property=\"og:url\" content=\"https:\/\/radioleinewelle.de\/index.php\/2021\/01\/17\/amtsantritt-joe-bidens-biden-harris-plan-macht-indigenen-hoffnung\/\" \/>\n<meta property=\"og:site_name\" content=\"Radio Leinewelle\" \/>\n<meta property=\"article:publisher\" content=\"https:\/\/www.facebook.com\/radioleinewelle\" \/>\n<meta property=\"article:author\" content=\"https:\/\/www.facebook.com\/radioleinewelle\" \/>\n<meta property=\"article:published_time\" content=\"2021-01-17T14:08:43+00:00\" \/>\n<meta property=\"og:image\" content=\"https:\/\/radioleinewelle.de\/wp-content\/uploads\/2021\/01\/totem-3746082_640.jpg\" \/>\n\t<meta property=\"og:image:width\" content=\"640\" \/>\n\t<meta property=\"og:image:height\" content=\"427\" \/>\n\t<meta property=\"og:image:type\" content=\"image\/jpeg\" \/>\n<meta name=\"author\" content=\"Leinewelle\" \/>\n<meta name=\"twitter:card\" content=\"summary_large_image\" \/>\n<meta name=\"twitter:creator\" content=\"@https:\/\/twitter.com\/RLeinewelle?ref_src=twsrcgoogletwcampserptwgrauthor\" \/>\n<meta name=\"twitter:site\" content=\"@RLeinewelle\" \/>\n<meta name=\"twitter:label1\" content=\"Verfasst von\" \/>\n\t<meta name=\"twitter:data1\" content=\"Leinewelle\" \/>\n\t<meta name=\"twitter:label2\" content=\"Gesch\u00e4tzte Lesezeit\" \/>\n\t<meta name=\"twitter:data2\" content=\"2\u00a0Minuten\" \/>\n<script type=\"application\/ld+json\" class=\"yoast-schema-graph\">{\"@context\":\"https:\\\/\\\/schema.org\",\"@graph\":[{\"@type\":\"Article\",\"@id\":\"https:\\\/\\\/radioleinewelle.de\\\/index.php\\\/2021\\\/01\\\/17\\\/amtsantritt-joe-bidens-biden-harris-plan-macht-indigenen-hoffnung\\\/#article\",\"isPartOf\":{\"@id\":\"https:\\\/\\\/radioleinewelle.de\\\/index.php\\\/2021\\\/01\\\/17\\\/amtsantritt-joe-bidens-biden-harris-plan-macht-indigenen-hoffnung\\\/\"},\"author\":{\"name\":\"Leinewelle\",\"@id\":\"https:\\\/\\\/radioleinewelle.de\\\/#\\\/schema\\\/person\\\/45606f348637df637192dc1b68399a63\"},\"headline\":\"Amtsantritt Joe Bidens: Biden-Harris-Plan macht Indigenen Hoffnung\",\"datePublished\":\"2021-01-17T14:08:43+00:00\",\"mainEntityOfPage\":{\"@id\":\"https:\\\/\\\/radioleinewelle.de\\\/index.php\\\/2021\\\/01\\\/17\\\/amtsantritt-joe-bidens-biden-harris-plan-macht-indigenen-hoffnung\\\/\"},\"wordCount\":422,\"publisher\":{\"@id\":\"https:\\\/\\\/radioleinewelle.de\\\/#organization\"},\"image\":{\"@id\":\"https:\\\/\\\/radioleinewelle.de\\\/index.php\\\/2021\\\/01\\\/17\\\/amtsantritt-joe-bidens-biden-harris-plan-macht-indigenen-hoffnung\\\/#primaryimage\"},\"thumbnailUrl\":\"https:\\\/\\\/radioleinewelle.de\\\/wp-content\\\/uploads\\\/2021\\\/01\\\/totem-3746082_640.jpg\",\"articleSection\":[\"Aktuelle Nachrichten\"],\"inLanguage\":\"de\"},{\"@type\":\"WebPage\",\"@id\":\"https:\\\/\\\/radioleinewelle.de\\\/index.php\\\/2021\\\/01\\\/17\\\/amtsantritt-joe-bidens-biden-harris-plan-macht-indigenen-hoffnung\\\/\",\"url\":\"https:\\\/\\\/radioleinewelle.de\\\/index.php\\\/2021\\\/01\\\/17\\\/amtsantritt-joe-bidens-biden-harris-plan-macht-indigenen-hoffnung\\\/\",\"name\":\"Amtsantritt Joe Bidens: Biden-Harris-Plan macht Indigenen Hoffnung - Radio Leinewelle\",\"isPartOf\":{\"@id\":\"https:\\\/\\\/radioleinewelle.de\\\/#website\"},\"primaryImageOfPage\":{\"@id\":\"https:\\\/\\\/radioleinewelle.de\\\/index.php\\\/2021\\\/01\\\/17\\\/amtsantritt-joe-bidens-biden-harris-plan-macht-indigenen-hoffnung\\\/#primaryimage\"},\"image\":{\"@id\":\"https:\\\/\\\/radioleinewelle.de\\\/index.php\\\/2021\\\/01\\\/17\\\/amtsantritt-joe-bidens-biden-harris-plan-macht-indigenen-hoffnung\\\/#primaryimage\"},\"thumbnailUrl\":\"https:\\\/\\\/radioleinewelle.de\\\/wp-content\\\/uploads\\\/2021\\\/01\\\/totem-3746082_640.jpg\",\"datePublished\":\"2021-01-17T14:08:43+00:00\",\"breadcrumb\":{\"@id\":\"https:\\\/\\\/radioleinewelle.de\\\/index.php\\\/2021\\\/01\\\/17\\\/amtsantritt-joe-bidens-biden-harris-plan-macht-indigenen-hoffnung\\\/#breadcrumb\"},\"inLanguage\":\"de\",\"potentialAction\":[{\"@type\":\"ReadAction\",\"target\":[\"https:\\\/\\\/radioleinewelle.de\\\/index.php\\\/2021\\\/01\\\/17\\\/amtsantritt-joe-bidens-biden-harris-plan-macht-indigenen-hoffnung\\\/\"]}]},{\"@type\":\"ImageObject\",\"inLanguage\":\"de\",\"@id\":\"https:\\\/\\\/radioleinewelle.de\\\/index.php\\\/2021\\\/01\\\/17\\\/amtsantritt-joe-bidens-biden-harris-plan-macht-indigenen-hoffnung\\\/#primaryimage\",\"url\":\"https:\\\/\\\/radioleinewelle.de\\\/wp-content\\\/uploads\\\/2021\\\/01\\\/totem-3746082_640.jpg\",\"contentUrl\":\"https:\\\/\\\/radioleinewelle.de\\\/wp-content\\\/uploads\\\/2021\\\/01\\\/totem-3746082_640.jpg\",\"width\":640,\"height\":427},{\"@type\":\"BreadcrumbList\",\"@id\":\"https:\\\/\\\/radioleinewelle.de\\\/index.php\\\/2021\\\/01\\\/17\\\/amtsantritt-joe-bidens-biden-harris-plan-macht-indigenen-hoffnung\\\/#breadcrumb\",\"itemListElement\":[{\"@type\":\"ListItem\",\"position\":1,\"name\":\"Startseite\",\"item\":\"https:\\\/\\\/radioleinewelle.de\\\/\"},{\"@type\":\"ListItem\",\"position\":2,\"name\":\"Amtsantritt Joe Bidens: Biden-Harris-Plan macht Indigenen Hoffnung\"}]},{\"@type\":\"WebSite\",\"@id\":\"https:\\\/\\\/radioleinewelle.de\\\/#website\",\"url\":\"https:\\\/\\\/radioleinewelle.de\\\/\",\"name\":\"Radio Leinewelle\",\"description\":\"\",\"publisher\":{\"@id\":\"https:\\\/\\\/radioleinewelle.de\\\/#organization\"},\"potentialAction\":[{\"@type\":\"SearchAction\",\"target\":{\"@type\":\"EntryPoint\",\"urlTemplate\":\"https:\\\/\\\/radioleinewelle.de\\\/?s={search_term_string}\"},\"query-input\":{\"@type\":\"PropertyValueSpecification\",\"valueRequired\":true,\"valueName\":\"search_term_string\"}}],\"inLanguage\":\"de\"},{\"@type\":\"Organization\",\"@id\":\"https:\\\/\\\/radioleinewelle.de\\\/#organization\",\"name\":\"Radio Leinewelle\",\"alternateName\":\"Mein Radio f\u00fcr S\u00fcdniedersachsen\",\"url\":\"https:\\\/\\\/radioleinewelle.de\\\/\",\"logo\":{\"@type\":\"ImageObject\",\"inLanguage\":\"de\",\"@id\":\"https:\\\/\\\/radioleinewelle.de\\\/#\\\/schema\\\/logo\\\/image\\\/\",\"url\":\"https:\\\/\\\/radioleinewelle.de\\\/wp-content\\\/uploads\\\/2023\\\/11\\\/cropped-Leinewelle_Logo_weiss.png\",\"contentUrl\":\"https:\\\/\\\/radioleinewelle.de\\\/wp-content\\\/uploads\\\/2023\\\/11\\\/cropped-Leinewelle_Logo_weiss.png\",\"width\":854,\"height\":260,\"caption\":\"Radio Leinewelle\"},\"image\":{\"@id\":\"https:\\\/\\\/radioleinewelle.de\\\/#\\\/schema\\\/logo\\\/image\\\/\"},\"sameAs\":[\"https:\\\/\\\/www.facebook.com\\\/radioleinewelle\",\"https:\\\/\\\/x.com\\\/RLeinewelle\",\"https:\\\/\\\/www.instagram.com\\\/radioleinewelle\\\/?hl=de\"]},{\"@type\":\"Person\",\"@id\":\"https:\\\/\\\/radioleinewelle.de\\\/#\\\/schema\\\/person\\\/45606f348637df637192dc1b68399a63\",\"name\":\"Leinewelle\",\"image\":{\"@type\":\"ImageObject\",\"inLanguage\":\"de\",\"@id\":\"https:\\\/\\\/secure.gravatar.com\\\/avatar\\\/05c9a17bc973052ee5d91549bd32fb4dd0dc85b7b85ae94b2e2b4943476bbea5?s=96&d=blank&r=g\",\"url\":\"https:\\\/\\\/secure.gravatar.com\\\/avatar\\\/05c9a17bc973052ee5d91549bd32fb4dd0dc85b7b85ae94b2e2b4943476bbea5?s=96&d=blank&r=g\",\"contentUrl\":\"https:\\\/\\\/secure.gravatar.com\\\/avatar\\\/05c9a17bc973052ee5d91549bd32fb4dd0dc85b7b85ae94b2e2b4943476bbea5?s=96&d=blank&r=g\",\"caption\":\"Leinewelle\"},\"sameAs\":[\"http:\\\/\\\/localhost\\\/radio%20leinewelle\\\/wordpress\",\"https:\\\/\\\/www.facebook.com\\\/radioleinewelle\",\"https:\\\/\\\/www.instagram.com\\\/radioleinewelle\",\"https:\\\/\\\/x.com\\\/https:\\\/\\\/twitter.com\\\/RLeinewelle?ref_src=twsrcgoogletwcampserptwgrauthor\",\"https:\\\/\\\/soundcloud.com\\\/foerderverein-lokalradio?utm_source=clipboard&utm_medium=text&utm_campaign=social_sharing\"],\"url\":\"https:\\\/\\\/radioleinewelle.de\\\/index.php\\\/author\\\/leinewelle\\\/\"}]}<\/script>\n<!-- \/ Yoast SEO plugin. -->","yoast_head_json":{"title":"Amtsantritt Joe Bidens: Biden-Harris-Plan macht Indigenen Hoffnung - Radio Leinewelle","robots":{"index":"index","follow":"follow","max-snippet":"max-snippet:-1","max-image-preview":"max-image-preview:large","max-video-preview":"max-video-preview:-1"},"canonical":"https:\/\/radioleinewelle.de\/index.php\/2021\/01\/17\/amtsantritt-joe-bidens-biden-harris-plan-macht-indigenen-hoffnung\/","og_locale":"de_DE","og_type":"article","og_title":"Amtsantritt Joe Bidens: Biden-Harris-Plan macht Indigenen Hoffnung - Radio Leinewelle","og_description":"Der Amtsantritt des k\u00fcnftigen US-Pr\u00e4sidenten Joseph Biden und der Vize-Pr\u00e4sidentin Kamala Harris am kommenden Mittwoch weckt Hoffnung f\u00fcr die indigene Bev\u00f6lkerung des Landes. Das schlie\u00dft die Gesellschaft f\u00fcr bedrohte V\u00f6lker (GfbV) aus ihrer Analyse des \u201eBiden-Harris-Plan for Tribal Nations\u201c, den die beiden im Wahlkampf vorgestellt hatten. \u201eDie Vorhaben im Regierungsplan sind eine gute Nachricht f\u00fcr [&hellip;]","og_url":"https:\/\/radioleinewelle.de\/index.php\/2021\/01\/17\/amtsantritt-joe-bidens-biden-harris-plan-macht-indigenen-hoffnung\/","og_site_name":"Radio Leinewelle","article_publisher":"https:\/\/www.facebook.com\/radioleinewelle","article_author":"https:\/\/www.facebook.com\/radioleinewelle","article_published_time":"2021-01-17T14:08:43+00:00","og_image":[{"width":640,"height":427,"url":"https:\/\/radioleinewelle.de\/wp-content\/uploads\/2021\/01\/totem-3746082_640.jpg","type":"image\/jpeg"}],"author":"Leinewelle","twitter_card":"summary_large_image","twitter_creator":"@https:\/\/twitter.com\/RLeinewelle?ref_src=twsrcgoogletwcampserptwgrauthor","twitter_site":"@RLeinewelle","twitter_misc":{"Verfasst von":"Leinewelle","Gesch\u00e4tzte Lesezeit":"2\u00a0Minuten"},"schema":{"@context":"https:\/\/schema.org","@graph":[{"@type":"Article","@id":"https:\/\/radioleinewelle.de\/index.php\/2021\/01\/17\/amtsantritt-joe-bidens-biden-harris-plan-macht-indigenen-hoffnung\/#article","isPartOf":{"@id":"https:\/\/radioleinewelle.de\/index.php\/2021\/01\/17\/amtsantritt-joe-bidens-biden-harris-plan-macht-indigenen-hoffnung\/"},"author":{"name":"Leinewelle","@id":"https:\/\/radioleinewelle.de\/#\/schema\/person\/45606f348637df637192dc1b68399a63"},"headline":"Amtsantritt Joe Bidens: Biden-Harris-Plan macht Indigenen Hoffnung","datePublished":"2021-01-17T14:08:43+00:00","mainEntityOfPage":{"@id":"https:\/\/radioleinewelle.de\/index.php\/2021\/01\/17\/amtsantritt-joe-bidens-biden-harris-plan-macht-indigenen-hoffnung\/"},"wordCount":422,"publisher":{"@id":"https:\/\/radioleinewelle.de\/#organization"},"image":{"@id":"https:\/\/radioleinewelle.de\/index.php\/2021\/01\/17\/amtsantritt-joe-bidens-biden-harris-plan-macht-indigenen-hoffnung\/#primaryimage"},"thumbnailUrl":"https:\/\/radioleinewelle.de\/wp-content\/uploads\/2021\/01\/totem-3746082_640.jpg","articleSection":["Aktuelle Nachrichten"],"inLanguage":"de"},{"@type":"WebPage","@id":"https:\/\/radioleinewelle.de\/index.php\/2021\/01\/17\/amtsantritt-joe-bidens-biden-harris-plan-macht-indigenen-hoffnung\/","url":"https:\/\/radioleinewelle.de\/index.php\/2021\/01\/17\/amtsantritt-joe-bidens-biden-harris-plan-macht-indigenen-hoffnung\/","name":"Amtsantritt Joe Bidens: Biden-Harris-Plan macht Indigenen Hoffnung - Radio Leinewelle","isPartOf":{"@id":"https:\/\/radioleinewelle.de\/#website"},"primaryImageOfPage":{"@id":"https:\/\/radioleinewelle.de\/index.php\/2021\/01\/17\/amtsantritt-joe-bidens-biden-harris-plan-macht-indigenen-hoffnung\/#primaryimage"},"image":{"@id":"https:\/\/radioleinewelle.de\/index.php\/2021\/01\/17\/amtsantritt-joe-bidens-biden-harris-plan-macht-indigenen-hoffnung\/#primaryimage"},"thumbnailUrl":"https:\/\/radioleinewelle.de\/wp-content\/uploads\/2021\/01\/totem-3746082_640.jpg","datePublished":"2021-01-17T14:08:43+00:00","breadcrumb":{"@id":"https:\/\/radioleinewelle.de\/index.php\/2021\/01\/17\/amtsantritt-joe-bidens-biden-harris-plan-macht-indigenen-hoffnung\/#breadcrumb"},"inLanguage":"de","potentialAction":[{"@type":"ReadAction","target":["https:\/\/radioleinewelle.de\/index.php\/2021\/01\/17\/amtsantritt-joe-bidens-biden-harris-plan-macht-indigenen-hoffnung\/"]}]},{"@type":"ImageObject","inLanguage":"de","@id":"https:\/\/radioleinewelle.de\/index.php\/2021\/01\/17\/amtsantritt-joe-bidens-biden-harris-plan-macht-indigenen-hoffnung\/#primaryimage","url":"https:\/\/radioleinewelle.de\/wp-content\/uploads\/2021\/01\/totem-3746082_640.jpg","contentUrl":"https:\/\/radioleinewelle.de\/wp-content\/uploads\/2021\/01\/totem-3746082_640.jpg","width":640,"height":427},{"@type":"BreadcrumbList","@id":"https:\/\/radioleinewelle.de\/index.php\/2021\/01\/17\/amtsantritt-joe-bidens-biden-harris-plan-macht-indigenen-hoffnung\/#breadcrumb","itemListElement":[{"@type":"ListItem","position":1,"name":"Startseite","item":"https:\/\/radioleinewelle.de\/"},{"@type":"ListItem","position":2,"name":"Amtsantritt Joe Bidens: Biden-Harris-Plan macht Indigenen Hoffnung"}]},{"@type":"WebSite","@id":"https:\/\/radioleinewelle.de\/#website","url":"https:\/\/radioleinewelle.de\/","name":"Radio Leinewelle","description":"","publisher":{"@id":"https:\/\/radioleinewelle.de\/#organization"},"potentialAction":[{"@type":"SearchAction","target":{"@type":"EntryPoint","urlTemplate":"https:\/\/radioleinewelle.de\/?s={search_term_string}"},"query-input":{"@type":"PropertyValueSpecification","valueRequired":true,"valueName":"search_term_string"}}],"inLanguage":"de"},{"@type":"Organization","@id":"https:\/\/radioleinewelle.de\/#organization","name":"Radio Leinewelle","alternateName":"Mein Radio f\u00fcr S\u00fcdniedersachsen","url":"https:\/\/radioleinewelle.de\/","logo":{"@type":"ImageObject","inLanguage":"de","@id":"https:\/\/radioleinewelle.de\/#\/schema\/logo\/image\/","url":"https:\/\/radioleinewelle.de\/wp-content\/uploads\/2023\/11\/cropped-Leinewelle_Logo_weiss.png","contentUrl":"https:\/\/radioleinewelle.de\/wp-content\/uploads\/2023\/11\/cropped-Leinewelle_Logo_weiss.png","width":854,"height":260,"caption":"Radio Leinewelle"},"image":{"@id":"https:\/\/radioleinewelle.de\/#\/schema\/logo\/image\/"},"sameAs":["https:\/\/www.facebook.com\/radioleinewelle","https:\/\/x.com\/RLeinewelle","https:\/\/www.instagram.com\/radioleinewelle\/?hl=de"]},{"@type":"Person","@id":"https:\/\/radioleinewelle.de\/#\/schema\/person\/45606f348637df637192dc1b68399a63","name":"Leinewelle","image":{"@type":"ImageObject","inLanguage":"de","@id":"https:\/\/secure.gravatar.com\/avatar\/05c9a17bc973052ee5d91549bd32fb4dd0dc85b7b85ae94b2e2b4943476bbea5?s=96&d=blank&r=g","url":"https:\/\/secure.gravatar.com\/avatar\/05c9a17bc973052ee5d91549bd32fb4dd0dc85b7b85ae94b2e2b4943476bbea5?s=96&d=blank&r=g","contentUrl":"https:\/\/secure.gravatar.com\/avatar\/05c9a17bc973052ee5d91549bd32fb4dd0dc85b7b85ae94b2e2b4943476bbea5?s=96&d=blank&r=g","caption":"Leinewelle"},"sameAs":["http:\/\/localhost\/radio%20leinewelle\/wordpress","https:\/\/www.facebook.com\/radioleinewelle","https:\/\/www.instagram.com\/radioleinewelle","https:\/\/x.com\/https:\/\/twitter.com\/RLeinewelle?ref_src=twsrcgoogletwcampserptwgrauthor","https:\/\/soundcloud.com\/foerderverein-lokalradio?utm_source=clipboard&utm_medium=text&utm_campaign=social_sharing"],"url":"https:\/\/radioleinewelle.de\/index.php\/author\/leinewelle\/"}]}},"_links":{"self":[{"href":"https:\/\/radioleinewelle.de\/index.php\/wp-json\/wp\/v2\/posts\/4205","targetHints":{"allow":["GET"]}}],"collection":[{"href":"https:\/\/radioleinewelle.de\/index.php\/wp-json\/wp\/v2\/posts"}],"about":[{"href":"https:\/\/radioleinewelle.de\/index.php\/wp-json\/wp\/v2\/types\/post"}],"author":[{"embeddable":true,"href":"https:\/\/radioleinewelle.de\/index.php\/wp-json\/wp\/v2\/users\/1"}],"replies":[{"embeddable":true,"href":"https:\/\/radioleinewelle.de\/index.php\/wp-json\/wp\/v2\/comments?post=4205"}],"version-history":[{"count":0,"href":"https:\/\/radioleinewelle.de\/index.php\/wp-json\/wp\/v2\/posts\/4205\/revisions"}],"wp:featuredmedia":[{"embeddable":true,"href":"https:\/\/radioleinewelle.de\/index.php\/wp-json\/wp\/v2\/media\/4208"}],"wp:attachment":[{"href":"https:\/\/radioleinewelle.de\/index.php\/wp-json\/wp\/v2\/media?parent=4205"}],"wp:term":[{"taxonomy":"category","embeddable":true,"href":"https:\/\/radioleinewelle.de\/index.php\/wp-json\/wp\/v2\/categories?post=4205"},{"taxonomy":"post_tag","embeddable":true,"href":"https:\/\/radioleinewelle.de\/index.php\/wp-json\/wp\/v2\/tags?post=4205"}],"curies":[{"name":"wp","href":"https:\/\/api.w.org\/{rel}","templated":true}]}}