{"id":4211,"date":"2021-01-18T05:02:00","date_gmt":"2021-01-18T04:02:00","guid":{"rendered":"https:\/\/radioleinewelle.de\/?p=4211"},"modified":"2021-01-18T05:02:00","modified_gmt":"2021-01-18T04:02:00","slug":"landesweit-325-plaetze-im-freiwilligen-oekologischen-jahr-zu-vergeben","status":"publish","type":"post","link":"https:\/\/radioleinewelle.de\/index.php\/2021\/01\/18\/landesweit-325-plaetze-im-freiwilligen-oekologischen-jahr-zu-vergeben\/","title":{"rendered":"Landesweit 325 Pl\u00e4tze im Freiwilligen \u00d6kologischen Jahr zu vergeben"},"content":{"rendered":"\n<p>\u201eEs ist toll, dass so viele Lust haben, sich zu engagieren\u201c, lobt Niedersachsens Umweltminister Olaf Lies die Bewerberinnen und Bewerber des Freiwilligen \u00d6kologischen Jahres (F\u00d6J) in Niedersachsen. Denn bereits nach wenigen Tagen sind f\u00fcr die insgesamt 325 Pl\u00e4tze rund 100 Bewerbungen bei der Alfred Toepfer Akademie f\u00fcr Naturschutz, dem Tr\u00e4ger des F\u00d6J in Niedersachsen, eingegangen. \u201eGerade in Zeiten von Corona bietet ein Freiwilligenjahr eine gute M\u00f6glichkeit, sich einzubringen und den eigenen Horizont zu erweitern \u2013 auch ohne eine Auslandsreise\u201c, so der Minister. \u201eIch bin \u00fcberzeugt, dass wir damit auch einen wichtigen Beitrag zur Sicherung von Fachkr\u00e4ften leisten. Viele der ehemaligen F\u00f6Jlerinnen und F\u00d6Jler sind auch beruflich im Bereich Umwelt- und Naturschutz geblieben.\u201c<\/p>\n\n\n\n<p>Ob auf einem Bauernhof oder im Nationalparkhaus, im B\u00fcro einer Klimaschutzagentur oder mit Kindern im Gel\u00e4nde: Auch dieses Jahr gibt es eine breite Auswahl an Einsatzbereichen. Dazu geh\u00f6ren F\u00d6J-Pl\u00e4tze u.a. im Wildpark M\u00fcden, dem Bildungs- und Aktionsnetzwerk Wandel e. V., dem Zoo Hannover sowie dem Arbeitskreis Eine Welt in Nordhorn, in zahlreichen au\u00dferschulischen Lernorten und im Bereich des Klimaschutzes. Auch die Pl\u00e4tze bei den Sonderprojekten F\u00d6J an Ganztagsschulen sowie F\u00d6J im Sport werden 2021\/22 wieder angeboten.<\/p>\n\n\n\n<p>Digitale Seminare bieten vielf\u00e4ltige Alternative<\/p>\n\n\n\n<p>\u201eF\u00fcr das F\u00d6J, das stark vom sozialen Miteinander der Jugendlichen \u2013 z. B. in Seminargruppen \u2013 lebt, war das letzte Jahr nat\u00fcrlich eine Herausforderung\u201c, so Dirk Schuricht, Fachbereichsleiter F\u00d6J an der Naturschutzakademie. Die Situation habe aber Ver\u00e4nderungsprozesse angesto\u00dfen, die das F\u00d6J auch zuk\u00fcnftig bereichern k\u00f6nnen. So wurde ein vielf\u00e4ltiges Angebot an Online-Workshops entwickelt, aus dem die Teilnehmenden w\u00e4hlen k\u00f6nnen. Aktuell stehen in der Zeit bis Ostern 63 Workshops zur Auswahl: \u201eDie Visionswerkstatt \u2013 f\u00fcr Dich und eine nachhaltige Welt\u201c, \u201eWie geht gute Klimakommunikation?\u201c oder \u201eFair Food\u201c sind nur drei davon.<\/p>\n\n\n\n<p>Aktuelle Informationen zur Bewerbung, den Einsatzstellen und allen wichtigen Fakten rund um das F\u00d6J finden sich auf der Website der Naturschutzakademie&nbsp;<a href=\"http:\/\/www.nna.niedersachsen.de\/\">www.nna.niedersachsen.de<\/a><\/p>\n","protected":false},"excerpt":{"rendered":"<p>\u201eEs ist toll, dass so viele Lust haben, sich zu engagieren\u201c, lobt Niedersachsens Umweltminister Olaf Lies die Bewerberinnen und Bewerber des Freiwilligen \u00d6kologischen Jahres (F\u00d6J) in Niedersachsen. Denn bereits nach wenigen Tagen sind f\u00fcr die insgesamt 325 Pl\u00e4tze rund 100 Bewerbungen bei der Alfred Toepfer Akademie f\u00fcr Naturschutz, dem Tr\u00e4ger des F\u00d6J in Niedersachsen, eingegangen. [&hellip;]<\/p>\n","protected":false},"author":1,"featured_media":4214,"comment_status":"closed","ping_status":"closed","sticky":false,"template":"","format":"standard","meta":{"saved_in_kubio":false,"footnotes":""},"categories":[32],"tags":[],"class_list":["post-4211","post","type-post","status-publish","format-standard","has-post-thumbnail","hentry","category-natur-umwelt"],"yoast_head":"<!-- This site is optimized with the Yoast SEO plugin v27.5 - https:\/\/yoast.com\/product\/yoast-seo-wordpress\/ -->\n<title>Landesweit 325 Pl\u00e4tze im Freiwilligen \u00d6kologischen Jahr zu vergeben - Radio Leinewelle<\/title>\n<meta name=\"robots\" content=\"index, follow, max-snippet:-1, max-image-preview:large, max-video-preview:-1\" \/>\n<link rel=\"canonical\" href=\"https:\/\/radioleinewelle.de\/index.php\/2021\/01\/18\/landesweit-325-plaetze-im-freiwilligen-oekologischen-jahr-zu-vergeben\/\" \/>\n<meta property=\"og:locale\" content=\"de_DE\" \/>\n<meta property=\"og:type\" content=\"article\" \/>\n<meta property=\"og:title\" content=\"Landesweit 325 Pl\u00e4tze im Freiwilligen \u00d6kologischen Jahr zu vergeben - Radio Leinewelle\" \/>\n<meta property=\"og:description\" content=\"\u201eEs ist toll, dass so viele Lust haben, sich zu engagieren\u201c, lobt Niedersachsens Umweltminister Olaf Lies die Bewerberinnen und Bewerber des Freiwilligen \u00d6kologischen Jahres (F\u00d6J) in Niedersachsen. Denn bereits nach wenigen Tagen sind f\u00fcr die insgesamt 325 Pl\u00e4tze rund 100 Bewerbungen bei der Alfred Toepfer Akademie f\u00fcr Naturschutz, dem Tr\u00e4ger des F\u00d6J in Niedersachsen, eingegangen. [&hellip;]\" \/>\n<meta property=\"og:url\" content=\"https:\/\/radioleinewelle.de\/index.php\/2021\/01\/18\/landesweit-325-plaetze-im-freiwilligen-oekologischen-jahr-zu-vergeben\/\" \/>\n<meta property=\"og:site_name\" content=\"Radio Leinewelle\" \/>\n<meta property=\"article:publisher\" content=\"https:\/\/www.facebook.com\/radioleinewelle\" \/>\n<meta property=\"article:author\" content=\"https:\/\/www.facebook.com\/radioleinewelle\" \/>\n<meta property=\"article:published_time\" content=\"2021-01-18T04:02:00+00:00\" \/>\n<meta property=\"og:image\" content=\"https:\/\/radioleinewelle.de\/wp-content\/uploads\/2021\/01\/protect-450594_640.jpg\" \/>\n\t<meta property=\"og:image:width\" content=\"640\" \/>\n\t<meta property=\"og:image:height\" content=\"452\" \/>\n\t<meta property=\"og:image:type\" content=\"image\/jpeg\" \/>\n<meta name=\"author\" content=\"Leinewelle\" \/>\n<meta name=\"twitter:card\" content=\"summary_large_image\" \/>\n<meta name=\"twitter:creator\" content=\"@https:\/\/twitter.com\/RLeinewelle?ref_src=twsrcgoogletwcampserptwgrauthor\" \/>\n<meta name=\"twitter:site\" content=\"@RLeinewelle\" \/>\n<meta name=\"twitter:label1\" content=\"Verfasst von\" \/>\n\t<meta name=\"twitter:data1\" content=\"Leinewelle\" \/>\n\t<meta name=\"twitter:label2\" content=\"Gesch\u00e4tzte Lesezeit\" \/>\n\t<meta name=\"twitter:data2\" content=\"2\u00a0Minuten\" \/>\n<script type=\"application\/ld+json\" class=\"yoast-schema-graph\">{\"@context\":\"https:\\\/\\\/schema.org\",\"@graph\":[{\"@type\":\"Article\",\"@id\":\"https:\\\/\\\/radioleinewelle.de\\\/index.php\\\/2021\\\/01\\\/18\\\/landesweit-325-plaetze-im-freiwilligen-oekologischen-jahr-zu-vergeben\\\/#article\",\"isPartOf\":{\"@id\":\"https:\\\/\\\/radioleinewelle.de\\\/index.php\\\/2021\\\/01\\\/18\\\/landesweit-325-plaetze-im-freiwilligen-oekologischen-jahr-zu-vergeben\\\/\"},\"author\":{\"name\":\"Leinewelle\",\"@id\":\"https:\\\/\\\/radioleinewelle.de\\\/#\\\/schema\\\/person\\\/45606f348637df637192dc1b68399a63\"},\"headline\":\"Landesweit 325 Pl\u00e4tze im Freiwilligen \u00d6kologischen Jahr zu vergeben\",\"datePublished\":\"2021-01-18T04:02:00+00:00\",\"mainEntityOfPage\":{\"@id\":\"https:\\\/\\\/radioleinewelle.de\\\/index.php\\\/2021\\\/01\\\/18\\\/landesweit-325-plaetze-im-freiwilligen-oekologischen-jahr-zu-vergeben\\\/\"},\"wordCount\":346,\"publisher\":{\"@id\":\"https:\\\/\\\/radioleinewelle.de\\\/#organization\"},\"image\":{\"@id\":\"https:\\\/\\\/radioleinewelle.de\\\/index.php\\\/2021\\\/01\\\/18\\\/landesweit-325-plaetze-im-freiwilligen-oekologischen-jahr-zu-vergeben\\\/#primaryimage\"},\"thumbnailUrl\":\"https:\\\/\\\/radioleinewelle.de\\\/wp-content\\\/uploads\\\/2021\\\/01\\\/protect-450594_640.jpg\",\"articleSection\":[\"Natur &amp; Umwelt\"],\"inLanguage\":\"de\"},{\"@type\":\"WebPage\",\"@id\":\"https:\\\/\\\/radioleinewelle.de\\\/index.php\\\/2021\\\/01\\\/18\\\/landesweit-325-plaetze-im-freiwilligen-oekologischen-jahr-zu-vergeben\\\/\",\"url\":\"https:\\\/\\\/radioleinewelle.de\\\/index.php\\\/2021\\\/01\\\/18\\\/landesweit-325-plaetze-im-freiwilligen-oekologischen-jahr-zu-vergeben\\\/\",\"name\":\"Landesweit 325 Pl\u00e4tze im Freiwilligen \u00d6kologischen Jahr zu vergeben - Radio Leinewelle\",\"isPartOf\":{\"@id\":\"https:\\\/\\\/radioleinewelle.de\\\/#website\"},\"primaryImageOfPage\":{\"@id\":\"https:\\\/\\\/radioleinewelle.de\\\/index.php\\\/2021\\\/01\\\/18\\\/landesweit-325-plaetze-im-freiwilligen-oekologischen-jahr-zu-vergeben\\\/#primaryimage\"},\"image\":{\"@id\":\"https:\\\/\\\/radioleinewelle.de\\\/index.php\\\/2021\\\/01\\\/18\\\/landesweit-325-plaetze-im-freiwilligen-oekologischen-jahr-zu-vergeben\\\/#primaryimage\"},\"thumbnailUrl\":\"https:\\\/\\\/radioleinewelle.de\\\/wp-content\\\/uploads\\\/2021\\\/01\\\/protect-450594_640.jpg\",\"datePublished\":\"2021-01-18T04:02:00+00:00\",\"breadcrumb\":{\"@id\":\"https:\\\/\\\/radioleinewelle.de\\\/index.php\\\/2021\\\/01\\\/18\\\/landesweit-325-plaetze-im-freiwilligen-oekologischen-jahr-zu-vergeben\\\/#breadcrumb\"},\"inLanguage\":\"de\",\"potentialAction\":[{\"@type\":\"ReadAction\",\"target\":[\"https:\\\/\\\/radioleinewelle.de\\\/index.php\\\/2021\\\/01\\\/18\\\/landesweit-325-plaetze-im-freiwilligen-oekologischen-jahr-zu-vergeben\\\/\"]}]},{\"@type\":\"ImageObject\",\"inLanguage\":\"de\",\"@id\":\"https:\\\/\\\/radioleinewelle.de\\\/index.php\\\/2021\\\/01\\\/18\\\/landesweit-325-plaetze-im-freiwilligen-oekologischen-jahr-zu-vergeben\\\/#primaryimage\",\"url\":\"https:\\\/\\\/radioleinewelle.de\\\/wp-content\\\/uploads\\\/2021\\\/01\\\/protect-450594_640.jpg\",\"contentUrl\":\"https:\\\/\\\/radioleinewelle.de\\\/wp-content\\\/uploads\\\/2021\\\/01\\\/protect-450594_640.jpg\",\"width\":640,\"height\":452},{\"@type\":\"BreadcrumbList\",\"@id\":\"https:\\\/\\\/radioleinewelle.de\\\/index.php\\\/2021\\\/01\\\/18\\\/landesweit-325-plaetze-im-freiwilligen-oekologischen-jahr-zu-vergeben\\\/#breadcrumb\",\"itemListElement\":[{\"@type\":\"ListItem\",\"position\":1,\"name\":\"Startseite\",\"item\":\"https:\\\/\\\/radioleinewelle.de\\\/\"},{\"@type\":\"ListItem\",\"position\":2,\"name\":\"Landesweit 325 Pl\u00e4tze im Freiwilligen \u00d6kologischen Jahr zu vergeben\"}]},{\"@type\":\"WebSite\",\"@id\":\"https:\\\/\\\/radioleinewelle.de\\\/#website\",\"url\":\"https:\\\/\\\/radioleinewelle.de\\\/\",\"name\":\"Radio Leinewelle\",\"description\":\"\",\"publisher\":{\"@id\":\"https:\\\/\\\/radioleinewelle.de\\\/#organization\"},\"potentialAction\":[{\"@type\":\"SearchAction\",\"target\":{\"@type\":\"EntryPoint\",\"urlTemplate\":\"https:\\\/\\\/radioleinewelle.de\\\/?s={search_term_string}\"},\"query-input\":{\"@type\":\"PropertyValueSpecification\",\"valueRequired\":true,\"valueName\":\"search_term_string\"}}],\"inLanguage\":\"de\"},{\"@type\":\"Organization\",\"@id\":\"https:\\\/\\\/radioleinewelle.de\\\/#organization\",\"name\":\"Radio Leinewelle\",\"alternateName\":\"Mein Radio f\u00fcr S\u00fcdniedersachsen\",\"url\":\"https:\\\/\\\/radioleinewelle.de\\\/\",\"logo\":{\"@type\":\"ImageObject\",\"inLanguage\":\"de\",\"@id\":\"https:\\\/\\\/radioleinewelle.de\\\/#\\\/schema\\\/logo\\\/image\\\/\",\"url\":\"https:\\\/\\\/radioleinewelle.de\\\/wp-content\\\/uploads\\\/2023\\\/11\\\/cropped-Leinewelle_Logo_weiss.png\",\"contentUrl\":\"https:\\\/\\\/radioleinewelle.de\\\/wp-content\\\/uploads\\\/2023\\\/11\\\/cropped-Leinewelle_Logo_weiss.png\",\"width\":854,\"height\":260,\"caption\":\"Radio Leinewelle\"},\"image\":{\"@id\":\"https:\\\/\\\/radioleinewelle.de\\\/#\\\/schema\\\/logo\\\/image\\\/\"},\"sameAs\":[\"https:\\\/\\\/www.facebook.com\\\/radioleinewelle\",\"https:\\\/\\\/x.com\\\/RLeinewelle\",\"https:\\\/\\\/www.instagram.com\\\/radioleinewelle\\\/?hl=de\"]},{\"@type\":\"Person\",\"@id\":\"https:\\\/\\\/radioleinewelle.de\\\/#\\\/schema\\\/person\\\/45606f348637df637192dc1b68399a63\",\"name\":\"Leinewelle\",\"image\":{\"@type\":\"ImageObject\",\"inLanguage\":\"de\",\"@id\":\"https:\\\/\\\/secure.gravatar.com\\\/avatar\\\/05c9a17bc973052ee5d91549bd32fb4dd0dc85b7b85ae94b2e2b4943476bbea5?s=96&d=blank&r=g\",\"url\":\"https:\\\/\\\/secure.gravatar.com\\\/avatar\\\/05c9a17bc973052ee5d91549bd32fb4dd0dc85b7b85ae94b2e2b4943476bbea5?s=96&d=blank&r=g\",\"contentUrl\":\"https:\\\/\\\/secure.gravatar.com\\\/avatar\\\/05c9a17bc973052ee5d91549bd32fb4dd0dc85b7b85ae94b2e2b4943476bbea5?s=96&d=blank&r=g\",\"caption\":\"Leinewelle\"},\"sameAs\":[\"http:\\\/\\\/localhost\\\/radio%20leinewelle\\\/wordpress\",\"https:\\\/\\\/www.facebook.com\\\/radioleinewelle\",\"https:\\\/\\\/www.instagram.com\\\/radioleinewelle\",\"https:\\\/\\\/x.com\\\/https:\\\/\\\/twitter.com\\\/RLeinewelle?ref_src=twsrcgoogletwcampserptwgrauthor\",\"https:\\\/\\\/soundcloud.com\\\/foerderverein-lokalradio?utm_source=clipboard&utm_medium=text&utm_campaign=social_sharing\"],\"url\":\"https:\\\/\\\/radioleinewelle.de\\\/index.php\\\/author\\\/leinewelle\\\/\"}]}<\/script>\n<!-- \/ Yoast SEO plugin. -->","yoast_head_json":{"title":"Landesweit 325 Pl\u00e4tze im Freiwilligen \u00d6kologischen Jahr zu vergeben - Radio Leinewelle","robots":{"index":"index","follow":"follow","max-snippet":"max-snippet:-1","max-image-preview":"max-image-preview:large","max-video-preview":"max-video-preview:-1"},"canonical":"https:\/\/radioleinewelle.de\/index.php\/2021\/01\/18\/landesweit-325-plaetze-im-freiwilligen-oekologischen-jahr-zu-vergeben\/","og_locale":"de_DE","og_type":"article","og_title":"Landesweit 325 Pl\u00e4tze im Freiwilligen \u00d6kologischen Jahr zu vergeben - Radio Leinewelle","og_description":"\u201eEs ist toll, dass so viele Lust haben, sich zu engagieren\u201c, lobt Niedersachsens Umweltminister Olaf Lies die Bewerberinnen und Bewerber des Freiwilligen \u00d6kologischen Jahres (F\u00d6J) in Niedersachsen. Denn bereits nach wenigen Tagen sind f\u00fcr die insgesamt 325 Pl\u00e4tze rund 100 Bewerbungen bei der Alfred Toepfer Akademie f\u00fcr Naturschutz, dem Tr\u00e4ger des F\u00d6J in Niedersachsen, eingegangen. [&hellip;]","og_url":"https:\/\/radioleinewelle.de\/index.php\/2021\/01\/18\/landesweit-325-plaetze-im-freiwilligen-oekologischen-jahr-zu-vergeben\/","og_site_name":"Radio Leinewelle","article_publisher":"https:\/\/www.facebook.com\/radioleinewelle","article_author":"https:\/\/www.facebook.com\/radioleinewelle","article_published_time":"2021-01-18T04:02:00+00:00","og_image":[{"width":640,"height":452,"url":"https:\/\/radioleinewelle.de\/wp-content\/uploads\/2021\/01\/protect-450594_640.jpg","type":"image\/jpeg"}],"author":"Leinewelle","twitter_card":"summary_large_image","twitter_creator":"@https:\/\/twitter.com\/RLeinewelle?ref_src=twsrcgoogletwcampserptwgrauthor","twitter_site":"@RLeinewelle","twitter_misc":{"Verfasst von":"Leinewelle","Gesch\u00e4tzte Lesezeit":"2\u00a0Minuten"},"schema":{"@context":"https:\/\/schema.org","@graph":[{"@type":"Article","@id":"https:\/\/radioleinewelle.de\/index.php\/2021\/01\/18\/landesweit-325-plaetze-im-freiwilligen-oekologischen-jahr-zu-vergeben\/#article","isPartOf":{"@id":"https:\/\/radioleinewelle.de\/index.php\/2021\/01\/18\/landesweit-325-plaetze-im-freiwilligen-oekologischen-jahr-zu-vergeben\/"},"author":{"name":"Leinewelle","@id":"https:\/\/radioleinewelle.de\/#\/schema\/person\/45606f348637df637192dc1b68399a63"},"headline":"Landesweit 325 Pl\u00e4tze im Freiwilligen \u00d6kologischen Jahr zu vergeben","datePublished":"2021-01-18T04:02:00+00:00","mainEntityOfPage":{"@id":"https:\/\/radioleinewelle.de\/index.php\/2021\/01\/18\/landesweit-325-plaetze-im-freiwilligen-oekologischen-jahr-zu-vergeben\/"},"wordCount":346,"publisher":{"@id":"https:\/\/radioleinewelle.de\/#organization"},"image":{"@id":"https:\/\/radioleinewelle.de\/index.php\/2021\/01\/18\/landesweit-325-plaetze-im-freiwilligen-oekologischen-jahr-zu-vergeben\/#primaryimage"},"thumbnailUrl":"https:\/\/radioleinewelle.de\/wp-content\/uploads\/2021\/01\/protect-450594_640.jpg","articleSection":["Natur &amp; Umwelt"],"inLanguage":"de"},{"@type":"WebPage","@id":"https:\/\/radioleinewelle.de\/index.php\/2021\/01\/18\/landesweit-325-plaetze-im-freiwilligen-oekologischen-jahr-zu-vergeben\/","url":"https:\/\/radioleinewelle.de\/index.php\/2021\/01\/18\/landesweit-325-plaetze-im-freiwilligen-oekologischen-jahr-zu-vergeben\/","name":"Landesweit 325 Pl\u00e4tze im Freiwilligen \u00d6kologischen Jahr zu vergeben - Radio Leinewelle","isPartOf":{"@id":"https:\/\/radioleinewelle.de\/#website"},"primaryImageOfPage":{"@id":"https:\/\/radioleinewelle.de\/index.php\/2021\/01\/18\/landesweit-325-plaetze-im-freiwilligen-oekologischen-jahr-zu-vergeben\/#primaryimage"},"image":{"@id":"https:\/\/radioleinewelle.de\/index.php\/2021\/01\/18\/landesweit-325-plaetze-im-freiwilligen-oekologischen-jahr-zu-vergeben\/#primaryimage"},"thumbnailUrl":"https:\/\/radioleinewelle.de\/wp-content\/uploads\/2021\/01\/protect-450594_640.jpg","datePublished":"2021-01-18T04:02:00+00:00","breadcrumb":{"@id":"https:\/\/radioleinewelle.de\/index.php\/2021\/01\/18\/landesweit-325-plaetze-im-freiwilligen-oekologischen-jahr-zu-vergeben\/#breadcrumb"},"inLanguage":"de","potentialAction":[{"@type":"ReadAction","target":["https:\/\/radioleinewelle.de\/index.php\/2021\/01\/18\/landesweit-325-plaetze-im-freiwilligen-oekologischen-jahr-zu-vergeben\/"]}]},{"@type":"ImageObject","inLanguage":"de","@id":"https:\/\/radioleinewelle.de\/index.php\/2021\/01\/18\/landesweit-325-plaetze-im-freiwilligen-oekologischen-jahr-zu-vergeben\/#primaryimage","url":"https:\/\/radioleinewelle.de\/wp-content\/uploads\/2021\/01\/protect-450594_640.jpg","contentUrl":"https:\/\/radioleinewelle.de\/wp-content\/uploads\/2021\/01\/protect-450594_640.jpg","width":640,"height":452},{"@type":"BreadcrumbList","@id":"https:\/\/radioleinewelle.de\/index.php\/2021\/01\/18\/landesweit-325-plaetze-im-freiwilligen-oekologischen-jahr-zu-vergeben\/#breadcrumb","itemListElement":[{"@type":"ListItem","position":1,"name":"Startseite","item":"https:\/\/radioleinewelle.de\/"},{"@type":"ListItem","position":2,"name":"Landesweit 325 Pl\u00e4tze im Freiwilligen \u00d6kologischen Jahr zu vergeben"}]},{"@type":"WebSite","@id":"https:\/\/radioleinewelle.de\/#website","url":"https:\/\/radioleinewelle.de\/","name":"Radio Leinewelle","description":"","publisher":{"@id":"https:\/\/radioleinewelle.de\/#organization"},"potentialAction":[{"@type":"SearchAction","target":{"@type":"EntryPoint","urlTemplate":"https:\/\/radioleinewelle.de\/?s={search_term_string}"},"query-input":{"@type":"PropertyValueSpecification","valueRequired":true,"valueName":"search_term_string"}}],"inLanguage":"de"},{"@type":"Organization","@id":"https:\/\/radioleinewelle.de\/#organization","name":"Radio Leinewelle","alternateName":"Mein Radio f\u00fcr S\u00fcdniedersachsen","url":"https:\/\/radioleinewelle.de\/","logo":{"@type":"ImageObject","inLanguage":"de","@id":"https:\/\/radioleinewelle.de\/#\/schema\/logo\/image\/","url":"https:\/\/radioleinewelle.de\/wp-content\/uploads\/2023\/11\/cropped-Leinewelle_Logo_weiss.png","contentUrl":"https:\/\/radioleinewelle.de\/wp-content\/uploads\/2023\/11\/cropped-Leinewelle_Logo_weiss.png","width":854,"height":260,"caption":"Radio Leinewelle"},"image":{"@id":"https:\/\/radioleinewelle.de\/#\/schema\/logo\/image\/"},"sameAs":["https:\/\/www.facebook.com\/radioleinewelle","https:\/\/x.com\/RLeinewelle","https:\/\/www.instagram.com\/radioleinewelle\/?hl=de"]},{"@type":"Person","@id":"https:\/\/radioleinewelle.de\/#\/schema\/person\/45606f348637df637192dc1b68399a63","name":"Leinewelle","image":{"@type":"ImageObject","inLanguage":"de","@id":"https:\/\/secure.gravatar.com\/avatar\/05c9a17bc973052ee5d91549bd32fb4dd0dc85b7b85ae94b2e2b4943476bbea5?s=96&d=blank&r=g","url":"https:\/\/secure.gravatar.com\/avatar\/05c9a17bc973052ee5d91549bd32fb4dd0dc85b7b85ae94b2e2b4943476bbea5?s=96&d=blank&r=g","contentUrl":"https:\/\/secure.gravatar.com\/avatar\/05c9a17bc973052ee5d91549bd32fb4dd0dc85b7b85ae94b2e2b4943476bbea5?s=96&d=blank&r=g","caption":"Leinewelle"},"sameAs":["http:\/\/localhost\/radio%20leinewelle\/wordpress","https:\/\/www.facebook.com\/radioleinewelle","https:\/\/www.instagram.com\/radioleinewelle","https:\/\/x.com\/https:\/\/twitter.com\/RLeinewelle?ref_src=twsrcgoogletwcampserptwgrauthor","https:\/\/soundcloud.com\/foerderverein-lokalradio?utm_source=clipboard&utm_medium=text&utm_campaign=social_sharing"],"url":"https:\/\/radioleinewelle.de\/index.php\/author\/leinewelle\/"}]}},"_links":{"self":[{"href":"https:\/\/radioleinewelle.de\/index.php\/wp-json\/wp\/v2\/posts\/4211","targetHints":{"allow":["GET"]}}],"collection":[{"href":"https:\/\/radioleinewelle.de\/index.php\/wp-json\/wp\/v2\/posts"}],"about":[{"href":"https:\/\/radioleinewelle.de\/index.php\/wp-json\/wp\/v2\/types\/post"}],"author":[{"embeddable":true,"href":"https:\/\/radioleinewelle.de\/index.php\/wp-json\/wp\/v2\/users\/1"}],"replies":[{"embeddable":true,"href":"https:\/\/radioleinewelle.de\/index.php\/wp-json\/wp\/v2\/comments?post=4211"}],"version-history":[{"count":0,"href":"https:\/\/radioleinewelle.de\/index.php\/wp-json\/wp\/v2\/posts\/4211\/revisions"}],"wp:featuredmedia":[{"embeddable":true,"href":"https:\/\/radioleinewelle.de\/index.php\/wp-json\/wp\/v2\/media\/4214"}],"wp:attachment":[{"href":"https:\/\/radioleinewelle.de\/index.php\/wp-json\/wp\/v2\/media?parent=4211"}],"wp:term":[{"taxonomy":"category","embeddable":true,"href":"https:\/\/radioleinewelle.de\/index.php\/wp-json\/wp\/v2\/categories?post=4211"},{"taxonomy":"post_tag","embeddable":true,"href":"https:\/\/radioleinewelle.de\/index.php\/wp-json\/wp\/v2\/tags?post=4211"}],"curies":[{"name":"wp","href":"https:\/\/api.w.org\/{rel}","templated":true}]}}