{"id":4215,"date":"2021-01-18T05:15:00","date_gmt":"2021-01-18T04:15:00","guid":{"rendered":"https:\/\/radioleinewelle.de\/?p=4215"},"modified":"2021-01-18T05:15:00","modified_gmt":"2021-01-18T04:15:00","slug":"piraten-begruessen-absage-des-runden-tisches-zum-dragoneranger","status":"publish","type":"post","link":"https:\/\/radioleinewelle.de\/index.php\/2021\/01\/18\/piraten-begruessen-absage-des-runden-tisches-zum-dragoneranger\/","title":{"rendered":"Piraten begr\u00fc\u00dfen Absage des Runden Tisches zum Dragoneranger"},"content":{"rendered":"\n<p>             <\/p>\n\n\n\n<p>Die G\u00f6ttinger Piraten begr\u00fc\u00dfen die Absage des urspr\u00fcnglich f\u00fcr den 22.01.2021 anberaumten Runden Tisches zur Bauleitplanung am Dragoneranger. Aufgrund der steigenden Corona- Infektionszahlen ist dieser Termin nun von der Verwaltung abgesagt und auf einen unbestimmten Zeitpunkt Ende Februar verlegt worden. Nach Ansicht der Piraten ist der Runde Tisch zum jetzigen Zeitpunkt \u00fcberfl\u00fcssig. Ein Gewerbegebiet lehnen die Piraten entschieden ab.<\/p>\n\n\n\n<p>&#8222;<em>Es darf keine Bebauung am Dragoneranger geben. Das Gebiet dient der Naherholung und muss ein gr\u00fcnes Naherholungsgebiet bleiben<\/em>&#8222;, so Amalia Perriello, Mitglied des Weender Ortsrates.<\/p>\n\n\n\n<p>Der Weender Ortsrat hatte am 12.11.2020 einm\u00fctig bei einer Enthaltung (Hans-Otto Arnold, CDU) den Bebauungsplanentwurf der Verwaltung abgelehnt und eine Auslegung abgelehnt. Daraufhin hatte der Bauausschuss am 19.11.2020 das Thema vertagt und der Verwaltung aufgetragen, einen Runden Tisch mit allen Beteiligten einzuberufen.<br \/>Urspr\u00fcnglich sollte dieser am 08.12.2020 stattfinden, dann am 22.01.2021. Die Verwaltung legte sehr eng aus, wer &#8222;alle Beteiligten&#8220; waren. Eingeladen waren nur Vertreter der Ratsparteien und der B\u00fcrgerinitiative Dragoneranger, der Weender Ortsb\u00fcrgermeister Ludolph (SPD) sowie die Naturschutzbeauftragte Britta Walbrun, mit der Verwaltung 17 Personen.<br \/>Die Piraten bem\u00e4ngeln, dass sowohl Vertreter der an der Planung quasi unmittelbar beteiligten Firmen Sibo-Beton und Sartorius fehlten, als auch Vertreter der Klimaschutzorganisationen wie Fridays for Future, GermanZero, Extinction Rebellion und Scientists for Future. Auch das Jugendparlament wurde nicht beteiligt. Dadurch wurde die f\u00fcr die gesamte Stadt bedeutsame und zukunftsweisende Entscheidung auf ein lokales Weender Ortsproblem heruntergespielt.<\/p>\n\n\n\n<p>Allerdings hat sich inzwischen das Blatt gewendet. Die Piraten begr\u00fc\u00dfen die von der Gr\u00fcnen OB- Kandidatin Doreen Fragel bef\u00fcrwortete B\u00fcrgerbefragung zum Dragoneranger, die von der Gr\u00fcnen Ratsfraktion mitgetragen wird, und gehen davon aus, dass die B\u00fcrgerbefragung im kommenden Sp\u00e4therbst nach den Kommunalwahlen am 12.09.2021 durchgef\u00fchrt wird.<\/p>\n\n\n\n<p>Ein Satzungsbeschluss vor diesem Termin ist nur noch theoretisch m\u00f6glich. Folglich macht eine Fortf\u00fchrung der Bauleitplanung vor der B\u00fcrgerbefragung keinen Sinn.<\/p>\n\n\n\n<p>&#8222;<em>Es ist richtig, die Bev\u00f6lkerung zu fragen, ob \u00fcberhaupt eine Bebauung des Dragonerangers erfolgen soll oder nicht. B\u00fcrgerbeteiligung muss ernst genommen werden, erst recht bei umstrittenen Bauprojekten. Erst nach einer solchen Entscheidung kann \u00fcber Ausma\u00df und Qualit\u00e4t der Bebauung gesprochen werden, so sie denn gew\u00fcnscht wird. Ich gehe davon aus, dass die G\u00f6ttinger Bev\u00f6lkerung die Bebauung stadtweit mehrheitlich ablehnen wird<\/em>&#8222;, so Francisco Welter-Schultes, Mitglied des Bauausschusses.<\/p>\n\n\n\n<p>Foto: \u00a9Radio Leinewelle<\/p>\n","protected":false},"excerpt":{"rendered":"<p>Die G\u00f6ttinger Piraten begr\u00fc\u00dfen die Absage des urspr\u00fcnglich f\u00fcr den 22.01.2021 anberaumten Runden Tisches zur Bauleitplanung am Dragoneranger. Aufgrund der steigenden Corona- Infektionszahlen ist dieser Termin nun von der Verwaltung abgesagt und auf einen unbestimmten Zeitpunkt Ende Februar verlegt worden. Nach Ansicht der Piraten ist der Runde Tisch zum jetzigen Zeitpunkt \u00fcberfl\u00fcssig. Ein Gewerbegebiet lehnen [&hellip;]<\/p>\n","protected":false},"author":1,"featured_media":3056,"comment_status":"closed","ping_status":"closed","sticky":false,"template":"","format":"standard","meta":{"saved_in_kubio":false,"footnotes":""},"categories":[39],"tags":[],"class_list":["post-4215","post","type-post","status-publish","format-standard","has-post-thumbnail","hentry","category-lokalpolitik"],"yoast_head":"<!-- This site is optimized with the Yoast SEO plugin v27.5 - https:\/\/yoast.com\/product\/yoast-seo-wordpress\/ -->\n<title>Piraten begr\u00fc\u00dfen Absage des Runden Tisches zum Dragoneranger - Radio Leinewelle<\/title>\n<meta name=\"robots\" content=\"index, follow, max-snippet:-1, max-image-preview:large, max-video-preview:-1\" \/>\n<link rel=\"canonical\" href=\"https:\/\/radioleinewelle.de\/index.php\/2021\/01\/18\/piraten-begruessen-absage-des-runden-tisches-zum-dragoneranger\/\" \/>\n<meta property=\"og:locale\" content=\"de_DE\" \/>\n<meta property=\"og:type\" content=\"article\" \/>\n<meta property=\"og:title\" content=\"Piraten begr\u00fc\u00dfen Absage des Runden Tisches zum Dragoneranger - Radio Leinewelle\" \/>\n<meta property=\"og:description\" content=\"Die G\u00f6ttinger Piraten begr\u00fc\u00dfen die Absage des urspr\u00fcnglich f\u00fcr den 22.01.2021 anberaumten Runden Tisches zur Bauleitplanung am Dragoneranger. Aufgrund der steigenden Corona- Infektionszahlen ist dieser Termin nun von der Verwaltung abgesagt und auf einen unbestimmten Zeitpunkt Ende Februar verlegt worden. Nach Ansicht der Piraten ist der Runde Tisch zum jetzigen Zeitpunkt \u00fcberfl\u00fcssig. Ein Gewerbegebiet lehnen [&hellip;]\" \/>\n<meta property=\"og:url\" content=\"https:\/\/radioleinewelle.de\/index.php\/2021\/01\/18\/piraten-begruessen-absage-des-runden-tisches-zum-dragoneranger\/\" \/>\n<meta property=\"og:site_name\" content=\"Radio Leinewelle\" \/>\n<meta property=\"article:publisher\" content=\"https:\/\/www.facebook.com\/radioleinewelle\" \/>\n<meta property=\"article:author\" content=\"https:\/\/www.facebook.com\/radioleinewelle\" \/>\n<meta property=\"article:published_time\" content=\"2021-01-18T04:15:00+00:00\" \/>\n<meta property=\"og:image\" content=\"https:\/\/radioleinewelle.de\/wp-content\/uploads\/2020\/11\/IMG_7950.jpg\" \/>\n\t<meta property=\"og:image:width\" content=\"960\" \/>\n\t<meta property=\"og:image:height\" content=\"540\" \/>\n\t<meta property=\"og:image:type\" content=\"image\/jpeg\" \/>\n<meta name=\"author\" content=\"Leinewelle\" \/>\n<meta name=\"twitter:card\" content=\"summary_large_image\" \/>\n<meta name=\"twitter:creator\" content=\"@https:\/\/twitter.com\/RLeinewelle?ref_src=twsrcgoogletwcampserptwgrauthor\" \/>\n<meta name=\"twitter:site\" content=\"@RLeinewelle\" \/>\n<meta name=\"twitter:label1\" content=\"Verfasst von\" \/>\n\t<meta name=\"twitter:data1\" content=\"Leinewelle\" \/>\n\t<meta name=\"twitter:label2\" content=\"Gesch\u00e4tzte Lesezeit\" \/>\n\t<meta name=\"twitter:data2\" content=\"2\u00a0Minuten\" \/>\n<script type=\"application\/ld+json\" class=\"yoast-schema-graph\">{\"@context\":\"https:\\\/\\\/schema.org\",\"@graph\":[{\"@type\":\"Article\",\"@id\":\"https:\\\/\\\/radioleinewelle.de\\\/index.php\\\/2021\\\/01\\\/18\\\/piraten-begruessen-absage-des-runden-tisches-zum-dragoneranger\\\/#article\",\"isPartOf\":{\"@id\":\"https:\\\/\\\/radioleinewelle.de\\\/index.php\\\/2021\\\/01\\\/18\\\/piraten-begruessen-absage-des-runden-tisches-zum-dragoneranger\\\/\"},\"author\":{\"name\":\"Leinewelle\",\"@id\":\"https:\\\/\\\/radioleinewelle.de\\\/#\\\/schema\\\/person\\\/45606f348637df637192dc1b68399a63\"},\"headline\":\"Piraten begr\u00fc\u00dfen Absage des Runden Tisches zum Dragoneranger\",\"datePublished\":\"2021-01-18T04:15:00+00:00\",\"mainEntityOfPage\":{\"@id\":\"https:\\\/\\\/radioleinewelle.de\\\/index.php\\\/2021\\\/01\\\/18\\\/piraten-begruessen-absage-des-runden-tisches-zum-dragoneranger\\\/\"},\"wordCount\":394,\"publisher\":{\"@id\":\"https:\\\/\\\/radioleinewelle.de\\\/#organization\"},\"image\":{\"@id\":\"https:\\\/\\\/radioleinewelle.de\\\/index.php\\\/2021\\\/01\\\/18\\\/piraten-begruessen-absage-des-runden-tisches-zum-dragoneranger\\\/#primaryimage\"},\"thumbnailUrl\":\"https:\\\/\\\/radioleinewelle.de\\\/wp-content\\\/uploads\\\/2020\\\/11\\\/IMG_7950.jpg\",\"articleSection\":[\"Lokalpolitik\"],\"inLanguage\":\"de\"},{\"@type\":\"WebPage\",\"@id\":\"https:\\\/\\\/radioleinewelle.de\\\/index.php\\\/2021\\\/01\\\/18\\\/piraten-begruessen-absage-des-runden-tisches-zum-dragoneranger\\\/\",\"url\":\"https:\\\/\\\/radioleinewelle.de\\\/index.php\\\/2021\\\/01\\\/18\\\/piraten-begruessen-absage-des-runden-tisches-zum-dragoneranger\\\/\",\"name\":\"Piraten begr\u00fc\u00dfen Absage des Runden Tisches zum Dragoneranger - Radio Leinewelle\",\"isPartOf\":{\"@id\":\"https:\\\/\\\/radioleinewelle.de\\\/#website\"},\"primaryImageOfPage\":{\"@id\":\"https:\\\/\\\/radioleinewelle.de\\\/index.php\\\/2021\\\/01\\\/18\\\/piraten-begruessen-absage-des-runden-tisches-zum-dragoneranger\\\/#primaryimage\"},\"image\":{\"@id\":\"https:\\\/\\\/radioleinewelle.de\\\/index.php\\\/2021\\\/01\\\/18\\\/piraten-begruessen-absage-des-runden-tisches-zum-dragoneranger\\\/#primaryimage\"},\"thumbnailUrl\":\"https:\\\/\\\/radioleinewelle.de\\\/wp-content\\\/uploads\\\/2020\\\/11\\\/IMG_7950.jpg\",\"datePublished\":\"2021-01-18T04:15:00+00:00\",\"breadcrumb\":{\"@id\":\"https:\\\/\\\/radioleinewelle.de\\\/index.php\\\/2021\\\/01\\\/18\\\/piraten-begruessen-absage-des-runden-tisches-zum-dragoneranger\\\/#breadcrumb\"},\"inLanguage\":\"de\",\"potentialAction\":[{\"@type\":\"ReadAction\",\"target\":[\"https:\\\/\\\/radioleinewelle.de\\\/index.php\\\/2021\\\/01\\\/18\\\/piraten-begruessen-absage-des-runden-tisches-zum-dragoneranger\\\/\"]}]},{\"@type\":\"ImageObject\",\"inLanguage\":\"de\",\"@id\":\"https:\\\/\\\/radioleinewelle.de\\\/index.php\\\/2021\\\/01\\\/18\\\/piraten-begruessen-absage-des-runden-tisches-zum-dragoneranger\\\/#primaryimage\",\"url\":\"https:\\\/\\\/radioleinewelle.de\\\/wp-content\\\/uploads\\\/2020\\\/11\\\/IMG_7950.jpg\",\"contentUrl\":\"https:\\\/\\\/radioleinewelle.de\\\/wp-content\\\/uploads\\\/2020\\\/11\\\/IMG_7950.jpg\",\"width\":960,\"height\":540},{\"@type\":\"BreadcrumbList\",\"@id\":\"https:\\\/\\\/radioleinewelle.de\\\/index.php\\\/2021\\\/01\\\/18\\\/piraten-begruessen-absage-des-runden-tisches-zum-dragoneranger\\\/#breadcrumb\",\"itemListElement\":[{\"@type\":\"ListItem\",\"position\":1,\"name\":\"Startseite\",\"item\":\"https:\\\/\\\/radioleinewelle.de\\\/\"},{\"@type\":\"ListItem\",\"position\":2,\"name\":\"Piraten begr\u00fc\u00dfen Absage des Runden Tisches zum Dragoneranger\"}]},{\"@type\":\"WebSite\",\"@id\":\"https:\\\/\\\/radioleinewelle.de\\\/#website\",\"url\":\"https:\\\/\\\/radioleinewelle.de\\\/\",\"name\":\"Radio Leinewelle\",\"description\":\"\",\"publisher\":{\"@id\":\"https:\\\/\\\/radioleinewelle.de\\\/#organization\"},\"potentialAction\":[{\"@type\":\"SearchAction\",\"target\":{\"@type\":\"EntryPoint\",\"urlTemplate\":\"https:\\\/\\\/radioleinewelle.de\\\/?s={search_term_string}\"},\"query-input\":{\"@type\":\"PropertyValueSpecification\",\"valueRequired\":true,\"valueName\":\"search_term_string\"}}],\"inLanguage\":\"de\"},{\"@type\":\"Organization\",\"@id\":\"https:\\\/\\\/radioleinewelle.de\\\/#organization\",\"name\":\"Radio Leinewelle\",\"alternateName\":\"Mein Radio f\u00fcr S\u00fcdniedersachsen\",\"url\":\"https:\\\/\\\/radioleinewelle.de\\\/\",\"logo\":{\"@type\":\"ImageObject\",\"inLanguage\":\"de\",\"@id\":\"https:\\\/\\\/radioleinewelle.de\\\/#\\\/schema\\\/logo\\\/image\\\/\",\"url\":\"https:\\\/\\\/radioleinewelle.de\\\/wp-content\\\/uploads\\\/2023\\\/11\\\/cropped-Leinewelle_Logo_weiss.png\",\"contentUrl\":\"https:\\\/\\\/radioleinewelle.de\\\/wp-content\\\/uploads\\\/2023\\\/11\\\/cropped-Leinewelle_Logo_weiss.png\",\"width\":854,\"height\":260,\"caption\":\"Radio Leinewelle\"},\"image\":{\"@id\":\"https:\\\/\\\/radioleinewelle.de\\\/#\\\/schema\\\/logo\\\/image\\\/\"},\"sameAs\":[\"https:\\\/\\\/www.facebook.com\\\/radioleinewelle\",\"https:\\\/\\\/x.com\\\/RLeinewelle\",\"https:\\\/\\\/www.instagram.com\\\/radioleinewelle\\\/?hl=de\"]},{\"@type\":\"Person\",\"@id\":\"https:\\\/\\\/radioleinewelle.de\\\/#\\\/schema\\\/person\\\/45606f348637df637192dc1b68399a63\",\"name\":\"Leinewelle\",\"image\":{\"@type\":\"ImageObject\",\"inLanguage\":\"de\",\"@id\":\"https:\\\/\\\/secure.gravatar.com\\\/avatar\\\/05c9a17bc973052ee5d91549bd32fb4dd0dc85b7b85ae94b2e2b4943476bbea5?s=96&d=blank&r=g\",\"url\":\"https:\\\/\\\/secure.gravatar.com\\\/avatar\\\/05c9a17bc973052ee5d91549bd32fb4dd0dc85b7b85ae94b2e2b4943476bbea5?s=96&d=blank&r=g\",\"contentUrl\":\"https:\\\/\\\/secure.gravatar.com\\\/avatar\\\/05c9a17bc973052ee5d91549bd32fb4dd0dc85b7b85ae94b2e2b4943476bbea5?s=96&d=blank&r=g\",\"caption\":\"Leinewelle\"},\"sameAs\":[\"http:\\\/\\\/localhost\\\/radio%20leinewelle\\\/wordpress\",\"https:\\\/\\\/www.facebook.com\\\/radioleinewelle\",\"https:\\\/\\\/www.instagram.com\\\/radioleinewelle\",\"https:\\\/\\\/x.com\\\/https:\\\/\\\/twitter.com\\\/RLeinewelle?ref_src=twsrcgoogletwcampserptwgrauthor\",\"https:\\\/\\\/soundcloud.com\\\/foerderverein-lokalradio?utm_source=clipboard&utm_medium=text&utm_campaign=social_sharing\"],\"url\":\"https:\\\/\\\/radioleinewelle.de\\\/index.php\\\/author\\\/leinewelle\\\/\"}]}<\/script>\n<!-- \/ Yoast SEO plugin. -->","yoast_head_json":{"title":"Piraten begr\u00fc\u00dfen Absage des Runden Tisches zum Dragoneranger - Radio Leinewelle","robots":{"index":"index","follow":"follow","max-snippet":"max-snippet:-1","max-image-preview":"max-image-preview:large","max-video-preview":"max-video-preview:-1"},"canonical":"https:\/\/radioleinewelle.de\/index.php\/2021\/01\/18\/piraten-begruessen-absage-des-runden-tisches-zum-dragoneranger\/","og_locale":"de_DE","og_type":"article","og_title":"Piraten begr\u00fc\u00dfen Absage des Runden Tisches zum Dragoneranger - Radio Leinewelle","og_description":"Die G\u00f6ttinger Piraten begr\u00fc\u00dfen die Absage des urspr\u00fcnglich f\u00fcr den 22.01.2021 anberaumten Runden Tisches zur Bauleitplanung am Dragoneranger. Aufgrund der steigenden Corona- Infektionszahlen ist dieser Termin nun von der Verwaltung abgesagt und auf einen unbestimmten Zeitpunkt Ende Februar verlegt worden. Nach Ansicht der Piraten ist der Runde Tisch zum jetzigen Zeitpunkt \u00fcberfl\u00fcssig. Ein Gewerbegebiet lehnen [&hellip;]","og_url":"https:\/\/radioleinewelle.de\/index.php\/2021\/01\/18\/piraten-begruessen-absage-des-runden-tisches-zum-dragoneranger\/","og_site_name":"Radio Leinewelle","article_publisher":"https:\/\/www.facebook.com\/radioleinewelle","article_author":"https:\/\/www.facebook.com\/radioleinewelle","article_published_time":"2021-01-18T04:15:00+00:00","og_image":[{"width":960,"height":540,"url":"https:\/\/radioleinewelle.de\/wp-content\/uploads\/2020\/11\/IMG_7950.jpg","type":"image\/jpeg"}],"author":"Leinewelle","twitter_card":"summary_large_image","twitter_creator":"@https:\/\/twitter.com\/RLeinewelle?ref_src=twsrcgoogletwcampserptwgrauthor","twitter_site":"@RLeinewelle","twitter_misc":{"Verfasst von":"Leinewelle","Gesch\u00e4tzte Lesezeit":"2\u00a0Minuten"},"schema":{"@context":"https:\/\/schema.org","@graph":[{"@type":"Article","@id":"https:\/\/radioleinewelle.de\/index.php\/2021\/01\/18\/piraten-begruessen-absage-des-runden-tisches-zum-dragoneranger\/#article","isPartOf":{"@id":"https:\/\/radioleinewelle.de\/index.php\/2021\/01\/18\/piraten-begruessen-absage-des-runden-tisches-zum-dragoneranger\/"},"author":{"name":"Leinewelle","@id":"https:\/\/radioleinewelle.de\/#\/schema\/person\/45606f348637df637192dc1b68399a63"},"headline":"Piraten begr\u00fc\u00dfen Absage des Runden Tisches zum Dragoneranger","datePublished":"2021-01-18T04:15:00+00:00","mainEntityOfPage":{"@id":"https:\/\/radioleinewelle.de\/index.php\/2021\/01\/18\/piraten-begruessen-absage-des-runden-tisches-zum-dragoneranger\/"},"wordCount":394,"publisher":{"@id":"https:\/\/radioleinewelle.de\/#organization"},"image":{"@id":"https:\/\/radioleinewelle.de\/index.php\/2021\/01\/18\/piraten-begruessen-absage-des-runden-tisches-zum-dragoneranger\/#primaryimage"},"thumbnailUrl":"https:\/\/radioleinewelle.de\/wp-content\/uploads\/2020\/11\/IMG_7950.jpg","articleSection":["Lokalpolitik"],"inLanguage":"de"},{"@type":"WebPage","@id":"https:\/\/radioleinewelle.de\/index.php\/2021\/01\/18\/piraten-begruessen-absage-des-runden-tisches-zum-dragoneranger\/","url":"https:\/\/radioleinewelle.de\/index.php\/2021\/01\/18\/piraten-begruessen-absage-des-runden-tisches-zum-dragoneranger\/","name":"Piraten begr\u00fc\u00dfen Absage des Runden Tisches zum Dragoneranger - Radio Leinewelle","isPartOf":{"@id":"https:\/\/radioleinewelle.de\/#website"},"primaryImageOfPage":{"@id":"https:\/\/radioleinewelle.de\/index.php\/2021\/01\/18\/piraten-begruessen-absage-des-runden-tisches-zum-dragoneranger\/#primaryimage"},"image":{"@id":"https:\/\/radioleinewelle.de\/index.php\/2021\/01\/18\/piraten-begruessen-absage-des-runden-tisches-zum-dragoneranger\/#primaryimage"},"thumbnailUrl":"https:\/\/radioleinewelle.de\/wp-content\/uploads\/2020\/11\/IMG_7950.jpg","datePublished":"2021-01-18T04:15:00+00:00","breadcrumb":{"@id":"https:\/\/radioleinewelle.de\/index.php\/2021\/01\/18\/piraten-begruessen-absage-des-runden-tisches-zum-dragoneranger\/#breadcrumb"},"inLanguage":"de","potentialAction":[{"@type":"ReadAction","target":["https:\/\/radioleinewelle.de\/index.php\/2021\/01\/18\/piraten-begruessen-absage-des-runden-tisches-zum-dragoneranger\/"]}]},{"@type":"ImageObject","inLanguage":"de","@id":"https:\/\/radioleinewelle.de\/index.php\/2021\/01\/18\/piraten-begruessen-absage-des-runden-tisches-zum-dragoneranger\/#primaryimage","url":"https:\/\/radioleinewelle.de\/wp-content\/uploads\/2020\/11\/IMG_7950.jpg","contentUrl":"https:\/\/radioleinewelle.de\/wp-content\/uploads\/2020\/11\/IMG_7950.jpg","width":960,"height":540},{"@type":"BreadcrumbList","@id":"https:\/\/radioleinewelle.de\/index.php\/2021\/01\/18\/piraten-begruessen-absage-des-runden-tisches-zum-dragoneranger\/#breadcrumb","itemListElement":[{"@type":"ListItem","position":1,"name":"Startseite","item":"https:\/\/radioleinewelle.de\/"},{"@type":"ListItem","position":2,"name":"Piraten begr\u00fc\u00dfen Absage des Runden Tisches zum Dragoneranger"}]},{"@type":"WebSite","@id":"https:\/\/radioleinewelle.de\/#website","url":"https:\/\/radioleinewelle.de\/","name":"Radio Leinewelle","description":"","publisher":{"@id":"https:\/\/radioleinewelle.de\/#organization"},"potentialAction":[{"@type":"SearchAction","target":{"@type":"EntryPoint","urlTemplate":"https:\/\/radioleinewelle.de\/?s={search_term_string}"},"query-input":{"@type":"PropertyValueSpecification","valueRequired":true,"valueName":"search_term_string"}}],"inLanguage":"de"},{"@type":"Organization","@id":"https:\/\/radioleinewelle.de\/#organization","name":"Radio Leinewelle","alternateName":"Mein Radio f\u00fcr S\u00fcdniedersachsen","url":"https:\/\/radioleinewelle.de\/","logo":{"@type":"ImageObject","inLanguage":"de","@id":"https:\/\/radioleinewelle.de\/#\/schema\/logo\/image\/","url":"https:\/\/radioleinewelle.de\/wp-content\/uploads\/2023\/11\/cropped-Leinewelle_Logo_weiss.png","contentUrl":"https:\/\/radioleinewelle.de\/wp-content\/uploads\/2023\/11\/cropped-Leinewelle_Logo_weiss.png","width":854,"height":260,"caption":"Radio Leinewelle"},"image":{"@id":"https:\/\/radioleinewelle.de\/#\/schema\/logo\/image\/"},"sameAs":["https:\/\/www.facebook.com\/radioleinewelle","https:\/\/x.com\/RLeinewelle","https:\/\/www.instagram.com\/radioleinewelle\/?hl=de"]},{"@type":"Person","@id":"https:\/\/radioleinewelle.de\/#\/schema\/person\/45606f348637df637192dc1b68399a63","name":"Leinewelle","image":{"@type":"ImageObject","inLanguage":"de","@id":"https:\/\/secure.gravatar.com\/avatar\/05c9a17bc973052ee5d91549bd32fb4dd0dc85b7b85ae94b2e2b4943476bbea5?s=96&d=blank&r=g","url":"https:\/\/secure.gravatar.com\/avatar\/05c9a17bc973052ee5d91549bd32fb4dd0dc85b7b85ae94b2e2b4943476bbea5?s=96&d=blank&r=g","contentUrl":"https:\/\/secure.gravatar.com\/avatar\/05c9a17bc973052ee5d91549bd32fb4dd0dc85b7b85ae94b2e2b4943476bbea5?s=96&d=blank&r=g","caption":"Leinewelle"},"sameAs":["http:\/\/localhost\/radio%20leinewelle\/wordpress","https:\/\/www.facebook.com\/radioleinewelle","https:\/\/www.instagram.com\/radioleinewelle","https:\/\/x.com\/https:\/\/twitter.com\/RLeinewelle?ref_src=twsrcgoogletwcampserptwgrauthor","https:\/\/soundcloud.com\/foerderverein-lokalradio?utm_source=clipboard&utm_medium=text&utm_campaign=social_sharing"],"url":"https:\/\/radioleinewelle.de\/index.php\/author\/leinewelle\/"}]}},"_links":{"self":[{"href":"https:\/\/radioleinewelle.de\/index.php\/wp-json\/wp\/v2\/posts\/4215","targetHints":{"allow":["GET"]}}],"collection":[{"href":"https:\/\/radioleinewelle.de\/index.php\/wp-json\/wp\/v2\/posts"}],"about":[{"href":"https:\/\/radioleinewelle.de\/index.php\/wp-json\/wp\/v2\/types\/post"}],"author":[{"embeddable":true,"href":"https:\/\/radioleinewelle.de\/index.php\/wp-json\/wp\/v2\/users\/1"}],"replies":[{"embeddable":true,"href":"https:\/\/radioleinewelle.de\/index.php\/wp-json\/wp\/v2\/comments?post=4215"}],"version-history":[{"count":0,"href":"https:\/\/radioleinewelle.de\/index.php\/wp-json\/wp\/v2\/posts\/4215\/revisions"}],"wp:featuredmedia":[{"embeddable":true,"href":"https:\/\/radioleinewelle.de\/index.php\/wp-json\/wp\/v2\/media\/3056"}],"wp:attachment":[{"href":"https:\/\/radioleinewelle.de\/index.php\/wp-json\/wp\/v2\/media?parent=4215"}],"wp:term":[{"taxonomy":"category","embeddable":true,"href":"https:\/\/radioleinewelle.de\/index.php\/wp-json\/wp\/v2\/categories?post=4215"},{"taxonomy":"post_tag","embeddable":true,"href":"https:\/\/radioleinewelle.de\/index.php\/wp-json\/wp\/v2\/tags?post=4215"}],"curies":[{"name":"wp","href":"https:\/\/api.w.org\/{rel}","templated":true}]}}