{"id":4219,"date":"2021-01-18T05:20:00","date_gmt":"2021-01-18T04:20:00","guid":{"rendered":"https:\/\/radioleinewelle.de\/?p=4219"},"modified":"2021-01-18T05:20:00","modified_gmt":"2021-01-18T04:20:00","slug":"erfolgreiche-suedniedersachsenkonferenz-zum-thema-fachkraeftesituation","status":"publish","type":"post","link":"https:\/\/radioleinewelle.de\/index.php\/2021\/01\/18\/erfolgreiche-suedniedersachsenkonferenz-zum-thema-fachkraeftesituation\/","title":{"rendered":"Erfolgreiche S\u00fcdniedersachsenkonferenz zum Thema Fachkr\u00e4ftesituation"},"content":{"rendered":"\n<p><strong>S\u00fcdniedersachsen.&nbsp;<\/strong>Wie soll sich die Fachkr\u00e4ftesituation in S\u00fcdniedersachsen k\u00fcnftig darstellen \u2013 und was ist daf\u00fcr zu tun? Mit dieser Frage besch\u00e4ftigten sich die \u00fcber 110 TeilnehmerInnen im dritten Teil der 2. S\u00fcdniedersachsenkonferenz am Donnerstag, 14. Januar 2021. ExpertInnen aus Wissenschaft, Wirtschaft und Politik diskutierten \u00fcber die derzeitige Fachkr\u00e4ftesituation in der Region, zogen eine erste Zwischenbilanz zur Strategieentwicklung f\u00fcr ein Fachkr\u00e4ftemarketing und sprachen zum Thema <strong>\u201eFachkr\u00e4ftevision S\u00fcdniedersachsen 2030\u201c<\/strong>.<\/p>\n\n\n\n<p>Den Auftakt machte <strong>Dr. Martin Rudolph, Leiter der Gesch\u00e4ftsstelle G\u00f6ttingen der IHK Hannover<\/strong> und Vorstandsvorsitzender der S\u00fcdniedersachsenStiftung, mit einem Vortrag zur Fachkr\u00e4ftesituation in Industrie und Handel. Er stellte fest: Um dem strukturellen Wandel in der Arbeitswelt besser begegnen zu k\u00f6nnen, br\u00e4uchte es ein anpassungsf\u00e4higes Ausbildungssystem und passende Weiterbildungsangebote. Diese m\u00fcssten k\u00fcnftig besser aufeinander abgestimmt werden. \u201eDie Attraktivit\u00e4t einer Region ist f\u00fcr Fachkr\u00e4fte zuallererst die Summe der Attraktivit\u00e4t aller regionalen Arbeitsm\u00f6glichkeiten\u201c, so Rudolph. In dieser Hinsicht sei die Qualit\u00e4t des Arbeitgebermarketings der Unternehmen und Institutionen ein entscheidender Baustein f\u00fcr das Standort- und Fachkr\u00e4ftemarketing.<\/p>\n\n\n\n<p>Die Fachkr\u00e4ftesituation aus Sicht des Handwerks schilderte <strong>Kreishandwerksmeister Christian Fr\u00f6lich<\/strong>. Er ging darauf ein, dass viele regionale Handwerksbetriebe in Zeiten von Corona die notwendige Fachkr\u00e4ftegewinnung nur schleppend voranbringen konnten. Seiner Meinung nach m\u00fcsste zudem die L\u00fccke der nicht besetzen Ausbildungspl\u00e4tze k\u00fcnftig besser geschlossen werden. Aktuell fehle es vielfach an qualifizierten Auszubildenden, Gesellen und Meistern. Laut Fr\u00f6lich sei die regionale Fachkr\u00e4ftesituation im Handwerk angespannter denn je, da der Verlust von Wachstumspotenzialen bereits zu sp\u00fcren sei. Um das Handwerk insbesondere f\u00fcr junge Leute attraktiver zu machen, sollte vermehrt auf eine bessere Kommunikation und zielgerichtete Marketingma\u00dfnahmen gesetzt werden.<\/p>\n\n\n\n<p>Diesen Aspekt griff <strong>Rico Krieger, Projektleiter bei der S\u00fcdniedersachsenStiftung<\/strong>, auf: \u201eS\u00fcdniedersachsen ist eine attraktive Region, aber kommuniziert dies nicht ausreichend.\u201c Er erg\u00e4nzt: \u201eWir wollen bis 2030 Familien-, Ausbildungs- und Zuwanderungsregion sein.\u201c Dazu braucht es eine gemeinsame regionale Identit\u00e4t und klare Kommunikation der Standortattraktivit\u00e4t S\u00fcdniedersachsens gegen\u00fcber Zielgruppen. Die Ziele sollen unter anderem durch eine st\u00e4rkere Fokussierung auf das Binnenmarketing erreicht werden. Zudem m\u00fcssten die relevanten Zielgruppen identifiziert und ein gemeinsamer Markenbildungsprozess f\u00fcr S\u00fcdniedersachsen vorangetrieben werden. Wie es gehen kann, zeigt das Beispiel der S\u00fcderelbe AG mit der Metropolregion Hamburg. Projektmanager Dr. J\u00f6ran Wrana erl\u00e4uterte anhand von vier Bausteinen wie ein \u00fcberregionales Fachkr\u00e4ftemarketing gelingen kann. Danach sollten Betriebe als attraktive Arbeitgeber aufgestellt, ein Fachkr\u00e4fte-Matching gef\u00f6rdert und die Region sowohl analog als auch digital vermarktet werden. Laut Wrana braucht eine nachhaltige regionale Marketing-Kampagne nicht nur einen langen Atem, sondern auch eine ausreichende Finanzierung. Langfristig schaffen diese Ma\u00dfnahmen jedoch einen greifbaren Mehrwert f\u00fcr Unternehmen, Region und Gesellschaft.<\/p>\n\n\n\n<p>Im abschlie\u00dfenden <strong>Vision Talk diskutierte Wolfgang K\u00f6nig (Wolfgang K\u00f6nig Managerberater) mit Marc Diederich (Wirtschaftsf\u00f6rderung Region G\u00f6ttingen), Astrid Klinkert-Kittel (Landkreis Northeim), Dr. Benjamin W. Schulze (S\u00fcdniedersachsenStiftung) und Dr. J\u00f6ran Wrana zum Thema \u201eFachkr\u00e4ftevision in S\u00fcdniedersachsen 2030\u201c<\/strong>. Alle waren sich einig, dass ein erfolgreiches Fachkr\u00e4ftemarketing die Teilnahme aller regionaler Akteure am Prozess voraussetzt. \u201eIm Fokus unseres Projektes \u201aRegionales Fachkr\u00e4ftemarketing f\u00fcr S\u00fcdniedersachsen\u2018 steht die Partizipation der regionalen Akteure\u201c, betonte Schulze. S\u00fcdniedersachsen soll aus sich heraus auf den Weg gebracht werden, indem Wirtschaft, Wissenschaft und Kommunen gemeinsam vorangehen. Nach dem Motto \u201ethink big, act regional\u201c soll ab Mitte 2022 die Umsetzung eines regionalen Fachkr\u00e4ftemarketings f\u00fcr S\u00fcdniedersachsen gelingen.<\/p>\n\n\n\n<p>&#8212;&#8212;&#8212;&#8212;&#8212;&#8212;&#8212;&#8212;&#8212;&#8212;&#8212;&#8212;&#8212;&#8212;&#8212;&#8212;&#8212;&#8212;&#8212;&#8212;&#8212;&#8212;&#8212;&#8212;&#8212;&#8212;&#8212;&#8212;&#8212;&#8212;&#8212;&#8212;&#8212;&#8212;&#8212;&#8212;&#8212;&#8212;<\/p>\n\n\n\n<p><strong>Bildunterschrift: <\/strong>Rico Krieger (S\u00fcdniedersachsenStiftung), Moderator Wolfgang K\u00f6nig (Wolfgang K\u00f6nig Managerberater) und Dr. Benjamin W. Schulze (S\u00fcdniedersachsenStiftung) beim dritten Teil der Online-Veranstaltungsreihe zur 2. S\u00fcdniedersachsenkonferenz. Foto: S\u00fcdniedersachsenStiftung<\/p>\n","protected":false},"excerpt":{"rendered":"<p>S\u00fcdniedersachsen.&nbsp;Wie soll sich die Fachkr\u00e4ftesituation in S\u00fcdniedersachsen k\u00fcnftig darstellen \u2013 und was ist daf\u00fcr zu tun? Mit dieser Frage besch\u00e4ftigten sich die \u00fcber 110 TeilnehmerInnen im dritten Teil der 2. S\u00fcdniedersachsenkonferenz am Donnerstag, 14. Januar 2021. ExpertInnen aus Wissenschaft, Wirtschaft und Politik diskutierten \u00fcber die derzeitige Fachkr\u00e4ftesituation in der Region, zogen eine erste Zwischenbilanz zur [&hellip;]<\/p>\n","protected":false},"author":1,"featured_media":0,"comment_status":"closed","ping_status":"closed","sticky":false,"template":"","format":"standard","meta":{"saved_in_kubio":false,"footnotes":""},"categories":[38],"tags":[],"class_list":["post-4219","post","type-post","status-publish","format-standard","hentry","category-wirtschaft"],"yoast_head":"<!-- This site is optimized with the Yoast SEO plugin v27.5 - https:\/\/yoast.com\/product\/yoast-seo-wordpress\/ -->\n<title>Erfolgreiche S\u00fcdniedersachsenkonferenz zum Thema Fachkr\u00e4ftesituation - Radio Leinewelle<\/title>\n<meta name=\"robots\" content=\"index, follow, max-snippet:-1, max-image-preview:large, max-video-preview:-1\" \/>\n<link rel=\"canonical\" href=\"https:\/\/radioleinewelle.de\/index.php\/2021\/01\/18\/erfolgreiche-suedniedersachsenkonferenz-zum-thema-fachkraeftesituation\/\" \/>\n<meta property=\"og:locale\" content=\"de_DE\" \/>\n<meta property=\"og:type\" content=\"article\" \/>\n<meta property=\"og:title\" content=\"Erfolgreiche S\u00fcdniedersachsenkonferenz zum Thema Fachkr\u00e4ftesituation - Radio Leinewelle\" \/>\n<meta property=\"og:description\" content=\"S\u00fcdniedersachsen.&nbsp;Wie soll sich die Fachkr\u00e4ftesituation in S\u00fcdniedersachsen k\u00fcnftig darstellen \u2013 und was ist daf\u00fcr zu tun? Mit dieser Frage besch\u00e4ftigten sich die \u00fcber 110 TeilnehmerInnen im dritten Teil der 2. S\u00fcdniedersachsenkonferenz am Donnerstag, 14. Januar 2021. ExpertInnen aus Wissenschaft, Wirtschaft und Politik diskutierten \u00fcber die derzeitige Fachkr\u00e4ftesituation in der Region, zogen eine erste Zwischenbilanz zur [&hellip;]\" \/>\n<meta property=\"og:url\" content=\"https:\/\/radioleinewelle.de\/index.php\/2021\/01\/18\/erfolgreiche-suedniedersachsenkonferenz-zum-thema-fachkraeftesituation\/\" \/>\n<meta property=\"og:site_name\" content=\"Radio Leinewelle\" \/>\n<meta property=\"article:publisher\" content=\"https:\/\/www.facebook.com\/radioleinewelle\" \/>\n<meta property=\"article:author\" content=\"https:\/\/www.facebook.com\/radioleinewelle\" \/>\n<meta property=\"article:published_time\" content=\"2021-01-18T04:20:00+00:00\" \/>\n<meta name=\"author\" content=\"Leinewelle\" \/>\n<meta name=\"twitter:card\" content=\"summary_large_image\" \/>\n<meta name=\"twitter:creator\" content=\"@https:\/\/twitter.com\/RLeinewelle?ref_src=twsrcgoogletwcampserptwgrauthor\" \/>\n<meta name=\"twitter:site\" content=\"@RLeinewelle\" \/>\n<meta name=\"twitter:label1\" content=\"Verfasst von\" \/>\n\t<meta name=\"twitter:data1\" content=\"Leinewelle\" \/>\n\t<meta name=\"twitter:label2\" content=\"Gesch\u00e4tzte Lesezeit\" \/>\n\t<meta name=\"twitter:data2\" content=\"3\u00a0Minuten\" \/>\n<script type=\"application\/ld+json\" class=\"yoast-schema-graph\">{\"@context\":\"https:\\\/\\\/schema.org\",\"@graph\":[{\"@type\":\"Article\",\"@id\":\"https:\\\/\\\/radioleinewelle.de\\\/index.php\\\/2021\\\/01\\\/18\\\/erfolgreiche-suedniedersachsenkonferenz-zum-thema-fachkraeftesituation\\\/#article\",\"isPartOf\":{\"@id\":\"https:\\\/\\\/radioleinewelle.de\\\/index.php\\\/2021\\\/01\\\/18\\\/erfolgreiche-suedniedersachsenkonferenz-zum-thema-fachkraeftesituation\\\/\"},\"author\":{\"name\":\"Leinewelle\",\"@id\":\"https:\\\/\\\/radioleinewelle.de\\\/#\\\/schema\\\/person\\\/45606f348637df637192dc1b68399a63\"},\"headline\":\"Erfolgreiche S\u00fcdniedersachsenkonferenz zum Thema Fachkr\u00e4ftesituation\",\"datePublished\":\"2021-01-18T04:20:00+00:00\",\"mainEntityOfPage\":{\"@id\":\"https:\\\/\\\/radioleinewelle.de\\\/index.php\\\/2021\\\/01\\\/18\\\/erfolgreiche-suedniedersachsenkonferenz-zum-thema-fachkraeftesituation\\\/\"},\"wordCount\":618,\"publisher\":{\"@id\":\"https:\\\/\\\/radioleinewelle.de\\\/#organization\"},\"articleSection\":[\"Wirtschaft\"],\"inLanguage\":\"de\"},{\"@type\":\"WebPage\",\"@id\":\"https:\\\/\\\/radioleinewelle.de\\\/index.php\\\/2021\\\/01\\\/18\\\/erfolgreiche-suedniedersachsenkonferenz-zum-thema-fachkraeftesituation\\\/\",\"url\":\"https:\\\/\\\/radioleinewelle.de\\\/index.php\\\/2021\\\/01\\\/18\\\/erfolgreiche-suedniedersachsenkonferenz-zum-thema-fachkraeftesituation\\\/\",\"name\":\"Erfolgreiche S\u00fcdniedersachsenkonferenz zum Thema Fachkr\u00e4ftesituation - Radio Leinewelle\",\"isPartOf\":{\"@id\":\"https:\\\/\\\/radioleinewelle.de\\\/#website\"},\"datePublished\":\"2021-01-18T04:20:00+00:00\",\"breadcrumb\":{\"@id\":\"https:\\\/\\\/radioleinewelle.de\\\/index.php\\\/2021\\\/01\\\/18\\\/erfolgreiche-suedniedersachsenkonferenz-zum-thema-fachkraeftesituation\\\/#breadcrumb\"},\"inLanguage\":\"de\",\"potentialAction\":[{\"@type\":\"ReadAction\",\"target\":[\"https:\\\/\\\/radioleinewelle.de\\\/index.php\\\/2021\\\/01\\\/18\\\/erfolgreiche-suedniedersachsenkonferenz-zum-thema-fachkraeftesituation\\\/\"]}]},{\"@type\":\"BreadcrumbList\",\"@id\":\"https:\\\/\\\/radioleinewelle.de\\\/index.php\\\/2021\\\/01\\\/18\\\/erfolgreiche-suedniedersachsenkonferenz-zum-thema-fachkraeftesituation\\\/#breadcrumb\",\"itemListElement\":[{\"@type\":\"ListItem\",\"position\":1,\"name\":\"Startseite\",\"item\":\"https:\\\/\\\/radioleinewelle.de\\\/\"},{\"@type\":\"ListItem\",\"position\":2,\"name\":\"Erfolgreiche S\u00fcdniedersachsenkonferenz zum Thema Fachkr\u00e4ftesituation\"}]},{\"@type\":\"WebSite\",\"@id\":\"https:\\\/\\\/radioleinewelle.de\\\/#website\",\"url\":\"https:\\\/\\\/radioleinewelle.de\\\/\",\"name\":\"Radio Leinewelle\",\"description\":\"\",\"publisher\":{\"@id\":\"https:\\\/\\\/radioleinewelle.de\\\/#organization\"},\"potentialAction\":[{\"@type\":\"SearchAction\",\"target\":{\"@type\":\"EntryPoint\",\"urlTemplate\":\"https:\\\/\\\/radioleinewelle.de\\\/?s={search_term_string}\"},\"query-input\":{\"@type\":\"PropertyValueSpecification\",\"valueRequired\":true,\"valueName\":\"search_term_string\"}}],\"inLanguage\":\"de\"},{\"@type\":\"Organization\",\"@id\":\"https:\\\/\\\/radioleinewelle.de\\\/#organization\",\"name\":\"Radio Leinewelle\",\"alternateName\":\"Mein Radio f\u00fcr S\u00fcdniedersachsen\",\"url\":\"https:\\\/\\\/radioleinewelle.de\\\/\",\"logo\":{\"@type\":\"ImageObject\",\"inLanguage\":\"de\",\"@id\":\"https:\\\/\\\/radioleinewelle.de\\\/#\\\/schema\\\/logo\\\/image\\\/\",\"url\":\"https:\\\/\\\/radioleinewelle.de\\\/wp-content\\\/uploads\\\/2023\\\/11\\\/cropped-Leinewelle_Logo_weiss.png\",\"contentUrl\":\"https:\\\/\\\/radioleinewelle.de\\\/wp-content\\\/uploads\\\/2023\\\/11\\\/cropped-Leinewelle_Logo_weiss.png\",\"width\":854,\"height\":260,\"caption\":\"Radio Leinewelle\"},\"image\":{\"@id\":\"https:\\\/\\\/radioleinewelle.de\\\/#\\\/schema\\\/logo\\\/image\\\/\"},\"sameAs\":[\"https:\\\/\\\/www.facebook.com\\\/radioleinewelle\",\"https:\\\/\\\/x.com\\\/RLeinewelle\",\"https:\\\/\\\/www.instagram.com\\\/radioleinewelle\\\/?hl=de\"]},{\"@type\":\"Person\",\"@id\":\"https:\\\/\\\/radioleinewelle.de\\\/#\\\/schema\\\/person\\\/45606f348637df637192dc1b68399a63\",\"name\":\"Leinewelle\",\"image\":{\"@type\":\"ImageObject\",\"inLanguage\":\"de\",\"@id\":\"https:\\\/\\\/secure.gravatar.com\\\/avatar\\\/05c9a17bc973052ee5d91549bd32fb4dd0dc85b7b85ae94b2e2b4943476bbea5?s=96&d=blank&r=g\",\"url\":\"https:\\\/\\\/secure.gravatar.com\\\/avatar\\\/05c9a17bc973052ee5d91549bd32fb4dd0dc85b7b85ae94b2e2b4943476bbea5?s=96&d=blank&r=g\",\"contentUrl\":\"https:\\\/\\\/secure.gravatar.com\\\/avatar\\\/05c9a17bc973052ee5d91549bd32fb4dd0dc85b7b85ae94b2e2b4943476bbea5?s=96&d=blank&r=g\",\"caption\":\"Leinewelle\"},\"sameAs\":[\"http:\\\/\\\/localhost\\\/radio%20leinewelle\\\/wordpress\",\"https:\\\/\\\/www.facebook.com\\\/radioleinewelle\",\"https:\\\/\\\/www.instagram.com\\\/radioleinewelle\",\"https:\\\/\\\/x.com\\\/https:\\\/\\\/twitter.com\\\/RLeinewelle?ref_src=twsrcgoogletwcampserptwgrauthor\",\"https:\\\/\\\/soundcloud.com\\\/foerderverein-lokalradio?utm_source=clipboard&utm_medium=text&utm_campaign=social_sharing\"],\"url\":\"https:\\\/\\\/radioleinewelle.de\\\/index.php\\\/author\\\/leinewelle\\\/\"}]}<\/script>\n<!-- \/ Yoast SEO plugin. -->","yoast_head_json":{"title":"Erfolgreiche S\u00fcdniedersachsenkonferenz zum Thema Fachkr\u00e4ftesituation - Radio Leinewelle","robots":{"index":"index","follow":"follow","max-snippet":"max-snippet:-1","max-image-preview":"max-image-preview:large","max-video-preview":"max-video-preview:-1"},"canonical":"https:\/\/radioleinewelle.de\/index.php\/2021\/01\/18\/erfolgreiche-suedniedersachsenkonferenz-zum-thema-fachkraeftesituation\/","og_locale":"de_DE","og_type":"article","og_title":"Erfolgreiche S\u00fcdniedersachsenkonferenz zum Thema Fachkr\u00e4ftesituation - Radio Leinewelle","og_description":"S\u00fcdniedersachsen.&nbsp;Wie soll sich die Fachkr\u00e4ftesituation in S\u00fcdniedersachsen k\u00fcnftig darstellen \u2013 und was ist daf\u00fcr zu tun? Mit dieser Frage besch\u00e4ftigten sich die \u00fcber 110 TeilnehmerInnen im dritten Teil der 2. S\u00fcdniedersachsenkonferenz am Donnerstag, 14. Januar 2021. ExpertInnen aus Wissenschaft, Wirtschaft und Politik diskutierten \u00fcber die derzeitige Fachkr\u00e4ftesituation in der Region, zogen eine erste Zwischenbilanz zur [&hellip;]","og_url":"https:\/\/radioleinewelle.de\/index.php\/2021\/01\/18\/erfolgreiche-suedniedersachsenkonferenz-zum-thema-fachkraeftesituation\/","og_site_name":"Radio Leinewelle","article_publisher":"https:\/\/www.facebook.com\/radioleinewelle","article_author":"https:\/\/www.facebook.com\/radioleinewelle","article_published_time":"2021-01-18T04:20:00+00:00","author":"Leinewelle","twitter_card":"summary_large_image","twitter_creator":"@https:\/\/twitter.com\/RLeinewelle?ref_src=twsrcgoogletwcampserptwgrauthor","twitter_site":"@RLeinewelle","twitter_misc":{"Verfasst von":"Leinewelle","Gesch\u00e4tzte Lesezeit":"3\u00a0Minuten"},"schema":{"@context":"https:\/\/schema.org","@graph":[{"@type":"Article","@id":"https:\/\/radioleinewelle.de\/index.php\/2021\/01\/18\/erfolgreiche-suedniedersachsenkonferenz-zum-thema-fachkraeftesituation\/#article","isPartOf":{"@id":"https:\/\/radioleinewelle.de\/index.php\/2021\/01\/18\/erfolgreiche-suedniedersachsenkonferenz-zum-thema-fachkraeftesituation\/"},"author":{"name":"Leinewelle","@id":"https:\/\/radioleinewelle.de\/#\/schema\/person\/45606f348637df637192dc1b68399a63"},"headline":"Erfolgreiche S\u00fcdniedersachsenkonferenz zum Thema Fachkr\u00e4ftesituation","datePublished":"2021-01-18T04:20:00+00:00","mainEntityOfPage":{"@id":"https:\/\/radioleinewelle.de\/index.php\/2021\/01\/18\/erfolgreiche-suedniedersachsenkonferenz-zum-thema-fachkraeftesituation\/"},"wordCount":618,"publisher":{"@id":"https:\/\/radioleinewelle.de\/#organization"},"articleSection":["Wirtschaft"],"inLanguage":"de"},{"@type":"WebPage","@id":"https:\/\/radioleinewelle.de\/index.php\/2021\/01\/18\/erfolgreiche-suedniedersachsenkonferenz-zum-thema-fachkraeftesituation\/","url":"https:\/\/radioleinewelle.de\/index.php\/2021\/01\/18\/erfolgreiche-suedniedersachsenkonferenz-zum-thema-fachkraeftesituation\/","name":"Erfolgreiche S\u00fcdniedersachsenkonferenz zum Thema Fachkr\u00e4ftesituation - Radio Leinewelle","isPartOf":{"@id":"https:\/\/radioleinewelle.de\/#website"},"datePublished":"2021-01-18T04:20:00+00:00","breadcrumb":{"@id":"https:\/\/radioleinewelle.de\/index.php\/2021\/01\/18\/erfolgreiche-suedniedersachsenkonferenz-zum-thema-fachkraeftesituation\/#breadcrumb"},"inLanguage":"de","potentialAction":[{"@type":"ReadAction","target":["https:\/\/radioleinewelle.de\/index.php\/2021\/01\/18\/erfolgreiche-suedniedersachsenkonferenz-zum-thema-fachkraeftesituation\/"]}]},{"@type":"BreadcrumbList","@id":"https:\/\/radioleinewelle.de\/index.php\/2021\/01\/18\/erfolgreiche-suedniedersachsenkonferenz-zum-thema-fachkraeftesituation\/#breadcrumb","itemListElement":[{"@type":"ListItem","position":1,"name":"Startseite","item":"https:\/\/radioleinewelle.de\/"},{"@type":"ListItem","position":2,"name":"Erfolgreiche S\u00fcdniedersachsenkonferenz zum Thema Fachkr\u00e4ftesituation"}]},{"@type":"WebSite","@id":"https:\/\/radioleinewelle.de\/#website","url":"https:\/\/radioleinewelle.de\/","name":"Radio Leinewelle","description":"","publisher":{"@id":"https:\/\/radioleinewelle.de\/#organization"},"potentialAction":[{"@type":"SearchAction","target":{"@type":"EntryPoint","urlTemplate":"https:\/\/radioleinewelle.de\/?s={search_term_string}"},"query-input":{"@type":"PropertyValueSpecification","valueRequired":true,"valueName":"search_term_string"}}],"inLanguage":"de"},{"@type":"Organization","@id":"https:\/\/radioleinewelle.de\/#organization","name":"Radio Leinewelle","alternateName":"Mein Radio f\u00fcr S\u00fcdniedersachsen","url":"https:\/\/radioleinewelle.de\/","logo":{"@type":"ImageObject","inLanguage":"de","@id":"https:\/\/radioleinewelle.de\/#\/schema\/logo\/image\/","url":"https:\/\/radioleinewelle.de\/wp-content\/uploads\/2023\/11\/cropped-Leinewelle_Logo_weiss.png","contentUrl":"https:\/\/radioleinewelle.de\/wp-content\/uploads\/2023\/11\/cropped-Leinewelle_Logo_weiss.png","width":854,"height":260,"caption":"Radio Leinewelle"},"image":{"@id":"https:\/\/radioleinewelle.de\/#\/schema\/logo\/image\/"},"sameAs":["https:\/\/www.facebook.com\/radioleinewelle","https:\/\/x.com\/RLeinewelle","https:\/\/www.instagram.com\/radioleinewelle\/?hl=de"]},{"@type":"Person","@id":"https:\/\/radioleinewelle.de\/#\/schema\/person\/45606f348637df637192dc1b68399a63","name":"Leinewelle","image":{"@type":"ImageObject","inLanguage":"de","@id":"https:\/\/secure.gravatar.com\/avatar\/05c9a17bc973052ee5d91549bd32fb4dd0dc85b7b85ae94b2e2b4943476bbea5?s=96&d=blank&r=g","url":"https:\/\/secure.gravatar.com\/avatar\/05c9a17bc973052ee5d91549bd32fb4dd0dc85b7b85ae94b2e2b4943476bbea5?s=96&d=blank&r=g","contentUrl":"https:\/\/secure.gravatar.com\/avatar\/05c9a17bc973052ee5d91549bd32fb4dd0dc85b7b85ae94b2e2b4943476bbea5?s=96&d=blank&r=g","caption":"Leinewelle"},"sameAs":["http:\/\/localhost\/radio%20leinewelle\/wordpress","https:\/\/www.facebook.com\/radioleinewelle","https:\/\/www.instagram.com\/radioleinewelle","https:\/\/x.com\/https:\/\/twitter.com\/RLeinewelle?ref_src=twsrcgoogletwcampserptwgrauthor","https:\/\/soundcloud.com\/foerderverein-lokalradio?utm_source=clipboard&utm_medium=text&utm_campaign=social_sharing"],"url":"https:\/\/radioleinewelle.de\/index.php\/author\/leinewelle\/"}]}},"_links":{"self":[{"href":"https:\/\/radioleinewelle.de\/index.php\/wp-json\/wp\/v2\/posts\/4219","targetHints":{"allow":["GET"]}}],"collection":[{"href":"https:\/\/radioleinewelle.de\/index.php\/wp-json\/wp\/v2\/posts"}],"about":[{"href":"https:\/\/radioleinewelle.de\/index.php\/wp-json\/wp\/v2\/types\/post"}],"author":[{"embeddable":true,"href":"https:\/\/radioleinewelle.de\/index.php\/wp-json\/wp\/v2\/users\/1"}],"replies":[{"embeddable":true,"href":"https:\/\/radioleinewelle.de\/index.php\/wp-json\/wp\/v2\/comments?post=4219"}],"version-history":[{"count":0,"href":"https:\/\/radioleinewelle.de\/index.php\/wp-json\/wp\/v2\/posts\/4219\/revisions"}],"wp:attachment":[{"href":"https:\/\/radioleinewelle.de\/index.php\/wp-json\/wp\/v2\/media?parent=4219"}],"wp:term":[{"taxonomy":"category","embeddable":true,"href":"https:\/\/radioleinewelle.de\/index.php\/wp-json\/wp\/v2\/categories?post=4219"},{"taxonomy":"post_tag","embeddable":true,"href":"https:\/\/radioleinewelle.de\/index.php\/wp-json\/wp\/v2\/tags?post=4219"}],"curies":[{"name":"wp","href":"https:\/\/api.w.org\/{rel}","templated":true}]}}