{"id":4236,"date":"2021-01-19T05:10:00","date_gmt":"2021-01-19T04:10:00","guid":{"rendered":"https:\/\/radioleinewelle.de\/?p=4236"},"modified":"2021-01-19T05:10:00","modified_gmt":"2021-01-19T04:10:00","slug":"niedersachsen-zeichnet-herausragende-lernorte-der-demokratiebildung-aus","status":"publish","type":"post","link":"https:\/\/radioleinewelle.de\/index.php\/2021\/01\/19\/niedersachsen-zeichnet-herausragende-lernorte-der-demokratiebildung-aus\/","title":{"rendered":"Niedersachsen zeichnet herausragende \u201eLernorte der Demokratiebildung\u201c aus."},"content":{"rendered":"\n<p>Das Nieders\u00e4chsische Kultusministerium m\u00f6chte engagierte \u201eLernorte der Demokratiebildung\u201c w\u00fcrdigen und l\u00e4dt Einrichtungen ein, sich zu bewerben. Pro Jahr k\u00f6nnen bis zu 5 Lernorte ausgezeichnet werden, die sich nachhaltig mit den Themenfeldern Demokratie sowie Menschen- und Kinderrechte befassen und damit Sch\u00fclerinnen, Sch\u00fclern sowie Lehrkr\u00e4ften einen demokratischen Erfahrungsraum bieten.<\/p>\n\n\n\n<p>\u201ePh\u00e4nomene wie zunehmender Rechtspopulismus, verschiedene Formen von Extremismus sowie die drohende Spaltung der Gesellschaft auf der einen Seite, menschengemachter Klimawandel auf der anderen Seite erfordern ein entschiedenes Umdenken in Gesellschaft und Schule\u201c, erkl\u00e4rte dazu Kultusminister Grant Hendrik Tonne und f\u00fcgte an: \u201eWir nehmen diese Herausforderungen sehr ernst. Deshalb st\u00e4rken wir Demokratiebildung und Bildung f\u00fcr nachhaltige Entwicklung an Lernorten und Schulen.\u201c<\/p>\n\n\n\n<p>Schon jetzt gehen viele Einrichtungen mit Bildungsschwerpunkt unterschiedliche innovative und neue p\u00e4dagogische Wege, um ihre Arbeit und Angebote verst\u00e4rkt demokratisch auszurichten und sich regional &#8211; auch mit Schulen \u2013 st\u00e4rker zu vernetzen. \u201eWir erkennen das hoch an und sind zugleich beeindruckt davon, wie junge Menschen durch ihr Engagement Verantwortung f\u00fcr sich und andere \u00fcbernehmen und sich f\u00fcr eine gerechte, solidarische Gesellschaft und eine bessere Welt engagieren\u201c so der Minister.<\/p>\n\n\n\n<p>Vor diesem Hintergrund sollen nach einem Bewerbungs- und Auswahlverfahren ab 2021 pro Jahr bis zu 5 \u201eAusgezeichnete Lernorte Demokratiebildung\u201c gew\u00fcrdigt werden. Gesucht werden Institutionen und Initiativen, die ihre Einrichtung und ihr Programm konsequent im Sinne eines \u201eModellorts der Demokratie\u201c gestalten. Hier sollen aktive Partizipation, gelebte Demokratie und die Orientierung an den 17 Nachhaltigkeitszielen im Mittelpunkt stehen. Bewerben k\u00f6nnen sich unter anderem kommunale und landesweite Lernorte sowie Jugendparlamente, b\u00fcrgerschaftliche Organisationen, Dokumentationszentren, Erinnerungsorte sowie Gedenkst\u00e4tten, Einrichtungen der Erwachsenenbildung und der kulturellen Bildung sowie Medienzentren.<\/p>\n\n\n\n<p>Jeder ausgezeichnete Lernort erh\u00e4lt als sichtbare W\u00fcrdigung ein repr\u00e4sentatives Schild, einen Geldpreis f\u00fcr Bildungsangebote f\u00fcr Schulen und einen \u201eMaterialrucksack\u201c f\u00fcr Demokratiebildung. Zugleich soll die Auszeichnung die Vernetzung mit anderen Akteuren und Schulen f\u00f6rdern.<\/p>\n\n\n\n<p>Initiativen und Einrichtungen, die sich im Bereich nachhaltiger Demokratiebildung engagieren, k\u00f6nnen sich online bewerben. Unter dieser Adresse gibt es auch weitere Informationen:<\/p>\n\n\n\n<p><a href=\"https:\/\/www.mk.niedersachsen.de\/startseite\/schule\/schulerinnen_und_schuler_eltern\/politische_bildung\/auszeichnung_lernort_demokratiebildung\/ausgezeichneter-lernort-demokratiebildung-in-niedersachsen-194258.html\">https:\/\/www.mk.niedersachsen.de\/startseite\/schule\/schulerinnen_und_schuler_eltern\/politische_bildung\/auszeichnung_lernort_demokratiebildung\/ausgezeichneter-lernort-demokratiebildung-in-niedersachsen-194258.html<\/a><br \/><strong>Bewerbungsschluss<\/strong>&nbsp;ist der 28. Februar 2021.Die Bekanntgabe der Preistr\u00e4ger und die ersten Auszeichnungen finden voraussichtlich im Fr\u00fchjahr 2021 statt. Der Titel \u201eAusgezeichneter Lernort Demokratiebildung\u201c in Niedersachsen wird jeweils vor Ort und in der Regel durch den Kultusminister verliehen.<\/p>\n\n\n\n<p>Das Nieders\u00e4chsische Kultusministerium m\u00f6chte engagierte \u201eLernorte der Demokratiebildung\u201c w\u00fcrdigen und l\u00e4dt Einrichtungen ein, sich zu bewerben. Pro Jahr k\u00f6nnen bis zu 5 Lernorte ausgezeichnet werden, die sich nachhaltig mit den Themenfeldern Demokratie sowie Menschen- und Kinderrechte befassen und damit Sch\u00fclerinnen, Sch\u00fclern sowie Lehrkr\u00e4ften einen demokratischen Erfahrungsraum bieten.<\/p>\n\n\n\n<p>\u201ePh\u00e4nomene wie zunehmender Rechtspopulismus, verschiedene Formen von Extremismus sowie die drohende Spaltung der Gesellschaft auf der einen Seite, menschengemachter Klimawandel auf der anderen Seite erfordern ein entschiedenes Umdenken in Gesellschaft und Schule\u201c, erkl\u00e4rte dazu Kultusminister Grant Hendrik Tonne und f\u00fcgte an: \u201eWir nehmen diese Herausforderungen sehr ernst. Deshalb st\u00e4rken wir Demokratiebildung und Bildung f\u00fcr nachhaltige Entwicklung an Lernorten und Schulen.\u201c<\/p>\n\n\n\n<p>Schon jetzt gehen viele Einrichtungen mit Bildungsschwerpunkt unterschiedliche innovative und neue p\u00e4dagogische Wege, um ihre Arbeit und Angebote verst\u00e4rkt demokratisch auszurichten und sich regional &#8211; auch mit Schulen \u2013 st\u00e4rker zu vernetzen. \u201eWir erkennen das hoch an und sind zugleich beeindruckt davon, wie junge Menschen durch ihr Engagement Verantwortung f\u00fcr sich und andere \u00fcbernehmen und sich f\u00fcr eine gerechte, solidarische Gesellschaft und eine bessere Welt engagieren\u201c so der Minister.<\/p>\n\n\n\n<p>Vor diesem Hintergrund sollen nach einem Bewerbungs- und Auswahlverfahren ab 2021 pro Jahr bis zu 5 \u201eAusgezeichnete Lernorte Demokratiebildung\u201c gew\u00fcrdigt werden. Gesucht werden Institutionen und Initiativen, die ihre Einrichtung und ihr Programm konsequent im Sinne eines \u201eModellorts der Demokratie\u201c gestalten. Hier sollen aktive Partizipation, gelebte Demokratie und die Orientierung an den 17 Nachhaltigkeitszielen im Mittelpunkt stehen. Bewerben k\u00f6nnen sich unter anderem kommunale und landesweite Lernorte sowie Jugendparlamente, b\u00fcrgerschaftliche Organisationen, Dokumentationszentren, Erinnerungsorte sowie Gedenkst\u00e4tten, Einrichtungen der Erwachsenenbildung und der kulturellen Bildung sowie Medienzentren.<\/p>\n\n\n\n<p>Jeder ausgezeichnete Lernort erh\u00e4lt als sichtbare W\u00fcrdigung ein repr\u00e4sentatives Schild, einen Geldpreis f\u00fcr Bildungsangebote f\u00fcr Schulen und einen \u201eMaterialrucksack\u201c f\u00fcr Demokratiebildung. Zugleich soll die Auszeichnung die Vernetzung mit anderen Akteuren und Schulen f\u00f6rdern.<\/p>\n\n\n\n<p>Initiativen und Einrichtungen, die sich im Bereich nachhaltiger Demokratiebildung engagieren, k\u00f6nnen sich online bewerben. Unter dieser Adresse gibt es auch weitere Informationen:<\/p>\n\n\n\n<p><a href=\"https:\/\/www.mk.niedersachsen.de\/startseite\/schule\/schulerinnen_und_schuler_eltern\/politische_bildung\/auszeichnung_lernort_demokratiebildung\/ausgezeichneter-lernort-demokratiebildung-in-niedersachsen-194258.html\">https:\/\/www.mk.niedersachsen.de\/startseite\/schule\/schulerinnen_und_schuler_eltern\/politische_bildung\/auszeichnung_lernort_demokratiebildung\/ausgezeichneter-lernort-demokratiebildung-in-niedersachsen-194258.html<\/a><br \/><strong>Bewerbungsschluss<\/strong>&nbsp;ist der 28. Februar 2021.Die Bekanntgabe der Preistr\u00e4ger und die ersten Auszeichnungen finden voraussichtlich im Fr\u00fchjahr 2021 statt. Der Titel \u201eAusgezeichneter Lernort Demokratiebildung\u201c in Niedersachsen wird jeweils vor Ort und in der Regel durch den Kultusminister verliehen.<\/p>\n\n\n\n<p>Das Nieders\u00e4chsische Kultusministerium m\u00f6chte engagierte \u201eLernorte der Demokratiebildung\u201c w\u00fcrdigen und l\u00e4dt Einrichtungen ein, sich zu bewerben. Pro Jahr k\u00f6nnen bis zu 5 Lernorte ausgezeichnet werden, die sich nachhaltig mit den Themenfeldern Demokratie sowie Menschen- und Kinderrechte befassen und damit Sch\u00fclerinnen, Sch\u00fclern sowie Lehrkr\u00e4ften einen demokratischen Erfahrungsraum bieten.<\/p>\n\n\n\n<p>\u201ePh\u00e4nomene wie zunehmender Rechtspopulismus, verschiedene Formen von Extremismus sowie die drohende Spaltung der Gesellschaft auf der einen Seite, menschengemachter Klimawandel auf der anderen Seite erfordern ein entschiedenes Umdenken in Gesellschaft und Schule\u201c, erkl\u00e4rte dazu Kultusminister Grant Hendrik Tonne und f\u00fcgte an: \u201eWir nehmen diese Herausforderungen sehr ernst. Deshalb st\u00e4rken wir Demokratiebildung und Bildung f\u00fcr nachhaltige Entwicklung an Lernorten und Schulen.\u201c<\/p>\n\n\n\n<p>Schon jetzt gehen viele Einrichtungen mit Bildungsschwerpunkt unterschiedliche innovative und neue p\u00e4dagogische Wege, um ihre Arbeit und Angebote verst\u00e4rkt demokratisch auszurichten und sich regional &#8211; auch mit Schulen \u2013 st\u00e4rker zu vernetzen. \u201eWir erkennen das hoch an und sind zugleich beeindruckt davon, wie junge Menschen durch ihr Engagement Verantwortung f\u00fcr sich und andere \u00fcbernehmen und sich f\u00fcr eine gerechte, solidarische Gesellschaft und eine bessere Welt engagieren\u201c so der Minister.<\/p>\n\n\n\n<p>Vor diesem Hintergrund sollen nach einem Bewerbungs- und Auswahlverfahren ab 2021 pro Jahr bis zu 5 \u201eAusgezeichnete Lernorte Demokratiebildung\u201c gew\u00fcrdigt werden. Gesucht werden Institutionen und Initiativen, die ihre Einrichtung und ihr Programm konsequent im Sinne eines \u201eModellorts der Demokratie\u201c gestalten. Hier sollen aktive Partizipation, gelebte Demokratie und die Orientierung an den 17 Nachhaltigkeitszielen im Mittelpunkt stehen. Bewerben k\u00f6nnen sich unter anderem kommunale und landesweite Lernorte sowie Jugendparlamente, b\u00fcrgerschaftliche Organisationen, Dokumentationszentren, Erinnerungsorte sowie Gedenkst\u00e4tten, Einrichtungen der Erwachsenenbildung und der kulturellen Bildung sowie Medienzentren.<\/p>\n\n\n\n<p>Jeder ausgezeichnete Lernort erh\u00e4lt als sichtbare W\u00fcrdigung ein repr\u00e4sentatives Schild, einen Geldpreis f\u00fcr Bildungsangebote f\u00fcr Schulen und einen \u201eMaterialrucksack\u201c f\u00fcr Demokratiebildung. Zugleich soll die Auszeichnung die Vernetzung mit anderen Akteuren und Schulen f\u00f6rdern.<\/p>\n\n\n\n<p>Initiativen und Einrichtungen, die sich im Bereich nachhaltiger Demokratiebildung engagieren, k\u00f6nnen sich online bewerben. Unter dieser Adresse gibt es auch weitere Informationen:<\/p>\n\n\n\n<p><a href=\"https:\/\/www.mk.niedersachsen.de\/startseite\/schule\/schulerinnen_und_schuler_eltern\/politische_bildung\/auszeichnung_lernort_demokratiebildung\/ausgezeichneter-lernort-demokratiebildung-in-niedersachsen-194258.html\">https:\/\/www.mk.niedersachsen.de\/startseite\/schule\/schulerinnen_und_schuler_eltern\/politische_bildung\/auszeichnung_lernort_demokratiebildung\/ausgezeichneter-lernort-demokratiebildung-in-niedersachsen-194258.html<\/a><br \/><strong>Bewerbungsschluss<\/strong>&nbsp;ist der 28. Februar 2021.Die Bekanntgabe der Preistr\u00e4ger und die ersten Auszeichnungen finden voraussichtlich im Fr\u00fchjahr 2021 statt. Der Titel \u201eAusgezeichneter Lernort Demokratiebildung\u201c in Niedersachsen wird jeweils vor Ort und in der Regel durch den Kultusminister verliehen.<\/p>\n\n\n\n<p>Bild von&nbsp;<a href=\"https:\/\/pixabay.com\/de\/users\/hkama-15602717\/?utm_source=link-attribution&amp;utm_medium=referral&amp;utm_campaign=image&amp;utm_content=4937827\">h kama<\/a>&nbsp;auf&nbsp;<a href=\"https:\/\/pixabay.com\/de\/?utm_source=link-attribution&amp;utm_medium=referral&amp;utm_campaign=image&amp;utm_content=4937827\">Pixabay<\/a><\/p>\n","protected":false},"excerpt":{"rendered":"<p>Das Nieders\u00e4chsische Kultusministerium m\u00f6chte engagierte \u201eLernorte der Demokratiebildung\u201c w\u00fcrdigen und l\u00e4dt Einrichtungen ein, sich zu bewerben. Pro Jahr k\u00f6nnen bis zu 5 Lernorte ausgezeichnet werden, die sich nachhaltig mit den Themenfeldern Demokratie sowie Menschen- und Kinderrechte befassen und damit Sch\u00fclerinnen, Sch\u00fclern sowie Lehrkr\u00e4ften einen demokratischen Erfahrungsraum bieten. \u201ePh\u00e4nomene wie zunehmender Rechtspopulismus, verschiedene Formen von Extremismus [&hellip;]<\/p>\n","protected":false},"author":1,"featured_media":0,"comment_status":"closed","ping_status":"closed","sticky":false,"template":"","format":"standard","meta":{"saved_in_kubio":false,"footnotes":""},"categories":[53],"tags":[],"class_list":["post-4236","post","type-post","status-publish","format-standard","hentry","category-gesellschaft"],"yoast_head":"<!-- This site is optimized with the Yoast SEO plugin v27.5 - https:\/\/yoast.com\/product\/yoast-seo-wordpress\/ -->\n<title>Niedersachsen zeichnet herausragende \u201eLernorte der Demokratiebildung\u201c aus. - Radio Leinewelle<\/title>\n<meta name=\"robots\" content=\"index, follow, max-snippet:-1, max-image-preview:large, max-video-preview:-1\" \/>\n<link rel=\"canonical\" href=\"https:\/\/radioleinewelle.de\/index.php\/2021\/01\/19\/niedersachsen-zeichnet-herausragende-lernorte-der-demokratiebildung-aus\/\" \/>\n<meta property=\"og:locale\" content=\"de_DE\" \/>\n<meta property=\"og:type\" content=\"article\" \/>\n<meta property=\"og:title\" content=\"Niedersachsen zeichnet herausragende \u201eLernorte der Demokratiebildung\u201c aus. - Radio Leinewelle\" \/>\n<meta property=\"og:description\" content=\"Das Nieders\u00e4chsische Kultusministerium m\u00f6chte engagierte \u201eLernorte der Demokratiebildung\u201c w\u00fcrdigen und l\u00e4dt Einrichtungen ein, sich zu bewerben. Pro Jahr k\u00f6nnen bis zu 5 Lernorte ausgezeichnet werden, die sich nachhaltig mit den Themenfeldern Demokratie sowie Menschen- und Kinderrechte befassen und damit Sch\u00fclerinnen, Sch\u00fclern sowie Lehrkr\u00e4ften einen demokratischen Erfahrungsraum bieten. \u201ePh\u00e4nomene wie zunehmender Rechtspopulismus, verschiedene Formen von Extremismus [&hellip;]\" \/>\n<meta property=\"og:url\" content=\"https:\/\/radioleinewelle.de\/index.php\/2021\/01\/19\/niedersachsen-zeichnet-herausragende-lernorte-der-demokratiebildung-aus\/\" \/>\n<meta property=\"og:site_name\" content=\"Radio Leinewelle\" \/>\n<meta property=\"article:publisher\" content=\"https:\/\/www.facebook.com\/radioleinewelle\" \/>\n<meta property=\"article:author\" content=\"https:\/\/www.facebook.com\/radioleinewelle\" \/>\n<meta property=\"article:published_time\" content=\"2021-01-19T04:10:00+00:00\" \/>\n<meta name=\"author\" content=\"Leinewelle\" \/>\n<meta name=\"twitter:card\" content=\"summary_large_image\" \/>\n<meta name=\"twitter:creator\" content=\"@https:\/\/twitter.com\/RLeinewelle?ref_src=twsrcgoogletwcampserptwgrauthor\" \/>\n<meta name=\"twitter:site\" content=\"@RLeinewelle\" \/>\n<meta name=\"twitter:label1\" content=\"Verfasst von\" \/>\n\t<meta name=\"twitter:data1\" content=\"Leinewelle\" \/>\n\t<meta name=\"twitter:label2\" content=\"Gesch\u00e4tzte Lesezeit\" \/>\n\t<meta name=\"twitter:data2\" content=\"6\u00a0Minuten\" \/>\n<script type=\"application\/ld+json\" class=\"yoast-schema-graph\">{\"@context\":\"https:\\\/\\\/schema.org\",\"@graph\":[{\"@type\":\"Article\",\"@id\":\"https:\\\/\\\/radioleinewelle.de\\\/index.php\\\/2021\\\/01\\\/19\\\/niedersachsen-zeichnet-herausragende-lernorte-der-demokratiebildung-aus\\\/#article\",\"isPartOf\":{\"@id\":\"https:\\\/\\\/radioleinewelle.de\\\/index.php\\\/2021\\\/01\\\/19\\\/niedersachsen-zeichnet-herausragende-lernorte-der-demokratiebildung-aus\\\/\"},\"author\":{\"name\":\"Leinewelle\",\"@id\":\"https:\\\/\\\/radioleinewelle.de\\\/#\\\/schema\\\/person\\\/45606f348637df637192dc1b68399a63\"},\"headline\":\"Niedersachsen zeichnet herausragende \u201eLernorte der Demokratiebildung\u201c aus.\",\"datePublished\":\"2021-01-19T04:10:00+00:00\",\"mainEntityOfPage\":{\"@id\":\"https:\\\/\\\/radioleinewelle.de\\\/index.php\\\/2021\\\/01\\\/19\\\/niedersachsen-zeichnet-herausragende-lernorte-der-demokratiebildung-aus\\\/\"},\"wordCount\":1201,\"publisher\":{\"@id\":\"https:\\\/\\\/radioleinewelle.de\\\/#organization\"},\"articleSection\":[\"Gesellschaft\"],\"inLanguage\":\"de\"},{\"@type\":\"WebPage\",\"@id\":\"https:\\\/\\\/radioleinewelle.de\\\/index.php\\\/2021\\\/01\\\/19\\\/niedersachsen-zeichnet-herausragende-lernorte-der-demokratiebildung-aus\\\/\",\"url\":\"https:\\\/\\\/radioleinewelle.de\\\/index.php\\\/2021\\\/01\\\/19\\\/niedersachsen-zeichnet-herausragende-lernorte-der-demokratiebildung-aus\\\/\",\"name\":\"Niedersachsen zeichnet herausragende \u201eLernorte der Demokratiebildung\u201c aus. - Radio Leinewelle\",\"isPartOf\":{\"@id\":\"https:\\\/\\\/radioleinewelle.de\\\/#website\"},\"datePublished\":\"2021-01-19T04:10:00+00:00\",\"breadcrumb\":{\"@id\":\"https:\\\/\\\/radioleinewelle.de\\\/index.php\\\/2021\\\/01\\\/19\\\/niedersachsen-zeichnet-herausragende-lernorte-der-demokratiebildung-aus\\\/#breadcrumb\"},\"inLanguage\":\"de\",\"potentialAction\":[{\"@type\":\"ReadAction\",\"target\":[\"https:\\\/\\\/radioleinewelle.de\\\/index.php\\\/2021\\\/01\\\/19\\\/niedersachsen-zeichnet-herausragende-lernorte-der-demokratiebildung-aus\\\/\"]}]},{\"@type\":\"BreadcrumbList\",\"@id\":\"https:\\\/\\\/radioleinewelle.de\\\/index.php\\\/2021\\\/01\\\/19\\\/niedersachsen-zeichnet-herausragende-lernorte-der-demokratiebildung-aus\\\/#breadcrumb\",\"itemListElement\":[{\"@type\":\"ListItem\",\"position\":1,\"name\":\"Startseite\",\"item\":\"https:\\\/\\\/radioleinewelle.de\\\/\"},{\"@type\":\"ListItem\",\"position\":2,\"name\":\"Niedersachsen zeichnet herausragende \u201eLernorte der Demokratiebildung\u201c aus.\"}]},{\"@type\":\"WebSite\",\"@id\":\"https:\\\/\\\/radioleinewelle.de\\\/#website\",\"url\":\"https:\\\/\\\/radioleinewelle.de\\\/\",\"name\":\"Radio Leinewelle\",\"description\":\"\",\"publisher\":{\"@id\":\"https:\\\/\\\/radioleinewelle.de\\\/#organization\"},\"potentialAction\":[{\"@type\":\"SearchAction\",\"target\":{\"@type\":\"EntryPoint\",\"urlTemplate\":\"https:\\\/\\\/radioleinewelle.de\\\/?s={search_term_string}\"},\"query-input\":{\"@type\":\"PropertyValueSpecification\",\"valueRequired\":true,\"valueName\":\"search_term_string\"}}],\"inLanguage\":\"de\"},{\"@type\":\"Organization\",\"@id\":\"https:\\\/\\\/radioleinewelle.de\\\/#organization\",\"name\":\"Radio Leinewelle\",\"alternateName\":\"Mein Radio f\u00fcr S\u00fcdniedersachsen\",\"url\":\"https:\\\/\\\/radioleinewelle.de\\\/\",\"logo\":{\"@type\":\"ImageObject\",\"inLanguage\":\"de\",\"@id\":\"https:\\\/\\\/radioleinewelle.de\\\/#\\\/schema\\\/logo\\\/image\\\/\",\"url\":\"https:\\\/\\\/radioleinewelle.de\\\/wp-content\\\/uploads\\\/2023\\\/11\\\/cropped-Leinewelle_Logo_weiss.png\",\"contentUrl\":\"https:\\\/\\\/radioleinewelle.de\\\/wp-content\\\/uploads\\\/2023\\\/11\\\/cropped-Leinewelle_Logo_weiss.png\",\"width\":854,\"height\":260,\"caption\":\"Radio Leinewelle\"},\"image\":{\"@id\":\"https:\\\/\\\/radioleinewelle.de\\\/#\\\/schema\\\/logo\\\/image\\\/\"},\"sameAs\":[\"https:\\\/\\\/www.facebook.com\\\/radioleinewelle\",\"https:\\\/\\\/x.com\\\/RLeinewelle\",\"https:\\\/\\\/www.instagram.com\\\/radioleinewelle\\\/?hl=de\"]},{\"@type\":\"Person\",\"@id\":\"https:\\\/\\\/radioleinewelle.de\\\/#\\\/schema\\\/person\\\/45606f348637df637192dc1b68399a63\",\"name\":\"Leinewelle\",\"image\":{\"@type\":\"ImageObject\",\"inLanguage\":\"de\",\"@id\":\"https:\\\/\\\/secure.gravatar.com\\\/avatar\\\/05c9a17bc973052ee5d91549bd32fb4dd0dc85b7b85ae94b2e2b4943476bbea5?s=96&d=blank&r=g\",\"url\":\"https:\\\/\\\/secure.gravatar.com\\\/avatar\\\/05c9a17bc973052ee5d91549bd32fb4dd0dc85b7b85ae94b2e2b4943476bbea5?s=96&d=blank&r=g\",\"contentUrl\":\"https:\\\/\\\/secure.gravatar.com\\\/avatar\\\/05c9a17bc973052ee5d91549bd32fb4dd0dc85b7b85ae94b2e2b4943476bbea5?s=96&d=blank&r=g\",\"caption\":\"Leinewelle\"},\"sameAs\":[\"http:\\\/\\\/localhost\\\/radio%20leinewelle\\\/wordpress\",\"https:\\\/\\\/www.facebook.com\\\/radioleinewelle\",\"https:\\\/\\\/www.instagram.com\\\/radioleinewelle\",\"https:\\\/\\\/x.com\\\/https:\\\/\\\/twitter.com\\\/RLeinewelle?ref_src=twsrcgoogletwcampserptwgrauthor\",\"https:\\\/\\\/soundcloud.com\\\/foerderverein-lokalradio?utm_source=clipboard&utm_medium=text&utm_campaign=social_sharing\"],\"url\":\"https:\\\/\\\/radioleinewelle.de\\\/index.php\\\/author\\\/leinewelle\\\/\"}]}<\/script>\n<!-- \/ Yoast SEO plugin. -->","yoast_head_json":{"title":"Niedersachsen zeichnet herausragende \u201eLernorte der Demokratiebildung\u201c aus. - Radio Leinewelle","robots":{"index":"index","follow":"follow","max-snippet":"max-snippet:-1","max-image-preview":"max-image-preview:large","max-video-preview":"max-video-preview:-1"},"canonical":"https:\/\/radioleinewelle.de\/index.php\/2021\/01\/19\/niedersachsen-zeichnet-herausragende-lernorte-der-demokratiebildung-aus\/","og_locale":"de_DE","og_type":"article","og_title":"Niedersachsen zeichnet herausragende \u201eLernorte der Demokratiebildung\u201c aus. - Radio Leinewelle","og_description":"Das Nieders\u00e4chsische Kultusministerium m\u00f6chte engagierte \u201eLernorte der Demokratiebildung\u201c w\u00fcrdigen und l\u00e4dt Einrichtungen ein, sich zu bewerben. Pro Jahr k\u00f6nnen bis zu 5 Lernorte ausgezeichnet werden, die sich nachhaltig mit den Themenfeldern Demokratie sowie Menschen- und Kinderrechte befassen und damit Sch\u00fclerinnen, Sch\u00fclern sowie Lehrkr\u00e4ften einen demokratischen Erfahrungsraum bieten. \u201ePh\u00e4nomene wie zunehmender Rechtspopulismus, verschiedene Formen von Extremismus [&hellip;]","og_url":"https:\/\/radioleinewelle.de\/index.php\/2021\/01\/19\/niedersachsen-zeichnet-herausragende-lernorte-der-demokratiebildung-aus\/","og_site_name":"Radio Leinewelle","article_publisher":"https:\/\/www.facebook.com\/radioleinewelle","article_author":"https:\/\/www.facebook.com\/radioleinewelle","article_published_time":"2021-01-19T04:10:00+00:00","author":"Leinewelle","twitter_card":"summary_large_image","twitter_creator":"@https:\/\/twitter.com\/RLeinewelle?ref_src=twsrcgoogletwcampserptwgrauthor","twitter_site":"@RLeinewelle","twitter_misc":{"Verfasst von":"Leinewelle","Gesch\u00e4tzte Lesezeit":"6\u00a0Minuten"},"schema":{"@context":"https:\/\/schema.org","@graph":[{"@type":"Article","@id":"https:\/\/radioleinewelle.de\/index.php\/2021\/01\/19\/niedersachsen-zeichnet-herausragende-lernorte-der-demokratiebildung-aus\/#article","isPartOf":{"@id":"https:\/\/radioleinewelle.de\/index.php\/2021\/01\/19\/niedersachsen-zeichnet-herausragende-lernorte-der-demokratiebildung-aus\/"},"author":{"name":"Leinewelle","@id":"https:\/\/radioleinewelle.de\/#\/schema\/person\/45606f348637df637192dc1b68399a63"},"headline":"Niedersachsen zeichnet herausragende \u201eLernorte der Demokratiebildung\u201c aus.","datePublished":"2021-01-19T04:10:00+00:00","mainEntityOfPage":{"@id":"https:\/\/radioleinewelle.de\/index.php\/2021\/01\/19\/niedersachsen-zeichnet-herausragende-lernorte-der-demokratiebildung-aus\/"},"wordCount":1201,"publisher":{"@id":"https:\/\/radioleinewelle.de\/#organization"},"articleSection":["Gesellschaft"],"inLanguage":"de"},{"@type":"WebPage","@id":"https:\/\/radioleinewelle.de\/index.php\/2021\/01\/19\/niedersachsen-zeichnet-herausragende-lernorte-der-demokratiebildung-aus\/","url":"https:\/\/radioleinewelle.de\/index.php\/2021\/01\/19\/niedersachsen-zeichnet-herausragende-lernorte-der-demokratiebildung-aus\/","name":"Niedersachsen zeichnet herausragende \u201eLernorte der Demokratiebildung\u201c aus. - Radio Leinewelle","isPartOf":{"@id":"https:\/\/radioleinewelle.de\/#website"},"datePublished":"2021-01-19T04:10:00+00:00","breadcrumb":{"@id":"https:\/\/radioleinewelle.de\/index.php\/2021\/01\/19\/niedersachsen-zeichnet-herausragende-lernorte-der-demokratiebildung-aus\/#breadcrumb"},"inLanguage":"de","potentialAction":[{"@type":"ReadAction","target":["https:\/\/radioleinewelle.de\/index.php\/2021\/01\/19\/niedersachsen-zeichnet-herausragende-lernorte-der-demokratiebildung-aus\/"]}]},{"@type":"BreadcrumbList","@id":"https:\/\/radioleinewelle.de\/index.php\/2021\/01\/19\/niedersachsen-zeichnet-herausragende-lernorte-der-demokratiebildung-aus\/#breadcrumb","itemListElement":[{"@type":"ListItem","position":1,"name":"Startseite","item":"https:\/\/radioleinewelle.de\/"},{"@type":"ListItem","position":2,"name":"Niedersachsen zeichnet herausragende \u201eLernorte der Demokratiebildung\u201c aus."}]},{"@type":"WebSite","@id":"https:\/\/radioleinewelle.de\/#website","url":"https:\/\/radioleinewelle.de\/","name":"Radio Leinewelle","description":"","publisher":{"@id":"https:\/\/radioleinewelle.de\/#organization"},"potentialAction":[{"@type":"SearchAction","target":{"@type":"EntryPoint","urlTemplate":"https:\/\/radioleinewelle.de\/?s={search_term_string}"},"query-input":{"@type":"PropertyValueSpecification","valueRequired":true,"valueName":"search_term_string"}}],"inLanguage":"de"},{"@type":"Organization","@id":"https:\/\/radioleinewelle.de\/#organization","name":"Radio Leinewelle","alternateName":"Mein Radio f\u00fcr S\u00fcdniedersachsen","url":"https:\/\/radioleinewelle.de\/","logo":{"@type":"ImageObject","inLanguage":"de","@id":"https:\/\/radioleinewelle.de\/#\/schema\/logo\/image\/","url":"https:\/\/radioleinewelle.de\/wp-content\/uploads\/2023\/11\/cropped-Leinewelle_Logo_weiss.png","contentUrl":"https:\/\/radioleinewelle.de\/wp-content\/uploads\/2023\/11\/cropped-Leinewelle_Logo_weiss.png","width":854,"height":260,"caption":"Radio Leinewelle"},"image":{"@id":"https:\/\/radioleinewelle.de\/#\/schema\/logo\/image\/"},"sameAs":["https:\/\/www.facebook.com\/radioleinewelle","https:\/\/x.com\/RLeinewelle","https:\/\/www.instagram.com\/radioleinewelle\/?hl=de"]},{"@type":"Person","@id":"https:\/\/radioleinewelle.de\/#\/schema\/person\/45606f348637df637192dc1b68399a63","name":"Leinewelle","image":{"@type":"ImageObject","inLanguage":"de","@id":"https:\/\/secure.gravatar.com\/avatar\/05c9a17bc973052ee5d91549bd32fb4dd0dc85b7b85ae94b2e2b4943476bbea5?s=96&d=blank&r=g","url":"https:\/\/secure.gravatar.com\/avatar\/05c9a17bc973052ee5d91549bd32fb4dd0dc85b7b85ae94b2e2b4943476bbea5?s=96&d=blank&r=g","contentUrl":"https:\/\/secure.gravatar.com\/avatar\/05c9a17bc973052ee5d91549bd32fb4dd0dc85b7b85ae94b2e2b4943476bbea5?s=96&d=blank&r=g","caption":"Leinewelle"},"sameAs":["http:\/\/localhost\/radio%20leinewelle\/wordpress","https:\/\/www.facebook.com\/radioleinewelle","https:\/\/www.instagram.com\/radioleinewelle","https:\/\/x.com\/https:\/\/twitter.com\/RLeinewelle?ref_src=twsrcgoogletwcampserptwgrauthor","https:\/\/soundcloud.com\/foerderverein-lokalradio?utm_source=clipboard&utm_medium=text&utm_campaign=social_sharing"],"url":"https:\/\/radioleinewelle.de\/index.php\/author\/leinewelle\/"}]}},"_links":{"self":[{"href":"https:\/\/radioleinewelle.de\/index.php\/wp-json\/wp\/v2\/posts\/4236","targetHints":{"allow":["GET"]}}],"collection":[{"href":"https:\/\/radioleinewelle.de\/index.php\/wp-json\/wp\/v2\/posts"}],"about":[{"href":"https:\/\/radioleinewelle.de\/index.php\/wp-json\/wp\/v2\/types\/post"}],"author":[{"embeddable":true,"href":"https:\/\/radioleinewelle.de\/index.php\/wp-json\/wp\/v2\/users\/1"}],"replies":[{"embeddable":true,"href":"https:\/\/radioleinewelle.de\/index.php\/wp-json\/wp\/v2\/comments?post=4236"}],"version-history":[{"count":0,"href":"https:\/\/radioleinewelle.de\/index.php\/wp-json\/wp\/v2\/posts\/4236\/revisions"}],"wp:attachment":[{"href":"https:\/\/radioleinewelle.de\/index.php\/wp-json\/wp\/v2\/media?parent=4236"}],"wp:term":[{"taxonomy":"category","embeddable":true,"href":"https:\/\/radioleinewelle.de\/index.php\/wp-json\/wp\/v2\/categories?post=4236"},{"taxonomy":"post_tag","embeddable":true,"href":"https:\/\/radioleinewelle.de\/index.php\/wp-json\/wp\/v2\/tags?post=4236"}],"curies":[{"name":"wp","href":"https:\/\/api.w.org\/{rel}","templated":true}]}}