{"id":4240,"date":"2021-01-19T05:24:00","date_gmt":"2021-01-19T04:24:00","guid":{"rendered":"https:\/\/radioleinewelle.de\/?p=4240"},"modified":"2021-01-19T05:24:00","modified_gmt":"2021-01-19T04:24:00","slug":"gefluegelpest-breitet-sich-weiter-aus","status":"publish","type":"post","link":"https:\/\/radioleinewelle.de\/index.php\/2021\/01\/19\/gefluegelpest-breitet-sich-weiter-aus\/","title":{"rendered":"Gefl\u00fcgelpest breitet sich weiter aus"},"content":{"rendered":"\n<p><strong>L P D<\/strong>&nbsp;\u2013 Nach dem gro\u00dfen Seuchenzug 2016\/2017 sind Niedersachsens Gefl\u00fcgelhalter und hunderttausende Tiere nun wieder stark betroffen von der Ausbreitung der Gefl\u00fcgelpest. \u201eIn diesem Winter ist das Virus nach allen bisherigen Erkenntnissen besonders aggressiv\u201c, stellt Georg Meiners fest. Der Vorsitzende im Tierseuchen-Ausschuss des Landvolks Niedersachsen wei\u00df aber auch: \u201eDie Lage hat sich insgesamt verbessert, denn die Landwirte haben in den vergangenen Jahren sehr viel getan f\u00fcr die Sicherheit auf den H\u00f6fen.\u201c<\/p>\n\n\n\n<p>Unerl\u00e4sslich sind laut Meiners alle Ma\u00dfnahmen, die der Biosicherheit dienen. \u201eHalten sich unsere Landwirte nicht an die vorgeschriebenen Regeln, drohen mittlerweile Sanktionen\u201c, erkl\u00e4rt der Experte. \u201eDas hat vielerorts dazu gef\u00fchrt, dass die Halter besser aufpassen und Ausbr\u00fcche von Gefl\u00fcgelpest fr\u00fcher erkannt und bek\u00e4mpft werden k\u00f6nnen.\u201c Hier sei die Arbeit der Seuchen-Vorsorgegesellschaften \u00fcberaus hilfreich. F\u00fcr ein schnelles Erkennen von Verdachtsf\u00e4llen bei Gefl\u00fcgel ist eine erh\u00f6hte Wachsamkeit wichtig: Sind die Tiere teilnahmslos und schlapp und legen die H\u00fchner deutlich weniger Eier, muss sofort ein Tierarzt hinzugezogen werden.<\/p>\n\n\n\n<p>Wildenten und -g\u00e4nse k\u00f6nnen das Virus \u00fcber weite Strecken verschleppen. Bei Kontakt mit solchen Tieren kann Nutzgefl\u00fcgel erkranken \u2013 und auff\u00e4llig ist derzeit laut Georg Meiners, dass besonders h\u00e4ufig Putenmasten betroffen sind. \u201eDie St\u00e4lle sind sehr offen gebaut, dadurch hat es das Virus leichter\u201c, erl\u00e4utert der Landwirt.<\/p>\n\n\n\n<p>\u00c4hnlich gef\u00e4hrlich ist die Lage bei Mobilst\u00e4llen. Diese d\u00fcrfen w\u00e4hrend der Aufstallungspflicht nicht mehr verzogen werden. Je nach Risikolage ist es empfehlenswert, die Mobilst\u00e4lle fr\u00fchzeitig auf den Winterstellplatz zu schaffen oder sie im Fall der Aufstallungspflicht an den Hof zu holen, empfiehlt die Landwirtschaftskammer. Die Versorgungswege werden kurz gehalten und die Gefahr der Einschleppung reduziert. Auch wenn eine Reihe von gesetzlich angeordneten Ma\u00dfnahmen erst ab einer Bestandgr\u00f6\u00dfe von 1.000 Tieren verpflichtend gelten, sollten sich auch kleinere Best\u00e4nde an die Biosicherheitsma\u00dfnahmen halten.<\/p>\n\n\n\n<p>Georg Meiners erinnert daran, dass Freilandeier nach 16 Wochen Aufstallung als Ware aus Bodenhaltung deklariert werden m\u00fcssen, Bioeier hingegen nicht: \u201eDies ist f\u00fcr Verbraucher wichtig, zu wissen.\u201c&nbsp;<\/p>\n\n\n\n<p><strong>Foto:<\/strong> Landvolk Niedersachsen<\/p>\n","protected":false},"excerpt":{"rendered":"<p>L P D&nbsp;\u2013 Nach dem gro\u00dfen Seuchenzug 2016\/2017 sind Niedersachsens Gefl\u00fcgelhalter und hunderttausende Tiere nun wieder stark betroffen von der Ausbreitung der Gefl\u00fcgelpest. \u201eIn diesem Winter ist das Virus nach allen bisherigen Erkenntnissen besonders aggressiv\u201c, stellt Georg Meiners fest. Der Vorsitzende im Tierseuchen-Ausschuss des Landvolks Niedersachsen wei\u00df aber auch: \u201eDie Lage hat sich insgesamt verbessert, [&hellip;]<\/p>\n","protected":false},"author":1,"featured_media":0,"comment_status":"closed","ping_status":"closed","sticky":false,"template":"","format":"standard","meta":{"saved_in_kubio":false,"footnotes":""},"categories":[32],"tags":[],"class_list":["post-4240","post","type-post","status-publish","format-standard","hentry","category-natur-umwelt"],"yoast_head":"<!-- This site is optimized with the Yoast SEO plugin v27.5 - https:\/\/yoast.com\/product\/yoast-seo-wordpress\/ -->\n<title>Gefl\u00fcgelpest breitet sich weiter aus - Radio Leinewelle<\/title>\n<meta name=\"robots\" content=\"index, follow, max-snippet:-1, max-image-preview:large, max-video-preview:-1\" \/>\n<link rel=\"canonical\" href=\"https:\/\/radioleinewelle.de\/index.php\/2021\/01\/19\/gefluegelpest-breitet-sich-weiter-aus\/\" \/>\n<meta property=\"og:locale\" content=\"de_DE\" \/>\n<meta property=\"og:type\" content=\"article\" \/>\n<meta property=\"og:title\" content=\"Gefl\u00fcgelpest breitet sich weiter aus - Radio Leinewelle\" \/>\n<meta property=\"og:description\" content=\"L P D&nbsp;\u2013 Nach dem gro\u00dfen Seuchenzug 2016\/2017 sind Niedersachsens Gefl\u00fcgelhalter und hunderttausende Tiere nun wieder stark betroffen von der Ausbreitung der Gefl\u00fcgelpest. \u201eIn diesem Winter ist das Virus nach allen bisherigen Erkenntnissen besonders aggressiv\u201c, stellt Georg Meiners fest. Der Vorsitzende im Tierseuchen-Ausschuss des Landvolks Niedersachsen wei\u00df aber auch: \u201eDie Lage hat sich insgesamt verbessert, [&hellip;]\" \/>\n<meta property=\"og:url\" content=\"https:\/\/radioleinewelle.de\/index.php\/2021\/01\/19\/gefluegelpest-breitet-sich-weiter-aus\/\" \/>\n<meta property=\"og:site_name\" content=\"Radio Leinewelle\" \/>\n<meta property=\"article:publisher\" content=\"https:\/\/www.facebook.com\/radioleinewelle\" \/>\n<meta property=\"article:author\" content=\"https:\/\/www.facebook.com\/radioleinewelle\" \/>\n<meta property=\"article:published_time\" content=\"2021-01-19T04:24:00+00:00\" \/>\n<meta name=\"author\" content=\"Leinewelle\" \/>\n<meta name=\"twitter:card\" content=\"summary_large_image\" \/>\n<meta name=\"twitter:creator\" content=\"@https:\/\/twitter.com\/RLeinewelle?ref_src=twsrcgoogletwcampserptwgrauthor\" \/>\n<meta name=\"twitter:site\" content=\"@RLeinewelle\" \/>\n<meta name=\"twitter:label1\" content=\"Verfasst von\" \/>\n\t<meta name=\"twitter:data1\" content=\"Leinewelle\" \/>\n\t<meta name=\"twitter:label2\" content=\"Gesch\u00e4tzte Lesezeit\" \/>\n\t<meta name=\"twitter:data2\" content=\"2\u00a0Minuten\" \/>\n<script type=\"application\/ld+json\" class=\"yoast-schema-graph\">{\"@context\":\"https:\\\/\\\/schema.org\",\"@graph\":[{\"@type\":\"Article\",\"@id\":\"https:\\\/\\\/radioleinewelle.de\\\/index.php\\\/2021\\\/01\\\/19\\\/gefluegelpest-breitet-sich-weiter-aus\\\/#article\",\"isPartOf\":{\"@id\":\"https:\\\/\\\/radioleinewelle.de\\\/index.php\\\/2021\\\/01\\\/19\\\/gefluegelpest-breitet-sich-weiter-aus\\\/\"},\"author\":{\"name\":\"Leinewelle\",\"@id\":\"https:\\\/\\\/radioleinewelle.de\\\/#\\\/schema\\\/person\\\/45606f348637df637192dc1b68399a63\"},\"headline\":\"Gefl\u00fcgelpest breitet sich weiter aus\",\"datePublished\":\"2021-01-19T04:24:00+00:00\",\"mainEntityOfPage\":{\"@id\":\"https:\\\/\\\/radioleinewelle.de\\\/index.php\\\/2021\\\/01\\\/19\\\/gefluegelpest-breitet-sich-weiter-aus\\\/\"},\"wordCount\":357,\"publisher\":{\"@id\":\"https:\\\/\\\/radioleinewelle.de\\\/#organization\"},\"articleSection\":[\"Natur &amp; Umwelt\"],\"inLanguage\":\"de\"},{\"@type\":\"WebPage\",\"@id\":\"https:\\\/\\\/radioleinewelle.de\\\/index.php\\\/2021\\\/01\\\/19\\\/gefluegelpest-breitet-sich-weiter-aus\\\/\",\"url\":\"https:\\\/\\\/radioleinewelle.de\\\/index.php\\\/2021\\\/01\\\/19\\\/gefluegelpest-breitet-sich-weiter-aus\\\/\",\"name\":\"Gefl\u00fcgelpest breitet sich weiter aus - Radio Leinewelle\",\"isPartOf\":{\"@id\":\"https:\\\/\\\/radioleinewelle.de\\\/#website\"},\"datePublished\":\"2021-01-19T04:24:00+00:00\",\"breadcrumb\":{\"@id\":\"https:\\\/\\\/radioleinewelle.de\\\/index.php\\\/2021\\\/01\\\/19\\\/gefluegelpest-breitet-sich-weiter-aus\\\/#breadcrumb\"},\"inLanguage\":\"de\",\"potentialAction\":[{\"@type\":\"ReadAction\",\"target\":[\"https:\\\/\\\/radioleinewelle.de\\\/index.php\\\/2021\\\/01\\\/19\\\/gefluegelpest-breitet-sich-weiter-aus\\\/\"]}]},{\"@type\":\"BreadcrumbList\",\"@id\":\"https:\\\/\\\/radioleinewelle.de\\\/index.php\\\/2021\\\/01\\\/19\\\/gefluegelpest-breitet-sich-weiter-aus\\\/#breadcrumb\",\"itemListElement\":[{\"@type\":\"ListItem\",\"position\":1,\"name\":\"Startseite\",\"item\":\"https:\\\/\\\/radioleinewelle.de\\\/\"},{\"@type\":\"ListItem\",\"position\":2,\"name\":\"Gefl\u00fcgelpest breitet sich weiter aus\"}]},{\"@type\":\"WebSite\",\"@id\":\"https:\\\/\\\/radioleinewelle.de\\\/#website\",\"url\":\"https:\\\/\\\/radioleinewelle.de\\\/\",\"name\":\"Radio Leinewelle\",\"description\":\"\",\"publisher\":{\"@id\":\"https:\\\/\\\/radioleinewelle.de\\\/#organization\"},\"potentialAction\":[{\"@type\":\"SearchAction\",\"target\":{\"@type\":\"EntryPoint\",\"urlTemplate\":\"https:\\\/\\\/radioleinewelle.de\\\/?s={search_term_string}\"},\"query-input\":{\"@type\":\"PropertyValueSpecification\",\"valueRequired\":true,\"valueName\":\"search_term_string\"}}],\"inLanguage\":\"de\"},{\"@type\":\"Organization\",\"@id\":\"https:\\\/\\\/radioleinewelle.de\\\/#organization\",\"name\":\"Radio Leinewelle\",\"alternateName\":\"Mein Radio f\u00fcr S\u00fcdniedersachsen\",\"url\":\"https:\\\/\\\/radioleinewelle.de\\\/\",\"logo\":{\"@type\":\"ImageObject\",\"inLanguage\":\"de\",\"@id\":\"https:\\\/\\\/radioleinewelle.de\\\/#\\\/schema\\\/logo\\\/image\\\/\",\"url\":\"https:\\\/\\\/radioleinewelle.de\\\/wp-content\\\/uploads\\\/2023\\\/11\\\/cropped-Leinewelle_Logo_weiss.png\",\"contentUrl\":\"https:\\\/\\\/radioleinewelle.de\\\/wp-content\\\/uploads\\\/2023\\\/11\\\/cropped-Leinewelle_Logo_weiss.png\",\"width\":854,\"height\":260,\"caption\":\"Radio Leinewelle\"},\"image\":{\"@id\":\"https:\\\/\\\/radioleinewelle.de\\\/#\\\/schema\\\/logo\\\/image\\\/\"},\"sameAs\":[\"https:\\\/\\\/www.facebook.com\\\/radioleinewelle\",\"https:\\\/\\\/x.com\\\/RLeinewelle\",\"https:\\\/\\\/www.instagram.com\\\/radioleinewelle\\\/?hl=de\"]},{\"@type\":\"Person\",\"@id\":\"https:\\\/\\\/radioleinewelle.de\\\/#\\\/schema\\\/person\\\/45606f348637df637192dc1b68399a63\",\"name\":\"Leinewelle\",\"image\":{\"@type\":\"ImageObject\",\"inLanguage\":\"de\",\"@id\":\"https:\\\/\\\/secure.gravatar.com\\\/avatar\\\/05c9a17bc973052ee5d91549bd32fb4dd0dc85b7b85ae94b2e2b4943476bbea5?s=96&d=blank&r=g\",\"url\":\"https:\\\/\\\/secure.gravatar.com\\\/avatar\\\/05c9a17bc973052ee5d91549bd32fb4dd0dc85b7b85ae94b2e2b4943476bbea5?s=96&d=blank&r=g\",\"contentUrl\":\"https:\\\/\\\/secure.gravatar.com\\\/avatar\\\/05c9a17bc973052ee5d91549bd32fb4dd0dc85b7b85ae94b2e2b4943476bbea5?s=96&d=blank&r=g\",\"caption\":\"Leinewelle\"},\"sameAs\":[\"http:\\\/\\\/localhost\\\/radio%20leinewelle\\\/wordpress\",\"https:\\\/\\\/www.facebook.com\\\/radioleinewelle\",\"https:\\\/\\\/www.instagram.com\\\/radioleinewelle\",\"https:\\\/\\\/x.com\\\/https:\\\/\\\/twitter.com\\\/RLeinewelle?ref_src=twsrcgoogletwcampserptwgrauthor\",\"https:\\\/\\\/soundcloud.com\\\/foerderverein-lokalradio?utm_source=clipboard&utm_medium=text&utm_campaign=social_sharing\"],\"url\":\"https:\\\/\\\/radioleinewelle.de\\\/index.php\\\/author\\\/leinewelle\\\/\"}]}<\/script>\n<!-- \/ Yoast SEO plugin. -->","yoast_head_json":{"title":"Gefl\u00fcgelpest breitet sich weiter aus - Radio Leinewelle","robots":{"index":"index","follow":"follow","max-snippet":"max-snippet:-1","max-image-preview":"max-image-preview:large","max-video-preview":"max-video-preview:-1"},"canonical":"https:\/\/radioleinewelle.de\/index.php\/2021\/01\/19\/gefluegelpest-breitet-sich-weiter-aus\/","og_locale":"de_DE","og_type":"article","og_title":"Gefl\u00fcgelpest breitet sich weiter aus - Radio Leinewelle","og_description":"L P D&nbsp;\u2013 Nach dem gro\u00dfen Seuchenzug 2016\/2017 sind Niedersachsens Gefl\u00fcgelhalter und hunderttausende Tiere nun wieder stark betroffen von der Ausbreitung der Gefl\u00fcgelpest. \u201eIn diesem Winter ist das Virus nach allen bisherigen Erkenntnissen besonders aggressiv\u201c, stellt Georg Meiners fest. Der Vorsitzende im Tierseuchen-Ausschuss des Landvolks Niedersachsen wei\u00df aber auch: \u201eDie Lage hat sich insgesamt verbessert, [&hellip;]","og_url":"https:\/\/radioleinewelle.de\/index.php\/2021\/01\/19\/gefluegelpest-breitet-sich-weiter-aus\/","og_site_name":"Radio Leinewelle","article_publisher":"https:\/\/www.facebook.com\/radioleinewelle","article_author":"https:\/\/www.facebook.com\/radioleinewelle","article_published_time":"2021-01-19T04:24:00+00:00","author":"Leinewelle","twitter_card":"summary_large_image","twitter_creator":"@https:\/\/twitter.com\/RLeinewelle?ref_src=twsrcgoogletwcampserptwgrauthor","twitter_site":"@RLeinewelle","twitter_misc":{"Verfasst von":"Leinewelle","Gesch\u00e4tzte Lesezeit":"2\u00a0Minuten"},"schema":{"@context":"https:\/\/schema.org","@graph":[{"@type":"Article","@id":"https:\/\/radioleinewelle.de\/index.php\/2021\/01\/19\/gefluegelpest-breitet-sich-weiter-aus\/#article","isPartOf":{"@id":"https:\/\/radioleinewelle.de\/index.php\/2021\/01\/19\/gefluegelpest-breitet-sich-weiter-aus\/"},"author":{"name":"Leinewelle","@id":"https:\/\/radioleinewelle.de\/#\/schema\/person\/45606f348637df637192dc1b68399a63"},"headline":"Gefl\u00fcgelpest breitet sich weiter aus","datePublished":"2021-01-19T04:24:00+00:00","mainEntityOfPage":{"@id":"https:\/\/radioleinewelle.de\/index.php\/2021\/01\/19\/gefluegelpest-breitet-sich-weiter-aus\/"},"wordCount":357,"publisher":{"@id":"https:\/\/radioleinewelle.de\/#organization"},"articleSection":["Natur &amp; Umwelt"],"inLanguage":"de"},{"@type":"WebPage","@id":"https:\/\/radioleinewelle.de\/index.php\/2021\/01\/19\/gefluegelpest-breitet-sich-weiter-aus\/","url":"https:\/\/radioleinewelle.de\/index.php\/2021\/01\/19\/gefluegelpest-breitet-sich-weiter-aus\/","name":"Gefl\u00fcgelpest breitet sich weiter aus - Radio Leinewelle","isPartOf":{"@id":"https:\/\/radioleinewelle.de\/#website"},"datePublished":"2021-01-19T04:24:00+00:00","breadcrumb":{"@id":"https:\/\/radioleinewelle.de\/index.php\/2021\/01\/19\/gefluegelpest-breitet-sich-weiter-aus\/#breadcrumb"},"inLanguage":"de","potentialAction":[{"@type":"ReadAction","target":["https:\/\/radioleinewelle.de\/index.php\/2021\/01\/19\/gefluegelpest-breitet-sich-weiter-aus\/"]}]},{"@type":"BreadcrumbList","@id":"https:\/\/radioleinewelle.de\/index.php\/2021\/01\/19\/gefluegelpest-breitet-sich-weiter-aus\/#breadcrumb","itemListElement":[{"@type":"ListItem","position":1,"name":"Startseite","item":"https:\/\/radioleinewelle.de\/"},{"@type":"ListItem","position":2,"name":"Gefl\u00fcgelpest breitet sich weiter aus"}]},{"@type":"WebSite","@id":"https:\/\/radioleinewelle.de\/#website","url":"https:\/\/radioleinewelle.de\/","name":"Radio Leinewelle","description":"","publisher":{"@id":"https:\/\/radioleinewelle.de\/#organization"},"potentialAction":[{"@type":"SearchAction","target":{"@type":"EntryPoint","urlTemplate":"https:\/\/radioleinewelle.de\/?s={search_term_string}"},"query-input":{"@type":"PropertyValueSpecification","valueRequired":true,"valueName":"search_term_string"}}],"inLanguage":"de"},{"@type":"Organization","@id":"https:\/\/radioleinewelle.de\/#organization","name":"Radio Leinewelle","alternateName":"Mein Radio f\u00fcr S\u00fcdniedersachsen","url":"https:\/\/radioleinewelle.de\/","logo":{"@type":"ImageObject","inLanguage":"de","@id":"https:\/\/radioleinewelle.de\/#\/schema\/logo\/image\/","url":"https:\/\/radioleinewelle.de\/wp-content\/uploads\/2023\/11\/cropped-Leinewelle_Logo_weiss.png","contentUrl":"https:\/\/radioleinewelle.de\/wp-content\/uploads\/2023\/11\/cropped-Leinewelle_Logo_weiss.png","width":854,"height":260,"caption":"Radio Leinewelle"},"image":{"@id":"https:\/\/radioleinewelle.de\/#\/schema\/logo\/image\/"},"sameAs":["https:\/\/www.facebook.com\/radioleinewelle","https:\/\/x.com\/RLeinewelle","https:\/\/www.instagram.com\/radioleinewelle\/?hl=de"]},{"@type":"Person","@id":"https:\/\/radioleinewelle.de\/#\/schema\/person\/45606f348637df637192dc1b68399a63","name":"Leinewelle","image":{"@type":"ImageObject","inLanguage":"de","@id":"https:\/\/secure.gravatar.com\/avatar\/05c9a17bc973052ee5d91549bd32fb4dd0dc85b7b85ae94b2e2b4943476bbea5?s=96&d=blank&r=g","url":"https:\/\/secure.gravatar.com\/avatar\/05c9a17bc973052ee5d91549bd32fb4dd0dc85b7b85ae94b2e2b4943476bbea5?s=96&d=blank&r=g","contentUrl":"https:\/\/secure.gravatar.com\/avatar\/05c9a17bc973052ee5d91549bd32fb4dd0dc85b7b85ae94b2e2b4943476bbea5?s=96&d=blank&r=g","caption":"Leinewelle"},"sameAs":["http:\/\/localhost\/radio%20leinewelle\/wordpress","https:\/\/www.facebook.com\/radioleinewelle","https:\/\/www.instagram.com\/radioleinewelle","https:\/\/x.com\/https:\/\/twitter.com\/RLeinewelle?ref_src=twsrcgoogletwcampserptwgrauthor","https:\/\/soundcloud.com\/foerderverein-lokalradio?utm_source=clipboard&utm_medium=text&utm_campaign=social_sharing"],"url":"https:\/\/radioleinewelle.de\/index.php\/author\/leinewelle\/"}]}},"_links":{"self":[{"href":"https:\/\/radioleinewelle.de\/index.php\/wp-json\/wp\/v2\/posts\/4240","targetHints":{"allow":["GET"]}}],"collection":[{"href":"https:\/\/radioleinewelle.de\/index.php\/wp-json\/wp\/v2\/posts"}],"about":[{"href":"https:\/\/radioleinewelle.de\/index.php\/wp-json\/wp\/v2\/types\/post"}],"author":[{"embeddable":true,"href":"https:\/\/radioleinewelle.de\/index.php\/wp-json\/wp\/v2\/users\/1"}],"replies":[{"embeddable":true,"href":"https:\/\/radioleinewelle.de\/index.php\/wp-json\/wp\/v2\/comments?post=4240"}],"version-history":[{"count":0,"href":"https:\/\/radioleinewelle.de\/index.php\/wp-json\/wp\/v2\/posts\/4240\/revisions"}],"wp:attachment":[{"href":"https:\/\/radioleinewelle.de\/index.php\/wp-json\/wp\/v2\/media?parent=4240"}],"wp:term":[{"taxonomy":"category","embeddable":true,"href":"https:\/\/radioleinewelle.de\/index.php\/wp-json\/wp\/v2\/categories?post=4240"},{"taxonomy":"post_tag","embeddable":true,"href":"https:\/\/radioleinewelle.de\/index.php\/wp-json\/wp\/v2\/tags?post=4240"}],"curies":[{"name":"wp","href":"https:\/\/api.w.org\/{rel}","templated":true}]}}