{"id":4275,"date":"2021-01-20T08:10:00","date_gmt":"2021-01-20T07:10:00","guid":{"rendered":"https:\/\/radioleinewelle.de\/?p=4275"},"modified":"2021-01-20T08:10:00","modified_gmt":"2021-01-20T07:10:00","slug":"neues-aus-dem-goettinger-kulturausschuss","status":"publish","type":"post","link":"https:\/\/radioleinewelle.de\/index.php\/2021\/01\/20\/neues-aus-dem-goettinger-kulturausschuss\/","title":{"rendered":"Neues aus dem G\u00f6ttinger Kulturausschuss"},"content":{"rendered":"\n<p>Eigentlich sollte im gestrigen Kulturausschuss \u00fcber den zuk\u00fcnftigen Standort des KAZ diskutiert werden. Da sich die Verwaltung aber noch intern weiter abstimmen muss, flog das Thema kurzerhand von der Tagesordnung. Ausf\u00fchrlich wurden dagegen drei Entw\u00fcrfe f\u00fcr die Sanierung des St\u00e4dtischen Museums vorgestellt. In den kommenden Monaten wird die Verwaltung die besten Varianten zusammenstellen und dem Rat zur Abstimmung vorlegen. Und was die B\u00fccherw\u00fcrmer unter uns freuen d\u00fcrfte: Sobald die Stadtbibliothek wieder \u00f6ffnen darf, wird sie an drei Werktagen von 10-16 Uhr und an zwei Werktagen von 13-19 Uhr \u00f6ffnen. Bis dahin bleibt noch die Onlineleihe.<\/p>\n","protected":false},"excerpt":{"rendered":"<p>Eigentlich sollte im gestrigen Kulturausschuss \u00fcber den zuk\u00fcnftigen Standort des KAZ diskutiert werden. Da sich die Verwaltung aber noch intern weiter abstimmen muss, flog das Thema kurzerhand von der Tagesordnung. Ausf\u00fchrlich wurden dagegen drei Entw\u00fcrfe f\u00fcr die Sanierung des St\u00e4dtischen Museums vorgestellt. In den kommenden Monaten wird die Verwaltung die besten Varianten zusammenstellen und dem [&hellip;]<\/p>\n","protected":false},"author":1,"featured_media":1648,"comment_status":"closed","ping_status":"closed","sticky":false,"template":"","format":"standard","meta":{"saved_in_kubio":false,"footnotes":""},"categories":[45],"tags":[],"class_list":["post-4275","post","type-post","status-publish","format-standard","has-post-thumbnail","hentry","category-kultur"],"yoast_head":"<!-- This site is optimized with the Yoast SEO plugin v27.5 - https:\/\/yoast.com\/product\/yoast-seo-wordpress\/ -->\n<title>Neues aus dem G\u00f6ttinger Kulturausschuss - Radio Leinewelle<\/title>\n<meta name=\"robots\" content=\"index, follow, max-snippet:-1, max-image-preview:large, max-video-preview:-1\" \/>\n<link rel=\"canonical\" href=\"https:\/\/radioleinewelle.de\/index.php\/2021\/01\/20\/neues-aus-dem-goettinger-kulturausschuss\/\" \/>\n<meta property=\"og:locale\" content=\"de_DE\" \/>\n<meta property=\"og:type\" content=\"article\" \/>\n<meta property=\"og:title\" content=\"Neues aus dem G\u00f6ttinger Kulturausschuss - Radio Leinewelle\" \/>\n<meta property=\"og:description\" content=\"Eigentlich sollte im gestrigen Kulturausschuss \u00fcber den zuk\u00fcnftigen Standort des KAZ diskutiert werden. Da sich die Verwaltung aber noch intern weiter abstimmen muss, flog das Thema kurzerhand von der Tagesordnung. Ausf\u00fchrlich wurden dagegen drei Entw\u00fcrfe f\u00fcr die Sanierung des St\u00e4dtischen Museums vorgestellt. In den kommenden Monaten wird die Verwaltung die besten Varianten zusammenstellen und dem [&hellip;]\" \/>\n<meta property=\"og:url\" content=\"https:\/\/radioleinewelle.de\/index.php\/2021\/01\/20\/neues-aus-dem-goettinger-kulturausschuss\/\" \/>\n<meta property=\"og:site_name\" content=\"Radio Leinewelle\" \/>\n<meta property=\"article:publisher\" content=\"https:\/\/www.facebook.com\/radioleinewelle\" \/>\n<meta property=\"article:author\" content=\"https:\/\/www.facebook.com\/radioleinewelle\" \/>\n<meta property=\"article:published_time\" content=\"2021-01-20T07:10:00+00:00\" \/>\n<meta property=\"og:image\" content=\"https:\/\/radioleinewelle.de\/wp-content\/uploads\/2020\/09\/Rathaus-e1600119510700.jpg\" \/>\n\t<meta property=\"og:image:width\" content=\"300\" \/>\n\t<meta property=\"og:image:height\" content=\"269\" \/>\n\t<meta property=\"og:image:type\" content=\"image\/jpeg\" \/>\n<meta name=\"author\" content=\"Leinewelle\" \/>\n<meta name=\"twitter:card\" content=\"summary_large_image\" \/>\n<meta name=\"twitter:creator\" content=\"@https:\/\/twitter.com\/RLeinewelle?ref_src=twsrcgoogletwcampserptwgrauthor\" \/>\n<meta name=\"twitter:site\" content=\"@RLeinewelle\" \/>\n<meta name=\"twitter:label1\" content=\"Verfasst von\" \/>\n\t<meta name=\"twitter:data1\" content=\"Leinewelle\" \/>\n\t<meta name=\"twitter:label2\" content=\"Gesch\u00e4tzte Lesezeit\" \/>\n\t<meta name=\"twitter:data2\" content=\"1\u00a0Minute\" \/>\n<script type=\"application\/ld+json\" class=\"yoast-schema-graph\">{\"@context\":\"https:\\\/\\\/schema.org\",\"@graph\":[{\"@type\":\"Article\",\"@id\":\"https:\\\/\\\/radioleinewelle.de\\\/index.php\\\/2021\\\/01\\\/20\\\/neues-aus-dem-goettinger-kulturausschuss\\\/#article\",\"isPartOf\":{\"@id\":\"https:\\\/\\\/radioleinewelle.de\\\/index.php\\\/2021\\\/01\\\/20\\\/neues-aus-dem-goettinger-kulturausschuss\\\/\"},\"author\":{\"name\":\"Leinewelle\",\"@id\":\"https:\\\/\\\/radioleinewelle.de\\\/#\\\/schema\\\/person\\\/45606f348637df637192dc1b68399a63\"},\"headline\":\"Neues aus dem G\u00f6ttinger Kulturausschuss\",\"datePublished\":\"2021-01-20T07:10:00+00:00\",\"mainEntityOfPage\":{\"@id\":\"https:\\\/\\\/radioleinewelle.de\\\/index.php\\\/2021\\\/01\\\/20\\\/neues-aus-dem-goettinger-kulturausschuss\\\/\"},\"wordCount\":109,\"publisher\":{\"@id\":\"https:\\\/\\\/radioleinewelle.de\\\/#organization\"},\"image\":{\"@id\":\"https:\\\/\\\/radioleinewelle.de\\\/index.php\\\/2021\\\/01\\\/20\\\/neues-aus-dem-goettinger-kulturausschuss\\\/#primaryimage\"},\"thumbnailUrl\":\"https:\\\/\\\/radioleinewelle.de\\\/wp-content\\\/uploads\\\/2020\\\/09\\\/Rathaus-e1600119510700.jpg\",\"articleSection\":[\"Kultur\"],\"inLanguage\":\"de\"},{\"@type\":\"WebPage\",\"@id\":\"https:\\\/\\\/radioleinewelle.de\\\/index.php\\\/2021\\\/01\\\/20\\\/neues-aus-dem-goettinger-kulturausschuss\\\/\",\"url\":\"https:\\\/\\\/radioleinewelle.de\\\/index.php\\\/2021\\\/01\\\/20\\\/neues-aus-dem-goettinger-kulturausschuss\\\/\",\"name\":\"Neues aus dem G\u00f6ttinger Kulturausschuss - Radio Leinewelle\",\"isPartOf\":{\"@id\":\"https:\\\/\\\/radioleinewelle.de\\\/#website\"},\"primaryImageOfPage\":{\"@id\":\"https:\\\/\\\/radioleinewelle.de\\\/index.php\\\/2021\\\/01\\\/20\\\/neues-aus-dem-goettinger-kulturausschuss\\\/#primaryimage\"},\"image\":{\"@id\":\"https:\\\/\\\/radioleinewelle.de\\\/index.php\\\/2021\\\/01\\\/20\\\/neues-aus-dem-goettinger-kulturausschuss\\\/#primaryimage\"},\"thumbnailUrl\":\"https:\\\/\\\/radioleinewelle.de\\\/wp-content\\\/uploads\\\/2020\\\/09\\\/Rathaus-e1600119510700.jpg\",\"datePublished\":\"2021-01-20T07:10:00+00:00\",\"breadcrumb\":{\"@id\":\"https:\\\/\\\/radioleinewelle.de\\\/index.php\\\/2021\\\/01\\\/20\\\/neues-aus-dem-goettinger-kulturausschuss\\\/#breadcrumb\"},\"inLanguage\":\"de\",\"potentialAction\":[{\"@type\":\"ReadAction\",\"target\":[\"https:\\\/\\\/radioleinewelle.de\\\/index.php\\\/2021\\\/01\\\/20\\\/neues-aus-dem-goettinger-kulturausschuss\\\/\"]}]},{\"@type\":\"ImageObject\",\"inLanguage\":\"de\",\"@id\":\"https:\\\/\\\/radioleinewelle.de\\\/index.php\\\/2021\\\/01\\\/20\\\/neues-aus-dem-goettinger-kulturausschuss\\\/#primaryimage\",\"url\":\"https:\\\/\\\/radioleinewelle.de\\\/wp-content\\\/uploads\\\/2020\\\/09\\\/Rathaus-e1600119510700.jpg\",\"contentUrl\":\"https:\\\/\\\/radioleinewelle.de\\\/wp-content\\\/uploads\\\/2020\\\/09\\\/Rathaus-e1600119510700.jpg\",\"width\":300,\"height\":269},{\"@type\":\"BreadcrumbList\",\"@id\":\"https:\\\/\\\/radioleinewelle.de\\\/index.php\\\/2021\\\/01\\\/20\\\/neues-aus-dem-goettinger-kulturausschuss\\\/#breadcrumb\",\"itemListElement\":[{\"@type\":\"ListItem\",\"position\":1,\"name\":\"Startseite\",\"item\":\"https:\\\/\\\/radioleinewelle.de\\\/\"},{\"@type\":\"ListItem\",\"position\":2,\"name\":\"Neues aus dem G\u00f6ttinger Kulturausschuss\"}]},{\"@type\":\"WebSite\",\"@id\":\"https:\\\/\\\/radioleinewelle.de\\\/#website\",\"url\":\"https:\\\/\\\/radioleinewelle.de\\\/\",\"name\":\"Radio Leinewelle\",\"description\":\"\",\"publisher\":{\"@id\":\"https:\\\/\\\/radioleinewelle.de\\\/#organization\"},\"potentialAction\":[{\"@type\":\"SearchAction\",\"target\":{\"@type\":\"EntryPoint\",\"urlTemplate\":\"https:\\\/\\\/radioleinewelle.de\\\/?s={search_term_string}\"},\"query-input\":{\"@type\":\"PropertyValueSpecification\",\"valueRequired\":true,\"valueName\":\"search_term_string\"}}],\"inLanguage\":\"de\"},{\"@type\":\"Organization\",\"@id\":\"https:\\\/\\\/radioleinewelle.de\\\/#organization\",\"name\":\"Radio Leinewelle\",\"alternateName\":\"Mein Radio f\u00fcr S\u00fcdniedersachsen\",\"url\":\"https:\\\/\\\/radioleinewelle.de\\\/\",\"logo\":{\"@type\":\"ImageObject\",\"inLanguage\":\"de\",\"@id\":\"https:\\\/\\\/radioleinewelle.de\\\/#\\\/schema\\\/logo\\\/image\\\/\",\"url\":\"https:\\\/\\\/radioleinewelle.de\\\/wp-content\\\/uploads\\\/2023\\\/11\\\/cropped-Leinewelle_Logo_weiss.png\",\"contentUrl\":\"https:\\\/\\\/radioleinewelle.de\\\/wp-content\\\/uploads\\\/2023\\\/11\\\/cropped-Leinewelle_Logo_weiss.png\",\"width\":854,\"height\":260,\"caption\":\"Radio Leinewelle\"},\"image\":{\"@id\":\"https:\\\/\\\/radioleinewelle.de\\\/#\\\/schema\\\/logo\\\/image\\\/\"},\"sameAs\":[\"https:\\\/\\\/www.facebook.com\\\/radioleinewelle\",\"https:\\\/\\\/x.com\\\/RLeinewelle\",\"https:\\\/\\\/www.instagram.com\\\/radioleinewelle\\\/?hl=de\"]},{\"@type\":\"Person\",\"@id\":\"https:\\\/\\\/radioleinewelle.de\\\/#\\\/schema\\\/person\\\/45606f348637df637192dc1b68399a63\",\"name\":\"Leinewelle\",\"image\":{\"@type\":\"ImageObject\",\"inLanguage\":\"de\",\"@id\":\"https:\\\/\\\/secure.gravatar.com\\\/avatar\\\/05c9a17bc973052ee5d91549bd32fb4dd0dc85b7b85ae94b2e2b4943476bbea5?s=96&d=blank&r=g\",\"url\":\"https:\\\/\\\/secure.gravatar.com\\\/avatar\\\/05c9a17bc973052ee5d91549bd32fb4dd0dc85b7b85ae94b2e2b4943476bbea5?s=96&d=blank&r=g\",\"contentUrl\":\"https:\\\/\\\/secure.gravatar.com\\\/avatar\\\/05c9a17bc973052ee5d91549bd32fb4dd0dc85b7b85ae94b2e2b4943476bbea5?s=96&d=blank&r=g\",\"caption\":\"Leinewelle\"},\"sameAs\":[\"http:\\\/\\\/localhost\\\/radio%20leinewelle\\\/wordpress\",\"https:\\\/\\\/www.facebook.com\\\/radioleinewelle\",\"https:\\\/\\\/www.instagram.com\\\/radioleinewelle\",\"https:\\\/\\\/x.com\\\/https:\\\/\\\/twitter.com\\\/RLeinewelle?ref_src=twsrcgoogletwcampserptwgrauthor\",\"https:\\\/\\\/soundcloud.com\\\/foerderverein-lokalradio?utm_source=clipboard&utm_medium=text&utm_campaign=social_sharing\"],\"url\":\"https:\\\/\\\/radioleinewelle.de\\\/index.php\\\/author\\\/leinewelle\\\/\"}]}<\/script>\n<!-- \/ Yoast SEO plugin. -->","yoast_head_json":{"title":"Neues aus dem G\u00f6ttinger Kulturausschuss - Radio Leinewelle","robots":{"index":"index","follow":"follow","max-snippet":"max-snippet:-1","max-image-preview":"max-image-preview:large","max-video-preview":"max-video-preview:-1"},"canonical":"https:\/\/radioleinewelle.de\/index.php\/2021\/01\/20\/neues-aus-dem-goettinger-kulturausschuss\/","og_locale":"de_DE","og_type":"article","og_title":"Neues aus dem G\u00f6ttinger Kulturausschuss - Radio Leinewelle","og_description":"Eigentlich sollte im gestrigen Kulturausschuss \u00fcber den zuk\u00fcnftigen Standort des KAZ diskutiert werden. Da sich die Verwaltung aber noch intern weiter abstimmen muss, flog das Thema kurzerhand von der Tagesordnung. Ausf\u00fchrlich wurden dagegen drei Entw\u00fcrfe f\u00fcr die Sanierung des St\u00e4dtischen Museums vorgestellt. In den kommenden Monaten wird die Verwaltung die besten Varianten zusammenstellen und dem [&hellip;]","og_url":"https:\/\/radioleinewelle.de\/index.php\/2021\/01\/20\/neues-aus-dem-goettinger-kulturausschuss\/","og_site_name":"Radio Leinewelle","article_publisher":"https:\/\/www.facebook.com\/radioleinewelle","article_author":"https:\/\/www.facebook.com\/radioleinewelle","article_published_time":"2021-01-20T07:10:00+00:00","og_image":[{"width":300,"height":269,"url":"https:\/\/radioleinewelle.de\/wp-content\/uploads\/2020\/09\/Rathaus-e1600119510700.jpg","type":"image\/jpeg"}],"author":"Leinewelle","twitter_card":"summary_large_image","twitter_creator":"@https:\/\/twitter.com\/RLeinewelle?ref_src=twsrcgoogletwcampserptwgrauthor","twitter_site":"@RLeinewelle","twitter_misc":{"Verfasst von":"Leinewelle","Gesch\u00e4tzte Lesezeit":"1\u00a0Minute"},"schema":{"@context":"https:\/\/schema.org","@graph":[{"@type":"Article","@id":"https:\/\/radioleinewelle.de\/index.php\/2021\/01\/20\/neues-aus-dem-goettinger-kulturausschuss\/#article","isPartOf":{"@id":"https:\/\/radioleinewelle.de\/index.php\/2021\/01\/20\/neues-aus-dem-goettinger-kulturausschuss\/"},"author":{"name":"Leinewelle","@id":"https:\/\/radioleinewelle.de\/#\/schema\/person\/45606f348637df637192dc1b68399a63"},"headline":"Neues aus dem G\u00f6ttinger Kulturausschuss","datePublished":"2021-01-20T07:10:00+00:00","mainEntityOfPage":{"@id":"https:\/\/radioleinewelle.de\/index.php\/2021\/01\/20\/neues-aus-dem-goettinger-kulturausschuss\/"},"wordCount":109,"publisher":{"@id":"https:\/\/radioleinewelle.de\/#organization"},"image":{"@id":"https:\/\/radioleinewelle.de\/index.php\/2021\/01\/20\/neues-aus-dem-goettinger-kulturausschuss\/#primaryimage"},"thumbnailUrl":"https:\/\/radioleinewelle.de\/wp-content\/uploads\/2020\/09\/Rathaus-e1600119510700.jpg","articleSection":["Kultur"],"inLanguage":"de"},{"@type":"WebPage","@id":"https:\/\/radioleinewelle.de\/index.php\/2021\/01\/20\/neues-aus-dem-goettinger-kulturausschuss\/","url":"https:\/\/radioleinewelle.de\/index.php\/2021\/01\/20\/neues-aus-dem-goettinger-kulturausschuss\/","name":"Neues aus dem G\u00f6ttinger Kulturausschuss - Radio Leinewelle","isPartOf":{"@id":"https:\/\/radioleinewelle.de\/#website"},"primaryImageOfPage":{"@id":"https:\/\/radioleinewelle.de\/index.php\/2021\/01\/20\/neues-aus-dem-goettinger-kulturausschuss\/#primaryimage"},"image":{"@id":"https:\/\/radioleinewelle.de\/index.php\/2021\/01\/20\/neues-aus-dem-goettinger-kulturausschuss\/#primaryimage"},"thumbnailUrl":"https:\/\/radioleinewelle.de\/wp-content\/uploads\/2020\/09\/Rathaus-e1600119510700.jpg","datePublished":"2021-01-20T07:10:00+00:00","breadcrumb":{"@id":"https:\/\/radioleinewelle.de\/index.php\/2021\/01\/20\/neues-aus-dem-goettinger-kulturausschuss\/#breadcrumb"},"inLanguage":"de","potentialAction":[{"@type":"ReadAction","target":["https:\/\/radioleinewelle.de\/index.php\/2021\/01\/20\/neues-aus-dem-goettinger-kulturausschuss\/"]}]},{"@type":"ImageObject","inLanguage":"de","@id":"https:\/\/radioleinewelle.de\/index.php\/2021\/01\/20\/neues-aus-dem-goettinger-kulturausschuss\/#primaryimage","url":"https:\/\/radioleinewelle.de\/wp-content\/uploads\/2020\/09\/Rathaus-e1600119510700.jpg","contentUrl":"https:\/\/radioleinewelle.de\/wp-content\/uploads\/2020\/09\/Rathaus-e1600119510700.jpg","width":300,"height":269},{"@type":"BreadcrumbList","@id":"https:\/\/radioleinewelle.de\/index.php\/2021\/01\/20\/neues-aus-dem-goettinger-kulturausschuss\/#breadcrumb","itemListElement":[{"@type":"ListItem","position":1,"name":"Startseite","item":"https:\/\/radioleinewelle.de\/"},{"@type":"ListItem","position":2,"name":"Neues aus dem G\u00f6ttinger Kulturausschuss"}]},{"@type":"WebSite","@id":"https:\/\/radioleinewelle.de\/#website","url":"https:\/\/radioleinewelle.de\/","name":"Radio Leinewelle","description":"","publisher":{"@id":"https:\/\/radioleinewelle.de\/#organization"},"potentialAction":[{"@type":"SearchAction","target":{"@type":"EntryPoint","urlTemplate":"https:\/\/radioleinewelle.de\/?s={search_term_string}"},"query-input":{"@type":"PropertyValueSpecification","valueRequired":true,"valueName":"search_term_string"}}],"inLanguage":"de"},{"@type":"Organization","@id":"https:\/\/radioleinewelle.de\/#organization","name":"Radio Leinewelle","alternateName":"Mein Radio f\u00fcr S\u00fcdniedersachsen","url":"https:\/\/radioleinewelle.de\/","logo":{"@type":"ImageObject","inLanguage":"de","@id":"https:\/\/radioleinewelle.de\/#\/schema\/logo\/image\/","url":"https:\/\/radioleinewelle.de\/wp-content\/uploads\/2023\/11\/cropped-Leinewelle_Logo_weiss.png","contentUrl":"https:\/\/radioleinewelle.de\/wp-content\/uploads\/2023\/11\/cropped-Leinewelle_Logo_weiss.png","width":854,"height":260,"caption":"Radio Leinewelle"},"image":{"@id":"https:\/\/radioleinewelle.de\/#\/schema\/logo\/image\/"},"sameAs":["https:\/\/www.facebook.com\/radioleinewelle","https:\/\/x.com\/RLeinewelle","https:\/\/www.instagram.com\/radioleinewelle\/?hl=de"]},{"@type":"Person","@id":"https:\/\/radioleinewelle.de\/#\/schema\/person\/45606f348637df637192dc1b68399a63","name":"Leinewelle","image":{"@type":"ImageObject","inLanguage":"de","@id":"https:\/\/secure.gravatar.com\/avatar\/05c9a17bc973052ee5d91549bd32fb4dd0dc85b7b85ae94b2e2b4943476bbea5?s=96&d=blank&r=g","url":"https:\/\/secure.gravatar.com\/avatar\/05c9a17bc973052ee5d91549bd32fb4dd0dc85b7b85ae94b2e2b4943476bbea5?s=96&d=blank&r=g","contentUrl":"https:\/\/secure.gravatar.com\/avatar\/05c9a17bc973052ee5d91549bd32fb4dd0dc85b7b85ae94b2e2b4943476bbea5?s=96&d=blank&r=g","caption":"Leinewelle"},"sameAs":["http:\/\/localhost\/radio%20leinewelle\/wordpress","https:\/\/www.facebook.com\/radioleinewelle","https:\/\/www.instagram.com\/radioleinewelle","https:\/\/x.com\/https:\/\/twitter.com\/RLeinewelle?ref_src=twsrcgoogletwcampserptwgrauthor","https:\/\/soundcloud.com\/foerderverein-lokalradio?utm_source=clipboard&utm_medium=text&utm_campaign=social_sharing"],"url":"https:\/\/radioleinewelle.de\/index.php\/author\/leinewelle\/"}]}},"_links":{"self":[{"href":"https:\/\/radioleinewelle.de\/index.php\/wp-json\/wp\/v2\/posts\/4275","targetHints":{"allow":["GET"]}}],"collection":[{"href":"https:\/\/radioleinewelle.de\/index.php\/wp-json\/wp\/v2\/posts"}],"about":[{"href":"https:\/\/radioleinewelle.de\/index.php\/wp-json\/wp\/v2\/types\/post"}],"author":[{"embeddable":true,"href":"https:\/\/radioleinewelle.de\/index.php\/wp-json\/wp\/v2\/users\/1"}],"replies":[{"embeddable":true,"href":"https:\/\/radioleinewelle.de\/index.php\/wp-json\/wp\/v2\/comments?post=4275"}],"version-history":[{"count":0,"href":"https:\/\/radioleinewelle.de\/index.php\/wp-json\/wp\/v2\/posts\/4275\/revisions"}],"wp:featuredmedia":[{"embeddable":true,"href":"https:\/\/radioleinewelle.de\/index.php\/wp-json\/wp\/v2\/media\/1648"}],"wp:attachment":[{"href":"https:\/\/radioleinewelle.de\/index.php\/wp-json\/wp\/v2\/media?parent=4275"}],"wp:term":[{"taxonomy":"category","embeddable":true,"href":"https:\/\/radioleinewelle.de\/index.php\/wp-json\/wp\/v2\/categories?post=4275"},{"taxonomy":"post_tag","embeddable":true,"href":"https:\/\/radioleinewelle.de\/index.php\/wp-json\/wp\/v2\/tags?post=4275"}],"curies":[{"name":"wp","href":"https:\/\/api.w.org\/{rel}","templated":true}]}}