{"id":4304,"date":"2021-01-21T05:30:00","date_gmt":"2021-01-21T04:30:00","guid":{"rendered":"https:\/\/radioleinewelle.de\/?p=4304"},"modified":"2021-01-21T05:30:00","modified_gmt":"2021-01-21T04:30:00","slug":"regionalministerin-birgit-hone-ueberreicht-den-staedten-goslar-und-uslar-foerderbescheide-fuer-die-richtlinie-zukunftsraeume-niedersachsen","status":"publish","type":"post","link":"https:\/\/radioleinewelle.de\/index.php\/2021\/01\/21\/regionalministerin-birgit-hone-ueberreicht-den-staedten-goslar-und-uslar-foerderbescheide-fuer-die-richtlinie-zukunftsraeume-niedersachsen\/","title":{"rendered":"Regionalministerin Birgit Hon\u00e9 \u00fcberreicht den St\u00e4dten Goslar und Uslar F\u00f6rderbescheide f\u00fcr die Richtlinie \u201eZukunftsr\u00e4ume Niedersachsen\u201c"},"content":{"rendered":"\n<p>Am (heutigen) Mittwoch hat Birgit Hon\u00e9, Ministerin f\u00fcr Bundes- und Europaangelegenheiten und Regionale Entwicklung, den St\u00e4dten Goslar und Uslar in einer Videokonferenz F\u00f6rderbescheide aus der Richtlinie \u201eZukunftsr\u00e4ume Niedersachsen\u201c \u00fcberreicht. Ziel des Programms ist es, auf innovativen und kreativen Wegen die Attraktivit\u00e4t und Anziehungskraft der zentralen Klein- und Mittelst\u00e4dte in den l\u00e4ndlichen R\u00e4umen zu verbessern. Im Zuge der Corona-Pandemie hatte das Ministerium im September 2020 eine weitere F\u00f6rderrunde des Programms aufgelegt. \u201eDie Kommunen brauchen gerade jetzt unsere besondere Unterst\u00fctzung. Mit der Richtlinie bieten wir ein flexibles Instrument an, das sie dabei unterst\u00fctzt, ihre Ankerfunktion f\u00fcr die sie umgebenden l\u00e4ndlichen R\u00e4ume wahrzunehmen\u201c, sagte Regionalministerin Hon\u00e9 im Rahmen der virtuell stattfindenden Bescheid\u00fcbergabe.<\/p>\n\n\n\n<p>In einem Fl\u00e4chenland wie Niedersachsen \u00fcbern\u00e4hmen Zentrale Orte eine wichtige Versorgungsfunktion f\u00fcr die Bev\u00f6lkerung der Stadt sowie des Umlandes, so Hon\u00e9. \u201eDie Herausforderungen, vor denen die einzelnen Kommunen hierbei stehen, sind vielschichtig. Ich bin \u00fcberzeugt, dass wir diesen mit kreativen L\u00f6sungsans\u00e4tzen besser begegnen k\u00f6nnen. Gerade die Bew\u00e4ltigung der Corona-Pandemie zeigt uns, dass wir flexible Instrumente ben\u00f6tigen, um auch auf unerwartete Herausforderungen reagieren zu k\u00f6nnen.\u201c F\u00fcr den Amtsbezirk Braunschweig \u00fcberreichte Regionalministerin Birgit Hon\u00e9 zwei Projekttr\u00e4gern einen F\u00f6rderbescheid:<\/p>\n\n\n\n<p><strong>Die Stadt Uslar erh\u00e4lt 122.220 Euro f\u00fcr das Projekt \u201eCoworking Brauhaus Uslar\u201c und die Stadt Goslar erh\u00e4lt 298.704 Euro f\u00fcr das Projekt \u201eMachMit!Haus\u201c.<\/strong><\/p>\n\n\n\n<p>Birgit Hon\u00e9: \u201eDie Projekte, die heute einen F\u00f6rderbescheid erhalten, h\u00f6ren sich wirklich vielversprechend an. Gemeinsam leisten wir damit einen wichtigen Beitrag zur Steigerung der Attraktivit\u00e4t der Zentren und zur Daseinsvorsorge in den l\u00e4ndlichen R\u00e4umen in Niedersachsen. Ich w\u00fcnsche Ihnen bei der Umsetzung viel Erfolg und freue mich darauf, mir Ihre Projekte vor Ort anzusehen, sobald das Pandemie bedingt wieder m\u00f6glich ist.\u201c<\/p>\n\n\n\n<p>Mit der nunmehr dritten F\u00f6rderrunde werden im Amtsbezirk Braunschweig bisher 10 Projekte mit insgesamt \u00fcber 2 Millionen Euro \u00fcber das Programm \u201eZukunftsr\u00e4ume Niedersachsen\u201c gef\u00f6rdert. \u201eKlein- und Mittelst\u00e4dte strahlen in ihr Umland aus. Sie haben eine hohe Bedeutung f\u00fcr die Lebensqualit\u00e4t in den l\u00e4ndlichen R\u00e4umen. Das F\u00f6rderprogramm \u201eZukunftsr\u00e4ume\u201c st\u00e4rkt die Mittelzentren in dieser Funktion,\u201c betonte Dr. Ulrike Witt, Landesbeauftragte f\u00fcr regionale Landesentwicklung Braunschweig. \u201eIch freue mich sehr, dass wir heute zwei weitere Projekte der \u201eZukunftsr\u00e4ume\u201c starten k\u00f6nnen. Beide Projekte sind b\u00fcrgerorientiert und bieten neue Formen eines gemeinsamen Miteinanders an.\u201c<\/p>\n\n\n\n<p>Bild von&nbsp;<a href=\"https:\/\/pixabay.com\/de\/users\/hpgruesen-2204343\/?utm_source=link-attribution&amp;utm_medium=referral&amp;utm_campaign=image&amp;utm_content=1649729\">Erich Westendarp<\/a>&nbsp;auf&nbsp;<a href=\"https:\/\/pixabay.com\/de\/?utm_source=link-attribution&amp;utm_medium=referral&amp;utm_campaign=image&amp;utm_content=1649729\">Pixabay<\/a>&nbsp;<\/p>\n","protected":false},"excerpt":{"rendered":"<p>Am (heutigen) Mittwoch hat Birgit Hon\u00e9, Ministerin f\u00fcr Bundes- und Europaangelegenheiten und Regionale Entwicklung, den St\u00e4dten Goslar und Uslar in einer Videokonferenz F\u00f6rderbescheide aus der Richtlinie \u201eZukunftsr\u00e4ume Niedersachsen\u201c \u00fcberreicht. Ziel des Programms ist es, auf innovativen und kreativen Wegen die Attraktivit\u00e4t und Anziehungskraft der zentralen Klein- und Mittelst\u00e4dte in den l\u00e4ndlichen R\u00e4umen zu verbessern. Im [&hellip;]<\/p>\n","protected":false},"author":1,"featured_media":0,"comment_status":"closed","ping_status":"closed","sticky":false,"template":"","format":"standard","meta":{"saved_in_kubio":false,"footnotes":""},"categories":[39],"tags":[],"class_list":["post-4304","post","type-post","status-publish","format-standard","hentry","category-lokalpolitik"],"yoast_head":"<!-- This site is optimized with the Yoast SEO plugin v27.5 - https:\/\/yoast.com\/product\/yoast-seo-wordpress\/ -->\n<title>Regionalministerin Birgit Hon\u00e9 \u00fcberreicht den St\u00e4dten Goslar und Uslar F\u00f6rderbescheide f\u00fcr die Richtlinie \u201eZukunftsr\u00e4ume Niedersachsen\u201c - Radio Leinewelle<\/title>\n<meta name=\"robots\" content=\"index, follow, max-snippet:-1, max-image-preview:large, max-video-preview:-1\" \/>\n<link rel=\"canonical\" href=\"https:\/\/radioleinewelle.de\/index.php\/2021\/01\/21\/regionalministerin-birgit-hone-ueberreicht-den-staedten-goslar-und-uslar-foerderbescheide-fuer-die-richtlinie-zukunftsraeume-niedersachsen\/\" \/>\n<meta property=\"og:locale\" content=\"de_DE\" \/>\n<meta property=\"og:type\" content=\"article\" \/>\n<meta property=\"og:title\" content=\"Regionalministerin Birgit Hon\u00e9 \u00fcberreicht den St\u00e4dten Goslar und Uslar F\u00f6rderbescheide f\u00fcr die Richtlinie \u201eZukunftsr\u00e4ume Niedersachsen\u201c - Radio Leinewelle\" \/>\n<meta property=\"og:description\" content=\"Am (heutigen) Mittwoch hat Birgit Hon\u00e9, Ministerin f\u00fcr Bundes- und Europaangelegenheiten und Regionale Entwicklung, den St\u00e4dten Goslar und Uslar in einer Videokonferenz F\u00f6rderbescheide aus der Richtlinie \u201eZukunftsr\u00e4ume Niedersachsen\u201c \u00fcberreicht. Ziel des Programms ist es, auf innovativen und kreativen Wegen die Attraktivit\u00e4t und Anziehungskraft der zentralen Klein- und Mittelst\u00e4dte in den l\u00e4ndlichen R\u00e4umen zu verbessern. Im [&hellip;]\" \/>\n<meta property=\"og:url\" content=\"https:\/\/radioleinewelle.de\/index.php\/2021\/01\/21\/regionalministerin-birgit-hone-ueberreicht-den-staedten-goslar-und-uslar-foerderbescheide-fuer-die-richtlinie-zukunftsraeume-niedersachsen\/\" \/>\n<meta property=\"og:site_name\" content=\"Radio Leinewelle\" \/>\n<meta property=\"article:publisher\" content=\"https:\/\/www.facebook.com\/radioleinewelle\" \/>\n<meta property=\"article:author\" content=\"https:\/\/www.facebook.com\/radioleinewelle\" \/>\n<meta property=\"article:published_time\" content=\"2021-01-21T04:30:00+00:00\" \/>\n<meta name=\"author\" content=\"Leinewelle\" \/>\n<meta name=\"twitter:card\" content=\"summary_large_image\" \/>\n<meta name=\"twitter:creator\" content=\"@https:\/\/twitter.com\/RLeinewelle?ref_src=twsrcgoogletwcampserptwgrauthor\" \/>\n<meta name=\"twitter:site\" content=\"@RLeinewelle\" \/>\n<meta name=\"twitter:label1\" content=\"Verfasst von\" \/>\n\t<meta name=\"twitter:data1\" content=\"Leinewelle\" \/>\n\t<meta name=\"twitter:label2\" content=\"Gesch\u00e4tzte Lesezeit\" \/>\n\t<meta name=\"twitter:data2\" content=\"2\u00a0Minuten\" \/>\n<script type=\"application\/ld+json\" class=\"yoast-schema-graph\">{\"@context\":\"https:\\\/\\\/schema.org\",\"@graph\":[{\"@type\":\"Article\",\"@id\":\"https:\\\/\\\/radioleinewelle.de\\\/index.php\\\/2021\\\/01\\\/21\\\/regionalministerin-birgit-hone-ueberreicht-den-staedten-goslar-und-uslar-foerderbescheide-fuer-die-richtlinie-zukunftsraeume-niedersachsen\\\/#article\",\"isPartOf\":{\"@id\":\"https:\\\/\\\/radioleinewelle.de\\\/index.php\\\/2021\\\/01\\\/21\\\/regionalministerin-birgit-hone-ueberreicht-den-staedten-goslar-und-uslar-foerderbescheide-fuer-die-richtlinie-zukunftsraeume-niedersachsen\\\/\"},\"author\":{\"name\":\"Leinewelle\",\"@id\":\"https:\\\/\\\/radioleinewelle.de\\\/#\\\/schema\\\/person\\\/45606f348637df637192dc1b68399a63\"},\"headline\":\"Regionalministerin Birgit Hon\u00e9 \u00fcberreicht den St\u00e4dten Goslar und Uslar F\u00f6rderbescheide f\u00fcr die Richtlinie \u201eZukunftsr\u00e4ume Niedersachsen\u201c\",\"datePublished\":\"2021-01-21T04:30:00+00:00\",\"mainEntityOfPage\":{\"@id\":\"https:\\\/\\\/radioleinewelle.de\\\/index.php\\\/2021\\\/01\\\/21\\\/regionalministerin-birgit-hone-ueberreicht-den-staedten-goslar-und-uslar-foerderbescheide-fuer-die-richtlinie-zukunftsraeume-niedersachsen\\\/\"},\"wordCount\":436,\"publisher\":{\"@id\":\"https:\\\/\\\/radioleinewelle.de\\\/#organization\"},\"articleSection\":[\"Lokalpolitik\"],\"inLanguage\":\"de\"},{\"@type\":\"WebPage\",\"@id\":\"https:\\\/\\\/radioleinewelle.de\\\/index.php\\\/2021\\\/01\\\/21\\\/regionalministerin-birgit-hone-ueberreicht-den-staedten-goslar-und-uslar-foerderbescheide-fuer-die-richtlinie-zukunftsraeume-niedersachsen\\\/\",\"url\":\"https:\\\/\\\/radioleinewelle.de\\\/index.php\\\/2021\\\/01\\\/21\\\/regionalministerin-birgit-hone-ueberreicht-den-staedten-goslar-und-uslar-foerderbescheide-fuer-die-richtlinie-zukunftsraeume-niedersachsen\\\/\",\"name\":\"Regionalministerin Birgit Hon\u00e9 \u00fcberreicht den St\u00e4dten Goslar und Uslar F\u00f6rderbescheide f\u00fcr die Richtlinie \u201eZukunftsr\u00e4ume Niedersachsen\u201c - Radio Leinewelle\",\"isPartOf\":{\"@id\":\"https:\\\/\\\/radioleinewelle.de\\\/#website\"},\"datePublished\":\"2021-01-21T04:30:00+00:00\",\"breadcrumb\":{\"@id\":\"https:\\\/\\\/radioleinewelle.de\\\/index.php\\\/2021\\\/01\\\/21\\\/regionalministerin-birgit-hone-ueberreicht-den-staedten-goslar-und-uslar-foerderbescheide-fuer-die-richtlinie-zukunftsraeume-niedersachsen\\\/#breadcrumb\"},\"inLanguage\":\"de\",\"potentialAction\":[{\"@type\":\"ReadAction\",\"target\":[\"https:\\\/\\\/radioleinewelle.de\\\/index.php\\\/2021\\\/01\\\/21\\\/regionalministerin-birgit-hone-ueberreicht-den-staedten-goslar-und-uslar-foerderbescheide-fuer-die-richtlinie-zukunftsraeume-niedersachsen\\\/\"]}]},{\"@type\":\"BreadcrumbList\",\"@id\":\"https:\\\/\\\/radioleinewelle.de\\\/index.php\\\/2021\\\/01\\\/21\\\/regionalministerin-birgit-hone-ueberreicht-den-staedten-goslar-und-uslar-foerderbescheide-fuer-die-richtlinie-zukunftsraeume-niedersachsen\\\/#breadcrumb\",\"itemListElement\":[{\"@type\":\"ListItem\",\"position\":1,\"name\":\"Startseite\",\"item\":\"https:\\\/\\\/radioleinewelle.de\\\/\"},{\"@type\":\"ListItem\",\"position\":2,\"name\":\"Regionalministerin Birgit Hon\u00e9 \u00fcberreicht den St\u00e4dten Goslar und Uslar F\u00f6rderbescheide f\u00fcr die Richtlinie \u201eZukunftsr\u00e4ume Niedersachsen\u201c\"}]},{\"@type\":\"WebSite\",\"@id\":\"https:\\\/\\\/radioleinewelle.de\\\/#website\",\"url\":\"https:\\\/\\\/radioleinewelle.de\\\/\",\"name\":\"Radio Leinewelle\",\"description\":\"\",\"publisher\":{\"@id\":\"https:\\\/\\\/radioleinewelle.de\\\/#organization\"},\"potentialAction\":[{\"@type\":\"SearchAction\",\"target\":{\"@type\":\"EntryPoint\",\"urlTemplate\":\"https:\\\/\\\/radioleinewelle.de\\\/?s={search_term_string}\"},\"query-input\":{\"@type\":\"PropertyValueSpecification\",\"valueRequired\":true,\"valueName\":\"search_term_string\"}}],\"inLanguage\":\"de\"},{\"@type\":\"Organization\",\"@id\":\"https:\\\/\\\/radioleinewelle.de\\\/#organization\",\"name\":\"Radio Leinewelle\",\"alternateName\":\"Mein Radio f\u00fcr S\u00fcdniedersachsen\",\"url\":\"https:\\\/\\\/radioleinewelle.de\\\/\",\"logo\":{\"@type\":\"ImageObject\",\"inLanguage\":\"de\",\"@id\":\"https:\\\/\\\/radioleinewelle.de\\\/#\\\/schema\\\/logo\\\/image\\\/\",\"url\":\"https:\\\/\\\/radioleinewelle.de\\\/wp-content\\\/uploads\\\/2023\\\/11\\\/cropped-Leinewelle_Logo_weiss.png\",\"contentUrl\":\"https:\\\/\\\/radioleinewelle.de\\\/wp-content\\\/uploads\\\/2023\\\/11\\\/cropped-Leinewelle_Logo_weiss.png\",\"width\":854,\"height\":260,\"caption\":\"Radio Leinewelle\"},\"image\":{\"@id\":\"https:\\\/\\\/radioleinewelle.de\\\/#\\\/schema\\\/logo\\\/image\\\/\"},\"sameAs\":[\"https:\\\/\\\/www.facebook.com\\\/radioleinewelle\",\"https:\\\/\\\/x.com\\\/RLeinewelle\",\"https:\\\/\\\/www.instagram.com\\\/radioleinewelle\\\/?hl=de\"]},{\"@type\":\"Person\",\"@id\":\"https:\\\/\\\/radioleinewelle.de\\\/#\\\/schema\\\/person\\\/45606f348637df637192dc1b68399a63\",\"name\":\"Leinewelle\",\"image\":{\"@type\":\"ImageObject\",\"inLanguage\":\"de\",\"@id\":\"https:\\\/\\\/secure.gravatar.com\\\/avatar\\\/05c9a17bc973052ee5d91549bd32fb4dd0dc85b7b85ae94b2e2b4943476bbea5?s=96&d=blank&r=g\",\"url\":\"https:\\\/\\\/secure.gravatar.com\\\/avatar\\\/05c9a17bc973052ee5d91549bd32fb4dd0dc85b7b85ae94b2e2b4943476bbea5?s=96&d=blank&r=g\",\"contentUrl\":\"https:\\\/\\\/secure.gravatar.com\\\/avatar\\\/05c9a17bc973052ee5d91549bd32fb4dd0dc85b7b85ae94b2e2b4943476bbea5?s=96&d=blank&r=g\",\"caption\":\"Leinewelle\"},\"sameAs\":[\"http:\\\/\\\/localhost\\\/radio%20leinewelle\\\/wordpress\",\"https:\\\/\\\/www.facebook.com\\\/radioleinewelle\",\"https:\\\/\\\/www.instagram.com\\\/radioleinewelle\",\"https:\\\/\\\/x.com\\\/https:\\\/\\\/twitter.com\\\/RLeinewelle?ref_src=twsrcgoogletwcampserptwgrauthor\",\"https:\\\/\\\/soundcloud.com\\\/foerderverein-lokalradio?utm_source=clipboard&utm_medium=text&utm_campaign=social_sharing\"],\"url\":\"https:\\\/\\\/radioleinewelle.de\\\/index.php\\\/author\\\/leinewelle\\\/\"}]}<\/script>\n<!-- \/ Yoast SEO plugin. -->","yoast_head_json":{"title":"Regionalministerin Birgit Hon\u00e9 \u00fcberreicht den St\u00e4dten Goslar und Uslar F\u00f6rderbescheide f\u00fcr die Richtlinie \u201eZukunftsr\u00e4ume Niedersachsen\u201c - Radio Leinewelle","robots":{"index":"index","follow":"follow","max-snippet":"max-snippet:-1","max-image-preview":"max-image-preview:large","max-video-preview":"max-video-preview:-1"},"canonical":"https:\/\/radioleinewelle.de\/index.php\/2021\/01\/21\/regionalministerin-birgit-hone-ueberreicht-den-staedten-goslar-und-uslar-foerderbescheide-fuer-die-richtlinie-zukunftsraeume-niedersachsen\/","og_locale":"de_DE","og_type":"article","og_title":"Regionalministerin Birgit Hon\u00e9 \u00fcberreicht den St\u00e4dten Goslar und Uslar F\u00f6rderbescheide f\u00fcr die Richtlinie \u201eZukunftsr\u00e4ume Niedersachsen\u201c - Radio Leinewelle","og_description":"Am (heutigen) Mittwoch hat Birgit Hon\u00e9, Ministerin f\u00fcr Bundes- und Europaangelegenheiten und Regionale Entwicklung, den St\u00e4dten Goslar und Uslar in einer Videokonferenz F\u00f6rderbescheide aus der Richtlinie \u201eZukunftsr\u00e4ume Niedersachsen\u201c \u00fcberreicht. Ziel des Programms ist es, auf innovativen und kreativen Wegen die Attraktivit\u00e4t und Anziehungskraft der zentralen Klein- und Mittelst\u00e4dte in den l\u00e4ndlichen R\u00e4umen zu verbessern. Im [&hellip;]","og_url":"https:\/\/radioleinewelle.de\/index.php\/2021\/01\/21\/regionalministerin-birgit-hone-ueberreicht-den-staedten-goslar-und-uslar-foerderbescheide-fuer-die-richtlinie-zukunftsraeume-niedersachsen\/","og_site_name":"Radio Leinewelle","article_publisher":"https:\/\/www.facebook.com\/radioleinewelle","article_author":"https:\/\/www.facebook.com\/radioleinewelle","article_published_time":"2021-01-21T04:30:00+00:00","author":"Leinewelle","twitter_card":"summary_large_image","twitter_creator":"@https:\/\/twitter.com\/RLeinewelle?ref_src=twsrcgoogletwcampserptwgrauthor","twitter_site":"@RLeinewelle","twitter_misc":{"Verfasst von":"Leinewelle","Gesch\u00e4tzte Lesezeit":"2\u00a0Minuten"},"schema":{"@context":"https:\/\/schema.org","@graph":[{"@type":"Article","@id":"https:\/\/radioleinewelle.de\/index.php\/2021\/01\/21\/regionalministerin-birgit-hone-ueberreicht-den-staedten-goslar-und-uslar-foerderbescheide-fuer-die-richtlinie-zukunftsraeume-niedersachsen\/#article","isPartOf":{"@id":"https:\/\/radioleinewelle.de\/index.php\/2021\/01\/21\/regionalministerin-birgit-hone-ueberreicht-den-staedten-goslar-und-uslar-foerderbescheide-fuer-die-richtlinie-zukunftsraeume-niedersachsen\/"},"author":{"name":"Leinewelle","@id":"https:\/\/radioleinewelle.de\/#\/schema\/person\/45606f348637df637192dc1b68399a63"},"headline":"Regionalministerin Birgit Hon\u00e9 \u00fcberreicht den St\u00e4dten Goslar und Uslar F\u00f6rderbescheide f\u00fcr die Richtlinie \u201eZukunftsr\u00e4ume Niedersachsen\u201c","datePublished":"2021-01-21T04:30:00+00:00","mainEntityOfPage":{"@id":"https:\/\/radioleinewelle.de\/index.php\/2021\/01\/21\/regionalministerin-birgit-hone-ueberreicht-den-staedten-goslar-und-uslar-foerderbescheide-fuer-die-richtlinie-zukunftsraeume-niedersachsen\/"},"wordCount":436,"publisher":{"@id":"https:\/\/radioleinewelle.de\/#organization"},"articleSection":["Lokalpolitik"],"inLanguage":"de"},{"@type":"WebPage","@id":"https:\/\/radioleinewelle.de\/index.php\/2021\/01\/21\/regionalministerin-birgit-hone-ueberreicht-den-staedten-goslar-und-uslar-foerderbescheide-fuer-die-richtlinie-zukunftsraeume-niedersachsen\/","url":"https:\/\/radioleinewelle.de\/index.php\/2021\/01\/21\/regionalministerin-birgit-hone-ueberreicht-den-staedten-goslar-und-uslar-foerderbescheide-fuer-die-richtlinie-zukunftsraeume-niedersachsen\/","name":"Regionalministerin Birgit Hon\u00e9 \u00fcberreicht den St\u00e4dten Goslar und Uslar F\u00f6rderbescheide f\u00fcr die Richtlinie \u201eZukunftsr\u00e4ume Niedersachsen\u201c - Radio Leinewelle","isPartOf":{"@id":"https:\/\/radioleinewelle.de\/#website"},"datePublished":"2021-01-21T04:30:00+00:00","breadcrumb":{"@id":"https:\/\/radioleinewelle.de\/index.php\/2021\/01\/21\/regionalministerin-birgit-hone-ueberreicht-den-staedten-goslar-und-uslar-foerderbescheide-fuer-die-richtlinie-zukunftsraeume-niedersachsen\/#breadcrumb"},"inLanguage":"de","potentialAction":[{"@type":"ReadAction","target":["https:\/\/radioleinewelle.de\/index.php\/2021\/01\/21\/regionalministerin-birgit-hone-ueberreicht-den-staedten-goslar-und-uslar-foerderbescheide-fuer-die-richtlinie-zukunftsraeume-niedersachsen\/"]}]},{"@type":"BreadcrumbList","@id":"https:\/\/radioleinewelle.de\/index.php\/2021\/01\/21\/regionalministerin-birgit-hone-ueberreicht-den-staedten-goslar-und-uslar-foerderbescheide-fuer-die-richtlinie-zukunftsraeume-niedersachsen\/#breadcrumb","itemListElement":[{"@type":"ListItem","position":1,"name":"Startseite","item":"https:\/\/radioleinewelle.de\/"},{"@type":"ListItem","position":2,"name":"Regionalministerin Birgit Hon\u00e9 \u00fcberreicht den St\u00e4dten Goslar und Uslar F\u00f6rderbescheide f\u00fcr die Richtlinie \u201eZukunftsr\u00e4ume Niedersachsen\u201c"}]},{"@type":"WebSite","@id":"https:\/\/radioleinewelle.de\/#website","url":"https:\/\/radioleinewelle.de\/","name":"Radio Leinewelle","description":"","publisher":{"@id":"https:\/\/radioleinewelle.de\/#organization"},"potentialAction":[{"@type":"SearchAction","target":{"@type":"EntryPoint","urlTemplate":"https:\/\/radioleinewelle.de\/?s={search_term_string}"},"query-input":{"@type":"PropertyValueSpecification","valueRequired":true,"valueName":"search_term_string"}}],"inLanguage":"de"},{"@type":"Organization","@id":"https:\/\/radioleinewelle.de\/#organization","name":"Radio Leinewelle","alternateName":"Mein Radio f\u00fcr S\u00fcdniedersachsen","url":"https:\/\/radioleinewelle.de\/","logo":{"@type":"ImageObject","inLanguage":"de","@id":"https:\/\/radioleinewelle.de\/#\/schema\/logo\/image\/","url":"https:\/\/radioleinewelle.de\/wp-content\/uploads\/2023\/11\/cropped-Leinewelle_Logo_weiss.png","contentUrl":"https:\/\/radioleinewelle.de\/wp-content\/uploads\/2023\/11\/cropped-Leinewelle_Logo_weiss.png","width":854,"height":260,"caption":"Radio Leinewelle"},"image":{"@id":"https:\/\/radioleinewelle.de\/#\/schema\/logo\/image\/"},"sameAs":["https:\/\/www.facebook.com\/radioleinewelle","https:\/\/x.com\/RLeinewelle","https:\/\/www.instagram.com\/radioleinewelle\/?hl=de"]},{"@type":"Person","@id":"https:\/\/radioleinewelle.de\/#\/schema\/person\/45606f348637df637192dc1b68399a63","name":"Leinewelle","image":{"@type":"ImageObject","inLanguage":"de","@id":"https:\/\/secure.gravatar.com\/avatar\/05c9a17bc973052ee5d91549bd32fb4dd0dc85b7b85ae94b2e2b4943476bbea5?s=96&d=blank&r=g","url":"https:\/\/secure.gravatar.com\/avatar\/05c9a17bc973052ee5d91549bd32fb4dd0dc85b7b85ae94b2e2b4943476bbea5?s=96&d=blank&r=g","contentUrl":"https:\/\/secure.gravatar.com\/avatar\/05c9a17bc973052ee5d91549bd32fb4dd0dc85b7b85ae94b2e2b4943476bbea5?s=96&d=blank&r=g","caption":"Leinewelle"},"sameAs":["http:\/\/localhost\/radio%20leinewelle\/wordpress","https:\/\/www.facebook.com\/radioleinewelle","https:\/\/www.instagram.com\/radioleinewelle","https:\/\/x.com\/https:\/\/twitter.com\/RLeinewelle?ref_src=twsrcgoogletwcampserptwgrauthor","https:\/\/soundcloud.com\/foerderverein-lokalradio?utm_source=clipboard&utm_medium=text&utm_campaign=social_sharing"],"url":"https:\/\/radioleinewelle.de\/index.php\/author\/leinewelle\/"}]}},"_links":{"self":[{"href":"https:\/\/radioleinewelle.de\/index.php\/wp-json\/wp\/v2\/posts\/4304","targetHints":{"allow":["GET"]}}],"collection":[{"href":"https:\/\/radioleinewelle.de\/index.php\/wp-json\/wp\/v2\/posts"}],"about":[{"href":"https:\/\/radioleinewelle.de\/index.php\/wp-json\/wp\/v2\/types\/post"}],"author":[{"embeddable":true,"href":"https:\/\/radioleinewelle.de\/index.php\/wp-json\/wp\/v2\/users\/1"}],"replies":[{"embeddable":true,"href":"https:\/\/radioleinewelle.de\/index.php\/wp-json\/wp\/v2\/comments?post=4304"}],"version-history":[{"count":0,"href":"https:\/\/radioleinewelle.de\/index.php\/wp-json\/wp\/v2\/posts\/4304\/revisions"}],"wp:attachment":[{"href":"https:\/\/radioleinewelle.de\/index.php\/wp-json\/wp\/v2\/media?parent=4304"}],"wp:term":[{"taxonomy":"category","embeddable":true,"href":"https:\/\/radioleinewelle.de\/index.php\/wp-json\/wp\/v2\/categories?post=4304"},{"taxonomy":"post_tag","embeddable":true,"href":"https:\/\/radioleinewelle.de\/index.php\/wp-json\/wp\/v2\/tags?post=4304"}],"curies":[{"name":"wp","href":"https:\/\/api.w.org\/{rel}","templated":true}]}}