{"id":4335,"date":"2021-01-22T05:10:00","date_gmt":"2021-01-22T04:10:00","guid":{"rendered":"https:\/\/radioleinewelle.de\/?p=4335"},"modified":"2021-01-22T05:10:00","modified_gmt":"2021-01-22T04:10:00","slug":"broschuere-zu-antisemitismus-in-niedersachsen-erschienen","status":"publish","type":"post","link":"https:\/\/radioleinewelle.de\/index.php\/2021\/01\/22\/broschuere-zu-antisemitismus-in-niedersachsen-erschienen\/","title":{"rendered":"Brosch\u00fcre zu Antisemitismus in Niedersachsen erschienen"},"content":{"rendered":"\n<p>Niedersachsen hat in den vergangenen zwei Jahren viel getan, um das Problem Antisemitismus st\u00e4rker in das Bewusstsein der \u00d6ffentlichkeit zu r\u00fccken. Mit Dr. Franz Rainer Enste wurde ein Landesbeauftragter gegen Antisemitismus und f\u00fcr den Schutz j\u00fcdischen Lebens benannt und mehrere Projekte im Bereich der Antisemitismuspr\u00e4vention wurden mit Landesmitteln gef\u00f6rdert. Nun legt das Landes-Demokratiezentrum im Nieders\u00e4chsischen Justizministerium eine neue Brosch\u00fcre vor, die das Thema \u201eAntisemitismus in Niedersachsen\u201c umfassend beleuchtet.<\/p>\n\n\n\n<p>Die Informationsborsch\u00fcre kann auf der&nbsp;<a href=\"https:\/\/ldz-niedersachsen.de\/html\/download.cms?id=70&amp;datei=Gefaehrlich-verankert-Antisemitismus-in-Niedersachsen-70.pdf\">Internetseite des Landes-Demokratiezentrums<\/a>&nbsp;als pdf-Dokument geladen werden.<\/p>\n\n\n\n<p>In der Brosch\u00fcre erl\u00e4utert die Politikwissenschaftlerin und Antisemitismusforscherin Dr. Dana Ionescu den Begriff des Antisemitismus und sensibilisiert anhand von Vorkommnissen in Niedersachsen f\u00fcr den Antisemitismus vor unserer eigenen Haust\u00fcr. Weiterhin werden drei Projekte vorgestellt, die mit F\u00f6rdermitteln des Landes im vergangenen Jahr unterst\u00fctzt wurden. Durchgef\u00fchrt wurden diese durch die Stiftung nieders\u00e4chsische Gedenkst\u00e4tten, den Landesverband der Israelitischen Kultusgemeinden von Niedersachsen K.d.\u00f6.R. und die Amadeu Antonio Stiftung.<\/p>\n\n\n\n<p>Die Brosch\u00fcre enth\u00e4lt zudem ein Doppelinterview mit dem Vorsitzenden des Landesverbands der J\u00fcdischen Gemeinden von Niedersachsen, Michael F\u00fcrst, und der Antisemitismusbeauftragten des Landesverbands der Israelitischen Kultusgemeinden von Niedersachsen, Dr. Rebecca Seidler. F\u00fcrst und Seidler verdeutlichen darin die Positionen j\u00fcdischer Akteurinnen und Akteure und erl\u00e4utern ihre Anliegen gegen\u00fcber Staat und Gesellschaft.<\/p>\n\n\n\n<p>In einem Kontaktteil werden Beratungsangebote genannt, die Unterst\u00fctzung f\u00fcr von Antisemitismus betroffene Personen anbieten. Dazu geh\u00f6ren unter anderem die Mobile Beratung gegen Rechtsextremismus und die Beratung f\u00fcr Betroffene rechter, rassistischer und antisemitischer Gewalt.<\/p>\n\n\n\n<p>Bild von&nbsp;<a href=\"https:\/\/pixabay.com\/de\/users\/hurk-462300\/?utm_source=link-attribution&amp;utm_medium=referral&amp;utm_campaign=image&amp;utm_content=458372\">hurk<\/a>&nbsp;auf&nbsp;<a href=\"https:\/\/pixabay.com\/de\/?utm_source=link-attribution&amp;utm_medium=referral&amp;utm_campaign=image&amp;utm_content=458372\">Pixabay<\/a><\/p>\n","protected":false},"excerpt":{"rendered":"<p>Niedersachsen hat in den vergangenen zwei Jahren viel getan, um das Problem Antisemitismus st\u00e4rker in das Bewusstsein der \u00d6ffentlichkeit zu r\u00fccken. Mit Dr. Franz Rainer Enste wurde ein Landesbeauftragter gegen Antisemitismus und f\u00fcr den Schutz j\u00fcdischen Lebens benannt und mehrere Projekte im Bereich der Antisemitismuspr\u00e4vention wurden mit Landesmitteln gef\u00f6rdert. Nun legt das Landes-Demokratiezentrum im Nieders\u00e4chsischen [&hellip;]<\/p>\n","protected":false},"author":1,"featured_media":4338,"comment_status":"closed","ping_status":"closed","sticky":false,"template":"","format":"standard","meta":{"saved_in_kubio":false,"footnotes":""},"categories":[1],"tags":[],"class_list":["post-4335","post","type-post","status-publish","format-standard","has-post-thumbnail","hentry","category-allgemein"],"yoast_head":"<!-- This site is optimized with the Yoast SEO plugin v27.5 - https:\/\/yoast.com\/product\/yoast-seo-wordpress\/ -->\n<title>Brosch\u00fcre zu Antisemitismus in Niedersachsen erschienen - Radio Leinewelle<\/title>\n<meta name=\"robots\" content=\"index, follow, max-snippet:-1, max-image-preview:large, max-video-preview:-1\" \/>\n<link rel=\"canonical\" href=\"https:\/\/radioleinewelle.de\/index.php\/2021\/01\/22\/broschuere-zu-antisemitismus-in-niedersachsen-erschienen\/\" \/>\n<meta property=\"og:locale\" content=\"de_DE\" \/>\n<meta property=\"og:type\" content=\"article\" \/>\n<meta property=\"og:title\" content=\"Brosch\u00fcre zu Antisemitismus in Niedersachsen erschienen - Radio Leinewelle\" \/>\n<meta property=\"og:description\" content=\"Niedersachsen hat in den vergangenen zwei Jahren viel getan, um das Problem Antisemitismus st\u00e4rker in das Bewusstsein der \u00d6ffentlichkeit zu r\u00fccken. Mit Dr. Franz Rainer Enste wurde ein Landesbeauftragter gegen Antisemitismus und f\u00fcr den Schutz j\u00fcdischen Lebens benannt und mehrere Projekte im Bereich der Antisemitismuspr\u00e4vention wurden mit Landesmitteln gef\u00f6rdert. Nun legt das Landes-Demokratiezentrum im Nieders\u00e4chsischen [&hellip;]\" \/>\n<meta property=\"og:url\" content=\"https:\/\/radioleinewelle.de\/index.php\/2021\/01\/22\/broschuere-zu-antisemitismus-in-niedersachsen-erschienen\/\" \/>\n<meta property=\"og:site_name\" content=\"Radio Leinewelle\" \/>\n<meta property=\"article:publisher\" content=\"https:\/\/www.facebook.com\/radioleinewelle\" \/>\n<meta property=\"article:author\" content=\"https:\/\/www.facebook.com\/radioleinewelle\" \/>\n<meta property=\"article:published_time\" content=\"2021-01-22T04:10:00+00:00\" \/>\n<meta property=\"og:image\" content=\"https:\/\/radioleinewelle.de\/wp-content\/uploads\/2021\/01\/star-of-david-458372_640.jpg\" \/>\n\t<meta property=\"og:image:width\" content=\"640\" \/>\n\t<meta property=\"og:image:height\" content=\"426\" \/>\n\t<meta property=\"og:image:type\" content=\"image\/jpeg\" \/>\n<meta name=\"author\" content=\"Leinewelle\" \/>\n<meta name=\"twitter:card\" content=\"summary_large_image\" \/>\n<meta name=\"twitter:creator\" content=\"@https:\/\/twitter.com\/RLeinewelle?ref_src=twsrcgoogletwcampserptwgrauthor\" \/>\n<meta name=\"twitter:site\" content=\"@RLeinewelle\" \/>\n<meta name=\"twitter:label1\" content=\"Verfasst von\" \/>\n\t<meta name=\"twitter:data1\" content=\"Leinewelle\" \/>\n\t<meta name=\"twitter:label2\" content=\"Gesch\u00e4tzte Lesezeit\" \/>\n\t<meta name=\"twitter:data2\" content=\"1\u00a0Minute\" \/>\n<script type=\"application\/ld+json\" class=\"yoast-schema-graph\">{\"@context\":\"https:\\\/\\\/schema.org\",\"@graph\":[{\"@type\":\"Article\",\"@id\":\"https:\\\/\\\/radioleinewelle.de\\\/index.php\\\/2021\\\/01\\\/22\\\/broschuere-zu-antisemitismus-in-niedersachsen-erschienen\\\/#article\",\"isPartOf\":{\"@id\":\"https:\\\/\\\/radioleinewelle.de\\\/index.php\\\/2021\\\/01\\\/22\\\/broschuere-zu-antisemitismus-in-niedersachsen-erschienen\\\/\"},\"author\":{\"name\":\"Leinewelle\",\"@id\":\"https:\\\/\\\/radioleinewelle.de\\\/#\\\/schema\\\/person\\\/45606f348637df637192dc1b68399a63\"},\"headline\":\"Brosch\u00fcre zu Antisemitismus in Niedersachsen erschienen\",\"datePublished\":\"2021-01-22T04:10:00+00:00\",\"mainEntityOfPage\":{\"@id\":\"https:\\\/\\\/radioleinewelle.de\\\/index.php\\\/2021\\\/01\\\/22\\\/broschuere-zu-antisemitismus-in-niedersachsen-erschienen\\\/\"},\"wordCount\":277,\"publisher\":{\"@id\":\"https:\\\/\\\/radioleinewelle.de\\\/#organization\"},\"image\":{\"@id\":\"https:\\\/\\\/radioleinewelle.de\\\/index.php\\\/2021\\\/01\\\/22\\\/broschuere-zu-antisemitismus-in-niedersachsen-erschienen\\\/#primaryimage\"},\"thumbnailUrl\":\"https:\\\/\\\/radioleinewelle.de\\\/wp-content\\\/uploads\\\/2021\\\/01\\\/star-of-david-458372_640.jpg\",\"inLanguage\":\"de\"},{\"@type\":\"WebPage\",\"@id\":\"https:\\\/\\\/radioleinewelle.de\\\/index.php\\\/2021\\\/01\\\/22\\\/broschuere-zu-antisemitismus-in-niedersachsen-erschienen\\\/\",\"url\":\"https:\\\/\\\/radioleinewelle.de\\\/index.php\\\/2021\\\/01\\\/22\\\/broschuere-zu-antisemitismus-in-niedersachsen-erschienen\\\/\",\"name\":\"Brosch\u00fcre zu Antisemitismus in Niedersachsen erschienen - Radio Leinewelle\",\"isPartOf\":{\"@id\":\"https:\\\/\\\/radioleinewelle.de\\\/#website\"},\"primaryImageOfPage\":{\"@id\":\"https:\\\/\\\/radioleinewelle.de\\\/index.php\\\/2021\\\/01\\\/22\\\/broschuere-zu-antisemitismus-in-niedersachsen-erschienen\\\/#primaryimage\"},\"image\":{\"@id\":\"https:\\\/\\\/radioleinewelle.de\\\/index.php\\\/2021\\\/01\\\/22\\\/broschuere-zu-antisemitismus-in-niedersachsen-erschienen\\\/#primaryimage\"},\"thumbnailUrl\":\"https:\\\/\\\/radioleinewelle.de\\\/wp-content\\\/uploads\\\/2021\\\/01\\\/star-of-david-458372_640.jpg\",\"datePublished\":\"2021-01-22T04:10:00+00:00\",\"breadcrumb\":{\"@id\":\"https:\\\/\\\/radioleinewelle.de\\\/index.php\\\/2021\\\/01\\\/22\\\/broschuere-zu-antisemitismus-in-niedersachsen-erschienen\\\/#breadcrumb\"},\"inLanguage\":\"de\",\"potentialAction\":[{\"@type\":\"ReadAction\",\"target\":[\"https:\\\/\\\/radioleinewelle.de\\\/index.php\\\/2021\\\/01\\\/22\\\/broschuere-zu-antisemitismus-in-niedersachsen-erschienen\\\/\"]}]},{\"@type\":\"ImageObject\",\"inLanguage\":\"de\",\"@id\":\"https:\\\/\\\/radioleinewelle.de\\\/index.php\\\/2021\\\/01\\\/22\\\/broschuere-zu-antisemitismus-in-niedersachsen-erschienen\\\/#primaryimage\",\"url\":\"https:\\\/\\\/radioleinewelle.de\\\/wp-content\\\/uploads\\\/2021\\\/01\\\/star-of-david-458372_640.jpg\",\"contentUrl\":\"https:\\\/\\\/radioleinewelle.de\\\/wp-content\\\/uploads\\\/2021\\\/01\\\/star-of-david-458372_640.jpg\",\"width\":640,\"height\":426},{\"@type\":\"BreadcrumbList\",\"@id\":\"https:\\\/\\\/radioleinewelle.de\\\/index.php\\\/2021\\\/01\\\/22\\\/broschuere-zu-antisemitismus-in-niedersachsen-erschienen\\\/#breadcrumb\",\"itemListElement\":[{\"@type\":\"ListItem\",\"position\":1,\"name\":\"Startseite\",\"item\":\"https:\\\/\\\/radioleinewelle.de\\\/\"},{\"@type\":\"ListItem\",\"position\":2,\"name\":\"Brosch\u00fcre zu Antisemitismus in Niedersachsen erschienen\"}]},{\"@type\":\"WebSite\",\"@id\":\"https:\\\/\\\/radioleinewelle.de\\\/#website\",\"url\":\"https:\\\/\\\/radioleinewelle.de\\\/\",\"name\":\"Radio Leinewelle\",\"description\":\"\",\"publisher\":{\"@id\":\"https:\\\/\\\/radioleinewelle.de\\\/#organization\"},\"potentialAction\":[{\"@type\":\"SearchAction\",\"target\":{\"@type\":\"EntryPoint\",\"urlTemplate\":\"https:\\\/\\\/radioleinewelle.de\\\/?s={search_term_string}\"},\"query-input\":{\"@type\":\"PropertyValueSpecification\",\"valueRequired\":true,\"valueName\":\"search_term_string\"}}],\"inLanguage\":\"de\"},{\"@type\":\"Organization\",\"@id\":\"https:\\\/\\\/radioleinewelle.de\\\/#organization\",\"name\":\"Radio Leinewelle\",\"alternateName\":\"Mein Radio f\u00fcr S\u00fcdniedersachsen\",\"url\":\"https:\\\/\\\/radioleinewelle.de\\\/\",\"logo\":{\"@type\":\"ImageObject\",\"inLanguage\":\"de\",\"@id\":\"https:\\\/\\\/radioleinewelle.de\\\/#\\\/schema\\\/logo\\\/image\\\/\",\"url\":\"https:\\\/\\\/radioleinewelle.de\\\/wp-content\\\/uploads\\\/2023\\\/11\\\/cropped-Leinewelle_Logo_weiss.png\",\"contentUrl\":\"https:\\\/\\\/radioleinewelle.de\\\/wp-content\\\/uploads\\\/2023\\\/11\\\/cropped-Leinewelle_Logo_weiss.png\",\"width\":854,\"height\":260,\"caption\":\"Radio Leinewelle\"},\"image\":{\"@id\":\"https:\\\/\\\/radioleinewelle.de\\\/#\\\/schema\\\/logo\\\/image\\\/\"},\"sameAs\":[\"https:\\\/\\\/www.facebook.com\\\/radioleinewelle\",\"https:\\\/\\\/x.com\\\/RLeinewelle\",\"https:\\\/\\\/www.instagram.com\\\/radioleinewelle\\\/?hl=de\"]},{\"@type\":\"Person\",\"@id\":\"https:\\\/\\\/radioleinewelle.de\\\/#\\\/schema\\\/person\\\/45606f348637df637192dc1b68399a63\",\"name\":\"Leinewelle\",\"image\":{\"@type\":\"ImageObject\",\"inLanguage\":\"de\",\"@id\":\"https:\\\/\\\/secure.gravatar.com\\\/avatar\\\/05c9a17bc973052ee5d91549bd32fb4dd0dc85b7b85ae94b2e2b4943476bbea5?s=96&d=blank&r=g\",\"url\":\"https:\\\/\\\/secure.gravatar.com\\\/avatar\\\/05c9a17bc973052ee5d91549bd32fb4dd0dc85b7b85ae94b2e2b4943476bbea5?s=96&d=blank&r=g\",\"contentUrl\":\"https:\\\/\\\/secure.gravatar.com\\\/avatar\\\/05c9a17bc973052ee5d91549bd32fb4dd0dc85b7b85ae94b2e2b4943476bbea5?s=96&d=blank&r=g\",\"caption\":\"Leinewelle\"},\"sameAs\":[\"http:\\\/\\\/localhost\\\/radio%20leinewelle\\\/wordpress\",\"https:\\\/\\\/www.facebook.com\\\/radioleinewelle\",\"https:\\\/\\\/www.instagram.com\\\/radioleinewelle\",\"https:\\\/\\\/x.com\\\/https:\\\/\\\/twitter.com\\\/RLeinewelle?ref_src=twsrcgoogletwcampserptwgrauthor\",\"https:\\\/\\\/soundcloud.com\\\/foerderverein-lokalradio?utm_source=clipboard&utm_medium=text&utm_campaign=social_sharing\"],\"url\":\"https:\\\/\\\/radioleinewelle.de\\\/index.php\\\/author\\\/leinewelle\\\/\"}]}<\/script>\n<!-- \/ Yoast SEO plugin. -->","yoast_head_json":{"title":"Brosch\u00fcre zu Antisemitismus in Niedersachsen erschienen - Radio Leinewelle","robots":{"index":"index","follow":"follow","max-snippet":"max-snippet:-1","max-image-preview":"max-image-preview:large","max-video-preview":"max-video-preview:-1"},"canonical":"https:\/\/radioleinewelle.de\/index.php\/2021\/01\/22\/broschuere-zu-antisemitismus-in-niedersachsen-erschienen\/","og_locale":"de_DE","og_type":"article","og_title":"Brosch\u00fcre zu Antisemitismus in Niedersachsen erschienen - Radio Leinewelle","og_description":"Niedersachsen hat in den vergangenen zwei Jahren viel getan, um das Problem Antisemitismus st\u00e4rker in das Bewusstsein der \u00d6ffentlichkeit zu r\u00fccken. Mit Dr. Franz Rainer Enste wurde ein Landesbeauftragter gegen Antisemitismus und f\u00fcr den Schutz j\u00fcdischen Lebens benannt und mehrere Projekte im Bereich der Antisemitismuspr\u00e4vention wurden mit Landesmitteln gef\u00f6rdert. Nun legt das Landes-Demokratiezentrum im Nieders\u00e4chsischen [&hellip;]","og_url":"https:\/\/radioleinewelle.de\/index.php\/2021\/01\/22\/broschuere-zu-antisemitismus-in-niedersachsen-erschienen\/","og_site_name":"Radio Leinewelle","article_publisher":"https:\/\/www.facebook.com\/radioleinewelle","article_author":"https:\/\/www.facebook.com\/radioleinewelle","article_published_time":"2021-01-22T04:10:00+00:00","og_image":[{"width":640,"height":426,"url":"https:\/\/radioleinewelle.de\/wp-content\/uploads\/2021\/01\/star-of-david-458372_640.jpg","type":"image\/jpeg"}],"author":"Leinewelle","twitter_card":"summary_large_image","twitter_creator":"@https:\/\/twitter.com\/RLeinewelle?ref_src=twsrcgoogletwcampserptwgrauthor","twitter_site":"@RLeinewelle","twitter_misc":{"Verfasst von":"Leinewelle","Gesch\u00e4tzte Lesezeit":"1\u00a0Minute"},"schema":{"@context":"https:\/\/schema.org","@graph":[{"@type":"Article","@id":"https:\/\/radioleinewelle.de\/index.php\/2021\/01\/22\/broschuere-zu-antisemitismus-in-niedersachsen-erschienen\/#article","isPartOf":{"@id":"https:\/\/radioleinewelle.de\/index.php\/2021\/01\/22\/broschuere-zu-antisemitismus-in-niedersachsen-erschienen\/"},"author":{"name":"Leinewelle","@id":"https:\/\/radioleinewelle.de\/#\/schema\/person\/45606f348637df637192dc1b68399a63"},"headline":"Brosch\u00fcre zu Antisemitismus in Niedersachsen erschienen","datePublished":"2021-01-22T04:10:00+00:00","mainEntityOfPage":{"@id":"https:\/\/radioleinewelle.de\/index.php\/2021\/01\/22\/broschuere-zu-antisemitismus-in-niedersachsen-erschienen\/"},"wordCount":277,"publisher":{"@id":"https:\/\/radioleinewelle.de\/#organization"},"image":{"@id":"https:\/\/radioleinewelle.de\/index.php\/2021\/01\/22\/broschuere-zu-antisemitismus-in-niedersachsen-erschienen\/#primaryimage"},"thumbnailUrl":"https:\/\/radioleinewelle.de\/wp-content\/uploads\/2021\/01\/star-of-david-458372_640.jpg","inLanguage":"de"},{"@type":"WebPage","@id":"https:\/\/radioleinewelle.de\/index.php\/2021\/01\/22\/broschuere-zu-antisemitismus-in-niedersachsen-erschienen\/","url":"https:\/\/radioleinewelle.de\/index.php\/2021\/01\/22\/broschuere-zu-antisemitismus-in-niedersachsen-erschienen\/","name":"Brosch\u00fcre zu Antisemitismus in Niedersachsen erschienen - Radio Leinewelle","isPartOf":{"@id":"https:\/\/radioleinewelle.de\/#website"},"primaryImageOfPage":{"@id":"https:\/\/radioleinewelle.de\/index.php\/2021\/01\/22\/broschuere-zu-antisemitismus-in-niedersachsen-erschienen\/#primaryimage"},"image":{"@id":"https:\/\/radioleinewelle.de\/index.php\/2021\/01\/22\/broschuere-zu-antisemitismus-in-niedersachsen-erschienen\/#primaryimage"},"thumbnailUrl":"https:\/\/radioleinewelle.de\/wp-content\/uploads\/2021\/01\/star-of-david-458372_640.jpg","datePublished":"2021-01-22T04:10:00+00:00","breadcrumb":{"@id":"https:\/\/radioleinewelle.de\/index.php\/2021\/01\/22\/broschuere-zu-antisemitismus-in-niedersachsen-erschienen\/#breadcrumb"},"inLanguage":"de","potentialAction":[{"@type":"ReadAction","target":["https:\/\/radioleinewelle.de\/index.php\/2021\/01\/22\/broschuere-zu-antisemitismus-in-niedersachsen-erschienen\/"]}]},{"@type":"ImageObject","inLanguage":"de","@id":"https:\/\/radioleinewelle.de\/index.php\/2021\/01\/22\/broschuere-zu-antisemitismus-in-niedersachsen-erschienen\/#primaryimage","url":"https:\/\/radioleinewelle.de\/wp-content\/uploads\/2021\/01\/star-of-david-458372_640.jpg","contentUrl":"https:\/\/radioleinewelle.de\/wp-content\/uploads\/2021\/01\/star-of-david-458372_640.jpg","width":640,"height":426},{"@type":"BreadcrumbList","@id":"https:\/\/radioleinewelle.de\/index.php\/2021\/01\/22\/broschuere-zu-antisemitismus-in-niedersachsen-erschienen\/#breadcrumb","itemListElement":[{"@type":"ListItem","position":1,"name":"Startseite","item":"https:\/\/radioleinewelle.de\/"},{"@type":"ListItem","position":2,"name":"Brosch\u00fcre zu Antisemitismus in Niedersachsen erschienen"}]},{"@type":"WebSite","@id":"https:\/\/radioleinewelle.de\/#website","url":"https:\/\/radioleinewelle.de\/","name":"Radio Leinewelle","description":"","publisher":{"@id":"https:\/\/radioleinewelle.de\/#organization"},"potentialAction":[{"@type":"SearchAction","target":{"@type":"EntryPoint","urlTemplate":"https:\/\/radioleinewelle.de\/?s={search_term_string}"},"query-input":{"@type":"PropertyValueSpecification","valueRequired":true,"valueName":"search_term_string"}}],"inLanguage":"de"},{"@type":"Organization","@id":"https:\/\/radioleinewelle.de\/#organization","name":"Radio Leinewelle","alternateName":"Mein Radio f\u00fcr S\u00fcdniedersachsen","url":"https:\/\/radioleinewelle.de\/","logo":{"@type":"ImageObject","inLanguage":"de","@id":"https:\/\/radioleinewelle.de\/#\/schema\/logo\/image\/","url":"https:\/\/radioleinewelle.de\/wp-content\/uploads\/2023\/11\/cropped-Leinewelle_Logo_weiss.png","contentUrl":"https:\/\/radioleinewelle.de\/wp-content\/uploads\/2023\/11\/cropped-Leinewelle_Logo_weiss.png","width":854,"height":260,"caption":"Radio Leinewelle"},"image":{"@id":"https:\/\/radioleinewelle.de\/#\/schema\/logo\/image\/"},"sameAs":["https:\/\/www.facebook.com\/radioleinewelle","https:\/\/x.com\/RLeinewelle","https:\/\/www.instagram.com\/radioleinewelle\/?hl=de"]},{"@type":"Person","@id":"https:\/\/radioleinewelle.de\/#\/schema\/person\/45606f348637df637192dc1b68399a63","name":"Leinewelle","image":{"@type":"ImageObject","inLanguage":"de","@id":"https:\/\/secure.gravatar.com\/avatar\/05c9a17bc973052ee5d91549bd32fb4dd0dc85b7b85ae94b2e2b4943476bbea5?s=96&d=blank&r=g","url":"https:\/\/secure.gravatar.com\/avatar\/05c9a17bc973052ee5d91549bd32fb4dd0dc85b7b85ae94b2e2b4943476bbea5?s=96&d=blank&r=g","contentUrl":"https:\/\/secure.gravatar.com\/avatar\/05c9a17bc973052ee5d91549bd32fb4dd0dc85b7b85ae94b2e2b4943476bbea5?s=96&d=blank&r=g","caption":"Leinewelle"},"sameAs":["http:\/\/localhost\/radio%20leinewelle\/wordpress","https:\/\/www.facebook.com\/radioleinewelle","https:\/\/www.instagram.com\/radioleinewelle","https:\/\/x.com\/https:\/\/twitter.com\/RLeinewelle?ref_src=twsrcgoogletwcampserptwgrauthor","https:\/\/soundcloud.com\/foerderverein-lokalradio?utm_source=clipboard&utm_medium=text&utm_campaign=social_sharing"],"url":"https:\/\/radioleinewelle.de\/index.php\/author\/leinewelle\/"}]}},"_links":{"self":[{"href":"https:\/\/radioleinewelle.de\/index.php\/wp-json\/wp\/v2\/posts\/4335","targetHints":{"allow":["GET"]}}],"collection":[{"href":"https:\/\/radioleinewelle.de\/index.php\/wp-json\/wp\/v2\/posts"}],"about":[{"href":"https:\/\/radioleinewelle.de\/index.php\/wp-json\/wp\/v2\/types\/post"}],"author":[{"embeddable":true,"href":"https:\/\/radioleinewelle.de\/index.php\/wp-json\/wp\/v2\/users\/1"}],"replies":[{"embeddable":true,"href":"https:\/\/radioleinewelle.de\/index.php\/wp-json\/wp\/v2\/comments?post=4335"}],"version-history":[{"count":0,"href":"https:\/\/radioleinewelle.de\/index.php\/wp-json\/wp\/v2\/posts\/4335\/revisions"}],"wp:featuredmedia":[{"embeddable":true,"href":"https:\/\/radioleinewelle.de\/index.php\/wp-json\/wp\/v2\/media\/4338"}],"wp:attachment":[{"href":"https:\/\/radioleinewelle.de\/index.php\/wp-json\/wp\/v2\/media?parent=4335"}],"wp:term":[{"taxonomy":"category","embeddable":true,"href":"https:\/\/radioleinewelle.de\/index.php\/wp-json\/wp\/v2\/categories?post=4335"},{"taxonomy":"post_tag","embeddable":true,"href":"https:\/\/radioleinewelle.de\/index.php\/wp-json\/wp\/v2\/tags?post=4335"}],"curies":[{"name":"wp","href":"https:\/\/api.w.org\/{rel}","templated":true}]}}