{"id":4346,"date":"2021-01-22T06:04:59","date_gmt":"2021-01-22T05:04:59","guid":{"rendered":"https:\/\/radioleinewelle.de\/?p=4346"},"modified":"2021-01-22T06:04:59","modified_gmt":"2021-01-22T05:04:59","slug":"so-siehts-aus-die-coronalage-in-suedniedersachsen-am-22-01","status":"publish","type":"post","link":"https:\/\/radioleinewelle.de\/index.php\/2021\/01\/22\/so-siehts-aus-die-coronalage-in-suedniedersachsen-am-22-01\/","title":{"rendered":"So siehts aus &#8211; die Coronalage in S\u00fcdniedersachsen am 22.01."},"content":{"rendered":"\n<p>Zur Zeit liegt in Niedersachsen die <strong>Impfquote<\/strong> bei 1,4 %. Th\u00fcringen liegt bei 1,5 %, Hessen bei 1,3 %.der Gesamtbev\u00f6lkerung. Insgesamt sind bundesweit \u00fcber 1.324.091 Personen (Stand 21.01.) geimpft worden. Die t\u00e4glichen Impfraten steigen leicht an, liegen aber mit 50.000 pro Tag  noch auf einem niedrigen Niveau.<br \/>Die I<strong>nzidenzzahlen (Quelle RKI) in S\u00fcdniedersachsen<\/strong> liegen im Vergleich zur Vorwoche in den einzelnen Landkreisen leicht niedriger (Grenzwert von 50). Die aktuellen Zahlen im Detail:<br \/><strong>Die Landkreise:<\/strong><br \/>G\u00f6ttingen 81,6, Northeim 49,2, Goslar 48,4, <strong>Holzminden 132,0, H\u00f6xter<\/strong> <strong>200,4.<\/strong> &nbsp;Der Durchschnitt in Niedersachsen liegt bei 88,8, der Bundesdurchschnitt bei 115,3, die <strong>bundesweite Zahl der Corona Neuinfektionen steigt um 17862, die Sterbef\u00e4lle steigen bundesweit um 859 Tote<\/strong> zum Vortag. <strong>Dies ist ein deutlicher R\u00fcckgang im Vergleich zum letzten Freitag, liegt aber weiter auf hohem Niveau.<\/strong> Die Gesamtzahl der Toten hat heute mit 50.642 einen traurigen H\u00f6hepunkt erreicht.<br \/>Der Anteil der COVID-19 Patienten an der Gesamtzahl der Intensivbetten in Niedersachsen liegt bei 14,1 %. Dies sagt nichts \u00fcber die aktuelle lokale Situation aus, die abh\u00e4ngig vom Infektionsgeschehen und der Verf\u00fcgbarkeit von Fachpersonal ist. In G\u00f6ttingen sind die Verf\u00fcgbarkeiten von Intensivbetten an der UMG &nbsp;ausreichend und im Evangelischen Krankenhaus Lenglern im Low und High Care Bereich laut Intensivregister voll belegt. Es gibt erste \u00dcbernahmen von Patienten aus anderen Bundesl\u00e4ndern. <strong>Insgesamt ist laut Intensivregister die Zahl der bundesweit belegten Intensivbetten leicht r\u00fcckl\u00e4ufig<\/strong>. <\/p>\n\n\n\n<p>Die Gesamtzahl bislang best\u00e4tigter Covid-19 F\u00e4lle im Landkreis G\u00f6ttingen steigt auf 4.616. Davon gelten 3.930 Personen als von der Infektion genesen, 145 Menschen sind in Verbindung mit Covid-19 gestorben.<\/p>\n\n\n\n<h3 class=\"wp-block-heading\">Lage in St\u00e4dten und Gemeinden (Gesamtzahl F\u00e4lle \/ aktuell Infizierte)<\/h3>\n\n\n\n<ul class=\"wp-block-list\"><li>Flecken Adelebsen (71 \/ 10)<\/li><li>Gemeinde Bad Grund (Harz) (87 \/ 6)<\/li><li>Stadt Bad Lauterberg im Harz (171 \/ 24)<\/li><li>Stadt Bad Sachsa (125 \/ 7)<\/li><li>Flecken Bovenden (99 \/ 10)<\/li><li>Samtgemeinde Dransfeld (66 \/ 6)<\/li><li><strong>Stadt Duderstadt (622 \/ 109)<\/strong><\/li><li>Gemeinde Friedland (92 \/ 4)<\/li><li><strong>Samtgemeinde Gieboldehausen (230 \/ 70)<\/strong><\/li><li>Gemeinde Gleichen (88 \/ 6)<\/li><li>Stadt G\u00f6ttingen (1.474 \/ 135)<\/li><li>Stadt Hann. M\u00fcnden (482 \/ 40)<\/li><li>Samtgemeinde Hattorf am Harz (106 \/ 9)<\/li><li>Stadt Herzberg am Harz (338 \/ 15)<\/li><li>Stadt Osterode am Harz (230 \/ 16)<\/li><li>Samtgemeinde Radolfshausen (61 \/26)<\/li><li>Gemeinde Rosdorf (125 \/ 16)<\/li><li>Gemeinde Staufenberg (88 \/ 8)<\/li><li>Gemeinde Walkenried (61 \/ 24)<\/li><\/ul>\n\n\n\n<p>Auch im Eichsfeld sind die Zahlen r\u00fcckl\u00e4ufig, aber weiter kritisch hoch:<strong> der Inzidenzwert liegt hier bei aktuell 246,0 <\/strong>&nbsp;<strong>Der Landkreis Eichsfeld teilt mit: die Gesamtzahl der aktuell Infizierten 790, Verstorbene 106 &nbsp;(Stand 21.01.).&nbsp;<\/strong><br \/><strong>Fallzahlen in den St\u00e4dten, Landgemeinden und Verwaltungsgemeinschaften im Eichsfeld (Stand: 21.01.2021)<\/strong><br \/>Gemeinde Niederorschel: 28<br \/>Landgemeinde am Ohmberg: 22<br \/>Landgemeinde Sonnenstein: 12<br \/>Stadt Dingelst\u00e4dt: 45<br \/>Stadt Heiligenstadt: 213<br \/>Stadt Leinefelde-Worbis: 119<br \/>VG Eichsfeld-Wipperaue: 65<br \/>VG Ershausen\/Geismar: 64<br \/>VG Leinetal: 47<br \/>VG Lindenberg\/Eichsfeld: 50<br \/>VG Uder: 37<br \/>VG Hanstein-Rusteberg: 23<br \/>VG Westerwald-Obereichsfeld: 65<\/p>\n","protected":false},"excerpt":{"rendered":"<p>Zur Zeit liegt in Niedersachsen die Impfquote bei 1,4 %. Th\u00fcringen liegt bei 1,5 %, Hessen bei 1,3 %.der Gesamtbev\u00f6lkerung. Insgesamt sind bundesweit \u00fcber 1.324.091 Personen (Stand 21.01.) geimpft worden. Die t\u00e4glichen Impfraten steigen leicht an, liegen aber mit 50.000 pro Tag noch auf einem niedrigen Niveau.Die Inzidenzzahlen (Quelle RKI) in S\u00fcdniedersachsen liegen im Vergleich [&hellip;]<\/p>\n","protected":false},"author":1,"featured_media":0,"comment_status":"closed","ping_status":"closed","sticky":false,"template":"","format":"standard","meta":{"saved_in_kubio":false,"footnotes":""},"categories":[23],"tags":[],"class_list":["post-4346","post","type-post","status-publish","format-standard","hentry","category-corona"],"yoast_head":"<!-- This site is optimized with the Yoast SEO plugin v27.5 - https:\/\/yoast.com\/product\/yoast-seo-wordpress\/ -->\n<title>So siehts aus - die Coronalage in S\u00fcdniedersachsen am 22.01. - Radio Leinewelle<\/title>\n<meta name=\"robots\" content=\"index, follow, max-snippet:-1, max-image-preview:large, max-video-preview:-1\" \/>\n<link rel=\"canonical\" href=\"https:\/\/radioleinewelle.de\/index.php\/2021\/01\/22\/so-siehts-aus-die-coronalage-in-suedniedersachsen-am-22-01\/\" \/>\n<meta property=\"og:locale\" content=\"de_DE\" \/>\n<meta property=\"og:type\" content=\"article\" \/>\n<meta property=\"og:title\" content=\"So siehts aus - die Coronalage in S\u00fcdniedersachsen am 22.01. - Radio Leinewelle\" \/>\n<meta property=\"og:description\" content=\"Zur Zeit liegt in Niedersachsen die Impfquote bei 1,4 %. Th\u00fcringen liegt bei 1,5 %, Hessen bei 1,3 %.der Gesamtbev\u00f6lkerung. Insgesamt sind bundesweit \u00fcber 1.324.091 Personen (Stand 21.01.) geimpft worden. Die t\u00e4glichen Impfraten steigen leicht an, liegen aber mit 50.000 pro Tag noch auf einem niedrigen Niveau.Die Inzidenzzahlen (Quelle RKI) in S\u00fcdniedersachsen liegen im Vergleich [&hellip;]\" \/>\n<meta property=\"og:url\" content=\"https:\/\/radioleinewelle.de\/index.php\/2021\/01\/22\/so-siehts-aus-die-coronalage-in-suedniedersachsen-am-22-01\/\" \/>\n<meta property=\"og:site_name\" content=\"Radio Leinewelle\" \/>\n<meta property=\"article:publisher\" content=\"https:\/\/www.facebook.com\/radioleinewelle\" \/>\n<meta property=\"article:author\" content=\"https:\/\/www.facebook.com\/radioleinewelle\" \/>\n<meta property=\"article:published_time\" content=\"2021-01-22T05:04:59+00:00\" \/>\n<meta name=\"author\" content=\"Leinewelle\" \/>\n<meta name=\"twitter:card\" content=\"summary_large_image\" \/>\n<meta name=\"twitter:creator\" content=\"@https:\/\/twitter.com\/RLeinewelle?ref_src=twsrcgoogletwcampserptwgrauthor\" \/>\n<meta name=\"twitter:site\" content=\"@RLeinewelle\" \/>\n<meta name=\"twitter:label1\" content=\"Verfasst von\" \/>\n\t<meta name=\"twitter:data1\" content=\"Leinewelle\" \/>\n\t<meta name=\"twitter:label2\" content=\"Gesch\u00e4tzte Lesezeit\" \/>\n\t<meta name=\"twitter:data2\" content=\"2\u00a0Minuten\" \/>\n<script type=\"application\/ld+json\" class=\"yoast-schema-graph\">{\"@context\":\"https:\\\/\\\/schema.org\",\"@graph\":[{\"@type\":\"Article\",\"@id\":\"https:\\\/\\\/radioleinewelle.de\\\/index.php\\\/2021\\\/01\\\/22\\\/so-siehts-aus-die-coronalage-in-suedniedersachsen-am-22-01\\\/#article\",\"isPartOf\":{\"@id\":\"https:\\\/\\\/radioleinewelle.de\\\/index.php\\\/2021\\\/01\\\/22\\\/so-siehts-aus-die-coronalage-in-suedniedersachsen-am-22-01\\\/\"},\"author\":{\"name\":\"Leinewelle\",\"@id\":\"https:\\\/\\\/radioleinewelle.de\\\/#\\\/schema\\\/person\\\/45606f348637df637192dc1b68399a63\"},\"headline\":\"So siehts aus &#8211; die Coronalage in S\u00fcdniedersachsen am 22.01.\",\"datePublished\":\"2021-01-22T05:04:59+00:00\",\"mainEntityOfPage\":{\"@id\":\"https:\\\/\\\/radioleinewelle.de\\\/index.php\\\/2021\\\/01\\\/22\\\/so-siehts-aus-die-coronalage-in-suedniedersachsen-am-22-01\\\/\"},\"wordCount\":398,\"publisher\":{\"@id\":\"https:\\\/\\\/radioleinewelle.de\\\/#organization\"},\"articleSection\":[\"Corona\"],\"inLanguage\":\"de\"},{\"@type\":\"WebPage\",\"@id\":\"https:\\\/\\\/radioleinewelle.de\\\/index.php\\\/2021\\\/01\\\/22\\\/so-siehts-aus-die-coronalage-in-suedniedersachsen-am-22-01\\\/\",\"url\":\"https:\\\/\\\/radioleinewelle.de\\\/index.php\\\/2021\\\/01\\\/22\\\/so-siehts-aus-die-coronalage-in-suedniedersachsen-am-22-01\\\/\",\"name\":\"So siehts aus - die Coronalage in S\u00fcdniedersachsen am 22.01. - Radio Leinewelle\",\"isPartOf\":{\"@id\":\"https:\\\/\\\/radioleinewelle.de\\\/#website\"},\"datePublished\":\"2021-01-22T05:04:59+00:00\",\"breadcrumb\":{\"@id\":\"https:\\\/\\\/radioleinewelle.de\\\/index.php\\\/2021\\\/01\\\/22\\\/so-siehts-aus-die-coronalage-in-suedniedersachsen-am-22-01\\\/#breadcrumb\"},\"inLanguage\":\"de\",\"potentialAction\":[{\"@type\":\"ReadAction\",\"target\":[\"https:\\\/\\\/radioleinewelle.de\\\/index.php\\\/2021\\\/01\\\/22\\\/so-siehts-aus-die-coronalage-in-suedniedersachsen-am-22-01\\\/\"]}]},{\"@type\":\"BreadcrumbList\",\"@id\":\"https:\\\/\\\/radioleinewelle.de\\\/index.php\\\/2021\\\/01\\\/22\\\/so-siehts-aus-die-coronalage-in-suedniedersachsen-am-22-01\\\/#breadcrumb\",\"itemListElement\":[{\"@type\":\"ListItem\",\"position\":1,\"name\":\"Startseite\",\"item\":\"https:\\\/\\\/radioleinewelle.de\\\/\"},{\"@type\":\"ListItem\",\"position\":2,\"name\":\"So siehts aus &#8211; die Coronalage in S\u00fcdniedersachsen am 22.01.\"}]},{\"@type\":\"WebSite\",\"@id\":\"https:\\\/\\\/radioleinewelle.de\\\/#website\",\"url\":\"https:\\\/\\\/radioleinewelle.de\\\/\",\"name\":\"Radio Leinewelle\",\"description\":\"\",\"publisher\":{\"@id\":\"https:\\\/\\\/radioleinewelle.de\\\/#organization\"},\"potentialAction\":[{\"@type\":\"SearchAction\",\"target\":{\"@type\":\"EntryPoint\",\"urlTemplate\":\"https:\\\/\\\/radioleinewelle.de\\\/?s={search_term_string}\"},\"query-input\":{\"@type\":\"PropertyValueSpecification\",\"valueRequired\":true,\"valueName\":\"search_term_string\"}}],\"inLanguage\":\"de\"},{\"@type\":\"Organization\",\"@id\":\"https:\\\/\\\/radioleinewelle.de\\\/#organization\",\"name\":\"Radio Leinewelle\",\"alternateName\":\"Mein Radio f\u00fcr S\u00fcdniedersachsen\",\"url\":\"https:\\\/\\\/radioleinewelle.de\\\/\",\"logo\":{\"@type\":\"ImageObject\",\"inLanguage\":\"de\",\"@id\":\"https:\\\/\\\/radioleinewelle.de\\\/#\\\/schema\\\/logo\\\/image\\\/\",\"url\":\"https:\\\/\\\/radioleinewelle.de\\\/wp-content\\\/uploads\\\/2023\\\/11\\\/cropped-Leinewelle_Logo_weiss.png\",\"contentUrl\":\"https:\\\/\\\/radioleinewelle.de\\\/wp-content\\\/uploads\\\/2023\\\/11\\\/cropped-Leinewelle_Logo_weiss.png\",\"width\":854,\"height\":260,\"caption\":\"Radio Leinewelle\"},\"image\":{\"@id\":\"https:\\\/\\\/radioleinewelle.de\\\/#\\\/schema\\\/logo\\\/image\\\/\"},\"sameAs\":[\"https:\\\/\\\/www.facebook.com\\\/radioleinewelle\",\"https:\\\/\\\/x.com\\\/RLeinewelle\",\"https:\\\/\\\/www.instagram.com\\\/radioleinewelle\\\/?hl=de\"]},{\"@type\":\"Person\",\"@id\":\"https:\\\/\\\/radioleinewelle.de\\\/#\\\/schema\\\/person\\\/45606f348637df637192dc1b68399a63\",\"name\":\"Leinewelle\",\"image\":{\"@type\":\"ImageObject\",\"inLanguage\":\"de\",\"@id\":\"https:\\\/\\\/secure.gravatar.com\\\/avatar\\\/05c9a17bc973052ee5d91549bd32fb4dd0dc85b7b85ae94b2e2b4943476bbea5?s=96&d=blank&r=g\",\"url\":\"https:\\\/\\\/secure.gravatar.com\\\/avatar\\\/05c9a17bc973052ee5d91549bd32fb4dd0dc85b7b85ae94b2e2b4943476bbea5?s=96&d=blank&r=g\",\"contentUrl\":\"https:\\\/\\\/secure.gravatar.com\\\/avatar\\\/05c9a17bc973052ee5d91549bd32fb4dd0dc85b7b85ae94b2e2b4943476bbea5?s=96&d=blank&r=g\",\"caption\":\"Leinewelle\"},\"sameAs\":[\"http:\\\/\\\/localhost\\\/radio%20leinewelle\\\/wordpress\",\"https:\\\/\\\/www.facebook.com\\\/radioleinewelle\",\"https:\\\/\\\/www.instagram.com\\\/radioleinewelle\",\"https:\\\/\\\/x.com\\\/https:\\\/\\\/twitter.com\\\/RLeinewelle?ref_src=twsrcgoogletwcampserptwgrauthor\",\"https:\\\/\\\/soundcloud.com\\\/foerderverein-lokalradio?utm_source=clipboard&utm_medium=text&utm_campaign=social_sharing\"],\"url\":\"https:\\\/\\\/radioleinewelle.de\\\/index.php\\\/author\\\/leinewelle\\\/\"}]}<\/script>\n<!-- \/ Yoast SEO plugin. -->","yoast_head_json":{"title":"So siehts aus - die Coronalage in S\u00fcdniedersachsen am 22.01. - Radio Leinewelle","robots":{"index":"index","follow":"follow","max-snippet":"max-snippet:-1","max-image-preview":"max-image-preview:large","max-video-preview":"max-video-preview:-1"},"canonical":"https:\/\/radioleinewelle.de\/index.php\/2021\/01\/22\/so-siehts-aus-die-coronalage-in-suedniedersachsen-am-22-01\/","og_locale":"de_DE","og_type":"article","og_title":"So siehts aus - die Coronalage in S\u00fcdniedersachsen am 22.01. - Radio Leinewelle","og_description":"Zur Zeit liegt in Niedersachsen die Impfquote bei 1,4 %. Th\u00fcringen liegt bei 1,5 %, Hessen bei 1,3 %.der Gesamtbev\u00f6lkerung. Insgesamt sind bundesweit \u00fcber 1.324.091 Personen (Stand 21.01.) geimpft worden. Die t\u00e4glichen Impfraten steigen leicht an, liegen aber mit 50.000 pro Tag noch auf einem niedrigen Niveau.Die Inzidenzzahlen (Quelle RKI) in S\u00fcdniedersachsen liegen im Vergleich [&hellip;]","og_url":"https:\/\/radioleinewelle.de\/index.php\/2021\/01\/22\/so-siehts-aus-die-coronalage-in-suedniedersachsen-am-22-01\/","og_site_name":"Radio Leinewelle","article_publisher":"https:\/\/www.facebook.com\/radioleinewelle","article_author":"https:\/\/www.facebook.com\/radioleinewelle","article_published_time":"2021-01-22T05:04:59+00:00","author":"Leinewelle","twitter_card":"summary_large_image","twitter_creator":"@https:\/\/twitter.com\/RLeinewelle?ref_src=twsrcgoogletwcampserptwgrauthor","twitter_site":"@RLeinewelle","twitter_misc":{"Verfasst von":"Leinewelle","Gesch\u00e4tzte Lesezeit":"2\u00a0Minuten"},"schema":{"@context":"https:\/\/schema.org","@graph":[{"@type":"Article","@id":"https:\/\/radioleinewelle.de\/index.php\/2021\/01\/22\/so-siehts-aus-die-coronalage-in-suedniedersachsen-am-22-01\/#article","isPartOf":{"@id":"https:\/\/radioleinewelle.de\/index.php\/2021\/01\/22\/so-siehts-aus-die-coronalage-in-suedniedersachsen-am-22-01\/"},"author":{"name":"Leinewelle","@id":"https:\/\/radioleinewelle.de\/#\/schema\/person\/45606f348637df637192dc1b68399a63"},"headline":"So siehts aus &#8211; die Coronalage in S\u00fcdniedersachsen am 22.01.","datePublished":"2021-01-22T05:04:59+00:00","mainEntityOfPage":{"@id":"https:\/\/radioleinewelle.de\/index.php\/2021\/01\/22\/so-siehts-aus-die-coronalage-in-suedniedersachsen-am-22-01\/"},"wordCount":398,"publisher":{"@id":"https:\/\/radioleinewelle.de\/#organization"},"articleSection":["Corona"],"inLanguage":"de"},{"@type":"WebPage","@id":"https:\/\/radioleinewelle.de\/index.php\/2021\/01\/22\/so-siehts-aus-die-coronalage-in-suedniedersachsen-am-22-01\/","url":"https:\/\/radioleinewelle.de\/index.php\/2021\/01\/22\/so-siehts-aus-die-coronalage-in-suedniedersachsen-am-22-01\/","name":"So siehts aus - die Coronalage in S\u00fcdniedersachsen am 22.01. - Radio Leinewelle","isPartOf":{"@id":"https:\/\/radioleinewelle.de\/#website"},"datePublished":"2021-01-22T05:04:59+00:00","breadcrumb":{"@id":"https:\/\/radioleinewelle.de\/index.php\/2021\/01\/22\/so-siehts-aus-die-coronalage-in-suedniedersachsen-am-22-01\/#breadcrumb"},"inLanguage":"de","potentialAction":[{"@type":"ReadAction","target":["https:\/\/radioleinewelle.de\/index.php\/2021\/01\/22\/so-siehts-aus-die-coronalage-in-suedniedersachsen-am-22-01\/"]}]},{"@type":"BreadcrumbList","@id":"https:\/\/radioleinewelle.de\/index.php\/2021\/01\/22\/so-siehts-aus-die-coronalage-in-suedniedersachsen-am-22-01\/#breadcrumb","itemListElement":[{"@type":"ListItem","position":1,"name":"Startseite","item":"https:\/\/radioleinewelle.de\/"},{"@type":"ListItem","position":2,"name":"So siehts aus &#8211; die Coronalage in S\u00fcdniedersachsen am 22.01."}]},{"@type":"WebSite","@id":"https:\/\/radioleinewelle.de\/#website","url":"https:\/\/radioleinewelle.de\/","name":"Radio Leinewelle","description":"","publisher":{"@id":"https:\/\/radioleinewelle.de\/#organization"},"potentialAction":[{"@type":"SearchAction","target":{"@type":"EntryPoint","urlTemplate":"https:\/\/radioleinewelle.de\/?s={search_term_string}"},"query-input":{"@type":"PropertyValueSpecification","valueRequired":true,"valueName":"search_term_string"}}],"inLanguage":"de"},{"@type":"Organization","@id":"https:\/\/radioleinewelle.de\/#organization","name":"Radio Leinewelle","alternateName":"Mein Radio f\u00fcr S\u00fcdniedersachsen","url":"https:\/\/radioleinewelle.de\/","logo":{"@type":"ImageObject","inLanguage":"de","@id":"https:\/\/radioleinewelle.de\/#\/schema\/logo\/image\/","url":"https:\/\/radioleinewelle.de\/wp-content\/uploads\/2023\/11\/cropped-Leinewelle_Logo_weiss.png","contentUrl":"https:\/\/radioleinewelle.de\/wp-content\/uploads\/2023\/11\/cropped-Leinewelle_Logo_weiss.png","width":854,"height":260,"caption":"Radio Leinewelle"},"image":{"@id":"https:\/\/radioleinewelle.de\/#\/schema\/logo\/image\/"},"sameAs":["https:\/\/www.facebook.com\/radioleinewelle","https:\/\/x.com\/RLeinewelle","https:\/\/www.instagram.com\/radioleinewelle\/?hl=de"]},{"@type":"Person","@id":"https:\/\/radioleinewelle.de\/#\/schema\/person\/45606f348637df637192dc1b68399a63","name":"Leinewelle","image":{"@type":"ImageObject","inLanguage":"de","@id":"https:\/\/secure.gravatar.com\/avatar\/05c9a17bc973052ee5d91549bd32fb4dd0dc85b7b85ae94b2e2b4943476bbea5?s=96&d=blank&r=g","url":"https:\/\/secure.gravatar.com\/avatar\/05c9a17bc973052ee5d91549bd32fb4dd0dc85b7b85ae94b2e2b4943476bbea5?s=96&d=blank&r=g","contentUrl":"https:\/\/secure.gravatar.com\/avatar\/05c9a17bc973052ee5d91549bd32fb4dd0dc85b7b85ae94b2e2b4943476bbea5?s=96&d=blank&r=g","caption":"Leinewelle"},"sameAs":["http:\/\/localhost\/radio%20leinewelle\/wordpress","https:\/\/www.facebook.com\/radioleinewelle","https:\/\/www.instagram.com\/radioleinewelle","https:\/\/x.com\/https:\/\/twitter.com\/RLeinewelle?ref_src=twsrcgoogletwcampserptwgrauthor","https:\/\/soundcloud.com\/foerderverein-lokalradio?utm_source=clipboard&utm_medium=text&utm_campaign=social_sharing"],"url":"https:\/\/radioleinewelle.de\/index.php\/author\/leinewelle\/"}]}},"_links":{"self":[{"href":"https:\/\/radioleinewelle.de\/index.php\/wp-json\/wp\/v2\/posts\/4346","targetHints":{"allow":["GET"]}}],"collection":[{"href":"https:\/\/radioleinewelle.de\/index.php\/wp-json\/wp\/v2\/posts"}],"about":[{"href":"https:\/\/radioleinewelle.de\/index.php\/wp-json\/wp\/v2\/types\/post"}],"author":[{"embeddable":true,"href":"https:\/\/radioleinewelle.de\/index.php\/wp-json\/wp\/v2\/users\/1"}],"replies":[{"embeddable":true,"href":"https:\/\/radioleinewelle.de\/index.php\/wp-json\/wp\/v2\/comments?post=4346"}],"version-history":[{"count":0,"href":"https:\/\/radioleinewelle.de\/index.php\/wp-json\/wp\/v2\/posts\/4346\/revisions"}],"wp:attachment":[{"href":"https:\/\/radioleinewelle.de\/index.php\/wp-json\/wp\/v2\/media?parent=4346"}],"wp:term":[{"taxonomy":"category","embeddable":true,"href":"https:\/\/radioleinewelle.de\/index.php\/wp-json\/wp\/v2\/categories?post=4346"},{"taxonomy":"post_tag","embeddable":true,"href":"https:\/\/radioleinewelle.de\/index.php\/wp-json\/wp\/v2\/tags?post=4346"}],"curies":[{"name":"wp","href":"https:\/\/api.w.org\/{rel}","templated":true}]}}