{"id":4356,"date":"2021-01-22T05:20:00","date_gmt":"2021-01-22T04:20:00","guid":{"rendered":"https:\/\/radioleinewelle.de\/?p=4356"},"modified":"2021-01-22T05:20:00","modified_gmt":"2021-01-22T04:20:00","slug":"goettingen-neue-infos-der-stadt-zur-bombenraeumung","status":"publish","type":"post","link":"https:\/\/radioleinewelle.de\/index.php\/2021\/01\/22\/goettingen-neue-infos-der-stadt-zur-bombenraeumung\/","title":{"rendered":"G\u00f6ttingen: Neue Infos der Stadt zur Bombenr\u00e4umung"},"content":{"rendered":"\n<p><strong>Wegen Bombenverdachts in der Godehardstra\u00dfe m\u00fcssen am Sonnabend, 30. Januar 2021, alle Personen das Gebiet im Umkreis von 1.000 Metern um die Fundstelle bis 6.30 Uhr verlassen haben. Im Rahmen des Evakuierungskonzeptes werden an die Anwohner*innen Anfang kommender Woche Informationsflyer mit wichtigen Hinweisen verteilt. Die Informationen sind bereits online unter&nbsp;<a href=\"http:\/\/goe.de\/bombenverdacht\">goe.de\/bombenverdacht<\/a>&nbsp;verf\u00fcgbar.<\/strong><\/p>\n\n\n\n<p>Das Evakuierungskonzept unterteilt das Gebiet im 1.000-Meter-Radius in eine blaue, eine rote und eine gr\u00fcne Zone. Jeder Zone ist ein Evakuierungszentrum zugeteilt, bei Bedarf gibt es weitere Unterbringungsorte. Die Zuordnung der jeweiligen Stra\u00dfen und Hausnummern zu den einzelnen Standorten ist unter&nbsp;<a href=\"http:\/\/mailings.goettingen.de\/cp\/54809459\/763274683a0-qnaawa\">goe.de\/bombenverdacht<\/a>&nbsp; zu finden. Auch das B\u00fcrgertelefon unter 0551\/400-4048 gibt Auskunft zu den betroffenen Hausnummern.<\/p>\n\n\n\n<p><strong>Unterbringung<\/strong><\/p>\n\n\n\n<p>Die Bewohner*innen m\u00fcssen damit rechnen, dass sie erst am Sonntagmorgen, 31. Januar, wieder in ihre Wohnungen zur\u00fcckkommen. Die Stadt G\u00f6ttingen appelliert daher weiter an alle Bewohner*innen im Evakuierungsradius, sich mit Blick auf die Corona-Lage zun\u00e4chst um eine private Unterbringung f\u00fcr den 30. Januar und die Nacht zum 31. Januar zu k\u00fcmmern. Gem\u00e4\u00df Ausnahmeregelung k\u00f6nnen sich f\u00fcr diesen Fall zwei Haushalte treffen, die Anzahl der Personen ist frei. Bei engen Familienangeh\u00f6rigen k\u00f6nnen es auch mehr als zwei Haushalte sein. Falls keine private Unterbringung m\u00f6glich ist, wenden sich Anwohner*innen bitte umgehend an das B\u00fcrgertelefon unter 0551\/400-4048. Bislang sind dort Unterbringungsanmeldungen in einem der Evakuierungszentren f\u00fcr knapp 500 Personen eingetroffen.<\/p>\n\n\n\n<p><strong>Transport<\/strong><\/p>\n\n\n\n<p>Der Transport dorthin erfolgt mit Shuttle-Bussen der G\u00f6ttinger Verkehrsbetriebe (G\u00f6VB). Von der Anfahrt mit eigenem Pkw wird mangels ausreichender Parkplatzkapazit\u00e4ten dringend abgeraten. Die Anwohner*innen erhalten kostenlos FFP2-Masken, die ersten werden in den Bussen verteilt. Bei der Anmeldung im Evakuierungszentrum wird zur Sicherheit Fieber gemessen. F\u00fcr einen R\u00fccktransport per Shuttle-Bus wird nach Ende des Einsatzes, also nach der Entwarnung gesorgt. Die Unterbringung von Bewohner*innen verschiedener Einrichtungen im Evakuierungsgebiet wie Altenpflegeheimen ist gesichert.<\/p>\n","protected":false},"excerpt":{"rendered":"<p>Wegen Bombenverdachts in der Godehardstra\u00dfe m\u00fcssen am Sonnabend, 30. Januar 2021, alle Personen das Gebiet im Umkreis von 1.000 Metern um die Fundstelle bis 6.30 Uhr verlassen haben. Im Rahmen des Evakuierungskonzeptes werden an die Anwohner*innen Anfang kommender Woche Informationsflyer mit wichtigen Hinweisen verteilt. Die Informationen sind bereits online unter&nbsp;goe.de\/bombenverdacht&nbsp;verf\u00fcgbar. Das Evakuierungskonzept unterteilt das Gebiet [&hellip;]<\/p>\n","protected":false},"author":1,"featured_media":4001,"comment_status":"closed","ping_status":"closed","sticky":false,"template":"","format":"standard","meta":{"saved_in_kubio":false,"footnotes":""},"categories":[24],"tags":[],"class_list":["post-4356","post","type-post","status-publish","format-standard","has-post-thumbnail","hentry","category-news"],"yoast_head":"<!-- This site is optimized with the Yoast SEO plugin v27.5 - https:\/\/yoast.com\/product\/yoast-seo-wordpress\/ -->\n<title>G\u00f6ttingen: Neue Infos der Stadt zur Bombenr\u00e4umung - Radio Leinewelle<\/title>\n<meta name=\"robots\" content=\"index, follow, max-snippet:-1, max-image-preview:large, max-video-preview:-1\" \/>\n<link rel=\"canonical\" href=\"https:\/\/radioleinewelle.de\/index.php\/2021\/01\/22\/goettingen-neue-infos-der-stadt-zur-bombenraeumung\/\" \/>\n<meta property=\"og:locale\" content=\"de_DE\" \/>\n<meta property=\"og:type\" content=\"article\" \/>\n<meta property=\"og:title\" content=\"G\u00f6ttingen: Neue Infos der Stadt zur Bombenr\u00e4umung - Radio Leinewelle\" \/>\n<meta property=\"og:description\" content=\"Wegen Bombenverdachts in der Godehardstra\u00dfe m\u00fcssen am Sonnabend, 30. Januar 2021, alle Personen das Gebiet im Umkreis von 1.000 Metern um die Fundstelle bis 6.30 Uhr verlassen haben. Im Rahmen des Evakuierungskonzeptes werden an die Anwohner*innen Anfang kommender Woche Informationsflyer mit wichtigen Hinweisen verteilt. Die Informationen sind bereits online unter&nbsp;goe.de\/bombenverdacht&nbsp;verf\u00fcgbar. Das Evakuierungskonzept unterteilt das Gebiet [&hellip;]\" \/>\n<meta property=\"og:url\" content=\"https:\/\/radioleinewelle.de\/index.php\/2021\/01\/22\/goettingen-neue-infos-der-stadt-zur-bombenraeumung\/\" \/>\n<meta property=\"og:site_name\" content=\"Radio Leinewelle\" \/>\n<meta property=\"article:publisher\" content=\"https:\/\/www.facebook.com\/radioleinewelle\" \/>\n<meta property=\"article:author\" content=\"https:\/\/www.facebook.com\/radioleinewelle\" \/>\n<meta property=\"article:published_time\" content=\"2021-01-22T04:20:00+00:00\" \/>\n<meta property=\"og:image\" content=\"https:\/\/radioleinewelle.de\/wp-content\/uploads\/2021\/01\/evacuation-sign-1738375_640.jpg\" \/>\n\t<meta property=\"og:image:width\" content=\"640\" \/>\n\t<meta property=\"og:image:height\" content=\"428\" \/>\n\t<meta property=\"og:image:type\" content=\"image\/jpeg\" \/>\n<meta name=\"author\" content=\"Leinewelle\" \/>\n<meta name=\"twitter:card\" content=\"summary_large_image\" \/>\n<meta name=\"twitter:creator\" content=\"@https:\/\/twitter.com\/RLeinewelle?ref_src=twsrcgoogletwcampserptwgrauthor\" \/>\n<meta name=\"twitter:site\" content=\"@RLeinewelle\" \/>\n<meta name=\"twitter:label1\" content=\"Verfasst von\" \/>\n\t<meta name=\"twitter:data1\" content=\"Leinewelle\" \/>\n\t<meta name=\"twitter:label2\" content=\"Gesch\u00e4tzte Lesezeit\" \/>\n\t<meta name=\"twitter:data2\" content=\"2\u00a0Minuten\" \/>\n<script type=\"application\/ld+json\" class=\"yoast-schema-graph\">{\"@context\":\"https:\\\/\\\/schema.org\",\"@graph\":[{\"@type\":\"Article\",\"@id\":\"https:\\\/\\\/radioleinewelle.de\\\/index.php\\\/2021\\\/01\\\/22\\\/goettingen-neue-infos-der-stadt-zur-bombenraeumung\\\/#article\",\"isPartOf\":{\"@id\":\"https:\\\/\\\/radioleinewelle.de\\\/index.php\\\/2021\\\/01\\\/22\\\/goettingen-neue-infos-der-stadt-zur-bombenraeumung\\\/\"},\"author\":{\"name\":\"Leinewelle\",\"@id\":\"https:\\\/\\\/radioleinewelle.de\\\/#\\\/schema\\\/person\\\/45606f348637df637192dc1b68399a63\"},\"headline\":\"G\u00f6ttingen: Neue Infos der Stadt zur Bombenr\u00e4umung\",\"datePublished\":\"2021-01-22T04:20:00+00:00\",\"mainEntityOfPage\":{\"@id\":\"https:\\\/\\\/radioleinewelle.de\\\/index.php\\\/2021\\\/01\\\/22\\\/goettingen-neue-infos-der-stadt-zur-bombenraeumung\\\/\"},\"wordCount\":327,\"publisher\":{\"@id\":\"https:\\\/\\\/radioleinewelle.de\\\/#organization\"},\"image\":{\"@id\":\"https:\\\/\\\/radioleinewelle.de\\\/index.php\\\/2021\\\/01\\\/22\\\/goettingen-neue-infos-der-stadt-zur-bombenraeumung\\\/#primaryimage\"},\"thumbnailUrl\":\"https:\\\/\\\/radioleinewelle.de\\\/wp-content\\\/uploads\\\/2021\\\/01\\\/evacuation-sign-1738375_640.jpg\",\"articleSection\":[\"Aktuelle Nachrichten\"],\"inLanguage\":\"de\"},{\"@type\":\"WebPage\",\"@id\":\"https:\\\/\\\/radioleinewelle.de\\\/index.php\\\/2021\\\/01\\\/22\\\/goettingen-neue-infos-der-stadt-zur-bombenraeumung\\\/\",\"url\":\"https:\\\/\\\/radioleinewelle.de\\\/index.php\\\/2021\\\/01\\\/22\\\/goettingen-neue-infos-der-stadt-zur-bombenraeumung\\\/\",\"name\":\"G\u00f6ttingen: Neue Infos der Stadt zur Bombenr\u00e4umung - Radio Leinewelle\",\"isPartOf\":{\"@id\":\"https:\\\/\\\/radioleinewelle.de\\\/#website\"},\"primaryImageOfPage\":{\"@id\":\"https:\\\/\\\/radioleinewelle.de\\\/index.php\\\/2021\\\/01\\\/22\\\/goettingen-neue-infos-der-stadt-zur-bombenraeumung\\\/#primaryimage\"},\"image\":{\"@id\":\"https:\\\/\\\/radioleinewelle.de\\\/index.php\\\/2021\\\/01\\\/22\\\/goettingen-neue-infos-der-stadt-zur-bombenraeumung\\\/#primaryimage\"},\"thumbnailUrl\":\"https:\\\/\\\/radioleinewelle.de\\\/wp-content\\\/uploads\\\/2021\\\/01\\\/evacuation-sign-1738375_640.jpg\",\"datePublished\":\"2021-01-22T04:20:00+00:00\",\"breadcrumb\":{\"@id\":\"https:\\\/\\\/radioleinewelle.de\\\/index.php\\\/2021\\\/01\\\/22\\\/goettingen-neue-infos-der-stadt-zur-bombenraeumung\\\/#breadcrumb\"},\"inLanguage\":\"de\",\"potentialAction\":[{\"@type\":\"ReadAction\",\"target\":[\"https:\\\/\\\/radioleinewelle.de\\\/index.php\\\/2021\\\/01\\\/22\\\/goettingen-neue-infos-der-stadt-zur-bombenraeumung\\\/\"]}]},{\"@type\":\"ImageObject\",\"inLanguage\":\"de\",\"@id\":\"https:\\\/\\\/radioleinewelle.de\\\/index.php\\\/2021\\\/01\\\/22\\\/goettingen-neue-infos-der-stadt-zur-bombenraeumung\\\/#primaryimage\",\"url\":\"https:\\\/\\\/radioleinewelle.de\\\/wp-content\\\/uploads\\\/2021\\\/01\\\/evacuation-sign-1738375_640.jpg\",\"contentUrl\":\"https:\\\/\\\/radioleinewelle.de\\\/wp-content\\\/uploads\\\/2021\\\/01\\\/evacuation-sign-1738375_640.jpg\",\"width\":640,\"height\":428},{\"@type\":\"BreadcrumbList\",\"@id\":\"https:\\\/\\\/radioleinewelle.de\\\/index.php\\\/2021\\\/01\\\/22\\\/goettingen-neue-infos-der-stadt-zur-bombenraeumung\\\/#breadcrumb\",\"itemListElement\":[{\"@type\":\"ListItem\",\"position\":1,\"name\":\"Startseite\",\"item\":\"https:\\\/\\\/radioleinewelle.de\\\/\"},{\"@type\":\"ListItem\",\"position\":2,\"name\":\"G\u00f6ttingen: Neue Infos der Stadt zur Bombenr\u00e4umung\"}]},{\"@type\":\"WebSite\",\"@id\":\"https:\\\/\\\/radioleinewelle.de\\\/#website\",\"url\":\"https:\\\/\\\/radioleinewelle.de\\\/\",\"name\":\"Radio Leinewelle\",\"description\":\"\",\"publisher\":{\"@id\":\"https:\\\/\\\/radioleinewelle.de\\\/#organization\"},\"potentialAction\":[{\"@type\":\"SearchAction\",\"target\":{\"@type\":\"EntryPoint\",\"urlTemplate\":\"https:\\\/\\\/radioleinewelle.de\\\/?s={search_term_string}\"},\"query-input\":{\"@type\":\"PropertyValueSpecification\",\"valueRequired\":true,\"valueName\":\"search_term_string\"}}],\"inLanguage\":\"de\"},{\"@type\":\"Organization\",\"@id\":\"https:\\\/\\\/radioleinewelle.de\\\/#organization\",\"name\":\"Radio Leinewelle\",\"alternateName\":\"Mein Radio f\u00fcr S\u00fcdniedersachsen\",\"url\":\"https:\\\/\\\/radioleinewelle.de\\\/\",\"logo\":{\"@type\":\"ImageObject\",\"inLanguage\":\"de\",\"@id\":\"https:\\\/\\\/radioleinewelle.de\\\/#\\\/schema\\\/logo\\\/image\\\/\",\"url\":\"https:\\\/\\\/radioleinewelle.de\\\/wp-content\\\/uploads\\\/2023\\\/11\\\/cropped-Leinewelle_Logo_weiss.png\",\"contentUrl\":\"https:\\\/\\\/radioleinewelle.de\\\/wp-content\\\/uploads\\\/2023\\\/11\\\/cropped-Leinewelle_Logo_weiss.png\",\"width\":854,\"height\":260,\"caption\":\"Radio Leinewelle\"},\"image\":{\"@id\":\"https:\\\/\\\/radioleinewelle.de\\\/#\\\/schema\\\/logo\\\/image\\\/\"},\"sameAs\":[\"https:\\\/\\\/www.facebook.com\\\/radioleinewelle\",\"https:\\\/\\\/x.com\\\/RLeinewelle\",\"https:\\\/\\\/www.instagram.com\\\/radioleinewelle\\\/?hl=de\"]},{\"@type\":\"Person\",\"@id\":\"https:\\\/\\\/radioleinewelle.de\\\/#\\\/schema\\\/person\\\/45606f348637df637192dc1b68399a63\",\"name\":\"Leinewelle\",\"image\":{\"@type\":\"ImageObject\",\"inLanguage\":\"de\",\"@id\":\"https:\\\/\\\/secure.gravatar.com\\\/avatar\\\/05c9a17bc973052ee5d91549bd32fb4dd0dc85b7b85ae94b2e2b4943476bbea5?s=96&d=blank&r=g\",\"url\":\"https:\\\/\\\/secure.gravatar.com\\\/avatar\\\/05c9a17bc973052ee5d91549bd32fb4dd0dc85b7b85ae94b2e2b4943476bbea5?s=96&d=blank&r=g\",\"contentUrl\":\"https:\\\/\\\/secure.gravatar.com\\\/avatar\\\/05c9a17bc973052ee5d91549bd32fb4dd0dc85b7b85ae94b2e2b4943476bbea5?s=96&d=blank&r=g\",\"caption\":\"Leinewelle\"},\"sameAs\":[\"http:\\\/\\\/localhost\\\/radio%20leinewelle\\\/wordpress\",\"https:\\\/\\\/www.facebook.com\\\/radioleinewelle\",\"https:\\\/\\\/www.instagram.com\\\/radioleinewelle\",\"https:\\\/\\\/x.com\\\/https:\\\/\\\/twitter.com\\\/RLeinewelle?ref_src=twsrcgoogletwcampserptwgrauthor\",\"https:\\\/\\\/soundcloud.com\\\/foerderverein-lokalradio?utm_source=clipboard&utm_medium=text&utm_campaign=social_sharing\"],\"url\":\"https:\\\/\\\/radioleinewelle.de\\\/index.php\\\/author\\\/leinewelle\\\/\"}]}<\/script>\n<!-- \/ Yoast SEO plugin. -->","yoast_head_json":{"title":"G\u00f6ttingen: Neue Infos der Stadt zur Bombenr\u00e4umung - Radio Leinewelle","robots":{"index":"index","follow":"follow","max-snippet":"max-snippet:-1","max-image-preview":"max-image-preview:large","max-video-preview":"max-video-preview:-1"},"canonical":"https:\/\/radioleinewelle.de\/index.php\/2021\/01\/22\/goettingen-neue-infos-der-stadt-zur-bombenraeumung\/","og_locale":"de_DE","og_type":"article","og_title":"G\u00f6ttingen: Neue Infos der Stadt zur Bombenr\u00e4umung - Radio Leinewelle","og_description":"Wegen Bombenverdachts in der Godehardstra\u00dfe m\u00fcssen am Sonnabend, 30. Januar 2021, alle Personen das Gebiet im Umkreis von 1.000 Metern um die Fundstelle bis 6.30 Uhr verlassen haben. Im Rahmen des Evakuierungskonzeptes werden an die Anwohner*innen Anfang kommender Woche Informationsflyer mit wichtigen Hinweisen verteilt. Die Informationen sind bereits online unter&nbsp;goe.de\/bombenverdacht&nbsp;verf\u00fcgbar. Das Evakuierungskonzept unterteilt das Gebiet [&hellip;]","og_url":"https:\/\/radioleinewelle.de\/index.php\/2021\/01\/22\/goettingen-neue-infos-der-stadt-zur-bombenraeumung\/","og_site_name":"Radio Leinewelle","article_publisher":"https:\/\/www.facebook.com\/radioleinewelle","article_author":"https:\/\/www.facebook.com\/radioleinewelle","article_published_time":"2021-01-22T04:20:00+00:00","og_image":[{"width":640,"height":428,"url":"https:\/\/radioleinewelle.de\/wp-content\/uploads\/2021\/01\/evacuation-sign-1738375_640.jpg","type":"image\/jpeg"}],"author":"Leinewelle","twitter_card":"summary_large_image","twitter_creator":"@https:\/\/twitter.com\/RLeinewelle?ref_src=twsrcgoogletwcampserptwgrauthor","twitter_site":"@RLeinewelle","twitter_misc":{"Verfasst von":"Leinewelle","Gesch\u00e4tzte Lesezeit":"2\u00a0Minuten"},"schema":{"@context":"https:\/\/schema.org","@graph":[{"@type":"Article","@id":"https:\/\/radioleinewelle.de\/index.php\/2021\/01\/22\/goettingen-neue-infos-der-stadt-zur-bombenraeumung\/#article","isPartOf":{"@id":"https:\/\/radioleinewelle.de\/index.php\/2021\/01\/22\/goettingen-neue-infos-der-stadt-zur-bombenraeumung\/"},"author":{"name":"Leinewelle","@id":"https:\/\/radioleinewelle.de\/#\/schema\/person\/45606f348637df637192dc1b68399a63"},"headline":"G\u00f6ttingen: Neue Infos der Stadt zur Bombenr\u00e4umung","datePublished":"2021-01-22T04:20:00+00:00","mainEntityOfPage":{"@id":"https:\/\/radioleinewelle.de\/index.php\/2021\/01\/22\/goettingen-neue-infos-der-stadt-zur-bombenraeumung\/"},"wordCount":327,"publisher":{"@id":"https:\/\/radioleinewelle.de\/#organization"},"image":{"@id":"https:\/\/radioleinewelle.de\/index.php\/2021\/01\/22\/goettingen-neue-infos-der-stadt-zur-bombenraeumung\/#primaryimage"},"thumbnailUrl":"https:\/\/radioleinewelle.de\/wp-content\/uploads\/2021\/01\/evacuation-sign-1738375_640.jpg","articleSection":["Aktuelle Nachrichten"],"inLanguage":"de"},{"@type":"WebPage","@id":"https:\/\/radioleinewelle.de\/index.php\/2021\/01\/22\/goettingen-neue-infos-der-stadt-zur-bombenraeumung\/","url":"https:\/\/radioleinewelle.de\/index.php\/2021\/01\/22\/goettingen-neue-infos-der-stadt-zur-bombenraeumung\/","name":"G\u00f6ttingen: Neue Infos der Stadt zur Bombenr\u00e4umung - Radio Leinewelle","isPartOf":{"@id":"https:\/\/radioleinewelle.de\/#website"},"primaryImageOfPage":{"@id":"https:\/\/radioleinewelle.de\/index.php\/2021\/01\/22\/goettingen-neue-infos-der-stadt-zur-bombenraeumung\/#primaryimage"},"image":{"@id":"https:\/\/radioleinewelle.de\/index.php\/2021\/01\/22\/goettingen-neue-infos-der-stadt-zur-bombenraeumung\/#primaryimage"},"thumbnailUrl":"https:\/\/radioleinewelle.de\/wp-content\/uploads\/2021\/01\/evacuation-sign-1738375_640.jpg","datePublished":"2021-01-22T04:20:00+00:00","breadcrumb":{"@id":"https:\/\/radioleinewelle.de\/index.php\/2021\/01\/22\/goettingen-neue-infos-der-stadt-zur-bombenraeumung\/#breadcrumb"},"inLanguage":"de","potentialAction":[{"@type":"ReadAction","target":["https:\/\/radioleinewelle.de\/index.php\/2021\/01\/22\/goettingen-neue-infos-der-stadt-zur-bombenraeumung\/"]}]},{"@type":"ImageObject","inLanguage":"de","@id":"https:\/\/radioleinewelle.de\/index.php\/2021\/01\/22\/goettingen-neue-infos-der-stadt-zur-bombenraeumung\/#primaryimage","url":"https:\/\/radioleinewelle.de\/wp-content\/uploads\/2021\/01\/evacuation-sign-1738375_640.jpg","contentUrl":"https:\/\/radioleinewelle.de\/wp-content\/uploads\/2021\/01\/evacuation-sign-1738375_640.jpg","width":640,"height":428},{"@type":"BreadcrumbList","@id":"https:\/\/radioleinewelle.de\/index.php\/2021\/01\/22\/goettingen-neue-infos-der-stadt-zur-bombenraeumung\/#breadcrumb","itemListElement":[{"@type":"ListItem","position":1,"name":"Startseite","item":"https:\/\/radioleinewelle.de\/"},{"@type":"ListItem","position":2,"name":"G\u00f6ttingen: Neue Infos der Stadt zur Bombenr\u00e4umung"}]},{"@type":"WebSite","@id":"https:\/\/radioleinewelle.de\/#website","url":"https:\/\/radioleinewelle.de\/","name":"Radio Leinewelle","description":"","publisher":{"@id":"https:\/\/radioleinewelle.de\/#organization"},"potentialAction":[{"@type":"SearchAction","target":{"@type":"EntryPoint","urlTemplate":"https:\/\/radioleinewelle.de\/?s={search_term_string}"},"query-input":{"@type":"PropertyValueSpecification","valueRequired":true,"valueName":"search_term_string"}}],"inLanguage":"de"},{"@type":"Organization","@id":"https:\/\/radioleinewelle.de\/#organization","name":"Radio Leinewelle","alternateName":"Mein Radio f\u00fcr S\u00fcdniedersachsen","url":"https:\/\/radioleinewelle.de\/","logo":{"@type":"ImageObject","inLanguage":"de","@id":"https:\/\/radioleinewelle.de\/#\/schema\/logo\/image\/","url":"https:\/\/radioleinewelle.de\/wp-content\/uploads\/2023\/11\/cropped-Leinewelle_Logo_weiss.png","contentUrl":"https:\/\/radioleinewelle.de\/wp-content\/uploads\/2023\/11\/cropped-Leinewelle_Logo_weiss.png","width":854,"height":260,"caption":"Radio Leinewelle"},"image":{"@id":"https:\/\/radioleinewelle.de\/#\/schema\/logo\/image\/"},"sameAs":["https:\/\/www.facebook.com\/radioleinewelle","https:\/\/x.com\/RLeinewelle","https:\/\/www.instagram.com\/radioleinewelle\/?hl=de"]},{"@type":"Person","@id":"https:\/\/radioleinewelle.de\/#\/schema\/person\/45606f348637df637192dc1b68399a63","name":"Leinewelle","image":{"@type":"ImageObject","inLanguage":"de","@id":"https:\/\/secure.gravatar.com\/avatar\/05c9a17bc973052ee5d91549bd32fb4dd0dc85b7b85ae94b2e2b4943476bbea5?s=96&d=blank&r=g","url":"https:\/\/secure.gravatar.com\/avatar\/05c9a17bc973052ee5d91549bd32fb4dd0dc85b7b85ae94b2e2b4943476bbea5?s=96&d=blank&r=g","contentUrl":"https:\/\/secure.gravatar.com\/avatar\/05c9a17bc973052ee5d91549bd32fb4dd0dc85b7b85ae94b2e2b4943476bbea5?s=96&d=blank&r=g","caption":"Leinewelle"},"sameAs":["http:\/\/localhost\/radio%20leinewelle\/wordpress","https:\/\/www.facebook.com\/radioleinewelle","https:\/\/www.instagram.com\/radioleinewelle","https:\/\/x.com\/https:\/\/twitter.com\/RLeinewelle?ref_src=twsrcgoogletwcampserptwgrauthor","https:\/\/soundcloud.com\/foerderverein-lokalradio?utm_source=clipboard&utm_medium=text&utm_campaign=social_sharing"],"url":"https:\/\/radioleinewelle.de\/index.php\/author\/leinewelle\/"}]}},"_links":{"self":[{"href":"https:\/\/radioleinewelle.de\/index.php\/wp-json\/wp\/v2\/posts\/4356","targetHints":{"allow":["GET"]}}],"collection":[{"href":"https:\/\/radioleinewelle.de\/index.php\/wp-json\/wp\/v2\/posts"}],"about":[{"href":"https:\/\/radioleinewelle.de\/index.php\/wp-json\/wp\/v2\/types\/post"}],"author":[{"embeddable":true,"href":"https:\/\/radioleinewelle.de\/index.php\/wp-json\/wp\/v2\/users\/1"}],"replies":[{"embeddable":true,"href":"https:\/\/radioleinewelle.de\/index.php\/wp-json\/wp\/v2\/comments?post=4356"}],"version-history":[{"count":0,"href":"https:\/\/radioleinewelle.de\/index.php\/wp-json\/wp\/v2\/posts\/4356\/revisions"}],"wp:featuredmedia":[{"embeddable":true,"href":"https:\/\/radioleinewelle.de\/index.php\/wp-json\/wp\/v2\/media\/4001"}],"wp:attachment":[{"href":"https:\/\/radioleinewelle.de\/index.php\/wp-json\/wp\/v2\/media?parent=4356"}],"wp:term":[{"taxonomy":"category","embeddable":true,"href":"https:\/\/radioleinewelle.de\/index.php\/wp-json\/wp\/v2\/categories?post=4356"},{"taxonomy":"post_tag","embeddable":true,"href":"https:\/\/radioleinewelle.de\/index.php\/wp-json\/wp\/v2\/tags?post=4356"}],"curies":[{"name":"wp","href":"https:\/\/api.w.org\/{rel}","templated":true}]}}