{"id":4371,"date":"2021-01-22T08:12:27","date_gmt":"2021-01-22T07:12:27","guid":{"rendered":"https:\/\/radioleinewelle.de\/?p=4371"},"modified":"2021-01-22T08:12:27","modified_gmt":"2021-01-22T07:12:27","slug":"anklage-gegen-24jaehrigen-brandstifter-erhoben","status":"publish","type":"post","link":"https:\/\/radioleinewelle.de\/index.php\/2021\/01\/22\/anklage-gegen-24jaehrigen-brandstifter-erhoben\/","title":{"rendered":"Anklage gegen 24j\u00e4hrigen Brandstifter erhoben"},"content":{"rendered":"\n<p>Die Staatsanwaltschaft G\u00f6ttingen hat gegen einen 24 Jahre alten Mann aus dem Gro\u00dfraum Braunschweig\/Wolfsburg, der fr\u00fcher in Einbeck wohnhaft war, Anklage vor der gro\u00dfen Strafkammer des Landgerichts G\u00f6ttingen erhoben. Ihm werden 16 Brandstiftungen, die Unterschlagung eines Pkw sowie 33 Betrugstaten zum Nachteil von Hotelbetreibern und Tankstelleninhabern zur Last gelegt.<br \/><br \/>Der Angeschuldigte soll zun\u00e4chst im Juli 2020 in Hildesheim unter dem Vorwand, eine Probefahrt durchf\u00fchren zu wollen, einen Pkw VW Golf VII 4 Motion mit einem Zeitwert von 37.000 \u20ac erlangt haben. In der Folgezeit soll er das Fahrzeug genutzt haben, um im Zeitraum vom 25.8.2020 bis 14.9.2020 Br\u00e4nde zu legen. Ab dem 25.8.2020 soll er in Einbeck insgesamt 9 Gartenlauben und einen Schuppen durch Brandsetzung zerst\u00f6rt haben. Am 29.8.2020 soll er dann ein unbewohntes Wohnhaus in Einbeck in Brand gesetzt haben, welches komplett ausbrannte. Am 30.8.2020 soll er im Einbecker Ortsteil Kohnsen ein Strohlager entz\u00fcndet haben. Das Feuer griff auf den Dachstuhl der daneben befindlichen Scheune in Teilbereichen \u00fcber, so dass ein Sachschaden in H\u00f6he von 35.000 \u20ac entstand. Am selben Tattag soll er in Einbeck\/Rotenkirchen an einem landwirtschaftlichen Geb\u00e4ude die h\u00f6lzerne Fassadenverkleidung sowie ein Tor in Brand gesetzt haben. Durch ein fr\u00fchzeitiges Eingreifen der Feuerwehr konnte ein Vollbrand verhindert und die Gefahr beseitigt werden, dass dort gelagerter Fl\u00fcssigd\u00fcnger detoniert. Des weiteren werden dem Angeschuldigten die Inbrandsetzung eines Holzstapels in Einbeck\/Rittierode am 31.8.2020 sowie die Inbrandsetzung einer Fachwerkscheune mit einem darin befindlichen Strohlager in Einbeck\/Stroit am 4.9.2020 zur Last gelegt. Durch das Feuer wurde die Scheune vollst\u00e4ndig zerst\u00f6rt. Es entstand ein Sachschaden in H\u00f6he von ca. 250.000 \u20ac. Durch das Entz\u00fcnden einer Scheune in Einbeck\/Dassensen am 7.9.2020 soll ein weiterer Sachschaden in H\u00f6he von 15.000 \u20ac entstanden sein. In 4 weiteren F\u00e4llen soll der Angeschuldigte ab dem 9.9.2020 in Einbeck und Northeim gro\u00dfe Mengen an Strohballen \u2013 in einem Fall alleine 2.000 St\u00fcck \u2013 entz\u00fcndet haben.<\/p>\n\n\n\n<p>Zum Zeitpunkt der letzten Tat wurde der Angeschuldigte in unmittelbarer Tatortn\u00e4he durch eine Wildkamera fotografiert, wodurch er identifiziert werden konnte. W\u00e4hrend des gesamten Tatzeitraums vom 28.7.2020 bis 21.9.2020 soll der Angeschuldigte an zahlreichen Tankstellen getankt haben und anschlie\u00dfend mit dem Pkw davongefahren sein, ohne die Tankrechnungen zu begleichen. Des Weiteren soll er in dieser Zeit in diversen Hotels \u00fcbernachtet und diese verlassen haben, ohne die Kosten f\u00fcr die \u00dcbernachtung sowie Speisen und Getr\u00e4nke beglichen zu haben.<\/p>\n\n\n\n<p>Der Angeschuldigte hat s\u00e4mtliche Taten einger\u00e4umt. Er hat angegeben, planlos durch Niedersachsen gefahren und ab Ende August 2020 die Br\u00e4nde gelegt zu haben. Die Brandlegungen seien f\u00fcr ihn ein entlastendes Ventil gewesen. Er habe in diesen Momenten keine Sorgen und Probleme gesp\u00fcrt. Im Nachhinein bereue er es, diese Dinge getan zu haben.<\/p>\n\n\n\n<p>Der Angeschuldigte konnte am 22.9.2020 in einem Hotel in K\u00f6nigslutter durch Einsatzkr\u00e4fte des mobilen Einsatzkommandos des Landeskriminalamtes festgenommen werden. Er wurde anschlie\u00dfend dem zust\u00e4ndigen Ermittlungsrichter in G\u00f6ttingen vorgef\u00fchrt, der Haftbefehl erlie\u00df. Seit dem 22.9.2020 befindet sich der Angeschuldigte in Untersuchungshaft.<\/p>\n\n\n\n<p>Ein Hauptverhandlungstermin steht noch nicht fest.<\/p>\n\n\n\n<p>Symbolbild von&nbsp;<a href=\"https:\/\/pixabay.com\/de\/users\/591360-591360\/?utm_source=link-attribution&amp;utm_medium=referral&amp;utm_campaign=image&amp;utm_content=1038467\">K. H. J. \/ MCI<\/a>&nbsp;auf&nbsp;<a href=\"https:\/\/pixabay.com\/de\/?utm_source=link-attribution&amp;utm_medium=referral&amp;utm_campaign=image&amp;utm_content=1038467\">Pixabay<\/a><\/p>\n","protected":false},"excerpt":{"rendered":"<p>Die Staatsanwaltschaft G\u00f6ttingen hat gegen einen 24 Jahre alten Mann aus dem Gro\u00dfraum Braunschweig\/Wolfsburg, der fr\u00fcher in Einbeck wohnhaft war, Anklage vor der gro\u00dfen Strafkammer des Landgerichts G\u00f6ttingen erhoben. Ihm werden 16 Brandstiftungen, die Unterschlagung eines Pkw sowie 33 Betrugstaten zum Nachteil von Hotelbetreibern und Tankstelleninhabern zur Last gelegt. Der Angeschuldigte soll zun\u00e4chst im Juli [&hellip;]<\/p>\n","protected":false},"author":1,"featured_media":0,"comment_status":"closed","ping_status":"closed","sticky":false,"template":"","format":"standard","meta":{"saved_in_kubio":false,"footnotes":""},"categories":[24],"tags":[],"class_list":["post-4371","post","type-post","status-publish","format-standard","hentry","category-news"],"yoast_head":"<!-- This site is optimized with the Yoast SEO plugin v27.5 - https:\/\/yoast.com\/product\/yoast-seo-wordpress\/ -->\n<title>Anklage gegen 24j\u00e4hrigen Brandstifter erhoben - Radio Leinewelle<\/title>\n<meta name=\"robots\" content=\"index, follow, max-snippet:-1, max-image-preview:large, max-video-preview:-1\" \/>\n<link rel=\"canonical\" href=\"https:\/\/radioleinewelle.de\/index.php\/2021\/01\/22\/anklage-gegen-24jaehrigen-brandstifter-erhoben\/\" \/>\n<meta property=\"og:locale\" content=\"de_DE\" \/>\n<meta property=\"og:type\" content=\"article\" \/>\n<meta property=\"og:title\" content=\"Anklage gegen 24j\u00e4hrigen Brandstifter erhoben - Radio Leinewelle\" \/>\n<meta property=\"og:description\" content=\"Die Staatsanwaltschaft G\u00f6ttingen hat gegen einen 24 Jahre alten Mann aus dem Gro\u00dfraum Braunschweig\/Wolfsburg, der fr\u00fcher in Einbeck wohnhaft war, Anklage vor der gro\u00dfen Strafkammer des Landgerichts G\u00f6ttingen erhoben. Ihm werden 16 Brandstiftungen, die Unterschlagung eines Pkw sowie 33 Betrugstaten zum Nachteil von Hotelbetreibern und Tankstelleninhabern zur Last gelegt. Der Angeschuldigte soll zun\u00e4chst im Juli [&hellip;]\" \/>\n<meta property=\"og:url\" content=\"https:\/\/radioleinewelle.de\/index.php\/2021\/01\/22\/anklage-gegen-24jaehrigen-brandstifter-erhoben\/\" \/>\n<meta property=\"og:site_name\" content=\"Radio Leinewelle\" \/>\n<meta property=\"article:publisher\" content=\"https:\/\/www.facebook.com\/radioleinewelle\" \/>\n<meta property=\"article:author\" content=\"https:\/\/www.facebook.com\/radioleinewelle\" \/>\n<meta property=\"article:published_time\" content=\"2021-01-22T07:12:27+00:00\" \/>\n<meta name=\"author\" content=\"Leinewelle\" \/>\n<meta name=\"twitter:card\" content=\"summary_large_image\" \/>\n<meta name=\"twitter:creator\" content=\"@https:\/\/twitter.com\/RLeinewelle?ref_src=twsrcgoogletwcampserptwgrauthor\" \/>\n<meta name=\"twitter:site\" content=\"@RLeinewelle\" \/>\n<meta name=\"twitter:label1\" content=\"Verfasst von\" \/>\n\t<meta name=\"twitter:data1\" content=\"Leinewelle\" \/>\n\t<meta name=\"twitter:label2\" content=\"Gesch\u00e4tzte Lesezeit\" \/>\n\t<meta name=\"twitter:data2\" content=\"3\u00a0Minuten\" \/>\n<script type=\"application\/ld+json\" class=\"yoast-schema-graph\">{\"@context\":\"https:\\\/\\\/schema.org\",\"@graph\":[{\"@type\":\"Article\",\"@id\":\"https:\\\/\\\/radioleinewelle.de\\\/index.php\\\/2021\\\/01\\\/22\\\/anklage-gegen-24jaehrigen-brandstifter-erhoben\\\/#article\",\"isPartOf\":{\"@id\":\"https:\\\/\\\/radioleinewelle.de\\\/index.php\\\/2021\\\/01\\\/22\\\/anklage-gegen-24jaehrigen-brandstifter-erhoben\\\/\"},\"author\":{\"name\":\"Leinewelle\",\"@id\":\"https:\\\/\\\/radioleinewelle.de\\\/#\\\/schema\\\/person\\\/45606f348637df637192dc1b68399a63\"},\"headline\":\"Anklage gegen 24j\u00e4hrigen Brandstifter erhoben\",\"datePublished\":\"2021-01-22T07:12:27+00:00\",\"mainEntityOfPage\":{\"@id\":\"https:\\\/\\\/radioleinewelle.de\\\/index.php\\\/2021\\\/01\\\/22\\\/anklage-gegen-24jaehrigen-brandstifter-erhoben\\\/\"},\"wordCount\":511,\"publisher\":{\"@id\":\"https:\\\/\\\/radioleinewelle.de\\\/#organization\"},\"articleSection\":[\"Aktuelle Nachrichten\"],\"inLanguage\":\"de\"},{\"@type\":\"WebPage\",\"@id\":\"https:\\\/\\\/radioleinewelle.de\\\/index.php\\\/2021\\\/01\\\/22\\\/anklage-gegen-24jaehrigen-brandstifter-erhoben\\\/\",\"url\":\"https:\\\/\\\/radioleinewelle.de\\\/index.php\\\/2021\\\/01\\\/22\\\/anklage-gegen-24jaehrigen-brandstifter-erhoben\\\/\",\"name\":\"Anklage gegen 24j\u00e4hrigen Brandstifter erhoben - Radio Leinewelle\",\"isPartOf\":{\"@id\":\"https:\\\/\\\/radioleinewelle.de\\\/#website\"},\"datePublished\":\"2021-01-22T07:12:27+00:00\",\"breadcrumb\":{\"@id\":\"https:\\\/\\\/radioleinewelle.de\\\/index.php\\\/2021\\\/01\\\/22\\\/anklage-gegen-24jaehrigen-brandstifter-erhoben\\\/#breadcrumb\"},\"inLanguage\":\"de\",\"potentialAction\":[{\"@type\":\"ReadAction\",\"target\":[\"https:\\\/\\\/radioleinewelle.de\\\/index.php\\\/2021\\\/01\\\/22\\\/anklage-gegen-24jaehrigen-brandstifter-erhoben\\\/\"]}]},{\"@type\":\"BreadcrumbList\",\"@id\":\"https:\\\/\\\/radioleinewelle.de\\\/index.php\\\/2021\\\/01\\\/22\\\/anklage-gegen-24jaehrigen-brandstifter-erhoben\\\/#breadcrumb\",\"itemListElement\":[{\"@type\":\"ListItem\",\"position\":1,\"name\":\"Startseite\",\"item\":\"https:\\\/\\\/radioleinewelle.de\\\/\"},{\"@type\":\"ListItem\",\"position\":2,\"name\":\"Anklage gegen 24j\u00e4hrigen Brandstifter erhoben\"}]},{\"@type\":\"WebSite\",\"@id\":\"https:\\\/\\\/radioleinewelle.de\\\/#website\",\"url\":\"https:\\\/\\\/radioleinewelle.de\\\/\",\"name\":\"Radio Leinewelle\",\"description\":\"\",\"publisher\":{\"@id\":\"https:\\\/\\\/radioleinewelle.de\\\/#organization\"},\"potentialAction\":[{\"@type\":\"SearchAction\",\"target\":{\"@type\":\"EntryPoint\",\"urlTemplate\":\"https:\\\/\\\/radioleinewelle.de\\\/?s={search_term_string}\"},\"query-input\":{\"@type\":\"PropertyValueSpecification\",\"valueRequired\":true,\"valueName\":\"search_term_string\"}}],\"inLanguage\":\"de\"},{\"@type\":\"Organization\",\"@id\":\"https:\\\/\\\/radioleinewelle.de\\\/#organization\",\"name\":\"Radio Leinewelle\",\"alternateName\":\"Mein Radio f\u00fcr S\u00fcdniedersachsen\",\"url\":\"https:\\\/\\\/radioleinewelle.de\\\/\",\"logo\":{\"@type\":\"ImageObject\",\"inLanguage\":\"de\",\"@id\":\"https:\\\/\\\/radioleinewelle.de\\\/#\\\/schema\\\/logo\\\/image\\\/\",\"url\":\"https:\\\/\\\/radioleinewelle.de\\\/wp-content\\\/uploads\\\/2023\\\/11\\\/cropped-Leinewelle_Logo_weiss.png\",\"contentUrl\":\"https:\\\/\\\/radioleinewelle.de\\\/wp-content\\\/uploads\\\/2023\\\/11\\\/cropped-Leinewelle_Logo_weiss.png\",\"width\":854,\"height\":260,\"caption\":\"Radio Leinewelle\"},\"image\":{\"@id\":\"https:\\\/\\\/radioleinewelle.de\\\/#\\\/schema\\\/logo\\\/image\\\/\"},\"sameAs\":[\"https:\\\/\\\/www.facebook.com\\\/radioleinewelle\",\"https:\\\/\\\/x.com\\\/RLeinewelle\",\"https:\\\/\\\/www.instagram.com\\\/radioleinewelle\\\/?hl=de\"]},{\"@type\":\"Person\",\"@id\":\"https:\\\/\\\/radioleinewelle.de\\\/#\\\/schema\\\/person\\\/45606f348637df637192dc1b68399a63\",\"name\":\"Leinewelle\",\"image\":{\"@type\":\"ImageObject\",\"inLanguage\":\"de\",\"@id\":\"https:\\\/\\\/secure.gravatar.com\\\/avatar\\\/05c9a17bc973052ee5d91549bd32fb4dd0dc85b7b85ae94b2e2b4943476bbea5?s=96&d=blank&r=g\",\"url\":\"https:\\\/\\\/secure.gravatar.com\\\/avatar\\\/05c9a17bc973052ee5d91549bd32fb4dd0dc85b7b85ae94b2e2b4943476bbea5?s=96&d=blank&r=g\",\"contentUrl\":\"https:\\\/\\\/secure.gravatar.com\\\/avatar\\\/05c9a17bc973052ee5d91549bd32fb4dd0dc85b7b85ae94b2e2b4943476bbea5?s=96&d=blank&r=g\",\"caption\":\"Leinewelle\"},\"sameAs\":[\"http:\\\/\\\/localhost\\\/radio%20leinewelle\\\/wordpress\",\"https:\\\/\\\/www.facebook.com\\\/radioleinewelle\",\"https:\\\/\\\/www.instagram.com\\\/radioleinewelle\",\"https:\\\/\\\/x.com\\\/https:\\\/\\\/twitter.com\\\/RLeinewelle?ref_src=twsrcgoogletwcampserptwgrauthor\",\"https:\\\/\\\/soundcloud.com\\\/foerderverein-lokalradio?utm_source=clipboard&utm_medium=text&utm_campaign=social_sharing\"],\"url\":\"https:\\\/\\\/radioleinewelle.de\\\/index.php\\\/author\\\/leinewelle\\\/\"}]}<\/script>\n<!-- \/ Yoast SEO plugin. -->","yoast_head_json":{"title":"Anklage gegen 24j\u00e4hrigen Brandstifter erhoben - Radio Leinewelle","robots":{"index":"index","follow":"follow","max-snippet":"max-snippet:-1","max-image-preview":"max-image-preview:large","max-video-preview":"max-video-preview:-1"},"canonical":"https:\/\/radioleinewelle.de\/index.php\/2021\/01\/22\/anklage-gegen-24jaehrigen-brandstifter-erhoben\/","og_locale":"de_DE","og_type":"article","og_title":"Anklage gegen 24j\u00e4hrigen Brandstifter erhoben - Radio Leinewelle","og_description":"Die Staatsanwaltschaft G\u00f6ttingen hat gegen einen 24 Jahre alten Mann aus dem Gro\u00dfraum Braunschweig\/Wolfsburg, der fr\u00fcher in Einbeck wohnhaft war, Anklage vor der gro\u00dfen Strafkammer des Landgerichts G\u00f6ttingen erhoben. Ihm werden 16 Brandstiftungen, die Unterschlagung eines Pkw sowie 33 Betrugstaten zum Nachteil von Hotelbetreibern und Tankstelleninhabern zur Last gelegt. Der Angeschuldigte soll zun\u00e4chst im Juli [&hellip;]","og_url":"https:\/\/radioleinewelle.de\/index.php\/2021\/01\/22\/anklage-gegen-24jaehrigen-brandstifter-erhoben\/","og_site_name":"Radio Leinewelle","article_publisher":"https:\/\/www.facebook.com\/radioleinewelle","article_author":"https:\/\/www.facebook.com\/radioleinewelle","article_published_time":"2021-01-22T07:12:27+00:00","author":"Leinewelle","twitter_card":"summary_large_image","twitter_creator":"@https:\/\/twitter.com\/RLeinewelle?ref_src=twsrcgoogletwcampserptwgrauthor","twitter_site":"@RLeinewelle","twitter_misc":{"Verfasst von":"Leinewelle","Gesch\u00e4tzte Lesezeit":"3\u00a0Minuten"},"schema":{"@context":"https:\/\/schema.org","@graph":[{"@type":"Article","@id":"https:\/\/radioleinewelle.de\/index.php\/2021\/01\/22\/anklage-gegen-24jaehrigen-brandstifter-erhoben\/#article","isPartOf":{"@id":"https:\/\/radioleinewelle.de\/index.php\/2021\/01\/22\/anklage-gegen-24jaehrigen-brandstifter-erhoben\/"},"author":{"name":"Leinewelle","@id":"https:\/\/radioleinewelle.de\/#\/schema\/person\/45606f348637df637192dc1b68399a63"},"headline":"Anklage gegen 24j\u00e4hrigen Brandstifter erhoben","datePublished":"2021-01-22T07:12:27+00:00","mainEntityOfPage":{"@id":"https:\/\/radioleinewelle.de\/index.php\/2021\/01\/22\/anklage-gegen-24jaehrigen-brandstifter-erhoben\/"},"wordCount":511,"publisher":{"@id":"https:\/\/radioleinewelle.de\/#organization"},"articleSection":["Aktuelle Nachrichten"],"inLanguage":"de"},{"@type":"WebPage","@id":"https:\/\/radioleinewelle.de\/index.php\/2021\/01\/22\/anklage-gegen-24jaehrigen-brandstifter-erhoben\/","url":"https:\/\/radioleinewelle.de\/index.php\/2021\/01\/22\/anklage-gegen-24jaehrigen-brandstifter-erhoben\/","name":"Anklage gegen 24j\u00e4hrigen Brandstifter erhoben - Radio Leinewelle","isPartOf":{"@id":"https:\/\/radioleinewelle.de\/#website"},"datePublished":"2021-01-22T07:12:27+00:00","breadcrumb":{"@id":"https:\/\/radioleinewelle.de\/index.php\/2021\/01\/22\/anklage-gegen-24jaehrigen-brandstifter-erhoben\/#breadcrumb"},"inLanguage":"de","potentialAction":[{"@type":"ReadAction","target":["https:\/\/radioleinewelle.de\/index.php\/2021\/01\/22\/anklage-gegen-24jaehrigen-brandstifter-erhoben\/"]}]},{"@type":"BreadcrumbList","@id":"https:\/\/radioleinewelle.de\/index.php\/2021\/01\/22\/anklage-gegen-24jaehrigen-brandstifter-erhoben\/#breadcrumb","itemListElement":[{"@type":"ListItem","position":1,"name":"Startseite","item":"https:\/\/radioleinewelle.de\/"},{"@type":"ListItem","position":2,"name":"Anklage gegen 24j\u00e4hrigen Brandstifter erhoben"}]},{"@type":"WebSite","@id":"https:\/\/radioleinewelle.de\/#website","url":"https:\/\/radioleinewelle.de\/","name":"Radio Leinewelle","description":"","publisher":{"@id":"https:\/\/radioleinewelle.de\/#organization"},"potentialAction":[{"@type":"SearchAction","target":{"@type":"EntryPoint","urlTemplate":"https:\/\/radioleinewelle.de\/?s={search_term_string}"},"query-input":{"@type":"PropertyValueSpecification","valueRequired":true,"valueName":"search_term_string"}}],"inLanguage":"de"},{"@type":"Organization","@id":"https:\/\/radioleinewelle.de\/#organization","name":"Radio Leinewelle","alternateName":"Mein Radio f\u00fcr S\u00fcdniedersachsen","url":"https:\/\/radioleinewelle.de\/","logo":{"@type":"ImageObject","inLanguage":"de","@id":"https:\/\/radioleinewelle.de\/#\/schema\/logo\/image\/","url":"https:\/\/radioleinewelle.de\/wp-content\/uploads\/2023\/11\/cropped-Leinewelle_Logo_weiss.png","contentUrl":"https:\/\/radioleinewelle.de\/wp-content\/uploads\/2023\/11\/cropped-Leinewelle_Logo_weiss.png","width":854,"height":260,"caption":"Radio Leinewelle"},"image":{"@id":"https:\/\/radioleinewelle.de\/#\/schema\/logo\/image\/"},"sameAs":["https:\/\/www.facebook.com\/radioleinewelle","https:\/\/x.com\/RLeinewelle","https:\/\/www.instagram.com\/radioleinewelle\/?hl=de"]},{"@type":"Person","@id":"https:\/\/radioleinewelle.de\/#\/schema\/person\/45606f348637df637192dc1b68399a63","name":"Leinewelle","image":{"@type":"ImageObject","inLanguage":"de","@id":"https:\/\/secure.gravatar.com\/avatar\/05c9a17bc973052ee5d91549bd32fb4dd0dc85b7b85ae94b2e2b4943476bbea5?s=96&d=blank&r=g","url":"https:\/\/secure.gravatar.com\/avatar\/05c9a17bc973052ee5d91549bd32fb4dd0dc85b7b85ae94b2e2b4943476bbea5?s=96&d=blank&r=g","contentUrl":"https:\/\/secure.gravatar.com\/avatar\/05c9a17bc973052ee5d91549bd32fb4dd0dc85b7b85ae94b2e2b4943476bbea5?s=96&d=blank&r=g","caption":"Leinewelle"},"sameAs":["http:\/\/localhost\/radio%20leinewelle\/wordpress","https:\/\/www.facebook.com\/radioleinewelle","https:\/\/www.instagram.com\/radioleinewelle","https:\/\/x.com\/https:\/\/twitter.com\/RLeinewelle?ref_src=twsrcgoogletwcampserptwgrauthor","https:\/\/soundcloud.com\/foerderverein-lokalradio?utm_source=clipboard&utm_medium=text&utm_campaign=social_sharing"],"url":"https:\/\/radioleinewelle.de\/index.php\/author\/leinewelle\/"}]}},"_links":{"self":[{"href":"https:\/\/radioleinewelle.de\/index.php\/wp-json\/wp\/v2\/posts\/4371","targetHints":{"allow":["GET"]}}],"collection":[{"href":"https:\/\/radioleinewelle.de\/index.php\/wp-json\/wp\/v2\/posts"}],"about":[{"href":"https:\/\/radioleinewelle.de\/index.php\/wp-json\/wp\/v2\/types\/post"}],"author":[{"embeddable":true,"href":"https:\/\/radioleinewelle.de\/index.php\/wp-json\/wp\/v2\/users\/1"}],"replies":[{"embeddable":true,"href":"https:\/\/radioleinewelle.de\/index.php\/wp-json\/wp\/v2\/comments?post=4371"}],"version-history":[{"count":0,"href":"https:\/\/radioleinewelle.de\/index.php\/wp-json\/wp\/v2\/posts\/4371\/revisions"}],"wp:attachment":[{"href":"https:\/\/radioleinewelle.de\/index.php\/wp-json\/wp\/v2\/media?parent=4371"}],"wp:term":[{"taxonomy":"category","embeddable":true,"href":"https:\/\/radioleinewelle.de\/index.php\/wp-json\/wp\/v2\/categories?post=4371"},{"taxonomy":"post_tag","embeddable":true,"href":"https:\/\/radioleinewelle.de\/index.php\/wp-json\/wp\/v2\/tags?post=4371"}],"curies":[{"name":"wp","href":"https:\/\/api.w.org\/{rel}","templated":true}]}}