{"id":4406,"date":"2021-01-23T05:18:00","date_gmt":"2021-01-23T04:18:00","guid":{"rendered":"https:\/\/radioleinewelle.de\/?p=4406"},"modified":"2021-01-23T05:18:00","modified_gmt":"2021-01-23T04:18:00","slug":"gruene-fordern-klare-kante-gegen-miethaie","status":"publish","type":"post","link":"https:\/\/radioleinewelle.de\/index.php\/2021\/01\/23\/gruene-fordern-klare-kante-gegen-miethaie\/","title":{"rendered":"GR\u00dcNE fordern: Klare Kante gegen Miethaie"},"content":{"rendered":"\n<p><strong>F\u00fcr menschenw\u00fcrdiges Wohnen unter Einhaltung der Hygiene-Vorschriften in der Groner 9<\/strong><\/p>\n\n\n\n<p>\u201eWir sind fassungslos, was die Zust\u00e4nde im Wohnkomplex Groner Landstra\u00dfe 9, 9a und 9b angeht. Wir fordern die Eigent\u00fcmer*innen und ihre Hausverwaltung auf: Reparieren Sie unverz\u00fcglich die kaputten Fahrst\u00fchle! Es muss m\u00f6glich sein, unter Einhaltung der Abstandsregelungen auch in die oberen Stockwerke zu kommen!\u201c so Regina Meyer, GR\u00dcNE im Ausschuss f\u00fcr Soziales, Integration, Gesundheit und Wohnungsbau.&nbsp;<\/p>\n\n\n\n<p>J\u00fcngst war bekannt geworden, dass nur einer von drei Aufz\u00fcgen funktioniert. Gleichzeitig gibt es einzelne Corona-Positive Personen im Geb\u00e4udekomplex. Die GR\u00dcNE Fraktion will auf jeden Fall eine erneute Quarant\u00e4ne f\u00fcr den gesamten Geb\u00e4udekomplex verhindern. Dazu fordern Sie die Eigent\u00fcmer*innen bzw. ihre Hausverwaltung auf, das vorliegende Hygienekonzept in Kraft zu setzen. Meyer: \u201eDie Hausverwaltung ist hier in der gl\u00fccklichen Lage, kein neues Konzept mit der Stadtverwaltung abstimmen zu m\u00fcssen. Sie kann einfach tun, was verantwortungsbewusste Vermieter*innen in diesem Fall tun: Das Konzept in Kraft setzen, an ihre Mieter*innen kommunizieren und die Fahrst\u00fchle reparieren.\u201c&nbsp;<\/p>\n\n\n\n<p>Aktuell sieht es leider nicht so aus, als ob die Besitzer*innen auch nur einen Handschlag machen w\u00fcrden, um in dem Geb\u00e4udekomplex menschenw\u00fcrdiges Wohnen zu erzielen. Vielmehr l\u00e4uft das Gesch\u00e4ft der Miethaie mit der maximalen Aussch\u00f6pfung aller finanziellen Ressourcen im Grauraum der Legalit\u00e4t auf Hochtouren. Wie k\u00fcrzlich der GR\u00dcNE Stadtvorstand aufgedeckt hat: Die Mehrheit der Wohnungen hat zum Jahreswechsel den Besitzer gewechselt. Dieser ist unter der gleichen Adresse gemeldet, wie der vorherige. Da aber die Unterlagen zu den Vorauszahlungen der Mietnebenkosten dem neuen Besitzer nicht vorliegen, sollen die Mieter*innen die Mietnebenkosten des vergangenen Jahres noch im Januar begleichen \u2013 wenn sie nicht unverz\u00fcglich beweisen k\u00f6nnen, dass die Zahlungen geleistet wurden. Die Frage ist: Wer kann die doppelten Mietnebenkosten bezahlen? Wer kann es sich leisten, nicht zu zahlen? Wie k\u00f6nnen betroffene Mieter*innen sich gegen die doppelte Forderung wehren? Meyer: \u201eDer Eigent\u00fcmer spielt bewusst mit der Drohung der Obdachlosigkeit. Das ist zutiefst menschenfeindlich.\u201c Die GR\u00dcNEN fordern von der Stadt, alle rechtlich m\u00f6glichen Hebel in Bewegung zu setzen: Anordnung der Instandsetzung, Anordnung des Hygienekonzepts, kostenfreie Mieter*innenberatung zur Abwendung der unrechtm\u00e4\u00dfigen Forderungen.&nbsp;<\/p>\n\n\n\n<p>\u201eDas Gesch\u00e4ft der Miethaie muss ein Ende haben. Aktuell schaufeln Steuerzahler*innen Geld auf das Konto von Privaten, die daf\u00fcr Menschen unter unzumutbaren Bedingungen hausen lassen. Wir fordern hier und heute erneut das Land auf, endlich das Wohnraumschutzgesetz zu beschlie\u00dfen, um solchen Machenschaften ein Ende zu setzen\u201c, so Thomas Harms, GR\u00dcNER im Ausschuss f\u00fcr Soziales, Integration, Gesundheit und Wohnungsbau.<\/p>\n\n\n\n<p>Weiterf\u00fchrende Links:<\/p>\n\n\n\n<p><a href=\"https:\/\/www.gruene-goettingen.de\/kontakt\/newsdarstellung\/article\/dreister_betrugsversuch_nebenkostenskandal_auf_dem_ruecken_der_bewohnerinnen_der_groner_9a_verhindern\/\" target=\"_blank\" rel=\"noreferrer noopener\">www.gruene-goettingen.de\/kontakt\/newsdarstellung\/article\/dreister_betrugsversuch_nebenkostenskandal_auf_dem_ruecken_der_bewohnerinnen_der_groner_9a_verhindern\/<\/a><\/p>\n\n\n\n<p><a href=\"https:\/\/www.goettinger-tageblatt.de\/Die-Region\/Goettingen\/Bewohner-der-Groner-Landstrasse-9-kritisiert-Stadt-Goettingen\" target=\"_blank\" rel=\"noreferrer noopener\">www.goettinger-tageblatt.de\/Die-Region\/Goettingen\/Bewohner-der-Groner-Landstrasse-9-kritisiert-Stadt-Goettingen<\/a><\/p>\n","protected":false},"excerpt":{"rendered":"<p>F\u00fcr menschenw\u00fcrdiges Wohnen unter Einhaltung der Hygiene-Vorschriften in der Groner 9 \u201eWir sind fassungslos, was die Zust\u00e4nde im Wohnkomplex Groner Landstra\u00dfe 9, 9a und 9b angeht. Wir fordern die Eigent\u00fcmer*innen und ihre Hausverwaltung auf: Reparieren Sie unverz\u00fcglich die kaputten Fahrst\u00fchle! Es muss m\u00f6glich sein, unter Einhaltung der Abstandsregelungen auch in die oberen Stockwerke zu kommen!\u201c [&hellip;]<\/p>\n","protected":false},"author":1,"featured_media":4050,"comment_status":"closed","ping_status":"closed","sticky":false,"template":"","format":"standard","meta":{"saved_in_kubio":false,"footnotes":""},"categories":[39],"tags":[],"class_list":["post-4406","post","type-post","status-publish","format-standard","has-post-thumbnail","hentry","category-lokalpolitik"],"yoast_head":"<!-- This site is optimized with the Yoast SEO plugin v27.5 - https:\/\/yoast.com\/product\/yoast-seo-wordpress\/ -->\n<title>GR\u00dcNE fordern: Klare Kante gegen Miethaie - Radio Leinewelle<\/title>\n<meta name=\"robots\" content=\"index, follow, max-snippet:-1, max-image-preview:large, max-video-preview:-1\" \/>\n<link rel=\"canonical\" href=\"https:\/\/radioleinewelle.de\/index.php\/2021\/01\/23\/gruene-fordern-klare-kante-gegen-miethaie\/\" \/>\n<meta property=\"og:locale\" content=\"de_DE\" \/>\n<meta property=\"og:type\" content=\"article\" \/>\n<meta property=\"og:title\" content=\"GR\u00dcNE fordern: Klare Kante gegen Miethaie - Radio Leinewelle\" \/>\n<meta property=\"og:description\" content=\"F\u00fcr menschenw\u00fcrdiges Wohnen unter Einhaltung der Hygiene-Vorschriften in der Groner 9 \u201eWir sind fassungslos, was die Zust\u00e4nde im Wohnkomplex Groner Landstra\u00dfe 9, 9a und 9b angeht. Wir fordern die Eigent\u00fcmer*innen und ihre Hausverwaltung auf: Reparieren Sie unverz\u00fcglich die kaputten Fahrst\u00fchle! Es muss m\u00f6glich sein, unter Einhaltung der Abstandsregelungen auch in die oberen Stockwerke zu kommen!\u201c [&hellip;]\" \/>\n<meta property=\"og:url\" content=\"https:\/\/radioleinewelle.de\/index.php\/2021\/01\/23\/gruene-fordern-klare-kante-gegen-miethaie\/\" \/>\n<meta property=\"og:site_name\" content=\"Radio Leinewelle\" \/>\n<meta property=\"article:publisher\" content=\"https:\/\/www.facebook.com\/radioleinewelle\" \/>\n<meta property=\"article:author\" content=\"https:\/\/www.facebook.com\/radioleinewelle\" \/>\n<meta property=\"article:published_time\" content=\"2021-01-23T04:18:00+00:00\" \/>\n<meta property=\"og:image\" content=\"https:\/\/radioleinewelle.de\/wp-content\/uploads\/2021\/01\/csm_Gruenes_Zentrum-2016-_90_4e36713332.jpg\" \/>\n\t<meta property=\"og:image:width\" content=\"800\" \/>\n\t<meta property=\"og:image:height\" content=\"534\" \/>\n\t<meta property=\"og:image:type\" content=\"image\/jpeg\" \/>\n<meta name=\"author\" content=\"Leinewelle\" \/>\n<meta name=\"twitter:card\" content=\"summary_large_image\" \/>\n<meta name=\"twitter:creator\" content=\"@https:\/\/twitter.com\/RLeinewelle?ref_src=twsrcgoogletwcampserptwgrauthor\" \/>\n<meta name=\"twitter:site\" content=\"@RLeinewelle\" \/>\n<meta name=\"twitter:label1\" content=\"Verfasst von\" \/>\n\t<meta name=\"twitter:data1\" content=\"Leinewelle\" \/>\n\t<meta name=\"twitter:label2\" content=\"Gesch\u00e4tzte Lesezeit\" \/>\n\t<meta name=\"twitter:data2\" content=\"2\u00a0Minuten\" \/>\n<script type=\"application\/ld+json\" class=\"yoast-schema-graph\">{\"@context\":\"https:\\\/\\\/schema.org\",\"@graph\":[{\"@type\":\"Article\",\"@id\":\"https:\\\/\\\/radioleinewelle.de\\\/index.php\\\/2021\\\/01\\\/23\\\/gruene-fordern-klare-kante-gegen-miethaie\\\/#article\",\"isPartOf\":{\"@id\":\"https:\\\/\\\/radioleinewelle.de\\\/index.php\\\/2021\\\/01\\\/23\\\/gruene-fordern-klare-kante-gegen-miethaie\\\/\"},\"author\":{\"name\":\"Leinewelle\",\"@id\":\"https:\\\/\\\/radioleinewelle.de\\\/#\\\/schema\\\/person\\\/45606f348637df637192dc1b68399a63\"},\"headline\":\"GR\u00dcNE fordern: Klare Kante gegen Miethaie\",\"datePublished\":\"2021-01-23T04:18:00+00:00\",\"mainEntityOfPage\":{\"@id\":\"https:\\\/\\\/radioleinewelle.de\\\/index.php\\\/2021\\\/01\\\/23\\\/gruene-fordern-klare-kante-gegen-miethaie\\\/\"},\"wordCount\":480,\"publisher\":{\"@id\":\"https:\\\/\\\/radioleinewelle.de\\\/#organization\"},\"image\":{\"@id\":\"https:\\\/\\\/radioleinewelle.de\\\/index.php\\\/2021\\\/01\\\/23\\\/gruene-fordern-klare-kante-gegen-miethaie\\\/#primaryimage\"},\"thumbnailUrl\":\"https:\\\/\\\/radioleinewelle.de\\\/wp-content\\\/uploads\\\/2021\\\/01\\\/csm_Gruenes_Zentrum-2016-_90_4e36713332.jpg\",\"articleSection\":[\"Lokalpolitik\"],\"inLanguage\":\"de\"},{\"@type\":\"WebPage\",\"@id\":\"https:\\\/\\\/radioleinewelle.de\\\/index.php\\\/2021\\\/01\\\/23\\\/gruene-fordern-klare-kante-gegen-miethaie\\\/\",\"url\":\"https:\\\/\\\/radioleinewelle.de\\\/index.php\\\/2021\\\/01\\\/23\\\/gruene-fordern-klare-kante-gegen-miethaie\\\/\",\"name\":\"GR\u00dcNE fordern: Klare Kante gegen Miethaie - Radio Leinewelle\",\"isPartOf\":{\"@id\":\"https:\\\/\\\/radioleinewelle.de\\\/#website\"},\"primaryImageOfPage\":{\"@id\":\"https:\\\/\\\/radioleinewelle.de\\\/index.php\\\/2021\\\/01\\\/23\\\/gruene-fordern-klare-kante-gegen-miethaie\\\/#primaryimage\"},\"image\":{\"@id\":\"https:\\\/\\\/radioleinewelle.de\\\/index.php\\\/2021\\\/01\\\/23\\\/gruene-fordern-klare-kante-gegen-miethaie\\\/#primaryimage\"},\"thumbnailUrl\":\"https:\\\/\\\/radioleinewelle.de\\\/wp-content\\\/uploads\\\/2021\\\/01\\\/csm_Gruenes_Zentrum-2016-_90_4e36713332.jpg\",\"datePublished\":\"2021-01-23T04:18:00+00:00\",\"breadcrumb\":{\"@id\":\"https:\\\/\\\/radioleinewelle.de\\\/index.php\\\/2021\\\/01\\\/23\\\/gruene-fordern-klare-kante-gegen-miethaie\\\/#breadcrumb\"},\"inLanguage\":\"de\",\"potentialAction\":[{\"@type\":\"ReadAction\",\"target\":[\"https:\\\/\\\/radioleinewelle.de\\\/index.php\\\/2021\\\/01\\\/23\\\/gruene-fordern-klare-kante-gegen-miethaie\\\/\"]}]},{\"@type\":\"ImageObject\",\"inLanguage\":\"de\",\"@id\":\"https:\\\/\\\/radioleinewelle.de\\\/index.php\\\/2021\\\/01\\\/23\\\/gruene-fordern-klare-kante-gegen-miethaie\\\/#primaryimage\",\"url\":\"https:\\\/\\\/radioleinewelle.de\\\/wp-content\\\/uploads\\\/2021\\\/01\\\/csm_Gruenes_Zentrum-2016-_90_4e36713332.jpg\",\"contentUrl\":\"https:\\\/\\\/radioleinewelle.de\\\/wp-content\\\/uploads\\\/2021\\\/01\\\/csm_Gruenes_Zentrum-2016-_90_4e36713332.jpg\",\"width\":800,\"height\":534},{\"@type\":\"BreadcrumbList\",\"@id\":\"https:\\\/\\\/radioleinewelle.de\\\/index.php\\\/2021\\\/01\\\/23\\\/gruene-fordern-klare-kante-gegen-miethaie\\\/#breadcrumb\",\"itemListElement\":[{\"@type\":\"ListItem\",\"position\":1,\"name\":\"Startseite\",\"item\":\"https:\\\/\\\/radioleinewelle.de\\\/\"},{\"@type\":\"ListItem\",\"position\":2,\"name\":\"GR\u00dcNE fordern: Klare Kante gegen Miethaie\"}]},{\"@type\":\"WebSite\",\"@id\":\"https:\\\/\\\/radioleinewelle.de\\\/#website\",\"url\":\"https:\\\/\\\/radioleinewelle.de\\\/\",\"name\":\"Radio Leinewelle\",\"description\":\"\",\"publisher\":{\"@id\":\"https:\\\/\\\/radioleinewelle.de\\\/#organization\"},\"potentialAction\":[{\"@type\":\"SearchAction\",\"target\":{\"@type\":\"EntryPoint\",\"urlTemplate\":\"https:\\\/\\\/radioleinewelle.de\\\/?s={search_term_string}\"},\"query-input\":{\"@type\":\"PropertyValueSpecification\",\"valueRequired\":true,\"valueName\":\"search_term_string\"}}],\"inLanguage\":\"de\"},{\"@type\":\"Organization\",\"@id\":\"https:\\\/\\\/radioleinewelle.de\\\/#organization\",\"name\":\"Radio Leinewelle\",\"alternateName\":\"Mein Radio f\u00fcr S\u00fcdniedersachsen\",\"url\":\"https:\\\/\\\/radioleinewelle.de\\\/\",\"logo\":{\"@type\":\"ImageObject\",\"inLanguage\":\"de\",\"@id\":\"https:\\\/\\\/radioleinewelle.de\\\/#\\\/schema\\\/logo\\\/image\\\/\",\"url\":\"https:\\\/\\\/radioleinewelle.de\\\/wp-content\\\/uploads\\\/2023\\\/11\\\/cropped-Leinewelle_Logo_weiss.png\",\"contentUrl\":\"https:\\\/\\\/radioleinewelle.de\\\/wp-content\\\/uploads\\\/2023\\\/11\\\/cropped-Leinewelle_Logo_weiss.png\",\"width\":854,\"height\":260,\"caption\":\"Radio Leinewelle\"},\"image\":{\"@id\":\"https:\\\/\\\/radioleinewelle.de\\\/#\\\/schema\\\/logo\\\/image\\\/\"},\"sameAs\":[\"https:\\\/\\\/www.facebook.com\\\/radioleinewelle\",\"https:\\\/\\\/x.com\\\/RLeinewelle\",\"https:\\\/\\\/www.instagram.com\\\/radioleinewelle\\\/?hl=de\"]},{\"@type\":\"Person\",\"@id\":\"https:\\\/\\\/radioleinewelle.de\\\/#\\\/schema\\\/person\\\/45606f348637df637192dc1b68399a63\",\"name\":\"Leinewelle\",\"image\":{\"@type\":\"ImageObject\",\"inLanguage\":\"de\",\"@id\":\"https:\\\/\\\/secure.gravatar.com\\\/avatar\\\/05c9a17bc973052ee5d91549bd32fb4dd0dc85b7b85ae94b2e2b4943476bbea5?s=96&d=blank&r=g\",\"url\":\"https:\\\/\\\/secure.gravatar.com\\\/avatar\\\/05c9a17bc973052ee5d91549bd32fb4dd0dc85b7b85ae94b2e2b4943476bbea5?s=96&d=blank&r=g\",\"contentUrl\":\"https:\\\/\\\/secure.gravatar.com\\\/avatar\\\/05c9a17bc973052ee5d91549bd32fb4dd0dc85b7b85ae94b2e2b4943476bbea5?s=96&d=blank&r=g\",\"caption\":\"Leinewelle\"},\"sameAs\":[\"http:\\\/\\\/localhost\\\/radio%20leinewelle\\\/wordpress\",\"https:\\\/\\\/www.facebook.com\\\/radioleinewelle\",\"https:\\\/\\\/www.instagram.com\\\/radioleinewelle\",\"https:\\\/\\\/x.com\\\/https:\\\/\\\/twitter.com\\\/RLeinewelle?ref_src=twsrcgoogletwcampserptwgrauthor\",\"https:\\\/\\\/soundcloud.com\\\/foerderverein-lokalradio?utm_source=clipboard&utm_medium=text&utm_campaign=social_sharing\"],\"url\":\"https:\\\/\\\/radioleinewelle.de\\\/index.php\\\/author\\\/leinewelle\\\/\"}]}<\/script>\n<!-- \/ Yoast SEO plugin. -->","yoast_head_json":{"title":"GR\u00dcNE fordern: Klare Kante gegen Miethaie - Radio Leinewelle","robots":{"index":"index","follow":"follow","max-snippet":"max-snippet:-1","max-image-preview":"max-image-preview:large","max-video-preview":"max-video-preview:-1"},"canonical":"https:\/\/radioleinewelle.de\/index.php\/2021\/01\/23\/gruene-fordern-klare-kante-gegen-miethaie\/","og_locale":"de_DE","og_type":"article","og_title":"GR\u00dcNE fordern: Klare Kante gegen Miethaie - Radio Leinewelle","og_description":"F\u00fcr menschenw\u00fcrdiges Wohnen unter Einhaltung der Hygiene-Vorschriften in der Groner 9 \u201eWir sind fassungslos, was die Zust\u00e4nde im Wohnkomplex Groner Landstra\u00dfe 9, 9a und 9b angeht. Wir fordern die Eigent\u00fcmer*innen und ihre Hausverwaltung auf: Reparieren Sie unverz\u00fcglich die kaputten Fahrst\u00fchle! Es muss m\u00f6glich sein, unter Einhaltung der Abstandsregelungen auch in die oberen Stockwerke zu kommen!\u201c [&hellip;]","og_url":"https:\/\/radioleinewelle.de\/index.php\/2021\/01\/23\/gruene-fordern-klare-kante-gegen-miethaie\/","og_site_name":"Radio Leinewelle","article_publisher":"https:\/\/www.facebook.com\/radioleinewelle","article_author":"https:\/\/www.facebook.com\/radioleinewelle","article_published_time":"2021-01-23T04:18:00+00:00","og_image":[{"width":800,"height":534,"url":"https:\/\/radioleinewelle.de\/wp-content\/uploads\/2021\/01\/csm_Gruenes_Zentrum-2016-_90_4e36713332.jpg","type":"image\/jpeg"}],"author":"Leinewelle","twitter_card":"summary_large_image","twitter_creator":"@https:\/\/twitter.com\/RLeinewelle?ref_src=twsrcgoogletwcampserptwgrauthor","twitter_site":"@RLeinewelle","twitter_misc":{"Verfasst von":"Leinewelle","Gesch\u00e4tzte Lesezeit":"2\u00a0Minuten"},"schema":{"@context":"https:\/\/schema.org","@graph":[{"@type":"Article","@id":"https:\/\/radioleinewelle.de\/index.php\/2021\/01\/23\/gruene-fordern-klare-kante-gegen-miethaie\/#article","isPartOf":{"@id":"https:\/\/radioleinewelle.de\/index.php\/2021\/01\/23\/gruene-fordern-klare-kante-gegen-miethaie\/"},"author":{"name":"Leinewelle","@id":"https:\/\/radioleinewelle.de\/#\/schema\/person\/45606f348637df637192dc1b68399a63"},"headline":"GR\u00dcNE fordern: Klare Kante gegen Miethaie","datePublished":"2021-01-23T04:18:00+00:00","mainEntityOfPage":{"@id":"https:\/\/radioleinewelle.de\/index.php\/2021\/01\/23\/gruene-fordern-klare-kante-gegen-miethaie\/"},"wordCount":480,"publisher":{"@id":"https:\/\/radioleinewelle.de\/#organization"},"image":{"@id":"https:\/\/radioleinewelle.de\/index.php\/2021\/01\/23\/gruene-fordern-klare-kante-gegen-miethaie\/#primaryimage"},"thumbnailUrl":"https:\/\/radioleinewelle.de\/wp-content\/uploads\/2021\/01\/csm_Gruenes_Zentrum-2016-_90_4e36713332.jpg","articleSection":["Lokalpolitik"],"inLanguage":"de"},{"@type":"WebPage","@id":"https:\/\/radioleinewelle.de\/index.php\/2021\/01\/23\/gruene-fordern-klare-kante-gegen-miethaie\/","url":"https:\/\/radioleinewelle.de\/index.php\/2021\/01\/23\/gruene-fordern-klare-kante-gegen-miethaie\/","name":"GR\u00dcNE fordern: Klare Kante gegen Miethaie - Radio Leinewelle","isPartOf":{"@id":"https:\/\/radioleinewelle.de\/#website"},"primaryImageOfPage":{"@id":"https:\/\/radioleinewelle.de\/index.php\/2021\/01\/23\/gruene-fordern-klare-kante-gegen-miethaie\/#primaryimage"},"image":{"@id":"https:\/\/radioleinewelle.de\/index.php\/2021\/01\/23\/gruene-fordern-klare-kante-gegen-miethaie\/#primaryimage"},"thumbnailUrl":"https:\/\/radioleinewelle.de\/wp-content\/uploads\/2021\/01\/csm_Gruenes_Zentrum-2016-_90_4e36713332.jpg","datePublished":"2021-01-23T04:18:00+00:00","breadcrumb":{"@id":"https:\/\/radioleinewelle.de\/index.php\/2021\/01\/23\/gruene-fordern-klare-kante-gegen-miethaie\/#breadcrumb"},"inLanguage":"de","potentialAction":[{"@type":"ReadAction","target":["https:\/\/radioleinewelle.de\/index.php\/2021\/01\/23\/gruene-fordern-klare-kante-gegen-miethaie\/"]}]},{"@type":"ImageObject","inLanguage":"de","@id":"https:\/\/radioleinewelle.de\/index.php\/2021\/01\/23\/gruene-fordern-klare-kante-gegen-miethaie\/#primaryimage","url":"https:\/\/radioleinewelle.de\/wp-content\/uploads\/2021\/01\/csm_Gruenes_Zentrum-2016-_90_4e36713332.jpg","contentUrl":"https:\/\/radioleinewelle.de\/wp-content\/uploads\/2021\/01\/csm_Gruenes_Zentrum-2016-_90_4e36713332.jpg","width":800,"height":534},{"@type":"BreadcrumbList","@id":"https:\/\/radioleinewelle.de\/index.php\/2021\/01\/23\/gruene-fordern-klare-kante-gegen-miethaie\/#breadcrumb","itemListElement":[{"@type":"ListItem","position":1,"name":"Startseite","item":"https:\/\/radioleinewelle.de\/"},{"@type":"ListItem","position":2,"name":"GR\u00dcNE fordern: Klare Kante gegen Miethaie"}]},{"@type":"WebSite","@id":"https:\/\/radioleinewelle.de\/#website","url":"https:\/\/radioleinewelle.de\/","name":"Radio Leinewelle","description":"","publisher":{"@id":"https:\/\/radioleinewelle.de\/#organization"},"potentialAction":[{"@type":"SearchAction","target":{"@type":"EntryPoint","urlTemplate":"https:\/\/radioleinewelle.de\/?s={search_term_string}"},"query-input":{"@type":"PropertyValueSpecification","valueRequired":true,"valueName":"search_term_string"}}],"inLanguage":"de"},{"@type":"Organization","@id":"https:\/\/radioleinewelle.de\/#organization","name":"Radio Leinewelle","alternateName":"Mein Radio f\u00fcr S\u00fcdniedersachsen","url":"https:\/\/radioleinewelle.de\/","logo":{"@type":"ImageObject","inLanguage":"de","@id":"https:\/\/radioleinewelle.de\/#\/schema\/logo\/image\/","url":"https:\/\/radioleinewelle.de\/wp-content\/uploads\/2023\/11\/cropped-Leinewelle_Logo_weiss.png","contentUrl":"https:\/\/radioleinewelle.de\/wp-content\/uploads\/2023\/11\/cropped-Leinewelle_Logo_weiss.png","width":854,"height":260,"caption":"Radio Leinewelle"},"image":{"@id":"https:\/\/radioleinewelle.de\/#\/schema\/logo\/image\/"},"sameAs":["https:\/\/www.facebook.com\/radioleinewelle","https:\/\/x.com\/RLeinewelle","https:\/\/www.instagram.com\/radioleinewelle\/?hl=de"]},{"@type":"Person","@id":"https:\/\/radioleinewelle.de\/#\/schema\/person\/45606f348637df637192dc1b68399a63","name":"Leinewelle","image":{"@type":"ImageObject","inLanguage":"de","@id":"https:\/\/secure.gravatar.com\/avatar\/05c9a17bc973052ee5d91549bd32fb4dd0dc85b7b85ae94b2e2b4943476bbea5?s=96&d=blank&r=g","url":"https:\/\/secure.gravatar.com\/avatar\/05c9a17bc973052ee5d91549bd32fb4dd0dc85b7b85ae94b2e2b4943476bbea5?s=96&d=blank&r=g","contentUrl":"https:\/\/secure.gravatar.com\/avatar\/05c9a17bc973052ee5d91549bd32fb4dd0dc85b7b85ae94b2e2b4943476bbea5?s=96&d=blank&r=g","caption":"Leinewelle"},"sameAs":["http:\/\/localhost\/radio%20leinewelle\/wordpress","https:\/\/www.facebook.com\/radioleinewelle","https:\/\/www.instagram.com\/radioleinewelle","https:\/\/x.com\/https:\/\/twitter.com\/RLeinewelle?ref_src=twsrcgoogletwcampserptwgrauthor","https:\/\/soundcloud.com\/foerderverein-lokalradio?utm_source=clipboard&utm_medium=text&utm_campaign=social_sharing"],"url":"https:\/\/radioleinewelle.de\/index.php\/author\/leinewelle\/"}]}},"_links":{"self":[{"href":"https:\/\/radioleinewelle.de\/index.php\/wp-json\/wp\/v2\/posts\/4406","targetHints":{"allow":["GET"]}}],"collection":[{"href":"https:\/\/radioleinewelle.de\/index.php\/wp-json\/wp\/v2\/posts"}],"about":[{"href":"https:\/\/radioleinewelle.de\/index.php\/wp-json\/wp\/v2\/types\/post"}],"author":[{"embeddable":true,"href":"https:\/\/radioleinewelle.de\/index.php\/wp-json\/wp\/v2\/users\/1"}],"replies":[{"embeddable":true,"href":"https:\/\/radioleinewelle.de\/index.php\/wp-json\/wp\/v2\/comments?post=4406"}],"version-history":[{"count":0,"href":"https:\/\/radioleinewelle.de\/index.php\/wp-json\/wp\/v2\/posts\/4406\/revisions"}],"wp:featuredmedia":[{"embeddable":true,"href":"https:\/\/radioleinewelle.de\/index.php\/wp-json\/wp\/v2\/media\/4050"}],"wp:attachment":[{"href":"https:\/\/radioleinewelle.de\/index.php\/wp-json\/wp\/v2\/media?parent=4406"}],"wp:term":[{"taxonomy":"category","embeddable":true,"href":"https:\/\/radioleinewelle.de\/index.php\/wp-json\/wp\/v2\/categories?post=4406"},{"taxonomy":"post_tag","embeddable":true,"href":"https:\/\/radioleinewelle.de\/index.php\/wp-json\/wp\/v2\/tags?post=4406"}],"curies":[{"name":"wp","href":"https:\/\/api.w.org\/{rel}","templated":true}]}}