{"id":4410,"date":"2021-01-23T05:26:00","date_gmt":"2021-01-23T04:26:00","guid":{"rendered":"https:\/\/radioleinewelle.de\/?p=4410"},"modified":"2021-01-23T05:26:00","modified_gmt":"2021-01-23T04:26:00","slug":"goettingen-tourismus-positive-jahresbilanz-2020-trotz-pandemie","status":"publish","type":"post","link":"https:\/\/radioleinewelle.de\/index.php\/2021\/01\/23\/goettingen-tourismus-positive-jahresbilanz-2020-trotz-pandemie\/","title":{"rendered":"G\u00f6ttingen Tourismus: Positive Jahresbilanz 2020 trotz Pandemie"},"content":{"rendered":"\n<p><\/p>\n\n\n\n<p>2020 war auch f\u00fcr G\u00f6ttingen Tourismus und Marketing ein herausforderndes Jahr. Dennoch blickt Gesch\u00e4ftsf\u00fchrerin Angelika Daamen positiv auf das Gesch\u00e4ftsjahr zur\u00fcck. Vor allem das Wachstum im Bereich Social Media und der Gutscheinverkauf haben sich \u00fcberdurchschnittlich gut entwickelt.&nbsp;<\/p>\n\n\n\n<p><strong>Erfolgreicher Jahreswechsel auf den Social-Media-Kan\u00e4len: \u00dcber 16.000 Abonnent*innen auf Facebook und mehr als 4.000 Fans bei Instagram&nbsp;<\/strong><\/p>\n\n\n\n<p>Die Facebook- und Instagram-Seiten von G\u00f6ttingen Tourismus und Marketing starten mit positiven Zahlen in das neue Jahr. Die&nbsp;<a target=\"_blank\" rel=\"noreferrer noopener\" href=\"https:\/\/www.facebook.com\/meingoettingen\">Facebook-Seite Mein G\u00f6ttingen<\/a>&nbsp;konnte durch die Einf\u00fchrung einer neuen Social-Media-Strategie im vergangenen Jahr ein Wachstum von rund 18 Prozent verzeichnen und hat im neuen Jahr die Marke von 16.000 Fans geknackt. Auch die gleichnamige&nbsp;<a target=\"_blank\" rel=\"noreferrer noopener\" href=\"https:\/\/www.instagram.com\/meingoettingen\/\">Instagram-Seite<\/a>der Dachmarke Mein G\u00f6ttingen,&nbsp;<a target=\"_blank\" rel=\"noreferrer noopener\" href=\"https:\/\/www.presseportal.de\/pm\/146008\/4694350\">die G\u00f6ttingen Tourismus und Marketing im August 2020 gelauncht hat<\/a>, verzeichnet ein sehr gutes und \u00fcberdurchschnittliches Wachstum: Die Seite versorgt 4.621 (Stand 21.01.2021) Abonnent*innen mit Bildern und Wissenswertem aus G\u00f6ttingen.&nbsp;<\/p>\n\n\n\n<p>\u201eWir freuen uns, dass die Marke Mein G\u00f6ttingen so gut angenommen wird und wollen 2021 die Repr\u00e4sentation von G\u00f6ttingens Vielfalt in den sozialen Medien weiter ausbauen\u201c, sagt Angelika Daamen, Gesch\u00e4ftsf\u00fchrerin G\u00f6ttingen Tourismus und Marketing.&nbsp;<\/p>\n\n\n\n<p><strong>Verkauf von G\u00f6ttinger Geschenk-Gutscheinen unterst\u00fctzt lokalen Handel<\/strong><\/p>\n\n\n\n<p>2020 konnte G\u00f6ttingen Tourismus und Marketing durch den Verkauf von Gutscheinen im Wert von insgesamt 431.695 Euro Unternehmen in G\u00f6ttingen unterst\u00fctzen und zur Bindung lokaler Kaufkraft beitragen. Den gr\u00f6\u00dften Anteil machen die G\u00f6ttinger Geschenk-Gutscheine von Pro-City aus, die bei \u00fcber 100 Einzelh\u00e4ndler*innen, Dienstleister*innen, Restaurants und kulturellen Einrichtungen in der G\u00f6ttinger Innenstadt eingel\u00f6st werden k\u00f6nnen.&nbsp;<\/p>\n\n\n\n<p><strong>Hohe Nachfrage von Firmen nach 40-Euro-Gutscheinen im Weihnachtsgesch\u00e4ft<\/strong><\/p>\n\n\n\n<p>2020 bot G\u00f6ttingen Tourismus und Marketing in Zusammenarbeit mit Pro-City erg\u00e4nzend zu den 5-, 10- und 25-Euro-Gutscheinen den G\u00f6ttinger Geschenk-Gutschein auch im Wert von 40 Euro an. \u201eWir ziehen eine erste positive Bilanz nach der Einf\u00fchrung der neuen Gutschein-Variante. Der 40-Euro-Gutschein wurde vor allem von Firmen, insbesondere im Weihnachtsgesch\u00e4ft, verst\u00e4rkt nachgefragt\u201c, sagt Angelika Daamen. Die G\u00f6ttinger Geschenk-Gutscheine sind exklusiv bei G\u00f6ttingen Tourismus und Marketing erh\u00e4ltlich, aktuell per Bestellung \u00fcber die Webseite (<a target=\"_blank\" rel=\"noreferrer noopener\" href=\"http:\/\/www.goettingen-tourismus.de\/\">www.goettingen-tourismus.de<\/a>), per Mail (<a target=\"_blank\" rel=\"noreferrer noopener\" href=\"mailto:Tourismus@goettingen.de\">tourismus@goettingen.de<\/a>) oder telefonisch (0551 499800).<\/p>\n","protected":false},"excerpt":{"rendered":"<p>2020 war auch f\u00fcr G\u00f6ttingen Tourismus und Marketing ein herausforderndes Jahr. Dennoch blickt Gesch\u00e4ftsf\u00fchrerin Angelika Daamen positiv auf das Gesch\u00e4ftsjahr zur\u00fcck. Vor allem das Wachstum im Bereich Social Media und der Gutscheinverkauf haben sich \u00fcberdurchschnittlich gut entwickelt.&nbsp; Erfolgreicher Jahreswechsel auf den Social-Media-Kan\u00e4len: \u00dcber 16.000 Abonnent*innen auf Facebook und mehr als 4.000 Fans bei Instagram&nbsp; Die [&hellip;]<\/p>\n","protected":false},"author":1,"featured_media":4417,"comment_status":"closed","ping_status":"closed","sticky":false,"template":"","format":"standard","meta":{"saved_in_kubio":false,"footnotes":""},"categories":[42],"tags":[],"class_list":["post-4410","post","type-post","status-publish","format-standard","has-post-thumbnail","hentry","category-regionaler-tourismus"],"yoast_head":"<!-- This site is optimized with the Yoast SEO plugin v27.5 - https:\/\/yoast.com\/product\/yoast-seo-wordpress\/ -->\n<title>G\u00f6ttingen Tourismus: Positive Jahresbilanz 2020 trotz Pandemie - Radio Leinewelle<\/title>\n<meta name=\"robots\" content=\"index, follow, max-snippet:-1, max-image-preview:large, max-video-preview:-1\" \/>\n<link rel=\"canonical\" href=\"https:\/\/radioleinewelle.de\/index.php\/2021\/01\/23\/goettingen-tourismus-positive-jahresbilanz-2020-trotz-pandemie\/\" \/>\n<meta property=\"og:locale\" content=\"de_DE\" \/>\n<meta property=\"og:type\" content=\"article\" \/>\n<meta property=\"og:title\" content=\"G\u00f6ttingen Tourismus: Positive Jahresbilanz 2020 trotz Pandemie - Radio Leinewelle\" \/>\n<meta property=\"og:description\" content=\"2020 war auch f\u00fcr G\u00f6ttingen Tourismus und Marketing ein herausforderndes Jahr. Dennoch blickt Gesch\u00e4ftsf\u00fchrerin Angelika Daamen positiv auf das Gesch\u00e4ftsjahr zur\u00fcck. Vor allem das Wachstum im Bereich Social Media und der Gutscheinverkauf haben sich \u00fcberdurchschnittlich gut entwickelt.&nbsp; Erfolgreicher Jahreswechsel auf den Social-Media-Kan\u00e4len: \u00dcber 16.000 Abonnent*innen auf Facebook und mehr als 4.000 Fans bei Instagram&nbsp; Die [&hellip;]\" \/>\n<meta property=\"og:url\" content=\"https:\/\/radioleinewelle.de\/index.php\/2021\/01\/23\/goettingen-tourismus-positive-jahresbilanz-2020-trotz-pandemie\/\" \/>\n<meta property=\"og:site_name\" content=\"Radio Leinewelle\" \/>\n<meta property=\"article:publisher\" content=\"https:\/\/www.facebook.com\/radioleinewelle\" \/>\n<meta property=\"article:author\" content=\"https:\/\/www.facebook.com\/radioleinewelle\" \/>\n<meta property=\"article:published_time\" content=\"2021-01-23T04:26:00+00:00\" \/>\n<meta property=\"og:image\" content=\"https:\/\/radioleinewelle.de\/wp-content\/uploads\/2021\/01\/gottingen-1269450_640.jpg\" \/>\n\t<meta property=\"og:image:width\" content=\"640\" \/>\n\t<meta property=\"og:image:height\" content=\"426\" \/>\n\t<meta property=\"og:image:type\" content=\"image\/jpeg\" \/>\n<meta name=\"author\" content=\"Leinewelle\" \/>\n<meta name=\"twitter:card\" content=\"summary_large_image\" \/>\n<meta name=\"twitter:creator\" content=\"@https:\/\/twitter.com\/RLeinewelle?ref_src=twsrcgoogletwcampserptwgrauthor\" \/>\n<meta name=\"twitter:site\" content=\"@RLeinewelle\" \/>\n<meta name=\"twitter:label1\" content=\"Verfasst von\" \/>\n\t<meta name=\"twitter:data1\" content=\"Leinewelle\" \/>\n\t<meta name=\"twitter:label2\" content=\"Gesch\u00e4tzte Lesezeit\" \/>\n\t<meta name=\"twitter:data2\" content=\"2\u00a0Minuten\" \/>\n<script type=\"application\/ld+json\" class=\"yoast-schema-graph\">{\"@context\":\"https:\\\/\\\/schema.org\",\"@graph\":[{\"@type\":\"Article\",\"@id\":\"https:\\\/\\\/radioleinewelle.de\\\/index.php\\\/2021\\\/01\\\/23\\\/goettingen-tourismus-positive-jahresbilanz-2020-trotz-pandemie\\\/#article\",\"isPartOf\":{\"@id\":\"https:\\\/\\\/radioleinewelle.de\\\/index.php\\\/2021\\\/01\\\/23\\\/goettingen-tourismus-positive-jahresbilanz-2020-trotz-pandemie\\\/\"},\"author\":{\"name\":\"Leinewelle\",\"@id\":\"https:\\\/\\\/radioleinewelle.de\\\/#\\\/schema\\\/person\\\/45606f348637df637192dc1b68399a63\"},\"headline\":\"G\u00f6ttingen Tourismus: Positive Jahresbilanz 2020 trotz Pandemie\",\"datePublished\":\"2021-01-23T04:26:00+00:00\",\"mainEntityOfPage\":{\"@id\":\"https:\\\/\\\/radioleinewelle.de\\\/index.php\\\/2021\\\/01\\\/23\\\/goettingen-tourismus-positive-jahresbilanz-2020-trotz-pandemie\\\/\"},\"wordCount\":370,\"publisher\":{\"@id\":\"https:\\\/\\\/radioleinewelle.de\\\/#organization\"},\"image\":{\"@id\":\"https:\\\/\\\/radioleinewelle.de\\\/index.php\\\/2021\\\/01\\\/23\\\/goettingen-tourismus-positive-jahresbilanz-2020-trotz-pandemie\\\/#primaryimage\"},\"thumbnailUrl\":\"https:\\\/\\\/radioleinewelle.de\\\/wp-content\\\/uploads\\\/2021\\\/01\\\/gottingen-1269450_640.jpg\",\"articleSection\":[\"Regionaler Tourismus\"],\"inLanguage\":\"de\"},{\"@type\":\"WebPage\",\"@id\":\"https:\\\/\\\/radioleinewelle.de\\\/index.php\\\/2021\\\/01\\\/23\\\/goettingen-tourismus-positive-jahresbilanz-2020-trotz-pandemie\\\/\",\"url\":\"https:\\\/\\\/radioleinewelle.de\\\/index.php\\\/2021\\\/01\\\/23\\\/goettingen-tourismus-positive-jahresbilanz-2020-trotz-pandemie\\\/\",\"name\":\"G\u00f6ttingen Tourismus: Positive Jahresbilanz 2020 trotz Pandemie - Radio Leinewelle\",\"isPartOf\":{\"@id\":\"https:\\\/\\\/radioleinewelle.de\\\/#website\"},\"primaryImageOfPage\":{\"@id\":\"https:\\\/\\\/radioleinewelle.de\\\/index.php\\\/2021\\\/01\\\/23\\\/goettingen-tourismus-positive-jahresbilanz-2020-trotz-pandemie\\\/#primaryimage\"},\"image\":{\"@id\":\"https:\\\/\\\/radioleinewelle.de\\\/index.php\\\/2021\\\/01\\\/23\\\/goettingen-tourismus-positive-jahresbilanz-2020-trotz-pandemie\\\/#primaryimage\"},\"thumbnailUrl\":\"https:\\\/\\\/radioleinewelle.de\\\/wp-content\\\/uploads\\\/2021\\\/01\\\/gottingen-1269450_640.jpg\",\"datePublished\":\"2021-01-23T04:26:00+00:00\",\"breadcrumb\":{\"@id\":\"https:\\\/\\\/radioleinewelle.de\\\/index.php\\\/2021\\\/01\\\/23\\\/goettingen-tourismus-positive-jahresbilanz-2020-trotz-pandemie\\\/#breadcrumb\"},\"inLanguage\":\"de\",\"potentialAction\":[{\"@type\":\"ReadAction\",\"target\":[\"https:\\\/\\\/radioleinewelle.de\\\/index.php\\\/2021\\\/01\\\/23\\\/goettingen-tourismus-positive-jahresbilanz-2020-trotz-pandemie\\\/\"]}]},{\"@type\":\"ImageObject\",\"inLanguage\":\"de\",\"@id\":\"https:\\\/\\\/radioleinewelle.de\\\/index.php\\\/2021\\\/01\\\/23\\\/goettingen-tourismus-positive-jahresbilanz-2020-trotz-pandemie\\\/#primaryimage\",\"url\":\"https:\\\/\\\/radioleinewelle.de\\\/wp-content\\\/uploads\\\/2021\\\/01\\\/gottingen-1269450_640.jpg\",\"contentUrl\":\"https:\\\/\\\/radioleinewelle.de\\\/wp-content\\\/uploads\\\/2021\\\/01\\\/gottingen-1269450_640.jpg\",\"width\":640,\"height\":426},{\"@type\":\"BreadcrumbList\",\"@id\":\"https:\\\/\\\/radioleinewelle.de\\\/index.php\\\/2021\\\/01\\\/23\\\/goettingen-tourismus-positive-jahresbilanz-2020-trotz-pandemie\\\/#breadcrumb\",\"itemListElement\":[{\"@type\":\"ListItem\",\"position\":1,\"name\":\"Startseite\",\"item\":\"https:\\\/\\\/radioleinewelle.de\\\/\"},{\"@type\":\"ListItem\",\"position\":2,\"name\":\"G\u00f6ttingen Tourismus: Positive Jahresbilanz 2020 trotz Pandemie\"}]},{\"@type\":\"WebSite\",\"@id\":\"https:\\\/\\\/radioleinewelle.de\\\/#website\",\"url\":\"https:\\\/\\\/radioleinewelle.de\\\/\",\"name\":\"Radio Leinewelle\",\"description\":\"\",\"publisher\":{\"@id\":\"https:\\\/\\\/radioleinewelle.de\\\/#organization\"},\"potentialAction\":[{\"@type\":\"SearchAction\",\"target\":{\"@type\":\"EntryPoint\",\"urlTemplate\":\"https:\\\/\\\/radioleinewelle.de\\\/?s={search_term_string}\"},\"query-input\":{\"@type\":\"PropertyValueSpecification\",\"valueRequired\":true,\"valueName\":\"search_term_string\"}}],\"inLanguage\":\"de\"},{\"@type\":\"Organization\",\"@id\":\"https:\\\/\\\/radioleinewelle.de\\\/#organization\",\"name\":\"Radio Leinewelle\",\"alternateName\":\"Mein Radio f\u00fcr S\u00fcdniedersachsen\",\"url\":\"https:\\\/\\\/radioleinewelle.de\\\/\",\"logo\":{\"@type\":\"ImageObject\",\"inLanguage\":\"de\",\"@id\":\"https:\\\/\\\/radioleinewelle.de\\\/#\\\/schema\\\/logo\\\/image\\\/\",\"url\":\"https:\\\/\\\/radioleinewelle.de\\\/wp-content\\\/uploads\\\/2023\\\/11\\\/cropped-Leinewelle_Logo_weiss.png\",\"contentUrl\":\"https:\\\/\\\/radioleinewelle.de\\\/wp-content\\\/uploads\\\/2023\\\/11\\\/cropped-Leinewelle_Logo_weiss.png\",\"width\":854,\"height\":260,\"caption\":\"Radio Leinewelle\"},\"image\":{\"@id\":\"https:\\\/\\\/radioleinewelle.de\\\/#\\\/schema\\\/logo\\\/image\\\/\"},\"sameAs\":[\"https:\\\/\\\/www.facebook.com\\\/radioleinewelle\",\"https:\\\/\\\/x.com\\\/RLeinewelle\",\"https:\\\/\\\/www.instagram.com\\\/radioleinewelle\\\/?hl=de\"]},{\"@type\":\"Person\",\"@id\":\"https:\\\/\\\/radioleinewelle.de\\\/#\\\/schema\\\/person\\\/45606f348637df637192dc1b68399a63\",\"name\":\"Leinewelle\",\"image\":{\"@type\":\"ImageObject\",\"inLanguage\":\"de\",\"@id\":\"https:\\\/\\\/secure.gravatar.com\\\/avatar\\\/05c9a17bc973052ee5d91549bd32fb4dd0dc85b7b85ae94b2e2b4943476bbea5?s=96&d=blank&r=g\",\"url\":\"https:\\\/\\\/secure.gravatar.com\\\/avatar\\\/05c9a17bc973052ee5d91549bd32fb4dd0dc85b7b85ae94b2e2b4943476bbea5?s=96&d=blank&r=g\",\"contentUrl\":\"https:\\\/\\\/secure.gravatar.com\\\/avatar\\\/05c9a17bc973052ee5d91549bd32fb4dd0dc85b7b85ae94b2e2b4943476bbea5?s=96&d=blank&r=g\",\"caption\":\"Leinewelle\"},\"sameAs\":[\"http:\\\/\\\/localhost\\\/radio%20leinewelle\\\/wordpress\",\"https:\\\/\\\/www.facebook.com\\\/radioleinewelle\",\"https:\\\/\\\/www.instagram.com\\\/radioleinewelle\",\"https:\\\/\\\/x.com\\\/https:\\\/\\\/twitter.com\\\/RLeinewelle?ref_src=twsrcgoogletwcampserptwgrauthor\",\"https:\\\/\\\/soundcloud.com\\\/foerderverein-lokalradio?utm_source=clipboard&utm_medium=text&utm_campaign=social_sharing\"],\"url\":\"https:\\\/\\\/radioleinewelle.de\\\/index.php\\\/author\\\/leinewelle\\\/\"}]}<\/script>\n<!-- \/ Yoast SEO plugin. -->","yoast_head_json":{"title":"G\u00f6ttingen Tourismus: Positive Jahresbilanz 2020 trotz Pandemie - Radio Leinewelle","robots":{"index":"index","follow":"follow","max-snippet":"max-snippet:-1","max-image-preview":"max-image-preview:large","max-video-preview":"max-video-preview:-1"},"canonical":"https:\/\/radioleinewelle.de\/index.php\/2021\/01\/23\/goettingen-tourismus-positive-jahresbilanz-2020-trotz-pandemie\/","og_locale":"de_DE","og_type":"article","og_title":"G\u00f6ttingen Tourismus: Positive Jahresbilanz 2020 trotz Pandemie - Radio Leinewelle","og_description":"2020 war auch f\u00fcr G\u00f6ttingen Tourismus und Marketing ein herausforderndes Jahr. Dennoch blickt Gesch\u00e4ftsf\u00fchrerin Angelika Daamen positiv auf das Gesch\u00e4ftsjahr zur\u00fcck. Vor allem das Wachstum im Bereich Social Media und der Gutscheinverkauf haben sich \u00fcberdurchschnittlich gut entwickelt.&nbsp; Erfolgreicher Jahreswechsel auf den Social-Media-Kan\u00e4len: \u00dcber 16.000 Abonnent*innen auf Facebook und mehr als 4.000 Fans bei Instagram&nbsp; Die [&hellip;]","og_url":"https:\/\/radioleinewelle.de\/index.php\/2021\/01\/23\/goettingen-tourismus-positive-jahresbilanz-2020-trotz-pandemie\/","og_site_name":"Radio Leinewelle","article_publisher":"https:\/\/www.facebook.com\/radioleinewelle","article_author":"https:\/\/www.facebook.com\/radioleinewelle","article_published_time":"2021-01-23T04:26:00+00:00","og_image":[{"width":640,"height":426,"url":"https:\/\/radioleinewelle.de\/wp-content\/uploads\/2021\/01\/gottingen-1269450_640.jpg","type":"image\/jpeg"}],"author":"Leinewelle","twitter_card":"summary_large_image","twitter_creator":"@https:\/\/twitter.com\/RLeinewelle?ref_src=twsrcgoogletwcampserptwgrauthor","twitter_site":"@RLeinewelle","twitter_misc":{"Verfasst von":"Leinewelle","Gesch\u00e4tzte Lesezeit":"2\u00a0Minuten"},"schema":{"@context":"https:\/\/schema.org","@graph":[{"@type":"Article","@id":"https:\/\/radioleinewelle.de\/index.php\/2021\/01\/23\/goettingen-tourismus-positive-jahresbilanz-2020-trotz-pandemie\/#article","isPartOf":{"@id":"https:\/\/radioleinewelle.de\/index.php\/2021\/01\/23\/goettingen-tourismus-positive-jahresbilanz-2020-trotz-pandemie\/"},"author":{"name":"Leinewelle","@id":"https:\/\/radioleinewelle.de\/#\/schema\/person\/45606f348637df637192dc1b68399a63"},"headline":"G\u00f6ttingen Tourismus: Positive Jahresbilanz 2020 trotz Pandemie","datePublished":"2021-01-23T04:26:00+00:00","mainEntityOfPage":{"@id":"https:\/\/radioleinewelle.de\/index.php\/2021\/01\/23\/goettingen-tourismus-positive-jahresbilanz-2020-trotz-pandemie\/"},"wordCount":370,"publisher":{"@id":"https:\/\/radioleinewelle.de\/#organization"},"image":{"@id":"https:\/\/radioleinewelle.de\/index.php\/2021\/01\/23\/goettingen-tourismus-positive-jahresbilanz-2020-trotz-pandemie\/#primaryimage"},"thumbnailUrl":"https:\/\/radioleinewelle.de\/wp-content\/uploads\/2021\/01\/gottingen-1269450_640.jpg","articleSection":["Regionaler Tourismus"],"inLanguage":"de"},{"@type":"WebPage","@id":"https:\/\/radioleinewelle.de\/index.php\/2021\/01\/23\/goettingen-tourismus-positive-jahresbilanz-2020-trotz-pandemie\/","url":"https:\/\/radioleinewelle.de\/index.php\/2021\/01\/23\/goettingen-tourismus-positive-jahresbilanz-2020-trotz-pandemie\/","name":"G\u00f6ttingen Tourismus: Positive Jahresbilanz 2020 trotz Pandemie - Radio Leinewelle","isPartOf":{"@id":"https:\/\/radioleinewelle.de\/#website"},"primaryImageOfPage":{"@id":"https:\/\/radioleinewelle.de\/index.php\/2021\/01\/23\/goettingen-tourismus-positive-jahresbilanz-2020-trotz-pandemie\/#primaryimage"},"image":{"@id":"https:\/\/radioleinewelle.de\/index.php\/2021\/01\/23\/goettingen-tourismus-positive-jahresbilanz-2020-trotz-pandemie\/#primaryimage"},"thumbnailUrl":"https:\/\/radioleinewelle.de\/wp-content\/uploads\/2021\/01\/gottingen-1269450_640.jpg","datePublished":"2021-01-23T04:26:00+00:00","breadcrumb":{"@id":"https:\/\/radioleinewelle.de\/index.php\/2021\/01\/23\/goettingen-tourismus-positive-jahresbilanz-2020-trotz-pandemie\/#breadcrumb"},"inLanguage":"de","potentialAction":[{"@type":"ReadAction","target":["https:\/\/radioleinewelle.de\/index.php\/2021\/01\/23\/goettingen-tourismus-positive-jahresbilanz-2020-trotz-pandemie\/"]}]},{"@type":"ImageObject","inLanguage":"de","@id":"https:\/\/radioleinewelle.de\/index.php\/2021\/01\/23\/goettingen-tourismus-positive-jahresbilanz-2020-trotz-pandemie\/#primaryimage","url":"https:\/\/radioleinewelle.de\/wp-content\/uploads\/2021\/01\/gottingen-1269450_640.jpg","contentUrl":"https:\/\/radioleinewelle.de\/wp-content\/uploads\/2021\/01\/gottingen-1269450_640.jpg","width":640,"height":426},{"@type":"BreadcrumbList","@id":"https:\/\/radioleinewelle.de\/index.php\/2021\/01\/23\/goettingen-tourismus-positive-jahresbilanz-2020-trotz-pandemie\/#breadcrumb","itemListElement":[{"@type":"ListItem","position":1,"name":"Startseite","item":"https:\/\/radioleinewelle.de\/"},{"@type":"ListItem","position":2,"name":"G\u00f6ttingen Tourismus: Positive Jahresbilanz 2020 trotz Pandemie"}]},{"@type":"WebSite","@id":"https:\/\/radioleinewelle.de\/#website","url":"https:\/\/radioleinewelle.de\/","name":"Radio Leinewelle","description":"","publisher":{"@id":"https:\/\/radioleinewelle.de\/#organization"},"potentialAction":[{"@type":"SearchAction","target":{"@type":"EntryPoint","urlTemplate":"https:\/\/radioleinewelle.de\/?s={search_term_string}"},"query-input":{"@type":"PropertyValueSpecification","valueRequired":true,"valueName":"search_term_string"}}],"inLanguage":"de"},{"@type":"Organization","@id":"https:\/\/radioleinewelle.de\/#organization","name":"Radio Leinewelle","alternateName":"Mein Radio f\u00fcr S\u00fcdniedersachsen","url":"https:\/\/radioleinewelle.de\/","logo":{"@type":"ImageObject","inLanguage":"de","@id":"https:\/\/radioleinewelle.de\/#\/schema\/logo\/image\/","url":"https:\/\/radioleinewelle.de\/wp-content\/uploads\/2023\/11\/cropped-Leinewelle_Logo_weiss.png","contentUrl":"https:\/\/radioleinewelle.de\/wp-content\/uploads\/2023\/11\/cropped-Leinewelle_Logo_weiss.png","width":854,"height":260,"caption":"Radio Leinewelle"},"image":{"@id":"https:\/\/radioleinewelle.de\/#\/schema\/logo\/image\/"},"sameAs":["https:\/\/www.facebook.com\/radioleinewelle","https:\/\/x.com\/RLeinewelle","https:\/\/www.instagram.com\/radioleinewelle\/?hl=de"]},{"@type":"Person","@id":"https:\/\/radioleinewelle.de\/#\/schema\/person\/45606f348637df637192dc1b68399a63","name":"Leinewelle","image":{"@type":"ImageObject","inLanguage":"de","@id":"https:\/\/secure.gravatar.com\/avatar\/05c9a17bc973052ee5d91549bd32fb4dd0dc85b7b85ae94b2e2b4943476bbea5?s=96&d=blank&r=g","url":"https:\/\/secure.gravatar.com\/avatar\/05c9a17bc973052ee5d91549bd32fb4dd0dc85b7b85ae94b2e2b4943476bbea5?s=96&d=blank&r=g","contentUrl":"https:\/\/secure.gravatar.com\/avatar\/05c9a17bc973052ee5d91549bd32fb4dd0dc85b7b85ae94b2e2b4943476bbea5?s=96&d=blank&r=g","caption":"Leinewelle"},"sameAs":["http:\/\/localhost\/radio%20leinewelle\/wordpress","https:\/\/www.facebook.com\/radioleinewelle","https:\/\/www.instagram.com\/radioleinewelle","https:\/\/x.com\/https:\/\/twitter.com\/RLeinewelle?ref_src=twsrcgoogletwcampserptwgrauthor","https:\/\/soundcloud.com\/foerderverein-lokalradio?utm_source=clipboard&utm_medium=text&utm_campaign=social_sharing"],"url":"https:\/\/radioleinewelle.de\/index.php\/author\/leinewelle\/"}]}},"_links":{"self":[{"href":"https:\/\/radioleinewelle.de\/index.php\/wp-json\/wp\/v2\/posts\/4410","targetHints":{"allow":["GET"]}}],"collection":[{"href":"https:\/\/radioleinewelle.de\/index.php\/wp-json\/wp\/v2\/posts"}],"about":[{"href":"https:\/\/radioleinewelle.de\/index.php\/wp-json\/wp\/v2\/types\/post"}],"author":[{"embeddable":true,"href":"https:\/\/radioleinewelle.de\/index.php\/wp-json\/wp\/v2\/users\/1"}],"replies":[{"embeddable":true,"href":"https:\/\/radioleinewelle.de\/index.php\/wp-json\/wp\/v2\/comments?post=4410"}],"version-history":[{"count":0,"href":"https:\/\/radioleinewelle.de\/index.php\/wp-json\/wp\/v2\/posts\/4410\/revisions"}],"wp:featuredmedia":[{"embeddable":true,"href":"https:\/\/radioleinewelle.de\/index.php\/wp-json\/wp\/v2\/media\/4417"}],"wp:attachment":[{"href":"https:\/\/radioleinewelle.de\/index.php\/wp-json\/wp\/v2\/media?parent=4410"}],"wp:term":[{"taxonomy":"category","embeddable":true,"href":"https:\/\/radioleinewelle.de\/index.php\/wp-json\/wp\/v2\/categories?post=4410"},{"taxonomy":"post_tag","embeddable":true,"href":"https:\/\/radioleinewelle.de\/index.php\/wp-json\/wp\/v2\/tags?post=4410"}],"curies":[{"name":"wp","href":"https:\/\/api.w.org\/{rel}","templated":true}]}}