{"id":4559,"date":"2021-01-23T22:21:44","date_gmt":"2021-01-23T21:21:44","guid":{"rendered":"https:\/\/radioleinewelle.de\/?p=4559"},"modified":"2021-01-23T22:21:44","modified_gmt":"2021-01-23T21:21:44","slug":"feuer-in-hann-muenden-ist-unter-kontrolle-loescharbeiten-gehen-weiter","status":"publish","type":"post","link":"https:\/\/radioleinewelle.de\/index.php\/2021\/01\/23\/feuer-in-hann-muenden-ist-unter-kontrolle-loescharbeiten-gehen-weiter\/","title":{"rendered":"Feuer in Hann. M\u00fcnden ist unter Kontrolle &#8211; L\u00f6scharbeiten gehen weiter"},"content":{"rendered":"\n<p>HANN. M\u00dcNDEN (jk) &#8211; Das Feuer in Hann. M\u00fcnden ist inzwischen unter Kontrolle. Die L\u00f6scharbeiten der Feuerwehr sind aber noch nicht abgeschlossen. Rund 140 Kameraden verschiedener Wehren sind seit dem fr\u00fchen Morgen in der Altstadt der Drei-Fl\u00fcsse-Stadt zur Brandbek\u00e4mpfung im Einsatz.&nbsp;<\/p>\n\n\n\n<p>Unklar ist weiterhin der Ausl\u00f6ser des Brandes. Eine Begutachtung des Fachwerkhauses, in dem das Feuer seinen Anfang nahm, ist im Moment noch nicht m\u00f6glich. Aufgrund bislang gewonnener, erster Erkenntnisse liegen aber keine Hinweise auf ein Fremdverschulden vor.&nbsp;<\/p>\n\n\n\n<p>Wann die Brandermittler der Polizei Hann. M\u00fcnden ihre Untersuchungen an der Brandstelle aufnehmen k\u00f6nnen, bleibt abzuwarten.<\/p>\n","protected":false},"excerpt":{"rendered":"<p>HANN. M\u00dcNDEN (jk) &#8211; Das Feuer in Hann. M\u00fcnden ist inzwischen unter Kontrolle. Die L\u00f6scharbeiten der Feuerwehr sind aber noch nicht abgeschlossen. Rund 140 Kameraden verschiedener Wehren sind seit dem fr\u00fchen Morgen in der Altstadt der Drei-Fl\u00fcsse-Stadt zur Brandbek\u00e4mpfung im Einsatz.&nbsp; Unklar ist weiterhin der Ausl\u00f6ser des Brandes. Eine Begutachtung des Fachwerkhauses, in dem das [&hellip;]<\/p>\n","protected":false},"author":1,"featured_media":0,"comment_status":"closed","ping_status":"closed","sticky":false,"template":"","format":"standard","meta":{"saved_in_kubio":false,"footnotes":""},"categories":[24],"tags":[],"class_list":["post-4559","post","type-post","status-publish","format-standard","hentry","category-news"],"yoast_head":"<!-- This site is optimized with the Yoast SEO plugin v27.5 - https:\/\/yoast.com\/product\/yoast-seo-wordpress\/ -->\n<title>Feuer in Hann. M\u00fcnden ist unter Kontrolle - L\u00f6scharbeiten gehen weiter - Radio Leinewelle<\/title>\n<meta name=\"robots\" content=\"index, follow, max-snippet:-1, max-image-preview:large, max-video-preview:-1\" \/>\n<link rel=\"canonical\" href=\"https:\/\/radioleinewelle.de\/index.php\/2021\/01\/23\/feuer-in-hann-muenden-ist-unter-kontrolle-loescharbeiten-gehen-weiter\/\" \/>\n<meta property=\"og:locale\" content=\"de_DE\" \/>\n<meta property=\"og:type\" content=\"article\" \/>\n<meta property=\"og:title\" content=\"Feuer in Hann. M\u00fcnden ist unter Kontrolle - L\u00f6scharbeiten gehen weiter - Radio Leinewelle\" \/>\n<meta property=\"og:description\" content=\"HANN. M\u00dcNDEN (jk) &#8211; Das Feuer in Hann. M\u00fcnden ist inzwischen unter Kontrolle. Die L\u00f6scharbeiten der Feuerwehr sind aber noch nicht abgeschlossen. Rund 140 Kameraden verschiedener Wehren sind seit dem fr\u00fchen Morgen in der Altstadt der Drei-Fl\u00fcsse-Stadt zur Brandbek\u00e4mpfung im Einsatz.&nbsp; Unklar ist weiterhin der Ausl\u00f6ser des Brandes. Eine Begutachtung des Fachwerkhauses, in dem das [&hellip;]\" \/>\n<meta property=\"og:url\" content=\"https:\/\/radioleinewelle.de\/index.php\/2021\/01\/23\/feuer-in-hann-muenden-ist-unter-kontrolle-loescharbeiten-gehen-weiter\/\" \/>\n<meta property=\"og:site_name\" content=\"Radio Leinewelle\" \/>\n<meta property=\"article:publisher\" content=\"https:\/\/www.facebook.com\/radioleinewelle\" \/>\n<meta property=\"article:author\" content=\"https:\/\/www.facebook.com\/radioleinewelle\" \/>\n<meta property=\"article:published_time\" content=\"2021-01-23T21:21:44+00:00\" \/>\n<meta name=\"author\" content=\"Leinewelle\" \/>\n<meta name=\"twitter:card\" content=\"summary_large_image\" \/>\n<meta name=\"twitter:creator\" content=\"@https:\/\/twitter.com\/RLeinewelle?ref_src=twsrcgoogletwcampserptwgrauthor\" \/>\n<meta name=\"twitter:site\" content=\"@RLeinewelle\" \/>\n<meta name=\"twitter:label1\" content=\"Verfasst von\" \/>\n\t<meta name=\"twitter:data1\" content=\"Leinewelle\" \/>\n\t<meta name=\"twitter:label2\" content=\"Gesch\u00e4tzte Lesezeit\" \/>\n\t<meta name=\"twitter:data2\" content=\"1\u00a0Minute\" \/>\n<script type=\"application\/ld+json\" class=\"yoast-schema-graph\">{\"@context\":\"https:\\\/\\\/schema.org\",\"@graph\":[{\"@type\":\"Article\",\"@id\":\"https:\\\/\\\/radioleinewelle.de\\\/index.php\\\/2021\\\/01\\\/23\\\/feuer-in-hann-muenden-ist-unter-kontrolle-loescharbeiten-gehen-weiter\\\/#article\",\"isPartOf\":{\"@id\":\"https:\\\/\\\/radioleinewelle.de\\\/index.php\\\/2021\\\/01\\\/23\\\/feuer-in-hann-muenden-ist-unter-kontrolle-loescharbeiten-gehen-weiter\\\/\"},\"author\":{\"name\":\"Leinewelle\",\"@id\":\"https:\\\/\\\/radioleinewelle.de\\\/#\\\/schema\\\/person\\\/45606f348637df637192dc1b68399a63\"},\"headline\":\"Feuer in Hann. M\u00fcnden ist unter Kontrolle &#8211; L\u00f6scharbeiten gehen weiter\",\"datePublished\":\"2021-01-23T21:21:44+00:00\",\"mainEntityOfPage\":{\"@id\":\"https:\\\/\\\/radioleinewelle.de\\\/index.php\\\/2021\\\/01\\\/23\\\/feuer-in-hann-muenden-ist-unter-kontrolle-loescharbeiten-gehen-weiter\\\/\"},\"wordCount\":118,\"publisher\":{\"@id\":\"https:\\\/\\\/radioleinewelle.de\\\/#organization\"},\"articleSection\":[\"Aktuelle Nachrichten\"],\"inLanguage\":\"de\"},{\"@type\":\"WebPage\",\"@id\":\"https:\\\/\\\/radioleinewelle.de\\\/index.php\\\/2021\\\/01\\\/23\\\/feuer-in-hann-muenden-ist-unter-kontrolle-loescharbeiten-gehen-weiter\\\/\",\"url\":\"https:\\\/\\\/radioleinewelle.de\\\/index.php\\\/2021\\\/01\\\/23\\\/feuer-in-hann-muenden-ist-unter-kontrolle-loescharbeiten-gehen-weiter\\\/\",\"name\":\"Feuer in Hann. M\u00fcnden ist unter Kontrolle - L\u00f6scharbeiten gehen weiter - Radio Leinewelle\",\"isPartOf\":{\"@id\":\"https:\\\/\\\/radioleinewelle.de\\\/#website\"},\"datePublished\":\"2021-01-23T21:21:44+00:00\",\"breadcrumb\":{\"@id\":\"https:\\\/\\\/radioleinewelle.de\\\/index.php\\\/2021\\\/01\\\/23\\\/feuer-in-hann-muenden-ist-unter-kontrolle-loescharbeiten-gehen-weiter\\\/#breadcrumb\"},\"inLanguage\":\"de\",\"potentialAction\":[{\"@type\":\"ReadAction\",\"target\":[\"https:\\\/\\\/radioleinewelle.de\\\/index.php\\\/2021\\\/01\\\/23\\\/feuer-in-hann-muenden-ist-unter-kontrolle-loescharbeiten-gehen-weiter\\\/\"]}]},{\"@type\":\"BreadcrumbList\",\"@id\":\"https:\\\/\\\/radioleinewelle.de\\\/index.php\\\/2021\\\/01\\\/23\\\/feuer-in-hann-muenden-ist-unter-kontrolle-loescharbeiten-gehen-weiter\\\/#breadcrumb\",\"itemListElement\":[{\"@type\":\"ListItem\",\"position\":1,\"name\":\"Startseite\",\"item\":\"https:\\\/\\\/radioleinewelle.de\\\/\"},{\"@type\":\"ListItem\",\"position\":2,\"name\":\"Feuer in Hann. M\u00fcnden ist unter Kontrolle &#8211; L\u00f6scharbeiten gehen weiter\"}]},{\"@type\":\"WebSite\",\"@id\":\"https:\\\/\\\/radioleinewelle.de\\\/#website\",\"url\":\"https:\\\/\\\/radioleinewelle.de\\\/\",\"name\":\"Radio Leinewelle\",\"description\":\"\",\"publisher\":{\"@id\":\"https:\\\/\\\/radioleinewelle.de\\\/#organization\"},\"potentialAction\":[{\"@type\":\"SearchAction\",\"target\":{\"@type\":\"EntryPoint\",\"urlTemplate\":\"https:\\\/\\\/radioleinewelle.de\\\/?s={search_term_string}\"},\"query-input\":{\"@type\":\"PropertyValueSpecification\",\"valueRequired\":true,\"valueName\":\"search_term_string\"}}],\"inLanguage\":\"de\"},{\"@type\":\"Organization\",\"@id\":\"https:\\\/\\\/radioleinewelle.de\\\/#organization\",\"name\":\"Radio Leinewelle\",\"alternateName\":\"Mein Radio f\u00fcr S\u00fcdniedersachsen\",\"url\":\"https:\\\/\\\/radioleinewelle.de\\\/\",\"logo\":{\"@type\":\"ImageObject\",\"inLanguage\":\"de\",\"@id\":\"https:\\\/\\\/radioleinewelle.de\\\/#\\\/schema\\\/logo\\\/image\\\/\",\"url\":\"https:\\\/\\\/radioleinewelle.de\\\/wp-content\\\/uploads\\\/2023\\\/11\\\/cropped-Leinewelle_Logo_weiss.png\",\"contentUrl\":\"https:\\\/\\\/radioleinewelle.de\\\/wp-content\\\/uploads\\\/2023\\\/11\\\/cropped-Leinewelle_Logo_weiss.png\",\"width\":854,\"height\":260,\"caption\":\"Radio Leinewelle\"},\"image\":{\"@id\":\"https:\\\/\\\/radioleinewelle.de\\\/#\\\/schema\\\/logo\\\/image\\\/\"},\"sameAs\":[\"https:\\\/\\\/www.facebook.com\\\/radioleinewelle\",\"https:\\\/\\\/x.com\\\/RLeinewelle\",\"https:\\\/\\\/www.instagram.com\\\/radioleinewelle\\\/?hl=de\"]},{\"@type\":\"Person\",\"@id\":\"https:\\\/\\\/radioleinewelle.de\\\/#\\\/schema\\\/person\\\/45606f348637df637192dc1b68399a63\",\"name\":\"Leinewelle\",\"image\":{\"@type\":\"ImageObject\",\"inLanguage\":\"de\",\"@id\":\"https:\\\/\\\/secure.gravatar.com\\\/avatar\\\/05c9a17bc973052ee5d91549bd32fb4dd0dc85b7b85ae94b2e2b4943476bbea5?s=96&d=blank&r=g\",\"url\":\"https:\\\/\\\/secure.gravatar.com\\\/avatar\\\/05c9a17bc973052ee5d91549bd32fb4dd0dc85b7b85ae94b2e2b4943476bbea5?s=96&d=blank&r=g\",\"contentUrl\":\"https:\\\/\\\/secure.gravatar.com\\\/avatar\\\/05c9a17bc973052ee5d91549bd32fb4dd0dc85b7b85ae94b2e2b4943476bbea5?s=96&d=blank&r=g\",\"caption\":\"Leinewelle\"},\"sameAs\":[\"http:\\\/\\\/localhost\\\/radio%20leinewelle\\\/wordpress\",\"https:\\\/\\\/www.facebook.com\\\/radioleinewelle\",\"https:\\\/\\\/www.instagram.com\\\/radioleinewelle\",\"https:\\\/\\\/x.com\\\/https:\\\/\\\/twitter.com\\\/RLeinewelle?ref_src=twsrcgoogletwcampserptwgrauthor\",\"https:\\\/\\\/soundcloud.com\\\/foerderverein-lokalradio?utm_source=clipboard&utm_medium=text&utm_campaign=social_sharing\"],\"url\":\"https:\\\/\\\/radioleinewelle.de\\\/index.php\\\/author\\\/leinewelle\\\/\"}]}<\/script>\n<!-- \/ Yoast SEO plugin. -->","yoast_head_json":{"title":"Feuer in Hann. M\u00fcnden ist unter Kontrolle - L\u00f6scharbeiten gehen weiter - Radio Leinewelle","robots":{"index":"index","follow":"follow","max-snippet":"max-snippet:-1","max-image-preview":"max-image-preview:large","max-video-preview":"max-video-preview:-1"},"canonical":"https:\/\/radioleinewelle.de\/index.php\/2021\/01\/23\/feuer-in-hann-muenden-ist-unter-kontrolle-loescharbeiten-gehen-weiter\/","og_locale":"de_DE","og_type":"article","og_title":"Feuer in Hann. M\u00fcnden ist unter Kontrolle - L\u00f6scharbeiten gehen weiter - Radio Leinewelle","og_description":"HANN. M\u00dcNDEN (jk) &#8211; Das Feuer in Hann. M\u00fcnden ist inzwischen unter Kontrolle. Die L\u00f6scharbeiten der Feuerwehr sind aber noch nicht abgeschlossen. Rund 140 Kameraden verschiedener Wehren sind seit dem fr\u00fchen Morgen in der Altstadt der Drei-Fl\u00fcsse-Stadt zur Brandbek\u00e4mpfung im Einsatz.&nbsp; Unklar ist weiterhin der Ausl\u00f6ser des Brandes. Eine Begutachtung des Fachwerkhauses, in dem das [&hellip;]","og_url":"https:\/\/radioleinewelle.de\/index.php\/2021\/01\/23\/feuer-in-hann-muenden-ist-unter-kontrolle-loescharbeiten-gehen-weiter\/","og_site_name":"Radio Leinewelle","article_publisher":"https:\/\/www.facebook.com\/radioleinewelle","article_author":"https:\/\/www.facebook.com\/radioleinewelle","article_published_time":"2021-01-23T21:21:44+00:00","author":"Leinewelle","twitter_card":"summary_large_image","twitter_creator":"@https:\/\/twitter.com\/RLeinewelle?ref_src=twsrcgoogletwcampserptwgrauthor","twitter_site":"@RLeinewelle","twitter_misc":{"Verfasst von":"Leinewelle","Gesch\u00e4tzte Lesezeit":"1\u00a0Minute"},"schema":{"@context":"https:\/\/schema.org","@graph":[{"@type":"Article","@id":"https:\/\/radioleinewelle.de\/index.php\/2021\/01\/23\/feuer-in-hann-muenden-ist-unter-kontrolle-loescharbeiten-gehen-weiter\/#article","isPartOf":{"@id":"https:\/\/radioleinewelle.de\/index.php\/2021\/01\/23\/feuer-in-hann-muenden-ist-unter-kontrolle-loescharbeiten-gehen-weiter\/"},"author":{"name":"Leinewelle","@id":"https:\/\/radioleinewelle.de\/#\/schema\/person\/45606f348637df637192dc1b68399a63"},"headline":"Feuer in Hann. M\u00fcnden ist unter Kontrolle &#8211; L\u00f6scharbeiten gehen weiter","datePublished":"2021-01-23T21:21:44+00:00","mainEntityOfPage":{"@id":"https:\/\/radioleinewelle.de\/index.php\/2021\/01\/23\/feuer-in-hann-muenden-ist-unter-kontrolle-loescharbeiten-gehen-weiter\/"},"wordCount":118,"publisher":{"@id":"https:\/\/radioleinewelle.de\/#organization"},"articleSection":["Aktuelle Nachrichten"],"inLanguage":"de"},{"@type":"WebPage","@id":"https:\/\/radioleinewelle.de\/index.php\/2021\/01\/23\/feuer-in-hann-muenden-ist-unter-kontrolle-loescharbeiten-gehen-weiter\/","url":"https:\/\/radioleinewelle.de\/index.php\/2021\/01\/23\/feuer-in-hann-muenden-ist-unter-kontrolle-loescharbeiten-gehen-weiter\/","name":"Feuer in Hann. M\u00fcnden ist unter Kontrolle - L\u00f6scharbeiten gehen weiter - Radio Leinewelle","isPartOf":{"@id":"https:\/\/radioleinewelle.de\/#website"},"datePublished":"2021-01-23T21:21:44+00:00","breadcrumb":{"@id":"https:\/\/radioleinewelle.de\/index.php\/2021\/01\/23\/feuer-in-hann-muenden-ist-unter-kontrolle-loescharbeiten-gehen-weiter\/#breadcrumb"},"inLanguage":"de","potentialAction":[{"@type":"ReadAction","target":["https:\/\/radioleinewelle.de\/index.php\/2021\/01\/23\/feuer-in-hann-muenden-ist-unter-kontrolle-loescharbeiten-gehen-weiter\/"]}]},{"@type":"BreadcrumbList","@id":"https:\/\/radioleinewelle.de\/index.php\/2021\/01\/23\/feuer-in-hann-muenden-ist-unter-kontrolle-loescharbeiten-gehen-weiter\/#breadcrumb","itemListElement":[{"@type":"ListItem","position":1,"name":"Startseite","item":"https:\/\/radioleinewelle.de\/"},{"@type":"ListItem","position":2,"name":"Feuer in Hann. M\u00fcnden ist unter Kontrolle &#8211; L\u00f6scharbeiten gehen weiter"}]},{"@type":"WebSite","@id":"https:\/\/radioleinewelle.de\/#website","url":"https:\/\/radioleinewelle.de\/","name":"Radio Leinewelle","description":"","publisher":{"@id":"https:\/\/radioleinewelle.de\/#organization"},"potentialAction":[{"@type":"SearchAction","target":{"@type":"EntryPoint","urlTemplate":"https:\/\/radioleinewelle.de\/?s={search_term_string}"},"query-input":{"@type":"PropertyValueSpecification","valueRequired":true,"valueName":"search_term_string"}}],"inLanguage":"de"},{"@type":"Organization","@id":"https:\/\/radioleinewelle.de\/#organization","name":"Radio Leinewelle","alternateName":"Mein Radio f\u00fcr S\u00fcdniedersachsen","url":"https:\/\/radioleinewelle.de\/","logo":{"@type":"ImageObject","inLanguage":"de","@id":"https:\/\/radioleinewelle.de\/#\/schema\/logo\/image\/","url":"https:\/\/radioleinewelle.de\/wp-content\/uploads\/2023\/11\/cropped-Leinewelle_Logo_weiss.png","contentUrl":"https:\/\/radioleinewelle.de\/wp-content\/uploads\/2023\/11\/cropped-Leinewelle_Logo_weiss.png","width":854,"height":260,"caption":"Radio Leinewelle"},"image":{"@id":"https:\/\/radioleinewelle.de\/#\/schema\/logo\/image\/"},"sameAs":["https:\/\/www.facebook.com\/radioleinewelle","https:\/\/x.com\/RLeinewelle","https:\/\/www.instagram.com\/radioleinewelle\/?hl=de"]},{"@type":"Person","@id":"https:\/\/radioleinewelle.de\/#\/schema\/person\/45606f348637df637192dc1b68399a63","name":"Leinewelle","image":{"@type":"ImageObject","inLanguage":"de","@id":"https:\/\/secure.gravatar.com\/avatar\/05c9a17bc973052ee5d91549bd32fb4dd0dc85b7b85ae94b2e2b4943476bbea5?s=96&d=blank&r=g","url":"https:\/\/secure.gravatar.com\/avatar\/05c9a17bc973052ee5d91549bd32fb4dd0dc85b7b85ae94b2e2b4943476bbea5?s=96&d=blank&r=g","contentUrl":"https:\/\/secure.gravatar.com\/avatar\/05c9a17bc973052ee5d91549bd32fb4dd0dc85b7b85ae94b2e2b4943476bbea5?s=96&d=blank&r=g","caption":"Leinewelle"},"sameAs":["http:\/\/localhost\/radio%20leinewelle\/wordpress","https:\/\/www.facebook.com\/radioleinewelle","https:\/\/www.instagram.com\/radioleinewelle","https:\/\/x.com\/https:\/\/twitter.com\/RLeinewelle?ref_src=twsrcgoogletwcampserptwgrauthor","https:\/\/soundcloud.com\/foerderverein-lokalradio?utm_source=clipboard&utm_medium=text&utm_campaign=social_sharing"],"url":"https:\/\/radioleinewelle.de\/index.php\/author\/leinewelle\/"}]}},"_links":{"self":[{"href":"https:\/\/radioleinewelle.de\/index.php\/wp-json\/wp\/v2\/posts\/4559","targetHints":{"allow":["GET"]}}],"collection":[{"href":"https:\/\/radioleinewelle.de\/index.php\/wp-json\/wp\/v2\/posts"}],"about":[{"href":"https:\/\/radioleinewelle.de\/index.php\/wp-json\/wp\/v2\/types\/post"}],"author":[{"embeddable":true,"href":"https:\/\/radioleinewelle.de\/index.php\/wp-json\/wp\/v2\/users\/1"}],"replies":[{"embeddable":true,"href":"https:\/\/radioleinewelle.de\/index.php\/wp-json\/wp\/v2\/comments?post=4559"}],"version-history":[{"count":0,"href":"https:\/\/radioleinewelle.de\/index.php\/wp-json\/wp\/v2\/posts\/4559\/revisions"}],"wp:attachment":[{"href":"https:\/\/radioleinewelle.de\/index.php\/wp-json\/wp\/v2\/media?parent=4559"}],"wp:term":[{"taxonomy":"category","embeddable":true,"href":"https:\/\/radioleinewelle.de\/index.php\/wp-json\/wp\/v2\/categories?post=4559"},{"taxonomy":"post_tag","embeddable":true,"href":"https:\/\/radioleinewelle.de\/index.php\/wp-json\/wp\/v2\/tags?post=4559"}],"curies":[{"name":"wp","href":"https:\/\/api.w.org\/{rel}","templated":true}]}}