{"id":4585,"date":"2021-01-25T05:20:00","date_gmt":"2021-01-25T04:20:00","guid":{"rendered":"https:\/\/radioleinewelle.de\/?p=4585"},"modified":"2021-01-25T05:20:00","modified_gmt":"2021-01-25T04:20:00","slug":"6-200-bauernfamilien-gaben-seit-2010-auf-davon-3-600-schweinehalter","status":"publish","type":"post","link":"https:\/\/radioleinewelle.de\/index.php\/2021\/01\/25\/6-200-bauernfamilien-gaben-seit-2010-auf-davon-3-600-schweinehalter\/","title":{"rendered":"6.200 Bauernfamilien gaben seit 2010 auf \u2013 davon 3.600 Schweinehalter"},"content":{"rendered":"\n<p><strong>L P D<\/strong>&nbsp;\u2013 \u201eDie neuen Zahlen des Landesamtes f\u00fcr Statistik Niedersachsen (LSN) spiegeln die Realit\u00e4t auf den H\u00f6fen wider. Zu viele neue Auflagen und Verordnungen sorgen daf\u00fcr, dass Bauern ihre Hoftore f\u00fcr immer schlie\u00dfen\u201c, zeigt sich Landvolkpr\u00e4sident Dr. Holger Hennies betroffen von den Vergleichszahlen zu 2010 und dem Ausma\u00df des Strukturwandels. Laut LSN bewirtschafteten im Jahr 2020 in Niedersachsen nur noch 35.500 Betriebe insgesamt 2,6 Millionen Hektar landwirtschaftlich genutzte Fl\u00e4che. Zwischen 2010 und 2020 gaben fast 6.200 Betriebe ihren Betrieb auf, ein R\u00fcckgang von fast 15 Prozent. \u201eAlle wollen regionale und kleine Bauernh\u00f6fe, doch dieser Strukturwandel bewirkt das Gegenteil: die durchschnittliche Betriebsgr\u00f6\u00dfe stieg von 62 Hektar auf 73 Hektar, und ein Viertel aller Betriebe (8.600) bewirtschaftet eine Fl\u00e4che von mindestens 100 Hektar\u201c, zeigt der Landvolkpr\u00e4sident die Diskrepanz zwischen Wunsch und Wirklichkeit auf und fordert praktikable L\u00f6sungen und ein Ende weiterer Auflagen: \u201eWir brauchen Luft zum Durchatmen!\u201c<\/p>\n\n\n\n<p>Laut LSN wurden 2020 gut 84 Prozent der Betriebe als Einzelunternehmen und gut 15 Prozent als juristische Personen oder Personengesellschaften gef\u00fchrt. \u201eDie immer wieder angef\u00fchrte Behauptung, dass Konzerne und Agrarindustrielle auf unseren Feldern t\u00e4tig sind, ist somit wiederlegt. Es sind unsere Bauernfamilien, die hier ackern und davon leben m\u00fcssen. Doch ein F\u00fcnftel hat in den vergangenen zehn Jahren aufgegeben\u201c, macht Hennies deutlich. 21.700 Betriebe wurden 2020 im Haupterwerb gef\u00fchrt, 21,4 Prozent weniger als im Jahr 2010. Im Nebenerwerb sind fast 40 Prozent aller Betriebe aktiv. \u00dcber 90.000 Arbeitskr\u00e4fte sind 2020 in der nieders\u00e4chsischen Landwirtschaft festangestellt, 60 Prozent davon sind Familienarbeitskr\u00e4fte, 2010 waren es fast 97.000 mit einem Familienanteil von 75 Prozent.&nbsp;<\/p>\n\n\n\n<p>Zum Stichtag 1. M\u00e4rz 2020 hielten 6.500 Betriebe in Niedersachsen insgesamt 8,6 Millionen Schweine. Das waren 3.600 Betriebe weniger als im Jahr 2010. Die Anzahl der Schweine stieg um 2,2 Prozent im Vergleich zum Jahr 2010. Die Zahl der in Niedersachsen gehaltenen Rinder sank hingegen um 2 Prozent gegen\u00fcber dem Jahr 2010. Damals hielten noch 21.100 Betriebe 2,5 Millionen Rinder, im Jahr 2020 waren es nur noch 16.000 Betriebe mit 2,4 Millionen Rindern. Seit der Landwirtschaftsz\u00e4hlung 2010 erh\u00f6hte sich zudem die Anzahl der Legehennen um 84,5 Prozent auf 20,8 Millionen Tiere, die von 4.700 Betrieben gehalten wurden, 4,1 Prozent weniger als im Jahr 2010. In der Summe ist die Tierhaltung in den letzten Jahren in Niedersachsen r\u00fcckl\u00e4ufig gewesen.<\/p>\n\n\n\n<p>Getreide wurde 2020 auf gut 40 Prozent des Ackerlandes mit 758.500 Hektar (ha) am meisten angebaut, gefolgt von Mais mit 620.300 ha auf 33 Prozent der Fl\u00e4che. Raps wurde auf 78.800 ha kultiviert. Die Zahl der \u00f6kologisch wirtschaftenden Betriebe erh\u00f6hte sich vom Jahr 2010 bis zum Jahr 2020 um knapp 42 Prozent auf etwa 1.700 Betriebe. Diese bewirtschafteten insgesamt 120.200 ha und damit 4,7 Prozent der landwirtschaftlich genutzten Fl\u00e4che.<\/p>\n\n\n\n<p>Bild von&nbsp;<a href=\"https:\/\/pixabay.com\/de\/users\/hans-2\/?utm_source=link-attribution&amp;utm_medium=referral&amp;utm_campaign=image&amp;utm_content=11248\">Hans Braxmeier<\/a>&nbsp;auf&nbsp;<a href=\"https:\/\/pixabay.com\/de\/?utm_source=link-attribution&amp;utm_medium=referral&amp;utm_campaign=image&amp;utm_content=11248\">Pixabay<\/a><\/p>\n","protected":false},"excerpt":{"rendered":"<p>L P D&nbsp;\u2013 \u201eDie neuen Zahlen des Landesamtes f\u00fcr Statistik Niedersachsen (LSN) spiegeln die Realit\u00e4t auf den H\u00f6fen wider. Zu viele neue Auflagen und Verordnungen sorgen daf\u00fcr, dass Bauern ihre Hoftore f\u00fcr immer schlie\u00dfen\u201c, zeigt sich Landvolkpr\u00e4sident Dr. Holger Hennies betroffen von den Vergleichszahlen zu 2010 und dem Ausma\u00df des Strukturwandels. Laut LSN bewirtschafteten im [&hellip;]<\/p>\n","protected":false},"author":1,"featured_media":0,"comment_status":"closed","ping_status":"closed","sticky":false,"template":"","format":"standard","meta":{"saved_in_kubio":false,"footnotes":""},"categories":[38],"tags":[],"class_list":["post-4585","post","type-post","status-publish","format-standard","hentry","category-wirtschaft"],"yoast_head":"<!-- This site is optimized with the Yoast SEO plugin v27.5 - https:\/\/yoast.com\/product\/yoast-seo-wordpress\/ -->\n<title>6.200 Bauernfamilien gaben seit 2010 auf \u2013 davon 3.600 Schweinehalter - Radio Leinewelle<\/title>\n<meta name=\"robots\" content=\"index, follow, max-snippet:-1, max-image-preview:large, max-video-preview:-1\" \/>\n<link rel=\"canonical\" href=\"https:\/\/radioleinewelle.de\/index.php\/2021\/01\/25\/6-200-bauernfamilien-gaben-seit-2010-auf-davon-3-600-schweinehalter\/\" \/>\n<meta property=\"og:locale\" content=\"de_DE\" \/>\n<meta property=\"og:type\" content=\"article\" \/>\n<meta property=\"og:title\" content=\"6.200 Bauernfamilien gaben seit 2010 auf \u2013 davon 3.600 Schweinehalter - Radio Leinewelle\" \/>\n<meta property=\"og:description\" content=\"L P D&nbsp;\u2013 \u201eDie neuen Zahlen des Landesamtes f\u00fcr Statistik Niedersachsen (LSN) spiegeln die Realit\u00e4t auf den H\u00f6fen wider. Zu viele neue Auflagen und Verordnungen sorgen daf\u00fcr, dass Bauern ihre Hoftore f\u00fcr immer schlie\u00dfen\u201c, zeigt sich Landvolkpr\u00e4sident Dr. Holger Hennies betroffen von den Vergleichszahlen zu 2010 und dem Ausma\u00df des Strukturwandels. Laut LSN bewirtschafteten im [&hellip;]\" \/>\n<meta property=\"og:url\" content=\"https:\/\/radioleinewelle.de\/index.php\/2021\/01\/25\/6-200-bauernfamilien-gaben-seit-2010-auf-davon-3-600-schweinehalter\/\" \/>\n<meta property=\"og:site_name\" content=\"Radio Leinewelle\" \/>\n<meta property=\"article:publisher\" content=\"https:\/\/www.facebook.com\/radioleinewelle\" \/>\n<meta property=\"article:author\" content=\"https:\/\/www.facebook.com\/radioleinewelle\" \/>\n<meta property=\"article:published_time\" content=\"2021-01-25T04:20:00+00:00\" \/>\n<meta name=\"author\" content=\"Leinewelle\" \/>\n<meta name=\"twitter:card\" content=\"summary_large_image\" \/>\n<meta name=\"twitter:creator\" content=\"@https:\/\/twitter.com\/RLeinewelle?ref_src=twsrcgoogletwcampserptwgrauthor\" \/>\n<meta name=\"twitter:site\" content=\"@RLeinewelle\" \/>\n<meta name=\"twitter:label1\" content=\"Verfasst von\" \/>\n\t<meta name=\"twitter:data1\" content=\"Leinewelle\" \/>\n\t<meta name=\"twitter:label2\" content=\"Gesch\u00e4tzte Lesezeit\" \/>\n\t<meta name=\"twitter:data2\" content=\"2\u00a0Minuten\" \/>\n<script type=\"application\/ld+json\" class=\"yoast-schema-graph\">{\"@context\":\"https:\\\/\\\/schema.org\",\"@graph\":[{\"@type\":\"Article\",\"@id\":\"https:\\\/\\\/radioleinewelle.de\\\/index.php\\\/2021\\\/01\\\/25\\\/6-200-bauernfamilien-gaben-seit-2010-auf-davon-3-600-schweinehalter\\\/#article\",\"isPartOf\":{\"@id\":\"https:\\\/\\\/radioleinewelle.de\\\/index.php\\\/2021\\\/01\\\/25\\\/6-200-bauernfamilien-gaben-seit-2010-auf-davon-3-600-schweinehalter\\\/\"},\"author\":{\"name\":\"Leinewelle\",\"@id\":\"https:\\\/\\\/radioleinewelle.de\\\/#\\\/schema\\\/person\\\/45606f348637df637192dc1b68399a63\"},\"headline\":\"6.200 Bauernfamilien gaben seit 2010 auf \u2013 davon 3.600 Schweinehalter\",\"datePublished\":\"2021-01-25T04:20:00+00:00\",\"mainEntityOfPage\":{\"@id\":\"https:\\\/\\\/radioleinewelle.de\\\/index.php\\\/2021\\\/01\\\/25\\\/6-200-bauernfamilien-gaben-seit-2010-auf-davon-3-600-schweinehalter\\\/\"},\"wordCount\":434,\"publisher\":{\"@id\":\"https:\\\/\\\/radioleinewelle.de\\\/#organization\"},\"articleSection\":[\"Wirtschaft\"],\"inLanguage\":\"de\"},{\"@type\":\"WebPage\",\"@id\":\"https:\\\/\\\/radioleinewelle.de\\\/index.php\\\/2021\\\/01\\\/25\\\/6-200-bauernfamilien-gaben-seit-2010-auf-davon-3-600-schweinehalter\\\/\",\"url\":\"https:\\\/\\\/radioleinewelle.de\\\/index.php\\\/2021\\\/01\\\/25\\\/6-200-bauernfamilien-gaben-seit-2010-auf-davon-3-600-schweinehalter\\\/\",\"name\":\"6.200 Bauernfamilien gaben seit 2010 auf \u2013 davon 3.600 Schweinehalter - Radio Leinewelle\",\"isPartOf\":{\"@id\":\"https:\\\/\\\/radioleinewelle.de\\\/#website\"},\"datePublished\":\"2021-01-25T04:20:00+00:00\",\"breadcrumb\":{\"@id\":\"https:\\\/\\\/radioleinewelle.de\\\/index.php\\\/2021\\\/01\\\/25\\\/6-200-bauernfamilien-gaben-seit-2010-auf-davon-3-600-schweinehalter\\\/#breadcrumb\"},\"inLanguage\":\"de\",\"potentialAction\":[{\"@type\":\"ReadAction\",\"target\":[\"https:\\\/\\\/radioleinewelle.de\\\/index.php\\\/2021\\\/01\\\/25\\\/6-200-bauernfamilien-gaben-seit-2010-auf-davon-3-600-schweinehalter\\\/\"]}]},{\"@type\":\"BreadcrumbList\",\"@id\":\"https:\\\/\\\/radioleinewelle.de\\\/index.php\\\/2021\\\/01\\\/25\\\/6-200-bauernfamilien-gaben-seit-2010-auf-davon-3-600-schweinehalter\\\/#breadcrumb\",\"itemListElement\":[{\"@type\":\"ListItem\",\"position\":1,\"name\":\"Startseite\",\"item\":\"https:\\\/\\\/radioleinewelle.de\\\/\"},{\"@type\":\"ListItem\",\"position\":2,\"name\":\"6.200 Bauernfamilien gaben seit 2010 auf \u2013 davon 3.600 Schweinehalter\"}]},{\"@type\":\"WebSite\",\"@id\":\"https:\\\/\\\/radioleinewelle.de\\\/#website\",\"url\":\"https:\\\/\\\/radioleinewelle.de\\\/\",\"name\":\"Radio Leinewelle\",\"description\":\"\",\"publisher\":{\"@id\":\"https:\\\/\\\/radioleinewelle.de\\\/#organization\"},\"potentialAction\":[{\"@type\":\"SearchAction\",\"target\":{\"@type\":\"EntryPoint\",\"urlTemplate\":\"https:\\\/\\\/radioleinewelle.de\\\/?s={search_term_string}\"},\"query-input\":{\"@type\":\"PropertyValueSpecification\",\"valueRequired\":true,\"valueName\":\"search_term_string\"}}],\"inLanguage\":\"de\"},{\"@type\":\"Organization\",\"@id\":\"https:\\\/\\\/radioleinewelle.de\\\/#organization\",\"name\":\"Radio Leinewelle\",\"alternateName\":\"Mein Radio f\u00fcr S\u00fcdniedersachsen\",\"url\":\"https:\\\/\\\/radioleinewelle.de\\\/\",\"logo\":{\"@type\":\"ImageObject\",\"inLanguage\":\"de\",\"@id\":\"https:\\\/\\\/radioleinewelle.de\\\/#\\\/schema\\\/logo\\\/image\\\/\",\"url\":\"https:\\\/\\\/radioleinewelle.de\\\/wp-content\\\/uploads\\\/2023\\\/11\\\/cropped-Leinewelle_Logo_weiss.png\",\"contentUrl\":\"https:\\\/\\\/radioleinewelle.de\\\/wp-content\\\/uploads\\\/2023\\\/11\\\/cropped-Leinewelle_Logo_weiss.png\",\"width\":854,\"height\":260,\"caption\":\"Radio Leinewelle\"},\"image\":{\"@id\":\"https:\\\/\\\/radioleinewelle.de\\\/#\\\/schema\\\/logo\\\/image\\\/\"},\"sameAs\":[\"https:\\\/\\\/www.facebook.com\\\/radioleinewelle\",\"https:\\\/\\\/x.com\\\/RLeinewelle\",\"https:\\\/\\\/www.instagram.com\\\/radioleinewelle\\\/?hl=de\"]},{\"@type\":\"Person\",\"@id\":\"https:\\\/\\\/radioleinewelle.de\\\/#\\\/schema\\\/person\\\/45606f348637df637192dc1b68399a63\",\"name\":\"Leinewelle\",\"image\":{\"@type\":\"ImageObject\",\"inLanguage\":\"de\",\"@id\":\"https:\\\/\\\/secure.gravatar.com\\\/avatar\\\/05c9a17bc973052ee5d91549bd32fb4dd0dc85b7b85ae94b2e2b4943476bbea5?s=96&d=blank&r=g\",\"url\":\"https:\\\/\\\/secure.gravatar.com\\\/avatar\\\/05c9a17bc973052ee5d91549bd32fb4dd0dc85b7b85ae94b2e2b4943476bbea5?s=96&d=blank&r=g\",\"contentUrl\":\"https:\\\/\\\/secure.gravatar.com\\\/avatar\\\/05c9a17bc973052ee5d91549bd32fb4dd0dc85b7b85ae94b2e2b4943476bbea5?s=96&d=blank&r=g\",\"caption\":\"Leinewelle\"},\"sameAs\":[\"http:\\\/\\\/localhost\\\/radio%20leinewelle\\\/wordpress\",\"https:\\\/\\\/www.facebook.com\\\/radioleinewelle\",\"https:\\\/\\\/www.instagram.com\\\/radioleinewelle\",\"https:\\\/\\\/x.com\\\/https:\\\/\\\/twitter.com\\\/RLeinewelle?ref_src=twsrcgoogletwcampserptwgrauthor\",\"https:\\\/\\\/soundcloud.com\\\/foerderverein-lokalradio?utm_source=clipboard&utm_medium=text&utm_campaign=social_sharing\"],\"url\":\"https:\\\/\\\/radioleinewelle.de\\\/index.php\\\/author\\\/leinewelle\\\/\"}]}<\/script>\n<!-- \/ Yoast SEO plugin. -->","yoast_head_json":{"title":"6.200 Bauernfamilien gaben seit 2010 auf \u2013 davon 3.600 Schweinehalter - Radio Leinewelle","robots":{"index":"index","follow":"follow","max-snippet":"max-snippet:-1","max-image-preview":"max-image-preview:large","max-video-preview":"max-video-preview:-1"},"canonical":"https:\/\/radioleinewelle.de\/index.php\/2021\/01\/25\/6-200-bauernfamilien-gaben-seit-2010-auf-davon-3-600-schweinehalter\/","og_locale":"de_DE","og_type":"article","og_title":"6.200 Bauernfamilien gaben seit 2010 auf \u2013 davon 3.600 Schweinehalter - Radio Leinewelle","og_description":"L P D&nbsp;\u2013 \u201eDie neuen Zahlen des Landesamtes f\u00fcr Statistik Niedersachsen (LSN) spiegeln die Realit\u00e4t auf den H\u00f6fen wider. Zu viele neue Auflagen und Verordnungen sorgen daf\u00fcr, dass Bauern ihre Hoftore f\u00fcr immer schlie\u00dfen\u201c, zeigt sich Landvolkpr\u00e4sident Dr. Holger Hennies betroffen von den Vergleichszahlen zu 2010 und dem Ausma\u00df des Strukturwandels. Laut LSN bewirtschafteten im [&hellip;]","og_url":"https:\/\/radioleinewelle.de\/index.php\/2021\/01\/25\/6-200-bauernfamilien-gaben-seit-2010-auf-davon-3-600-schweinehalter\/","og_site_name":"Radio Leinewelle","article_publisher":"https:\/\/www.facebook.com\/radioleinewelle","article_author":"https:\/\/www.facebook.com\/radioleinewelle","article_published_time":"2021-01-25T04:20:00+00:00","author":"Leinewelle","twitter_card":"summary_large_image","twitter_creator":"@https:\/\/twitter.com\/RLeinewelle?ref_src=twsrcgoogletwcampserptwgrauthor","twitter_site":"@RLeinewelle","twitter_misc":{"Verfasst von":"Leinewelle","Gesch\u00e4tzte Lesezeit":"2\u00a0Minuten"},"schema":{"@context":"https:\/\/schema.org","@graph":[{"@type":"Article","@id":"https:\/\/radioleinewelle.de\/index.php\/2021\/01\/25\/6-200-bauernfamilien-gaben-seit-2010-auf-davon-3-600-schweinehalter\/#article","isPartOf":{"@id":"https:\/\/radioleinewelle.de\/index.php\/2021\/01\/25\/6-200-bauernfamilien-gaben-seit-2010-auf-davon-3-600-schweinehalter\/"},"author":{"name":"Leinewelle","@id":"https:\/\/radioleinewelle.de\/#\/schema\/person\/45606f348637df637192dc1b68399a63"},"headline":"6.200 Bauernfamilien gaben seit 2010 auf \u2013 davon 3.600 Schweinehalter","datePublished":"2021-01-25T04:20:00+00:00","mainEntityOfPage":{"@id":"https:\/\/radioleinewelle.de\/index.php\/2021\/01\/25\/6-200-bauernfamilien-gaben-seit-2010-auf-davon-3-600-schweinehalter\/"},"wordCount":434,"publisher":{"@id":"https:\/\/radioleinewelle.de\/#organization"},"articleSection":["Wirtschaft"],"inLanguage":"de"},{"@type":"WebPage","@id":"https:\/\/radioleinewelle.de\/index.php\/2021\/01\/25\/6-200-bauernfamilien-gaben-seit-2010-auf-davon-3-600-schweinehalter\/","url":"https:\/\/radioleinewelle.de\/index.php\/2021\/01\/25\/6-200-bauernfamilien-gaben-seit-2010-auf-davon-3-600-schweinehalter\/","name":"6.200 Bauernfamilien gaben seit 2010 auf \u2013 davon 3.600 Schweinehalter - Radio Leinewelle","isPartOf":{"@id":"https:\/\/radioleinewelle.de\/#website"},"datePublished":"2021-01-25T04:20:00+00:00","breadcrumb":{"@id":"https:\/\/radioleinewelle.de\/index.php\/2021\/01\/25\/6-200-bauernfamilien-gaben-seit-2010-auf-davon-3-600-schweinehalter\/#breadcrumb"},"inLanguage":"de","potentialAction":[{"@type":"ReadAction","target":["https:\/\/radioleinewelle.de\/index.php\/2021\/01\/25\/6-200-bauernfamilien-gaben-seit-2010-auf-davon-3-600-schweinehalter\/"]}]},{"@type":"BreadcrumbList","@id":"https:\/\/radioleinewelle.de\/index.php\/2021\/01\/25\/6-200-bauernfamilien-gaben-seit-2010-auf-davon-3-600-schweinehalter\/#breadcrumb","itemListElement":[{"@type":"ListItem","position":1,"name":"Startseite","item":"https:\/\/radioleinewelle.de\/"},{"@type":"ListItem","position":2,"name":"6.200 Bauernfamilien gaben seit 2010 auf \u2013 davon 3.600 Schweinehalter"}]},{"@type":"WebSite","@id":"https:\/\/radioleinewelle.de\/#website","url":"https:\/\/radioleinewelle.de\/","name":"Radio Leinewelle","description":"","publisher":{"@id":"https:\/\/radioleinewelle.de\/#organization"},"potentialAction":[{"@type":"SearchAction","target":{"@type":"EntryPoint","urlTemplate":"https:\/\/radioleinewelle.de\/?s={search_term_string}"},"query-input":{"@type":"PropertyValueSpecification","valueRequired":true,"valueName":"search_term_string"}}],"inLanguage":"de"},{"@type":"Organization","@id":"https:\/\/radioleinewelle.de\/#organization","name":"Radio Leinewelle","alternateName":"Mein Radio f\u00fcr S\u00fcdniedersachsen","url":"https:\/\/radioleinewelle.de\/","logo":{"@type":"ImageObject","inLanguage":"de","@id":"https:\/\/radioleinewelle.de\/#\/schema\/logo\/image\/","url":"https:\/\/radioleinewelle.de\/wp-content\/uploads\/2023\/11\/cropped-Leinewelle_Logo_weiss.png","contentUrl":"https:\/\/radioleinewelle.de\/wp-content\/uploads\/2023\/11\/cropped-Leinewelle_Logo_weiss.png","width":854,"height":260,"caption":"Radio Leinewelle"},"image":{"@id":"https:\/\/radioleinewelle.de\/#\/schema\/logo\/image\/"},"sameAs":["https:\/\/www.facebook.com\/radioleinewelle","https:\/\/x.com\/RLeinewelle","https:\/\/www.instagram.com\/radioleinewelle\/?hl=de"]},{"@type":"Person","@id":"https:\/\/radioleinewelle.de\/#\/schema\/person\/45606f348637df637192dc1b68399a63","name":"Leinewelle","image":{"@type":"ImageObject","inLanguage":"de","@id":"https:\/\/secure.gravatar.com\/avatar\/05c9a17bc973052ee5d91549bd32fb4dd0dc85b7b85ae94b2e2b4943476bbea5?s=96&d=blank&r=g","url":"https:\/\/secure.gravatar.com\/avatar\/05c9a17bc973052ee5d91549bd32fb4dd0dc85b7b85ae94b2e2b4943476bbea5?s=96&d=blank&r=g","contentUrl":"https:\/\/secure.gravatar.com\/avatar\/05c9a17bc973052ee5d91549bd32fb4dd0dc85b7b85ae94b2e2b4943476bbea5?s=96&d=blank&r=g","caption":"Leinewelle"},"sameAs":["http:\/\/localhost\/radio%20leinewelle\/wordpress","https:\/\/www.facebook.com\/radioleinewelle","https:\/\/www.instagram.com\/radioleinewelle","https:\/\/x.com\/https:\/\/twitter.com\/RLeinewelle?ref_src=twsrcgoogletwcampserptwgrauthor","https:\/\/soundcloud.com\/foerderverein-lokalradio?utm_source=clipboard&utm_medium=text&utm_campaign=social_sharing"],"url":"https:\/\/radioleinewelle.de\/index.php\/author\/leinewelle\/"}]}},"_links":{"self":[{"href":"https:\/\/radioleinewelle.de\/index.php\/wp-json\/wp\/v2\/posts\/4585","targetHints":{"allow":["GET"]}}],"collection":[{"href":"https:\/\/radioleinewelle.de\/index.php\/wp-json\/wp\/v2\/posts"}],"about":[{"href":"https:\/\/radioleinewelle.de\/index.php\/wp-json\/wp\/v2\/types\/post"}],"author":[{"embeddable":true,"href":"https:\/\/radioleinewelle.de\/index.php\/wp-json\/wp\/v2\/users\/1"}],"replies":[{"embeddable":true,"href":"https:\/\/radioleinewelle.de\/index.php\/wp-json\/wp\/v2\/comments?post=4585"}],"version-history":[{"count":0,"href":"https:\/\/radioleinewelle.de\/index.php\/wp-json\/wp\/v2\/posts\/4585\/revisions"}],"wp:attachment":[{"href":"https:\/\/radioleinewelle.de\/index.php\/wp-json\/wp\/v2\/media?parent=4585"}],"wp:term":[{"taxonomy":"category","embeddable":true,"href":"https:\/\/radioleinewelle.de\/index.php\/wp-json\/wp\/v2\/categories?post=4585"},{"taxonomy":"post_tag","embeddable":true,"href":"https:\/\/radioleinewelle.de\/index.php\/wp-json\/wp\/v2\/tags?post=4585"}],"curies":[{"name":"wp","href":"https:\/\/api.w.org\/{rel}","templated":true}]}}