{"id":4590,"date":"2021-01-25T05:05:00","date_gmt":"2021-01-25T04:05:00","guid":{"rendered":"https:\/\/radioleinewelle.de\/?p=4590"},"modified":"2021-01-25T05:05:00","modified_gmt":"2021-01-25T04:05:00","slug":"die-linke-kritisiert-schliessung-des-lichtenberg-kollegs","status":"publish","type":"post","link":"https:\/\/radioleinewelle.de\/index.php\/2021\/01\/25\/die-linke-kritisiert-schliessung-des-lichtenberg-kollegs\/","title":{"rendered":"Die Linke kritisiert Schlie\u00dfung des Lichtenberg Kollegs"},"content":{"rendered":"\n<p>Das geisteswissenschaftliche Lichtenberg-Kolleg der Universit\u00e4t G\u00f6ttingen wird geschlossen. Dies hat die nieders\u00e4chsische Landesregierung im Rahmen eines Sparprogrammes durchgesetzt. 120 Wissenschaftler*innen haben sich in einem Protestbrief gegen die Schlie\u00dfung ausgesprochen. Diese ist vor allem fehlenden Geldern aus der Exzellenzf\u00f6rderung des Bundes geschuldet.<\/p>\n\n\n\n<p>\u201eDie Schlie\u00dfung des Lichtenberg-Kollegs in G\u00f6ttingen ist eine Bankrotterkl\u00e4rung f\u00fcr die Schwarz-Rote Politik der sogenannten \u201aExzellenzinitiative\u2018\u201c, erkl\u00e4rt Heidi Reichinnek, Landesvorsitzende der nieders\u00e4chsischen Linken. \u201eStatt Universit\u00e4ten nachhaltig zu finanzieren, h\u00e4lt man an Leuchtturm-Projekten fest \u2013 mit katastrophalen Folgen f\u00fcr die breite Masse der Hochschulen. Projektfinanzierung verhindert nachhaltige Hochschulentwicklung, da nur \u00fcber wenige Jahre geplant werden kann. F\u00fcr Studierende und Lehre lassen sich keine Verbesserungen feststellen. Wozu treibt man die Universit\u00e4ten also in diesen Konkurrenzkampf?&nbsp; Die LINKE. setzt sich f\u00fcr das ersatzlose Auslaufen der Exzellenzinitiative ein\u201c<br \/><br \/>Co-Vorsitzender Lars Leopold erg\u00e4nzt: \u201eStattdessen wollen wir eine dauerhafte Absicherung von Universit\u00e4tshaushalten erreichen, an der sich Bund und L\u00e4nder beteiligen. Im vorliegenden Fall muss die Landesregierung die verordneten K\u00fcrzungen zur\u00fccknehmen und das Lichtenberg-Kolleg und dessen Wissenschaftler*innen absichern. Gerade in Zeiten der Corona-Pandemie ist es ein v\u00f6llig falsches Signal, ein Institut dicht zu machen, welches sich aktiv f\u00fcr den internationalen Austausch und die Werte der Aufkl\u00e4rung einsetzt.\u201c<\/p>\n\n\n\n<p>Bild von&nbsp;<a href=\"https:\/\/pixabay.com\/de\/users\/katermikesch-1802718\/?utm_source=link-attribution&amp;utm_medium=referral&amp;utm_campaign=image&amp;utm_content=1291233\">katermikesch<\/a>&nbsp;auf&nbsp;<a href=\"https:\/\/pixabay.com\/de\/?utm_source=link-attribution&amp;utm_medium=referral&amp;utm_campaign=image&amp;utm_content=1291233\">Pixabay<\/a><\/p>\n","protected":false},"excerpt":{"rendered":"<p>Das geisteswissenschaftliche Lichtenberg-Kolleg der Universit\u00e4t G\u00f6ttingen wird geschlossen. Dies hat die nieders\u00e4chsische Landesregierung im Rahmen eines Sparprogrammes durchgesetzt. 120 Wissenschaftler*innen haben sich in einem Protestbrief gegen die Schlie\u00dfung ausgesprochen. Diese ist vor allem fehlenden Geldern aus der Exzellenzf\u00f6rderung des Bundes geschuldet. \u201eDie Schlie\u00dfung des Lichtenberg-Kollegs in G\u00f6ttingen ist eine Bankrotterkl\u00e4rung f\u00fcr die Schwarz-Rote Politik der [&hellip;]<\/p>\n","protected":false},"author":1,"featured_media":4600,"comment_status":"closed","ping_status":"closed","sticky":false,"template":"","format":"standard","meta":{"saved_in_kubio":false,"footnotes":""},"categories":[35],"tags":[],"class_list":["post-4590","post","type-post","status-publish","format-standard","has-post-thumbnail","hentry","category-universitaet"],"yoast_head":"<!-- This site is optimized with the Yoast SEO plugin v27.5 - https:\/\/yoast.com\/product\/yoast-seo-wordpress\/ -->\n<title>Die Linke kritisiert Schlie\u00dfung des Lichtenberg Kollegs - Radio Leinewelle<\/title>\n<meta name=\"robots\" content=\"index, follow, max-snippet:-1, max-image-preview:large, max-video-preview:-1\" \/>\n<link rel=\"canonical\" href=\"https:\/\/radioleinewelle.de\/index.php\/2021\/01\/25\/die-linke-kritisiert-schliessung-des-lichtenberg-kollegs\/\" \/>\n<meta property=\"og:locale\" content=\"de_DE\" \/>\n<meta property=\"og:type\" content=\"article\" \/>\n<meta property=\"og:title\" content=\"Die Linke kritisiert Schlie\u00dfung des Lichtenberg Kollegs - Radio Leinewelle\" \/>\n<meta property=\"og:description\" content=\"Das geisteswissenschaftliche Lichtenberg-Kolleg der Universit\u00e4t G\u00f6ttingen wird geschlossen. Dies hat die nieders\u00e4chsische Landesregierung im Rahmen eines Sparprogrammes durchgesetzt. 120 Wissenschaftler*innen haben sich in einem Protestbrief gegen die Schlie\u00dfung ausgesprochen. Diese ist vor allem fehlenden Geldern aus der Exzellenzf\u00f6rderung des Bundes geschuldet. \u201eDie Schlie\u00dfung des Lichtenberg-Kollegs in G\u00f6ttingen ist eine Bankrotterkl\u00e4rung f\u00fcr die Schwarz-Rote Politik der [&hellip;]\" \/>\n<meta property=\"og:url\" content=\"https:\/\/radioleinewelle.de\/index.php\/2021\/01\/25\/die-linke-kritisiert-schliessung-des-lichtenberg-kollegs\/\" \/>\n<meta property=\"og:site_name\" content=\"Radio Leinewelle\" \/>\n<meta property=\"article:publisher\" content=\"https:\/\/www.facebook.com\/radioleinewelle\" \/>\n<meta property=\"article:author\" content=\"https:\/\/www.facebook.com\/radioleinewelle\" \/>\n<meta property=\"article:published_time\" content=\"2021-01-25T04:05:00+00:00\" \/>\n<meta property=\"og:image\" content=\"https:\/\/radioleinewelle.de\/wp-content\/uploads\/2021\/01\/lichtenberg-1291233_640-e1611523739791.jpg\" \/>\n\t<meta property=\"og:image:width\" content=\"419\" \/>\n\t<meta property=\"og:image:height\" content=\"478\" \/>\n\t<meta property=\"og:image:type\" content=\"image\/jpeg\" \/>\n<meta name=\"author\" content=\"Leinewelle\" \/>\n<meta name=\"twitter:card\" content=\"summary_large_image\" \/>\n<meta name=\"twitter:creator\" content=\"@https:\/\/twitter.com\/RLeinewelle?ref_src=twsrcgoogletwcampserptwgrauthor\" \/>\n<meta name=\"twitter:site\" content=\"@RLeinewelle\" \/>\n<meta name=\"twitter:label1\" content=\"Verfasst von\" \/>\n\t<meta name=\"twitter:data1\" content=\"Leinewelle\" \/>\n\t<meta name=\"twitter:label2\" content=\"Gesch\u00e4tzte Lesezeit\" \/>\n\t<meta name=\"twitter:data2\" content=\"1\u00a0Minute\" \/>\n<script type=\"application\/ld+json\" class=\"yoast-schema-graph\">{\"@context\":\"https:\\\/\\\/schema.org\",\"@graph\":[{\"@type\":\"Article\",\"@id\":\"https:\\\/\\\/radioleinewelle.de\\\/index.php\\\/2021\\\/01\\\/25\\\/die-linke-kritisiert-schliessung-des-lichtenberg-kollegs\\\/#article\",\"isPartOf\":{\"@id\":\"https:\\\/\\\/radioleinewelle.de\\\/index.php\\\/2021\\\/01\\\/25\\\/die-linke-kritisiert-schliessung-des-lichtenberg-kollegs\\\/\"},\"author\":{\"name\":\"Leinewelle\",\"@id\":\"https:\\\/\\\/radioleinewelle.de\\\/#\\\/schema\\\/person\\\/45606f348637df637192dc1b68399a63\"},\"headline\":\"Die Linke kritisiert Schlie\u00dfung des Lichtenberg Kollegs\",\"datePublished\":\"2021-01-25T04:05:00+00:00\",\"mainEntityOfPage\":{\"@id\":\"https:\\\/\\\/radioleinewelle.de\\\/index.php\\\/2021\\\/01\\\/25\\\/die-linke-kritisiert-schliessung-des-lichtenberg-kollegs\\\/\"},\"wordCount\":233,\"publisher\":{\"@id\":\"https:\\\/\\\/radioleinewelle.de\\\/#organization\"},\"image\":{\"@id\":\"https:\\\/\\\/radioleinewelle.de\\\/index.php\\\/2021\\\/01\\\/25\\\/die-linke-kritisiert-schliessung-des-lichtenberg-kollegs\\\/#primaryimage\"},\"thumbnailUrl\":\"https:\\\/\\\/radioleinewelle.de\\\/wp-content\\\/uploads\\\/2021\\\/01\\\/lichtenberg-1291233_640-e1611523739791.jpg\",\"articleSection\":[\"Universit\u00e4t\"],\"inLanguage\":\"de\"},{\"@type\":\"WebPage\",\"@id\":\"https:\\\/\\\/radioleinewelle.de\\\/index.php\\\/2021\\\/01\\\/25\\\/die-linke-kritisiert-schliessung-des-lichtenberg-kollegs\\\/\",\"url\":\"https:\\\/\\\/radioleinewelle.de\\\/index.php\\\/2021\\\/01\\\/25\\\/die-linke-kritisiert-schliessung-des-lichtenberg-kollegs\\\/\",\"name\":\"Die Linke kritisiert Schlie\u00dfung des Lichtenberg Kollegs - Radio Leinewelle\",\"isPartOf\":{\"@id\":\"https:\\\/\\\/radioleinewelle.de\\\/#website\"},\"primaryImageOfPage\":{\"@id\":\"https:\\\/\\\/radioleinewelle.de\\\/index.php\\\/2021\\\/01\\\/25\\\/die-linke-kritisiert-schliessung-des-lichtenberg-kollegs\\\/#primaryimage\"},\"image\":{\"@id\":\"https:\\\/\\\/radioleinewelle.de\\\/index.php\\\/2021\\\/01\\\/25\\\/die-linke-kritisiert-schliessung-des-lichtenberg-kollegs\\\/#primaryimage\"},\"thumbnailUrl\":\"https:\\\/\\\/radioleinewelle.de\\\/wp-content\\\/uploads\\\/2021\\\/01\\\/lichtenberg-1291233_640-e1611523739791.jpg\",\"datePublished\":\"2021-01-25T04:05:00+00:00\",\"breadcrumb\":{\"@id\":\"https:\\\/\\\/radioleinewelle.de\\\/index.php\\\/2021\\\/01\\\/25\\\/die-linke-kritisiert-schliessung-des-lichtenberg-kollegs\\\/#breadcrumb\"},\"inLanguage\":\"de\",\"potentialAction\":[{\"@type\":\"ReadAction\",\"target\":[\"https:\\\/\\\/radioleinewelle.de\\\/index.php\\\/2021\\\/01\\\/25\\\/die-linke-kritisiert-schliessung-des-lichtenberg-kollegs\\\/\"]}]},{\"@type\":\"ImageObject\",\"inLanguage\":\"de\",\"@id\":\"https:\\\/\\\/radioleinewelle.de\\\/index.php\\\/2021\\\/01\\\/25\\\/die-linke-kritisiert-schliessung-des-lichtenberg-kollegs\\\/#primaryimage\",\"url\":\"https:\\\/\\\/radioleinewelle.de\\\/wp-content\\\/uploads\\\/2021\\\/01\\\/lichtenberg-1291233_640-e1611523739791.jpg\",\"contentUrl\":\"https:\\\/\\\/radioleinewelle.de\\\/wp-content\\\/uploads\\\/2021\\\/01\\\/lichtenberg-1291233_640-e1611523739791.jpg\",\"width\":419,\"height\":478},{\"@type\":\"BreadcrumbList\",\"@id\":\"https:\\\/\\\/radioleinewelle.de\\\/index.php\\\/2021\\\/01\\\/25\\\/die-linke-kritisiert-schliessung-des-lichtenberg-kollegs\\\/#breadcrumb\",\"itemListElement\":[{\"@type\":\"ListItem\",\"position\":1,\"name\":\"Startseite\",\"item\":\"https:\\\/\\\/radioleinewelle.de\\\/\"},{\"@type\":\"ListItem\",\"position\":2,\"name\":\"Die Linke kritisiert Schlie\u00dfung des Lichtenberg Kollegs\"}]},{\"@type\":\"WebSite\",\"@id\":\"https:\\\/\\\/radioleinewelle.de\\\/#website\",\"url\":\"https:\\\/\\\/radioleinewelle.de\\\/\",\"name\":\"Radio Leinewelle\",\"description\":\"\",\"publisher\":{\"@id\":\"https:\\\/\\\/radioleinewelle.de\\\/#organization\"},\"potentialAction\":[{\"@type\":\"SearchAction\",\"target\":{\"@type\":\"EntryPoint\",\"urlTemplate\":\"https:\\\/\\\/radioleinewelle.de\\\/?s={search_term_string}\"},\"query-input\":{\"@type\":\"PropertyValueSpecification\",\"valueRequired\":true,\"valueName\":\"search_term_string\"}}],\"inLanguage\":\"de\"},{\"@type\":\"Organization\",\"@id\":\"https:\\\/\\\/radioleinewelle.de\\\/#organization\",\"name\":\"Radio Leinewelle\",\"alternateName\":\"Mein Radio f\u00fcr S\u00fcdniedersachsen\",\"url\":\"https:\\\/\\\/radioleinewelle.de\\\/\",\"logo\":{\"@type\":\"ImageObject\",\"inLanguage\":\"de\",\"@id\":\"https:\\\/\\\/radioleinewelle.de\\\/#\\\/schema\\\/logo\\\/image\\\/\",\"url\":\"https:\\\/\\\/radioleinewelle.de\\\/wp-content\\\/uploads\\\/2023\\\/11\\\/cropped-Leinewelle_Logo_weiss.png\",\"contentUrl\":\"https:\\\/\\\/radioleinewelle.de\\\/wp-content\\\/uploads\\\/2023\\\/11\\\/cropped-Leinewelle_Logo_weiss.png\",\"width\":854,\"height\":260,\"caption\":\"Radio Leinewelle\"},\"image\":{\"@id\":\"https:\\\/\\\/radioleinewelle.de\\\/#\\\/schema\\\/logo\\\/image\\\/\"},\"sameAs\":[\"https:\\\/\\\/www.facebook.com\\\/radioleinewelle\",\"https:\\\/\\\/x.com\\\/RLeinewelle\",\"https:\\\/\\\/www.instagram.com\\\/radioleinewelle\\\/?hl=de\"]},{\"@type\":\"Person\",\"@id\":\"https:\\\/\\\/radioleinewelle.de\\\/#\\\/schema\\\/person\\\/45606f348637df637192dc1b68399a63\",\"name\":\"Leinewelle\",\"image\":{\"@type\":\"ImageObject\",\"inLanguage\":\"de\",\"@id\":\"https:\\\/\\\/secure.gravatar.com\\\/avatar\\\/05c9a17bc973052ee5d91549bd32fb4dd0dc85b7b85ae94b2e2b4943476bbea5?s=96&d=blank&r=g\",\"url\":\"https:\\\/\\\/secure.gravatar.com\\\/avatar\\\/05c9a17bc973052ee5d91549bd32fb4dd0dc85b7b85ae94b2e2b4943476bbea5?s=96&d=blank&r=g\",\"contentUrl\":\"https:\\\/\\\/secure.gravatar.com\\\/avatar\\\/05c9a17bc973052ee5d91549bd32fb4dd0dc85b7b85ae94b2e2b4943476bbea5?s=96&d=blank&r=g\",\"caption\":\"Leinewelle\"},\"sameAs\":[\"http:\\\/\\\/localhost\\\/radio%20leinewelle\\\/wordpress\",\"https:\\\/\\\/www.facebook.com\\\/radioleinewelle\",\"https:\\\/\\\/www.instagram.com\\\/radioleinewelle\",\"https:\\\/\\\/x.com\\\/https:\\\/\\\/twitter.com\\\/RLeinewelle?ref_src=twsrcgoogletwcampserptwgrauthor\",\"https:\\\/\\\/soundcloud.com\\\/foerderverein-lokalradio?utm_source=clipboard&utm_medium=text&utm_campaign=social_sharing\"],\"url\":\"https:\\\/\\\/radioleinewelle.de\\\/index.php\\\/author\\\/leinewelle\\\/\"}]}<\/script>\n<!-- \/ Yoast SEO plugin. -->","yoast_head_json":{"title":"Die Linke kritisiert Schlie\u00dfung des Lichtenberg Kollegs - Radio Leinewelle","robots":{"index":"index","follow":"follow","max-snippet":"max-snippet:-1","max-image-preview":"max-image-preview:large","max-video-preview":"max-video-preview:-1"},"canonical":"https:\/\/radioleinewelle.de\/index.php\/2021\/01\/25\/die-linke-kritisiert-schliessung-des-lichtenberg-kollegs\/","og_locale":"de_DE","og_type":"article","og_title":"Die Linke kritisiert Schlie\u00dfung des Lichtenberg Kollegs - Radio Leinewelle","og_description":"Das geisteswissenschaftliche Lichtenberg-Kolleg der Universit\u00e4t G\u00f6ttingen wird geschlossen. Dies hat die nieders\u00e4chsische Landesregierung im Rahmen eines Sparprogrammes durchgesetzt. 120 Wissenschaftler*innen haben sich in einem Protestbrief gegen die Schlie\u00dfung ausgesprochen. Diese ist vor allem fehlenden Geldern aus der Exzellenzf\u00f6rderung des Bundes geschuldet. \u201eDie Schlie\u00dfung des Lichtenberg-Kollegs in G\u00f6ttingen ist eine Bankrotterkl\u00e4rung f\u00fcr die Schwarz-Rote Politik der [&hellip;]","og_url":"https:\/\/radioleinewelle.de\/index.php\/2021\/01\/25\/die-linke-kritisiert-schliessung-des-lichtenberg-kollegs\/","og_site_name":"Radio Leinewelle","article_publisher":"https:\/\/www.facebook.com\/radioleinewelle","article_author":"https:\/\/www.facebook.com\/radioleinewelle","article_published_time":"2021-01-25T04:05:00+00:00","og_image":[{"width":419,"height":478,"url":"https:\/\/radioleinewelle.de\/wp-content\/uploads\/2021\/01\/lichtenberg-1291233_640-e1611523739791.jpg","type":"image\/jpeg"}],"author":"Leinewelle","twitter_card":"summary_large_image","twitter_creator":"@https:\/\/twitter.com\/RLeinewelle?ref_src=twsrcgoogletwcampserptwgrauthor","twitter_site":"@RLeinewelle","twitter_misc":{"Verfasst von":"Leinewelle","Gesch\u00e4tzte Lesezeit":"1\u00a0Minute"},"schema":{"@context":"https:\/\/schema.org","@graph":[{"@type":"Article","@id":"https:\/\/radioleinewelle.de\/index.php\/2021\/01\/25\/die-linke-kritisiert-schliessung-des-lichtenberg-kollegs\/#article","isPartOf":{"@id":"https:\/\/radioleinewelle.de\/index.php\/2021\/01\/25\/die-linke-kritisiert-schliessung-des-lichtenberg-kollegs\/"},"author":{"name":"Leinewelle","@id":"https:\/\/radioleinewelle.de\/#\/schema\/person\/45606f348637df637192dc1b68399a63"},"headline":"Die Linke kritisiert Schlie\u00dfung des Lichtenberg Kollegs","datePublished":"2021-01-25T04:05:00+00:00","mainEntityOfPage":{"@id":"https:\/\/radioleinewelle.de\/index.php\/2021\/01\/25\/die-linke-kritisiert-schliessung-des-lichtenberg-kollegs\/"},"wordCount":233,"publisher":{"@id":"https:\/\/radioleinewelle.de\/#organization"},"image":{"@id":"https:\/\/radioleinewelle.de\/index.php\/2021\/01\/25\/die-linke-kritisiert-schliessung-des-lichtenberg-kollegs\/#primaryimage"},"thumbnailUrl":"https:\/\/radioleinewelle.de\/wp-content\/uploads\/2021\/01\/lichtenberg-1291233_640-e1611523739791.jpg","articleSection":["Universit\u00e4t"],"inLanguage":"de"},{"@type":"WebPage","@id":"https:\/\/radioleinewelle.de\/index.php\/2021\/01\/25\/die-linke-kritisiert-schliessung-des-lichtenberg-kollegs\/","url":"https:\/\/radioleinewelle.de\/index.php\/2021\/01\/25\/die-linke-kritisiert-schliessung-des-lichtenberg-kollegs\/","name":"Die Linke kritisiert Schlie\u00dfung des Lichtenberg Kollegs - Radio Leinewelle","isPartOf":{"@id":"https:\/\/radioleinewelle.de\/#website"},"primaryImageOfPage":{"@id":"https:\/\/radioleinewelle.de\/index.php\/2021\/01\/25\/die-linke-kritisiert-schliessung-des-lichtenberg-kollegs\/#primaryimage"},"image":{"@id":"https:\/\/radioleinewelle.de\/index.php\/2021\/01\/25\/die-linke-kritisiert-schliessung-des-lichtenberg-kollegs\/#primaryimage"},"thumbnailUrl":"https:\/\/radioleinewelle.de\/wp-content\/uploads\/2021\/01\/lichtenberg-1291233_640-e1611523739791.jpg","datePublished":"2021-01-25T04:05:00+00:00","breadcrumb":{"@id":"https:\/\/radioleinewelle.de\/index.php\/2021\/01\/25\/die-linke-kritisiert-schliessung-des-lichtenberg-kollegs\/#breadcrumb"},"inLanguage":"de","potentialAction":[{"@type":"ReadAction","target":["https:\/\/radioleinewelle.de\/index.php\/2021\/01\/25\/die-linke-kritisiert-schliessung-des-lichtenberg-kollegs\/"]}]},{"@type":"ImageObject","inLanguage":"de","@id":"https:\/\/radioleinewelle.de\/index.php\/2021\/01\/25\/die-linke-kritisiert-schliessung-des-lichtenberg-kollegs\/#primaryimage","url":"https:\/\/radioleinewelle.de\/wp-content\/uploads\/2021\/01\/lichtenberg-1291233_640-e1611523739791.jpg","contentUrl":"https:\/\/radioleinewelle.de\/wp-content\/uploads\/2021\/01\/lichtenberg-1291233_640-e1611523739791.jpg","width":419,"height":478},{"@type":"BreadcrumbList","@id":"https:\/\/radioleinewelle.de\/index.php\/2021\/01\/25\/die-linke-kritisiert-schliessung-des-lichtenberg-kollegs\/#breadcrumb","itemListElement":[{"@type":"ListItem","position":1,"name":"Startseite","item":"https:\/\/radioleinewelle.de\/"},{"@type":"ListItem","position":2,"name":"Die Linke kritisiert Schlie\u00dfung des Lichtenberg Kollegs"}]},{"@type":"WebSite","@id":"https:\/\/radioleinewelle.de\/#website","url":"https:\/\/radioleinewelle.de\/","name":"Radio Leinewelle","description":"","publisher":{"@id":"https:\/\/radioleinewelle.de\/#organization"},"potentialAction":[{"@type":"SearchAction","target":{"@type":"EntryPoint","urlTemplate":"https:\/\/radioleinewelle.de\/?s={search_term_string}"},"query-input":{"@type":"PropertyValueSpecification","valueRequired":true,"valueName":"search_term_string"}}],"inLanguage":"de"},{"@type":"Organization","@id":"https:\/\/radioleinewelle.de\/#organization","name":"Radio Leinewelle","alternateName":"Mein Radio f\u00fcr S\u00fcdniedersachsen","url":"https:\/\/radioleinewelle.de\/","logo":{"@type":"ImageObject","inLanguage":"de","@id":"https:\/\/radioleinewelle.de\/#\/schema\/logo\/image\/","url":"https:\/\/radioleinewelle.de\/wp-content\/uploads\/2023\/11\/cropped-Leinewelle_Logo_weiss.png","contentUrl":"https:\/\/radioleinewelle.de\/wp-content\/uploads\/2023\/11\/cropped-Leinewelle_Logo_weiss.png","width":854,"height":260,"caption":"Radio Leinewelle"},"image":{"@id":"https:\/\/radioleinewelle.de\/#\/schema\/logo\/image\/"},"sameAs":["https:\/\/www.facebook.com\/radioleinewelle","https:\/\/x.com\/RLeinewelle","https:\/\/www.instagram.com\/radioleinewelle\/?hl=de"]},{"@type":"Person","@id":"https:\/\/radioleinewelle.de\/#\/schema\/person\/45606f348637df637192dc1b68399a63","name":"Leinewelle","image":{"@type":"ImageObject","inLanguage":"de","@id":"https:\/\/secure.gravatar.com\/avatar\/05c9a17bc973052ee5d91549bd32fb4dd0dc85b7b85ae94b2e2b4943476bbea5?s=96&d=blank&r=g","url":"https:\/\/secure.gravatar.com\/avatar\/05c9a17bc973052ee5d91549bd32fb4dd0dc85b7b85ae94b2e2b4943476bbea5?s=96&d=blank&r=g","contentUrl":"https:\/\/secure.gravatar.com\/avatar\/05c9a17bc973052ee5d91549bd32fb4dd0dc85b7b85ae94b2e2b4943476bbea5?s=96&d=blank&r=g","caption":"Leinewelle"},"sameAs":["http:\/\/localhost\/radio%20leinewelle\/wordpress","https:\/\/www.facebook.com\/radioleinewelle","https:\/\/www.instagram.com\/radioleinewelle","https:\/\/x.com\/https:\/\/twitter.com\/RLeinewelle?ref_src=twsrcgoogletwcampserptwgrauthor","https:\/\/soundcloud.com\/foerderverein-lokalradio?utm_source=clipboard&utm_medium=text&utm_campaign=social_sharing"],"url":"https:\/\/radioleinewelle.de\/index.php\/author\/leinewelle\/"}]}},"_links":{"self":[{"href":"https:\/\/radioleinewelle.de\/index.php\/wp-json\/wp\/v2\/posts\/4590","targetHints":{"allow":["GET"]}}],"collection":[{"href":"https:\/\/radioleinewelle.de\/index.php\/wp-json\/wp\/v2\/posts"}],"about":[{"href":"https:\/\/radioleinewelle.de\/index.php\/wp-json\/wp\/v2\/types\/post"}],"author":[{"embeddable":true,"href":"https:\/\/radioleinewelle.de\/index.php\/wp-json\/wp\/v2\/users\/1"}],"replies":[{"embeddable":true,"href":"https:\/\/radioleinewelle.de\/index.php\/wp-json\/wp\/v2\/comments?post=4590"}],"version-history":[{"count":0,"href":"https:\/\/radioleinewelle.de\/index.php\/wp-json\/wp\/v2\/posts\/4590\/revisions"}],"wp:featuredmedia":[{"embeddable":true,"href":"https:\/\/radioleinewelle.de\/index.php\/wp-json\/wp\/v2\/media\/4600"}],"wp:attachment":[{"href":"https:\/\/radioleinewelle.de\/index.php\/wp-json\/wp\/v2\/media?parent=4590"}],"wp:term":[{"taxonomy":"category","embeddable":true,"href":"https:\/\/radioleinewelle.de\/index.php\/wp-json\/wp\/v2\/categories?post=4590"},{"taxonomy":"post_tag","embeddable":true,"href":"https:\/\/radioleinewelle.de\/index.php\/wp-json\/wp\/v2\/tags?post=4590"}],"curies":[{"name":"wp","href":"https:\/\/api.w.org\/{rel}","templated":true}]}}