{"id":4602,"date":"2021-01-25T06:10:33","date_gmt":"2021-01-25T05:10:33","guid":{"rendered":"https:\/\/radioleinewelle.de\/?p=4602"},"modified":"2021-01-25T06:10:33","modified_gmt":"2021-01-25T05:10:33","slug":"so-siehts-aus-die-coronalage-in-suedniedersachsen-am-25-01","status":"publish","type":"post","link":"https:\/\/radioleinewelle.de\/index.php\/2021\/01\/25\/so-siehts-aus-die-coronalage-in-suedniedersachsen-am-25-01\/","title":{"rendered":"So siehts aus &#8211; die Coronalage in S\u00fcdniedersachsen am 25.01."},"content":{"rendered":"\n<p>Zur Zeit liegt in Niedersachsen die <strong>Impfquote<\/strong> bei 1,6 %. Th\u00fcringen liegt bei 1,9 %, Hessen bei 1,4 %.der Gesamtbev\u00f6lkerung. Insgesamt sind bundesweit \u00fcber 1.469.353 Personen (Stand 25.01.) geimpft worden. Die t\u00e4glichen Impfraten steigen leicht an, liegen aber mit ca. 50.000 pro Tag noch auf einem niedrigen Niveau.<br \/>Die I<strong>nzidenzzahlen (Quelle RKI) in S\u00fcdniedersachsen<\/strong> liegen im Vergleich zur Vorwoche in den einzelnen Landkreisen leicht niedriger (Grenzwert von 50). Die aktuellen Zahlen im Detail:<br \/><strong>Die Landkreise:<\/strong><br \/>G\u00f6ttingen 54,0, Northeim 50,6, Goslar 53,6, <strong>Holzminden 103,6, H\u00f6xter<\/strong> <strong>196,1.<\/strong> &nbsp;Der Durchschnitt in Niedersachsen liegt bei 84,5, der Bundesdurchschnitt bei 111,2, die <strong>bundesweite Zahl der Corona Neuinfektionen steigt um 6729, die Sterbef\u00e4lle steigen bundesweit um 217 Tote<\/strong> zum Vortag. <strong>Dies ist ein deutlicher R\u00fcckgang im Vergleich zum letzten Montag, liegt aber weiter auf hohem Niveau.<\/strong> Die Gesamtzahl der Toten hat heute mit \u00fcber 52.000 Toten einen traurigen H\u00f6hepunkt erreicht.<br \/>Der Anteil der COVID-19 Patienten an der Gesamtzahl der Intensivbetten in Niedersachsen liegt bei 13,9 %. Dies sagt nichts \u00fcber die aktuelle lokale Situation aus, die abh\u00e4ngig vom Infektionsgeschehen und der Verf\u00fcgbarkeit von Fachpersonal ist. In G\u00f6ttingen sind die Verf\u00fcgbarkeiten von Intensivbetten an der UMG &nbsp;ausreichend und im Evangelischen Krankenhaus Lenglern im Low und High Care Bereich laut Intensivregister voll belegt. Es gibt erste \u00dcbernahmen von Patienten aus anderen Bundesl\u00e4ndern. <strong>Insgesamt ist laut Intensivregister die Zahl der bundesweit belegten Intensivbetten leicht r\u00fcckl\u00e4ufig<\/strong>.<\/p>\n\n\n\n<p>489 Menschen in <strong>Stadt und Landkreis G\u00f6ttingen<\/strong> sind aktuell mit dem SARS-CoV-2-Virus infiziert. Der Inzidenzwert liegt laut ma\u00dfgeblichem Lagebericht des Landes heute (Sonntag, 24. Januar 2021) bei 63,8.<\/p>\n\n\n\n<h3 class=\"wp-block-heading\">Lage in St\u00e4dten und Gemeinden (Gesamtzahl F\u00e4lle \/ aktuell Infizierte)<\/h3>\n\n\n\n<ul class=\"wp-block-list\"><li>Flecken Adelebsen (72 \/ 6)<\/li><li>Gemeinde Bad Grund (Harz) (87 \/ 6)<\/li><li>Stadt Bad Lauterberg im Harz (175 \/ 21)<\/li><li>Stadt Bad Sachsa (127 \/ 6)<\/li><li>Flecken Bovenden (106 \/ 12)<\/li><li>Samtgemeinde Dransfeld (68 \/ 7)<\/li><li><strong>Stadt Duderstadt (631 \/ 82)<\/strong><\/li><li>Gemeinde Friedland (93 \/ 3)<\/li><li><strong>Samtgemeinde Gieboldehausen (236 \/ 64)<\/strong><\/li><li>Gemeinde Gleichen (90 \/ 4)<\/li><li>Stadt G\u00f6ttingen (1.517 \/ 144)<\/li><li>Stadt Hann. M\u00fcnden (487 \/ 34)<\/li><li>Samtgemeinde Hattorf am Harz (106 \/ 6)<\/li><li>Stadt Herzberg am Harz (342 \/ 17)<\/li><li>Stadt Osterode am Harz (230 \/ 10)<\/li><li>Samtgemeinde Radolfshausen (64 \/22)<\/li><li>Gemeinde Rosdorf (127 \/ 13)<\/li><li>Gemeinde Staufenberg (90 \/ 9)<\/li><li>Gemeinde Walkenried (61 \/ 23)<\/li><\/ul>\n\n\n\n<p>Auch im Eichsfeld sind die Zahlen r\u00fcckl\u00e4ufig, aber weiter kritisch hoch:<strong> der Inzidenzwert liegt hier bei aktuell 223,0<\/strong>.&nbsp;<strong>Der Landkreis Eichsfeld teilt mit: die Gesamtzahl der aktuell Infizierten 770, Verstorbene 110 &nbsp;(Stand 24.01.).&nbsp;<\/strong><\/p>\n","protected":false},"excerpt":{"rendered":"<p>Zur Zeit liegt in Niedersachsen die Impfquote bei 1,6 %. Th\u00fcringen liegt bei 1,9 %, Hessen bei 1,4 %.der Gesamtbev\u00f6lkerung. Insgesamt sind bundesweit \u00fcber 1.469.353 Personen (Stand 25.01.) geimpft worden. Die t\u00e4glichen Impfraten steigen leicht an, liegen aber mit ca. 50.000 pro Tag noch auf einem niedrigen Niveau.Die Inzidenzzahlen (Quelle RKI) in S\u00fcdniedersachsen liegen im [&hellip;]<\/p>\n","protected":false},"author":1,"featured_media":3778,"comment_status":"closed","ping_status":"closed","sticky":false,"template":"","format":"standard","meta":{"saved_in_kubio":false,"footnotes":""},"categories":[1],"tags":[],"class_list":["post-4602","post","type-post","status-publish","format-standard","has-post-thumbnail","hentry","category-allgemein"],"yoast_head":"<!-- This site is optimized with the Yoast SEO plugin v27.5 - https:\/\/yoast.com\/product\/yoast-seo-wordpress\/ -->\n<title>So siehts aus - die Coronalage in S\u00fcdniedersachsen am 25.01. - Radio Leinewelle<\/title>\n<meta name=\"robots\" content=\"index, follow, max-snippet:-1, max-image-preview:large, max-video-preview:-1\" \/>\n<link rel=\"canonical\" href=\"https:\/\/radioleinewelle.de\/index.php\/2021\/01\/25\/so-siehts-aus-die-coronalage-in-suedniedersachsen-am-25-01\/\" \/>\n<meta property=\"og:locale\" content=\"de_DE\" \/>\n<meta property=\"og:type\" content=\"article\" \/>\n<meta property=\"og:title\" content=\"So siehts aus - die Coronalage in S\u00fcdniedersachsen am 25.01. - Radio Leinewelle\" \/>\n<meta property=\"og:description\" content=\"Zur Zeit liegt in Niedersachsen die Impfquote bei 1,6 %. Th\u00fcringen liegt bei 1,9 %, Hessen bei 1,4 %.der Gesamtbev\u00f6lkerung. Insgesamt sind bundesweit \u00fcber 1.469.353 Personen (Stand 25.01.) geimpft worden. Die t\u00e4glichen Impfraten steigen leicht an, liegen aber mit ca. 50.000 pro Tag noch auf einem niedrigen Niveau.Die Inzidenzzahlen (Quelle RKI) in S\u00fcdniedersachsen liegen im [&hellip;]\" \/>\n<meta property=\"og:url\" content=\"https:\/\/radioleinewelle.de\/index.php\/2021\/01\/25\/so-siehts-aus-die-coronalage-in-suedniedersachsen-am-25-01\/\" \/>\n<meta property=\"og:site_name\" content=\"Radio Leinewelle\" \/>\n<meta property=\"article:publisher\" content=\"https:\/\/www.facebook.com\/radioleinewelle\" \/>\n<meta property=\"article:author\" content=\"https:\/\/www.facebook.com\/radioleinewelle\" \/>\n<meta property=\"article:published_time\" content=\"2021-01-25T05:10:33+00:00\" \/>\n<meta property=\"og:image\" content=\"https:\/\/radioleinewelle.de\/wp-content\/uploads\/2020\/12\/coronavirus-4833754_640.jpg\" \/>\n\t<meta property=\"og:image:width\" content=\"640\" \/>\n\t<meta property=\"og:image:height\" content=\"320\" \/>\n\t<meta property=\"og:image:type\" content=\"image\/jpeg\" \/>\n<meta name=\"author\" content=\"Leinewelle\" \/>\n<meta name=\"twitter:card\" content=\"summary_large_image\" \/>\n<meta name=\"twitter:creator\" content=\"@https:\/\/twitter.com\/RLeinewelle?ref_src=twsrcgoogletwcampserptwgrauthor\" \/>\n<meta name=\"twitter:site\" content=\"@RLeinewelle\" \/>\n<meta name=\"twitter:label1\" content=\"Verfasst von\" \/>\n\t<meta name=\"twitter:data1\" content=\"Leinewelle\" \/>\n\t<meta name=\"twitter:label2\" content=\"Gesch\u00e4tzte Lesezeit\" \/>\n\t<meta name=\"twitter:data2\" content=\"2\u00a0Minuten\" \/>\n<script type=\"application\/ld+json\" class=\"yoast-schema-graph\">{\"@context\":\"https:\\\/\\\/schema.org\",\"@graph\":[{\"@type\":\"Article\",\"@id\":\"https:\\\/\\\/radioleinewelle.de\\\/index.php\\\/2021\\\/01\\\/25\\\/so-siehts-aus-die-coronalage-in-suedniedersachsen-am-25-01\\\/#article\",\"isPartOf\":{\"@id\":\"https:\\\/\\\/radioleinewelle.de\\\/index.php\\\/2021\\\/01\\\/25\\\/so-siehts-aus-die-coronalage-in-suedniedersachsen-am-25-01\\\/\"},\"author\":{\"name\":\"Leinewelle\",\"@id\":\"https:\\\/\\\/radioleinewelle.de\\\/#\\\/schema\\\/person\\\/45606f348637df637192dc1b68399a63\"},\"headline\":\"So siehts aus &#8211; die Coronalage in S\u00fcdniedersachsen am 25.01.\",\"datePublished\":\"2021-01-25T05:10:33+00:00\",\"mainEntityOfPage\":{\"@id\":\"https:\\\/\\\/radioleinewelle.de\\\/index.php\\\/2021\\\/01\\\/25\\\/so-siehts-aus-die-coronalage-in-suedniedersachsen-am-25-01\\\/\"},\"wordCount\":358,\"publisher\":{\"@id\":\"https:\\\/\\\/radioleinewelle.de\\\/#organization\"},\"image\":{\"@id\":\"https:\\\/\\\/radioleinewelle.de\\\/index.php\\\/2021\\\/01\\\/25\\\/so-siehts-aus-die-coronalage-in-suedniedersachsen-am-25-01\\\/#primaryimage\"},\"thumbnailUrl\":\"https:\\\/\\\/radioleinewelle.de\\\/wp-content\\\/uploads\\\/2020\\\/12\\\/coronavirus-4833754_640.jpg\",\"inLanguage\":\"de\"},{\"@type\":\"WebPage\",\"@id\":\"https:\\\/\\\/radioleinewelle.de\\\/index.php\\\/2021\\\/01\\\/25\\\/so-siehts-aus-die-coronalage-in-suedniedersachsen-am-25-01\\\/\",\"url\":\"https:\\\/\\\/radioleinewelle.de\\\/index.php\\\/2021\\\/01\\\/25\\\/so-siehts-aus-die-coronalage-in-suedniedersachsen-am-25-01\\\/\",\"name\":\"So siehts aus - die Coronalage in S\u00fcdniedersachsen am 25.01. - Radio Leinewelle\",\"isPartOf\":{\"@id\":\"https:\\\/\\\/radioleinewelle.de\\\/#website\"},\"primaryImageOfPage\":{\"@id\":\"https:\\\/\\\/radioleinewelle.de\\\/index.php\\\/2021\\\/01\\\/25\\\/so-siehts-aus-die-coronalage-in-suedniedersachsen-am-25-01\\\/#primaryimage\"},\"image\":{\"@id\":\"https:\\\/\\\/radioleinewelle.de\\\/index.php\\\/2021\\\/01\\\/25\\\/so-siehts-aus-die-coronalage-in-suedniedersachsen-am-25-01\\\/#primaryimage\"},\"thumbnailUrl\":\"https:\\\/\\\/radioleinewelle.de\\\/wp-content\\\/uploads\\\/2020\\\/12\\\/coronavirus-4833754_640.jpg\",\"datePublished\":\"2021-01-25T05:10:33+00:00\",\"breadcrumb\":{\"@id\":\"https:\\\/\\\/radioleinewelle.de\\\/index.php\\\/2021\\\/01\\\/25\\\/so-siehts-aus-die-coronalage-in-suedniedersachsen-am-25-01\\\/#breadcrumb\"},\"inLanguage\":\"de\",\"potentialAction\":[{\"@type\":\"ReadAction\",\"target\":[\"https:\\\/\\\/radioleinewelle.de\\\/index.php\\\/2021\\\/01\\\/25\\\/so-siehts-aus-die-coronalage-in-suedniedersachsen-am-25-01\\\/\"]}]},{\"@type\":\"ImageObject\",\"inLanguage\":\"de\",\"@id\":\"https:\\\/\\\/radioleinewelle.de\\\/index.php\\\/2021\\\/01\\\/25\\\/so-siehts-aus-die-coronalage-in-suedniedersachsen-am-25-01\\\/#primaryimage\",\"url\":\"https:\\\/\\\/radioleinewelle.de\\\/wp-content\\\/uploads\\\/2020\\\/12\\\/coronavirus-4833754_640.jpg\",\"contentUrl\":\"https:\\\/\\\/radioleinewelle.de\\\/wp-content\\\/uploads\\\/2020\\\/12\\\/coronavirus-4833754_640.jpg\",\"width\":640,\"height\":320},{\"@type\":\"BreadcrumbList\",\"@id\":\"https:\\\/\\\/radioleinewelle.de\\\/index.php\\\/2021\\\/01\\\/25\\\/so-siehts-aus-die-coronalage-in-suedniedersachsen-am-25-01\\\/#breadcrumb\",\"itemListElement\":[{\"@type\":\"ListItem\",\"position\":1,\"name\":\"Startseite\",\"item\":\"https:\\\/\\\/radioleinewelle.de\\\/\"},{\"@type\":\"ListItem\",\"position\":2,\"name\":\"So siehts aus &#8211; die Coronalage in S\u00fcdniedersachsen am 25.01.\"}]},{\"@type\":\"WebSite\",\"@id\":\"https:\\\/\\\/radioleinewelle.de\\\/#website\",\"url\":\"https:\\\/\\\/radioleinewelle.de\\\/\",\"name\":\"Radio Leinewelle\",\"description\":\"\",\"publisher\":{\"@id\":\"https:\\\/\\\/radioleinewelle.de\\\/#organization\"},\"potentialAction\":[{\"@type\":\"SearchAction\",\"target\":{\"@type\":\"EntryPoint\",\"urlTemplate\":\"https:\\\/\\\/radioleinewelle.de\\\/?s={search_term_string}\"},\"query-input\":{\"@type\":\"PropertyValueSpecification\",\"valueRequired\":true,\"valueName\":\"search_term_string\"}}],\"inLanguage\":\"de\"},{\"@type\":\"Organization\",\"@id\":\"https:\\\/\\\/radioleinewelle.de\\\/#organization\",\"name\":\"Radio Leinewelle\",\"alternateName\":\"Mein Radio f\u00fcr S\u00fcdniedersachsen\",\"url\":\"https:\\\/\\\/radioleinewelle.de\\\/\",\"logo\":{\"@type\":\"ImageObject\",\"inLanguage\":\"de\",\"@id\":\"https:\\\/\\\/radioleinewelle.de\\\/#\\\/schema\\\/logo\\\/image\\\/\",\"url\":\"https:\\\/\\\/radioleinewelle.de\\\/wp-content\\\/uploads\\\/2023\\\/11\\\/cropped-Leinewelle_Logo_weiss.png\",\"contentUrl\":\"https:\\\/\\\/radioleinewelle.de\\\/wp-content\\\/uploads\\\/2023\\\/11\\\/cropped-Leinewelle_Logo_weiss.png\",\"width\":854,\"height\":260,\"caption\":\"Radio Leinewelle\"},\"image\":{\"@id\":\"https:\\\/\\\/radioleinewelle.de\\\/#\\\/schema\\\/logo\\\/image\\\/\"},\"sameAs\":[\"https:\\\/\\\/www.facebook.com\\\/radioleinewelle\",\"https:\\\/\\\/x.com\\\/RLeinewelle\",\"https:\\\/\\\/www.instagram.com\\\/radioleinewelle\\\/?hl=de\"]},{\"@type\":\"Person\",\"@id\":\"https:\\\/\\\/radioleinewelle.de\\\/#\\\/schema\\\/person\\\/45606f348637df637192dc1b68399a63\",\"name\":\"Leinewelle\",\"image\":{\"@type\":\"ImageObject\",\"inLanguage\":\"de\",\"@id\":\"https:\\\/\\\/secure.gravatar.com\\\/avatar\\\/05c9a17bc973052ee5d91549bd32fb4dd0dc85b7b85ae94b2e2b4943476bbea5?s=96&d=blank&r=g\",\"url\":\"https:\\\/\\\/secure.gravatar.com\\\/avatar\\\/05c9a17bc973052ee5d91549bd32fb4dd0dc85b7b85ae94b2e2b4943476bbea5?s=96&d=blank&r=g\",\"contentUrl\":\"https:\\\/\\\/secure.gravatar.com\\\/avatar\\\/05c9a17bc973052ee5d91549bd32fb4dd0dc85b7b85ae94b2e2b4943476bbea5?s=96&d=blank&r=g\",\"caption\":\"Leinewelle\"},\"sameAs\":[\"http:\\\/\\\/localhost\\\/radio%20leinewelle\\\/wordpress\",\"https:\\\/\\\/www.facebook.com\\\/radioleinewelle\",\"https:\\\/\\\/www.instagram.com\\\/radioleinewelle\",\"https:\\\/\\\/x.com\\\/https:\\\/\\\/twitter.com\\\/RLeinewelle?ref_src=twsrcgoogletwcampserptwgrauthor\",\"https:\\\/\\\/soundcloud.com\\\/foerderverein-lokalradio?utm_source=clipboard&utm_medium=text&utm_campaign=social_sharing\"],\"url\":\"https:\\\/\\\/radioleinewelle.de\\\/index.php\\\/author\\\/leinewelle\\\/\"}]}<\/script>\n<!-- \/ Yoast SEO plugin. -->","yoast_head_json":{"title":"So siehts aus - die Coronalage in S\u00fcdniedersachsen am 25.01. - Radio Leinewelle","robots":{"index":"index","follow":"follow","max-snippet":"max-snippet:-1","max-image-preview":"max-image-preview:large","max-video-preview":"max-video-preview:-1"},"canonical":"https:\/\/radioleinewelle.de\/index.php\/2021\/01\/25\/so-siehts-aus-die-coronalage-in-suedniedersachsen-am-25-01\/","og_locale":"de_DE","og_type":"article","og_title":"So siehts aus - die Coronalage in S\u00fcdniedersachsen am 25.01. - Radio Leinewelle","og_description":"Zur Zeit liegt in Niedersachsen die Impfquote bei 1,6 %. Th\u00fcringen liegt bei 1,9 %, Hessen bei 1,4 %.der Gesamtbev\u00f6lkerung. Insgesamt sind bundesweit \u00fcber 1.469.353 Personen (Stand 25.01.) geimpft worden. Die t\u00e4glichen Impfraten steigen leicht an, liegen aber mit ca. 50.000 pro Tag noch auf einem niedrigen Niveau.Die Inzidenzzahlen (Quelle RKI) in S\u00fcdniedersachsen liegen im [&hellip;]","og_url":"https:\/\/radioleinewelle.de\/index.php\/2021\/01\/25\/so-siehts-aus-die-coronalage-in-suedniedersachsen-am-25-01\/","og_site_name":"Radio Leinewelle","article_publisher":"https:\/\/www.facebook.com\/radioleinewelle","article_author":"https:\/\/www.facebook.com\/radioleinewelle","article_published_time":"2021-01-25T05:10:33+00:00","og_image":[{"width":640,"height":320,"url":"https:\/\/radioleinewelle.de\/wp-content\/uploads\/2020\/12\/coronavirus-4833754_640.jpg","type":"image\/jpeg"}],"author":"Leinewelle","twitter_card":"summary_large_image","twitter_creator":"@https:\/\/twitter.com\/RLeinewelle?ref_src=twsrcgoogletwcampserptwgrauthor","twitter_site":"@RLeinewelle","twitter_misc":{"Verfasst von":"Leinewelle","Gesch\u00e4tzte Lesezeit":"2\u00a0Minuten"},"schema":{"@context":"https:\/\/schema.org","@graph":[{"@type":"Article","@id":"https:\/\/radioleinewelle.de\/index.php\/2021\/01\/25\/so-siehts-aus-die-coronalage-in-suedniedersachsen-am-25-01\/#article","isPartOf":{"@id":"https:\/\/radioleinewelle.de\/index.php\/2021\/01\/25\/so-siehts-aus-die-coronalage-in-suedniedersachsen-am-25-01\/"},"author":{"name":"Leinewelle","@id":"https:\/\/radioleinewelle.de\/#\/schema\/person\/45606f348637df637192dc1b68399a63"},"headline":"So siehts aus &#8211; die Coronalage in S\u00fcdniedersachsen am 25.01.","datePublished":"2021-01-25T05:10:33+00:00","mainEntityOfPage":{"@id":"https:\/\/radioleinewelle.de\/index.php\/2021\/01\/25\/so-siehts-aus-die-coronalage-in-suedniedersachsen-am-25-01\/"},"wordCount":358,"publisher":{"@id":"https:\/\/radioleinewelle.de\/#organization"},"image":{"@id":"https:\/\/radioleinewelle.de\/index.php\/2021\/01\/25\/so-siehts-aus-die-coronalage-in-suedniedersachsen-am-25-01\/#primaryimage"},"thumbnailUrl":"https:\/\/radioleinewelle.de\/wp-content\/uploads\/2020\/12\/coronavirus-4833754_640.jpg","inLanguage":"de"},{"@type":"WebPage","@id":"https:\/\/radioleinewelle.de\/index.php\/2021\/01\/25\/so-siehts-aus-die-coronalage-in-suedniedersachsen-am-25-01\/","url":"https:\/\/radioleinewelle.de\/index.php\/2021\/01\/25\/so-siehts-aus-die-coronalage-in-suedniedersachsen-am-25-01\/","name":"So siehts aus - die Coronalage in S\u00fcdniedersachsen am 25.01. - Radio Leinewelle","isPartOf":{"@id":"https:\/\/radioleinewelle.de\/#website"},"primaryImageOfPage":{"@id":"https:\/\/radioleinewelle.de\/index.php\/2021\/01\/25\/so-siehts-aus-die-coronalage-in-suedniedersachsen-am-25-01\/#primaryimage"},"image":{"@id":"https:\/\/radioleinewelle.de\/index.php\/2021\/01\/25\/so-siehts-aus-die-coronalage-in-suedniedersachsen-am-25-01\/#primaryimage"},"thumbnailUrl":"https:\/\/radioleinewelle.de\/wp-content\/uploads\/2020\/12\/coronavirus-4833754_640.jpg","datePublished":"2021-01-25T05:10:33+00:00","breadcrumb":{"@id":"https:\/\/radioleinewelle.de\/index.php\/2021\/01\/25\/so-siehts-aus-die-coronalage-in-suedniedersachsen-am-25-01\/#breadcrumb"},"inLanguage":"de","potentialAction":[{"@type":"ReadAction","target":["https:\/\/radioleinewelle.de\/index.php\/2021\/01\/25\/so-siehts-aus-die-coronalage-in-suedniedersachsen-am-25-01\/"]}]},{"@type":"ImageObject","inLanguage":"de","@id":"https:\/\/radioleinewelle.de\/index.php\/2021\/01\/25\/so-siehts-aus-die-coronalage-in-suedniedersachsen-am-25-01\/#primaryimage","url":"https:\/\/radioleinewelle.de\/wp-content\/uploads\/2020\/12\/coronavirus-4833754_640.jpg","contentUrl":"https:\/\/radioleinewelle.de\/wp-content\/uploads\/2020\/12\/coronavirus-4833754_640.jpg","width":640,"height":320},{"@type":"BreadcrumbList","@id":"https:\/\/radioleinewelle.de\/index.php\/2021\/01\/25\/so-siehts-aus-die-coronalage-in-suedniedersachsen-am-25-01\/#breadcrumb","itemListElement":[{"@type":"ListItem","position":1,"name":"Startseite","item":"https:\/\/radioleinewelle.de\/"},{"@type":"ListItem","position":2,"name":"So siehts aus &#8211; die Coronalage in S\u00fcdniedersachsen am 25.01."}]},{"@type":"WebSite","@id":"https:\/\/radioleinewelle.de\/#website","url":"https:\/\/radioleinewelle.de\/","name":"Radio Leinewelle","description":"","publisher":{"@id":"https:\/\/radioleinewelle.de\/#organization"},"potentialAction":[{"@type":"SearchAction","target":{"@type":"EntryPoint","urlTemplate":"https:\/\/radioleinewelle.de\/?s={search_term_string}"},"query-input":{"@type":"PropertyValueSpecification","valueRequired":true,"valueName":"search_term_string"}}],"inLanguage":"de"},{"@type":"Organization","@id":"https:\/\/radioleinewelle.de\/#organization","name":"Radio Leinewelle","alternateName":"Mein Radio f\u00fcr S\u00fcdniedersachsen","url":"https:\/\/radioleinewelle.de\/","logo":{"@type":"ImageObject","inLanguage":"de","@id":"https:\/\/radioleinewelle.de\/#\/schema\/logo\/image\/","url":"https:\/\/radioleinewelle.de\/wp-content\/uploads\/2023\/11\/cropped-Leinewelle_Logo_weiss.png","contentUrl":"https:\/\/radioleinewelle.de\/wp-content\/uploads\/2023\/11\/cropped-Leinewelle_Logo_weiss.png","width":854,"height":260,"caption":"Radio Leinewelle"},"image":{"@id":"https:\/\/radioleinewelle.de\/#\/schema\/logo\/image\/"},"sameAs":["https:\/\/www.facebook.com\/radioleinewelle","https:\/\/x.com\/RLeinewelle","https:\/\/www.instagram.com\/radioleinewelle\/?hl=de"]},{"@type":"Person","@id":"https:\/\/radioleinewelle.de\/#\/schema\/person\/45606f348637df637192dc1b68399a63","name":"Leinewelle","image":{"@type":"ImageObject","inLanguage":"de","@id":"https:\/\/secure.gravatar.com\/avatar\/05c9a17bc973052ee5d91549bd32fb4dd0dc85b7b85ae94b2e2b4943476bbea5?s=96&d=blank&r=g","url":"https:\/\/secure.gravatar.com\/avatar\/05c9a17bc973052ee5d91549bd32fb4dd0dc85b7b85ae94b2e2b4943476bbea5?s=96&d=blank&r=g","contentUrl":"https:\/\/secure.gravatar.com\/avatar\/05c9a17bc973052ee5d91549bd32fb4dd0dc85b7b85ae94b2e2b4943476bbea5?s=96&d=blank&r=g","caption":"Leinewelle"},"sameAs":["http:\/\/localhost\/radio%20leinewelle\/wordpress","https:\/\/www.facebook.com\/radioleinewelle","https:\/\/www.instagram.com\/radioleinewelle","https:\/\/x.com\/https:\/\/twitter.com\/RLeinewelle?ref_src=twsrcgoogletwcampserptwgrauthor","https:\/\/soundcloud.com\/foerderverein-lokalradio?utm_source=clipboard&utm_medium=text&utm_campaign=social_sharing"],"url":"https:\/\/radioleinewelle.de\/index.php\/author\/leinewelle\/"}]}},"_links":{"self":[{"href":"https:\/\/radioleinewelle.de\/index.php\/wp-json\/wp\/v2\/posts\/4602","targetHints":{"allow":["GET"]}}],"collection":[{"href":"https:\/\/radioleinewelle.de\/index.php\/wp-json\/wp\/v2\/posts"}],"about":[{"href":"https:\/\/radioleinewelle.de\/index.php\/wp-json\/wp\/v2\/types\/post"}],"author":[{"embeddable":true,"href":"https:\/\/radioleinewelle.de\/index.php\/wp-json\/wp\/v2\/users\/1"}],"replies":[{"embeddable":true,"href":"https:\/\/radioleinewelle.de\/index.php\/wp-json\/wp\/v2\/comments?post=4602"}],"version-history":[{"count":0,"href":"https:\/\/radioleinewelle.de\/index.php\/wp-json\/wp\/v2\/posts\/4602\/revisions"}],"wp:featuredmedia":[{"embeddable":true,"href":"https:\/\/radioleinewelle.de\/index.php\/wp-json\/wp\/v2\/media\/3778"}],"wp:attachment":[{"href":"https:\/\/radioleinewelle.de\/index.php\/wp-json\/wp\/v2\/media?parent=4602"}],"wp:term":[{"taxonomy":"category","embeddable":true,"href":"https:\/\/radioleinewelle.de\/index.php\/wp-json\/wp\/v2\/categories?post=4602"},{"taxonomy":"post_tag","embeddable":true,"href":"https:\/\/radioleinewelle.de\/index.php\/wp-json\/wp\/v2\/tags?post=4602"}],"curies":[{"name":"wp","href":"https:\/\/api.w.org\/{rel}","templated":true}]}}