{"id":4626,"date":"2021-01-26T05:20:00","date_gmt":"2021-01-26T04:20:00","guid":{"rendered":"https:\/\/radioleinewelle.de\/?p=4626"},"modified":"2021-01-26T05:20:00","modified_gmt":"2021-01-26T04:20:00","slug":"reisebuchung-in-corona-zeiten","status":"publish","type":"post","link":"https:\/\/radioleinewelle.de\/index.php\/2021\/01\/26\/reisebuchung-in-corona-zeiten\/","title":{"rendered":"Reisebuchung in Corona-Zeiten"},"content":{"rendered":"\n<p><strong>Viele Verbraucher k\u00f6nnen es kaum erwarten, endlich wieder eine Reise zu planen. Doch die Erfahrungen des vergangenen Jahres und die andauernde Corona-Pandemie verunsichern. Reiseanbieter reagieren darauf mit neuen Angeboten: Flex-Tarife sollen es Kunden erm\u00f6glichen, eine Reise kurzfristig umzubuchen oder zu stornieren. Doch halten sie, was sie versprechen? Die Verbraucherzentrale Niedersachsen erkl\u00e4rt, worauf Kunden achten sollten und ob eine Reiser\u00fccktrittsversicherung im Pandemiefall greift.&nbsp;<\/strong><\/p>\n\n\n\n<p>Hinsichtlich der anhaltenden Einschr\u00e4nkungen durch die Corona-Pandemie sind viele Verbraucher verunsichert, ob sie \u00fcberhaupt einen Urlaub buchen sollen. Zahlreiche Reiseveranstalter reagieren darauf mit neuen Stornierungs- und Umbuchungsm\u00f6glichkeiten. \u201eDie Flex-Tarife sind zwar etwas teurer, k\u00f6nnen sich aber lohnen\u201c, erkl\u00e4rt Tiana Preuschoff, Rechtsexpertin der Verbraucherzentrale Niedersachsen. Allerdings m\u00fcssen Reisende genau hinsehen, da teils Ausnahmen gelten, auf die bei der Buchung weniger prominent hingewiesen wird. Ein Beispiel sind Angebote von Pauschalreiseanbietern, die mit einer kostenfreien Umbuchung bis 14 Tage vor Abreise werben, die Linienfl\u00fcge aber ausschlie\u00dfen. \u201eDamit ist die Absicherung f\u00fcr Kunden wertlos, da der Flug ein fester Bestandteil der Pauschalreisen ist\u201c, so die Expertin.&nbsp;<\/p>\n\n\n\n<p>Eine weitere beliebte Ausnahme sind die X-Reisen: g\u00fcnstige Angebote zu tagesaktuellen Preisen, aber mit ung\u00fcnstigen Stornobedingungen. Das Problem f\u00fcr Verbraucher: H\u00e4ufig bemerken sie bei der Buchung gar nicht, dass es sich um einen X-Anbieter handelt. Preuschoff r\u00e4t daher, vorab die allgemeinen Gesch\u00e4ftsbedingungen zu lesen.&nbsp;<\/p>\n\n\n\n<p><strong>Reiser\u00fccktrittsversicherung im Pandemiefall<\/strong><\/p>\n\n\n\n<p>Auch beim Thema Reiser\u00fccktrittsversicherung haben viele Kunden schlechte Erfahrungen gemacht, da Pandemien in der Regel ausgeschlossen sind. Inzwischen bieten einige Versicherer jedoch einen erweiterten Schutz an. \u201eVerbraucher sollten auf jeden Fall pr\u00fcfen, ob die Versicherung auch bei einer Quarant\u00e4ne oder Covid-19-Erkrankung greift\u201c, empfiehlt Preuschoff.&nbsp;<\/p>\n\n\n\n<p>Weitere Informationen zu Reise &amp; Corona finden Sie&nbsp;<a href=\"https:\/\/www.verbraucherzentrale-niedersachsen.de\/themen\/freizeit-reise\/faq-reisen-coronavirus\" target=\"_blank\" rel=\"noreferrer noopener\">hier<\/a>.<\/p>\n\n\n\n<p>Bei Fragen hilft die Verbraucherzentrale Niedersachsen \u2013 auch per Videoberatung. Weitere Informationen unter&nbsp;<a rel=\"noreferrer noopener\" href=\"https:\/\/www.verbraucherzentrale-niedersachsen.de\/fuer-sie-da\" target=\"_blank\">www.verbraucherzentrale-niedersachsen.de\/fuer-sie-da<\/a><br \/><strong>Bitte beachten Sie, dass die Meldung den Stand der Dinge zum Zeitpunkt ihrer Ver\u00f6ffentlichung wiedergibt.<\/strong><\/p>\n\n\n\n<p>Bild von&nbsp;<a href=\"https:\/\/pixabay.com\/de\/users\/jeshoots-com-264599\/?utm_source=link-attribution&amp;utm_medium=referral&amp;utm_campaign=image&amp;utm_content=2373727\">Jan Va\u0161ek<\/a>&nbsp;auf&nbsp;<a href=\"https:\/\/pixabay.com\/de\/?utm_source=link-attribution&amp;utm_medium=referral&amp;utm_campaign=image&amp;utm_content=2373727\">Pixabay<\/a><\/p>\n","protected":false},"excerpt":{"rendered":"<p>Viele Verbraucher k\u00f6nnen es kaum erwarten, endlich wieder eine Reise zu planen. Doch die Erfahrungen des vergangenen Jahres und die andauernde Corona-Pandemie verunsichern. Reiseanbieter reagieren darauf mit neuen Angeboten: Flex-Tarife sollen es Kunden erm\u00f6glichen, eine Reise kurzfristig umzubuchen oder zu stornieren. Doch halten sie, was sie versprechen? Die Verbraucherzentrale Niedersachsen erkl\u00e4rt, worauf Kunden achten sollten [&hellip;]<\/p>\n","protected":false},"author":1,"featured_media":4628,"comment_status":"closed","ping_status":"closed","sticky":false,"template":"","format":"standard","meta":{"saved_in_kubio":false,"footnotes":""},"categories":[52],"tags":[],"class_list":["post-4626","post","type-post","status-publish","format-standard","has-post-thumbnail","hentry","category-freizeit"],"yoast_head":"<!-- This site is optimized with the Yoast SEO plugin v27.5 - https:\/\/yoast.com\/product\/yoast-seo-wordpress\/ -->\n<title>Reisebuchung in Corona-Zeiten - Radio Leinewelle<\/title>\n<meta name=\"robots\" content=\"index, follow, max-snippet:-1, max-image-preview:large, max-video-preview:-1\" \/>\n<link rel=\"canonical\" href=\"https:\/\/radioleinewelle.de\/index.php\/2021\/01\/26\/reisebuchung-in-corona-zeiten\/\" \/>\n<meta property=\"og:locale\" content=\"de_DE\" \/>\n<meta property=\"og:type\" content=\"article\" \/>\n<meta property=\"og:title\" content=\"Reisebuchung in Corona-Zeiten - Radio Leinewelle\" \/>\n<meta property=\"og:description\" content=\"Viele Verbraucher k\u00f6nnen es kaum erwarten, endlich wieder eine Reise zu planen. Doch die Erfahrungen des vergangenen Jahres und die andauernde Corona-Pandemie verunsichern. Reiseanbieter reagieren darauf mit neuen Angeboten: Flex-Tarife sollen es Kunden erm\u00f6glichen, eine Reise kurzfristig umzubuchen oder zu stornieren. Doch halten sie, was sie versprechen? Die Verbraucherzentrale Niedersachsen erkl\u00e4rt, worauf Kunden achten sollten [&hellip;]\" \/>\n<meta property=\"og:url\" content=\"https:\/\/radioleinewelle.de\/index.php\/2021\/01\/26\/reisebuchung-in-corona-zeiten\/\" \/>\n<meta property=\"og:site_name\" content=\"Radio Leinewelle\" \/>\n<meta property=\"article:publisher\" content=\"https:\/\/www.facebook.com\/radioleinewelle\" \/>\n<meta property=\"article:author\" content=\"https:\/\/www.facebook.com\/radioleinewelle\" \/>\n<meta property=\"article:published_time\" content=\"2021-01-26T04:20:00+00:00\" \/>\n<meta property=\"og:image\" content=\"https:\/\/radioleinewelle.de\/wp-content\/uploads\/2021\/01\/airport-2373727_640.jpg\" \/>\n\t<meta property=\"og:image:width\" content=\"640\" \/>\n\t<meta property=\"og:image:height\" content=\"426\" \/>\n\t<meta property=\"og:image:type\" content=\"image\/jpeg\" \/>\n<meta name=\"author\" content=\"Leinewelle\" \/>\n<meta name=\"twitter:card\" content=\"summary_large_image\" \/>\n<meta name=\"twitter:creator\" content=\"@https:\/\/twitter.com\/RLeinewelle?ref_src=twsrcgoogletwcampserptwgrauthor\" \/>\n<meta name=\"twitter:site\" content=\"@RLeinewelle\" \/>\n<meta name=\"twitter:label1\" content=\"Verfasst von\" \/>\n\t<meta name=\"twitter:data1\" content=\"Leinewelle\" \/>\n\t<meta name=\"twitter:label2\" content=\"Gesch\u00e4tzte Lesezeit\" \/>\n\t<meta name=\"twitter:data2\" content=\"2\u00a0Minuten\" \/>\n<script type=\"application\/ld+json\" class=\"yoast-schema-graph\">{\"@context\":\"https:\\\/\\\/schema.org\",\"@graph\":[{\"@type\":\"Article\",\"@id\":\"https:\\\/\\\/radioleinewelle.de\\\/index.php\\\/2021\\\/01\\\/26\\\/reisebuchung-in-corona-zeiten\\\/#article\",\"isPartOf\":{\"@id\":\"https:\\\/\\\/radioleinewelle.de\\\/index.php\\\/2021\\\/01\\\/26\\\/reisebuchung-in-corona-zeiten\\\/\"},\"author\":{\"name\":\"Leinewelle\",\"@id\":\"https:\\\/\\\/radioleinewelle.de\\\/#\\\/schema\\\/person\\\/45606f348637df637192dc1b68399a63\"},\"headline\":\"Reisebuchung in Corona-Zeiten\",\"datePublished\":\"2021-01-26T04:20:00+00:00\",\"mainEntityOfPage\":{\"@id\":\"https:\\\/\\\/radioleinewelle.de\\\/index.php\\\/2021\\\/01\\\/26\\\/reisebuchung-in-corona-zeiten\\\/\"},\"wordCount\":337,\"publisher\":{\"@id\":\"https:\\\/\\\/radioleinewelle.de\\\/#organization\"},\"image\":{\"@id\":\"https:\\\/\\\/radioleinewelle.de\\\/index.php\\\/2021\\\/01\\\/26\\\/reisebuchung-in-corona-zeiten\\\/#primaryimage\"},\"thumbnailUrl\":\"https:\\\/\\\/radioleinewelle.de\\\/wp-content\\\/uploads\\\/2021\\\/01\\\/airport-2373727_640.jpg\",\"articleSection\":[\"Freizeit\"],\"inLanguage\":\"de\"},{\"@type\":\"WebPage\",\"@id\":\"https:\\\/\\\/radioleinewelle.de\\\/index.php\\\/2021\\\/01\\\/26\\\/reisebuchung-in-corona-zeiten\\\/\",\"url\":\"https:\\\/\\\/radioleinewelle.de\\\/index.php\\\/2021\\\/01\\\/26\\\/reisebuchung-in-corona-zeiten\\\/\",\"name\":\"Reisebuchung in Corona-Zeiten - Radio Leinewelle\",\"isPartOf\":{\"@id\":\"https:\\\/\\\/radioleinewelle.de\\\/#website\"},\"primaryImageOfPage\":{\"@id\":\"https:\\\/\\\/radioleinewelle.de\\\/index.php\\\/2021\\\/01\\\/26\\\/reisebuchung-in-corona-zeiten\\\/#primaryimage\"},\"image\":{\"@id\":\"https:\\\/\\\/radioleinewelle.de\\\/index.php\\\/2021\\\/01\\\/26\\\/reisebuchung-in-corona-zeiten\\\/#primaryimage\"},\"thumbnailUrl\":\"https:\\\/\\\/radioleinewelle.de\\\/wp-content\\\/uploads\\\/2021\\\/01\\\/airport-2373727_640.jpg\",\"datePublished\":\"2021-01-26T04:20:00+00:00\",\"breadcrumb\":{\"@id\":\"https:\\\/\\\/radioleinewelle.de\\\/index.php\\\/2021\\\/01\\\/26\\\/reisebuchung-in-corona-zeiten\\\/#breadcrumb\"},\"inLanguage\":\"de\",\"potentialAction\":[{\"@type\":\"ReadAction\",\"target\":[\"https:\\\/\\\/radioleinewelle.de\\\/index.php\\\/2021\\\/01\\\/26\\\/reisebuchung-in-corona-zeiten\\\/\"]}]},{\"@type\":\"ImageObject\",\"inLanguage\":\"de\",\"@id\":\"https:\\\/\\\/radioleinewelle.de\\\/index.php\\\/2021\\\/01\\\/26\\\/reisebuchung-in-corona-zeiten\\\/#primaryimage\",\"url\":\"https:\\\/\\\/radioleinewelle.de\\\/wp-content\\\/uploads\\\/2021\\\/01\\\/airport-2373727_640.jpg\",\"contentUrl\":\"https:\\\/\\\/radioleinewelle.de\\\/wp-content\\\/uploads\\\/2021\\\/01\\\/airport-2373727_640.jpg\",\"width\":640,\"height\":426},{\"@type\":\"BreadcrumbList\",\"@id\":\"https:\\\/\\\/radioleinewelle.de\\\/index.php\\\/2021\\\/01\\\/26\\\/reisebuchung-in-corona-zeiten\\\/#breadcrumb\",\"itemListElement\":[{\"@type\":\"ListItem\",\"position\":1,\"name\":\"Startseite\",\"item\":\"https:\\\/\\\/radioleinewelle.de\\\/\"},{\"@type\":\"ListItem\",\"position\":2,\"name\":\"Reisebuchung in Corona-Zeiten\"}]},{\"@type\":\"WebSite\",\"@id\":\"https:\\\/\\\/radioleinewelle.de\\\/#website\",\"url\":\"https:\\\/\\\/radioleinewelle.de\\\/\",\"name\":\"Radio Leinewelle\",\"description\":\"\",\"publisher\":{\"@id\":\"https:\\\/\\\/radioleinewelle.de\\\/#organization\"},\"potentialAction\":[{\"@type\":\"SearchAction\",\"target\":{\"@type\":\"EntryPoint\",\"urlTemplate\":\"https:\\\/\\\/radioleinewelle.de\\\/?s={search_term_string}\"},\"query-input\":{\"@type\":\"PropertyValueSpecification\",\"valueRequired\":true,\"valueName\":\"search_term_string\"}}],\"inLanguage\":\"de\"},{\"@type\":\"Organization\",\"@id\":\"https:\\\/\\\/radioleinewelle.de\\\/#organization\",\"name\":\"Radio Leinewelle\",\"alternateName\":\"Mein Radio f\u00fcr S\u00fcdniedersachsen\",\"url\":\"https:\\\/\\\/radioleinewelle.de\\\/\",\"logo\":{\"@type\":\"ImageObject\",\"inLanguage\":\"de\",\"@id\":\"https:\\\/\\\/radioleinewelle.de\\\/#\\\/schema\\\/logo\\\/image\\\/\",\"url\":\"https:\\\/\\\/radioleinewelle.de\\\/wp-content\\\/uploads\\\/2023\\\/11\\\/cropped-Leinewelle_Logo_weiss.png\",\"contentUrl\":\"https:\\\/\\\/radioleinewelle.de\\\/wp-content\\\/uploads\\\/2023\\\/11\\\/cropped-Leinewelle_Logo_weiss.png\",\"width\":854,\"height\":260,\"caption\":\"Radio Leinewelle\"},\"image\":{\"@id\":\"https:\\\/\\\/radioleinewelle.de\\\/#\\\/schema\\\/logo\\\/image\\\/\"},\"sameAs\":[\"https:\\\/\\\/www.facebook.com\\\/radioleinewelle\",\"https:\\\/\\\/x.com\\\/RLeinewelle\",\"https:\\\/\\\/www.instagram.com\\\/radioleinewelle\\\/?hl=de\"]},{\"@type\":\"Person\",\"@id\":\"https:\\\/\\\/radioleinewelle.de\\\/#\\\/schema\\\/person\\\/45606f348637df637192dc1b68399a63\",\"name\":\"Leinewelle\",\"image\":{\"@type\":\"ImageObject\",\"inLanguage\":\"de\",\"@id\":\"https:\\\/\\\/secure.gravatar.com\\\/avatar\\\/05c9a17bc973052ee5d91549bd32fb4dd0dc85b7b85ae94b2e2b4943476bbea5?s=96&d=blank&r=g\",\"url\":\"https:\\\/\\\/secure.gravatar.com\\\/avatar\\\/05c9a17bc973052ee5d91549bd32fb4dd0dc85b7b85ae94b2e2b4943476bbea5?s=96&d=blank&r=g\",\"contentUrl\":\"https:\\\/\\\/secure.gravatar.com\\\/avatar\\\/05c9a17bc973052ee5d91549bd32fb4dd0dc85b7b85ae94b2e2b4943476bbea5?s=96&d=blank&r=g\",\"caption\":\"Leinewelle\"},\"sameAs\":[\"http:\\\/\\\/localhost\\\/radio%20leinewelle\\\/wordpress\",\"https:\\\/\\\/www.facebook.com\\\/radioleinewelle\",\"https:\\\/\\\/www.instagram.com\\\/radioleinewelle\",\"https:\\\/\\\/x.com\\\/https:\\\/\\\/twitter.com\\\/RLeinewelle?ref_src=twsrcgoogletwcampserptwgrauthor\",\"https:\\\/\\\/soundcloud.com\\\/foerderverein-lokalradio?utm_source=clipboard&utm_medium=text&utm_campaign=social_sharing\"],\"url\":\"https:\\\/\\\/radioleinewelle.de\\\/index.php\\\/author\\\/leinewelle\\\/\"}]}<\/script>\n<!-- \/ Yoast SEO plugin. -->","yoast_head_json":{"title":"Reisebuchung in Corona-Zeiten - Radio Leinewelle","robots":{"index":"index","follow":"follow","max-snippet":"max-snippet:-1","max-image-preview":"max-image-preview:large","max-video-preview":"max-video-preview:-1"},"canonical":"https:\/\/radioleinewelle.de\/index.php\/2021\/01\/26\/reisebuchung-in-corona-zeiten\/","og_locale":"de_DE","og_type":"article","og_title":"Reisebuchung in Corona-Zeiten - Radio Leinewelle","og_description":"Viele Verbraucher k\u00f6nnen es kaum erwarten, endlich wieder eine Reise zu planen. Doch die Erfahrungen des vergangenen Jahres und die andauernde Corona-Pandemie verunsichern. Reiseanbieter reagieren darauf mit neuen Angeboten: Flex-Tarife sollen es Kunden erm\u00f6glichen, eine Reise kurzfristig umzubuchen oder zu stornieren. Doch halten sie, was sie versprechen? Die Verbraucherzentrale Niedersachsen erkl\u00e4rt, worauf Kunden achten sollten [&hellip;]","og_url":"https:\/\/radioleinewelle.de\/index.php\/2021\/01\/26\/reisebuchung-in-corona-zeiten\/","og_site_name":"Radio Leinewelle","article_publisher":"https:\/\/www.facebook.com\/radioleinewelle","article_author":"https:\/\/www.facebook.com\/radioleinewelle","article_published_time":"2021-01-26T04:20:00+00:00","og_image":[{"width":640,"height":426,"url":"https:\/\/radioleinewelle.de\/wp-content\/uploads\/2021\/01\/airport-2373727_640.jpg","type":"image\/jpeg"}],"author":"Leinewelle","twitter_card":"summary_large_image","twitter_creator":"@https:\/\/twitter.com\/RLeinewelle?ref_src=twsrcgoogletwcampserptwgrauthor","twitter_site":"@RLeinewelle","twitter_misc":{"Verfasst von":"Leinewelle","Gesch\u00e4tzte Lesezeit":"2\u00a0Minuten"},"schema":{"@context":"https:\/\/schema.org","@graph":[{"@type":"Article","@id":"https:\/\/radioleinewelle.de\/index.php\/2021\/01\/26\/reisebuchung-in-corona-zeiten\/#article","isPartOf":{"@id":"https:\/\/radioleinewelle.de\/index.php\/2021\/01\/26\/reisebuchung-in-corona-zeiten\/"},"author":{"name":"Leinewelle","@id":"https:\/\/radioleinewelle.de\/#\/schema\/person\/45606f348637df637192dc1b68399a63"},"headline":"Reisebuchung in Corona-Zeiten","datePublished":"2021-01-26T04:20:00+00:00","mainEntityOfPage":{"@id":"https:\/\/radioleinewelle.de\/index.php\/2021\/01\/26\/reisebuchung-in-corona-zeiten\/"},"wordCount":337,"publisher":{"@id":"https:\/\/radioleinewelle.de\/#organization"},"image":{"@id":"https:\/\/radioleinewelle.de\/index.php\/2021\/01\/26\/reisebuchung-in-corona-zeiten\/#primaryimage"},"thumbnailUrl":"https:\/\/radioleinewelle.de\/wp-content\/uploads\/2021\/01\/airport-2373727_640.jpg","articleSection":["Freizeit"],"inLanguage":"de"},{"@type":"WebPage","@id":"https:\/\/radioleinewelle.de\/index.php\/2021\/01\/26\/reisebuchung-in-corona-zeiten\/","url":"https:\/\/radioleinewelle.de\/index.php\/2021\/01\/26\/reisebuchung-in-corona-zeiten\/","name":"Reisebuchung in Corona-Zeiten - Radio Leinewelle","isPartOf":{"@id":"https:\/\/radioleinewelle.de\/#website"},"primaryImageOfPage":{"@id":"https:\/\/radioleinewelle.de\/index.php\/2021\/01\/26\/reisebuchung-in-corona-zeiten\/#primaryimage"},"image":{"@id":"https:\/\/radioleinewelle.de\/index.php\/2021\/01\/26\/reisebuchung-in-corona-zeiten\/#primaryimage"},"thumbnailUrl":"https:\/\/radioleinewelle.de\/wp-content\/uploads\/2021\/01\/airport-2373727_640.jpg","datePublished":"2021-01-26T04:20:00+00:00","breadcrumb":{"@id":"https:\/\/radioleinewelle.de\/index.php\/2021\/01\/26\/reisebuchung-in-corona-zeiten\/#breadcrumb"},"inLanguage":"de","potentialAction":[{"@type":"ReadAction","target":["https:\/\/radioleinewelle.de\/index.php\/2021\/01\/26\/reisebuchung-in-corona-zeiten\/"]}]},{"@type":"ImageObject","inLanguage":"de","@id":"https:\/\/radioleinewelle.de\/index.php\/2021\/01\/26\/reisebuchung-in-corona-zeiten\/#primaryimage","url":"https:\/\/radioleinewelle.de\/wp-content\/uploads\/2021\/01\/airport-2373727_640.jpg","contentUrl":"https:\/\/radioleinewelle.de\/wp-content\/uploads\/2021\/01\/airport-2373727_640.jpg","width":640,"height":426},{"@type":"BreadcrumbList","@id":"https:\/\/radioleinewelle.de\/index.php\/2021\/01\/26\/reisebuchung-in-corona-zeiten\/#breadcrumb","itemListElement":[{"@type":"ListItem","position":1,"name":"Startseite","item":"https:\/\/radioleinewelle.de\/"},{"@type":"ListItem","position":2,"name":"Reisebuchung in Corona-Zeiten"}]},{"@type":"WebSite","@id":"https:\/\/radioleinewelle.de\/#website","url":"https:\/\/radioleinewelle.de\/","name":"Radio Leinewelle","description":"","publisher":{"@id":"https:\/\/radioleinewelle.de\/#organization"},"potentialAction":[{"@type":"SearchAction","target":{"@type":"EntryPoint","urlTemplate":"https:\/\/radioleinewelle.de\/?s={search_term_string}"},"query-input":{"@type":"PropertyValueSpecification","valueRequired":true,"valueName":"search_term_string"}}],"inLanguage":"de"},{"@type":"Organization","@id":"https:\/\/radioleinewelle.de\/#organization","name":"Radio Leinewelle","alternateName":"Mein Radio f\u00fcr S\u00fcdniedersachsen","url":"https:\/\/radioleinewelle.de\/","logo":{"@type":"ImageObject","inLanguage":"de","@id":"https:\/\/radioleinewelle.de\/#\/schema\/logo\/image\/","url":"https:\/\/radioleinewelle.de\/wp-content\/uploads\/2023\/11\/cropped-Leinewelle_Logo_weiss.png","contentUrl":"https:\/\/radioleinewelle.de\/wp-content\/uploads\/2023\/11\/cropped-Leinewelle_Logo_weiss.png","width":854,"height":260,"caption":"Radio Leinewelle"},"image":{"@id":"https:\/\/radioleinewelle.de\/#\/schema\/logo\/image\/"},"sameAs":["https:\/\/www.facebook.com\/radioleinewelle","https:\/\/x.com\/RLeinewelle","https:\/\/www.instagram.com\/radioleinewelle\/?hl=de"]},{"@type":"Person","@id":"https:\/\/radioleinewelle.de\/#\/schema\/person\/45606f348637df637192dc1b68399a63","name":"Leinewelle","image":{"@type":"ImageObject","inLanguage":"de","@id":"https:\/\/secure.gravatar.com\/avatar\/05c9a17bc973052ee5d91549bd32fb4dd0dc85b7b85ae94b2e2b4943476bbea5?s=96&d=blank&r=g","url":"https:\/\/secure.gravatar.com\/avatar\/05c9a17bc973052ee5d91549bd32fb4dd0dc85b7b85ae94b2e2b4943476bbea5?s=96&d=blank&r=g","contentUrl":"https:\/\/secure.gravatar.com\/avatar\/05c9a17bc973052ee5d91549bd32fb4dd0dc85b7b85ae94b2e2b4943476bbea5?s=96&d=blank&r=g","caption":"Leinewelle"},"sameAs":["http:\/\/localhost\/radio%20leinewelle\/wordpress","https:\/\/www.facebook.com\/radioleinewelle","https:\/\/www.instagram.com\/radioleinewelle","https:\/\/x.com\/https:\/\/twitter.com\/RLeinewelle?ref_src=twsrcgoogletwcampserptwgrauthor","https:\/\/soundcloud.com\/foerderverein-lokalradio?utm_source=clipboard&utm_medium=text&utm_campaign=social_sharing"],"url":"https:\/\/radioleinewelle.de\/index.php\/author\/leinewelle\/"}]}},"_links":{"self":[{"href":"https:\/\/radioleinewelle.de\/index.php\/wp-json\/wp\/v2\/posts\/4626","targetHints":{"allow":["GET"]}}],"collection":[{"href":"https:\/\/radioleinewelle.de\/index.php\/wp-json\/wp\/v2\/posts"}],"about":[{"href":"https:\/\/radioleinewelle.de\/index.php\/wp-json\/wp\/v2\/types\/post"}],"author":[{"embeddable":true,"href":"https:\/\/radioleinewelle.de\/index.php\/wp-json\/wp\/v2\/users\/1"}],"replies":[{"embeddable":true,"href":"https:\/\/radioleinewelle.de\/index.php\/wp-json\/wp\/v2\/comments?post=4626"}],"version-history":[{"count":0,"href":"https:\/\/radioleinewelle.de\/index.php\/wp-json\/wp\/v2\/posts\/4626\/revisions"}],"wp:featuredmedia":[{"embeddable":true,"href":"https:\/\/radioleinewelle.de\/index.php\/wp-json\/wp\/v2\/media\/4628"}],"wp:attachment":[{"href":"https:\/\/radioleinewelle.de\/index.php\/wp-json\/wp\/v2\/media?parent=4626"}],"wp:term":[{"taxonomy":"category","embeddable":true,"href":"https:\/\/radioleinewelle.de\/index.php\/wp-json\/wp\/v2\/categories?post=4626"},{"taxonomy":"post_tag","embeddable":true,"href":"https:\/\/radioleinewelle.de\/index.php\/wp-json\/wp\/v2\/tags?post=4626"}],"curies":[{"name":"wp","href":"https:\/\/api.w.org\/{rel}","templated":true}]}}