{"id":4647,"date":"2021-01-26T06:27:47","date_gmt":"2021-01-26T05:27:47","guid":{"rendered":"https:\/\/radioleinewelle.de\/?p=4647"},"modified":"2021-01-26T06:27:47","modified_gmt":"2021-01-26T05:27:47","slug":"13-von-14-goettinger-einrichtungen-wurden-geimpft","status":"publish","type":"post","link":"https:\/\/radioleinewelle.de\/index.php\/2021\/01\/26\/13-von-14-goettinger-einrichtungen-wurden-geimpft\/","title":{"rendered":"13 von 14 G\u00f6ttinger Einrichtungen wurden geimpft"},"content":{"rendered":"\n<p>Das G\u00f6ttinger Impfzentrum Siekh\u00f6he hat vom Land Niedersachsen bislang zwei Chargen mit Impfstoffen der Firma Biontech\/Pfizer erhalten. Die mobilen Impfteams des Zentrums konnten damit die Bewohner*innen von 13 der 14 G\u00f6ttinger Altenpflegeeinrichtungen und das dortige Personal impfen; insgesamt 2.340 Menschen.<\/p>\n\n\n\n<p>Die erste Impfung muss zum Aufbau eines wirksamen Impfschutzes im Abstand von 21 Tagen wiederholt werden. Am Montag, 25. Januar 2021, ist eine Lieferung im Impfzentrum Siekh\u00f6he angekommen, mit der die Zweitimpfung begonnen werden kann. Weitere Impfstoffe sind nach Ank\u00fcndigung durch das Land Niedersachsen fr\u00fchestens ab Anfang der 6. Kalenderwoche zu erwarten, sodass das Impfzentrum Siekh\u00f6he nicht wie vorgesehen zum 1. Februar 2021 starten kann.<\/p>\n\n\n\n<p>Das sei f\u00fcr alle Beteiligten sehr bedauerlich, unterstreicht Christian Schmetz, Erster Stadtrat und als Dezernent der Stadt G\u00f6ttingen f\u00fcr das Impfzentrum verantwortlich. Die Mitarbeiter*innen des Impfzentrums seien sehr motiviert dabei und m\u00fcssten nun weiter auf ihren Einsatz warten.<\/p>\n\n\n\n<p>Wie allen Kommunen in Niedersachsen stehe auch in G\u00f6ttingen nur der vom Land zugeteilte Impfstoff zur Verf\u00fcgung, erg\u00e4nzt Petra Broistedt, Sozialdezernentin und Leiterin des Corona-Einsatzstabs der Stadt G\u00f6ttingen. F\u00fcr die Impfung der \u00fcber 80j\u00e4hrigen, die nicht in einer Senioreneinrichtung leben, sei daher weiterhin Geduld gefragt.<\/p>\n\n\n\n<p>Zu den priorisierten Gruppen geh\u00f6ren Bewohner*innen und Besch\u00e4ftigte in Altenpflegeeinrichtungen und im betreuten Wohnen sowie Besch\u00e4ftigte in Krankenh\u00e4usern, die einem besonderen Infektionsrisiko angeh\u00f6ren. B\u00fcrgerinnen und B\u00fcrger, die nicht zu diesen Gruppen geh\u00f6ren, erhalten beim Land Niedersachsen Auskunft \u00fcber das weitere Vorgehen, etwa zur Terminvergabe. Daf\u00fcr hat das Land die Hotline 0800 9988665 eingerichtet. Terminvergaben sind voraussichtlich ab dem 28. Januar 2021 m\u00f6glich.<\/p>\n","protected":false},"excerpt":{"rendered":"<p>Das G\u00f6ttinger Impfzentrum Siekh\u00f6he hat vom Land Niedersachsen bislang zwei Chargen mit Impfstoffen der Firma Biontech\/Pfizer erhalten. Die mobilen Impfteams des Zentrums konnten damit die Bewohner*innen von 13 der 14 G\u00f6ttinger Altenpflegeeinrichtungen und das dortige Personal impfen; insgesamt 2.340 Menschen. Die erste Impfung muss zum Aufbau eines wirksamen Impfschutzes im Abstand von 21 Tagen wiederholt [&hellip;]<\/p>\n","protected":false},"author":1,"featured_media":0,"comment_status":"closed","ping_status":"closed","sticky":false,"template":"","format":"standard","meta":{"saved_in_kubio":false,"footnotes":""},"categories":[23],"tags":[],"class_list":["post-4647","post","type-post","status-publish","format-standard","hentry","category-corona"],"yoast_head":"<!-- This site is optimized with the Yoast SEO plugin v27.5 - https:\/\/yoast.com\/product\/yoast-seo-wordpress\/ -->\n<title>13 von 14 G\u00f6ttinger Einrichtungen wurden geimpft - Radio Leinewelle<\/title>\n<meta name=\"robots\" content=\"index, follow, max-snippet:-1, max-image-preview:large, max-video-preview:-1\" \/>\n<link rel=\"canonical\" href=\"https:\/\/radioleinewelle.de\/index.php\/2021\/01\/26\/13-von-14-goettinger-einrichtungen-wurden-geimpft\/\" \/>\n<meta property=\"og:locale\" content=\"de_DE\" \/>\n<meta property=\"og:type\" content=\"article\" \/>\n<meta property=\"og:title\" content=\"13 von 14 G\u00f6ttinger Einrichtungen wurden geimpft - Radio Leinewelle\" \/>\n<meta property=\"og:description\" content=\"Das G\u00f6ttinger Impfzentrum Siekh\u00f6he hat vom Land Niedersachsen bislang zwei Chargen mit Impfstoffen der Firma Biontech\/Pfizer erhalten. Die mobilen Impfteams des Zentrums konnten damit die Bewohner*innen von 13 der 14 G\u00f6ttinger Altenpflegeeinrichtungen und das dortige Personal impfen; insgesamt 2.340 Menschen. Die erste Impfung muss zum Aufbau eines wirksamen Impfschutzes im Abstand von 21 Tagen wiederholt [&hellip;]\" \/>\n<meta property=\"og:url\" content=\"https:\/\/radioleinewelle.de\/index.php\/2021\/01\/26\/13-von-14-goettinger-einrichtungen-wurden-geimpft\/\" \/>\n<meta property=\"og:site_name\" content=\"Radio Leinewelle\" \/>\n<meta property=\"article:publisher\" content=\"https:\/\/www.facebook.com\/radioleinewelle\" \/>\n<meta property=\"article:author\" content=\"https:\/\/www.facebook.com\/radioleinewelle\" \/>\n<meta property=\"article:published_time\" content=\"2021-01-26T05:27:47+00:00\" \/>\n<meta name=\"author\" content=\"Leinewelle\" \/>\n<meta name=\"twitter:card\" content=\"summary_large_image\" \/>\n<meta name=\"twitter:creator\" content=\"@https:\/\/twitter.com\/RLeinewelle?ref_src=twsrcgoogletwcampserptwgrauthor\" \/>\n<meta name=\"twitter:site\" content=\"@RLeinewelle\" \/>\n<meta name=\"twitter:label1\" content=\"Verfasst von\" \/>\n\t<meta name=\"twitter:data1\" content=\"Leinewelle\" \/>\n\t<meta name=\"twitter:label2\" content=\"Gesch\u00e4tzte Lesezeit\" \/>\n\t<meta name=\"twitter:data2\" content=\"1\u00a0Minute\" \/>\n<script type=\"application\/ld+json\" class=\"yoast-schema-graph\">{\"@context\":\"https:\\\/\\\/schema.org\",\"@graph\":[{\"@type\":\"Article\",\"@id\":\"https:\\\/\\\/radioleinewelle.de\\\/index.php\\\/2021\\\/01\\\/26\\\/13-von-14-goettinger-einrichtungen-wurden-geimpft\\\/#article\",\"isPartOf\":{\"@id\":\"https:\\\/\\\/radioleinewelle.de\\\/index.php\\\/2021\\\/01\\\/26\\\/13-von-14-goettinger-einrichtungen-wurden-geimpft\\\/\"},\"author\":{\"name\":\"Leinewelle\",\"@id\":\"https:\\\/\\\/radioleinewelle.de\\\/#\\\/schema\\\/person\\\/45606f348637df637192dc1b68399a63\"},\"headline\":\"13 von 14 G\u00f6ttinger Einrichtungen wurden geimpft\",\"datePublished\":\"2021-01-26T05:27:47+00:00\",\"mainEntityOfPage\":{\"@id\":\"https:\\\/\\\/radioleinewelle.de\\\/index.php\\\/2021\\\/01\\\/26\\\/13-von-14-goettinger-einrichtungen-wurden-geimpft\\\/\"},\"wordCount\":274,\"publisher\":{\"@id\":\"https:\\\/\\\/radioleinewelle.de\\\/#organization\"},\"articleSection\":[\"Corona\"],\"inLanguage\":\"de\"},{\"@type\":\"WebPage\",\"@id\":\"https:\\\/\\\/radioleinewelle.de\\\/index.php\\\/2021\\\/01\\\/26\\\/13-von-14-goettinger-einrichtungen-wurden-geimpft\\\/\",\"url\":\"https:\\\/\\\/radioleinewelle.de\\\/index.php\\\/2021\\\/01\\\/26\\\/13-von-14-goettinger-einrichtungen-wurden-geimpft\\\/\",\"name\":\"13 von 14 G\u00f6ttinger Einrichtungen wurden geimpft - Radio Leinewelle\",\"isPartOf\":{\"@id\":\"https:\\\/\\\/radioleinewelle.de\\\/#website\"},\"datePublished\":\"2021-01-26T05:27:47+00:00\",\"breadcrumb\":{\"@id\":\"https:\\\/\\\/radioleinewelle.de\\\/index.php\\\/2021\\\/01\\\/26\\\/13-von-14-goettinger-einrichtungen-wurden-geimpft\\\/#breadcrumb\"},\"inLanguage\":\"de\",\"potentialAction\":[{\"@type\":\"ReadAction\",\"target\":[\"https:\\\/\\\/radioleinewelle.de\\\/index.php\\\/2021\\\/01\\\/26\\\/13-von-14-goettinger-einrichtungen-wurden-geimpft\\\/\"]}]},{\"@type\":\"BreadcrumbList\",\"@id\":\"https:\\\/\\\/radioleinewelle.de\\\/index.php\\\/2021\\\/01\\\/26\\\/13-von-14-goettinger-einrichtungen-wurden-geimpft\\\/#breadcrumb\",\"itemListElement\":[{\"@type\":\"ListItem\",\"position\":1,\"name\":\"Startseite\",\"item\":\"https:\\\/\\\/radioleinewelle.de\\\/\"},{\"@type\":\"ListItem\",\"position\":2,\"name\":\"13 von 14 G\u00f6ttinger Einrichtungen wurden geimpft\"}]},{\"@type\":\"WebSite\",\"@id\":\"https:\\\/\\\/radioleinewelle.de\\\/#website\",\"url\":\"https:\\\/\\\/radioleinewelle.de\\\/\",\"name\":\"Radio Leinewelle\",\"description\":\"\",\"publisher\":{\"@id\":\"https:\\\/\\\/radioleinewelle.de\\\/#organization\"},\"potentialAction\":[{\"@type\":\"SearchAction\",\"target\":{\"@type\":\"EntryPoint\",\"urlTemplate\":\"https:\\\/\\\/radioleinewelle.de\\\/?s={search_term_string}\"},\"query-input\":{\"@type\":\"PropertyValueSpecification\",\"valueRequired\":true,\"valueName\":\"search_term_string\"}}],\"inLanguage\":\"de\"},{\"@type\":\"Organization\",\"@id\":\"https:\\\/\\\/radioleinewelle.de\\\/#organization\",\"name\":\"Radio Leinewelle\",\"alternateName\":\"Mein Radio f\u00fcr S\u00fcdniedersachsen\",\"url\":\"https:\\\/\\\/radioleinewelle.de\\\/\",\"logo\":{\"@type\":\"ImageObject\",\"inLanguage\":\"de\",\"@id\":\"https:\\\/\\\/radioleinewelle.de\\\/#\\\/schema\\\/logo\\\/image\\\/\",\"url\":\"https:\\\/\\\/radioleinewelle.de\\\/wp-content\\\/uploads\\\/2023\\\/11\\\/cropped-Leinewelle_Logo_weiss.png\",\"contentUrl\":\"https:\\\/\\\/radioleinewelle.de\\\/wp-content\\\/uploads\\\/2023\\\/11\\\/cropped-Leinewelle_Logo_weiss.png\",\"width\":854,\"height\":260,\"caption\":\"Radio Leinewelle\"},\"image\":{\"@id\":\"https:\\\/\\\/radioleinewelle.de\\\/#\\\/schema\\\/logo\\\/image\\\/\"},\"sameAs\":[\"https:\\\/\\\/www.facebook.com\\\/radioleinewelle\",\"https:\\\/\\\/x.com\\\/RLeinewelle\",\"https:\\\/\\\/www.instagram.com\\\/radioleinewelle\\\/?hl=de\"]},{\"@type\":\"Person\",\"@id\":\"https:\\\/\\\/radioleinewelle.de\\\/#\\\/schema\\\/person\\\/45606f348637df637192dc1b68399a63\",\"name\":\"Leinewelle\",\"image\":{\"@type\":\"ImageObject\",\"inLanguage\":\"de\",\"@id\":\"https:\\\/\\\/secure.gravatar.com\\\/avatar\\\/05c9a17bc973052ee5d91549bd32fb4dd0dc85b7b85ae94b2e2b4943476bbea5?s=96&d=blank&r=g\",\"url\":\"https:\\\/\\\/secure.gravatar.com\\\/avatar\\\/05c9a17bc973052ee5d91549bd32fb4dd0dc85b7b85ae94b2e2b4943476bbea5?s=96&d=blank&r=g\",\"contentUrl\":\"https:\\\/\\\/secure.gravatar.com\\\/avatar\\\/05c9a17bc973052ee5d91549bd32fb4dd0dc85b7b85ae94b2e2b4943476bbea5?s=96&d=blank&r=g\",\"caption\":\"Leinewelle\"},\"sameAs\":[\"http:\\\/\\\/localhost\\\/radio%20leinewelle\\\/wordpress\",\"https:\\\/\\\/www.facebook.com\\\/radioleinewelle\",\"https:\\\/\\\/www.instagram.com\\\/radioleinewelle\",\"https:\\\/\\\/x.com\\\/https:\\\/\\\/twitter.com\\\/RLeinewelle?ref_src=twsrcgoogletwcampserptwgrauthor\",\"https:\\\/\\\/soundcloud.com\\\/foerderverein-lokalradio?utm_source=clipboard&utm_medium=text&utm_campaign=social_sharing\"],\"url\":\"https:\\\/\\\/radioleinewelle.de\\\/index.php\\\/author\\\/leinewelle\\\/\"}]}<\/script>\n<!-- \/ Yoast SEO plugin. -->","yoast_head_json":{"title":"13 von 14 G\u00f6ttinger Einrichtungen wurden geimpft - Radio Leinewelle","robots":{"index":"index","follow":"follow","max-snippet":"max-snippet:-1","max-image-preview":"max-image-preview:large","max-video-preview":"max-video-preview:-1"},"canonical":"https:\/\/radioleinewelle.de\/index.php\/2021\/01\/26\/13-von-14-goettinger-einrichtungen-wurden-geimpft\/","og_locale":"de_DE","og_type":"article","og_title":"13 von 14 G\u00f6ttinger Einrichtungen wurden geimpft - Radio Leinewelle","og_description":"Das G\u00f6ttinger Impfzentrum Siekh\u00f6he hat vom Land Niedersachsen bislang zwei Chargen mit Impfstoffen der Firma Biontech\/Pfizer erhalten. Die mobilen Impfteams des Zentrums konnten damit die Bewohner*innen von 13 der 14 G\u00f6ttinger Altenpflegeeinrichtungen und das dortige Personal impfen; insgesamt 2.340 Menschen. Die erste Impfung muss zum Aufbau eines wirksamen Impfschutzes im Abstand von 21 Tagen wiederholt [&hellip;]","og_url":"https:\/\/radioleinewelle.de\/index.php\/2021\/01\/26\/13-von-14-goettinger-einrichtungen-wurden-geimpft\/","og_site_name":"Radio Leinewelle","article_publisher":"https:\/\/www.facebook.com\/radioleinewelle","article_author":"https:\/\/www.facebook.com\/radioleinewelle","article_published_time":"2021-01-26T05:27:47+00:00","author":"Leinewelle","twitter_card":"summary_large_image","twitter_creator":"@https:\/\/twitter.com\/RLeinewelle?ref_src=twsrcgoogletwcampserptwgrauthor","twitter_site":"@RLeinewelle","twitter_misc":{"Verfasst von":"Leinewelle","Gesch\u00e4tzte Lesezeit":"1\u00a0Minute"},"schema":{"@context":"https:\/\/schema.org","@graph":[{"@type":"Article","@id":"https:\/\/radioleinewelle.de\/index.php\/2021\/01\/26\/13-von-14-goettinger-einrichtungen-wurden-geimpft\/#article","isPartOf":{"@id":"https:\/\/radioleinewelle.de\/index.php\/2021\/01\/26\/13-von-14-goettinger-einrichtungen-wurden-geimpft\/"},"author":{"name":"Leinewelle","@id":"https:\/\/radioleinewelle.de\/#\/schema\/person\/45606f348637df637192dc1b68399a63"},"headline":"13 von 14 G\u00f6ttinger Einrichtungen wurden geimpft","datePublished":"2021-01-26T05:27:47+00:00","mainEntityOfPage":{"@id":"https:\/\/radioleinewelle.de\/index.php\/2021\/01\/26\/13-von-14-goettinger-einrichtungen-wurden-geimpft\/"},"wordCount":274,"publisher":{"@id":"https:\/\/radioleinewelle.de\/#organization"},"articleSection":["Corona"],"inLanguage":"de"},{"@type":"WebPage","@id":"https:\/\/radioleinewelle.de\/index.php\/2021\/01\/26\/13-von-14-goettinger-einrichtungen-wurden-geimpft\/","url":"https:\/\/radioleinewelle.de\/index.php\/2021\/01\/26\/13-von-14-goettinger-einrichtungen-wurden-geimpft\/","name":"13 von 14 G\u00f6ttinger Einrichtungen wurden geimpft - Radio Leinewelle","isPartOf":{"@id":"https:\/\/radioleinewelle.de\/#website"},"datePublished":"2021-01-26T05:27:47+00:00","breadcrumb":{"@id":"https:\/\/radioleinewelle.de\/index.php\/2021\/01\/26\/13-von-14-goettinger-einrichtungen-wurden-geimpft\/#breadcrumb"},"inLanguage":"de","potentialAction":[{"@type":"ReadAction","target":["https:\/\/radioleinewelle.de\/index.php\/2021\/01\/26\/13-von-14-goettinger-einrichtungen-wurden-geimpft\/"]}]},{"@type":"BreadcrumbList","@id":"https:\/\/radioleinewelle.de\/index.php\/2021\/01\/26\/13-von-14-goettinger-einrichtungen-wurden-geimpft\/#breadcrumb","itemListElement":[{"@type":"ListItem","position":1,"name":"Startseite","item":"https:\/\/radioleinewelle.de\/"},{"@type":"ListItem","position":2,"name":"13 von 14 G\u00f6ttinger Einrichtungen wurden geimpft"}]},{"@type":"WebSite","@id":"https:\/\/radioleinewelle.de\/#website","url":"https:\/\/radioleinewelle.de\/","name":"Radio Leinewelle","description":"","publisher":{"@id":"https:\/\/radioleinewelle.de\/#organization"},"potentialAction":[{"@type":"SearchAction","target":{"@type":"EntryPoint","urlTemplate":"https:\/\/radioleinewelle.de\/?s={search_term_string}"},"query-input":{"@type":"PropertyValueSpecification","valueRequired":true,"valueName":"search_term_string"}}],"inLanguage":"de"},{"@type":"Organization","@id":"https:\/\/radioleinewelle.de\/#organization","name":"Radio Leinewelle","alternateName":"Mein Radio f\u00fcr S\u00fcdniedersachsen","url":"https:\/\/radioleinewelle.de\/","logo":{"@type":"ImageObject","inLanguage":"de","@id":"https:\/\/radioleinewelle.de\/#\/schema\/logo\/image\/","url":"https:\/\/radioleinewelle.de\/wp-content\/uploads\/2023\/11\/cropped-Leinewelle_Logo_weiss.png","contentUrl":"https:\/\/radioleinewelle.de\/wp-content\/uploads\/2023\/11\/cropped-Leinewelle_Logo_weiss.png","width":854,"height":260,"caption":"Radio Leinewelle"},"image":{"@id":"https:\/\/radioleinewelle.de\/#\/schema\/logo\/image\/"},"sameAs":["https:\/\/www.facebook.com\/radioleinewelle","https:\/\/x.com\/RLeinewelle","https:\/\/www.instagram.com\/radioleinewelle\/?hl=de"]},{"@type":"Person","@id":"https:\/\/radioleinewelle.de\/#\/schema\/person\/45606f348637df637192dc1b68399a63","name":"Leinewelle","image":{"@type":"ImageObject","inLanguage":"de","@id":"https:\/\/secure.gravatar.com\/avatar\/05c9a17bc973052ee5d91549bd32fb4dd0dc85b7b85ae94b2e2b4943476bbea5?s=96&d=blank&r=g","url":"https:\/\/secure.gravatar.com\/avatar\/05c9a17bc973052ee5d91549bd32fb4dd0dc85b7b85ae94b2e2b4943476bbea5?s=96&d=blank&r=g","contentUrl":"https:\/\/secure.gravatar.com\/avatar\/05c9a17bc973052ee5d91549bd32fb4dd0dc85b7b85ae94b2e2b4943476bbea5?s=96&d=blank&r=g","caption":"Leinewelle"},"sameAs":["http:\/\/localhost\/radio%20leinewelle\/wordpress","https:\/\/www.facebook.com\/radioleinewelle","https:\/\/www.instagram.com\/radioleinewelle","https:\/\/x.com\/https:\/\/twitter.com\/RLeinewelle?ref_src=twsrcgoogletwcampserptwgrauthor","https:\/\/soundcloud.com\/foerderverein-lokalradio?utm_source=clipboard&utm_medium=text&utm_campaign=social_sharing"],"url":"https:\/\/radioleinewelle.de\/index.php\/author\/leinewelle\/"}]}},"_links":{"self":[{"href":"https:\/\/radioleinewelle.de\/index.php\/wp-json\/wp\/v2\/posts\/4647","targetHints":{"allow":["GET"]}}],"collection":[{"href":"https:\/\/radioleinewelle.de\/index.php\/wp-json\/wp\/v2\/posts"}],"about":[{"href":"https:\/\/radioleinewelle.de\/index.php\/wp-json\/wp\/v2\/types\/post"}],"author":[{"embeddable":true,"href":"https:\/\/radioleinewelle.de\/index.php\/wp-json\/wp\/v2\/users\/1"}],"replies":[{"embeddable":true,"href":"https:\/\/radioleinewelle.de\/index.php\/wp-json\/wp\/v2\/comments?post=4647"}],"version-history":[{"count":0,"href":"https:\/\/radioleinewelle.de\/index.php\/wp-json\/wp\/v2\/posts\/4647\/revisions"}],"wp:attachment":[{"href":"https:\/\/radioleinewelle.de\/index.php\/wp-json\/wp\/v2\/media?parent=4647"}],"wp:term":[{"taxonomy":"category","embeddable":true,"href":"https:\/\/radioleinewelle.de\/index.php\/wp-json\/wp\/v2\/categories?post=4647"},{"taxonomy":"post_tag","embeddable":true,"href":"https:\/\/radioleinewelle.de\/index.php\/wp-json\/wp\/v2\/tags?post=4647"}],"curies":[{"name":"wp","href":"https:\/\/api.w.org\/{rel}","templated":true}]}}