{"id":4649,"date":"2021-01-26T06:27:18","date_gmt":"2021-01-26T05:27:18","guid":{"rendered":"https:\/\/radioleinewelle.de\/?p=4649"},"modified":"2021-01-26T06:27:18","modified_gmt":"2021-01-26T05:27:18","slug":"linker-asta-an-der-uni-bestaetigt-grosse-mehrheit-fuer-das-kulturticket","status":"publish","type":"post","link":"https:\/\/radioleinewelle.de\/index.php\/2021\/01\/26\/linker-asta-an-der-uni-bestaetigt-grosse-mehrheit-fuer-das-kulturticket\/","title":{"rendered":"Linker AStA an der Uni best\u00e4tigt | Gro\u00dfe Mehrheit f\u00fcr das Kulturticket"},"content":{"rendered":"\n<p>Nach Bekanntgabe des vorl\u00e4ufigen Endergebnisses zeigt sich im k\u00fcnftigen Studierendenparlament eine klare Mehrheit f\u00fcr die bisherige linke AStA-Koalition. Deutliche Sitzverluste gibt es f\u00fcr die Arbeitsgemeinschaft Demokratischer Fachschaftsmitglieder, wohingegen die Nordcampus-HSG ihre Sitze von zwei auf vier verdoppeln konnte. Aus dem Stand drei Sitze hat die Gr\u00fcn-Soziale Gruppe geholt.&nbsp;<br \/>Gleichzeitig mit den Wahlen wurde auch \u00fcber die Semestertickets f\u00fcr Bus und Bahn und \u00fcber das Kulturticket abgestimmt. Die gr\u00f6\u00dfte Zustimmung mit 77% bekam das Kulturticket, f\u00fcr das Bahnticket stimmten 74,4%, f\u00fcr das Busticket 64,4%. Mit dem klaren Votum f\u00fcr das Kulturticket haben die G\u00f6ttinger Studierenden ihre Solidarit\u00e4t mit den \u00f6rtlichen Kultureinrichtungen gezeigt und f\u00fcr Theater, Clubs und Veranstalter in Zeiten des Lockdowns m\u00f6glicherweise das \u00dcberleben gesichert.<\/p>\n\n\n\n<p><\/p>\n","protected":false},"excerpt":{"rendered":"<p>Nach Bekanntgabe des vorl\u00e4ufigen Endergebnisses zeigt sich im k\u00fcnftigen Studierendenparlament eine klare Mehrheit f\u00fcr die bisherige linke AStA-Koalition. Deutliche Sitzverluste gibt es f\u00fcr die Arbeitsgemeinschaft Demokratischer Fachschaftsmitglieder, wohingegen die Nordcampus-HSG ihre Sitze von zwei auf vier verdoppeln konnte. Aus dem Stand drei Sitze hat die Gr\u00fcn-Soziale Gruppe geholt.&nbsp;Gleichzeitig mit den Wahlen wurde auch \u00fcber die [&hellip;]<\/p>\n","protected":false},"author":1,"featured_media":4271,"comment_status":"closed","ping_status":"closed","sticky":false,"template":"","format":"standard","meta":{"saved_in_kubio":false,"footnotes":""},"categories":[35],"tags":[],"class_list":["post-4649","post","type-post","status-publish","format-standard","has-post-thumbnail","hentry","category-universitaet"],"yoast_head":"<!-- This site is optimized with the Yoast SEO plugin v27.5 - https:\/\/yoast.com\/product\/yoast-seo-wordpress\/ -->\n<title>Linker AStA an der Uni best\u00e4tigt | Gro\u00dfe Mehrheit f\u00fcr das Kulturticket - Radio Leinewelle<\/title>\n<meta name=\"robots\" content=\"index, follow, max-snippet:-1, max-image-preview:large, max-video-preview:-1\" \/>\n<link rel=\"canonical\" href=\"https:\/\/radioleinewelle.de\/index.php\/2021\/01\/26\/linker-asta-an-der-uni-bestaetigt-grosse-mehrheit-fuer-das-kulturticket\/\" \/>\n<meta property=\"og:locale\" content=\"de_DE\" \/>\n<meta property=\"og:type\" content=\"article\" \/>\n<meta property=\"og:title\" content=\"Linker AStA an der Uni best\u00e4tigt | Gro\u00dfe Mehrheit f\u00fcr das Kulturticket - Radio Leinewelle\" \/>\n<meta property=\"og:description\" content=\"Nach Bekanntgabe des vorl\u00e4ufigen Endergebnisses zeigt sich im k\u00fcnftigen Studierendenparlament eine klare Mehrheit f\u00fcr die bisherige linke AStA-Koalition. Deutliche Sitzverluste gibt es f\u00fcr die Arbeitsgemeinschaft Demokratischer Fachschaftsmitglieder, wohingegen die Nordcampus-HSG ihre Sitze von zwei auf vier verdoppeln konnte. Aus dem Stand drei Sitze hat die Gr\u00fcn-Soziale Gruppe geholt.&nbsp;Gleichzeitig mit den Wahlen wurde auch \u00fcber die [&hellip;]\" \/>\n<meta property=\"og:url\" content=\"https:\/\/radioleinewelle.de\/index.php\/2021\/01\/26\/linker-asta-an-der-uni-bestaetigt-grosse-mehrheit-fuer-das-kulturticket\/\" \/>\n<meta property=\"og:site_name\" content=\"Radio Leinewelle\" \/>\n<meta property=\"article:publisher\" content=\"https:\/\/www.facebook.com\/radioleinewelle\" \/>\n<meta property=\"article:author\" content=\"https:\/\/www.facebook.com\/radioleinewelle\" \/>\n<meta property=\"article:published_time\" content=\"2021-01-26T05:27:18+00:00\" \/>\n<meta property=\"og:image\" content=\"https:\/\/radioleinewelle.de\/wp-content\/uploads\/2021\/01\/bundestagswahl-2731579_640.jpg\" \/>\n\t<meta property=\"og:image:width\" content=\"640\" \/>\n\t<meta property=\"og:image:height\" content=\"479\" \/>\n\t<meta property=\"og:image:type\" content=\"image\/jpeg\" \/>\n<meta name=\"author\" content=\"Leinewelle\" \/>\n<meta name=\"twitter:card\" content=\"summary_large_image\" \/>\n<meta name=\"twitter:creator\" content=\"@https:\/\/twitter.com\/RLeinewelle?ref_src=twsrcgoogletwcampserptwgrauthor\" \/>\n<meta name=\"twitter:site\" content=\"@RLeinewelle\" \/>\n<meta name=\"twitter:label1\" content=\"Verfasst von\" \/>\n\t<meta name=\"twitter:data1\" content=\"Leinewelle\" \/>\n\t<meta name=\"twitter:label2\" content=\"Gesch\u00e4tzte Lesezeit\" \/>\n\t<meta name=\"twitter:data2\" content=\"1\u00a0Minute\" \/>\n<script type=\"application\/ld+json\" class=\"yoast-schema-graph\">{\"@context\":\"https:\\\/\\\/schema.org\",\"@graph\":[{\"@type\":\"Article\",\"@id\":\"https:\\\/\\\/radioleinewelle.de\\\/index.php\\\/2021\\\/01\\\/26\\\/linker-asta-an-der-uni-bestaetigt-grosse-mehrheit-fuer-das-kulturticket\\\/#article\",\"isPartOf\":{\"@id\":\"https:\\\/\\\/radioleinewelle.de\\\/index.php\\\/2021\\\/01\\\/26\\\/linker-asta-an-der-uni-bestaetigt-grosse-mehrheit-fuer-das-kulturticket\\\/\"},\"author\":{\"name\":\"Leinewelle\",\"@id\":\"https:\\\/\\\/radioleinewelle.de\\\/#\\\/schema\\\/person\\\/45606f348637df637192dc1b68399a63\"},\"headline\":\"Linker AStA an der Uni best\u00e4tigt | Gro\u00dfe Mehrheit f\u00fcr das Kulturticket\",\"datePublished\":\"2021-01-26T05:27:18+00:00\",\"mainEntityOfPage\":{\"@id\":\"https:\\\/\\\/radioleinewelle.de\\\/index.php\\\/2021\\\/01\\\/26\\\/linker-asta-an-der-uni-bestaetigt-grosse-mehrheit-fuer-das-kulturticket\\\/\"},\"wordCount\":141,\"publisher\":{\"@id\":\"https:\\\/\\\/radioleinewelle.de\\\/#organization\"},\"image\":{\"@id\":\"https:\\\/\\\/radioleinewelle.de\\\/index.php\\\/2021\\\/01\\\/26\\\/linker-asta-an-der-uni-bestaetigt-grosse-mehrheit-fuer-das-kulturticket\\\/#primaryimage\"},\"thumbnailUrl\":\"https:\\\/\\\/radioleinewelle.de\\\/wp-content\\\/uploads\\\/2021\\\/01\\\/bundestagswahl-2731579_640.jpg\",\"articleSection\":[\"Universit\u00e4t\"],\"inLanguage\":\"de\"},{\"@type\":\"WebPage\",\"@id\":\"https:\\\/\\\/radioleinewelle.de\\\/index.php\\\/2021\\\/01\\\/26\\\/linker-asta-an-der-uni-bestaetigt-grosse-mehrheit-fuer-das-kulturticket\\\/\",\"url\":\"https:\\\/\\\/radioleinewelle.de\\\/index.php\\\/2021\\\/01\\\/26\\\/linker-asta-an-der-uni-bestaetigt-grosse-mehrheit-fuer-das-kulturticket\\\/\",\"name\":\"Linker AStA an der Uni best\u00e4tigt | Gro\u00dfe Mehrheit f\u00fcr das Kulturticket - Radio Leinewelle\",\"isPartOf\":{\"@id\":\"https:\\\/\\\/radioleinewelle.de\\\/#website\"},\"primaryImageOfPage\":{\"@id\":\"https:\\\/\\\/radioleinewelle.de\\\/index.php\\\/2021\\\/01\\\/26\\\/linker-asta-an-der-uni-bestaetigt-grosse-mehrheit-fuer-das-kulturticket\\\/#primaryimage\"},\"image\":{\"@id\":\"https:\\\/\\\/radioleinewelle.de\\\/index.php\\\/2021\\\/01\\\/26\\\/linker-asta-an-der-uni-bestaetigt-grosse-mehrheit-fuer-das-kulturticket\\\/#primaryimage\"},\"thumbnailUrl\":\"https:\\\/\\\/radioleinewelle.de\\\/wp-content\\\/uploads\\\/2021\\\/01\\\/bundestagswahl-2731579_640.jpg\",\"datePublished\":\"2021-01-26T05:27:18+00:00\",\"breadcrumb\":{\"@id\":\"https:\\\/\\\/radioleinewelle.de\\\/index.php\\\/2021\\\/01\\\/26\\\/linker-asta-an-der-uni-bestaetigt-grosse-mehrheit-fuer-das-kulturticket\\\/#breadcrumb\"},\"inLanguage\":\"de\",\"potentialAction\":[{\"@type\":\"ReadAction\",\"target\":[\"https:\\\/\\\/radioleinewelle.de\\\/index.php\\\/2021\\\/01\\\/26\\\/linker-asta-an-der-uni-bestaetigt-grosse-mehrheit-fuer-das-kulturticket\\\/\"]}]},{\"@type\":\"ImageObject\",\"inLanguage\":\"de\",\"@id\":\"https:\\\/\\\/radioleinewelle.de\\\/index.php\\\/2021\\\/01\\\/26\\\/linker-asta-an-der-uni-bestaetigt-grosse-mehrheit-fuer-das-kulturticket\\\/#primaryimage\",\"url\":\"https:\\\/\\\/radioleinewelle.de\\\/wp-content\\\/uploads\\\/2021\\\/01\\\/bundestagswahl-2731579_640.jpg\",\"contentUrl\":\"https:\\\/\\\/radioleinewelle.de\\\/wp-content\\\/uploads\\\/2021\\\/01\\\/bundestagswahl-2731579_640.jpg\",\"width\":640,\"height\":479},{\"@type\":\"BreadcrumbList\",\"@id\":\"https:\\\/\\\/radioleinewelle.de\\\/index.php\\\/2021\\\/01\\\/26\\\/linker-asta-an-der-uni-bestaetigt-grosse-mehrheit-fuer-das-kulturticket\\\/#breadcrumb\",\"itemListElement\":[{\"@type\":\"ListItem\",\"position\":1,\"name\":\"Startseite\",\"item\":\"https:\\\/\\\/radioleinewelle.de\\\/\"},{\"@type\":\"ListItem\",\"position\":2,\"name\":\"Linker AStA an der Uni best\u00e4tigt | Gro\u00dfe Mehrheit f\u00fcr das Kulturticket\"}]},{\"@type\":\"WebSite\",\"@id\":\"https:\\\/\\\/radioleinewelle.de\\\/#website\",\"url\":\"https:\\\/\\\/radioleinewelle.de\\\/\",\"name\":\"Radio Leinewelle\",\"description\":\"\",\"publisher\":{\"@id\":\"https:\\\/\\\/radioleinewelle.de\\\/#organization\"},\"potentialAction\":[{\"@type\":\"SearchAction\",\"target\":{\"@type\":\"EntryPoint\",\"urlTemplate\":\"https:\\\/\\\/radioleinewelle.de\\\/?s={search_term_string}\"},\"query-input\":{\"@type\":\"PropertyValueSpecification\",\"valueRequired\":true,\"valueName\":\"search_term_string\"}}],\"inLanguage\":\"de\"},{\"@type\":\"Organization\",\"@id\":\"https:\\\/\\\/radioleinewelle.de\\\/#organization\",\"name\":\"Radio Leinewelle\",\"alternateName\":\"Mein Radio f\u00fcr S\u00fcdniedersachsen\",\"url\":\"https:\\\/\\\/radioleinewelle.de\\\/\",\"logo\":{\"@type\":\"ImageObject\",\"inLanguage\":\"de\",\"@id\":\"https:\\\/\\\/radioleinewelle.de\\\/#\\\/schema\\\/logo\\\/image\\\/\",\"url\":\"https:\\\/\\\/radioleinewelle.de\\\/wp-content\\\/uploads\\\/2023\\\/11\\\/cropped-Leinewelle_Logo_weiss.png\",\"contentUrl\":\"https:\\\/\\\/radioleinewelle.de\\\/wp-content\\\/uploads\\\/2023\\\/11\\\/cropped-Leinewelle_Logo_weiss.png\",\"width\":854,\"height\":260,\"caption\":\"Radio Leinewelle\"},\"image\":{\"@id\":\"https:\\\/\\\/radioleinewelle.de\\\/#\\\/schema\\\/logo\\\/image\\\/\"},\"sameAs\":[\"https:\\\/\\\/www.facebook.com\\\/radioleinewelle\",\"https:\\\/\\\/x.com\\\/RLeinewelle\",\"https:\\\/\\\/www.instagram.com\\\/radioleinewelle\\\/?hl=de\"]},{\"@type\":\"Person\",\"@id\":\"https:\\\/\\\/radioleinewelle.de\\\/#\\\/schema\\\/person\\\/45606f348637df637192dc1b68399a63\",\"name\":\"Leinewelle\",\"image\":{\"@type\":\"ImageObject\",\"inLanguage\":\"de\",\"@id\":\"https:\\\/\\\/secure.gravatar.com\\\/avatar\\\/05c9a17bc973052ee5d91549bd32fb4dd0dc85b7b85ae94b2e2b4943476bbea5?s=96&d=blank&r=g\",\"url\":\"https:\\\/\\\/secure.gravatar.com\\\/avatar\\\/05c9a17bc973052ee5d91549bd32fb4dd0dc85b7b85ae94b2e2b4943476bbea5?s=96&d=blank&r=g\",\"contentUrl\":\"https:\\\/\\\/secure.gravatar.com\\\/avatar\\\/05c9a17bc973052ee5d91549bd32fb4dd0dc85b7b85ae94b2e2b4943476bbea5?s=96&d=blank&r=g\",\"caption\":\"Leinewelle\"},\"sameAs\":[\"http:\\\/\\\/localhost\\\/radio%20leinewelle\\\/wordpress\",\"https:\\\/\\\/www.facebook.com\\\/radioleinewelle\",\"https:\\\/\\\/www.instagram.com\\\/radioleinewelle\",\"https:\\\/\\\/x.com\\\/https:\\\/\\\/twitter.com\\\/RLeinewelle?ref_src=twsrcgoogletwcampserptwgrauthor\",\"https:\\\/\\\/soundcloud.com\\\/foerderverein-lokalradio?utm_source=clipboard&utm_medium=text&utm_campaign=social_sharing\"],\"url\":\"https:\\\/\\\/radioleinewelle.de\\\/index.php\\\/author\\\/leinewelle\\\/\"}]}<\/script>\n<!-- \/ Yoast SEO plugin. -->","yoast_head_json":{"title":"Linker AStA an der Uni best\u00e4tigt | Gro\u00dfe Mehrheit f\u00fcr das Kulturticket - Radio Leinewelle","robots":{"index":"index","follow":"follow","max-snippet":"max-snippet:-1","max-image-preview":"max-image-preview:large","max-video-preview":"max-video-preview:-1"},"canonical":"https:\/\/radioleinewelle.de\/index.php\/2021\/01\/26\/linker-asta-an-der-uni-bestaetigt-grosse-mehrheit-fuer-das-kulturticket\/","og_locale":"de_DE","og_type":"article","og_title":"Linker AStA an der Uni best\u00e4tigt | Gro\u00dfe Mehrheit f\u00fcr das Kulturticket - Radio Leinewelle","og_description":"Nach Bekanntgabe des vorl\u00e4ufigen Endergebnisses zeigt sich im k\u00fcnftigen Studierendenparlament eine klare Mehrheit f\u00fcr die bisherige linke AStA-Koalition. Deutliche Sitzverluste gibt es f\u00fcr die Arbeitsgemeinschaft Demokratischer Fachschaftsmitglieder, wohingegen die Nordcampus-HSG ihre Sitze von zwei auf vier verdoppeln konnte. Aus dem Stand drei Sitze hat die Gr\u00fcn-Soziale Gruppe geholt.&nbsp;Gleichzeitig mit den Wahlen wurde auch \u00fcber die [&hellip;]","og_url":"https:\/\/radioleinewelle.de\/index.php\/2021\/01\/26\/linker-asta-an-der-uni-bestaetigt-grosse-mehrheit-fuer-das-kulturticket\/","og_site_name":"Radio Leinewelle","article_publisher":"https:\/\/www.facebook.com\/radioleinewelle","article_author":"https:\/\/www.facebook.com\/radioleinewelle","article_published_time":"2021-01-26T05:27:18+00:00","og_image":[{"width":640,"height":479,"url":"https:\/\/radioleinewelle.de\/wp-content\/uploads\/2021\/01\/bundestagswahl-2731579_640.jpg","type":"image\/jpeg"}],"author":"Leinewelle","twitter_card":"summary_large_image","twitter_creator":"@https:\/\/twitter.com\/RLeinewelle?ref_src=twsrcgoogletwcampserptwgrauthor","twitter_site":"@RLeinewelle","twitter_misc":{"Verfasst von":"Leinewelle","Gesch\u00e4tzte Lesezeit":"1\u00a0Minute"},"schema":{"@context":"https:\/\/schema.org","@graph":[{"@type":"Article","@id":"https:\/\/radioleinewelle.de\/index.php\/2021\/01\/26\/linker-asta-an-der-uni-bestaetigt-grosse-mehrheit-fuer-das-kulturticket\/#article","isPartOf":{"@id":"https:\/\/radioleinewelle.de\/index.php\/2021\/01\/26\/linker-asta-an-der-uni-bestaetigt-grosse-mehrheit-fuer-das-kulturticket\/"},"author":{"name":"Leinewelle","@id":"https:\/\/radioleinewelle.de\/#\/schema\/person\/45606f348637df637192dc1b68399a63"},"headline":"Linker AStA an der Uni best\u00e4tigt | Gro\u00dfe Mehrheit f\u00fcr das Kulturticket","datePublished":"2021-01-26T05:27:18+00:00","mainEntityOfPage":{"@id":"https:\/\/radioleinewelle.de\/index.php\/2021\/01\/26\/linker-asta-an-der-uni-bestaetigt-grosse-mehrheit-fuer-das-kulturticket\/"},"wordCount":141,"publisher":{"@id":"https:\/\/radioleinewelle.de\/#organization"},"image":{"@id":"https:\/\/radioleinewelle.de\/index.php\/2021\/01\/26\/linker-asta-an-der-uni-bestaetigt-grosse-mehrheit-fuer-das-kulturticket\/#primaryimage"},"thumbnailUrl":"https:\/\/radioleinewelle.de\/wp-content\/uploads\/2021\/01\/bundestagswahl-2731579_640.jpg","articleSection":["Universit\u00e4t"],"inLanguage":"de"},{"@type":"WebPage","@id":"https:\/\/radioleinewelle.de\/index.php\/2021\/01\/26\/linker-asta-an-der-uni-bestaetigt-grosse-mehrheit-fuer-das-kulturticket\/","url":"https:\/\/radioleinewelle.de\/index.php\/2021\/01\/26\/linker-asta-an-der-uni-bestaetigt-grosse-mehrheit-fuer-das-kulturticket\/","name":"Linker AStA an der Uni best\u00e4tigt | Gro\u00dfe Mehrheit f\u00fcr das Kulturticket - Radio Leinewelle","isPartOf":{"@id":"https:\/\/radioleinewelle.de\/#website"},"primaryImageOfPage":{"@id":"https:\/\/radioleinewelle.de\/index.php\/2021\/01\/26\/linker-asta-an-der-uni-bestaetigt-grosse-mehrheit-fuer-das-kulturticket\/#primaryimage"},"image":{"@id":"https:\/\/radioleinewelle.de\/index.php\/2021\/01\/26\/linker-asta-an-der-uni-bestaetigt-grosse-mehrheit-fuer-das-kulturticket\/#primaryimage"},"thumbnailUrl":"https:\/\/radioleinewelle.de\/wp-content\/uploads\/2021\/01\/bundestagswahl-2731579_640.jpg","datePublished":"2021-01-26T05:27:18+00:00","breadcrumb":{"@id":"https:\/\/radioleinewelle.de\/index.php\/2021\/01\/26\/linker-asta-an-der-uni-bestaetigt-grosse-mehrheit-fuer-das-kulturticket\/#breadcrumb"},"inLanguage":"de","potentialAction":[{"@type":"ReadAction","target":["https:\/\/radioleinewelle.de\/index.php\/2021\/01\/26\/linker-asta-an-der-uni-bestaetigt-grosse-mehrheit-fuer-das-kulturticket\/"]}]},{"@type":"ImageObject","inLanguage":"de","@id":"https:\/\/radioleinewelle.de\/index.php\/2021\/01\/26\/linker-asta-an-der-uni-bestaetigt-grosse-mehrheit-fuer-das-kulturticket\/#primaryimage","url":"https:\/\/radioleinewelle.de\/wp-content\/uploads\/2021\/01\/bundestagswahl-2731579_640.jpg","contentUrl":"https:\/\/radioleinewelle.de\/wp-content\/uploads\/2021\/01\/bundestagswahl-2731579_640.jpg","width":640,"height":479},{"@type":"BreadcrumbList","@id":"https:\/\/radioleinewelle.de\/index.php\/2021\/01\/26\/linker-asta-an-der-uni-bestaetigt-grosse-mehrheit-fuer-das-kulturticket\/#breadcrumb","itemListElement":[{"@type":"ListItem","position":1,"name":"Startseite","item":"https:\/\/radioleinewelle.de\/"},{"@type":"ListItem","position":2,"name":"Linker AStA an der Uni best\u00e4tigt | Gro\u00dfe Mehrheit f\u00fcr das Kulturticket"}]},{"@type":"WebSite","@id":"https:\/\/radioleinewelle.de\/#website","url":"https:\/\/radioleinewelle.de\/","name":"Radio Leinewelle","description":"","publisher":{"@id":"https:\/\/radioleinewelle.de\/#organization"},"potentialAction":[{"@type":"SearchAction","target":{"@type":"EntryPoint","urlTemplate":"https:\/\/radioleinewelle.de\/?s={search_term_string}"},"query-input":{"@type":"PropertyValueSpecification","valueRequired":true,"valueName":"search_term_string"}}],"inLanguage":"de"},{"@type":"Organization","@id":"https:\/\/radioleinewelle.de\/#organization","name":"Radio Leinewelle","alternateName":"Mein Radio f\u00fcr S\u00fcdniedersachsen","url":"https:\/\/radioleinewelle.de\/","logo":{"@type":"ImageObject","inLanguage":"de","@id":"https:\/\/radioleinewelle.de\/#\/schema\/logo\/image\/","url":"https:\/\/radioleinewelle.de\/wp-content\/uploads\/2023\/11\/cropped-Leinewelle_Logo_weiss.png","contentUrl":"https:\/\/radioleinewelle.de\/wp-content\/uploads\/2023\/11\/cropped-Leinewelle_Logo_weiss.png","width":854,"height":260,"caption":"Radio Leinewelle"},"image":{"@id":"https:\/\/radioleinewelle.de\/#\/schema\/logo\/image\/"},"sameAs":["https:\/\/www.facebook.com\/radioleinewelle","https:\/\/x.com\/RLeinewelle","https:\/\/www.instagram.com\/radioleinewelle\/?hl=de"]},{"@type":"Person","@id":"https:\/\/radioleinewelle.de\/#\/schema\/person\/45606f348637df637192dc1b68399a63","name":"Leinewelle","image":{"@type":"ImageObject","inLanguage":"de","@id":"https:\/\/secure.gravatar.com\/avatar\/05c9a17bc973052ee5d91549bd32fb4dd0dc85b7b85ae94b2e2b4943476bbea5?s=96&d=blank&r=g","url":"https:\/\/secure.gravatar.com\/avatar\/05c9a17bc973052ee5d91549bd32fb4dd0dc85b7b85ae94b2e2b4943476bbea5?s=96&d=blank&r=g","contentUrl":"https:\/\/secure.gravatar.com\/avatar\/05c9a17bc973052ee5d91549bd32fb4dd0dc85b7b85ae94b2e2b4943476bbea5?s=96&d=blank&r=g","caption":"Leinewelle"},"sameAs":["http:\/\/localhost\/radio%20leinewelle\/wordpress","https:\/\/www.facebook.com\/radioleinewelle","https:\/\/www.instagram.com\/radioleinewelle","https:\/\/x.com\/https:\/\/twitter.com\/RLeinewelle?ref_src=twsrcgoogletwcampserptwgrauthor","https:\/\/soundcloud.com\/foerderverein-lokalradio?utm_source=clipboard&utm_medium=text&utm_campaign=social_sharing"],"url":"https:\/\/radioleinewelle.de\/index.php\/author\/leinewelle\/"}]}},"_links":{"self":[{"href":"https:\/\/radioleinewelle.de\/index.php\/wp-json\/wp\/v2\/posts\/4649","targetHints":{"allow":["GET"]}}],"collection":[{"href":"https:\/\/radioleinewelle.de\/index.php\/wp-json\/wp\/v2\/posts"}],"about":[{"href":"https:\/\/radioleinewelle.de\/index.php\/wp-json\/wp\/v2\/types\/post"}],"author":[{"embeddable":true,"href":"https:\/\/radioleinewelle.de\/index.php\/wp-json\/wp\/v2\/users\/1"}],"replies":[{"embeddable":true,"href":"https:\/\/radioleinewelle.de\/index.php\/wp-json\/wp\/v2\/comments?post=4649"}],"version-history":[{"count":0,"href":"https:\/\/radioleinewelle.de\/index.php\/wp-json\/wp\/v2\/posts\/4649\/revisions"}],"wp:featuredmedia":[{"embeddable":true,"href":"https:\/\/radioleinewelle.de\/index.php\/wp-json\/wp\/v2\/media\/4271"}],"wp:attachment":[{"href":"https:\/\/radioleinewelle.de\/index.php\/wp-json\/wp\/v2\/media?parent=4649"}],"wp:term":[{"taxonomy":"category","embeddable":true,"href":"https:\/\/radioleinewelle.de\/index.php\/wp-json\/wp\/v2\/categories?post=4649"},{"taxonomy":"post_tag","embeddable":true,"href":"https:\/\/radioleinewelle.de\/index.php\/wp-json\/wp\/v2\/tags?post=4649"}],"curies":[{"name":"wp","href":"https:\/\/api.w.org\/{rel}","templated":true}]}}