{"id":4753,"date":"2021-01-27T05:01:00","date_gmt":"2021-01-27T04:01:00","guid":{"rendered":"https:\/\/radioleinewelle.de\/?p=4753"},"modified":"2021-01-27T05:01:00","modified_gmt":"2021-01-27T04:01:00","slug":"kabinett-beschliesst-landesweites-konzept-zur-staerkung-von-medienkompetenz","status":"publish","type":"post","link":"https:\/\/radioleinewelle.de\/index.php\/2021\/01\/27\/kabinett-beschliesst-landesweites-konzept-zur-staerkung-von-medienkompetenz\/","title":{"rendered":"Kabinett beschlie\u00dft landesweites Konzept zur St\u00e4rkung von Medienkompetenz"},"content":{"rendered":"\n<p>Die Nieders\u00e4chsische Landesregierung hat heute das Konzept \u201eMedienkompetenz in Niedersachsen \u2013 Ziel 2025\u201c beschlossen. Das Konzept ist ressort\u00fcbergreifend unter Federf\u00fchrung der Staatskanzlei gemeinsam mit Experten aus unterschiedlichen Bildungseinrichtungen erarbeitet worden. Erfasst sind die Bereiche der Kindertagesst\u00e4tten, fr\u00fchkindliche Bildung, Familie, Jugendarbeit, Jugendschutz, allgemeinbildende Schulen, beruflichen Bildung, Lehreraus- und -fortbildung, Hochschulen, Erwachsenen- und Weiterbildung. Mit dem Konzept soll die wichtige Arbeit der Vermittlung von Medienbildung fortgesetzt und verstetigt werden.<\/p>\n\n\n\n<p>\u201eGerade das zur\u00fcckliegende Jahr mit seinen pandemiebedingten Herausforderungen hat allen Akteuren im Bildungsbereich aufgezeigt, wie wichtig der Erwerb und die Vermittlung von Medienkompetenz sind\u201c, so der Nieders\u00e4chsische Ministerpr\u00e4sident Stephan Weil. \u201eAlle Fortschritte beim Breitbandausbau und bei der Ausstattung mit digitalen Lehr- und Lernmitteln sind wenig wert ohne medienkompetentes Personal. Wir m\u00f6chten den Schwung, den die Pandemie in die Digitalisierung von Bildung hineingebracht hat, auch zur St\u00e4rkung der Medienkompetenz aller Menschen in Niedersachsen nutzen.\u201c<\/p>\n\n\n\n<p>Das heute beschlossene Konzept ist das nach den Vorl\u00e4ufern aus den Jahren 2012 und 2016 dritte dieser Art und deutlich von den Auswirkungen der Corona-Pandemie in allen Bereichen der Bildung gepr\u00e4gt. Auch die Tendenz, dass sich Hass und Hetze immer st\u00e4rker ins Internet verlagern, bildet das Konzept ab. Daher sind die Umsetzung des Digitalpakts Schule und die politische Medienbildung Schwerpunkte des Konzepts.<\/p>\n","protected":false},"excerpt":{"rendered":"<p>Die Nieders\u00e4chsische Landesregierung hat heute das Konzept \u201eMedienkompetenz in Niedersachsen \u2013 Ziel 2025\u201c beschlossen. Das Konzept ist ressort\u00fcbergreifend unter Federf\u00fchrung der Staatskanzlei gemeinsam mit Experten aus unterschiedlichen Bildungseinrichtungen erarbeitet worden. Erfasst sind die Bereiche der Kindertagesst\u00e4tten, fr\u00fchkindliche Bildung, Familie, Jugendarbeit, Jugendschutz, allgemeinbildende Schulen, beruflichen Bildung, Lehreraus- und -fortbildung, Hochschulen, Erwachsenen- und Weiterbildung. Mit dem Konzept [&hellip;]<\/p>\n","protected":false},"author":1,"featured_media":4754,"comment_status":"closed","ping_status":"closed","sticky":false,"template":"","format":"standard","meta":{"saved_in_kubio":false,"footnotes":""},"categories":[54],"tags":[],"class_list":["post-4753","post","type-post","status-publish","format-standard","has-post-thumbnail","hentry","category-medien"],"yoast_head":"<!-- This site is optimized with the Yoast SEO plugin v27.5 - https:\/\/yoast.com\/product\/yoast-seo-wordpress\/ -->\n<title>Kabinett beschlie\u00dft landesweites Konzept zur St\u00e4rkung von Medienkompetenz - Radio Leinewelle<\/title>\n<meta name=\"robots\" content=\"index, follow, max-snippet:-1, max-image-preview:large, max-video-preview:-1\" \/>\n<link rel=\"canonical\" href=\"https:\/\/radioleinewelle.de\/index.php\/2021\/01\/27\/kabinett-beschliesst-landesweites-konzept-zur-staerkung-von-medienkompetenz\/\" \/>\n<meta property=\"og:locale\" content=\"de_DE\" \/>\n<meta property=\"og:type\" content=\"article\" \/>\n<meta property=\"og:title\" content=\"Kabinett beschlie\u00dft landesweites Konzept zur St\u00e4rkung von Medienkompetenz - Radio Leinewelle\" \/>\n<meta property=\"og:description\" content=\"Die Nieders\u00e4chsische Landesregierung hat heute das Konzept \u201eMedienkompetenz in Niedersachsen \u2013 Ziel 2025\u201c beschlossen. Das Konzept ist ressort\u00fcbergreifend unter Federf\u00fchrung der Staatskanzlei gemeinsam mit Experten aus unterschiedlichen Bildungseinrichtungen erarbeitet worden. Erfasst sind die Bereiche der Kindertagesst\u00e4tten, fr\u00fchkindliche Bildung, Familie, Jugendarbeit, Jugendschutz, allgemeinbildende Schulen, beruflichen Bildung, Lehreraus- und -fortbildung, Hochschulen, Erwachsenen- und Weiterbildung. Mit dem Konzept [&hellip;]\" \/>\n<meta property=\"og:url\" content=\"https:\/\/radioleinewelle.de\/index.php\/2021\/01\/27\/kabinett-beschliesst-landesweites-konzept-zur-staerkung-von-medienkompetenz\/\" \/>\n<meta property=\"og:site_name\" content=\"Radio Leinewelle\" \/>\n<meta property=\"article:publisher\" content=\"https:\/\/www.facebook.com\/radioleinewelle\" \/>\n<meta property=\"article:author\" content=\"https:\/\/www.facebook.com\/radioleinewelle\" \/>\n<meta property=\"article:published_time\" content=\"2021-01-27T04:01:00+00:00\" \/>\n<meta property=\"og:image\" content=\"https:\/\/radioleinewelle.de\/wp-content\/uploads\/2021\/01\/media-literacy-4168719_640.png\" \/>\n\t<meta property=\"og:image:width\" content=\"640\" \/>\n\t<meta property=\"og:image:height\" content=\"480\" \/>\n\t<meta property=\"og:image:type\" content=\"image\/png\" \/>\n<meta name=\"author\" content=\"Leinewelle\" \/>\n<meta name=\"twitter:card\" content=\"summary_large_image\" \/>\n<meta name=\"twitter:creator\" content=\"@https:\/\/twitter.com\/RLeinewelle?ref_src=twsrcgoogletwcampserptwgrauthor\" \/>\n<meta name=\"twitter:site\" content=\"@RLeinewelle\" \/>\n<meta name=\"twitter:label1\" content=\"Verfasst von\" \/>\n\t<meta name=\"twitter:data1\" content=\"Leinewelle\" \/>\n\t<meta name=\"twitter:label2\" content=\"Gesch\u00e4tzte Lesezeit\" \/>\n\t<meta name=\"twitter:data2\" content=\"1\u00a0Minute\" \/>\n<script type=\"application\/ld+json\" class=\"yoast-schema-graph\">{\"@context\":\"https:\\\/\\\/schema.org\",\"@graph\":[{\"@type\":\"Article\",\"@id\":\"https:\\\/\\\/radioleinewelle.de\\\/index.php\\\/2021\\\/01\\\/27\\\/kabinett-beschliesst-landesweites-konzept-zur-staerkung-von-medienkompetenz\\\/#article\",\"isPartOf\":{\"@id\":\"https:\\\/\\\/radioleinewelle.de\\\/index.php\\\/2021\\\/01\\\/27\\\/kabinett-beschliesst-landesweites-konzept-zur-staerkung-von-medienkompetenz\\\/\"},\"author\":{\"name\":\"Leinewelle\",\"@id\":\"https:\\\/\\\/radioleinewelle.de\\\/#\\\/schema\\\/person\\\/45606f348637df637192dc1b68399a63\"},\"headline\":\"Kabinett beschlie\u00dft landesweites Konzept zur St\u00e4rkung von Medienkompetenz\",\"datePublished\":\"2021-01-27T04:01:00+00:00\",\"mainEntityOfPage\":{\"@id\":\"https:\\\/\\\/radioleinewelle.de\\\/index.php\\\/2021\\\/01\\\/27\\\/kabinett-beschliesst-landesweites-konzept-zur-staerkung-von-medienkompetenz\\\/\"},\"wordCount\":221,\"publisher\":{\"@id\":\"https:\\\/\\\/radioleinewelle.de\\\/#organization\"},\"image\":{\"@id\":\"https:\\\/\\\/radioleinewelle.de\\\/index.php\\\/2021\\\/01\\\/27\\\/kabinett-beschliesst-landesweites-konzept-zur-staerkung-von-medienkompetenz\\\/#primaryimage\"},\"thumbnailUrl\":\"https:\\\/\\\/radioleinewelle.de\\\/wp-content\\\/uploads\\\/2021\\\/01\\\/media-literacy-4168719_640.png\",\"articleSection\":[\"Medien\"],\"inLanguage\":\"de\"},{\"@type\":\"WebPage\",\"@id\":\"https:\\\/\\\/radioleinewelle.de\\\/index.php\\\/2021\\\/01\\\/27\\\/kabinett-beschliesst-landesweites-konzept-zur-staerkung-von-medienkompetenz\\\/\",\"url\":\"https:\\\/\\\/radioleinewelle.de\\\/index.php\\\/2021\\\/01\\\/27\\\/kabinett-beschliesst-landesweites-konzept-zur-staerkung-von-medienkompetenz\\\/\",\"name\":\"Kabinett beschlie\u00dft landesweites Konzept zur St\u00e4rkung von Medienkompetenz - Radio Leinewelle\",\"isPartOf\":{\"@id\":\"https:\\\/\\\/radioleinewelle.de\\\/#website\"},\"primaryImageOfPage\":{\"@id\":\"https:\\\/\\\/radioleinewelle.de\\\/index.php\\\/2021\\\/01\\\/27\\\/kabinett-beschliesst-landesweites-konzept-zur-staerkung-von-medienkompetenz\\\/#primaryimage\"},\"image\":{\"@id\":\"https:\\\/\\\/radioleinewelle.de\\\/index.php\\\/2021\\\/01\\\/27\\\/kabinett-beschliesst-landesweites-konzept-zur-staerkung-von-medienkompetenz\\\/#primaryimage\"},\"thumbnailUrl\":\"https:\\\/\\\/radioleinewelle.de\\\/wp-content\\\/uploads\\\/2021\\\/01\\\/media-literacy-4168719_640.png\",\"datePublished\":\"2021-01-27T04:01:00+00:00\",\"breadcrumb\":{\"@id\":\"https:\\\/\\\/radioleinewelle.de\\\/index.php\\\/2021\\\/01\\\/27\\\/kabinett-beschliesst-landesweites-konzept-zur-staerkung-von-medienkompetenz\\\/#breadcrumb\"},\"inLanguage\":\"de\",\"potentialAction\":[{\"@type\":\"ReadAction\",\"target\":[\"https:\\\/\\\/radioleinewelle.de\\\/index.php\\\/2021\\\/01\\\/27\\\/kabinett-beschliesst-landesweites-konzept-zur-staerkung-von-medienkompetenz\\\/\"]}]},{\"@type\":\"ImageObject\",\"inLanguage\":\"de\",\"@id\":\"https:\\\/\\\/radioleinewelle.de\\\/index.php\\\/2021\\\/01\\\/27\\\/kabinett-beschliesst-landesweites-konzept-zur-staerkung-von-medienkompetenz\\\/#primaryimage\",\"url\":\"https:\\\/\\\/radioleinewelle.de\\\/wp-content\\\/uploads\\\/2021\\\/01\\\/media-literacy-4168719_640.png\",\"contentUrl\":\"https:\\\/\\\/radioleinewelle.de\\\/wp-content\\\/uploads\\\/2021\\\/01\\\/media-literacy-4168719_640.png\",\"width\":640,\"height\":480},{\"@type\":\"BreadcrumbList\",\"@id\":\"https:\\\/\\\/radioleinewelle.de\\\/index.php\\\/2021\\\/01\\\/27\\\/kabinett-beschliesst-landesweites-konzept-zur-staerkung-von-medienkompetenz\\\/#breadcrumb\",\"itemListElement\":[{\"@type\":\"ListItem\",\"position\":1,\"name\":\"Startseite\",\"item\":\"https:\\\/\\\/radioleinewelle.de\\\/\"},{\"@type\":\"ListItem\",\"position\":2,\"name\":\"Kabinett beschlie\u00dft landesweites Konzept zur St\u00e4rkung von Medienkompetenz\"}]},{\"@type\":\"WebSite\",\"@id\":\"https:\\\/\\\/radioleinewelle.de\\\/#website\",\"url\":\"https:\\\/\\\/radioleinewelle.de\\\/\",\"name\":\"Radio Leinewelle\",\"description\":\"\",\"publisher\":{\"@id\":\"https:\\\/\\\/radioleinewelle.de\\\/#organization\"},\"potentialAction\":[{\"@type\":\"SearchAction\",\"target\":{\"@type\":\"EntryPoint\",\"urlTemplate\":\"https:\\\/\\\/radioleinewelle.de\\\/?s={search_term_string}\"},\"query-input\":{\"@type\":\"PropertyValueSpecification\",\"valueRequired\":true,\"valueName\":\"search_term_string\"}}],\"inLanguage\":\"de\"},{\"@type\":\"Organization\",\"@id\":\"https:\\\/\\\/radioleinewelle.de\\\/#organization\",\"name\":\"Radio Leinewelle\",\"alternateName\":\"Mein Radio f\u00fcr S\u00fcdniedersachsen\",\"url\":\"https:\\\/\\\/radioleinewelle.de\\\/\",\"logo\":{\"@type\":\"ImageObject\",\"inLanguage\":\"de\",\"@id\":\"https:\\\/\\\/radioleinewelle.de\\\/#\\\/schema\\\/logo\\\/image\\\/\",\"url\":\"https:\\\/\\\/radioleinewelle.de\\\/wp-content\\\/uploads\\\/2023\\\/11\\\/cropped-Leinewelle_Logo_weiss.png\",\"contentUrl\":\"https:\\\/\\\/radioleinewelle.de\\\/wp-content\\\/uploads\\\/2023\\\/11\\\/cropped-Leinewelle_Logo_weiss.png\",\"width\":854,\"height\":260,\"caption\":\"Radio Leinewelle\"},\"image\":{\"@id\":\"https:\\\/\\\/radioleinewelle.de\\\/#\\\/schema\\\/logo\\\/image\\\/\"},\"sameAs\":[\"https:\\\/\\\/www.facebook.com\\\/radioleinewelle\",\"https:\\\/\\\/x.com\\\/RLeinewelle\",\"https:\\\/\\\/www.instagram.com\\\/radioleinewelle\\\/?hl=de\"]},{\"@type\":\"Person\",\"@id\":\"https:\\\/\\\/radioleinewelle.de\\\/#\\\/schema\\\/person\\\/45606f348637df637192dc1b68399a63\",\"name\":\"Leinewelle\",\"image\":{\"@type\":\"ImageObject\",\"inLanguage\":\"de\",\"@id\":\"https:\\\/\\\/secure.gravatar.com\\\/avatar\\\/05c9a17bc973052ee5d91549bd32fb4dd0dc85b7b85ae94b2e2b4943476bbea5?s=96&d=blank&r=g\",\"url\":\"https:\\\/\\\/secure.gravatar.com\\\/avatar\\\/05c9a17bc973052ee5d91549bd32fb4dd0dc85b7b85ae94b2e2b4943476bbea5?s=96&d=blank&r=g\",\"contentUrl\":\"https:\\\/\\\/secure.gravatar.com\\\/avatar\\\/05c9a17bc973052ee5d91549bd32fb4dd0dc85b7b85ae94b2e2b4943476bbea5?s=96&d=blank&r=g\",\"caption\":\"Leinewelle\"},\"sameAs\":[\"http:\\\/\\\/localhost\\\/radio%20leinewelle\\\/wordpress\",\"https:\\\/\\\/www.facebook.com\\\/radioleinewelle\",\"https:\\\/\\\/www.instagram.com\\\/radioleinewelle\",\"https:\\\/\\\/x.com\\\/https:\\\/\\\/twitter.com\\\/RLeinewelle?ref_src=twsrcgoogletwcampserptwgrauthor\",\"https:\\\/\\\/soundcloud.com\\\/foerderverein-lokalradio?utm_source=clipboard&utm_medium=text&utm_campaign=social_sharing\"],\"url\":\"https:\\\/\\\/radioleinewelle.de\\\/index.php\\\/author\\\/leinewelle\\\/\"}]}<\/script>\n<!-- \/ Yoast SEO plugin. -->","yoast_head_json":{"title":"Kabinett beschlie\u00dft landesweites Konzept zur St\u00e4rkung von Medienkompetenz - Radio Leinewelle","robots":{"index":"index","follow":"follow","max-snippet":"max-snippet:-1","max-image-preview":"max-image-preview:large","max-video-preview":"max-video-preview:-1"},"canonical":"https:\/\/radioleinewelle.de\/index.php\/2021\/01\/27\/kabinett-beschliesst-landesweites-konzept-zur-staerkung-von-medienkompetenz\/","og_locale":"de_DE","og_type":"article","og_title":"Kabinett beschlie\u00dft landesweites Konzept zur St\u00e4rkung von Medienkompetenz - Radio Leinewelle","og_description":"Die Nieders\u00e4chsische Landesregierung hat heute das Konzept \u201eMedienkompetenz in Niedersachsen \u2013 Ziel 2025\u201c beschlossen. Das Konzept ist ressort\u00fcbergreifend unter Federf\u00fchrung der Staatskanzlei gemeinsam mit Experten aus unterschiedlichen Bildungseinrichtungen erarbeitet worden. Erfasst sind die Bereiche der Kindertagesst\u00e4tten, fr\u00fchkindliche Bildung, Familie, Jugendarbeit, Jugendschutz, allgemeinbildende Schulen, beruflichen Bildung, Lehreraus- und -fortbildung, Hochschulen, Erwachsenen- und Weiterbildung. Mit dem Konzept [&hellip;]","og_url":"https:\/\/radioleinewelle.de\/index.php\/2021\/01\/27\/kabinett-beschliesst-landesweites-konzept-zur-staerkung-von-medienkompetenz\/","og_site_name":"Radio Leinewelle","article_publisher":"https:\/\/www.facebook.com\/radioleinewelle","article_author":"https:\/\/www.facebook.com\/radioleinewelle","article_published_time":"2021-01-27T04:01:00+00:00","og_image":[{"width":640,"height":480,"url":"https:\/\/radioleinewelle.de\/wp-content\/uploads\/2021\/01\/media-literacy-4168719_640.png","type":"image\/png"}],"author":"Leinewelle","twitter_card":"summary_large_image","twitter_creator":"@https:\/\/twitter.com\/RLeinewelle?ref_src=twsrcgoogletwcampserptwgrauthor","twitter_site":"@RLeinewelle","twitter_misc":{"Verfasst von":"Leinewelle","Gesch\u00e4tzte Lesezeit":"1\u00a0Minute"},"schema":{"@context":"https:\/\/schema.org","@graph":[{"@type":"Article","@id":"https:\/\/radioleinewelle.de\/index.php\/2021\/01\/27\/kabinett-beschliesst-landesweites-konzept-zur-staerkung-von-medienkompetenz\/#article","isPartOf":{"@id":"https:\/\/radioleinewelle.de\/index.php\/2021\/01\/27\/kabinett-beschliesst-landesweites-konzept-zur-staerkung-von-medienkompetenz\/"},"author":{"name":"Leinewelle","@id":"https:\/\/radioleinewelle.de\/#\/schema\/person\/45606f348637df637192dc1b68399a63"},"headline":"Kabinett beschlie\u00dft landesweites Konzept zur St\u00e4rkung von Medienkompetenz","datePublished":"2021-01-27T04:01:00+00:00","mainEntityOfPage":{"@id":"https:\/\/radioleinewelle.de\/index.php\/2021\/01\/27\/kabinett-beschliesst-landesweites-konzept-zur-staerkung-von-medienkompetenz\/"},"wordCount":221,"publisher":{"@id":"https:\/\/radioleinewelle.de\/#organization"},"image":{"@id":"https:\/\/radioleinewelle.de\/index.php\/2021\/01\/27\/kabinett-beschliesst-landesweites-konzept-zur-staerkung-von-medienkompetenz\/#primaryimage"},"thumbnailUrl":"https:\/\/radioleinewelle.de\/wp-content\/uploads\/2021\/01\/media-literacy-4168719_640.png","articleSection":["Medien"],"inLanguage":"de"},{"@type":"WebPage","@id":"https:\/\/radioleinewelle.de\/index.php\/2021\/01\/27\/kabinett-beschliesst-landesweites-konzept-zur-staerkung-von-medienkompetenz\/","url":"https:\/\/radioleinewelle.de\/index.php\/2021\/01\/27\/kabinett-beschliesst-landesweites-konzept-zur-staerkung-von-medienkompetenz\/","name":"Kabinett beschlie\u00dft landesweites Konzept zur St\u00e4rkung von Medienkompetenz - Radio Leinewelle","isPartOf":{"@id":"https:\/\/radioleinewelle.de\/#website"},"primaryImageOfPage":{"@id":"https:\/\/radioleinewelle.de\/index.php\/2021\/01\/27\/kabinett-beschliesst-landesweites-konzept-zur-staerkung-von-medienkompetenz\/#primaryimage"},"image":{"@id":"https:\/\/radioleinewelle.de\/index.php\/2021\/01\/27\/kabinett-beschliesst-landesweites-konzept-zur-staerkung-von-medienkompetenz\/#primaryimage"},"thumbnailUrl":"https:\/\/radioleinewelle.de\/wp-content\/uploads\/2021\/01\/media-literacy-4168719_640.png","datePublished":"2021-01-27T04:01:00+00:00","breadcrumb":{"@id":"https:\/\/radioleinewelle.de\/index.php\/2021\/01\/27\/kabinett-beschliesst-landesweites-konzept-zur-staerkung-von-medienkompetenz\/#breadcrumb"},"inLanguage":"de","potentialAction":[{"@type":"ReadAction","target":["https:\/\/radioleinewelle.de\/index.php\/2021\/01\/27\/kabinett-beschliesst-landesweites-konzept-zur-staerkung-von-medienkompetenz\/"]}]},{"@type":"ImageObject","inLanguage":"de","@id":"https:\/\/radioleinewelle.de\/index.php\/2021\/01\/27\/kabinett-beschliesst-landesweites-konzept-zur-staerkung-von-medienkompetenz\/#primaryimage","url":"https:\/\/radioleinewelle.de\/wp-content\/uploads\/2021\/01\/media-literacy-4168719_640.png","contentUrl":"https:\/\/radioleinewelle.de\/wp-content\/uploads\/2021\/01\/media-literacy-4168719_640.png","width":640,"height":480},{"@type":"BreadcrumbList","@id":"https:\/\/radioleinewelle.de\/index.php\/2021\/01\/27\/kabinett-beschliesst-landesweites-konzept-zur-staerkung-von-medienkompetenz\/#breadcrumb","itemListElement":[{"@type":"ListItem","position":1,"name":"Startseite","item":"https:\/\/radioleinewelle.de\/"},{"@type":"ListItem","position":2,"name":"Kabinett beschlie\u00dft landesweites Konzept zur St\u00e4rkung von Medienkompetenz"}]},{"@type":"WebSite","@id":"https:\/\/radioleinewelle.de\/#website","url":"https:\/\/radioleinewelle.de\/","name":"Radio Leinewelle","description":"","publisher":{"@id":"https:\/\/radioleinewelle.de\/#organization"},"potentialAction":[{"@type":"SearchAction","target":{"@type":"EntryPoint","urlTemplate":"https:\/\/radioleinewelle.de\/?s={search_term_string}"},"query-input":{"@type":"PropertyValueSpecification","valueRequired":true,"valueName":"search_term_string"}}],"inLanguage":"de"},{"@type":"Organization","@id":"https:\/\/radioleinewelle.de\/#organization","name":"Radio Leinewelle","alternateName":"Mein Radio f\u00fcr S\u00fcdniedersachsen","url":"https:\/\/radioleinewelle.de\/","logo":{"@type":"ImageObject","inLanguage":"de","@id":"https:\/\/radioleinewelle.de\/#\/schema\/logo\/image\/","url":"https:\/\/radioleinewelle.de\/wp-content\/uploads\/2023\/11\/cropped-Leinewelle_Logo_weiss.png","contentUrl":"https:\/\/radioleinewelle.de\/wp-content\/uploads\/2023\/11\/cropped-Leinewelle_Logo_weiss.png","width":854,"height":260,"caption":"Radio Leinewelle"},"image":{"@id":"https:\/\/radioleinewelle.de\/#\/schema\/logo\/image\/"},"sameAs":["https:\/\/www.facebook.com\/radioleinewelle","https:\/\/x.com\/RLeinewelle","https:\/\/www.instagram.com\/radioleinewelle\/?hl=de"]},{"@type":"Person","@id":"https:\/\/radioleinewelle.de\/#\/schema\/person\/45606f348637df637192dc1b68399a63","name":"Leinewelle","image":{"@type":"ImageObject","inLanguage":"de","@id":"https:\/\/secure.gravatar.com\/avatar\/05c9a17bc973052ee5d91549bd32fb4dd0dc85b7b85ae94b2e2b4943476bbea5?s=96&d=blank&r=g","url":"https:\/\/secure.gravatar.com\/avatar\/05c9a17bc973052ee5d91549bd32fb4dd0dc85b7b85ae94b2e2b4943476bbea5?s=96&d=blank&r=g","contentUrl":"https:\/\/secure.gravatar.com\/avatar\/05c9a17bc973052ee5d91549bd32fb4dd0dc85b7b85ae94b2e2b4943476bbea5?s=96&d=blank&r=g","caption":"Leinewelle"},"sameAs":["http:\/\/localhost\/radio%20leinewelle\/wordpress","https:\/\/www.facebook.com\/radioleinewelle","https:\/\/www.instagram.com\/radioleinewelle","https:\/\/x.com\/https:\/\/twitter.com\/RLeinewelle?ref_src=twsrcgoogletwcampserptwgrauthor","https:\/\/soundcloud.com\/foerderverein-lokalradio?utm_source=clipboard&utm_medium=text&utm_campaign=social_sharing"],"url":"https:\/\/radioleinewelle.de\/index.php\/author\/leinewelle\/"}]}},"_links":{"self":[{"href":"https:\/\/radioleinewelle.de\/index.php\/wp-json\/wp\/v2\/posts\/4753","targetHints":{"allow":["GET"]}}],"collection":[{"href":"https:\/\/radioleinewelle.de\/index.php\/wp-json\/wp\/v2\/posts"}],"about":[{"href":"https:\/\/radioleinewelle.de\/index.php\/wp-json\/wp\/v2\/types\/post"}],"author":[{"embeddable":true,"href":"https:\/\/radioleinewelle.de\/index.php\/wp-json\/wp\/v2\/users\/1"}],"replies":[{"embeddable":true,"href":"https:\/\/radioleinewelle.de\/index.php\/wp-json\/wp\/v2\/comments?post=4753"}],"version-history":[{"count":0,"href":"https:\/\/radioleinewelle.de\/index.php\/wp-json\/wp\/v2\/posts\/4753\/revisions"}],"wp:featuredmedia":[{"embeddable":true,"href":"https:\/\/radioleinewelle.de\/index.php\/wp-json\/wp\/v2\/media\/4754"}],"wp:attachment":[{"href":"https:\/\/radioleinewelle.de\/index.php\/wp-json\/wp\/v2\/media?parent=4753"}],"wp:term":[{"taxonomy":"category","embeddable":true,"href":"https:\/\/radioleinewelle.de\/index.php\/wp-json\/wp\/v2\/categories?post=4753"},{"taxonomy":"post_tag","embeddable":true,"href":"https:\/\/radioleinewelle.de\/index.php\/wp-json\/wp\/v2\/tags?post=4753"}],"curies":[{"name":"wp","href":"https:\/\/api.w.org\/{rel}","templated":true}]}}