{"id":4763,"date":"2021-01-27T05:29:00","date_gmt":"2021-01-27T04:29:00","guid":{"rendered":"https:\/\/radioleinewelle.de\/?p=4763"},"modified":"2021-01-27T05:29:00","modified_gmt":"2021-01-27T04:29:00","slug":"4763","status":"publish","type":"post","link":"https:\/\/radioleinewelle.de\/index.php\/2021\/01\/27\/4763\/","title":{"rendered":"Der Goslarer Kaiserring 2021 geht an eine amerikanische Konzeptk\u00fcnstlerin"},"content":{"rendered":"\n<p>Adrian Piper erh\u00e4lt den Goslarer Kaiserring des Jahres 2021, einen der renommiertesten Kunstpreise der Gegenwart. Sie gilt als einflussreiche Konzeptk\u00fcnstlerin und Philosophin, die seit Mitte der 60er Jahre die amerikanische Konzeptkunst ma\u00dfgeblich mitpr\u00e4gte. Aufgrund der Corona-Pandemie konnte Goslars Oberb\u00fcrgermeister Dr. Oliver Junk den Namen der Preistr\u00e4gerin nicht wie \u00fcblich beim traditionellen Neujahrsempfang der Stadt Goslar bekannt geben. Stattdessen ver\u00f6ffentlicht die Stadtverwaltung am heutigen Tag ein Kurzvideo im Internet auf&nbsp;<a href=\"https:\/\/www.goslar.de\/\" target=\"_blank\" rel=\"noreferrer noopener\">www.goslar.de<\/a>.&nbsp;<\/p>\n\n\n\n<p>In ihrer Begr\u00fcndung schreibt die Kaiserring-Jury: \u201eKonsequent wie frei in Zeichnung, Malerei, Skulptur, Film und Performances entbl\u00f6\u00dft Adrian Piper die harschen Strukturen des Normativen und f\u00fchrt nonchalant den Betrachtenden vor Augen, dass es immer auch auf uns selbst, unser Denken und unser Handeln ankommt.\u201c<\/p>\n\n\n\n<p>Als sie erfahren habe, dass sie den Kaiserring 2021 bekommen werde, sei sie einfach sprachlos gewesen, erkl\u00e4rt Adrian Piper. \u201eIch wei\u00df ganz genau, was f\u00fcr eine au\u00dfergew\u00f6hnliche Ehre es ist\u201c, so die Preistr\u00e4gerin vor dem Hintergrund, dass es heutzutage so viele hochbegabte gegenw\u00e4rtige K\u00fcnstlerinnen und K\u00fcnstler gebe. \u201eIch danke von tiefstem Herzen.\u201c Wenn die Pandemie es zul\u00e4sst, sollen Adrian Piper sowie der Kaiserringpreistr\u00e4ger aus dem Jahr 2020, Hans Haacke, den Kaiserring in einer Doppelverleihung im Herbst entgegennehmen. Die Verleihung an Hans Haacke konnte im vergangenen Jahr wegen der Einschr\u00e4nkungen durch die Pandemie nicht wie geplant stattfinden.<\/p>\n\n\n\n<p><strong>Adrian Piper<\/strong><br \/>Adrian Margaret Smith Piper, 1948 in New York geboren, ist eine US-amerikanische Konzeptk\u00fcnstlerin der ersten Generation und eine analytische Philosophin. Seit 2005 lebt und arbeitet sie in Berlin, wo sie die APRA (Adrian Piper Research Archive) Foundation Berlin betreibt. Seither spricht sie ihren Namen deutsch aus.<\/p>\n\n\n\n<p>Adrian Piper schafft Kunstwerke in einer Vielzahl unterschiedlicher Medien. Darunter sind sowohl Collagen, Zeichnungen auf vorgedrucktem Papier, Videoinstallationen, standortbezogene Installationen, digitale Bilder, Performances und Audioarbeiten. Ihre Arbeiten erkunden die Natur von Subjektivit\u00e4t und Entscheidungsfreiheit. Die Grenzen des Selbst werden ebenso erforscht wie der Fortbestand und die Unterbrechungen der individuellen Identit\u00e4t \u2013 sowohl im metaphysischen als auch im sozialen und politischen Kontext. Adrian Piper befasste sich damit fr\u00fch mit Themen, die noch heute aktuell sind, aber damals oftmals noch als Tabu galten. So setzte sie sich insbesondere mit Rassismus und Fremdenfeindlichkeit auseinander.<\/p>\n\n\n\n<p>Ihre Medieninstallation und Gruppenperformance \u201eThe Probable Trust Registry\u201c (2013) brachte ihr auf der 56. Biennale von Venedig 2015 den Goldenen L\u00f6wen als beste K\u00fcnstlerin ein. Dar\u00fcber hinaus bekam Adrian Piper f\u00fcr ihre Kunst weitere Auszeichnungen wie die Skowhegan-Medaille f\u00fcr Skulptur, den New York Dance and Performance Award, auch&nbsp;bekannt als Bessie Awards, im Bereich Installation und Neue Medien oder den 2012 College Art Association Artist Award. Als erste Amerikanerin wurde ihr 2018 der K\u00e4the-Kollwitz-Preis verliehen.<\/p>\n\n\n\n<p><strong>Kaiserring Goslar<\/strong><br \/>Der Goslarer Kaiserring ist einer der weltweit renommiertesten Preise f\u00fcr moderne Kunst. Er wird seit 1975 verliehen. Die ersten Preistr\u00e4ger waren Henry Moore, Max Ernst und Alexander Calder. Ihnen folgten Pioniere der Gegenwartskunst wie Joseph Beuys, Gerhard Richter, Nam June Paik, Christo, Cindy Sherman oder Jenny Holzer. Vor Adrian Piper und Hans Haacke erhielten in den letzten Jahren unter anderem Andreas Gursky, Bridget Riley, David Lynch, Olafur Eliasson, Wolfgang Tillmans und zuletzt Barbara Kruger den Preis.<\/p>\n\n\n\n<p>Bild von&nbsp;<a href=\"https:\/\/pixabay.com\/de\/users\/hpgruesen-2204343\/?utm_source=link-attribution&amp;utm_medium=referral&amp;utm_campaign=image&amp;utm_content=1649729\">Erich Westendarp<\/a>&nbsp;auf&nbsp;<a href=\"https:\/\/pixabay.com\/de\/?utm_source=link-attribution&amp;utm_medium=referral&amp;utm_campaign=image&amp;utm_content=1649729\">Pixabay<\/a><\/p>\n","protected":false},"excerpt":{"rendered":"<p>Adrian Piper erh\u00e4lt den Goslarer Kaiserring des Jahres 2021, einen der renommiertesten Kunstpreise der Gegenwart. Sie gilt als einflussreiche Konzeptk\u00fcnstlerin und Philosophin, die seit Mitte der 60er Jahre die amerikanische Konzeptkunst ma\u00dfgeblich mitpr\u00e4gte. Aufgrund der Corona-Pandemie konnte Goslars Oberb\u00fcrgermeister Dr. Oliver Junk den Namen der Preistr\u00e4gerin nicht wie \u00fcblich beim traditionellen Neujahrsempfang der Stadt Goslar [&hellip;]<\/p>\n","protected":false},"author":1,"featured_media":0,"comment_status":"closed","ping_status":"closed","sticky":false,"template":"","format":"standard","meta":{"saved_in_kubio":false,"footnotes":""},"categories":[45],"tags":[],"class_list":["post-4763","post","type-post","status-publish","format-standard","hentry","category-kultur"],"yoast_head":"<!-- This site is optimized with the Yoast SEO plugin v27.5 - https:\/\/yoast.com\/product\/yoast-seo-wordpress\/ -->\n<title>Der Goslarer Kaiserring 2021 geht an eine amerikanische Konzeptk\u00fcnstlerin - Radio Leinewelle<\/title>\n<meta name=\"robots\" content=\"index, follow, max-snippet:-1, max-image-preview:large, max-video-preview:-1\" \/>\n<link rel=\"canonical\" href=\"https:\/\/radioleinewelle.de\/index.php\/2021\/01\/27\/4763\/\" \/>\n<meta property=\"og:locale\" content=\"de_DE\" \/>\n<meta property=\"og:type\" content=\"article\" \/>\n<meta property=\"og:title\" content=\"Der Goslarer Kaiserring 2021 geht an eine amerikanische Konzeptk\u00fcnstlerin - Radio Leinewelle\" \/>\n<meta property=\"og:description\" content=\"Adrian Piper erh\u00e4lt den Goslarer Kaiserring des Jahres 2021, einen der renommiertesten Kunstpreise der Gegenwart. Sie gilt als einflussreiche Konzeptk\u00fcnstlerin und Philosophin, die seit Mitte der 60er Jahre die amerikanische Konzeptkunst ma\u00dfgeblich mitpr\u00e4gte. Aufgrund der Corona-Pandemie konnte Goslars Oberb\u00fcrgermeister Dr. Oliver Junk den Namen der Preistr\u00e4gerin nicht wie \u00fcblich beim traditionellen Neujahrsempfang der Stadt Goslar [&hellip;]\" \/>\n<meta property=\"og:url\" content=\"https:\/\/radioleinewelle.de\/index.php\/2021\/01\/27\/4763\/\" \/>\n<meta property=\"og:site_name\" content=\"Radio Leinewelle\" \/>\n<meta property=\"article:publisher\" content=\"https:\/\/www.facebook.com\/radioleinewelle\" \/>\n<meta property=\"article:author\" content=\"https:\/\/www.facebook.com\/radioleinewelle\" \/>\n<meta property=\"article:published_time\" content=\"2021-01-27T04:29:00+00:00\" \/>\n<meta name=\"author\" content=\"Leinewelle\" \/>\n<meta name=\"twitter:card\" content=\"summary_large_image\" \/>\n<meta name=\"twitter:creator\" content=\"@https:\/\/twitter.com\/RLeinewelle?ref_src=twsrcgoogletwcampserptwgrauthor\" \/>\n<meta name=\"twitter:site\" content=\"@RLeinewelle\" \/>\n<meta name=\"twitter:label1\" content=\"Verfasst von\" \/>\n\t<meta name=\"twitter:data1\" content=\"Leinewelle\" \/>\n\t<meta name=\"twitter:label2\" content=\"Gesch\u00e4tzte Lesezeit\" \/>\n\t<meta name=\"twitter:data2\" content=\"3\u00a0Minuten\" \/>\n<script type=\"application\/ld+json\" class=\"yoast-schema-graph\">{\"@context\":\"https:\\\/\\\/schema.org\",\"@graph\":[{\"@type\":\"Article\",\"@id\":\"https:\\\/\\\/radioleinewelle.de\\\/index.php\\\/2021\\\/01\\\/27\\\/4763\\\/#article\",\"isPartOf\":{\"@id\":\"https:\\\/\\\/radioleinewelle.de\\\/index.php\\\/2021\\\/01\\\/27\\\/4763\\\/\"},\"author\":{\"name\":\"Leinewelle\",\"@id\":\"https:\\\/\\\/radioleinewelle.de\\\/#\\\/schema\\\/person\\\/45606f348637df637192dc1b68399a63\"},\"headline\":\"Der Goslarer Kaiserring 2021 geht an eine amerikanische Konzeptk\u00fcnstlerin\",\"datePublished\":\"2021-01-27T04:29:00+00:00\",\"mainEntityOfPage\":{\"@id\":\"https:\\\/\\\/radioleinewelle.de\\\/index.php\\\/2021\\\/01\\\/27\\\/4763\\\/\"},\"wordCount\":546,\"publisher\":{\"@id\":\"https:\\\/\\\/radioleinewelle.de\\\/#organization\"},\"articleSection\":[\"Kultur\"],\"inLanguage\":\"de\"},{\"@type\":\"WebPage\",\"@id\":\"https:\\\/\\\/radioleinewelle.de\\\/index.php\\\/2021\\\/01\\\/27\\\/4763\\\/\",\"url\":\"https:\\\/\\\/radioleinewelle.de\\\/index.php\\\/2021\\\/01\\\/27\\\/4763\\\/\",\"name\":\"Der Goslarer Kaiserring 2021 geht an eine amerikanische Konzeptk\u00fcnstlerin - Radio Leinewelle\",\"isPartOf\":{\"@id\":\"https:\\\/\\\/radioleinewelle.de\\\/#website\"},\"datePublished\":\"2021-01-27T04:29:00+00:00\",\"breadcrumb\":{\"@id\":\"https:\\\/\\\/radioleinewelle.de\\\/index.php\\\/2021\\\/01\\\/27\\\/4763\\\/#breadcrumb\"},\"inLanguage\":\"de\",\"potentialAction\":[{\"@type\":\"ReadAction\",\"target\":[\"https:\\\/\\\/radioleinewelle.de\\\/index.php\\\/2021\\\/01\\\/27\\\/4763\\\/\"]}]},{\"@type\":\"BreadcrumbList\",\"@id\":\"https:\\\/\\\/radioleinewelle.de\\\/index.php\\\/2021\\\/01\\\/27\\\/4763\\\/#breadcrumb\",\"itemListElement\":[{\"@type\":\"ListItem\",\"position\":1,\"name\":\"Startseite\",\"item\":\"https:\\\/\\\/radioleinewelle.de\\\/\"},{\"@type\":\"ListItem\",\"position\":2,\"name\":\"Der Goslarer Kaiserring 2021 geht an eine amerikanische Konzeptk\u00fcnstlerin\"}]},{\"@type\":\"WebSite\",\"@id\":\"https:\\\/\\\/radioleinewelle.de\\\/#website\",\"url\":\"https:\\\/\\\/radioleinewelle.de\\\/\",\"name\":\"Radio Leinewelle\",\"description\":\"\",\"publisher\":{\"@id\":\"https:\\\/\\\/radioleinewelle.de\\\/#organization\"},\"potentialAction\":[{\"@type\":\"SearchAction\",\"target\":{\"@type\":\"EntryPoint\",\"urlTemplate\":\"https:\\\/\\\/radioleinewelle.de\\\/?s={search_term_string}\"},\"query-input\":{\"@type\":\"PropertyValueSpecification\",\"valueRequired\":true,\"valueName\":\"search_term_string\"}}],\"inLanguage\":\"de\"},{\"@type\":\"Organization\",\"@id\":\"https:\\\/\\\/radioleinewelle.de\\\/#organization\",\"name\":\"Radio Leinewelle\",\"alternateName\":\"Mein Radio f\u00fcr S\u00fcdniedersachsen\",\"url\":\"https:\\\/\\\/radioleinewelle.de\\\/\",\"logo\":{\"@type\":\"ImageObject\",\"inLanguage\":\"de\",\"@id\":\"https:\\\/\\\/radioleinewelle.de\\\/#\\\/schema\\\/logo\\\/image\\\/\",\"url\":\"https:\\\/\\\/radioleinewelle.de\\\/wp-content\\\/uploads\\\/2023\\\/11\\\/cropped-Leinewelle_Logo_weiss.png\",\"contentUrl\":\"https:\\\/\\\/radioleinewelle.de\\\/wp-content\\\/uploads\\\/2023\\\/11\\\/cropped-Leinewelle_Logo_weiss.png\",\"width\":854,\"height\":260,\"caption\":\"Radio Leinewelle\"},\"image\":{\"@id\":\"https:\\\/\\\/radioleinewelle.de\\\/#\\\/schema\\\/logo\\\/image\\\/\"},\"sameAs\":[\"https:\\\/\\\/www.facebook.com\\\/radioleinewelle\",\"https:\\\/\\\/x.com\\\/RLeinewelle\",\"https:\\\/\\\/www.instagram.com\\\/radioleinewelle\\\/?hl=de\"]},{\"@type\":\"Person\",\"@id\":\"https:\\\/\\\/radioleinewelle.de\\\/#\\\/schema\\\/person\\\/45606f348637df637192dc1b68399a63\",\"name\":\"Leinewelle\",\"image\":{\"@type\":\"ImageObject\",\"inLanguage\":\"de\",\"@id\":\"https:\\\/\\\/secure.gravatar.com\\\/avatar\\\/05c9a17bc973052ee5d91549bd32fb4dd0dc85b7b85ae94b2e2b4943476bbea5?s=96&d=blank&r=g\",\"url\":\"https:\\\/\\\/secure.gravatar.com\\\/avatar\\\/05c9a17bc973052ee5d91549bd32fb4dd0dc85b7b85ae94b2e2b4943476bbea5?s=96&d=blank&r=g\",\"contentUrl\":\"https:\\\/\\\/secure.gravatar.com\\\/avatar\\\/05c9a17bc973052ee5d91549bd32fb4dd0dc85b7b85ae94b2e2b4943476bbea5?s=96&d=blank&r=g\",\"caption\":\"Leinewelle\"},\"sameAs\":[\"http:\\\/\\\/localhost\\\/radio%20leinewelle\\\/wordpress\",\"https:\\\/\\\/www.facebook.com\\\/radioleinewelle\",\"https:\\\/\\\/www.instagram.com\\\/radioleinewelle\",\"https:\\\/\\\/x.com\\\/https:\\\/\\\/twitter.com\\\/RLeinewelle?ref_src=twsrcgoogletwcampserptwgrauthor\",\"https:\\\/\\\/soundcloud.com\\\/foerderverein-lokalradio?utm_source=clipboard&utm_medium=text&utm_campaign=social_sharing\"],\"url\":\"https:\\\/\\\/radioleinewelle.de\\\/index.php\\\/author\\\/leinewelle\\\/\"}]}<\/script>\n<!-- \/ Yoast SEO plugin. -->","yoast_head_json":{"title":"Der Goslarer Kaiserring 2021 geht an eine amerikanische Konzeptk\u00fcnstlerin - Radio Leinewelle","robots":{"index":"index","follow":"follow","max-snippet":"max-snippet:-1","max-image-preview":"max-image-preview:large","max-video-preview":"max-video-preview:-1"},"canonical":"https:\/\/radioleinewelle.de\/index.php\/2021\/01\/27\/4763\/","og_locale":"de_DE","og_type":"article","og_title":"Der Goslarer Kaiserring 2021 geht an eine amerikanische Konzeptk\u00fcnstlerin - Radio Leinewelle","og_description":"Adrian Piper erh\u00e4lt den Goslarer Kaiserring des Jahres 2021, einen der renommiertesten Kunstpreise der Gegenwart. Sie gilt als einflussreiche Konzeptk\u00fcnstlerin und Philosophin, die seit Mitte der 60er Jahre die amerikanische Konzeptkunst ma\u00dfgeblich mitpr\u00e4gte. Aufgrund der Corona-Pandemie konnte Goslars Oberb\u00fcrgermeister Dr. Oliver Junk den Namen der Preistr\u00e4gerin nicht wie \u00fcblich beim traditionellen Neujahrsempfang der Stadt Goslar [&hellip;]","og_url":"https:\/\/radioleinewelle.de\/index.php\/2021\/01\/27\/4763\/","og_site_name":"Radio Leinewelle","article_publisher":"https:\/\/www.facebook.com\/radioleinewelle","article_author":"https:\/\/www.facebook.com\/radioleinewelle","article_published_time":"2021-01-27T04:29:00+00:00","author":"Leinewelle","twitter_card":"summary_large_image","twitter_creator":"@https:\/\/twitter.com\/RLeinewelle?ref_src=twsrcgoogletwcampserptwgrauthor","twitter_site":"@RLeinewelle","twitter_misc":{"Verfasst von":"Leinewelle","Gesch\u00e4tzte Lesezeit":"3\u00a0Minuten"},"schema":{"@context":"https:\/\/schema.org","@graph":[{"@type":"Article","@id":"https:\/\/radioleinewelle.de\/index.php\/2021\/01\/27\/4763\/#article","isPartOf":{"@id":"https:\/\/radioleinewelle.de\/index.php\/2021\/01\/27\/4763\/"},"author":{"name":"Leinewelle","@id":"https:\/\/radioleinewelle.de\/#\/schema\/person\/45606f348637df637192dc1b68399a63"},"headline":"Der Goslarer Kaiserring 2021 geht an eine amerikanische Konzeptk\u00fcnstlerin","datePublished":"2021-01-27T04:29:00+00:00","mainEntityOfPage":{"@id":"https:\/\/radioleinewelle.de\/index.php\/2021\/01\/27\/4763\/"},"wordCount":546,"publisher":{"@id":"https:\/\/radioleinewelle.de\/#organization"},"articleSection":["Kultur"],"inLanguage":"de"},{"@type":"WebPage","@id":"https:\/\/radioleinewelle.de\/index.php\/2021\/01\/27\/4763\/","url":"https:\/\/radioleinewelle.de\/index.php\/2021\/01\/27\/4763\/","name":"Der Goslarer Kaiserring 2021 geht an eine amerikanische Konzeptk\u00fcnstlerin - Radio Leinewelle","isPartOf":{"@id":"https:\/\/radioleinewelle.de\/#website"},"datePublished":"2021-01-27T04:29:00+00:00","breadcrumb":{"@id":"https:\/\/radioleinewelle.de\/index.php\/2021\/01\/27\/4763\/#breadcrumb"},"inLanguage":"de","potentialAction":[{"@type":"ReadAction","target":["https:\/\/radioleinewelle.de\/index.php\/2021\/01\/27\/4763\/"]}]},{"@type":"BreadcrumbList","@id":"https:\/\/radioleinewelle.de\/index.php\/2021\/01\/27\/4763\/#breadcrumb","itemListElement":[{"@type":"ListItem","position":1,"name":"Startseite","item":"https:\/\/radioleinewelle.de\/"},{"@type":"ListItem","position":2,"name":"Der Goslarer Kaiserring 2021 geht an eine amerikanische Konzeptk\u00fcnstlerin"}]},{"@type":"WebSite","@id":"https:\/\/radioleinewelle.de\/#website","url":"https:\/\/radioleinewelle.de\/","name":"Radio Leinewelle","description":"","publisher":{"@id":"https:\/\/radioleinewelle.de\/#organization"},"potentialAction":[{"@type":"SearchAction","target":{"@type":"EntryPoint","urlTemplate":"https:\/\/radioleinewelle.de\/?s={search_term_string}"},"query-input":{"@type":"PropertyValueSpecification","valueRequired":true,"valueName":"search_term_string"}}],"inLanguage":"de"},{"@type":"Organization","@id":"https:\/\/radioleinewelle.de\/#organization","name":"Radio Leinewelle","alternateName":"Mein Radio f\u00fcr S\u00fcdniedersachsen","url":"https:\/\/radioleinewelle.de\/","logo":{"@type":"ImageObject","inLanguage":"de","@id":"https:\/\/radioleinewelle.de\/#\/schema\/logo\/image\/","url":"https:\/\/radioleinewelle.de\/wp-content\/uploads\/2023\/11\/cropped-Leinewelle_Logo_weiss.png","contentUrl":"https:\/\/radioleinewelle.de\/wp-content\/uploads\/2023\/11\/cropped-Leinewelle_Logo_weiss.png","width":854,"height":260,"caption":"Radio Leinewelle"},"image":{"@id":"https:\/\/radioleinewelle.de\/#\/schema\/logo\/image\/"},"sameAs":["https:\/\/www.facebook.com\/radioleinewelle","https:\/\/x.com\/RLeinewelle","https:\/\/www.instagram.com\/radioleinewelle\/?hl=de"]},{"@type":"Person","@id":"https:\/\/radioleinewelle.de\/#\/schema\/person\/45606f348637df637192dc1b68399a63","name":"Leinewelle","image":{"@type":"ImageObject","inLanguage":"de","@id":"https:\/\/secure.gravatar.com\/avatar\/05c9a17bc973052ee5d91549bd32fb4dd0dc85b7b85ae94b2e2b4943476bbea5?s=96&d=blank&r=g","url":"https:\/\/secure.gravatar.com\/avatar\/05c9a17bc973052ee5d91549bd32fb4dd0dc85b7b85ae94b2e2b4943476bbea5?s=96&d=blank&r=g","contentUrl":"https:\/\/secure.gravatar.com\/avatar\/05c9a17bc973052ee5d91549bd32fb4dd0dc85b7b85ae94b2e2b4943476bbea5?s=96&d=blank&r=g","caption":"Leinewelle"},"sameAs":["http:\/\/localhost\/radio%20leinewelle\/wordpress","https:\/\/www.facebook.com\/radioleinewelle","https:\/\/www.instagram.com\/radioleinewelle","https:\/\/x.com\/https:\/\/twitter.com\/RLeinewelle?ref_src=twsrcgoogletwcampserptwgrauthor","https:\/\/soundcloud.com\/foerderverein-lokalradio?utm_source=clipboard&utm_medium=text&utm_campaign=social_sharing"],"url":"https:\/\/radioleinewelle.de\/index.php\/author\/leinewelle\/"}]}},"_links":{"self":[{"href":"https:\/\/radioleinewelle.de\/index.php\/wp-json\/wp\/v2\/posts\/4763","targetHints":{"allow":["GET"]}}],"collection":[{"href":"https:\/\/radioleinewelle.de\/index.php\/wp-json\/wp\/v2\/posts"}],"about":[{"href":"https:\/\/radioleinewelle.de\/index.php\/wp-json\/wp\/v2\/types\/post"}],"author":[{"embeddable":true,"href":"https:\/\/radioleinewelle.de\/index.php\/wp-json\/wp\/v2\/users\/1"}],"replies":[{"embeddable":true,"href":"https:\/\/radioleinewelle.de\/index.php\/wp-json\/wp\/v2\/comments?post=4763"}],"version-history":[{"count":0,"href":"https:\/\/radioleinewelle.de\/index.php\/wp-json\/wp\/v2\/posts\/4763\/revisions"}],"wp:attachment":[{"href":"https:\/\/radioleinewelle.de\/index.php\/wp-json\/wp\/v2\/media?parent=4763"}],"wp:term":[{"taxonomy":"category","embeddable":true,"href":"https:\/\/radioleinewelle.de\/index.php\/wp-json\/wp\/v2\/categories?post=4763"},{"taxonomy":"post_tag","embeddable":true,"href":"https:\/\/radioleinewelle.de\/index.php\/wp-json\/wp\/v2\/tags?post=4763"}],"curies":[{"name":"wp","href":"https:\/\/api.w.org\/{rel}","templated":true}]}}