{"id":4784,"date":"2021-01-27T08:30:00","date_gmt":"2021-01-27T07:30:00","guid":{"rendered":"https:\/\/radioleinewelle.de\/?p=4784"},"modified":"2021-01-27T08:30:00","modified_gmt":"2021-01-27T07:30:00","slug":"goettinger-kulturstiftung-foerdert-projekte-in-hoehe-von-15-200-euro","status":"publish","type":"post","link":"https:\/\/radioleinewelle.de\/index.php\/2021\/01\/27\/goettinger-kulturstiftung-foerdert-projekte-in-hoehe-von-15-200-euro\/","title":{"rendered":"G\u00f6ttinger Kulturstiftung f\u00f6rdert Projekte in H\u00f6he von 15.200 Euro"},"content":{"rendered":"\n<p>Die G\u00f6ttinger Kulturstiftung hat im Jahr 2020 insgesamt 19 Projekte mit einem Gesamtbetrag in H\u00f6he von 27.000 Euro gef\u00f6rdert. Der Beirat unter dem Vorsitz von Klaus Wettig freut sich sehr, dass die G\u00f6ttinger Kulturstiftung auch in diesen schwierigen Zeiten mit seiner F\u00f6rderung viele Projekte erm\u00f6glichen kann und damit einen Beitrag leistet, die kulturelle Vielfalt in G\u00f6ttingen zu erhalten.&nbsp;<\/p>\n\n\n\n<p>Allerdings werden die begrenzten F\u00f6rdermittel die der G\u00f6ttinger Kulturstiftung zur Verf\u00fcgung stehen nicht ausreichen, die nach Ende der Corona-Pandemie hoffentlich in fr\u00fcherem Umfang auflebenden kulturellen Aktivit\u00e4ten ausreichend unterst\u00fctzen zu k\u00f6nnen.&nbsp;<\/p>\n\n\n\n<p>Der Beirat der gemeinn\u00fctzigen G\u00f6ttinger Kulturstiftung bittet daher die G\u00f6ttinger B\u00fcrgerinnen und B\u00fcrger um Zuwendungen und\/oder Zustiftungen und verweist in diesem Zusammenhang auf die steuerliche F\u00f6rderung von Spenden an Stiftungen.<\/p>\n\n\n\n<p>Der n\u00e4chste Termin f\u00fcr das Einreichen von Antr\u00e4gen auf Unterst\u00fctzung kultureller Aktivit\u00e4ten ist der 1. April 2021. Formlose Antr\u00e4ge gemeinn\u00fctziger Einrichtungen und Institutionen k\u00f6nnen mit ausf\u00fchrlicher Projektbeschreibung, einem Kosten- und Finanzierungsplan sowie dem aktuellen Freistellungsbescheid beim Fachdienst Kultur der Stadt G\u00f6ttingen im Neuen Rathaus eingereicht werden. Im Vorfeld der Antragstellung kann eine Beratung durch den Beirat erfolgen.<\/p>\n","protected":false},"excerpt":{"rendered":"<p>Die G\u00f6ttinger Kulturstiftung hat im Jahr 2020 insgesamt 19 Projekte mit einem Gesamtbetrag in H\u00f6he von 27.000 Euro gef\u00f6rdert. Der Beirat unter dem Vorsitz von Klaus Wettig freut sich sehr, dass die G\u00f6ttinger Kulturstiftung auch in diesen schwierigen Zeiten mit seiner F\u00f6rderung viele Projekte erm\u00f6glichen kann und damit einen Beitrag leistet, die kulturelle Vielfalt in [&hellip;]<\/p>\n","protected":false},"author":1,"featured_media":0,"comment_status":"closed","ping_status":"closed","sticky":false,"template":"","format":"standard","meta":{"saved_in_kubio":false,"footnotes":""},"categories":[45],"tags":[],"class_list":["post-4784","post","type-post","status-publish","format-standard","hentry","category-kultur"],"yoast_head":"<!-- This site is optimized with the Yoast SEO plugin v27.5 - https:\/\/yoast.com\/product\/yoast-seo-wordpress\/ -->\n<title>G\u00f6ttinger Kulturstiftung f\u00f6rdert Projekte in H\u00f6he von 15.200 Euro - Radio Leinewelle<\/title>\n<meta name=\"robots\" content=\"index, follow, max-snippet:-1, max-image-preview:large, max-video-preview:-1\" \/>\n<link rel=\"canonical\" href=\"https:\/\/radioleinewelle.de\/index.php\/2021\/01\/27\/goettinger-kulturstiftung-foerdert-projekte-in-hoehe-von-15-200-euro\/\" \/>\n<meta property=\"og:locale\" content=\"de_DE\" \/>\n<meta property=\"og:type\" content=\"article\" \/>\n<meta property=\"og:title\" content=\"G\u00f6ttinger Kulturstiftung f\u00f6rdert Projekte in H\u00f6he von 15.200 Euro - Radio Leinewelle\" \/>\n<meta property=\"og:description\" content=\"Die G\u00f6ttinger Kulturstiftung hat im Jahr 2020 insgesamt 19 Projekte mit einem Gesamtbetrag in H\u00f6he von 27.000 Euro gef\u00f6rdert. Der Beirat unter dem Vorsitz von Klaus Wettig freut sich sehr, dass die G\u00f6ttinger Kulturstiftung auch in diesen schwierigen Zeiten mit seiner F\u00f6rderung viele Projekte erm\u00f6glichen kann und damit einen Beitrag leistet, die kulturelle Vielfalt in [&hellip;]\" \/>\n<meta property=\"og:url\" content=\"https:\/\/radioleinewelle.de\/index.php\/2021\/01\/27\/goettinger-kulturstiftung-foerdert-projekte-in-hoehe-von-15-200-euro\/\" \/>\n<meta property=\"og:site_name\" content=\"Radio Leinewelle\" \/>\n<meta property=\"article:publisher\" content=\"https:\/\/www.facebook.com\/radioleinewelle\" \/>\n<meta property=\"article:author\" content=\"https:\/\/www.facebook.com\/radioleinewelle\" \/>\n<meta property=\"article:published_time\" content=\"2021-01-27T07:30:00+00:00\" \/>\n<meta name=\"author\" content=\"Leinewelle\" \/>\n<meta name=\"twitter:card\" content=\"summary_large_image\" \/>\n<meta name=\"twitter:creator\" content=\"@https:\/\/twitter.com\/RLeinewelle?ref_src=twsrcgoogletwcampserptwgrauthor\" \/>\n<meta name=\"twitter:site\" content=\"@RLeinewelle\" \/>\n<meta name=\"twitter:label1\" content=\"Verfasst von\" \/>\n\t<meta name=\"twitter:data1\" content=\"Leinewelle\" \/>\n\t<meta name=\"twitter:label2\" content=\"Gesch\u00e4tzte Lesezeit\" \/>\n\t<meta name=\"twitter:data2\" content=\"1\u00a0Minute\" \/>\n<script type=\"application\/ld+json\" class=\"yoast-schema-graph\">{\"@context\":\"https:\\\/\\\/schema.org\",\"@graph\":[{\"@type\":\"Article\",\"@id\":\"https:\\\/\\\/radioleinewelle.de\\\/index.php\\\/2021\\\/01\\\/27\\\/goettinger-kulturstiftung-foerdert-projekte-in-hoehe-von-15-200-euro\\\/#article\",\"isPartOf\":{\"@id\":\"https:\\\/\\\/radioleinewelle.de\\\/index.php\\\/2021\\\/01\\\/27\\\/goettinger-kulturstiftung-foerdert-projekte-in-hoehe-von-15-200-euro\\\/\"},\"author\":{\"name\":\"Leinewelle\",\"@id\":\"https:\\\/\\\/radioleinewelle.de\\\/#\\\/schema\\\/person\\\/45606f348637df637192dc1b68399a63\"},\"headline\":\"G\u00f6ttinger Kulturstiftung f\u00f6rdert Projekte in H\u00f6he von 15.200 Euro\",\"datePublished\":\"2021-01-27T07:30:00+00:00\",\"mainEntityOfPage\":{\"@id\":\"https:\\\/\\\/radioleinewelle.de\\\/index.php\\\/2021\\\/01\\\/27\\\/goettinger-kulturstiftung-foerdert-projekte-in-hoehe-von-15-200-euro\\\/\"},\"wordCount\":214,\"publisher\":{\"@id\":\"https:\\\/\\\/radioleinewelle.de\\\/#organization\"},\"articleSection\":[\"Kultur\"],\"inLanguage\":\"de\"},{\"@type\":\"WebPage\",\"@id\":\"https:\\\/\\\/radioleinewelle.de\\\/index.php\\\/2021\\\/01\\\/27\\\/goettinger-kulturstiftung-foerdert-projekte-in-hoehe-von-15-200-euro\\\/\",\"url\":\"https:\\\/\\\/radioleinewelle.de\\\/index.php\\\/2021\\\/01\\\/27\\\/goettinger-kulturstiftung-foerdert-projekte-in-hoehe-von-15-200-euro\\\/\",\"name\":\"G\u00f6ttinger Kulturstiftung f\u00f6rdert Projekte in H\u00f6he von 15.200 Euro - Radio Leinewelle\",\"isPartOf\":{\"@id\":\"https:\\\/\\\/radioleinewelle.de\\\/#website\"},\"datePublished\":\"2021-01-27T07:30:00+00:00\",\"breadcrumb\":{\"@id\":\"https:\\\/\\\/radioleinewelle.de\\\/index.php\\\/2021\\\/01\\\/27\\\/goettinger-kulturstiftung-foerdert-projekte-in-hoehe-von-15-200-euro\\\/#breadcrumb\"},\"inLanguage\":\"de\",\"potentialAction\":[{\"@type\":\"ReadAction\",\"target\":[\"https:\\\/\\\/radioleinewelle.de\\\/index.php\\\/2021\\\/01\\\/27\\\/goettinger-kulturstiftung-foerdert-projekte-in-hoehe-von-15-200-euro\\\/\"]}]},{\"@type\":\"BreadcrumbList\",\"@id\":\"https:\\\/\\\/radioleinewelle.de\\\/index.php\\\/2021\\\/01\\\/27\\\/goettinger-kulturstiftung-foerdert-projekte-in-hoehe-von-15-200-euro\\\/#breadcrumb\",\"itemListElement\":[{\"@type\":\"ListItem\",\"position\":1,\"name\":\"Startseite\",\"item\":\"https:\\\/\\\/radioleinewelle.de\\\/\"},{\"@type\":\"ListItem\",\"position\":2,\"name\":\"G\u00f6ttinger Kulturstiftung f\u00f6rdert Projekte in H\u00f6he von 15.200 Euro\"}]},{\"@type\":\"WebSite\",\"@id\":\"https:\\\/\\\/radioleinewelle.de\\\/#website\",\"url\":\"https:\\\/\\\/radioleinewelle.de\\\/\",\"name\":\"Radio Leinewelle\",\"description\":\"\",\"publisher\":{\"@id\":\"https:\\\/\\\/radioleinewelle.de\\\/#organization\"},\"potentialAction\":[{\"@type\":\"SearchAction\",\"target\":{\"@type\":\"EntryPoint\",\"urlTemplate\":\"https:\\\/\\\/radioleinewelle.de\\\/?s={search_term_string}\"},\"query-input\":{\"@type\":\"PropertyValueSpecification\",\"valueRequired\":true,\"valueName\":\"search_term_string\"}}],\"inLanguage\":\"de\"},{\"@type\":\"Organization\",\"@id\":\"https:\\\/\\\/radioleinewelle.de\\\/#organization\",\"name\":\"Radio Leinewelle\",\"alternateName\":\"Mein Radio f\u00fcr S\u00fcdniedersachsen\",\"url\":\"https:\\\/\\\/radioleinewelle.de\\\/\",\"logo\":{\"@type\":\"ImageObject\",\"inLanguage\":\"de\",\"@id\":\"https:\\\/\\\/radioleinewelle.de\\\/#\\\/schema\\\/logo\\\/image\\\/\",\"url\":\"https:\\\/\\\/radioleinewelle.de\\\/wp-content\\\/uploads\\\/2023\\\/11\\\/cropped-Leinewelle_Logo_weiss.png\",\"contentUrl\":\"https:\\\/\\\/radioleinewelle.de\\\/wp-content\\\/uploads\\\/2023\\\/11\\\/cropped-Leinewelle_Logo_weiss.png\",\"width\":854,\"height\":260,\"caption\":\"Radio Leinewelle\"},\"image\":{\"@id\":\"https:\\\/\\\/radioleinewelle.de\\\/#\\\/schema\\\/logo\\\/image\\\/\"},\"sameAs\":[\"https:\\\/\\\/www.facebook.com\\\/radioleinewelle\",\"https:\\\/\\\/x.com\\\/RLeinewelle\",\"https:\\\/\\\/www.instagram.com\\\/radioleinewelle\\\/?hl=de\"]},{\"@type\":\"Person\",\"@id\":\"https:\\\/\\\/radioleinewelle.de\\\/#\\\/schema\\\/person\\\/45606f348637df637192dc1b68399a63\",\"name\":\"Leinewelle\",\"image\":{\"@type\":\"ImageObject\",\"inLanguage\":\"de\",\"@id\":\"https:\\\/\\\/secure.gravatar.com\\\/avatar\\\/05c9a17bc973052ee5d91549bd32fb4dd0dc85b7b85ae94b2e2b4943476bbea5?s=96&d=blank&r=g\",\"url\":\"https:\\\/\\\/secure.gravatar.com\\\/avatar\\\/05c9a17bc973052ee5d91549bd32fb4dd0dc85b7b85ae94b2e2b4943476bbea5?s=96&d=blank&r=g\",\"contentUrl\":\"https:\\\/\\\/secure.gravatar.com\\\/avatar\\\/05c9a17bc973052ee5d91549bd32fb4dd0dc85b7b85ae94b2e2b4943476bbea5?s=96&d=blank&r=g\",\"caption\":\"Leinewelle\"},\"sameAs\":[\"http:\\\/\\\/localhost\\\/radio%20leinewelle\\\/wordpress\",\"https:\\\/\\\/www.facebook.com\\\/radioleinewelle\",\"https:\\\/\\\/www.instagram.com\\\/radioleinewelle\",\"https:\\\/\\\/x.com\\\/https:\\\/\\\/twitter.com\\\/RLeinewelle?ref_src=twsrcgoogletwcampserptwgrauthor\",\"https:\\\/\\\/soundcloud.com\\\/foerderverein-lokalradio?utm_source=clipboard&utm_medium=text&utm_campaign=social_sharing\"],\"url\":\"https:\\\/\\\/radioleinewelle.de\\\/index.php\\\/author\\\/leinewelle\\\/\"}]}<\/script>\n<!-- \/ Yoast SEO plugin. -->","yoast_head_json":{"title":"G\u00f6ttinger Kulturstiftung f\u00f6rdert Projekte in H\u00f6he von 15.200 Euro - Radio Leinewelle","robots":{"index":"index","follow":"follow","max-snippet":"max-snippet:-1","max-image-preview":"max-image-preview:large","max-video-preview":"max-video-preview:-1"},"canonical":"https:\/\/radioleinewelle.de\/index.php\/2021\/01\/27\/goettinger-kulturstiftung-foerdert-projekte-in-hoehe-von-15-200-euro\/","og_locale":"de_DE","og_type":"article","og_title":"G\u00f6ttinger Kulturstiftung f\u00f6rdert Projekte in H\u00f6he von 15.200 Euro - Radio Leinewelle","og_description":"Die G\u00f6ttinger Kulturstiftung hat im Jahr 2020 insgesamt 19 Projekte mit einem Gesamtbetrag in H\u00f6he von 27.000 Euro gef\u00f6rdert. Der Beirat unter dem Vorsitz von Klaus Wettig freut sich sehr, dass die G\u00f6ttinger Kulturstiftung auch in diesen schwierigen Zeiten mit seiner F\u00f6rderung viele Projekte erm\u00f6glichen kann und damit einen Beitrag leistet, die kulturelle Vielfalt in [&hellip;]","og_url":"https:\/\/radioleinewelle.de\/index.php\/2021\/01\/27\/goettinger-kulturstiftung-foerdert-projekte-in-hoehe-von-15-200-euro\/","og_site_name":"Radio Leinewelle","article_publisher":"https:\/\/www.facebook.com\/radioleinewelle","article_author":"https:\/\/www.facebook.com\/radioleinewelle","article_published_time":"2021-01-27T07:30:00+00:00","author":"Leinewelle","twitter_card":"summary_large_image","twitter_creator":"@https:\/\/twitter.com\/RLeinewelle?ref_src=twsrcgoogletwcampserptwgrauthor","twitter_site":"@RLeinewelle","twitter_misc":{"Verfasst von":"Leinewelle","Gesch\u00e4tzte Lesezeit":"1\u00a0Minute"},"schema":{"@context":"https:\/\/schema.org","@graph":[{"@type":"Article","@id":"https:\/\/radioleinewelle.de\/index.php\/2021\/01\/27\/goettinger-kulturstiftung-foerdert-projekte-in-hoehe-von-15-200-euro\/#article","isPartOf":{"@id":"https:\/\/radioleinewelle.de\/index.php\/2021\/01\/27\/goettinger-kulturstiftung-foerdert-projekte-in-hoehe-von-15-200-euro\/"},"author":{"name":"Leinewelle","@id":"https:\/\/radioleinewelle.de\/#\/schema\/person\/45606f348637df637192dc1b68399a63"},"headline":"G\u00f6ttinger Kulturstiftung f\u00f6rdert Projekte in H\u00f6he von 15.200 Euro","datePublished":"2021-01-27T07:30:00+00:00","mainEntityOfPage":{"@id":"https:\/\/radioleinewelle.de\/index.php\/2021\/01\/27\/goettinger-kulturstiftung-foerdert-projekte-in-hoehe-von-15-200-euro\/"},"wordCount":214,"publisher":{"@id":"https:\/\/radioleinewelle.de\/#organization"},"articleSection":["Kultur"],"inLanguage":"de"},{"@type":"WebPage","@id":"https:\/\/radioleinewelle.de\/index.php\/2021\/01\/27\/goettinger-kulturstiftung-foerdert-projekte-in-hoehe-von-15-200-euro\/","url":"https:\/\/radioleinewelle.de\/index.php\/2021\/01\/27\/goettinger-kulturstiftung-foerdert-projekte-in-hoehe-von-15-200-euro\/","name":"G\u00f6ttinger Kulturstiftung f\u00f6rdert Projekte in H\u00f6he von 15.200 Euro - Radio Leinewelle","isPartOf":{"@id":"https:\/\/radioleinewelle.de\/#website"},"datePublished":"2021-01-27T07:30:00+00:00","breadcrumb":{"@id":"https:\/\/radioleinewelle.de\/index.php\/2021\/01\/27\/goettinger-kulturstiftung-foerdert-projekte-in-hoehe-von-15-200-euro\/#breadcrumb"},"inLanguage":"de","potentialAction":[{"@type":"ReadAction","target":["https:\/\/radioleinewelle.de\/index.php\/2021\/01\/27\/goettinger-kulturstiftung-foerdert-projekte-in-hoehe-von-15-200-euro\/"]}]},{"@type":"BreadcrumbList","@id":"https:\/\/radioleinewelle.de\/index.php\/2021\/01\/27\/goettinger-kulturstiftung-foerdert-projekte-in-hoehe-von-15-200-euro\/#breadcrumb","itemListElement":[{"@type":"ListItem","position":1,"name":"Startseite","item":"https:\/\/radioleinewelle.de\/"},{"@type":"ListItem","position":2,"name":"G\u00f6ttinger Kulturstiftung f\u00f6rdert Projekte in H\u00f6he von 15.200 Euro"}]},{"@type":"WebSite","@id":"https:\/\/radioleinewelle.de\/#website","url":"https:\/\/radioleinewelle.de\/","name":"Radio Leinewelle","description":"","publisher":{"@id":"https:\/\/radioleinewelle.de\/#organization"},"potentialAction":[{"@type":"SearchAction","target":{"@type":"EntryPoint","urlTemplate":"https:\/\/radioleinewelle.de\/?s={search_term_string}"},"query-input":{"@type":"PropertyValueSpecification","valueRequired":true,"valueName":"search_term_string"}}],"inLanguage":"de"},{"@type":"Organization","@id":"https:\/\/radioleinewelle.de\/#organization","name":"Radio Leinewelle","alternateName":"Mein Radio f\u00fcr S\u00fcdniedersachsen","url":"https:\/\/radioleinewelle.de\/","logo":{"@type":"ImageObject","inLanguage":"de","@id":"https:\/\/radioleinewelle.de\/#\/schema\/logo\/image\/","url":"https:\/\/radioleinewelle.de\/wp-content\/uploads\/2023\/11\/cropped-Leinewelle_Logo_weiss.png","contentUrl":"https:\/\/radioleinewelle.de\/wp-content\/uploads\/2023\/11\/cropped-Leinewelle_Logo_weiss.png","width":854,"height":260,"caption":"Radio Leinewelle"},"image":{"@id":"https:\/\/radioleinewelle.de\/#\/schema\/logo\/image\/"},"sameAs":["https:\/\/www.facebook.com\/radioleinewelle","https:\/\/x.com\/RLeinewelle","https:\/\/www.instagram.com\/radioleinewelle\/?hl=de"]},{"@type":"Person","@id":"https:\/\/radioleinewelle.de\/#\/schema\/person\/45606f348637df637192dc1b68399a63","name":"Leinewelle","image":{"@type":"ImageObject","inLanguage":"de","@id":"https:\/\/secure.gravatar.com\/avatar\/05c9a17bc973052ee5d91549bd32fb4dd0dc85b7b85ae94b2e2b4943476bbea5?s=96&d=blank&r=g","url":"https:\/\/secure.gravatar.com\/avatar\/05c9a17bc973052ee5d91549bd32fb4dd0dc85b7b85ae94b2e2b4943476bbea5?s=96&d=blank&r=g","contentUrl":"https:\/\/secure.gravatar.com\/avatar\/05c9a17bc973052ee5d91549bd32fb4dd0dc85b7b85ae94b2e2b4943476bbea5?s=96&d=blank&r=g","caption":"Leinewelle"},"sameAs":["http:\/\/localhost\/radio%20leinewelle\/wordpress","https:\/\/www.facebook.com\/radioleinewelle","https:\/\/www.instagram.com\/radioleinewelle","https:\/\/x.com\/https:\/\/twitter.com\/RLeinewelle?ref_src=twsrcgoogletwcampserptwgrauthor","https:\/\/soundcloud.com\/foerderverein-lokalradio?utm_source=clipboard&utm_medium=text&utm_campaign=social_sharing"],"url":"https:\/\/radioleinewelle.de\/index.php\/author\/leinewelle\/"}]}},"_links":{"self":[{"href":"https:\/\/radioleinewelle.de\/index.php\/wp-json\/wp\/v2\/posts\/4784","targetHints":{"allow":["GET"]}}],"collection":[{"href":"https:\/\/radioleinewelle.de\/index.php\/wp-json\/wp\/v2\/posts"}],"about":[{"href":"https:\/\/radioleinewelle.de\/index.php\/wp-json\/wp\/v2\/types\/post"}],"author":[{"embeddable":true,"href":"https:\/\/radioleinewelle.de\/index.php\/wp-json\/wp\/v2\/users\/1"}],"replies":[{"embeddable":true,"href":"https:\/\/radioleinewelle.de\/index.php\/wp-json\/wp\/v2\/comments?post=4784"}],"version-history":[{"count":0,"href":"https:\/\/radioleinewelle.de\/index.php\/wp-json\/wp\/v2\/posts\/4784\/revisions"}],"wp:attachment":[{"href":"https:\/\/radioleinewelle.de\/index.php\/wp-json\/wp\/v2\/media?parent=4784"}],"wp:term":[{"taxonomy":"category","embeddable":true,"href":"https:\/\/radioleinewelle.de\/index.php\/wp-json\/wp\/v2\/categories?post=4784"},{"taxonomy":"post_tag","embeddable":true,"href":"https:\/\/radioleinewelle.de\/index.php\/wp-json\/wp\/v2\/tags?post=4784"}],"curies":[{"name":"wp","href":"https:\/\/api.w.org\/{rel}","templated":true}]}}