{"id":4786,"date":"2021-01-28T05:30:00","date_gmt":"2021-01-28T04:30:00","guid":{"rendered":"https:\/\/radioleinewelle.de\/?p=4786"},"modified":"2021-01-28T05:30:00","modified_gmt":"2021-01-28T04:30:00","slug":"metin-tolan-zum-neuen-praesidenten-der-georg-august-universitaet-goettingen-gewaehlt","status":"publish","type":"post","link":"https:\/\/radioleinewelle.de\/index.php\/2021\/01\/28\/metin-tolan-zum-neuen-praesidenten-der-georg-august-universitaet-goettingen-gewaehlt\/","title":{"rendered":"Metin Tolan zum neuen Pr\u00e4sidenten der Georg-August-Universit\u00e4t G\u00f6ttingen gew\u00e4hlt"},"content":{"rendered":"\n<p>Prof. Dr. Metin Tolan ist am Mittwoch zum neuen Pr\u00e4sidenten der Georg-August-Universit\u00e4t G\u00f6ttingen gew\u00e4hlt worden. Niedersachsens Wissenschaftsminister Bj\u00f6rn Th\u00fcmler gratulierte herzlich: \u201eIch freue mich, dass die Georg-August-Universit\u00e4t G\u00f6ttingen mit Metin Tolan an der Spitze in die Zukunft gehen wird. Als Experimentalphysiker hat er sich seinen exzellenten Ruf nicht nur als Wissenschaftler verdient, sondern auch als Wissenschaftskommunikator. Seine Erfahrungen werden ihm im neuen Amt sicher zugutekommen, das er in Zeiten der Pandemie unter erschwerten Bedingungen \u00fcbernimmt. Ich hoffe, dass Metin Tolan sein Amt schnell antreten wird, und freue mich sehr auf die Zusammenarbeit!\u201c<\/p>\n\n\n\n<p>Der Senat der Universit\u00e4t w\u00e4hlte Tolan am Mittwochnachmittag einstimmig. Der Stiftungsausschuss der Universit\u00e4t stimmte dem Vorschlag ebenfalls einstimmig zu. Tolan folgt auf Prof. Dr. Reinhard Jahn, der das Amt bis zum 31. Dezember 2020 als innehatte. Seitdem nimmt die hauptberufliche Vizepr\u00e4sidentin Dr. Val\u00e9rie Sch\u00fcller die Leitung der Universit\u00e4t kommissarisch wahr. Tolans Amtszeit beginnt voraussichtlich im Fr\u00fchjahr.<\/p>\n\n\n\n<p>Zur Person und Bild:<br \/><em>Metin Tolan, Jahrgang 1965, studierte Physik und Mathematik an der Universit\u00e4t Kiel, wo er 1993 auch promovierte. Als Postdoc forschte er mehrere Jahre in den USA, 1998 habilitierte er im Fach Experimentelle Physik an der Universit\u00e4t Kiel. Im Jahr 2001 folgte er dem Ruf auf eine Professur f\u00fcr Experimentelle Physik an der Technischen Universit\u00e4t Dortmund. Von 2004 bis 2008 war er dort Dekan der Fakult\u00e4t Physik. Tolan ist Mitglied in zahlreichen Gremien und Beir\u00e4ten, neben seinen Fachpublikationen ver\u00f6ffentlichte er bislang vier popul\u00e4rwissenschaftliche Sachb\u00fccher. F\u00fcr seine Arbeit wurde er mehrfach ausgezeichnet, unter anderem mit dem Communicator-Preis der Deutschen Forschungsgemeinschaft und des Stifterverbandes f\u00fcr die Deutsche Wissenschaft.<\/em><br \/>Bildrechte: Universit\u00e4t G\u00f6ttingen Wetter<\/p>\n","protected":false},"excerpt":{"rendered":"<p>Prof. Dr. Metin Tolan ist am Mittwoch zum neuen Pr\u00e4sidenten der Georg-August-Universit\u00e4t G\u00f6ttingen gew\u00e4hlt worden. Niedersachsens Wissenschaftsminister Bj\u00f6rn Th\u00fcmler gratulierte herzlich: \u201eIch freue mich, dass die Georg-August-Universit\u00e4t G\u00f6ttingen mit Metin Tolan an der Spitze in die Zukunft gehen wird. Als Experimentalphysiker hat er sich seinen exzellenten Ruf nicht nur als Wissenschaftler verdient, sondern auch als [&hellip;]<\/p>\n","protected":false},"author":1,"featured_media":0,"comment_status":"closed","ping_status":"closed","sticky":false,"template":"","format":"standard","meta":{"saved_in_kubio":false,"footnotes":""},"categories":[35],"tags":[],"class_list":["post-4786","post","type-post","status-publish","format-standard","hentry","category-universitaet"],"yoast_head":"<!-- This site is optimized with the Yoast SEO plugin v27.5 - https:\/\/yoast.com\/product\/yoast-seo-wordpress\/ -->\n<title>Metin Tolan zum neuen Pr\u00e4sidenten der Georg-August-Universit\u00e4t G\u00f6ttingen gew\u00e4hlt - Radio Leinewelle<\/title>\n<meta name=\"robots\" content=\"index, follow, max-snippet:-1, max-image-preview:large, max-video-preview:-1\" \/>\n<link rel=\"canonical\" href=\"https:\/\/radioleinewelle.de\/index.php\/2021\/01\/28\/metin-tolan-zum-neuen-praesidenten-der-georg-august-universitaet-goettingen-gewaehlt\/\" \/>\n<meta property=\"og:locale\" content=\"de_DE\" \/>\n<meta property=\"og:type\" content=\"article\" \/>\n<meta property=\"og:title\" content=\"Metin Tolan zum neuen Pr\u00e4sidenten der Georg-August-Universit\u00e4t G\u00f6ttingen gew\u00e4hlt - Radio Leinewelle\" \/>\n<meta property=\"og:description\" content=\"Prof. Dr. Metin Tolan ist am Mittwoch zum neuen Pr\u00e4sidenten der Georg-August-Universit\u00e4t G\u00f6ttingen gew\u00e4hlt worden. Niedersachsens Wissenschaftsminister Bj\u00f6rn Th\u00fcmler gratulierte herzlich: \u201eIch freue mich, dass die Georg-August-Universit\u00e4t G\u00f6ttingen mit Metin Tolan an der Spitze in die Zukunft gehen wird. Als Experimentalphysiker hat er sich seinen exzellenten Ruf nicht nur als Wissenschaftler verdient, sondern auch als [&hellip;]\" \/>\n<meta property=\"og:url\" content=\"https:\/\/radioleinewelle.de\/index.php\/2021\/01\/28\/metin-tolan-zum-neuen-praesidenten-der-georg-august-universitaet-goettingen-gewaehlt\/\" \/>\n<meta property=\"og:site_name\" content=\"Radio Leinewelle\" \/>\n<meta property=\"article:publisher\" content=\"https:\/\/www.facebook.com\/radioleinewelle\" \/>\n<meta property=\"article:author\" content=\"https:\/\/www.facebook.com\/radioleinewelle\" \/>\n<meta property=\"article:published_time\" content=\"2021-01-28T04:30:00+00:00\" \/>\n<meta name=\"author\" content=\"Leinewelle\" \/>\n<meta name=\"twitter:card\" content=\"summary_large_image\" \/>\n<meta name=\"twitter:creator\" content=\"@https:\/\/twitter.com\/RLeinewelle?ref_src=twsrcgoogletwcampserptwgrauthor\" \/>\n<meta name=\"twitter:site\" content=\"@RLeinewelle\" \/>\n<meta name=\"twitter:label1\" content=\"Verfasst von\" \/>\n\t<meta name=\"twitter:data1\" content=\"Leinewelle\" \/>\n\t<meta name=\"twitter:label2\" content=\"Gesch\u00e4tzte Lesezeit\" \/>\n\t<meta name=\"twitter:data2\" content=\"1\u00a0Minute\" \/>\n<script type=\"application\/ld+json\" class=\"yoast-schema-graph\">{\"@context\":\"https:\\\/\\\/schema.org\",\"@graph\":[{\"@type\":\"Article\",\"@id\":\"https:\\\/\\\/radioleinewelle.de\\\/index.php\\\/2021\\\/01\\\/28\\\/metin-tolan-zum-neuen-praesidenten-der-georg-august-universitaet-goettingen-gewaehlt\\\/#article\",\"isPartOf\":{\"@id\":\"https:\\\/\\\/radioleinewelle.de\\\/index.php\\\/2021\\\/01\\\/28\\\/metin-tolan-zum-neuen-praesidenten-der-georg-august-universitaet-goettingen-gewaehlt\\\/\"},\"author\":{\"name\":\"Leinewelle\",\"@id\":\"https:\\\/\\\/radioleinewelle.de\\\/#\\\/schema\\\/person\\\/45606f348637df637192dc1b68399a63\"},\"headline\":\"Metin Tolan zum neuen Pr\u00e4sidenten der Georg-August-Universit\u00e4t G\u00f6ttingen gew\u00e4hlt\",\"datePublished\":\"2021-01-28T04:30:00+00:00\",\"mainEntityOfPage\":{\"@id\":\"https:\\\/\\\/radioleinewelle.de\\\/index.php\\\/2021\\\/01\\\/28\\\/metin-tolan-zum-neuen-praesidenten-der-georg-august-universitaet-goettingen-gewaehlt\\\/\"},\"wordCount\":295,\"publisher\":{\"@id\":\"https:\\\/\\\/radioleinewelle.de\\\/#organization\"},\"articleSection\":[\"Universit\u00e4t\"],\"inLanguage\":\"de\"},{\"@type\":\"WebPage\",\"@id\":\"https:\\\/\\\/radioleinewelle.de\\\/index.php\\\/2021\\\/01\\\/28\\\/metin-tolan-zum-neuen-praesidenten-der-georg-august-universitaet-goettingen-gewaehlt\\\/\",\"url\":\"https:\\\/\\\/radioleinewelle.de\\\/index.php\\\/2021\\\/01\\\/28\\\/metin-tolan-zum-neuen-praesidenten-der-georg-august-universitaet-goettingen-gewaehlt\\\/\",\"name\":\"Metin Tolan zum neuen Pr\u00e4sidenten der Georg-August-Universit\u00e4t G\u00f6ttingen gew\u00e4hlt - Radio Leinewelle\",\"isPartOf\":{\"@id\":\"https:\\\/\\\/radioleinewelle.de\\\/#website\"},\"datePublished\":\"2021-01-28T04:30:00+00:00\",\"breadcrumb\":{\"@id\":\"https:\\\/\\\/radioleinewelle.de\\\/index.php\\\/2021\\\/01\\\/28\\\/metin-tolan-zum-neuen-praesidenten-der-georg-august-universitaet-goettingen-gewaehlt\\\/#breadcrumb\"},\"inLanguage\":\"de\",\"potentialAction\":[{\"@type\":\"ReadAction\",\"target\":[\"https:\\\/\\\/radioleinewelle.de\\\/index.php\\\/2021\\\/01\\\/28\\\/metin-tolan-zum-neuen-praesidenten-der-georg-august-universitaet-goettingen-gewaehlt\\\/\"]}]},{\"@type\":\"BreadcrumbList\",\"@id\":\"https:\\\/\\\/radioleinewelle.de\\\/index.php\\\/2021\\\/01\\\/28\\\/metin-tolan-zum-neuen-praesidenten-der-georg-august-universitaet-goettingen-gewaehlt\\\/#breadcrumb\",\"itemListElement\":[{\"@type\":\"ListItem\",\"position\":1,\"name\":\"Startseite\",\"item\":\"https:\\\/\\\/radioleinewelle.de\\\/\"},{\"@type\":\"ListItem\",\"position\":2,\"name\":\"Metin Tolan zum neuen Pr\u00e4sidenten der Georg-August-Universit\u00e4t G\u00f6ttingen gew\u00e4hlt\"}]},{\"@type\":\"WebSite\",\"@id\":\"https:\\\/\\\/radioleinewelle.de\\\/#website\",\"url\":\"https:\\\/\\\/radioleinewelle.de\\\/\",\"name\":\"Radio Leinewelle\",\"description\":\"\",\"publisher\":{\"@id\":\"https:\\\/\\\/radioleinewelle.de\\\/#organization\"},\"potentialAction\":[{\"@type\":\"SearchAction\",\"target\":{\"@type\":\"EntryPoint\",\"urlTemplate\":\"https:\\\/\\\/radioleinewelle.de\\\/?s={search_term_string}\"},\"query-input\":{\"@type\":\"PropertyValueSpecification\",\"valueRequired\":true,\"valueName\":\"search_term_string\"}}],\"inLanguage\":\"de\"},{\"@type\":\"Organization\",\"@id\":\"https:\\\/\\\/radioleinewelle.de\\\/#organization\",\"name\":\"Radio Leinewelle\",\"alternateName\":\"Mein Radio f\u00fcr S\u00fcdniedersachsen\",\"url\":\"https:\\\/\\\/radioleinewelle.de\\\/\",\"logo\":{\"@type\":\"ImageObject\",\"inLanguage\":\"de\",\"@id\":\"https:\\\/\\\/radioleinewelle.de\\\/#\\\/schema\\\/logo\\\/image\\\/\",\"url\":\"https:\\\/\\\/radioleinewelle.de\\\/wp-content\\\/uploads\\\/2023\\\/11\\\/cropped-Leinewelle_Logo_weiss.png\",\"contentUrl\":\"https:\\\/\\\/radioleinewelle.de\\\/wp-content\\\/uploads\\\/2023\\\/11\\\/cropped-Leinewelle_Logo_weiss.png\",\"width\":854,\"height\":260,\"caption\":\"Radio Leinewelle\"},\"image\":{\"@id\":\"https:\\\/\\\/radioleinewelle.de\\\/#\\\/schema\\\/logo\\\/image\\\/\"},\"sameAs\":[\"https:\\\/\\\/www.facebook.com\\\/radioleinewelle\",\"https:\\\/\\\/x.com\\\/RLeinewelle\",\"https:\\\/\\\/www.instagram.com\\\/radioleinewelle\\\/?hl=de\"]},{\"@type\":\"Person\",\"@id\":\"https:\\\/\\\/radioleinewelle.de\\\/#\\\/schema\\\/person\\\/45606f348637df637192dc1b68399a63\",\"name\":\"Leinewelle\",\"image\":{\"@type\":\"ImageObject\",\"inLanguage\":\"de\",\"@id\":\"https:\\\/\\\/secure.gravatar.com\\\/avatar\\\/05c9a17bc973052ee5d91549bd32fb4dd0dc85b7b85ae94b2e2b4943476bbea5?s=96&d=blank&r=g\",\"url\":\"https:\\\/\\\/secure.gravatar.com\\\/avatar\\\/05c9a17bc973052ee5d91549bd32fb4dd0dc85b7b85ae94b2e2b4943476bbea5?s=96&d=blank&r=g\",\"contentUrl\":\"https:\\\/\\\/secure.gravatar.com\\\/avatar\\\/05c9a17bc973052ee5d91549bd32fb4dd0dc85b7b85ae94b2e2b4943476bbea5?s=96&d=blank&r=g\",\"caption\":\"Leinewelle\"},\"sameAs\":[\"http:\\\/\\\/localhost\\\/radio%20leinewelle\\\/wordpress\",\"https:\\\/\\\/www.facebook.com\\\/radioleinewelle\",\"https:\\\/\\\/www.instagram.com\\\/radioleinewelle\",\"https:\\\/\\\/x.com\\\/https:\\\/\\\/twitter.com\\\/RLeinewelle?ref_src=twsrcgoogletwcampserptwgrauthor\",\"https:\\\/\\\/soundcloud.com\\\/foerderverein-lokalradio?utm_source=clipboard&utm_medium=text&utm_campaign=social_sharing\"],\"url\":\"https:\\\/\\\/radioleinewelle.de\\\/index.php\\\/author\\\/leinewelle\\\/\"}]}<\/script>\n<!-- \/ Yoast SEO plugin. -->","yoast_head_json":{"title":"Metin Tolan zum neuen Pr\u00e4sidenten der Georg-August-Universit\u00e4t G\u00f6ttingen gew\u00e4hlt - Radio Leinewelle","robots":{"index":"index","follow":"follow","max-snippet":"max-snippet:-1","max-image-preview":"max-image-preview:large","max-video-preview":"max-video-preview:-1"},"canonical":"https:\/\/radioleinewelle.de\/index.php\/2021\/01\/28\/metin-tolan-zum-neuen-praesidenten-der-georg-august-universitaet-goettingen-gewaehlt\/","og_locale":"de_DE","og_type":"article","og_title":"Metin Tolan zum neuen Pr\u00e4sidenten der Georg-August-Universit\u00e4t G\u00f6ttingen gew\u00e4hlt - Radio Leinewelle","og_description":"Prof. Dr. Metin Tolan ist am Mittwoch zum neuen Pr\u00e4sidenten der Georg-August-Universit\u00e4t G\u00f6ttingen gew\u00e4hlt worden. Niedersachsens Wissenschaftsminister Bj\u00f6rn Th\u00fcmler gratulierte herzlich: \u201eIch freue mich, dass die Georg-August-Universit\u00e4t G\u00f6ttingen mit Metin Tolan an der Spitze in die Zukunft gehen wird. Als Experimentalphysiker hat er sich seinen exzellenten Ruf nicht nur als Wissenschaftler verdient, sondern auch als [&hellip;]","og_url":"https:\/\/radioleinewelle.de\/index.php\/2021\/01\/28\/metin-tolan-zum-neuen-praesidenten-der-georg-august-universitaet-goettingen-gewaehlt\/","og_site_name":"Radio Leinewelle","article_publisher":"https:\/\/www.facebook.com\/radioleinewelle","article_author":"https:\/\/www.facebook.com\/radioleinewelle","article_published_time":"2021-01-28T04:30:00+00:00","author":"Leinewelle","twitter_card":"summary_large_image","twitter_creator":"@https:\/\/twitter.com\/RLeinewelle?ref_src=twsrcgoogletwcampserptwgrauthor","twitter_site":"@RLeinewelle","twitter_misc":{"Verfasst von":"Leinewelle","Gesch\u00e4tzte Lesezeit":"1\u00a0Minute"},"schema":{"@context":"https:\/\/schema.org","@graph":[{"@type":"Article","@id":"https:\/\/radioleinewelle.de\/index.php\/2021\/01\/28\/metin-tolan-zum-neuen-praesidenten-der-georg-august-universitaet-goettingen-gewaehlt\/#article","isPartOf":{"@id":"https:\/\/radioleinewelle.de\/index.php\/2021\/01\/28\/metin-tolan-zum-neuen-praesidenten-der-georg-august-universitaet-goettingen-gewaehlt\/"},"author":{"name":"Leinewelle","@id":"https:\/\/radioleinewelle.de\/#\/schema\/person\/45606f348637df637192dc1b68399a63"},"headline":"Metin Tolan zum neuen Pr\u00e4sidenten der Georg-August-Universit\u00e4t G\u00f6ttingen gew\u00e4hlt","datePublished":"2021-01-28T04:30:00+00:00","mainEntityOfPage":{"@id":"https:\/\/radioleinewelle.de\/index.php\/2021\/01\/28\/metin-tolan-zum-neuen-praesidenten-der-georg-august-universitaet-goettingen-gewaehlt\/"},"wordCount":295,"publisher":{"@id":"https:\/\/radioleinewelle.de\/#organization"},"articleSection":["Universit\u00e4t"],"inLanguage":"de"},{"@type":"WebPage","@id":"https:\/\/radioleinewelle.de\/index.php\/2021\/01\/28\/metin-tolan-zum-neuen-praesidenten-der-georg-august-universitaet-goettingen-gewaehlt\/","url":"https:\/\/radioleinewelle.de\/index.php\/2021\/01\/28\/metin-tolan-zum-neuen-praesidenten-der-georg-august-universitaet-goettingen-gewaehlt\/","name":"Metin Tolan zum neuen Pr\u00e4sidenten der Georg-August-Universit\u00e4t G\u00f6ttingen gew\u00e4hlt - Radio Leinewelle","isPartOf":{"@id":"https:\/\/radioleinewelle.de\/#website"},"datePublished":"2021-01-28T04:30:00+00:00","breadcrumb":{"@id":"https:\/\/radioleinewelle.de\/index.php\/2021\/01\/28\/metin-tolan-zum-neuen-praesidenten-der-georg-august-universitaet-goettingen-gewaehlt\/#breadcrumb"},"inLanguage":"de","potentialAction":[{"@type":"ReadAction","target":["https:\/\/radioleinewelle.de\/index.php\/2021\/01\/28\/metin-tolan-zum-neuen-praesidenten-der-georg-august-universitaet-goettingen-gewaehlt\/"]}]},{"@type":"BreadcrumbList","@id":"https:\/\/radioleinewelle.de\/index.php\/2021\/01\/28\/metin-tolan-zum-neuen-praesidenten-der-georg-august-universitaet-goettingen-gewaehlt\/#breadcrumb","itemListElement":[{"@type":"ListItem","position":1,"name":"Startseite","item":"https:\/\/radioleinewelle.de\/"},{"@type":"ListItem","position":2,"name":"Metin Tolan zum neuen Pr\u00e4sidenten der Georg-August-Universit\u00e4t G\u00f6ttingen gew\u00e4hlt"}]},{"@type":"WebSite","@id":"https:\/\/radioleinewelle.de\/#website","url":"https:\/\/radioleinewelle.de\/","name":"Radio Leinewelle","description":"","publisher":{"@id":"https:\/\/radioleinewelle.de\/#organization"},"potentialAction":[{"@type":"SearchAction","target":{"@type":"EntryPoint","urlTemplate":"https:\/\/radioleinewelle.de\/?s={search_term_string}"},"query-input":{"@type":"PropertyValueSpecification","valueRequired":true,"valueName":"search_term_string"}}],"inLanguage":"de"},{"@type":"Organization","@id":"https:\/\/radioleinewelle.de\/#organization","name":"Radio Leinewelle","alternateName":"Mein Radio f\u00fcr S\u00fcdniedersachsen","url":"https:\/\/radioleinewelle.de\/","logo":{"@type":"ImageObject","inLanguage":"de","@id":"https:\/\/radioleinewelle.de\/#\/schema\/logo\/image\/","url":"https:\/\/radioleinewelle.de\/wp-content\/uploads\/2023\/11\/cropped-Leinewelle_Logo_weiss.png","contentUrl":"https:\/\/radioleinewelle.de\/wp-content\/uploads\/2023\/11\/cropped-Leinewelle_Logo_weiss.png","width":854,"height":260,"caption":"Radio Leinewelle"},"image":{"@id":"https:\/\/radioleinewelle.de\/#\/schema\/logo\/image\/"},"sameAs":["https:\/\/www.facebook.com\/radioleinewelle","https:\/\/x.com\/RLeinewelle","https:\/\/www.instagram.com\/radioleinewelle\/?hl=de"]},{"@type":"Person","@id":"https:\/\/radioleinewelle.de\/#\/schema\/person\/45606f348637df637192dc1b68399a63","name":"Leinewelle","image":{"@type":"ImageObject","inLanguage":"de","@id":"https:\/\/secure.gravatar.com\/avatar\/05c9a17bc973052ee5d91549bd32fb4dd0dc85b7b85ae94b2e2b4943476bbea5?s=96&d=blank&r=g","url":"https:\/\/secure.gravatar.com\/avatar\/05c9a17bc973052ee5d91549bd32fb4dd0dc85b7b85ae94b2e2b4943476bbea5?s=96&d=blank&r=g","contentUrl":"https:\/\/secure.gravatar.com\/avatar\/05c9a17bc973052ee5d91549bd32fb4dd0dc85b7b85ae94b2e2b4943476bbea5?s=96&d=blank&r=g","caption":"Leinewelle"},"sameAs":["http:\/\/localhost\/radio%20leinewelle\/wordpress","https:\/\/www.facebook.com\/radioleinewelle","https:\/\/www.instagram.com\/radioleinewelle","https:\/\/x.com\/https:\/\/twitter.com\/RLeinewelle?ref_src=twsrcgoogletwcampserptwgrauthor","https:\/\/soundcloud.com\/foerderverein-lokalradio?utm_source=clipboard&utm_medium=text&utm_campaign=social_sharing"],"url":"https:\/\/radioleinewelle.de\/index.php\/author\/leinewelle\/"}]}},"_links":{"self":[{"href":"https:\/\/radioleinewelle.de\/index.php\/wp-json\/wp\/v2\/posts\/4786","targetHints":{"allow":["GET"]}}],"collection":[{"href":"https:\/\/radioleinewelle.de\/index.php\/wp-json\/wp\/v2\/posts"}],"about":[{"href":"https:\/\/radioleinewelle.de\/index.php\/wp-json\/wp\/v2\/types\/post"}],"author":[{"embeddable":true,"href":"https:\/\/radioleinewelle.de\/index.php\/wp-json\/wp\/v2\/users\/1"}],"replies":[{"embeddable":true,"href":"https:\/\/radioleinewelle.de\/index.php\/wp-json\/wp\/v2\/comments?post=4786"}],"version-history":[{"count":0,"href":"https:\/\/radioleinewelle.de\/index.php\/wp-json\/wp\/v2\/posts\/4786\/revisions"}],"wp:attachment":[{"href":"https:\/\/radioleinewelle.de\/index.php\/wp-json\/wp\/v2\/media?parent=4786"}],"wp:term":[{"taxonomy":"category","embeddable":true,"href":"https:\/\/radioleinewelle.de\/index.php\/wp-json\/wp\/v2\/categories?post=4786"},{"taxonomy":"post_tag","embeddable":true,"href":"https:\/\/radioleinewelle.de\/index.php\/wp-json\/wp\/v2\/tags?post=4786"}],"curies":[{"name":"wp","href":"https:\/\/api.w.org\/{rel}","templated":true}]}}