{"id":4787,"date":"2021-01-28T05:01:00","date_gmt":"2021-01-28T04:01:00","guid":{"rendered":"https:\/\/radioleinewelle.de\/?p=4787"},"modified":"2021-01-28T05:01:00","modified_gmt":"2021-01-28T04:01:00","slug":"corona-mutation-in-goettingen-nachgewiesen","status":"publish","type":"post","link":"https:\/\/radioleinewelle.de\/index.php\/2021\/01\/28\/corona-mutation-in-goettingen-nachgewiesen\/","title":{"rendered":"Corona-Mutation in G\u00f6ttingen nachgewiesen"},"content":{"rendered":"\n<p>Die sogenannte englische Variante der Corona-Mutation wurde jetzt auch in Landkreis und Stadt G\u00f6ttingen nachgewiesen. Bei insgesamt neun Personen wurde eine Infektion mit dem mutierten Virus festgestellt. Zwei weitere best\u00e4tigte F\u00e4lle leben in angrenzenden Landkreisen bzw. Bundesl\u00e4ndern und z\u00e4hlen offiziell nicht in die G\u00f6ttinger Statistik. Die Betroffenen sind allerdings in G\u00f6ttingen berufst\u00e4tig.<\/p>\n\n\n\n<p>Dass die Virus-Mutation nun auch lokal nachzuweisen ist, \u00fcberrascht Fachleute und Beh\u00f6rden nicht. \u201eNachdem die englische Mutation schon in anderen nieders\u00e4chsischen Kommunen nachgewiesen worden ist, war damit zu rechnen\u201c, sagt Petra Broistedt, Sozialdezernentin und Leiterin des Corona-Einsatzstabs der Stadt G\u00f6ttingen. Zugleich stellt sie fest: \u201eDas Gesundheitsamt f\u00fcr die Stadt und den Landkreis hat umgehend und professionell reagiert. Alle Infizierten und ihre Kontaktpersonen befinden sich in h\u00e4uslicher Quarant\u00e4ne. Die Kontaktpersonen wurden bereits getestet. Der Ausbruch wird mit h\u00f6chster Priorit\u00e4t vom Gesundheitsamt bearbeitet.\u201c Kreisr\u00e4tin Marlies Dornieden, Leiterin des Landkreis-Krisenstabs betont: \u201eDer Nachweis der Mutation im Landkreis zeigt, dass wir konsequent die AHA-Regeln beachten m\u00fcssen. Gerade weil die Inzidenzwerte sinken, sind Achtsamkeit und R\u00fccksicht wichtig. Unser Motto muss sein: Jetzt erst recht \u2013 Abstand, Hygienema\u00dfnahmen und Maske! Sie mindern das Infektionsrisiko, das die Virus-Mutation so gef\u00e4hrlich macht.\u201c<\/p>\n\n\n\n<p>Mehrere der betroffenen Menschen sind bei den G\u00f6ttinger Entsorgungsbetrieben (GEB) besch\u00e4ftigt. Dort wurden sofort umfangreiche Sicherheitsma\u00dfnahmen ergriffen: Alle Besch\u00e4ftigten im manuellen Bereich und in der Werkstatt werden zu ihrem eigenen Schutz vor Dienstbeginn ab sofort einem Schnelltest auf das SARS-CoV-2-Virus unterzogen. Schl\u00e4gt der Schnelltest positiv aus, folgt ein sofortiger PCR-Test, bei dem auch die Infizierung mit der Mutation untersucht wird. Eine PCR-Reihentestung des gesamten Personals ist in Vorbereitung.<\/p>\n\n\n\n<p>Noch ist nicht abzusehen, ob sich das Infektionsgeschehen auf den Dienstbetrieb der GEB auswirken wird. Das h\u00e4nge vor allem von den Ergebnissen der PCR-Tests ab, die in den n\u00e4chsten Tagen abgenommen w\u00fcrden, so Dirk Brandenburg, Betriebsleiter der GEB. \u201eWir stehen im engen Austausch mit dem Gesundheitsamt und unterst\u00fctzen alle Ma\u00dfnahmen, die getroffen werden. Sobald sich die Situation aussch\u00e4rft, k\u00f6nnen wir die n\u00e4chsten Schritte planen.\u201c<\/p>\n","protected":false},"excerpt":{"rendered":"<p>Die sogenannte englische Variante der Corona-Mutation wurde jetzt auch in Landkreis und Stadt G\u00f6ttingen nachgewiesen. Bei insgesamt neun Personen wurde eine Infektion mit dem mutierten Virus festgestellt. Zwei weitere best\u00e4tigte F\u00e4lle leben in angrenzenden Landkreisen bzw. Bundesl\u00e4ndern und z\u00e4hlen offiziell nicht in die G\u00f6ttinger Statistik. Die Betroffenen sind allerdings in G\u00f6ttingen berufst\u00e4tig. Dass die Virus-Mutation [&hellip;]<\/p>\n","protected":false},"author":1,"featured_media":4789,"comment_status":"closed","ping_status":"closed","sticky":false,"template":"","format":"standard","meta":{"saved_in_kubio":false,"footnotes":""},"categories":[23],"tags":[],"class_list":["post-4787","post","type-post","status-publish","format-standard","has-post-thumbnail","hentry","category-corona"],"yoast_head":"<!-- This site is optimized with the Yoast SEO plugin v27.5 - https:\/\/yoast.com\/product\/yoast-seo-wordpress\/ -->\n<title>Corona-Mutation in G\u00f6ttingen nachgewiesen - Radio Leinewelle<\/title>\n<meta name=\"robots\" content=\"index, follow, max-snippet:-1, max-image-preview:large, max-video-preview:-1\" \/>\n<link rel=\"canonical\" href=\"https:\/\/radioleinewelle.de\/index.php\/2021\/01\/28\/corona-mutation-in-goettingen-nachgewiesen\/\" \/>\n<meta property=\"og:locale\" content=\"de_DE\" \/>\n<meta property=\"og:type\" content=\"article\" \/>\n<meta property=\"og:title\" content=\"Corona-Mutation in G\u00f6ttingen nachgewiesen - Radio Leinewelle\" \/>\n<meta property=\"og:description\" content=\"Die sogenannte englische Variante der Corona-Mutation wurde jetzt auch in Landkreis und Stadt G\u00f6ttingen nachgewiesen. Bei insgesamt neun Personen wurde eine Infektion mit dem mutierten Virus festgestellt. Zwei weitere best\u00e4tigte F\u00e4lle leben in angrenzenden Landkreisen bzw. Bundesl\u00e4ndern und z\u00e4hlen offiziell nicht in die G\u00f6ttinger Statistik. Die Betroffenen sind allerdings in G\u00f6ttingen berufst\u00e4tig. Dass die Virus-Mutation [&hellip;]\" \/>\n<meta property=\"og:url\" content=\"https:\/\/radioleinewelle.de\/index.php\/2021\/01\/28\/corona-mutation-in-goettingen-nachgewiesen\/\" \/>\n<meta property=\"og:site_name\" content=\"Radio Leinewelle\" \/>\n<meta property=\"article:publisher\" content=\"https:\/\/www.facebook.com\/radioleinewelle\" \/>\n<meta property=\"article:author\" content=\"https:\/\/www.facebook.com\/radioleinewelle\" \/>\n<meta property=\"article:published_time\" content=\"2021-01-28T04:01:00+00:00\" \/>\n<meta property=\"og:image\" content=\"https:\/\/radioleinewelle.de\/wp-content\/uploads\/2021\/01\/presentation-5913527_640.jpg\" \/>\n\t<meta property=\"og:image:width\" content=\"640\" \/>\n\t<meta property=\"og:image:height\" content=\"452\" \/>\n\t<meta property=\"og:image:type\" content=\"image\/jpeg\" \/>\n<meta name=\"author\" content=\"Leinewelle\" \/>\n<meta name=\"twitter:card\" content=\"summary_large_image\" \/>\n<meta name=\"twitter:creator\" content=\"@https:\/\/twitter.com\/RLeinewelle?ref_src=twsrcgoogletwcampserptwgrauthor\" \/>\n<meta name=\"twitter:site\" content=\"@RLeinewelle\" \/>\n<meta name=\"twitter:label1\" content=\"Verfasst von\" \/>\n\t<meta name=\"twitter:data1\" content=\"Leinewelle\" \/>\n\t<meta name=\"twitter:label2\" content=\"Gesch\u00e4tzte Lesezeit\" \/>\n\t<meta name=\"twitter:data2\" content=\"2\u00a0Minuten\" \/>\n<script type=\"application\/ld+json\" class=\"yoast-schema-graph\">{\"@context\":\"https:\\\/\\\/schema.org\",\"@graph\":[{\"@type\":\"Article\",\"@id\":\"https:\\\/\\\/radioleinewelle.de\\\/index.php\\\/2021\\\/01\\\/28\\\/corona-mutation-in-goettingen-nachgewiesen\\\/#article\",\"isPartOf\":{\"@id\":\"https:\\\/\\\/radioleinewelle.de\\\/index.php\\\/2021\\\/01\\\/28\\\/corona-mutation-in-goettingen-nachgewiesen\\\/\"},\"author\":{\"name\":\"Leinewelle\",\"@id\":\"https:\\\/\\\/radioleinewelle.de\\\/#\\\/schema\\\/person\\\/45606f348637df637192dc1b68399a63\"},\"headline\":\"Corona-Mutation in G\u00f6ttingen nachgewiesen\",\"datePublished\":\"2021-01-28T04:01:00+00:00\",\"mainEntityOfPage\":{\"@id\":\"https:\\\/\\\/radioleinewelle.de\\\/index.php\\\/2021\\\/01\\\/28\\\/corona-mutation-in-goettingen-nachgewiesen\\\/\"},\"wordCount\":357,\"publisher\":{\"@id\":\"https:\\\/\\\/radioleinewelle.de\\\/#organization\"},\"image\":{\"@id\":\"https:\\\/\\\/radioleinewelle.de\\\/index.php\\\/2021\\\/01\\\/28\\\/corona-mutation-in-goettingen-nachgewiesen\\\/#primaryimage\"},\"thumbnailUrl\":\"https:\\\/\\\/radioleinewelle.de\\\/wp-content\\\/uploads\\\/2021\\\/01\\\/presentation-5913527_640.jpg\",\"articleSection\":[\"Corona\"],\"inLanguage\":\"de\"},{\"@type\":\"WebPage\",\"@id\":\"https:\\\/\\\/radioleinewelle.de\\\/index.php\\\/2021\\\/01\\\/28\\\/corona-mutation-in-goettingen-nachgewiesen\\\/\",\"url\":\"https:\\\/\\\/radioleinewelle.de\\\/index.php\\\/2021\\\/01\\\/28\\\/corona-mutation-in-goettingen-nachgewiesen\\\/\",\"name\":\"Corona-Mutation in G\u00f6ttingen nachgewiesen - Radio Leinewelle\",\"isPartOf\":{\"@id\":\"https:\\\/\\\/radioleinewelle.de\\\/#website\"},\"primaryImageOfPage\":{\"@id\":\"https:\\\/\\\/radioleinewelle.de\\\/index.php\\\/2021\\\/01\\\/28\\\/corona-mutation-in-goettingen-nachgewiesen\\\/#primaryimage\"},\"image\":{\"@id\":\"https:\\\/\\\/radioleinewelle.de\\\/index.php\\\/2021\\\/01\\\/28\\\/corona-mutation-in-goettingen-nachgewiesen\\\/#primaryimage\"},\"thumbnailUrl\":\"https:\\\/\\\/radioleinewelle.de\\\/wp-content\\\/uploads\\\/2021\\\/01\\\/presentation-5913527_640.jpg\",\"datePublished\":\"2021-01-28T04:01:00+00:00\",\"breadcrumb\":{\"@id\":\"https:\\\/\\\/radioleinewelle.de\\\/index.php\\\/2021\\\/01\\\/28\\\/corona-mutation-in-goettingen-nachgewiesen\\\/#breadcrumb\"},\"inLanguage\":\"de\",\"potentialAction\":[{\"@type\":\"ReadAction\",\"target\":[\"https:\\\/\\\/radioleinewelle.de\\\/index.php\\\/2021\\\/01\\\/28\\\/corona-mutation-in-goettingen-nachgewiesen\\\/\"]}]},{\"@type\":\"ImageObject\",\"inLanguage\":\"de\",\"@id\":\"https:\\\/\\\/radioleinewelle.de\\\/index.php\\\/2021\\\/01\\\/28\\\/corona-mutation-in-goettingen-nachgewiesen\\\/#primaryimage\",\"url\":\"https:\\\/\\\/radioleinewelle.de\\\/wp-content\\\/uploads\\\/2021\\\/01\\\/presentation-5913527_640.jpg\",\"contentUrl\":\"https:\\\/\\\/radioleinewelle.de\\\/wp-content\\\/uploads\\\/2021\\\/01\\\/presentation-5913527_640.jpg\",\"width\":640,\"height\":452},{\"@type\":\"BreadcrumbList\",\"@id\":\"https:\\\/\\\/radioleinewelle.de\\\/index.php\\\/2021\\\/01\\\/28\\\/corona-mutation-in-goettingen-nachgewiesen\\\/#breadcrumb\",\"itemListElement\":[{\"@type\":\"ListItem\",\"position\":1,\"name\":\"Startseite\",\"item\":\"https:\\\/\\\/radioleinewelle.de\\\/\"},{\"@type\":\"ListItem\",\"position\":2,\"name\":\"Corona-Mutation in G\u00f6ttingen nachgewiesen\"}]},{\"@type\":\"WebSite\",\"@id\":\"https:\\\/\\\/radioleinewelle.de\\\/#website\",\"url\":\"https:\\\/\\\/radioleinewelle.de\\\/\",\"name\":\"Radio Leinewelle\",\"description\":\"\",\"publisher\":{\"@id\":\"https:\\\/\\\/radioleinewelle.de\\\/#organization\"},\"potentialAction\":[{\"@type\":\"SearchAction\",\"target\":{\"@type\":\"EntryPoint\",\"urlTemplate\":\"https:\\\/\\\/radioleinewelle.de\\\/?s={search_term_string}\"},\"query-input\":{\"@type\":\"PropertyValueSpecification\",\"valueRequired\":true,\"valueName\":\"search_term_string\"}}],\"inLanguage\":\"de\"},{\"@type\":\"Organization\",\"@id\":\"https:\\\/\\\/radioleinewelle.de\\\/#organization\",\"name\":\"Radio Leinewelle\",\"alternateName\":\"Mein Radio f\u00fcr S\u00fcdniedersachsen\",\"url\":\"https:\\\/\\\/radioleinewelle.de\\\/\",\"logo\":{\"@type\":\"ImageObject\",\"inLanguage\":\"de\",\"@id\":\"https:\\\/\\\/radioleinewelle.de\\\/#\\\/schema\\\/logo\\\/image\\\/\",\"url\":\"https:\\\/\\\/radioleinewelle.de\\\/wp-content\\\/uploads\\\/2023\\\/11\\\/cropped-Leinewelle_Logo_weiss.png\",\"contentUrl\":\"https:\\\/\\\/radioleinewelle.de\\\/wp-content\\\/uploads\\\/2023\\\/11\\\/cropped-Leinewelle_Logo_weiss.png\",\"width\":854,\"height\":260,\"caption\":\"Radio Leinewelle\"},\"image\":{\"@id\":\"https:\\\/\\\/radioleinewelle.de\\\/#\\\/schema\\\/logo\\\/image\\\/\"},\"sameAs\":[\"https:\\\/\\\/www.facebook.com\\\/radioleinewelle\",\"https:\\\/\\\/x.com\\\/RLeinewelle\",\"https:\\\/\\\/www.instagram.com\\\/radioleinewelle\\\/?hl=de\"]},{\"@type\":\"Person\",\"@id\":\"https:\\\/\\\/radioleinewelle.de\\\/#\\\/schema\\\/person\\\/45606f348637df637192dc1b68399a63\",\"name\":\"Leinewelle\",\"image\":{\"@type\":\"ImageObject\",\"inLanguage\":\"de\",\"@id\":\"https:\\\/\\\/secure.gravatar.com\\\/avatar\\\/05c9a17bc973052ee5d91549bd32fb4dd0dc85b7b85ae94b2e2b4943476bbea5?s=96&d=blank&r=g\",\"url\":\"https:\\\/\\\/secure.gravatar.com\\\/avatar\\\/05c9a17bc973052ee5d91549bd32fb4dd0dc85b7b85ae94b2e2b4943476bbea5?s=96&d=blank&r=g\",\"contentUrl\":\"https:\\\/\\\/secure.gravatar.com\\\/avatar\\\/05c9a17bc973052ee5d91549bd32fb4dd0dc85b7b85ae94b2e2b4943476bbea5?s=96&d=blank&r=g\",\"caption\":\"Leinewelle\"},\"sameAs\":[\"http:\\\/\\\/localhost\\\/radio%20leinewelle\\\/wordpress\",\"https:\\\/\\\/www.facebook.com\\\/radioleinewelle\",\"https:\\\/\\\/www.instagram.com\\\/radioleinewelle\",\"https:\\\/\\\/x.com\\\/https:\\\/\\\/twitter.com\\\/RLeinewelle?ref_src=twsrcgoogletwcampserptwgrauthor\",\"https:\\\/\\\/soundcloud.com\\\/foerderverein-lokalradio?utm_source=clipboard&utm_medium=text&utm_campaign=social_sharing\"],\"url\":\"https:\\\/\\\/radioleinewelle.de\\\/index.php\\\/author\\\/leinewelle\\\/\"}]}<\/script>\n<!-- \/ Yoast SEO plugin. -->","yoast_head_json":{"title":"Corona-Mutation in G\u00f6ttingen nachgewiesen - Radio Leinewelle","robots":{"index":"index","follow":"follow","max-snippet":"max-snippet:-1","max-image-preview":"max-image-preview:large","max-video-preview":"max-video-preview:-1"},"canonical":"https:\/\/radioleinewelle.de\/index.php\/2021\/01\/28\/corona-mutation-in-goettingen-nachgewiesen\/","og_locale":"de_DE","og_type":"article","og_title":"Corona-Mutation in G\u00f6ttingen nachgewiesen - Radio Leinewelle","og_description":"Die sogenannte englische Variante der Corona-Mutation wurde jetzt auch in Landkreis und Stadt G\u00f6ttingen nachgewiesen. Bei insgesamt neun Personen wurde eine Infektion mit dem mutierten Virus festgestellt. Zwei weitere best\u00e4tigte F\u00e4lle leben in angrenzenden Landkreisen bzw. Bundesl\u00e4ndern und z\u00e4hlen offiziell nicht in die G\u00f6ttinger Statistik. Die Betroffenen sind allerdings in G\u00f6ttingen berufst\u00e4tig. Dass die Virus-Mutation [&hellip;]","og_url":"https:\/\/radioleinewelle.de\/index.php\/2021\/01\/28\/corona-mutation-in-goettingen-nachgewiesen\/","og_site_name":"Radio Leinewelle","article_publisher":"https:\/\/www.facebook.com\/radioleinewelle","article_author":"https:\/\/www.facebook.com\/radioleinewelle","article_published_time":"2021-01-28T04:01:00+00:00","og_image":[{"width":640,"height":452,"url":"https:\/\/radioleinewelle.de\/wp-content\/uploads\/2021\/01\/presentation-5913527_640.jpg","type":"image\/jpeg"}],"author":"Leinewelle","twitter_card":"summary_large_image","twitter_creator":"@https:\/\/twitter.com\/RLeinewelle?ref_src=twsrcgoogletwcampserptwgrauthor","twitter_site":"@RLeinewelle","twitter_misc":{"Verfasst von":"Leinewelle","Gesch\u00e4tzte Lesezeit":"2\u00a0Minuten"},"schema":{"@context":"https:\/\/schema.org","@graph":[{"@type":"Article","@id":"https:\/\/radioleinewelle.de\/index.php\/2021\/01\/28\/corona-mutation-in-goettingen-nachgewiesen\/#article","isPartOf":{"@id":"https:\/\/radioleinewelle.de\/index.php\/2021\/01\/28\/corona-mutation-in-goettingen-nachgewiesen\/"},"author":{"name":"Leinewelle","@id":"https:\/\/radioleinewelle.de\/#\/schema\/person\/45606f348637df637192dc1b68399a63"},"headline":"Corona-Mutation in G\u00f6ttingen nachgewiesen","datePublished":"2021-01-28T04:01:00+00:00","mainEntityOfPage":{"@id":"https:\/\/radioleinewelle.de\/index.php\/2021\/01\/28\/corona-mutation-in-goettingen-nachgewiesen\/"},"wordCount":357,"publisher":{"@id":"https:\/\/radioleinewelle.de\/#organization"},"image":{"@id":"https:\/\/radioleinewelle.de\/index.php\/2021\/01\/28\/corona-mutation-in-goettingen-nachgewiesen\/#primaryimage"},"thumbnailUrl":"https:\/\/radioleinewelle.de\/wp-content\/uploads\/2021\/01\/presentation-5913527_640.jpg","articleSection":["Corona"],"inLanguage":"de"},{"@type":"WebPage","@id":"https:\/\/radioleinewelle.de\/index.php\/2021\/01\/28\/corona-mutation-in-goettingen-nachgewiesen\/","url":"https:\/\/radioleinewelle.de\/index.php\/2021\/01\/28\/corona-mutation-in-goettingen-nachgewiesen\/","name":"Corona-Mutation in G\u00f6ttingen nachgewiesen - Radio Leinewelle","isPartOf":{"@id":"https:\/\/radioleinewelle.de\/#website"},"primaryImageOfPage":{"@id":"https:\/\/radioleinewelle.de\/index.php\/2021\/01\/28\/corona-mutation-in-goettingen-nachgewiesen\/#primaryimage"},"image":{"@id":"https:\/\/radioleinewelle.de\/index.php\/2021\/01\/28\/corona-mutation-in-goettingen-nachgewiesen\/#primaryimage"},"thumbnailUrl":"https:\/\/radioleinewelle.de\/wp-content\/uploads\/2021\/01\/presentation-5913527_640.jpg","datePublished":"2021-01-28T04:01:00+00:00","breadcrumb":{"@id":"https:\/\/radioleinewelle.de\/index.php\/2021\/01\/28\/corona-mutation-in-goettingen-nachgewiesen\/#breadcrumb"},"inLanguage":"de","potentialAction":[{"@type":"ReadAction","target":["https:\/\/radioleinewelle.de\/index.php\/2021\/01\/28\/corona-mutation-in-goettingen-nachgewiesen\/"]}]},{"@type":"ImageObject","inLanguage":"de","@id":"https:\/\/radioleinewelle.de\/index.php\/2021\/01\/28\/corona-mutation-in-goettingen-nachgewiesen\/#primaryimage","url":"https:\/\/radioleinewelle.de\/wp-content\/uploads\/2021\/01\/presentation-5913527_640.jpg","contentUrl":"https:\/\/radioleinewelle.de\/wp-content\/uploads\/2021\/01\/presentation-5913527_640.jpg","width":640,"height":452},{"@type":"BreadcrumbList","@id":"https:\/\/radioleinewelle.de\/index.php\/2021\/01\/28\/corona-mutation-in-goettingen-nachgewiesen\/#breadcrumb","itemListElement":[{"@type":"ListItem","position":1,"name":"Startseite","item":"https:\/\/radioleinewelle.de\/"},{"@type":"ListItem","position":2,"name":"Corona-Mutation in G\u00f6ttingen nachgewiesen"}]},{"@type":"WebSite","@id":"https:\/\/radioleinewelle.de\/#website","url":"https:\/\/radioleinewelle.de\/","name":"Radio Leinewelle","description":"","publisher":{"@id":"https:\/\/radioleinewelle.de\/#organization"},"potentialAction":[{"@type":"SearchAction","target":{"@type":"EntryPoint","urlTemplate":"https:\/\/radioleinewelle.de\/?s={search_term_string}"},"query-input":{"@type":"PropertyValueSpecification","valueRequired":true,"valueName":"search_term_string"}}],"inLanguage":"de"},{"@type":"Organization","@id":"https:\/\/radioleinewelle.de\/#organization","name":"Radio Leinewelle","alternateName":"Mein Radio f\u00fcr S\u00fcdniedersachsen","url":"https:\/\/radioleinewelle.de\/","logo":{"@type":"ImageObject","inLanguage":"de","@id":"https:\/\/radioleinewelle.de\/#\/schema\/logo\/image\/","url":"https:\/\/radioleinewelle.de\/wp-content\/uploads\/2023\/11\/cropped-Leinewelle_Logo_weiss.png","contentUrl":"https:\/\/radioleinewelle.de\/wp-content\/uploads\/2023\/11\/cropped-Leinewelle_Logo_weiss.png","width":854,"height":260,"caption":"Radio Leinewelle"},"image":{"@id":"https:\/\/radioleinewelle.de\/#\/schema\/logo\/image\/"},"sameAs":["https:\/\/www.facebook.com\/radioleinewelle","https:\/\/x.com\/RLeinewelle","https:\/\/www.instagram.com\/radioleinewelle\/?hl=de"]},{"@type":"Person","@id":"https:\/\/radioleinewelle.de\/#\/schema\/person\/45606f348637df637192dc1b68399a63","name":"Leinewelle","image":{"@type":"ImageObject","inLanguage":"de","@id":"https:\/\/secure.gravatar.com\/avatar\/05c9a17bc973052ee5d91549bd32fb4dd0dc85b7b85ae94b2e2b4943476bbea5?s=96&d=blank&r=g","url":"https:\/\/secure.gravatar.com\/avatar\/05c9a17bc973052ee5d91549bd32fb4dd0dc85b7b85ae94b2e2b4943476bbea5?s=96&d=blank&r=g","contentUrl":"https:\/\/secure.gravatar.com\/avatar\/05c9a17bc973052ee5d91549bd32fb4dd0dc85b7b85ae94b2e2b4943476bbea5?s=96&d=blank&r=g","caption":"Leinewelle"},"sameAs":["http:\/\/localhost\/radio%20leinewelle\/wordpress","https:\/\/www.facebook.com\/radioleinewelle","https:\/\/www.instagram.com\/radioleinewelle","https:\/\/x.com\/https:\/\/twitter.com\/RLeinewelle?ref_src=twsrcgoogletwcampserptwgrauthor","https:\/\/soundcloud.com\/foerderverein-lokalradio?utm_source=clipboard&utm_medium=text&utm_campaign=social_sharing"],"url":"https:\/\/radioleinewelle.de\/index.php\/author\/leinewelle\/"}]}},"_links":{"self":[{"href":"https:\/\/radioleinewelle.de\/index.php\/wp-json\/wp\/v2\/posts\/4787","targetHints":{"allow":["GET"]}}],"collection":[{"href":"https:\/\/radioleinewelle.de\/index.php\/wp-json\/wp\/v2\/posts"}],"about":[{"href":"https:\/\/radioleinewelle.de\/index.php\/wp-json\/wp\/v2\/types\/post"}],"author":[{"embeddable":true,"href":"https:\/\/radioleinewelle.de\/index.php\/wp-json\/wp\/v2\/users\/1"}],"replies":[{"embeddable":true,"href":"https:\/\/radioleinewelle.de\/index.php\/wp-json\/wp\/v2\/comments?post=4787"}],"version-history":[{"count":0,"href":"https:\/\/radioleinewelle.de\/index.php\/wp-json\/wp\/v2\/posts\/4787\/revisions"}],"wp:featuredmedia":[{"embeddable":true,"href":"https:\/\/radioleinewelle.de\/index.php\/wp-json\/wp\/v2\/media\/4789"}],"wp:attachment":[{"href":"https:\/\/radioleinewelle.de\/index.php\/wp-json\/wp\/v2\/media?parent=4787"}],"wp:term":[{"taxonomy":"category","embeddable":true,"href":"https:\/\/radioleinewelle.de\/index.php\/wp-json\/wp\/v2\/categories?post=4787"},{"taxonomy":"post_tag","embeddable":true,"href":"https:\/\/radioleinewelle.de\/index.php\/wp-json\/wp\/v2\/tags?post=4787"}],"curies":[{"name":"wp","href":"https:\/\/api.w.org\/{rel}","templated":true}]}}