{"id":4796,"date":"2021-01-28T05:10:00","date_gmt":"2021-01-28T04:10:00","guid":{"rendered":"https:\/\/radioleinewelle.de\/?p=4796"},"modified":"2021-01-28T05:10:00","modified_gmt":"2021-01-28T04:10:00","slug":"spd-kreistagsfraktion-setzt-sich-fuer-hoehere-foerderung-der-sportstaetten-ein","status":"publish","type":"post","link":"https:\/\/radioleinewelle.de\/index.php\/2021\/01\/28\/spd-kreistagsfraktion-setzt-sich-fuer-hoehere-foerderung-der-sportstaetten-ein\/","title":{"rendered":"SPD Kreistagsfraktion setzt sich f\u00fcr h\u00f6here F\u00f6rderung der Sportst\u00e4tten ein"},"content":{"rendered":"\n<p>F\u00fcr h\u00f6here F\u00f6rders\u00e4tze beim Sportst\u00e4ttenf\u00f6rderprogramm setzt sich die SPD-Fraktion ein. Wolfgang Meyer: &#8222;Wir wollen wir es nicht nur bei einer Erh\u00f6hung um 325.000 Euro belassen, sondern schlagen zus\u00e4tzlich vor, die F\u00f6rders\u00e4tze f\u00fcr das Jahr 2021 von 30 auf bis zu 50 Prozent hochzusetzen.&#8220;<\/p>\n\n\n\n<p>\u201eUns war schon bei Beginn der Verhandlungen zum Nachtragshaushalt klar, dass wir etwas tun m\u00fcssen f\u00fcr die Investitionsf\u00e4higkeit der Gemeinden. Eine reine Ausweitung des eingestellten F\u00f6rdervolumens w\u00fcrde nach unserer Einsch\u00e4tzung nicht ausreichen, da diese Gelder unter den derzeitigen finanziellen Voraussetzungen der Gemeinden nicht abgerufen w\u00fcrden. Deswegen wollen wir es nicht nur bei einer Erh\u00f6hung um 325.000 Euro belassen, sondern schlagen zus\u00e4tzlich vor, dass die F\u00f6rders\u00e4tze f\u00fcr das Jahr 2021 erh\u00f6ht werden\u201c, erkl\u00e4rt Wolfgang Meyer, Vorsitzender des Sportausschusses.<\/p>\n\n\n\n<p>\u201eSportst\u00e4tten sind wichtige Unterrichtsr\u00e4ume f\u00fcr Sch\u00fclerinnen und Sch\u00fcler, ebenso aber auch notwendige \u00dcbungsst\u00e4tten f\u00fcr die Vereine in ihrem sportlich-sozialen Zweck. Beide Institutionen sind durch die Corona-Krise erheblich aus ihrem gewohnten Alltag gerissen worden\u201c, so Meyer und weist auch auf den klimapolitischen Aspekt hin: \u201eDurch h\u00f6here F\u00f6rders\u00e4tze ausgel\u00f6ste Investitionen in umweltfreundliche und Energie sparende Technik ist ganz nebenbei auch eine sinnvolle Investition in Klimafreundlichkeit\u201c.<\/p>\n\n\n\n<p>\u201eGemeinden sind sehr oft Tr\u00e4ger der Sporthallen und Sportanlagen f\u00fcr die Grundschulen. Ihnen wollen wir durch diese Ma\u00dfnahme in besonderer Weise Unterst\u00fctzung geben, um die jetzt notwendigen Investitionen zu stemmen\u201c, erg\u00e4nzt er. \u201eDeshalb schlagen wir vor, bei Beibehaltung der H\u00f6chstf\u00f6rderung von 130.000 Euro die F\u00f6rders\u00e4tze f\u00fcr das Jahr 2021 von 30 auf bis zu 50 Prozent hochzusetzen. Das d\u00fcrfte die Investitionsbereitschaft in den Gemeinden anheben, und das w\u00fcrde alle Beteiligten freuen \u2013 Sch\u00fcler*innen, Vereinssportler*innen und die Politik.\u201c<\/p>\n\n\n\n<p>Bild von&nbsp;<a href=\"https:\/\/pixabay.com\/de\/users\/fotoshoptofs-2171839\/?utm_source=link-attribution&amp;utm_medium=referral&amp;utm_campaign=image&amp;utm_content=1493006\">Welcome to all and thank you for your visit ! \u30c4<\/a>&nbsp;auf&nbsp;<a href=\"https:\/\/pixabay.com\/de\/?utm_source=link-attribution&amp;utm_medium=referral&amp;utm_campaign=image&amp;utm_content=1493006\">Pixabay<\/a>&nbsp;<a href=\"https:\/\/spd-kreistag-goettingen.de\/meldungen\/deutliche-finanzielle-staerkung-der-gemeinden-im-jahr-2021\"><\/a><\/p>\n","protected":false},"excerpt":{"rendered":"<p>F\u00fcr h\u00f6here F\u00f6rders\u00e4tze beim Sportst\u00e4ttenf\u00f6rderprogramm setzt sich die SPD-Fraktion ein. Wolfgang Meyer: &#8222;Wir wollen wir es nicht nur bei einer Erh\u00f6hung um 325.000 Euro belassen, sondern schlagen zus\u00e4tzlich vor, die F\u00f6rders\u00e4tze f\u00fcr das Jahr 2021 von 30 auf bis zu 50 Prozent hochzusetzen.&#8220; \u201eUns war schon bei Beginn der Verhandlungen zum Nachtragshaushalt klar, dass wir [&hellip;]<\/p>\n","protected":false},"author":1,"featured_media":4798,"comment_status":"closed","ping_status":"closed","sticky":false,"template":"","format":"standard","meta":{"saved_in_kubio":false,"footnotes":""},"categories":[39],"tags":[],"class_list":["post-4796","post","type-post","status-publish","format-standard","has-post-thumbnail","hentry","category-lokalpolitik"],"yoast_head":"<!-- This site is optimized with the Yoast SEO plugin v27.5 - https:\/\/yoast.com\/product\/yoast-seo-wordpress\/ -->\n<title>SPD Kreistagsfraktion setzt sich f\u00fcr h\u00f6here F\u00f6rderung der Sportst\u00e4tten ein - Radio Leinewelle<\/title>\n<meta name=\"robots\" content=\"index, follow, max-snippet:-1, max-image-preview:large, max-video-preview:-1\" \/>\n<link rel=\"canonical\" href=\"https:\/\/radioleinewelle.de\/index.php\/2021\/01\/28\/spd-kreistagsfraktion-setzt-sich-fuer-hoehere-foerderung-der-sportstaetten-ein\/\" \/>\n<meta property=\"og:locale\" content=\"de_DE\" \/>\n<meta property=\"og:type\" content=\"article\" \/>\n<meta property=\"og:title\" content=\"SPD Kreistagsfraktion setzt sich f\u00fcr h\u00f6here F\u00f6rderung der Sportst\u00e4tten ein - Radio Leinewelle\" \/>\n<meta property=\"og:description\" content=\"F\u00fcr h\u00f6here F\u00f6rders\u00e4tze beim Sportst\u00e4ttenf\u00f6rderprogramm setzt sich die SPD-Fraktion ein. Wolfgang Meyer: &#8222;Wir wollen wir es nicht nur bei einer Erh\u00f6hung um 325.000 Euro belassen, sondern schlagen zus\u00e4tzlich vor, die F\u00f6rders\u00e4tze f\u00fcr das Jahr 2021 von 30 auf bis zu 50 Prozent hochzusetzen.&#8220; \u201eUns war schon bei Beginn der Verhandlungen zum Nachtragshaushalt klar, dass wir [&hellip;]\" \/>\n<meta property=\"og:url\" content=\"https:\/\/radioleinewelle.de\/index.php\/2021\/01\/28\/spd-kreistagsfraktion-setzt-sich-fuer-hoehere-foerderung-der-sportstaetten-ein\/\" \/>\n<meta property=\"og:site_name\" content=\"Radio Leinewelle\" \/>\n<meta property=\"article:publisher\" content=\"https:\/\/www.facebook.com\/radioleinewelle\" \/>\n<meta property=\"article:author\" content=\"https:\/\/www.facebook.com\/radioleinewelle\" \/>\n<meta property=\"article:published_time\" content=\"2021-01-28T04:10:00+00:00\" \/>\n<meta property=\"og:image\" content=\"https:\/\/radioleinewelle.de\/wp-content\/uploads\/2021\/01\/team-of-young-footballers-1493006_640.jpg\" \/>\n\t<meta property=\"og:image:width\" content=\"640\" \/>\n\t<meta property=\"og:image:height\" content=\"363\" \/>\n\t<meta property=\"og:image:type\" content=\"image\/jpeg\" \/>\n<meta name=\"author\" content=\"Leinewelle\" \/>\n<meta name=\"twitter:card\" content=\"summary_large_image\" \/>\n<meta name=\"twitter:creator\" content=\"@https:\/\/twitter.com\/RLeinewelle?ref_src=twsrcgoogletwcampserptwgrauthor\" \/>\n<meta name=\"twitter:site\" content=\"@RLeinewelle\" \/>\n<meta name=\"twitter:label1\" content=\"Verfasst von\" \/>\n\t<meta name=\"twitter:data1\" content=\"Leinewelle\" \/>\n\t<meta name=\"twitter:label2\" content=\"Gesch\u00e4tzte Lesezeit\" \/>\n\t<meta name=\"twitter:data2\" content=\"2\u00a0Minuten\" \/>\n<script type=\"application\/ld+json\" class=\"yoast-schema-graph\">{\"@context\":\"https:\\\/\\\/schema.org\",\"@graph\":[{\"@type\":\"Article\",\"@id\":\"https:\\\/\\\/radioleinewelle.de\\\/index.php\\\/2021\\\/01\\\/28\\\/spd-kreistagsfraktion-setzt-sich-fuer-hoehere-foerderung-der-sportstaetten-ein\\\/#article\",\"isPartOf\":{\"@id\":\"https:\\\/\\\/radioleinewelle.de\\\/index.php\\\/2021\\\/01\\\/28\\\/spd-kreistagsfraktion-setzt-sich-fuer-hoehere-foerderung-der-sportstaetten-ein\\\/\"},\"author\":{\"name\":\"Leinewelle\",\"@id\":\"https:\\\/\\\/radioleinewelle.de\\\/#\\\/schema\\\/person\\\/45606f348637df637192dc1b68399a63\"},\"headline\":\"SPD Kreistagsfraktion setzt sich f\u00fcr h\u00f6here F\u00f6rderung der Sportst\u00e4tten ein\",\"datePublished\":\"2021-01-28T04:10:00+00:00\",\"mainEntityOfPage\":{\"@id\":\"https:\\\/\\\/radioleinewelle.de\\\/index.php\\\/2021\\\/01\\\/28\\\/spd-kreistagsfraktion-setzt-sich-fuer-hoehere-foerderung-der-sportstaetten-ein\\\/\"},\"wordCount\":331,\"publisher\":{\"@id\":\"https:\\\/\\\/radioleinewelle.de\\\/#organization\"},\"image\":{\"@id\":\"https:\\\/\\\/radioleinewelle.de\\\/index.php\\\/2021\\\/01\\\/28\\\/spd-kreistagsfraktion-setzt-sich-fuer-hoehere-foerderung-der-sportstaetten-ein\\\/#primaryimage\"},\"thumbnailUrl\":\"https:\\\/\\\/radioleinewelle.de\\\/wp-content\\\/uploads\\\/2021\\\/01\\\/team-of-young-footballers-1493006_640.jpg\",\"articleSection\":[\"Lokalpolitik\"],\"inLanguage\":\"de\"},{\"@type\":\"WebPage\",\"@id\":\"https:\\\/\\\/radioleinewelle.de\\\/index.php\\\/2021\\\/01\\\/28\\\/spd-kreistagsfraktion-setzt-sich-fuer-hoehere-foerderung-der-sportstaetten-ein\\\/\",\"url\":\"https:\\\/\\\/radioleinewelle.de\\\/index.php\\\/2021\\\/01\\\/28\\\/spd-kreistagsfraktion-setzt-sich-fuer-hoehere-foerderung-der-sportstaetten-ein\\\/\",\"name\":\"SPD Kreistagsfraktion setzt sich f\u00fcr h\u00f6here F\u00f6rderung der Sportst\u00e4tten ein - Radio Leinewelle\",\"isPartOf\":{\"@id\":\"https:\\\/\\\/radioleinewelle.de\\\/#website\"},\"primaryImageOfPage\":{\"@id\":\"https:\\\/\\\/radioleinewelle.de\\\/index.php\\\/2021\\\/01\\\/28\\\/spd-kreistagsfraktion-setzt-sich-fuer-hoehere-foerderung-der-sportstaetten-ein\\\/#primaryimage\"},\"image\":{\"@id\":\"https:\\\/\\\/radioleinewelle.de\\\/index.php\\\/2021\\\/01\\\/28\\\/spd-kreistagsfraktion-setzt-sich-fuer-hoehere-foerderung-der-sportstaetten-ein\\\/#primaryimage\"},\"thumbnailUrl\":\"https:\\\/\\\/radioleinewelle.de\\\/wp-content\\\/uploads\\\/2021\\\/01\\\/team-of-young-footballers-1493006_640.jpg\",\"datePublished\":\"2021-01-28T04:10:00+00:00\",\"breadcrumb\":{\"@id\":\"https:\\\/\\\/radioleinewelle.de\\\/index.php\\\/2021\\\/01\\\/28\\\/spd-kreistagsfraktion-setzt-sich-fuer-hoehere-foerderung-der-sportstaetten-ein\\\/#breadcrumb\"},\"inLanguage\":\"de\",\"potentialAction\":[{\"@type\":\"ReadAction\",\"target\":[\"https:\\\/\\\/radioleinewelle.de\\\/index.php\\\/2021\\\/01\\\/28\\\/spd-kreistagsfraktion-setzt-sich-fuer-hoehere-foerderung-der-sportstaetten-ein\\\/\"]}]},{\"@type\":\"ImageObject\",\"inLanguage\":\"de\",\"@id\":\"https:\\\/\\\/radioleinewelle.de\\\/index.php\\\/2021\\\/01\\\/28\\\/spd-kreistagsfraktion-setzt-sich-fuer-hoehere-foerderung-der-sportstaetten-ein\\\/#primaryimage\",\"url\":\"https:\\\/\\\/radioleinewelle.de\\\/wp-content\\\/uploads\\\/2021\\\/01\\\/team-of-young-footballers-1493006_640.jpg\",\"contentUrl\":\"https:\\\/\\\/radioleinewelle.de\\\/wp-content\\\/uploads\\\/2021\\\/01\\\/team-of-young-footballers-1493006_640.jpg\",\"width\":640,\"height\":363},{\"@type\":\"BreadcrumbList\",\"@id\":\"https:\\\/\\\/radioleinewelle.de\\\/index.php\\\/2021\\\/01\\\/28\\\/spd-kreistagsfraktion-setzt-sich-fuer-hoehere-foerderung-der-sportstaetten-ein\\\/#breadcrumb\",\"itemListElement\":[{\"@type\":\"ListItem\",\"position\":1,\"name\":\"Startseite\",\"item\":\"https:\\\/\\\/radioleinewelle.de\\\/\"},{\"@type\":\"ListItem\",\"position\":2,\"name\":\"SPD Kreistagsfraktion setzt sich f\u00fcr h\u00f6here F\u00f6rderung der Sportst\u00e4tten ein\"}]},{\"@type\":\"WebSite\",\"@id\":\"https:\\\/\\\/radioleinewelle.de\\\/#website\",\"url\":\"https:\\\/\\\/radioleinewelle.de\\\/\",\"name\":\"Radio Leinewelle\",\"description\":\"\",\"publisher\":{\"@id\":\"https:\\\/\\\/radioleinewelle.de\\\/#organization\"},\"potentialAction\":[{\"@type\":\"SearchAction\",\"target\":{\"@type\":\"EntryPoint\",\"urlTemplate\":\"https:\\\/\\\/radioleinewelle.de\\\/?s={search_term_string}\"},\"query-input\":{\"@type\":\"PropertyValueSpecification\",\"valueRequired\":true,\"valueName\":\"search_term_string\"}}],\"inLanguage\":\"de\"},{\"@type\":\"Organization\",\"@id\":\"https:\\\/\\\/radioleinewelle.de\\\/#organization\",\"name\":\"Radio Leinewelle\",\"alternateName\":\"Mein Radio f\u00fcr S\u00fcdniedersachsen\",\"url\":\"https:\\\/\\\/radioleinewelle.de\\\/\",\"logo\":{\"@type\":\"ImageObject\",\"inLanguage\":\"de\",\"@id\":\"https:\\\/\\\/radioleinewelle.de\\\/#\\\/schema\\\/logo\\\/image\\\/\",\"url\":\"https:\\\/\\\/radioleinewelle.de\\\/wp-content\\\/uploads\\\/2023\\\/11\\\/cropped-Leinewelle_Logo_weiss.png\",\"contentUrl\":\"https:\\\/\\\/radioleinewelle.de\\\/wp-content\\\/uploads\\\/2023\\\/11\\\/cropped-Leinewelle_Logo_weiss.png\",\"width\":854,\"height\":260,\"caption\":\"Radio Leinewelle\"},\"image\":{\"@id\":\"https:\\\/\\\/radioleinewelle.de\\\/#\\\/schema\\\/logo\\\/image\\\/\"},\"sameAs\":[\"https:\\\/\\\/www.facebook.com\\\/radioleinewelle\",\"https:\\\/\\\/x.com\\\/RLeinewelle\",\"https:\\\/\\\/www.instagram.com\\\/radioleinewelle\\\/?hl=de\"]},{\"@type\":\"Person\",\"@id\":\"https:\\\/\\\/radioleinewelle.de\\\/#\\\/schema\\\/person\\\/45606f348637df637192dc1b68399a63\",\"name\":\"Leinewelle\",\"image\":{\"@type\":\"ImageObject\",\"inLanguage\":\"de\",\"@id\":\"https:\\\/\\\/secure.gravatar.com\\\/avatar\\\/05c9a17bc973052ee5d91549bd32fb4dd0dc85b7b85ae94b2e2b4943476bbea5?s=96&d=blank&r=g\",\"url\":\"https:\\\/\\\/secure.gravatar.com\\\/avatar\\\/05c9a17bc973052ee5d91549bd32fb4dd0dc85b7b85ae94b2e2b4943476bbea5?s=96&d=blank&r=g\",\"contentUrl\":\"https:\\\/\\\/secure.gravatar.com\\\/avatar\\\/05c9a17bc973052ee5d91549bd32fb4dd0dc85b7b85ae94b2e2b4943476bbea5?s=96&d=blank&r=g\",\"caption\":\"Leinewelle\"},\"sameAs\":[\"http:\\\/\\\/localhost\\\/radio%20leinewelle\\\/wordpress\",\"https:\\\/\\\/www.facebook.com\\\/radioleinewelle\",\"https:\\\/\\\/www.instagram.com\\\/radioleinewelle\",\"https:\\\/\\\/x.com\\\/https:\\\/\\\/twitter.com\\\/RLeinewelle?ref_src=twsrcgoogletwcampserptwgrauthor\",\"https:\\\/\\\/soundcloud.com\\\/foerderverein-lokalradio?utm_source=clipboard&utm_medium=text&utm_campaign=social_sharing\"],\"url\":\"https:\\\/\\\/radioleinewelle.de\\\/index.php\\\/author\\\/leinewelle\\\/\"}]}<\/script>\n<!-- \/ Yoast SEO plugin. -->","yoast_head_json":{"title":"SPD Kreistagsfraktion setzt sich f\u00fcr h\u00f6here F\u00f6rderung der Sportst\u00e4tten ein - Radio Leinewelle","robots":{"index":"index","follow":"follow","max-snippet":"max-snippet:-1","max-image-preview":"max-image-preview:large","max-video-preview":"max-video-preview:-1"},"canonical":"https:\/\/radioleinewelle.de\/index.php\/2021\/01\/28\/spd-kreistagsfraktion-setzt-sich-fuer-hoehere-foerderung-der-sportstaetten-ein\/","og_locale":"de_DE","og_type":"article","og_title":"SPD Kreistagsfraktion setzt sich f\u00fcr h\u00f6here F\u00f6rderung der Sportst\u00e4tten ein - Radio Leinewelle","og_description":"F\u00fcr h\u00f6here F\u00f6rders\u00e4tze beim Sportst\u00e4ttenf\u00f6rderprogramm setzt sich die SPD-Fraktion ein. Wolfgang Meyer: &#8222;Wir wollen wir es nicht nur bei einer Erh\u00f6hung um 325.000 Euro belassen, sondern schlagen zus\u00e4tzlich vor, die F\u00f6rders\u00e4tze f\u00fcr das Jahr 2021 von 30 auf bis zu 50 Prozent hochzusetzen.&#8220; \u201eUns war schon bei Beginn der Verhandlungen zum Nachtragshaushalt klar, dass wir [&hellip;]","og_url":"https:\/\/radioleinewelle.de\/index.php\/2021\/01\/28\/spd-kreistagsfraktion-setzt-sich-fuer-hoehere-foerderung-der-sportstaetten-ein\/","og_site_name":"Radio Leinewelle","article_publisher":"https:\/\/www.facebook.com\/radioleinewelle","article_author":"https:\/\/www.facebook.com\/radioleinewelle","article_published_time":"2021-01-28T04:10:00+00:00","og_image":[{"width":640,"height":363,"url":"https:\/\/radioleinewelle.de\/wp-content\/uploads\/2021\/01\/team-of-young-footballers-1493006_640.jpg","type":"image\/jpeg"}],"author":"Leinewelle","twitter_card":"summary_large_image","twitter_creator":"@https:\/\/twitter.com\/RLeinewelle?ref_src=twsrcgoogletwcampserptwgrauthor","twitter_site":"@RLeinewelle","twitter_misc":{"Verfasst von":"Leinewelle","Gesch\u00e4tzte Lesezeit":"2\u00a0Minuten"},"schema":{"@context":"https:\/\/schema.org","@graph":[{"@type":"Article","@id":"https:\/\/radioleinewelle.de\/index.php\/2021\/01\/28\/spd-kreistagsfraktion-setzt-sich-fuer-hoehere-foerderung-der-sportstaetten-ein\/#article","isPartOf":{"@id":"https:\/\/radioleinewelle.de\/index.php\/2021\/01\/28\/spd-kreistagsfraktion-setzt-sich-fuer-hoehere-foerderung-der-sportstaetten-ein\/"},"author":{"name":"Leinewelle","@id":"https:\/\/radioleinewelle.de\/#\/schema\/person\/45606f348637df637192dc1b68399a63"},"headline":"SPD Kreistagsfraktion setzt sich f\u00fcr h\u00f6here F\u00f6rderung der Sportst\u00e4tten ein","datePublished":"2021-01-28T04:10:00+00:00","mainEntityOfPage":{"@id":"https:\/\/radioleinewelle.de\/index.php\/2021\/01\/28\/spd-kreistagsfraktion-setzt-sich-fuer-hoehere-foerderung-der-sportstaetten-ein\/"},"wordCount":331,"publisher":{"@id":"https:\/\/radioleinewelle.de\/#organization"},"image":{"@id":"https:\/\/radioleinewelle.de\/index.php\/2021\/01\/28\/spd-kreistagsfraktion-setzt-sich-fuer-hoehere-foerderung-der-sportstaetten-ein\/#primaryimage"},"thumbnailUrl":"https:\/\/radioleinewelle.de\/wp-content\/uploads\/2021\/01\/team-of-young-footballers-1493006_640.jpg","articleSection":["Lokalpolitik"],"inLanguage":"de"},{"@type":"WebPage","@id":"https:\/\/radioleinewelle.de\/index.php\/2021\/01\/28\/spd-kreistagsfraktion-setzt-sich-fuer-hoehere-foerderung-der-sportstaetten-ein\/","url":"https:\/\/radioleinewelle.de\/index.php\/2021\/01\/28\/spd-kreistagsfraktion-setzt-sich-fuer-hoehere-foerderung-der-sportstaetten-ein\/","name":"SPD Kreistagsfraktion setzt sich f\u00fcr h\u00f6here F\u00f6rderung der Sportst\u00e4tten ein - Radio Leinewelle","isPartOf":{"@id":"https:\/\/radioleinewelle.de\/#website"},"primaryImageOfPage":{"@id":"https:\/\/radioleinewelle.de\/index.php\/2021\/01\/28\/spd-kreistagsfraktion-setzt-sich-fuer-hoehere-foerderung-der-sportstaetten-ein\/#primaryimage"},"image":{"@id":"https:\/\/radioleinewelle.de\/index.php\/2021\/01\/28\/spd-kreistagsfraktion-setzt-sich-fuer-hoehere-foerderung-der-sportstaetten-ein\/#primaryimage"},"thumbnailUrl":"https:\/\/radioleinewelle.de\/wp-content\/uploads\/2021\/01\/team-of-young-footballers-1493006_640.jpg","datePublished":"2021-01-28T04:10:00+00:00","breadcrumb":{"@id":"https:\/\/radioleinewelle.de\/index.php\/2021\/01\/28\/spd-kreistagsfraktion-setzt-sich-fuer-hoehere-foerderung-der-sportstaetten-ein\/#breadcrumb"},"inLanguage":"de","potentialAction":[{"@type":"ReadAction","target":["https:\/\/radioleinewelle.de\/index.php\/2021\/01\/28\/spd-kreistagsfraktion-setzt-sich-fuer-hoehere-foerderung-der-sportstaetten-ein\/"]}]},{"@type":"ImageObject","inLanguage":"de","@id":"https:\/\/radioleinewelle.de\/index.php\/2021\/01\/28\/spd-kreistagsfraktion-setzt-sich-fuer-hoehere-foerderung-der-sportstaetten-ein\/#primaryimage","url":"https:\/\/radioleinewelle.de\/wp-content\/uploads\/2021\/01\/team-of-young-footballers-1493006_640.jpg","contentUrl":"https:\/\/radioleinewelle.de\/wp-content\/uploads\/2021\/01\/team-of-young-footballers-1493006_640.jpg","width":640,"height":363},{"@type":"BreadcrumbList","@id":"https:\/\/radioleinewelle.de\/index.php\/2021\/01\/28\/spd-kreistagsfraktion-setzt-sich-fuer-hoehere-foerderung-der-sportstaetten-ein\/#breadcrumb","itemListElement":[{"@type":"ListItem","position":1,"name":"Startseite","item":"https:\/\/radioleinewelle.de\/"},{"@type":"ListItem","position":2,"name":"SPD Kreistagsfraktion setzt sich f\u00fcr h\u00f6here F\u00f6rderung der Sportst\u00e4tten ein"}]},{"@type":"WebSite","@id":"https:\/\/radioleinewelle.de\/#website","url":"https:\/\/radioleinewelle.de\/","name":"Radio Leinewelle","description":"","publisher":{"@id":"https:\/\/radioleinewelle.de\/#organization"},"potentialAction":[{"@type":"SearchAction","target":{"@type":"EntryPoint","urlTemplate":"https:\/\/radioleinewelle.de\/?s={search_term_string}"},"query-input":{"@type":"PropertyValueSpecification","valueRequired":true,"valueName":"search_term_string"}}],"inLanguage":"de"},{"@type":"Organization","@id":"https:\/\/radioleinewelle.de\/#organization","name":"Radio Leinewelle","alternateName":"Mein Radio f\u00fcr S\u00fcdniedersachsen","url":"https:\/\/radioleinewelle.de\/","logo":{"@type":"ImageObject","inLanguage":"de","@id":"https:\/\/radioleinewelle.de\/#\/schema\/logo\/image\/","url":"https:\/\/radioleinewelle.de\/wp-content\/uploads\/2023\/11\/cropped-Leinewelle_Logo_weiss.png","contentUrl":"https:\/\/radioleinewelle.de\/wp-content\/uploads\/2023\/11\/cropped-Leinewelle_Logo_weiss.png","width":854,"height":260,"caption":"Radio Leinewelle"},"image":{"@id":"https:\/\/radioleinewelle.de\/#\/schema\/logo\/image\/"},"sameAs":["https:\/\/www.facebook.com\/radioleinewelle","https:\/\/x.com\/RLeinewelle","https:\/\/www.instagram.com\/radioleinewelle\/?hl=de"]},{"@type":"Person","@id":"https:\/\/radioleinewelle.de\/#\/schema\/person\/45606f348637df637192dc1b68399a63","name":"Leinewelle","image":{"@type":"ImageObject","inLanguage":"de","@id":"https:\/\/secure.gravatar.com\/avatar\/05c9a17bc973052ee5d91549bd32fb4dd0dc85b7b85ae94b2e2b4943476bbea5?s=96&d=blank&r=g","url":"https:\/\/secure.gravatar.com\/avatar\/05c9a17bc973052ee5d91549bd32fb4dd0dc85b7b85ae94b2e2b4943476bbea5?s=96&d=blank&r=g","contentUrl":"https:\/\/secure.gravatar.com\/avatar\/05c9a17bc973052ee5d91549bd32fb4dd0dc85b7b85ae94b2e2b4943476bbea5?s=96&d=blank&r=g","caption":"Leinewelle"},"sameAs":["http:\/\/localhost\/radio%20leinewelle\/wordpress","https:\/\/www.facebook.com\/radioleinewelle","https:\/\/www.instagram.com\/radioleinewelle","https:\/\/x.com\/https:\/\/twitter.com\/RLeinewelle?ref_src=twsrcgoogletwcampserptwgrauthor","https:\/\/soundcloud.com\/foerderverein-lokalradio?utm_source=clipboard&utm_medium=text&utm_campaign=social_sharing"],"url":"https:\/\/radioleinewelle.de\/index.php\/author\/leinewelle\/"}]}},"_links":{"self":[{"href":"https:\/\/radioleinewelle.de\/index.php\/wp-json\/wp\/v2\/posts\/4796","targetHints":{"allow":["GET"]}}],"collection":[{"href":"https:\/\/radioleinewelle.de\/index.php\/wp-json\/wp\/v2\/posts"}],"about":[{"href":"https:\/\/radioleinewelle.de\/index.php\/wp-json\/wp\/v2\/types\/post"}],"author":[{"embeddable":true,"href":"https:\/\/radioleinewelle.de\/index.php\/wp-json\/wp\/v2\/users\/1"}],"replies":[{"embeddable":true,"href":"https:\/\/radioleinewelle.de\/index.php\/wp-json\/wp\/v2\/comments?post=4796"}],"version-history":[{"count":0,"href":"https:\/\/radioleinewelle.de\/index.php\/wp-json\/wp\/v2\/posts\/4796\/revisions"}],"wp:featuredmedia":[{"embeddable":true,"href":"https:\/\/radioleinewelle.de\/index.php\/wp-json\/wp\/v2\/media\/4798"}],"wp:attachment":[{"href":"https:\/\/radioleinewelle.de\/index.php\/wp-json\/wp\/v2\/media?parent=4796"}],"wp:term":[{"taxonomy":"category","embeddable":true,"href":"https:\/\/radioleinewelle.de\/index.php\/wp-json\/wp\/v2\/categories?post=4796"},{"taxonomy":"post_tag","embeddable":true,"href":"https:\/\/radioleinewelle.de\/index.php\/wp-json\/wp\/v2\/tags?post=4796"}],"curies":[{"name":"wp","href":"https:\/\/api.w.org\/{rel}","templated":true}]}}