{"id":4827,"date":"2021-01-29T05:27:00","date_gmt":"2021-01-29T04:27:00","guid":{"rendered":"https:\/\/radioleinewelle.de\/?p=4827"},"modified":"2021-01-29T05:27:00","modified_gmt":"2021-01-29T04:27:00","slug":"der-goettinger-bundestagsabgeordnete-fritz-guentzler-cdu-begruesst-die-bewilligung-von-50-000-euro-fuer-die-drk-kita-juehnde","status":"publish","type":"post","link":"https:\/\/radioleinewelle.de\/index.php\/2021\/01\/29\/der-goettinger-bundestagsabgeordnete-fritz-guentzler-cdu-begruesst-die-bewilligung-von-50-000-euro-fuer-die-drk-kita-juehnde\/","title":{"rendered":"Der G\u00f6ttinger Bundestagsabgeordnete Fritz G\u00fcntzler (CDU) begr\u00fc\u00dft die Bewilligung von 50.000 Euro f\u00fcr die DRK-Kita J\u00fchnde."},"content":{"rendered":"\n<p>\u201eSprache ist der Schl\u00fcssel f\u00fcr einen guten Start ins Leben unserer Kinder. Deswegen freue ich mich besonders, dass der Bund die DRK-Kita J\u00fchnde \u00fcber das Bundesprogramm \u201eSprach-Kitas: Weil Sprache der Schl\u00fcssel zur Welt ist\u201c mit insgesamt 50.000 Euro im Zeitraum vom 1.1.2021 bis 31.12.2022 f\u00f6rdert\u201c, so Fritz G\u00fcntzler.<\/p>\n\n\n\n<p>Mit dem Bundesprogramm \u201eSprach-Kitas: Weil Sprache der Schl\u00fcssel zur Welt ist\u201c unterst\u00fctzt das Bundesministerium f\u00fcr Familie, Senioren, Frauen und Jugend die alltagsintegrierte sprachliche Bildung in Kitas. Das Programm richtet sich haupts\u00e4chlich an Einrichtungen, die von einem \u00fcberdurchschnittlich hohen Anteil von Kindern mit besonderem sprachlichem F\u00f6rderbedarf besucht werden. Diese werden im Rahmen eines Interessensbekundungsverfahrens und in Abstimmung mit den L\u00e4ndern ausgew\u00e4hlt. Ab 2021 wird innerhalb der Handlungsfelder ein neuer Fokus auf den Einsatz digitaler Medien und die Integration medienp\u00e4dagogischer Fragestellungen gelegt.<\/p>\n\n\n\n<p>\u201eDie fr\u00fche sprachliche F\u00f6rderung ist von besonderer Wichtigkeit, nur so k\u00f6nnen wir die besten Startchancen f\u00fcr jedes Kind erm\u00f6glichen\u201c, betont G\u00fcntzler.<\/p>\n\n\n\n<p>Die Kitas werden durch zus\u00e4tzliche Fachkr\u00e4fte mit Expertise im Bereich sprachliche Bildung unterst\u00fctzt, die direkt in der Kita t\u00e4tig sind. Diese beraten, begleiten und unterst\u00fctzen die Kita-Teams bei der Weiterentwicklung der alltagsintegrierten sprachlichen Bildung, inklusiven P\u00e4dagogik und Zusammenarbeit mit Familien. Zus\u00e4tzlich finanziert das Programm eine Fachberatung, die kontinuierlich und prozessbegleitend die Qualit\u00e4tsentwicklung in den Sprach-Kitas unterst\u00fctzt. \u201eEine tolle Unterst\u00fctzung f\u00fcr die DRK-Kita J\u00fchnde und ein Gewinn f\u00fcr unsere Region&#8220;, so G\u00fcntzler abschlie\u00dfend.&nbsp;<\/p>\n\n\n\n<p>Foto: CDU G\u00f6ttingen<\/p>\n","protected":false},"excerpt":{"rendered":"<p>\u201eSprache ist der Schl\u00fcssel f\u00fcr einen guten Start ins Leben unserer Kinder. Deswegen freue ich mich besonders, dass der Bund die DRK-Kita J\u00fchnde \u00fcber das Bundesprogramm \u201eSprach-Kitas: Weil Sprache der Schl\u00fcssel zur Welt ist\u201c mit insgesamt 50.000 Euro im Zeitraum vom 1.1.2021 bis 31.12.2022 f\u00f6rdert\u201c, so Fritz G\u00fcntzler. Mit dem Bundesprogramm \u201eSprach-Kitas: Weil Sprache der [&hellip;]<\/p>\n","protected":false},"author":1,"featured_media":4829,"comment_status":"closed","ping_status":"closed","sticky":false,"template":"","format":"standard","meta":{"saved_in_kubio":false,"footnotes":""},"categories":[39],"tags":[],"class_list":["post-4827","post","type-post","status-publish","format-standard","has-post-thumbnail","hentry","category-lokalpolitik"],"yoast_head":"<!-- This site is optimized with the Yoast SEO plugin v27.5 - https:\/\/yoast.com\/product\/yoast-seo-wordpress\/ -->\n<title>Der G\u00f6ttinger Bundestagsabgeordnete Fritz G\u00fcntzler (CDU) begr\u00fc\u00dft die Bewilligung von 50.000 Euro f\u00fcr die DRK-Kita J\u00fchnde. - Radio Leinewelle<\/title>\n<meta name=\"robots\" content=\"index, follow, max-snippet:-1, max-image-preview:large, max-video-preview:-1\" \/>\n<link rel=\"canonical\" href=\"https:\/\/radioleinewelle.de\/index.php\/2021\/01\/29\/der-goettinger-bundestagsabgeordnete-fritz-guentzler-cdu-begruesst-die-bewilligung-von-50-000-euro-fuer-die-drk-kita-juehnde\/\" \/>\n<meta property=\"og:locale\" content=\"de_DE\" \/>\n<meta property=\"og:type\" content=\"article\" \/>\n<meta property=\"og:title\" content=\"Der G\u00f6ttinger Bundestagsabgeordnete Fritz G\u00fcntzler (CDU) begr\u00fc\u00dft die Bewilligung von 50.000 Euro f\u00fcr die DRK-Kita J\u00fchnde. - Radio Leinewelle\" \/>\n<meta property=\"og:description\" content=\"\u201eSprache ist der Schl\u00fcssel f\u00fcr einen guten Start ins Leben unserer Kinder. Deswegen freue ich mich besonders, dass der Bund die DRK-Kita J\u00fchnde \u00fcber das Bundesprogramm \u201eSprach-Kitas: Weil Sprache der Schl\u00fcssel zur Welt ist\u201c mit insgesamt 50.000 Euro im Zeitraum vom 1.1.2021 bis 31.12.2022 f\u00f6rdert\u201c, so Fritz G\u00fcntzler. Mit dem Bundesprogramm \u201eSprach-Kitas: Weil Sprache der [&hellip;]\" \/>\n<meta property=\"og:url\" content=\"https:\/\/radioleinewelle.de\/index.php\/2021\/01\/29\/der-goettinger-bundestagsabgeordnete-fritz-guentzler-cdu-begruesst-die-bewilligung-von-50-000-euro-fuer-die-drk-kita-juehnde\/\" \/>\n<meta property=\"og:site_name\" content=\"Radio Leinewelle\" \/>\n<meta property=\"article:publisher\" content=\"https:\/\/www.facebook.com\/radioleinewelle\" \/>\n<meta property=\"article:author\" content=\"https:\/\/www.facebook.com\/radioleinewelle\" \/>\n<meta property=\"article:published_time\" content=\"2021-01-29T04:27:00+00:00\" \/>\n<meta property=\"og:image\" content=\"https:\/\/radioleinewelle.de\/wp-content\/uploads\/2021\/01\/fritz_guentzler_mdb_kleine_kb_16_9.jpg\" \/>\n\t<meta property=\"og:image:width\" content=\"780\" \/>\n\t<meta property=\"og:image:height\" content=\"439\" \/>\n\t<meta property=\"og:image:type\" content=\"image\/jpeg\" \/>\n<meta name=\"author\" content=\"Leinewelle\" \/>\n<meta name=\"twitter:card\" content=\"summary_large_image\" \/>\n<meta name=\"twitter:creator\" content=\"@https:\/\/twitter.com\/RLeinewelle?ref_src=twsrcgoogletwcampserptwgrauthor\" \/>\n<meta name=\"twitter:site\" content=\"@RLeinewelle\" \/>\n<meta name=\"twitter:label1\" content=\"Verfasst von\" \/>\n\t<meta name=\"twitter:data1\" content=\"Leinewelle\" \/>\n\t<meta name=\"twitter:label2\" content=\"Gesch\u00e4tzte Lesezeit\" \/>\n\t<meta name=\"twitter:data2\" content=\"1\u00a0Minute\" \/>\n<script type=\"application\/ld+json\" class=\"yoast-schema-graph\">{\"@context\":\"https:\\\/\\\/schema.org\",\"@graph\":[{\"@type\":\"Article\",\"@id\":\"https:\\\/\\\/radioleinewelle.de\\\/index.php\\\/2021\\\/01\\\/29\\\/der-goettinger-bundestagsabgeordnete-fritz-guentzler-cdu-begruesst-die-bewilligung-von-50-000-euro-fuer-die-drk-kita-juehnde\\\/#article\",\"isPartOf\":{\"@id\":\"https:\\\/\\\/radioleinewelle.de\\\/index.php\\\/2021\\\/01\\\/29\\\/der-goettinger-bundestagsabgeordnete-fritz-guentzler-cdu-begruesst-die-bewilligung-von-50-000-euro-fuer-die-drk-kita-juehnde\\\/\"},\"author\":{\"name\":\"Leinewelle\",\"@id\":\"https:\\\/\\\/radioleinewelle.de\\\/#\\\/schema\\\/person\\\/45606f348637df637192dc1b68399a63\"},\"headline\":\"Der G\u00f6ttinger Bundestagsabgeordnete Fritz G\u00fcntzler (CDU) begr\u00fc\u00dft die Bewilligung von 50.000 Euro f\u00fcr die DRK-Kita J\u00fchnde.\",\"datePublished\":\"2021-01-29T04:27:00+00:00\",\"mainEntityOfPage\":{\"@id\":\"https:\\\/\\\/radioleinewelle.de\\\/index.php\\\/2021\\\/01\\\/29\\\/der-goettinger-bundestagsabgeordnete-fritz-guentzler-cdu-begruesst-die-bewilligung-von-50-000-euro-fuer-die-drk-kita-juehnde\\\/\"},\"wordCount\":277,\"publisher\":{\"@id\":\"https:\\\/\\\/radioleinewelle.de\\\/#organization\"},\"image\":{\"@id\":\"https:\\\/\\\/radioleinewelle.de\\\/index.php\\\/2021\\\/01\\\/29\\\/der-goettinger-bundestagsabgeordnete-fritz-guentzler-cdu-begruesst-die-bewilligung-von-50-000-euro-fuer-die-drk-kita-juehnde\\\/#primaryimage\"},\"thumbnailUrl\":\"https:\\\/\\\/radioleinewelle.de\\\/wp-content\\\/uploads\\\/2021\\\/01\\\/fritz_guentzler_mdb_kleine_kb_16_9.jpg\",\"articleSection\":[\"Lokalpolitik\"],\"inLanguage\":\"de\"},{\"@type\":\"WebPage\",\"@id\":\"https:\\\/\\\/radioleinewelle.de\\\/index.php\\\/2021\\\/01\\\/29\\\/der-goettinger-bundestagsabgeordnete-fritz-guentzler-cdu-begruesst-die-bewilligung-von-50-000-euro-fuer-die-drk-kita-juehnde\\\/\",\"url\":\"https:\\\/\\\/radioleinewelle.de\\\/index.php\\\/2021\\\/01\\\/29\\\/der-goettinger-bundestagsabgeordnete-fritz-guentzler-cdu-begruesst-die-bewilligung-von-50-000-euro-fuer-die-drk-kita-juehnde\\\/\",\"name\":\"Der G\u00f6ttinger Bundestagsabgeordnete Fritz G\u00fcntzler (CDU) begr\u00fc\u00dft die Bewilligung von 50.000 Euro f\u00fcr die DRK-Kita J\u00fchnde. - Radio Leinewelle\",\"isPartOf\":{\"@id\":\"https:\\\/\\\/radioleinewelle.de\\\/#website\"},\"primaryImageOfPage\":{\"@id\":\"https:\\\/\\\/radioleinewelle.de\\\/index.php\\\/2021\\\/01\\\/29\\\/der-goettinger-bundestagsabgeordnete-fritz-guentzler-cdu-begruesst-die-bewilligung-von-50-000-euro-fuer-die-drk-kita-juehnde\\\/#primaryimage\"},\"image\":{\"@id\":\"https:\\\/\\\/radioleinewelle.de\\\/index.php\\\/2021\\\/01\\\/29\\\/der-goettinger-bundestagsabgeordnete-fritz-guentzler-cdu-begruesst-die-bewilligung-von-50-000-euro-fuer-die-drk-kita-juehnde\\\/#primaryimage\"},\"thumbnailUrl\":\"https:\\\/\\\/radioleinewelle.de\\\/wp-content\\\/uploads\\\/2021\\\/01\\\/fritz_guentzler_mdb_kleine_kb_16_9.jpg\",\"datePublished\":\"2021-01-29T04:27:00+00:00\",\"breadcrumb\":{\"@id\":\"https:\\\/\\\/radioleinewelle.de\\\/index.php\\\/2021\\\/01\\\/29\\\/der-goettinger-bundestagsabgeordnete-fritz-guentzler-cdu-begruesst-die-bewilligung-von-50-000-euro-fuer-die-drk-kita-juehnde\\\/#breadcrumb\"},\"inLanguage\":\"de\",\"potentialAction\":[{\"@type\":\"ReadAction\",\"target\":[\"https:\\\/\\\/radioleinewelle.de\\\/index.php\\\/2021\\\/01\\\/29\\\/der-goettinger-bundestagsabgeordnete-fritz-guentzler-cdu-begruesst-die-bewilligung-von-50-000-euro-fuer-die-drk-kita-juehnde\\\/\"]}]},{\"@type\":\"ImageObject\",\"inLanguage\":\"de\",\"@id\":\"https:\\\/\\\/radioleinewelle.de\\\/index.php\\\/2021\\\/01\\\/29\\\/der-goettinger-bundestagsabgeordnete-fritz-guentzler-cdu-begruesst-die-bewilligung-von-50-000-euro-fuer-die-drk-kita-juehnde\\\/#primaryimage\",\"url\":\"https:\\\/\\\/radioleinewelle.de\\\/wp-content\\\/uploads\\\/2021\\\/01\\\/fritz_guentzler_mdb_kleine_kb_16_9.jpg\",\"contentUrl\":\"https:\\\/\\\/radioleinewelle.de\\\/wp-content\\\/uploads\\\/2021\\\/01\\\/fritz_guentzler_mdb_kleine_kb_16_9.jpg\",\"width\":780,\"height\":439},{\"@type\":\"BreadcrumbList\",\"@id\":\"https:\\\/\\\/radioleinewelle.de\\\/index.php\\\/2021\\\/01\\\/29\\\/der-goettinger-bundestagsabgeordnete-fritz-guentzler-cdu-begruesst-die-bewilligung-von-50-000-euro-fuer-die-drk-kita-juehnde\\\/#breadcrumb\",\"itemListElement\":[{\"@type\":\"ListItem\",\"position\":1,\"name\":\"Startseite\",\"item\":\"https:\\\/\\\/radioleinewelle.de\\\/\"},{\"@type\":\"ListItem\",\"position\":2,\"name\":\"Der G\u00f6ttinger Bundestagsabgeordnete Fritz G\u00fcntzler (CDU) begr\u00fc\u00dft die Bewilligung von 50.000 Euro f\u00fcr die DRK-Kita J\u00fchnde.\"}]},{\"@type\":\"WebSite\",\"@id\":\"https:\\\/\\\/radioleinewelle.de\\\/#website\",\"url\":\"https:\\\/\\\/radioleinewelle.de\\\/\",\"name\":\"Radio Leinewelle\",\"description\":\"\",\"publisher\":{\"@id\":\"https:\\\/\\\/radioleinewelle.de\\\/#organization\"},\"potentialAction\":[{\"@type\":\"SearchAction\",\"target\":{\"@type\":\"EntryPoint\",\"urlTemplate\":\"https:\\\/\\\/radioleinewelle.de\\\/?s={search_term_string}\"},\"query-input\":{\"@type\":\"PropertyValueSpecification\",\"valueRequired\":true,\"valueName\":\"search_term_string\"}}],\"inLanguage\":\"de\"},{\"@type\":\"Organization\",\"@id\":\"https:\\\/\\\/radioleinewelle.de\\\/#organization\",\"name\":\"Radio Leinewelle\",\"alternateName\":\"Mein Radio f\u00fcr S\u00fcdniedersachsen\",\"url\":\"https:\\\/\\\/radioleinewelle.de\\\/\",\"logo\":{\"@type\":\"ImageObject\",\"inLanguage\":\"de\",\"@id\":\"https:\\\/\\\/radioleinewelle.de\\\/#\\\/schema\\\/logo\\\/image\\\/\",\"url\":\"https:\\\/\\\/radioleinewelle.de\\\/wp-content\\\/uploads\\\/2023\\\/11\\\/cropped-Leinewelle_Logo_weiss.png\",\"contentUrl\":\"https:\\\/\\\/radioleinewelle.de\\\/wp-content\\\/uploads\\\/2023\\\/11\\\/cropped-Leinewelle_Logo_weiss.png\",\"width\":854,\"height\":260,\"caption\":\"Radio Leinewelle\"},\"image\":{\"@id\":\"https:\\\/\\\/radioleinewelle.de\\\/#\\\/schema\\\/logo\\\/image\\\/\"},\"sameAs\":[\"https:\\\/\\\/www.facebook.com\\\/radioleinewelle\",\"https:\\\/\\\/x.com\\\/RLeinewelle\",\"https:\\\/\\\/www.instagram.com\\\/radioleinewelle\\\/?hl=de\"]},{\"@type\":\"Person\",\"@id\":\"https:\\\/\\\/radioleinewelle.de\\\/#\\\/schema\\\/person\\\/45606f348637df637192dc1b68399a63\",\"name\":\"Leinewelle\",\"image\":{\"@type\":\"ImageObject\",\"inLanguage\":\"de\",\"@id\":\"https:\\\/\\\/secure.gravatar.com\\\/avatar\\\/05c9a17bc973052ee5d91549bd32fb4dd0dc85b7b85ae94b2e2b4943476bbea5?s=96&d=blank&r=g\",\"url\":\"https:\\\/\\\/secure.gravatar.com\\\/avatar\\\/05c9a17bc973052ee5d91549bd32fb4dd0dc85b7b85ae94b2e2b4943476bbea5?s=96&d=blank&r=g\",\"contentUrl\":\"https:\\\/\\\/secure.gravatar.com\\\/avatar\\\/05c9a17bc973052ee5d91549bd32fb4dd0dc85b7b85ae94b2e2b4943476bbea5?s=96&d=blank&r=g\",\"caption\":\"Leinewelle\"},\"sameAs\":[\"http:\\\/\\\/localhost\\\/radio%20leinewelle\\\/wordpress\",\"https:\\\/\\\/www.facebook.com\\\/radioleinewelle\",\"https:\\\/\\\/www.instagram.com\\\/radioleinewelle\",\"https:\\\/\\\/x.com\\\/https:\\\/\\\/twitter.com\\\/RLeinewelle?ref_src=twsrcgoogletwcampserptwgrauthor\",\"https:\\\/\\\/soundcloud.com\\\/foerderverein-lokalradio?utm_source=clipboard&utm_medium=text&utm_campaign=social_sharing\"],\"url\":\"https:\\\/\\\/radioleinewelle.de\\\/index.php\\\/author\\\/leinewelle\\\/\"}]}<\/script>\n<!-- \/ Yoast SEO plugin. -->","yoast_head_json":{"title":"Der G\u00f6ttinger Bundestagsabgeordnete Fritz G\u00fcntzler (CDU) begr\u00fc\u00dft die Bewilligung von 50.000 Euro f\u00fcr die DRK-Kita J\u00fchnde. - Radio Leinewelle","robots":{"index":"index","follow":"follow","max-snippet":"max-snippet:-1","max-image-preview":"max-image-preview:large","max-video-preview":"max-video-preview:-1"},"canonical":"https:\/\/radioleinewelle.de\/index.php\/2021\/01\/29\/der-goettinger-bundestagsabgeordnete-fritz-guentzler-cdu-begruesst-die-bewilligung-von-50-000-euro-fuer-die-drk-kita-juehnde\/","og_locale":"de_DE","og_type":"article","og_title":"Der G\u00f6ttinger Bundestagsabgeordnete Fritz G\u00fcntzler (CDU) begr\u00fc\u00dft die Bewilligung von 50.000 Euro f\u00fcr die DRK-Kita J\u00fchnde. - Radio Leinewelle","og_description":"\u201eSprache ist der Schl\u00fcssel f\u00fcr einen guten Start ins Leben unserer Kinder. Deswegen freue ich mich besonders, dass der Bund die DRK-Kita J\u00fchnde \u00fcber das Bundesprogramm \u201eSprach-Kitas: Weil Sprache der Schl\u00fcssel zur Welt ist\u201c mit insgesamt 50.000 Euro im Zeitraum vom 1.1.2021 bis 31.12.2022 f\u00f6rdert\u201c, so Fritz G\u00fcntzler. Mit dem Bundesprogramm \u201eSprach-Kitas: Weil Sprache der [&hellip;]","og_url":"https:\/\/radioleinewelle.de\/index.php\/2021\/01\/29\/der-goettinger-bundestagsabgeordnete-fritz-guentzler-cdu-begruesst-die-bewilligung-von-50-000-euro-fuer-die-drk-kita-juehnde\/","og_site_name":"Radio Leinewelle","article_publisher":"https:\/\/www.facebook.com\/radioleinewelle","article_author":"https:\/\/www.facebook.com\/radioleinewelle","article_published_time":"2021-01-29T04:27:00+00:00","og_image":[{"width":780,"height":439,"url":"https:\/\/radioleinewelle.de\/wp-content\/uploads\/2021\/01\/fritz_guentzler_mdb_kleine_kb_16_9.jpg","type":"image\/jpeg"}],"author":"Leinewelle","twitter_card":"summary_large_image","twitter_creator":"@https:\/\/twitter.com\/RLeinewelle?ref_src=twsrcgoogletwcampserptwgrauthor","twitter_site":"@RLeinewelle","twitter_misc":{"Verfasst von":"Leinewelle","Gesch\u00e4tzte Lesezeit":"1\u00a0Minute"},"schema":{"@context":"https:\/\/schema.org","@graph":[{"@type":"Article","@id":"https:\/\/radioleinewelle.de\/index.php\/2021\/01\/29\/der-goettinger-bundestagsabgeordnete-fritz-guentzler-cdu-begruesst-die-bewilligung-von-50-000-euro-fuer-die-drk-kita-juehnde\/#article","isPartOf":{"@id":"https:\/\/radioleinewelle.de\/index.php\/2021\/01\/29\/der-goettinger-bundestagsabgeordnete-fritz-guentzler-cdu-begruesst-die-bewilligung-von-50-000-euro-fuer-die-drk-kita-juehnde\/"},"author":{"name":"Leinewelle","@id":"https:\/\/radioleinewelle.de\/#\/schema\/person\/45606f348637df637192dc1b68399a63"},"headline":"Der G\u00f6ttinger Bundestagsabgeordnete Fritz G\u00fcntzler (CDU) begr\u00fc\u00dft die Bewilligung von 50.000 Euro f\u00fcr die DRK-Kita J\u00fchnde.","datePublished":"2021-01-29T04:27:00+00:00","mainEntityOfPage":{"@id":"https:\/\/radioleinewelle.de\/index.php\/2021\/01\/29\/der-goettinger-bundestagsabgeordnete-fritz-guentzler-cdu-begruesst-die-bewilligung-von-50-000-euro-fuer-die-drk-kita-juehnde\/"},"wordCount":277,"publisher":{"@id":"https:\/\/radioleinewelle.de\/#organization"},"image":{"@id":"https:\/\/radioleinewelle.de\/index.php\/2021\/01\/29\/der-goettinger-bundestagsabgeordnete-fritz-guentzler-cdu-begruesst-die-bewilligung-von-50-000-euro-fuer-die-drk-kita-juehnde\/#primaryimage"},"thumbnailUrl":"https:\/\/radioleinewelle.de\/wp-content\/uploads\/2021\/01\/fritz_guentzler_mdb_kleine_kb_16_9.jpg","articleSection":["Lokalpolitik"],"inLanguage":"de"},{"@type":"WebPage","@id":"https:\/\/radioleinewelle.de\/index.php\/2021\/01\/29\/der-goettinger-bundestagsabgeordnete-fritz-guentzler-cdu-begruesst-die-bewilligung-von-50-000-euro-fuer-die-drk-kita-juehnde\/","url":"https:\/\/radioleinewelle.de\/index.php\/2021\/01\/29\/der-goettinger-bundestagsabgeordnete-fritz-guentzler-cdu-begruesst-die-bewilligung-von-50-000-euro-fuer-die-drk-kita-juehnde\/","name":"Der G\u00f6ttinger Bundestagsabgeordnete Fritz G\u00fcntzler (CDU) begr\u00fc\u00dft die Bewilligung von 50.000 Euro f\u00fcr die DRK-Kita J\u00fchnde. - Radio Leinewelle","isPartOf":{"@id":"https:\/\/radioleinewelle.de\/#website"},"primaryImageOfPage":{"@id":"https:\/\/radioleinewelle.de\/index.php\/2021\/01\/29\/der-goettinger-bundestagsabgeordnete-fritz-guentzler-cdu-begruesst-die-bewilligung-von-50-000-euro-fuer-die-drk-kita-juehnde\/#primaryimage"},"image":{"@id":"https:\/\/radioleinewelle.de\/index.php\/2021\/01\/29\/der-goettinger-bundestagsabgeordnete-fritz-guentzler-cdu-begruesst-die-bewilligung-von-50-000-euro-fuer-die-drk-kita-juehnde\/#primaryimage"},"thumbnailUrl":"https:\/\/radioleinewelle.de\/wp-content\/uploads\/2021\/01\/fritz_guentzler_mdb_kleine_kb_16_9.jpg","datePublished":"2021-01-29T04:27:00+00:00","breadcrumb":{"@id":"https:\/\/radioleinewelle.de\/index.php\/2021\/01\/29\/der-goettinger-bundestagsabgeordnete-fritz-guentzler-cdu-begruesst-die-bewilligung-von-50-000-euro-fuer-die-drk-kita-juehnde\/#breadcrumb"},"inLanguage":"de","potentialAction":[{"@type":"ReadAction","target":["https:\/\/radioleinewelle.de\/index.php\/2021\/01\/29\/der-goettinger-bundestagsabgeordnete-fritz-guentzler-cdu-begruesst-die-bewilligung-von-50-000-euro-fuer-die-drk-kita-juehnde\/"]}]},{"@type":"ImageObject","inLanguage":"de","@id":"https:\/\/radioleinewelle.de\/index.php\/2021\/01\/29\/der-goettinger-bundestagsabgeordnete-fritz-guentzler-cdu-begruesst-die-bewilligung-von-50-000-euro-fuer-die-drk-kita-juehnde\/#primaryimage","url":"https:\/\/radioleinewelle.de\/wp-content\/uploads\/2021\/01\/fritz_guentzler_mdb_kleine_kb_16_9.jpg","contentUrl":"https:\/\/radioleinewelle.de\/wp-content\/uploads\/2021\/01\/fritz_guentzler_mdb_kleine_kb_16_9.jpg","width":780,"height":439},{"@type":"BreadcrumbList","@id":"https:\/\/radioleinewelle.de\/index.php\/2021\/01\/29\/der-goettinger-bundestagsabgeordnete-fritz-guentzler-cdu-begruesst-die-bewilligung-von-50-000-euro-fuer-die-drk-kita-juehnde\/#breadcrumb","itemListElement":[{"@type":"ListItem","position":1,"name":"Startseite","item":"https:\/\/radioleinewelle.de\/"},{"@type":"ListItem","position":2,"name":"Der G\u00f6ttinger Bundestagsabgeordnete Fritz G\u00fcntzler (CDU) begr\u00fc\u00dft die Bewilligung von 50.000 Euro f\u00fcr die DRK-Kita J\u00fchnde."}]},{"@type":"WebSite","@id":"https:\/\/radioleinewelle.de\/#website","url":"https:\/\/radioleinewelle.de\/","name":"Radio Leinewelle","description":"","publisher":{"@id":"https:\/\/radioleinewelle.de\/#organization"},"potentialAction":[{"@type":"SearchAction","target":{"@type":"EntryPoint","urlTemplate":"https:\/\/radioleinewelle.de\/?s={search_term_string}"},"query-input":{"@type":"PropertyValueSpecification","valueRequired":true,"valueName":"search_term_string"}}],"inLanguage":"de"},{"@type":"Organization","@id":"https:\/\/radioleinewelle.de\/#organization","name":"Radio Leinewelle","alternateName":"Mein Radio f\u00fcr S\u00fcdniedersachsen","url":"https:\/\/radioleinewelle.de\/","logo":{"@type":"ImageObject","inLanguage":"de","@id":"https:\/\/radioleinewelle.de\/#\/schema\/logo\/image\/","url":"https:\/\/radioleinewelle.de\/wp-content\/uploads\/2023\/11\/cropped-Leinewelle_Logo_weiss.png","contentUrl":"https:\/\/radioleinewelle.de\/wp-content\/uploads\/2023\/11\/cropped-Leinewelle_Logo_weiss.png","width":854,"height":260,"caption":"Radio Leinewelle"},"image":{"@id":"https:\/\/radioleinewelle.de\/#\/schema\/logo\/image\/"},"sameAs":["https:\/\/www.facebook.com\/radioleinewelle","https:\/\/x.com\/RLeinewelle","https:\/\/www.instagram.com\/radioleinewelle\/?hl=de"]},{"@type":"Person","@id":"https:\/\/radioleinewelle.de\/#\/schema\/person\/45606f348637df637192dc1b68399a63","name":"Leinewelle","image":{"@type":"ImageObject","inLanguage":"de","@id":"https:\/\/secure.gravatar.com\/avatar\/05c9a17bc973052ee5d91549bd32fb4dd0dc85b7b85ae94b2e2b4943476bbea5?s=96&d=blank&r=g","url":"https:\/\/secure.gravatar.com\/avatar\/05c9a17bc973052ee5d91549bd32fb4dd0dc85b7b85ae94b2e2b4943476bbea5?s=96&d=blank&r=g","contentUrl":"https:\/\/secure.gravatar.com\/avatar\/05c9a17bc973052ee5d91549bd32fb4dd0dc85b7b85ae94b2e2b4943476bbea5?s=96&d=blank&r=g","caption":"Leinewelle"},"sameAs":["http:\/\/localhost\/radio%20leinewelle\/wordpress","https:\/\/www.facebook.com\/radioleinewelle","https:\/\/www.instagram.com\/radioleinewelle","https:\/\/x.com\/https:\/\/twitter.com\/RLeinewelle?ref_src=twsrcgoogletwcampserptwgrauthor","https:\/\/soundcloud.com\/foerderverein-lokalradio?utm_source=clipboard&utm_medium=text&utm_campaign=social_sharing"],"url":"https:\/\/radioleinewelle.de\/index.php\/author\/leinewelle\/"}]}},"_links":{"self":[{"href":"https:\/\/radioleinewelle.de\/index.php\/wp-json\/wp\/v2\/posts\/4827","targetHints":{"allow":["GET"]}}],"collection":[{"href":"https:\/\/radioleinewelle.de\/index.php\/wp-json\/wp\/v2\/posts"}],"about":[{"href":"https:\/\/radioleinewelle.de\/index.php\/wp-json\/wp\/v2\/types\/post"}],"author":[{"embeddable":true,"href":"https:\/\/radioleinewelle.de\/index.php\/wp-json\/wp\/v2\/users\/1"}],"replies":[{"embeddable":true,"href":"https:\/\/radioleinewelle.de\/index.php\/wp-json\/wp\/v2\/comments?post=4827"}],"version-history":[{"count":0,"href":"https:\/\/radioleinewelle.de\/index.php\/wp-json\/wp\/v2\/posts\/4827\/revisions"}],"wp:featuredmedia":[{"embeddable":true,"href":"https:\/\/radioleinewelle.de\/index.php\/wp-json\/wp\/v2\/media\/4829"}],"wp:attachment":[{"href":"https:\/\/radioleinewelle.de\/index.php\/wp-json\/wp\/v2\/media?parent=4827"}],"wp:term":[{"taxonomy":"category","embeddable":true,"href":"https:\/\/radioleinewelle.de\/index.php\/wp-json\/wp\/v2\/categories?post=4827"},{"taxonomy":"post_tag","embeddable":true,"href":"https:\/\/radioleinewelle.de\/index.php\/wp-json\/wp\/v2\/tags?post=4827"}],"curies":[{"name":"wp","href":"https:\/\/api.w.org\/{rel}","templated":true}]}}