{"id":4852,"date":"2021-01-30T05:30:00","date_gmt":"2021-01-30T04:30:00","guid":{"rendered":"https:\/\/radioleinewelle.de\/?p=4852"},"modified":"2021-01-30T05:30:00","modified_gmt":"2021-01-30T04:30:00","slug":"bombenraeumung-in-goettingen-auswirkungen-auf-regionalbusverkehr","status":"publish","type":"post","link":"https:\/\/radioleinewelle.de\/index.php\/2021\/01\/30\/bombenraeumung-in-goettingen-auswirkungen-auf-regionalbusverkehr\/","title":{"rendered":"Bombenr\u00e4umung in G\u00f6ttingen &#8211; Auswirkungen auf Regionalbusverkehr"},"content":{"rendered":"\n<p>W\u00e4hrend der geplanten Untersuchung von vier verd\u00e4chtigen Gegenst\u00e4nden im Boden unter der Godehardstra\u00dfe in der Weststadt in G\u00f6ttingen am Samstag, 30. Januar, wird ein weitr\u00e4umiger Bereich im Umkreis von 1.000 Metern um die Fundstelle, in dem u. a. auch der Bahnhof und der ZOB liegen, gesperrt und evakuiert. Die Sperrung wird nach derzeitigen Informationen voraussichtlich den ganzen Tag andauern, daher ist f\u00fcr den gesamten Samstag mit umfangreichen Einschr\u00e4nkungen im \u00d6PNV zu rechnen.<\/p>\n\n\n\n<p>Der Zweckverband Verkehrsverbund S\u00fcd-Niedersachsen(ZVSN) weist darauf hin, dass sich an diesem Tag bis Betriebsschluss auch f\u00fcr die Regionalbusse \u00c4nderungen innerhalb von G\u00f6ttingen ergeben:<\/p>\n\n\n\n<p>Die Linien 110 (G\u00f6ttingen &#8211; Barterode \u2013 Adelebsen), 210 (G\u00f6ttingen &#8211; Adelebsen \u2013 Uslar) und 220 (G\u00f6ttingen &#8211; Lenglern &#8211; Hardegsen \u2013 Moringen) bedienen die Haltestellen G\u00f6ttingen Wilhelm-Berg-Stra\u00dfe und G\u00f6ttingen August-Spindler-Stra\u00dfe und werden anschlie\u00dfend zum KaufPark umgeleitet. Hier besteht Anschluss an verschiedene Linien der G\u00f6ttinger Verkehrsbetriebe (G\u00f6VB) in Richtung Innenstadt.<\/p>\n\n\n\n<p>Stadtausw\u00e4rts ab Kaufpark fahren die Linien 110\/210 immer um \u00b405 und \u00b435, die Linie 220 immer um \u00b410 zur August-Spindler-Stra\u00dfe. Ab dort wird nach regul\u00e4rem Fahrplan gefahren.&nbsp;<br \/>Die Haltestellen zwischen G\u00f6ttingen Bahnhof\/ZOB und August-Spindler-Stra\u00dfe k\u00f6nnen nicht bedient werden.<\/p>\n\n\n\n<p>Die Linie 120 (G\u00f6ttingen &#8211; Dransfeld &#8211; Hann. M\u00fcnden) endet von Gro\u00df Ellershausen kommend am KaufPark. Die Abfahrts- und Ankunftszeiten entsprechen dem regul\u00e4ren Fahrplan. Die Haltestellen zwischen G\u00f6ttingen Siekh\u00f6henallee und G\u00f6ttingen Bahnhof\/ZOB k\u00f6nnen nicht bedient werden.<\/p>\n\n\n\n<p>Die Linie 130 (G\u00f6ttingen &#8211; Rosdorf &#8211; Obernjesa &#8211; Dramfeld &#8211; Friedland (- Gro\u00df Schneen)) endet an der Haltestelle Badeparadies Eiswiese.<\/p>\n\n\n\n<p>Die Linie 140 (G\u00f6ttingen &#8211; Niedernjesa &#8211; Gro\u00df Schneen) wird im Ring \u00fcber die Danziger Stra\u00dfe und Geismar Landstra\u00dfe \u00fcber das Neue Rathaus zur Reinholdstra\u00dfe umgeleitet. Alle Unterwegshaltestellen werden zum Ausstieg bedient, Fahrg\u00e4ste haben die M\u00f6glichkeit in die Busse der G\u00f6VB stadteinw\u00e4rts umzusteigen.<\/p>\n\n\n\n<p>Die Linien 150 (G\u00f6ttingen &#8211; Seulingen &#8211; Desingerode \u2013 Duderstadt), 154 (G\u00f6ttingen &#8211; Rittmarshausen -Sattenhausen\/ Beienrode) und 155 (G\u00f6ttingen &#8211; Reinhausen &#8211; Nesselr\u00f6den \u2013 Duderstadt) enden an der Haltestelle Albaniplatz.&nbsp;<\/p>\n\n\n\n<p>Die Linie 160 (G\u00f6ttingen \u2013 Eberg\u00f6tzen \u2013 Duderstadt) endet am Theaterplatz.<\/p>\n\n\n\n<p>Die Linie 170 (G\u00f6ttingen &#8211; Gieboldehausen \u2013 Duderstadt) endet an der Haltestelle Humboldtallee, dreht \u00fcber den Nikolausberger Weg und beginnt wieder an der Beyerstra\u00dfe. F\u00fcr eine Weiterfahrt stadteinw\u00e4rts besteht die M\u00f6glichkeit in Linien der G\u00f6VB umzusteigen.&nbsp;<\/p>\n\n\n\n<p>Die Linien 180 (G\u00f6ttingen &#8211; Bovenden &#8211; N\u00f6rten-Hardenberg) und 185 (G\u00f6ttingen &#8211; Bovenden &#8211; Reyershausen &#8211; Holzerode (- Eberg\u00f6tzen)) enden an der Haltestelle Lutteranger. F\u00fcr eine Weiterfahrt stadteinw\u00e4rts besteht die M\u00f6glichkeit in Linien der G\u00f6VB umzusteigen.&nbsp;<\/p>\n\n\n\n<p>Alle Haltestellen auf den regul\u00e4ren Linienwegen zwischen G\u00f6ttingen Bahnhof\/ZOB und den genannten provisorischen Linienendpunkten am 30.1. k\u00f6nnen an diesem Tag in beiden Fahrtrichtungen nicht bedient werden.\u201c<\/p>\n\n\n\n<p>Es wird darauf hingewiesen, dass es ggf. noch zu \u00c4nderungen kommen kann. Alle aktuellen Informationen werden auf&nbsp;<a href=\"http:\/\/www.vsninfo.de\/\">www.vsninfo.de<\/a>&nbsp;ver\u00f6ffentlicht.<\/p>\n\n\n\n<p>Ferner sind \u2013 aufgrund der Kurzfristigkeit der Ma\u00dfnahmen \u2013 die exakten Fahrzeiten und &#8211; Wege nur bedingt in den elektronischen Fahrplanausk\u00fcnften (Internet, Apps\u2026) zu entnehmen.<\/p>\n","protected":false},"excerpt":{"rendered":"<p>W\u00e4hrend der geplanten Untersuchung von vier verd\u00e4chtigen Gegenst\u00e4nden im Boden unter der Godehardstra\u00dfe in der Weststadt in G\u00f6ttingen am Samstag, 30. Januar, wird ein weitr\u00e4umiger Bereich im Umkreis von 1.000 Metern um die Fundstelle, in dem u. a. auch der Bahnhof und der ZOB liegen, gesperrt und evakuiert. Die Sperrung wird nach derzeitigen Informationen voraussichtlich [&hellip;]<\/p>\n","protected":false},"author":1,"featured_media":4854,"comment_status":"closed","ping_status":"closed","sticky":false,"template":"","format":"standard","meta":{"saved_in_kubio":false,"footnotes":""},"categories":[24],"tags":[],"class_list":["post-4852","post","type-post","status-publish","format-standard","has-post-thumbnail","hentry","category-news"],"yoast_head":"<!-- This site is optimized with the Yoast SEO plugin v27.5 - https:\/\/yoast.com\/product\/yoast-seo-wordpress\/ -->\n<title>Bombenr\u00e4umung in G\u00f6ttingen - Auswirkungen auf Regionalbusverkehr - Radio Leinewelle<\/title>\n<meta name=\"robots\" content=\"index, follow, max-snippet:-1, max-image-preview:large, max-video-preview:-1\" \/>\n<link rel=\"canonical\" href=\"https:\/\/radioleinewelle.de\/index.php\/2021\/01\/30\/bombenraeumung-in-goettingen-auswirkungen-auf-regionalbusverkehr\/\" \/>\n<meta property=\"og:locale\" content=\"de_DE\" \/>\n<meta property=\"og:type\" content=\"article\" \/>\n<meta property=\"og:title\" content=\"Bombenr\u00e4umung in G\u00f6ttingen - Auswirkungen auf Regionalbusverkehr - Radio Leinewelle\" \/>\n<meta property=\"og:description\" content=\"W\u00e4hrend der geplanten Untersuchung von vier verd\u00e4chtigen Gegenst\u00e4nden im Boden unter der Godehardstra\u00dfe in der Weststadt in G\u00f6ttingen am Samstag, 30. Januar, wird ein weitr\u00e4umiger Bereich im Umkreis von 1.000 Metern um die Fundstelle, in dem u. a. auch der Bahnhof und der ZOB liegen, gesperrt und evakuiert. Die Sperrung wird nach derzeitigen Informationen voraussichtlich [&hellip;]\" \/>\n<meta property=\"og:url\" content=\"https:\/\/radioleinewelle.de\/index.php\/2021\/01\/30\/bombenraeumung-in-goettingen-auswirkungen-auf-regionalbusverkehr\/\" \/>\n<meta property=\"og:site_name\" content=\"Radio Leinewelle\" \/>\n<meta property=\"article:publisher\" content=\"https:\/\/www.facebook.com\/radioleinewelle\" \/>\n<meta property=\"article:author\" content=\"https:\/\/www.facebook.com\/radioleinewelle\" \/>\n<meta property=\"article:published_time\" content=\"2021-01-30T04:30:00+00:00\" \/>\n<meta property=\"og:image\" content=\"https:\/\/radioleinewelle.de\/wp-content\/uploads\/2021\/01\/stop-111392_640-e1611950618690.jpg\" \/>\n\t<meta property=\"og:image:width\" content=\"587\" \/>\n\t<meta property=\"og:image:height\" content=\"292\" \/>\n\t<meta property=\"og:image:type\" content=\"image\/jpeg\" \/>\n<meta name=\"author\" content=\"Leinewelle\" \/>\n<meta name=\"twitter:card\" content=\"summary_large_image\" \/>\n<meta name=\"twitter:creator\" content=\"@https:\/\/twitter.com\/RLeinewelle?ref_src=twsrcgoogletwcampserptwgrauthor\" \/>\n<meta name=\"twitter:site\" content=\"@RLeinewelle\" \/>\n<meta name=\"twitter:label1\" content=\"Verfasst von\" \/>\n\t<meta name=\"twitter:data1\" content=\"Leinewelle\" \/>\n\t<meta name=\"twitter:label2\" content=\"Gesch\u00e4tzte Lesezeit\" \/>\n\t<meta name=\"twitter:data2\" content=\"3\u00a0Minuten\" \/>\n<script type=\"application\/ld+json\" class=\"yoast-schema-graph\">{\"@context\":\"https:\\\/\\\/schema.org\",\"@graph\":[{\"@type\":\"Article\",\"@id\":\"https:\\\/\\\/radioleinewelle.de\\\/index.php\\\/2021\\\/01\\\/30\\\/bombenraeumung-in-goettingen-auswirkungen-auf-regionalbusverkehr\\\/#article\",\"isPartOf\":{\"@id\":\"https:\\\/\\\/radioleinewelle.de\\\/index.php\\\/2021\\\/01\\\/30\\\/bombenraeumung-in-goettingen-auswirkungen-auf-regionalbusverkehr\\\/\"},\"author\":{\"name\":\"Leinewelle\",\"@id\":\"https:\\\/\\\/radioleinewelle.de\\\/#\\\/schema\\\/person\\\/45606f348637df637192dc1b68399a63\"},\"headline\":\"Bombenr\u00e4umung in G\u00f6ttingen &#8211; Auswirkungen auf Regionalbusverkehr\",\"datePublished\":\"2021-01-30T04:30:00+00:00\",\"mainEntityOfPage\":{\"@id\":\"https:\\\/\\\/radioleinewelle.de\\\/index.php\\\/2021\\\/01\\\/30\\\/bombenraeumung-in-goettingen-auswirkungen-auf-regionalbusverkehr\\\/\"},\"wordCount\":525,\"publisher\":{\"@id\":\"https:\\\/\\\/radioleinewelle.de\\\/#organization\"},\"image\":{\"@id\":\"https:\\\/\\\/radioleinewelle.de\\\/index.php\\\/2021\\\/01\\\/30\\\/bombenraeumung-in-goettingen-auswirkungen-auf-regionalbusverkehr\\\/#primaryimage\"},\"thumbnailUrl\":\"https:\\\/\\\/radioleinewelle.de\\\/wp-content\\\/uploads\\\/2021\\\/01\\\/stop-111392_640-e1611950618690.jpg\",\"articleSection\":[\"Aktuelle Nachrichten\"],\"inLanguage\":\"de\"},{\"@type\":\"WebPage\",\"@id\":\"https:\\\/\\\/radioleinewelle.de\\\/index.php\\\/2021\\\/01\\\/30\\\/bombenraeumung-in-goettingen-auswirkungen-auf-regionalbusverkehr\\\/\",\"url\":\"https:\\\/\\\/radioleinewelle.de\\\/index.php\\\/2021\\\/01\\\/30\\\/bombenraeumung-in-goettingen-auswirkungen-auf-regionalbusverkehr\\\/\",\"name\":\"Bombenr\u00e4umung in G\u00f6ttingen - Auswirkungen auf Regionalbusverkehr - Radio Leinewelle\",\"isPartOf\":{\"@id\":\"https:\\\/\\\/radioleinewelle.de\\\/#website\"},\"primaryImageOfPage\":{\"@id\":\"https:\\\/\\\/radioleinewelle.de\\\/index.php\\\/2021\\\/01\\\/30\\\/bombenraeumung-in-goettingen-auswirkungen-auf-regionalbusverkehr\\\/#primaryimage\"},\"image\":{\"@id\":\"https:\\\/\\\/radioleinewelle.de\\\/index.php\\\/2021\\\/01\\\/30\\\/bombenraeumung-in-goettingen-auswirkungen-auf-regionalbusverkehr\\\/#primaryimage\"},\"thumbnailUrl\":\"https:\\\/\\\/radioleinewelle.de\\\/wp-content\\\/uploads\\\/2021\\\/01\\\/stop-111392_640-e1611950618690.jpg\",\"datePublished\":\"2021-01-30T04:30:00+00:00\",\"breadcrumb\":{\"@id\":\"https:\\\/\\\/radioleinewelle.de\\\/index.php\\\/2021\\\/01\\\/30\\\/bombenraeumung-in-goettingen-auswirkungen-auf-regionalbusverkehr\\\/#breadcrumb\"},\"inLanguage\":\"de\",\"potentialAction\":[{\"@type\":\"ReadAction\",\"target\":[\"https:\\\/\\\/radioleinewelle.de\\\/index.php\\\/2021\\\/01\\\/30\\\/bombenraeumung-in-goettingen-auswirkungen-auf-regionalbusverkehr\\\/\"]}]},{\"@type\":\"ImageObject\",\"inLanguage\":\"de\",\"@id\":\"https:\\\/\\\/radioleinewelle.de\\\/index.php\\\/2021\\\/01\\\/30\\\/bombenraeumung-in-goettingen-auswirkungen-auf-regionalbusverkehr\\\/#primaryimage\",\"url\":\"https:\\\/\\\/radioleinewelle.de\\\/wp-content\\\/uploads\\\/2021\\\/01\\\/stop-111392_640-e1611950618690.jpg\",\"contentUrl\":\"https:\\\/\\\/radioleinewelle.de\\\/wp-content\\\/uploads\\\/2021\\\/01\\\/stop-111392_640-e1611950618690.jpg\",\"width\":587,\"height\":292},{\"@type\":\"BreadcrumbList\",\"@id\":\"https:\\\/\\\/radioleinewelle.de\\\/index.php\\\/2021\\\/01\\\/30\\\/bombenraeumung-in-goettingen-auswirkungen-auf-regionalbusverkehr\\\/#breadcrumb\",\"itemListElement\":[{\"@type\":\"ListItem\",\"position\":1,\"name\":\"Startseite\",\"item\":\"https:\\\/\\\/radioleinewelle.de\\\/\"},{\"@type\":\"ListItem\",\"position\":2,\"name\":\"Bombenr\u00e4umung in G\u00f6ttingen &#8211; Auswirkungen auf Regionalbusverkehr\"}]},{\"@type\":\"WebSite\",\"@id\":\"https:\\\/\\\/radioleinewelle.de\\\/#website\",\"url\":\"https:\\\/\\\/radioleinewelle.de\\\/\",\"name\":\"Radio Leinewelle\",\"description\":\"\",\"publisher\":{\"@id\":\"https:\\\/\\\/radioleinewelle.de\\\/#organization\"},\"potentialAction\":[{\"@type\":\"SearchAction\",\"target\":{\"@type\":\"EntryPoint\",\"urlTemplate\":\"https:\\\/\\\/radioleinewelle.de\\\/?s={search_term_string}\"},\"query-input\":{\"@type\":\"PropertyValueSpecification\",\"valueRequired\":true,\"valueName\":\"search_term_string\"}}],\"inLanguage\":\"de\"},{\"@type\":\"Organization\",\"@id\":\"https:\\\/\\\/radioleinewelle.de\\\/#organization\",\"name\":\"Radio Leinewelle\",\"alternateName\":\"Mein Radio f\u00fcr S\u00fcdniedersachsen\",\"url\":\"https:\\\/\\\/radioleinewelle.de\\\/\",\"logo\":{\"@type\":\"ImageObject\",\"inLanguage\":\"de\",\"@id\":\"https:\\\/\\\/radioleinewelle.de\\\/#\\\/schema\\\/logo\\\/image\\\/\",\"url\":\"https:\\\/\\\/radioleinewelle.de\\\/wp-content\\\/uploads\\\/2023\\\/11\\\/cropped-Leinewelle_Logo_weiss.png\",\"contentUrl\":\"https:\\\/\\\/radioleinewelle.de\\\/wp-content\\\/uploads\\\/2023\\\/11\\\/cropped-Leinewelle_Logo_weiss.png\",\"width\":854,\"height\":260,\"caption\":\"Radio Leinewelle\"},\"image\":{\"@id\":\"https:\\\/\\\/radioleinewelle.de\\\/#\\\/schema\\\/logo\\\/image\\\/\"},\"sameAs\":[\"https:\\\/\\\/www.facebook.com\\\/radioleinewelle\",\"https:\\\/\\\/x.com\\\/RLeinewelle\",\"https:\\\/\\\/www.instagram.com\\\/radioleinewelle\\\/?hl=de\"]},{\"@type\":\"Person\",\"@id\":\"https:\\\/\\\/radioleinewelle.de\\\/#\\\/schema\\\/person\\\/45606f348637df637192dc1b68399a63\",\"name\":\"Leinewelle\",\"image\":{\"@type\":\"ImageObject\",\"inLanguage\":\"de\",\"@id\":\"https:\\\/\\\/secure.gravatar.com\\\/avatar\\\/05c9a17bc973052ee5d91549bd32fb4dd0dc85b7b85ae94b2e2b4943476bbea5?s=96&d=blank&r=g\",\"url\":\"https:\\\/\\\/secure.gravatar.com\\\/avatar\\\/05c9a17bc973052ee5d91549bd32fb4dd0dc85b7b85ae94b2e2b4943476bbea5?s=96&d=blank&r=g\",\"contentUrl\":\"https:\\\/\\\/secure.gravatar.com\\\/avatar\\\/05c9a17bc973052ee5d91549bd32fb4dd0dc85b7b85ae94b2e2b4943476bbea5?s=96&d=blank&r=g\",\"caption\":\"Leinewelle\"},\"sameAs\":[\"http:\\\/\\\/localhost\\\/radio%20leinewelle\\\/wordpress\",\"https:\\\/\\\/www.facebook.com\\\/radioleinewelle\",\"https:\\\/\\\/www.instagram.com\\\/radioleinewelle\",\"https:\\\/\\\/x.com\\\/https:\\\/\\\/twitter.com\\\/RLeinewelle?ref_src=twsrcgoogletwcampserptwgrauthor\",\"https:\\\/\\\/soundcloud.com\\\/foerderverein-lokalradio?utm_source=clipboard&utm_medium=text&utm_campaign=social_sharing\"],\"url\":\"https:\\\/\\\/radioleinewelle.de\\\/index.php\\\/author\\\/leinewelle\\\/\"}]}<\/script>\n<!-- \/ Yoast SEO plugin. -->","yoast_head_json":{"title":"Bombenr\u00e4umung in G\u00f6ttingen - Auswirkungen auf Regionalbusverkehr - Radio Leinewelle","robots":{"index":"index","follow":"follow","max-snippet":"max-snippet:-1","max-image-preview":"max-image-preview:large","max-video-preview":"max-video-preview:-1"},"canonical":"https:\/\/radioleinewelle.de\/index.php\/2021\/01\/30\/bombenraeumung-in-goettingen-auswirkungen-auf-regionalbusverkehr\/","og_locale":"de_DE","og_type":"article","og_title":"Bombenr\u00e4umung in G\u00f6ttingen - Auswirkungen auf Regionalbusverkehr - Radio Leinewelle","og_description":"W\u00e4hrend der geplanten Untersuchung von vier verd\u00e4chtigen Gegenst\u00e4nden im Boden unter der Godehardstra\u00dfe in der Weststadt in G\u00f6ttingen am Samstag, 30. Januar, wird ein weitr\u00e4umiger Bereich im Umkreis von 1.000 Metern um die Fundstelle, in dem u. a. auch der Bahnhof und der ZOB liegen, gesperrt und evakuiert. Die Sperrung wird nach derzeitigen Informationen voraussichtlich [&hellip;]","og_url":"https:\/\/radioleinewelle.de\/index.php\/2021\/01\/30\/bombenraeumung-in-goettingen-auswirkungen-auf-regionalbusverkehr\/","og_site_name":"Radio Leinewelle","article_publisher":"https:\/\/www.facebook.com\/radioleinewelle","article_author":"https:\/\/www.facebook.com\/radioleinewelle","article_published_time":"2021-01-30T04:30:00+00:00","og_image":[{"width":587,"height":292,"url":"https:\/\/radioleinewelle.de\/wp-content\/uploads\/2021\/01\/stop-111392_640-e1611950618690.jpg","type":"image\/jpeg"}],"author":"Leinewelle","twitter_card":"summary_large_image","twitter_creator":"@https:\/\/twitter.com\/RLeinewelle?ref_src=twsrcgoogletwcampserptwgrauthor","twitter_site":"@RLeinewelle","twitter_misc":{"Verfasst von":"Leinewelle","Gesch\u00e4tzte Lesezeit":"3\u00a0Minuten"},"schema":{"@context":"https:\/\/schema.org","@graph":[{"@type":"Article","@id":"https:\/\/radioleinewelle.de\/index.php\/2021\/01\/30\/bombenraeumung-in-goettingen-auswirkungen-auf-regionalbusverkehr\/#article","isPartOf":{"@id":"https:\/\/radioleinewelle.de\/index.php\/2021\/01\/30\/bombenraeumung-in-goettingen-auswirkungen-auf-regionalbusverkehr\/"},"author":{"name":"Leinewelle","@id":"https:\/\/radioleinewelle.de\/#\/schema\/person\/45606f348637df637192dc1b68399a63"},"headline":"Bombenr\u00e4umung in G\u00f6ttingen &#8211; Auswirkungen auf Regionalbusverkehr","datePublished":"2021-01-30T04:30:00+00:00","mainEntityOfPage":{"@id":"https:\/\/radioleinewelle.de\/index.php\/2021\/01\/30\/bombenraeumung-in-goettingen-auswirkungen-auf-regionalbusverkehr\/"},"wordCount":525,"publisher":{"@id":"https:\/\/radioleinewelle.de\/#organization"},"image":{"@id":"https:\/\/radioleinewelle.de\/index.php\/2021\/01\/30\/bombenraeumung-in-goettingen-auswirkungen-auf-regionalbusverkehr\/#primaryimage"},"thumbnailUrl":"https:\/\/radioleinewelle.de\/wp-content\/uploads\/2021\/01\/stop-111392_640-e1611950618690.jpg","articleSection":["Aktuelle Nachrichten"],"inLanguage":"de"},{"@type":"WebPage","@id":"https:\/\/radioleinewelle.de\/index.php\/2021\/01\/30\/bombenraeumung-in-goettingen-auswirkungen-auf-regionalbusverkehr\/","url":"https:\/\/radioleinewelle.de\/index.php\/2021\/01\/30\/bombenraeumung-in-goettingen-auswirkungen-auf-regionalbusverkehr\/","name":"Bombenr\u00e4umung in G\u00f6ttingen - Auswirkungen auf Regionalbusverkehr - Radio Leinewelle","isPartOf":{"@id":"https:\/\/radioleinewelle.de\/#website"},"primaryImageOfPage":{"@id":"https:\/\/radioleinewelle.de\/index.php\/2021\/01\/30\/bombenraeumung-in-goettingen-auswirkungen-auf-regionalbusverkehr\/#primaryimage"},"image":{"@id":"https:\/\/radioleinewelle.de\/index.php\/2021\/01\/30\/bombenraeumung-in-goettingen-auswirkungen-auf-regionalbusverkehr\/#primaryimage"},"thumbnailUrl":"https:\/\/radioleinewelle.de\/wp-content\/uploads\/2021\/01\/stop-111392_640-e1611950618690.jpg","datePublished":"2021-01-30T04:30:00+00:00","breadcrumb":{"@id":"https:\/\/radioleinewelle.de\/index.php\/2021\/01\/30\/bombenraeumung-in-goettingen-auswirkungen-auf-regionalbusverkehr\/#breadcrumb"},"inLanguage":"de","potentialAction":[{"@type":"ReadAction","target":["https:\/\/radioleinewelle.de\/index.php\/2021\/01\/30\/bombenraeumung-in-goettingen-auswirkungen-auf-regionalbusverkehr\/"]}]},{"@type":"ImageObject","inLanguage":"de","@id":"https:\/\/radioleinewelle.de\/index.php\/2021\/01\/30\/bombenraeumung-in-goettingen-auswirkungen-auf-regionalbusverkehr\/#primaryimage","url":"https:\/\/radioleinewelle.de\/wp-content\/uploads\/2021\/01\/stop-111392_640-e1611950618690.jpg","contentUrl":"https:\/\/radioleinewelle.de\/wp-content\/uploads\/2021\/01\/stop-111392_640-e1611950618690.jpg","width":587,"height":292},{"@type":"BreadcrumbList","@id":"https:\/\/radioleinewelle.de\/index.php\/2021\/01\/30\/bombenraeumung-in-goettingen-auswirkungen-auf-regionalbusverkehr\/#breadcrumb","itemListElement":[{"@type":"ListItem","position":1,"name":"Startseite","item":"https:\/\/radioleinewelle.de\/"},{"@type":"ListItem","position":2,"name":"Bombenr\u00e4umung in G\u00f6ttingen &#8211; Auswirkungen auf Regionalbusverkehr"}]},{"@type":"WebSite","@id":"https:\/\/radioleinewelle.de\/#website","url":"https:\/\/radioleinewelle.de\/","name":"Radio Leinewelle","description":"","publisher":{"@id":"https:\/\/radioleinewelle.de\/#organization"},"potentialAction":[{"@type":"SearchAction","target":{"@type":"EntryPoint","urlTemplate":"https:\/\/radioleinewelle.de\/?s={search_term_string}"},"query-input":{"@type":"PropertyValueSpecification","valueRequired":true,"valueName":"search_term_string"}}],"inLanguage":"de"},{"@type":"Organization","@id":"https:\/\/radioleinewelle.de\/#organization","name":"Radio Leinewelle","alternateName":"Mein Radio f\u00fcr S\u00fcdniedersachsen","url":"https:\/\/radioleinewelle.de\/","logo":{"@type":"ImageObject","inLanguage":"de","@id":"https:\/\/radioleinewelle.de\/#\/schema\/logo\/image\/","url":"https:\/\/radioleinewelle.de\/wp-content\/uploads\/2023\/11\/cropped-Leinewelle_Logo_weiss.png","contentUrl":"https:\/\/radioleinewelle.de\/wp-content\/uploads\/2023\/11\/cropped-Leinewelle_Logo_weiss.png","width":854,"height":260,"caption":"Radio Leinewelle"},"image":{"@id":"https:\/\/radioleinewelle.de\/#\/schema\/logo\/image\/"},"sameAs":["https:\/\/www.facebook.com\/radioleinewelle","https:\/\/x.com\/RLeinewelle","https:\/\/www.instagram.com\/radioleinewelle\/?hl=de"]},{"@type":"Person","@id":"https:\/\/radioleinewelle.de\/#\/schema\/person\/45606f348637df637192dc1b68399a63","name":"Leinewelle","image":{"@type":"ImageObject","inLanguage":"de","@id":"https:\/\/secure.gravatar.com\/avatar\/05c9a17bc973052ee5d91549bd32fb4dd0dc85b7b85ae94b2e2b4943476bbea5?s=96&d=blank&r=g","url":"https:\/\/secure.gravatar.com\/avatar\/05c9a17bc973052ee5d91549bd32fb4dd0dc85b7b85ae94b2e2b4943476bbea5?s=96&d=blank&r=g","contentUrl":"https:\/\/secure.gravatar.com\/avatar\/05c9a17bc973052ee5d91549bd32fb4dd0dc85b7b85ae94b2e2b4943476bbea5?s=96&d=blank&r=g","caption":"Leinewelle"},"sameAs":["http:\/\/localhost\/radio%20leinewelle\/wordpress","https:\/\/www.facebook.com\/radioleinewelle","https:\/\/www.instagram.com\/radioleinewelle","https:\/\/x.com\/https:\/\/twitter.com\/RLeinewelle?ref_src=twsrcgoogletwcampserptwgrauthor","https:\/\/soundcloud.com\/foerderverein-lokalradio?utm_source=clipboard&utm_medium=text&utm_campaign=social_sharing"],"url":"https:\/\/radioleinewelle.de\/index.php\/author\/leinewelle\/"}]}},"_links":{"self":[{"href":"https:\/\/radioleinewelle.de\/index.php\/wp-json\/wp\/v2\/posts\/4852","targetHints":{"allow":["GET"]}}],"collection":[{"href":"https:\/\/radioleinewelle.de\/index.php\/wp-json\/wp\/v2\/posts"}],"about":[{"href":"https:\/\/radioleinewelle.de\/index.php\/wp-json\/wp\/v2\/types\/post"}],"author":[{"embeddable":true,"href":"https:\/\/radioleinewelle.de\/index.php\/wp-json\/wp\/v2\/users\/1"}],"replies":[{"embeddable":true,"href":"https:\/\/radioleinewelle.de\/index.php\/wp-json\/wp\/v2\/comments?post=4852"}],"version-history":[{"count":0,"href":"https:\/\/radioleinewelle.de\/index.php\/wp-json\/wp\/v2\/posts\/4852\/revisions"}],"wp:featuredmedia":[{"embeddable":true,"href":"https:\/\/radioleinewelle.de\/index.php\/wp-json\/wp\/v2\/media\/4854"}],"wp:attachment":[{"href":"https:\/\/radioleinewelle.de\/index.php\/wp-json\/wp\/v2\/media?parent=4852"}],"wp:term":[{"taxonomy":"category","embeddable":true,"href":"https:\/\/radioleinewelle.de\/index.php\/wp-json\/wp\/v2\/categories?post=4852"},{"taxonomy":"post_tag","embeddable":true,"href":"https:\/\/radioleinewelle.de\/index.php\/wp-json\/wp\/v2\/tags?post=4852"}],"curies":[{"name":"wp","href":"https:\/\/api.w.org\/{rel}","templated":true}]}}