{"id":4929,"date":"2021-02-03T05:30:00","date_gmt":"2021-02-03T04:30:00","guid":{"rendered":"https:\/\/radioleinewelle.de\/?p=4929"},"modified":"2021-02-03T05:30:00","modified_gmt":"2021-02-03T04:30:00","slug":"goettingen-europaquartier-start-der-online-beteiligung","status":"publish","type":"post","link":"https:\/\/radioleinewelle.de\/index.php\/2021\/02\/03\/goettingen-europaquartier-start-der-online-beteiligung\/","title":{"rendered":"G\u00f6ttingen: Europaquartier: Start der Online-Beteiligung"},"content":{"rendered":"\n<p>Zum geplanten Europaquartier G\u00f6ttingen am Holtenser Berg startet am Dienstag, 2. Februar 2021, ein Online-Beteiligungsverfahren. Erg\u00e4nzend ist f\u00fcr den 25. Februar eine digitale Informationsveranstaltung geplant.<\/p>\n\n\n\n<p>Eine Online-Beteiligung ist bis Mittwoch, 31. M\u00e4rz 2021, unter&nbsp;<a href=\"https:\/\/www.europaquartier.de\/\" target=\"_blank\" rel=\"noreferrer noopener\">www.europaquartier.de&nbsp;<\/a>&nbsp;m\u00f6glich.&nbsp;<\/p>\n\n\n\n<p>Das Europaquartier ist mit ca. 11 Hektar das derzeit nach Fl\u00e4che gr\u00f6\u00dfte Wohnungsbauvorhaben in G\u00f6ttingen. In dem Gebiet am n\u00f6rdlichen Rand des Holtenser Bergs sind etwa 600 Wohneinheiten vorgesehen. In energieeffizienter und nachhaltiger Bauweise entsteht ein gemischtes Quartier mit Geschosswohnungsbau ebenso wie beispielsweise Reihenh\u00e4usern f\u00fcr eine sozial ausgewogene Nachbarschaft. Au\u00dferdem sind Dienstleistungsangebote, Einzelhandel und weitere Einrichtungen geplant.&nbsp;<\/p>\n\n\n\n<p>Planung und Errichtung des Europaquartiers G\u00f6ttingen liegen bei den beiden Haupteigent\u00fcmern der Fl\u00e4che, der Nieders\u00e4chsischen Landgesellschaft mbH und der Klosterkammer Hannover. Im Planungsprozess ist die Stadt G\u00f6ttingen involviert, in Zusammenarbeit aller Beteiligten wird die Online-B\u00fcrgerbeteiligung durchgef\u00fchrt. Unter dem Motto \u201eNeuer Wohnraum f\u00fcr G\u00f6ttingen \u2013 Ihre Meinung ist gefragt\u201c k\u00f6nnen G\u00f6ttinger*innen ihre Anregungen zum st\u00e4dtebaulichen Entwurf f\u00fcr das neue Quartier einbringen.<\/p>\n\n\n\n<p>Weitere Informationen zum Bauvorhaben und zur Beteiligung gibt es&nbsp;<a rel=\"noreferrer noopener\" href=\"https:\/\/www.goettingen.de\/rathaus\/beteiligung\/stadtentwicklung\/europaquartier.html\" target=\"_blank\">hier<\/a><a rel=\"noreferrer noopener\" href=\"https:\/\/www.goettingen.de\/rathaus\/beteiligung\/stadtentwicklung\/europaquartier.html\" target=\"_blank\"><\/a>.&nbsp;<\/p>\n\n\n\n<p>Foto: Stadt G\u00f6ttingen<\/p>\n","protected":false},"excerpt":{"rendered":"<p>Zum geplanten Europaquartier G\u00f6ttingen am Holtenser Berg startet am Dienstag, 2. Februar 2021, ein Online-Beteiligungsverfahren. Erg\u00e4nzend ist f\u00fcr den 25. Februar eine digitale Informationsveranstaltung geplant. Eine Online-Beteiligung ist bis Mittwoch, 31. M\u00e4rz 2021, unter&nbsp;www.europaquartier.de&nbsp;&nbsp;m\u00f6glich.&nbsp; Das Europaquartier ist mit ca. 11 Hektar das derzeit nach Fl\u00e4che gr\u00f6\u00dfte Wohnungsbauvorhaben in G\u00f6ttingen. In dem Gebiet am n\u00f6rdlichen Rand [&hellip;]<\/p>\n","protected":false},"author":1,"featured_media":0,"comment_status":"closed","ping_status":"closed","sticky":false,"template":"","format":"standard","meta":{"saved_in_kubio":false,"footnotes":""},"categories":[31,39],"tags":[],"class_list":["post-4929","post","type-post","status-publish","format-standard","hentry","category-bauen-verkehr","category-lokalpolitik"],"yoast_head":"<!-- This site is optimized with the Yoast SEO plugin v27.5 - https:\/\/yoast.com\/product\/yoast-seo-wordpress\/ -->\n<title>G\u00f6ttingen: Europaquartier: Start der Online-Beteiligung - Radio Leinewelle<\/title>\n<meta name=\"robots\" content=\"index, follow, max-snippet:-1, max-image-preview:large, max-video-preview:-1\" \/>\n<link rel=\"canonical\" href=\"https:\/\/radioleinewelle.de\/index.php\/2021\/02\/03\/goettingen-europaquartier-start-der-online-beteiligung\/\" \/>\n<meta property=\"og:locale\" content=\"de_DE\" \/>\n<meta property=\"og:type\" content=\"article\" \/>\n<meta property=\"og:title\" content=\"G\u00f6ttingen: Europaquartier: Start der Online-Beteiligung - Radio Leinewelle\" \/>\n<meta property=\"og:description\" content=\"Zum geplanten Europaquartier G\u00f6ttingen am Holtenser Berg startet am Dienstag, 2. Februar 2021, ein Online-Beteiligungsverfahren. Erg\u00e4nzend ist f\u00fcr den 25. Februar eine digitale Informationsveranstaltung geplant. Eine Online-Beteiligung ist bis Mittwoch, 31. M\u00e4rz 2021, unter&nbsp;www.europaquartier.de&nbsp;&nbsp;m\u00f6glich.&nbsp; Das Europaquartier ist mit ca. 11 Hektar das derzeit nach Fl\u00e4che gr\u00f6\u00dfte Wohnungsbauvorhaben in G\u00f6ttingen. In dem Gebiet am n\u00f6rdlichen Rand [&hellip;]\" \/>\n<meta property=\"og:url\" content=\"https:\/\/radioleinewelle.de\/index.php\/2021\/02\/03\/goettingen-europaquartier-start-der-online-beteiligung\/\" \/>\n<meta property=\"og:site_name\" content=\"Radio Leinewelle\" \/>\n<meta property=\"article:publisher\" content=\"https:\/\/www.facebook.com\/radioleinewelle\" \/>\n<meta property=\"article:author\" content=\"https:\/\/www.facebook.com\/radioleinewelle\" \/>\n<meta property=\"article:published_time\" content=\"2021-02-03T04:30:00+00:00\" \/>\n<meta name=\"author\" content=\"Leinewelle\" \/>\n<meta name=\"twitter:card\" content=\"summary_large_image\" \/>\n<meta name=\"twitter:creator\" content=\"@https:\/\/twitter.com\/RLeinewelle?ref_src=twsrcgoogletwcampserptwgrauthor\" \/>\n<meta name=\"twitter:site\" content=\"@RLeinewelle\" \/>\n<meta name=\"twitter:label1\" content=\"Verfasst von\" \/>\n\t<meta name=\"twitter:data1\" content=\"Leinewelle\" \/>\n\t<meta name=\"twitter:label2\" content=\"Gesch\u00e4tzte Lesezeit\" \/>\n\t<meta name=\"twitter:data2\" content=\"1\u00a0Minute\" \/>\n<script type=\"application\/ld+json\" class=\"yoast-schema-graph\">{\"@context\":\"https:\\\/\\\/schema.org\",\"@graph\":[{\"@type\":\"Article\",\"@id\":\"https:\\\/\\\/radioleinewelle.de\\\/index.php\\\/2021\\\/02\\\/03\\\/goettingen-europaquartier-start-der-online-beteiligung\\\/#article\",\"isPartOf\":{\"@id\":\"https:\\\/\\\/radioleinewelle.de\\\/index.php\\\/2021\\\/02\\\/03\\\/goettingen-europaquartier-start-der-online-beteiligung\\\/\"},\"author\":{\"name\":\"Leinewelle\",\"@id\":\"https:\\\/\\\/radioleinewelle.de\\\/#\\\/schema\\\/person\\\/45606f348637df637192dc1b68399a63\"},\"headline\":\"G\u00f6ttingen: Europaquartier: Start der Online-Beteiligung\",\"datePublished\":\"2021-02-03T04:30:00+00:00\",\"mainEntityOfPage\":{\"@id\":\"https:\\\/\\\/radioleinewelle.de\\\/index.php\\\/2021\\\/02\\\/03\\\/goettingen-europaquartier-start-der-online-beteiligung\\\/\"},\"wordCount\":200,\"publisher\":{\"@id\":\"https:\\\/\\\/radioleinewelle.de\\\/#organization\"},\"articleSection\":[\"Bauen &amp; Verkehr\",\"Lokalpolitik\"],\"inLanguage\":\"de\"},{\"@type\":\"WebPage\",\"@id\":\"https:\\\/\\\/radioleinewelle.de\\\/index.php\\\/2021\\\/02\\\/03\\\/goettingen-europaquartier-start-der-online-beteiligung\\\/\",\"url\":\"https:\\\/\\\/radioleinewelle.de\\\/index.php\\\/2021\\\/02\\\/03\\\/goettingen-europaquartier-start-der-online-beteiligung\\\/\",\"name\":\"G\u00f6ttingen: Europaquartier: Start der Online-Beteiligung - Radio Leinewelle\",\"isPartOf\":{\"@id\":\"https:\\\/\\\/radioleinewelle.de\\\/#website\"},\"datePublished\":\"2021-02-03T04:30:00+00:00\",\"breadcrumb\":{\"@id\":\"https:\\\/\\\/radioleinewelle.de\\\/index.php\\\/2021\\\/02\\\/03\\\/goettingen-europaquartier-start-der-online-beteiligung\\\/#breadcrumb\"},\"inLanguage\":\"de\",\"potentialAction\":[{\"@type\":\"ReadAction\",\"target\":[\"https:\\\/\\\/radioleinewelle.de\\\/index.php\\\/2021\\\/02\\\/03\\\/goettingen-europaquartier-start-der-online-beteiligung\\\/\"]}]},{\"@type\":\"BreadcrumbList\",\"@id\":\"https:\\\/\\\/radioleinewelle.de\\\/index.php\\\/2021\\\/02\\\/03\\\/goettingen-europaquartier-start-der-online-beteiligung\\\/#breadcrumb\",\"itemListElement\":[{\"@type\":\"ListItem\",\"position\":1,\"name\":\"Startseite\",\"item\":\"https:\\\/\\\/radioleinewelle.de\\\/\"},{\"@type\":\"ListItem\",\"position\":2,\"name\":\"G\u00f6ttingen: Europaquartier: Start der Online-Beteiligung\"}]},{\"@type\":\"WebSite\",\"@id\":\"https:\\\/\\\/radioleinewelle.de\\\/#website\",\"url\":\"https:\\\/\\\/radioleinewelle.de\\\/\",\"name\":\"Radio Leinewelle\",\"description\":\"\",\"publisher\":{\"@id\":\"https:\\\/\\\/radioleinewelle.de\\\/#organization\"},\"potentialAction\":[{\"@type\":\"SearchAction\",\"target\":{\"@type\":\"EntryPoint\",\"urlTemplate\":\"https:\\\/\\\/radioleinewelle.de\\\/?s={search_term_string}\"},\"query-input\":{\"@type\":\"PropertyValueSpecification\",\"valueRequired\":true,\"valueName\":\"search_term_string\"}}],\"inLanguage\":\"de\"},{\"@type\":\"Organization\",\"@id\":\"https:\\\/\\\/radioleinewelle.de\\\/#organization\",\"name\":\"Radio Leinewelle\",\"alternateName\":\"Mein Radio f\u00fcr S\u00fcdniedersachsen\",\"url\":\"https:\\\/\\\/radioleinewelle.de\\\/\",\"logo\":{\"@type\":\"ImageObject\",\"inLanguage\":\"de\",\"@id\":\"https:\\\/\\\/radioleinewelle.de\\\/#\\\/schema\\\/logo\\\/image\\\/\",\"url\":\"https:\\\/\\\/radioleinewelle.de\\\/wp-content\\\/uploads\\\/2023\\\/11\\\/cropped-Leinewelle_Logo_weiss.png\",\"contentUrl\":\"https:\\\/\\\/radioleinewelle.de\\\/wp-content\\\/uploads\\\/2023\\\/11\\\/cropped-Leinewelle_Logo_weiss.png\",\"width\":854,\"height\":260,\"caption\":\"Radio Leinewelle\"},\"image\":{\"@id\":\"https:\\\/\\\/radioleinewelle.de\\\/#\\\/schema\\\/logo\\\/image\\\/\"},\"sameAs\":[\"https:\\\/\\\/www.facebook.com\\\/radioleinewelle\",\"https:\\\/\\\/x.com\\\/RLeinewelle\",\"https:\\\/\\\/www.instagram.com\\\/radioleinewelle\\\/?hl=de\"]},{\"@type\":\"Person\",\"@id\":\"https:\\\/\\\/radioleinewelle.de\\\/#\\\/schema\\\/person\\\/45606f348637df637192dc1b68399a63\",\"name\":\"Leinewelle\",\"image\":{\"@type\":\"ImageObject\",\"inLanguage\":\"de\",\"@id\":\"https:\\\/\\\/secure.gravatar.com\\\/avatar\\\/05c9a17bc973052ee5d91549bd32fb4dd0dc85b7b85ae94b2e2b4943476bbea5?s=96&d=blank&r=g\",\"url\":\"https:\\\/\\\/secure.gravatar.com\\\/avatar\\\/05c9a17bc973052ee5d91549bd32fb4dd0dc85b7b85ae94b2e2b4943476bbea5?s=96&d=blank&r=g\",\"contentUrl\":\"https:\\\/\\\/secure.gravatar.com\\\/avatar\\\/05c9a17bc973052ee5d91549bd32fb4dd0dc85b7b85ae94b2e2b4943476bbea5?s=96&d=blank&r=g\",\"caption\":\"Leinewelle\"},\"sameAs\":[\"http:\\\/\\\/localhost\\\/radio%20leinewelle\\\/wordpress\",\"https:\\\/\\\/www.facebook.com\\\/radioleinewelle\",\"https:\\\/\\\/www.instagram.com\\\/radioleinewelle\",\"https:\\\/\\\/x.com\\\/https:\\\/\\\/twitter.com\\\/RLeinewelle?ref_src=twsrcgoogletwcampserptwgrauthor\",\"https:\\\/\\\/soundcloud.com\\\/foerderverein-lokalradio?utm_source=clipboard&utm_medium=text&utm_campaign=social_sharing\"],\"url\":\"https:\\\/\\\/radioleinewelle.de\\\/index.php\\\/author\\\/leinewelle\\\/\"}]}<\/script>\n<!-- \/ Yoast SEO plugin. -->","yoast_head_json":{"title":"G\u00f6ttingen: Europaquartier: Start der Online-Beteiligung - Radio Leinewelle","robots":{"index":"index","follow":"follow","max-snippet":"max-snippet:-1","max-image-preview":"max-image-preview:large","max-video-preview":"max-video-preview:-1"},"canonical":"https:\/\/radioleinewelle.de\/index.php\/2021\/02\/03\/goettingen-europaquartier-start-der-online-beteiligung\/","og_locale":"de_DE","og_type":"article","og_title":"G\u00f6ttingen: Europaquartier: Start der Online-Beteiligung - Radio Leinewelle","og_description":"Zum geplanten Europaquartier G\u00f6ttingen am Holtenser Berg startet am Dienstag, 2. Februar 2021, ein Online-Beteiligungsverfahren. Erg\u00e4nzend ist f\u00fcr den 25. Februar eine digitale Informationsveranstaltung geplant. Eine Online-Beteiligung ist bis Mittwoch, 31. M\u00e4rz 2021, unter&nbsp;www.europaquartier.de&nbsp;&nbsp;m\u00f6glich.&nbsp; Das Europaquartier ist mit ca. 11 Hektar das derzeit nach Fl\u00e4che gr\u00f6\u00dfte Wohnungsbauvorhaben in G\u00f6ttingen. In dem Gebiet am n\u00f6rdlichen Rand [&hellip;]","og_url":"https:\/\/radioleinewelle.de\/index.php\/2021\/02\/03\/goettingen-europaquartier-start-der-online-beteiligung\/","og_site_name":"Radio Leinewelle","article_publisher":"https:\/\/www.facebook.com\/radioleinewelle","article_author":"https:\/\/www.facebook.com\/radioleinewelle","article_published_time":"2021-02-03T04:30:00+00:00","author":"Leinewelle","twitter_card":"summary_large_image","twitter_creator":"@https:\/\/twitter.com\/RLeinewelle?ref_src=twsrcgoogletwcampserptwgrauthor","twitter_site":"@RLeinewelle","twitter_misc":{"Verfasst von":"Leinewelle","Gesch\u00e4tzte Lesezeit":"1\u00a0Minute"},"schema":{"@context":"https:\/\/schema.org","@graph":[{"@type":"Article","@id":"https:\/\/radioleinewelle.de\/index.php\/2021\/02\/03\/goettingen-europaquartier-start-der-online-beteiligung\/#article","isPartOf":{"@id":"https:\/\/radioleinewelle.de\/index.php\/2021\/02\/03\/goettingen-europaquartier-start-der-online-beteiligung\/"},"author":{"name":"Leinewelle","@id":"https:\/\/radioleinewelle.de\/#\/schema\/person\/45606f348637df637192dc1b68399a63"},"headline":"G\u00f6ttingen: Europaquartier: Start der Online-Beteiligung","datePublished":"2021-02-03T04:30:00+00:00","mainEntityOfPage":{"@id":"https:\/\/radioleinewelle.de\/index.php\/2021\/02\/03\/goettingen-europaquartier-start-der-online-beteiligung\/"},"wordCount":200,"publisher":{"@id":"https:\/\/radioleinewelle.de\/#organization"},"articleSection":["Bauen &amp; Verkehr","Lokalpolitik"],"inLanguage":"de"},{"@type":"WebPage","@id":"https:\/\/radioleinewelle.de\/index.php\/2021\/02\/03\/goettingen-europaquartier-start-der-online-beteiligung\/","url":"https:\/\/radioleinewelle.de\/index.php\/2021\/02\/03\/goettingen-europaquartier-start-der-online-beteiligung\/","name":"G\u00f6ttingen: Europaquartier: Start der Online-Beteiligung - Radio Leinewelle","isPartOf":{"@id":"https:\/\/radioleinewelle.de\/#website"},"datePublished":"2021-02-03T04:30:00+00:00","breadcrumb":{"@id":"https:\/\/radioleinewelle.de\/index.php\/2021\/02\/03\/goettingen-europaquartier-start-der-online-beteiligung\/#breadcrumb"},"inLanguage":"de","potentialAction":[{"@type":"ReadAction","target":["https:\/\/radioleinewelle.de\/index.php\/2021\/02\/03\/goettingen-europaquartier-start-der-online-beteiligung\/"]}]},{"@type":"BreadcrumbList","@id":"https:\/\/radioleinewelle.de\/index.php\/2021\/02\/03\/goettingen-europaquartier-start-der-online-beteiligung\/#breadcrumb","itemListElement":[{"@type":"ListItem","position":1,"name":"Startseite","item":"https:\/\/radioleinewelle.de\/"},{"@type":"ListItem","position":2,"name":"G\u00f6ttingen: Europaquartier: Start der Online-Beteiligung"}]},{"@type":"WebSite","@id":"https:\/\/radioleinewelle.de\/#website","url":"https:\/\/radioleinewelle.de\/","name":"Radio Leinewelle","description":"","publisher":{"@id":"https:\/\/radioleinewelle.de\/#organization"},"potentialAction":[{"@type":"SearchAction","target":{"@type":"EntryPoint","urlTemplate":"https:\/\/radioleinewelle.de\/?s={search_term_string}"},"query-input":{"@type":"PropertyValueSpecification","valueRequired":true,"valueName":"search_term_string"}}],"inLanguage":"de"},{"@type":"Organization","@id":"https:\/\/radioleinewelle.de\/#organization","name":"Radio Leinewelle","alternateName":"Mein Radio f\u00fcr S\u00fcdniedersachsen","url":"https:\/\/radioleinewelle.de\/","logo":{"@type":"ImageObject","inLanguage":"de","@id":"https:\/\/radioleinewelle.de\/#\/schema\/logo\/image\/","url":"https:\/\/radioleinewelle.de\/wp-content\/uploads\/2023\/11\/cropped-Leinewelle_Logo_weiss.png","contentUrl":"https:\/\/radioleinewelle.de\/wp-content\/uploads\/2023\/11\/cropped-Leinewelle_Logo_weiss.png","width":854,"height":260,"caption":"Radio Leinewelle"},"image":{"@id":"https:\/\/radioleinewelle.de\/#\/schema\/logo\/image\/"},"sameAs":["https:\/\/www.facebook.com\/radioleinewelle","https:\/\/x.com\/RLeinewelle","https:\/\/www.instagram.com\/radioleinewelle\/?hl=de"]},{"@type":"Person","@id":"https:\/\/radioleinewelle.de\/#\/schema\/person\/45606f348637df637192dc1b68399a63","name":"Leinewelle","image":{"@type":"ImageObject","inLanguage":"de","@id":"https:\/\/secure.gravatar.com\/avatar\/05c9a17bc973052ee5d91549bd32fb4dd0dc85b7b85ae94b2e2b4943476bbea5?s=96&d=blank&r=g","url":"https:\/\/secure.gravatar.com\/avatar\/05c9a17bc973052ee5d91549bd32fb4dd0dc85b7b85ae94b2e2b4943476bbea5?s=96&d=blank&r=g","contentUrl":"https:\/\/secure.gravatar.com\/avatar\/05c9a17bc973052ee5d91549bd32fb4dd0dc85b7b85ae94b2e2b4943476bbea5?s=96&d=blank&r=g","caption":"Leinewelle"},"sameAs":["http:\/\/localhost\/radio%20leinewelle\/wordpress","https:\/\/www.facebook.com\/radioleinewelle","https:\/\/www.instagram.com\/radioleinewelle","https:\/\/x.com\/https:\/\/twitter.com\/RLeinewelle?ref_src=twsrcgoogletwcampserptwgrauthor","https:\/\/soundcloud.com\/foerderverein-lokalradio?utm_source=clipboard&utm_medium=text&utm_campaign=social_sharing"],"url":"https:\/\/radioleinewelle.de\/index.php\/author\/leinewelle\/"}]}},"_links":{"self":[{"href":"https:\/\/radioleinewelle.de\/index.php\/wp-json\/wp\/v2\/posts\/4929","targetHints":{"allow":["GET"]}}],"collection":[{"href":"https:\/\/radioleinewelle.de\/index.php\/wp-json\/wp\/v2\/posts"}],"about":[{"href":"https:\/\/radioleinewelle.de\/index.php\/wp-json\/wp\/v2\/types\/post"}],"author":[{"embeddable":true,"href":"https:\/\/radioleinewelle.de\/index.php\/wp-json\/wp\/v2\/users\/1"}],"replies":[{"embeddable":true,"href":"https:\/\/radioleinewelle.de\/index.php\/wp-json\/wp\/v2\/comments?post=4929"}],"version-history":[{"count":0,"href":"https:\/\/radioleinewelle.de\/index.php\/wp-json\/wp\/v2\/posts\/4929\/revisions"}],"wp:attachment":[{"href":"https:\/\/radioleinewelle.de\/index.php\/wp-json\/wp\/v2\/media?parent=4929"}],"wp:term":[{"taxonomy":"category","embeddable":true,"href":"https:\/\/radioleinewelle.de\/index.php\/wp-json\/wp\/v2\/categories?post=4929"},{"taxonomy":"post_tag","embeddable":true,"href":"https:\/\/radioleinewelle.de\/index.php\/wp-json\/wp\/v2\/tags?post=4929"}],"curies":[{"name":"wp","href":"https:\/\/api.w.org\/{rel}","templated":true}]}}