{"id":4937,"date":"2021-02-04T05:10:00","date_gmt":"2021-02-04T04:10:00","guid":{"rendered":"https:\/\/radioleinewelle.de\/?p=4937"},"modified":"2021-02-04T05:10:00","modified_gmt":"2021-02-04T04:10:00","slug":"antrag-im-kreistag-auftakt-fuer-schulernaehrungsprogramm","status":"publish","type":"post","link":"https:\/\/radioleinewelle.de\/index.php\/2021\/02\/04\/antrag-im-kreistag-auftakt-fuer-schulernaehrungsprogramm\/","title":{"rendered":"Antrag im Kreistag: Auftakt f\u00fcr Schulern\u00e4hrungsprogramm"},"content":{"rendered":"\n<p>Ausgewogene Ern\u00e4hrung f\u00fcr Sch\u00fcler*innen im Landkreis G\u00f6ttingen:<br \/>Die Mehrheitsgruppe aus SPD, Gr\u00fcnen und Freien W\u00e4hlern m\u00f6chte die Verpflegungssituation in den Mensen der Ganztagsschulen in Tr\u00e4gerschaft des Landkreises G\u00f6ttingen f\u00fcr alle Sch\u00fcler*innen verbessern. Im Nachtragshaushalt 2021 stehen daf\u00fcr 30.000 Euro f\u00fcr die Umsetzung eines zeitgem\u00e4\u00dfen und an die Bed\u00fcrfnisse von Kindern und Jugendlichen angepassten Verpflegungskonzeptes bereit.<\/p>\n\n\n\n<p>Das Schulern\u00e4hrungsprogramm sei ein weiterer Schritt auf dem Weg zur Zielsetzung \u201eBeste Bildung f\u00fcr alle Sch\u00fcler*innen\u201c, welches im Schulentwicklungsplan f\u00fcr den Landkreis G\u00f6ttingen festgeschrieben ist.<\/p>\n\n\n\n<p>Die Verwaltung arbeite derzeit in Kooperation mit der Universit\u00e4t Gie\u00dfen bereits an einem Forschungsprojekt zum Thema Verpflegungssituation an Schulen. Die erarbeiteten Frageb\u00f6gen sollen nach Ostern in den Schulen die Verpflegungssituation, aber auch die W\u00fcnsche und Ideen der Sch\u00fcler*innen in den allgemeinbildenden Schulen des Schultr\u00e4gers Landkreis G\u00f6ttingen erfragen. Damit die Erkenntnisse nach der Auswertung erfolgreich in die Praxis umgesetzt werden k\u00f6nnen, sei eine wirksame Auftaktphase notwendig, die nach den Sommerferien beginnen soll.<\/p>\n\n\n\n<p>\u201eZiel ist, nicht nur ein warmes Mittagessen anzubieten, sondern Tisch- und Esskultur zu vermitteln sowie die gesundheitsbewusste Ern\u00e4hrung mit einem abwechslungsreichen Angebot von Getr\u00e4nken und Speisen zu f\u00f6rdern\u201c, sagt dazu Reinhard Dierkes, SPD-Fraktionsvorsitzender.<\/p>\n\n\n\n<p>\u201eDamit dieses langfristig gut angenommen wird und nicht \u00fcber die K\u00f6pfe der Betroffenen hinweg an deren Bed\u00fcrfnissen und W\u00fcnschen vorbeigeht, ist eine aktive Einbindung der jungen Konsument*innen Voraussetzung\u201c, bemerkt das Gr\u00fcne Mitglied im Schulausschuss Maria Gerl-Plein.<\/p>\n\n\n\n<p>\u201eDas f\u00f6rdert langfristig auch das Wissen \u00fcber Ern\u00e4hrung durch mehr Besch\u00e4ftigung mit der Materie\u201c, sagt dazu Lothar Dinges, Fraktionsvorsitzender der Freien W\u00e4hler im Kreistag.<\/p>\n\n\n\n<p>\u201eDurch gute Verpflegungskonzepte kann die p\u00e4dagogische Qualit\u00e4t einer Schule gesteigert werden, weil auch Sch\u00fcler*innen es lieben, bei gutem Essen Gespr\u00e4che zu f\u00fchren und sich dabei in der Mensa ihrer Schule wohl zu f\u00fchlen\u201c, sind sich die drei Fraktionsvorsitzenden einig.<\/p>\n\n\n\n<ul class=\"wp-block-list\"><li><a href=\"https:\/\/spd-kreistag-goettingen.de\/nachtragshaushalt-2021-auftakt-schulernaehrungsprogramm\">Antrag \u201eNachtragshaushalt 2021: Auftakt Schulern\u00e4hrungsprogramm\u201c<\/a><\/li><\/ul>\n","protected":false},"excerpt":{"rendered":"<p>Ausgewogene Ern\u00e4hrung f\u00fcr Sch\u00fcler*innen im Landkreis G\u00f6ttingen:Die Mehrheitsgruppe aus SPD, Gr\u00fcnen und Freien W\u00e4hlern m\u00f6chte die Verpflegungssituation in den Mensen der Ganztagsschulen in Tr\u00e4gerschaft des Landkreises G\u00f6ttingen f\u00fcr alle Sch\u00fcler*innen verbessern. Im Nachtragshaushalt 2021 stehen daf\u00fcr 30.000 Euro f\u00fcr die Umsetzung eines zeitgem\u00e4\u00dfen und an die Bed\u00fcrfnisse von Kindern und Jugendlichen angepassten Verpflegungskonzeptes bereit. Das [&hellip;]<\/p>\n","protected":false},"author":1,"featured_media":0,"comment_status":"closed","ping_status":"closed","sticky":false,"template":"","format":"standard","meta":{"saved_in_kubio":false,"footnotes":""},"categories":[39],"tags":[],"class_list":["post-4937","post","type-post","status-publish","format-standard","hentry","category-lokalpolitik"],"yoast_head":"<!-- This site is optimized with the Yoast SEO plugin v27.5 - https:\/\/yoast.com\/product\/yoast-seo-wordpress\/ -->\n<title>Antrag im Kreistag: Auftakt f\u00fcr Schulern\u00e4hrungsprogramm - Radio Leinewelle<\/title>\n<meta name=\"robots\" content=\"index, follow, max-snippet:-1, max-image-preview:large, max-video-preview:-1\" \/>\n<link rel=\"canonical\" href=\"https:\/\/radioleinewelle.de\/index.php\/2021\/02\/04\/antrag-im-kreistag-auftakt-fuer-schulernaehrungsprogramm\/\" \/>\n<meta property=\"og:locale\" content=\"de_DE\" \/>\n<meta property=\"og:type\" content=\"article\" \/>\n<meta property=\"og:title\" content=\"Antrag im Kreistag: Auftakt f\u00fcr Schulern\u00e4hrungsprogramm - Radio Leinewelle\" \/>\n<meta property=\"og:description\" content=\"Ausgewogene Ern\u00e4hrung f\u00fcr Sch\u00fcler*innen im Landkreis G\u00f6ttingen:Die Mehrheitsgruppe aus SPD, Gr\u00fcnen und Freien W\u00e4hlern m\u00f6chte die Verpflegungssituation in den Mensen der Ganztagsschulen in Tr\u00e4gerschaft des Landkreises G\u00f6ttingen f\u00fcr alle Sch\u00fcler*innen verbessern. Im Nachtragshaushalt 2021 stehen daf\u00fcr 30.000 Euro f\u00fcr die Umsetzung eines zeitgem\u00e4\u00dfen und an die Bed\u00fcrfnisse von Kindern und Jugendlichen angepassten Verpflegungskonzeptes bereit. Das [&hellip;]\" \/>\n<meta property=\"og:url\" content=\"https:\/\/radioleinewelle.de\/index.php\/2021\/02\/04\/antrag-im-kreistag-auftakt-fuer-schulernaehrungsprogramm\/\" \/>\n<meta property=\"og:site_name\" content=\"Radio Leinewelle\" \/>\n<meta property=\"article:publisher\" content=\"https:\/\/www.facebook.com\/radioleinewelle\" \/>\n<meta property=\"article:author\" content=\"https:\/\/www.facebook.com\/radioleinewelle\" \/>\n<meta property=\"article:published_time\" content=\"2021-02-04T04:10:00+00:00\" \/>\n<meta name=\"author\" content=\"Leinewelle\" \/>\n<meta name=\"twitter:card\" content=\"summary_large_image\" \/>\n<meta name=\"twitter:creator\" content=\"@https:\/\/twitter.com\/RLeinewelle?ref_src=twsrcgoogletwcampserptwgrauthor\" \/>\n<meta name=\"twitter:site\" content=\"@RLeinewelle\" \/>\n<meta name=\"twitter:label1\" content=\"Verfasst von\" \/>\n\t<meta name=\"twitter:data1\" content=\"Leinewelle\" \/>\n\t<meta name=\"twitter:label2\" content=\"Gesch\u00e4tzte Lesezeit\" \/>\n\t<meta name=\"twitter:data2\" content=\"2\u00a0Minuten\" \/>\n<script type=\"application\/ld+json\" class=\"yoast-schema-graph\">{\"@context\":\"https:\\\/\\\/schema.org\",\"@graph\":[{\"@type\":\"Article\",\"@id\":\"https:\\\/\\\/radioleinewelle.de\\\/index.php\\\/2021\\\/02\\\/04\\\/antrag-im-kreistag-auftakt-fuer-schulernaehrungsprogramm\\\/#article\",\"isPartOf\":{\"@id\":\"https:\\\/\\\/radioleinewelle.de\\\/index.php\\\/2021\\\/02\\\/04\\\/antrag-im-kreistag-auftakt-fuer-schulernaehrungsprogramm\\\/\"},\"author\":{\"name\":\"Leinewelle\",\"@id\":\"https:\\\/\\\/radioleinewelle.de\\\/#\\\/schema\\\/person\\\/45606f348637df637192dc1b68399a63\"},\"headline\":\"Antrag im Kreistag: Auftakt f\u00fcr Schulern\u00e4hrungsprogramm\",\"datePublished\":\"2021-02-04T04:10:00+00:00\",\"mainEntityOfPage\":{\"@id\":\"https:\\\/\\\/radioleinewelle.de\\\/index.php\\\/2021\\\/02\\\/04\\\/antrag-im-kreistag-auftakt-fuer-schulernaehrungsprogramm\\\/\"},\"wordCount\":345,\"publisher\":{\"@id\":\"https:\\\/\\\/radioleinewelle.de\\\/#organization\"},\"articleSection\":[\"Lokalpolitik\"],\"inLanguage\":\"de\"},{\"@type\":\"WebPage\",\"@id\":\"https:\\\/\\\/radioleinewelle.de\\\/index.php\\\/2021\\\/02\\\/04\\\/antrag-im-kreistag-auftakt-fuer-schulernaehrungsprogramm\\\/\",\"url\":\"https:\\\/\\\/radioleinewelle.de\\\/index.php\\\/2021\\\/02\\\/04\\\/antrag-im-kreistag-auftakt-fuer-schulernaehrungsprogramm\\\/\",\"name\":\"Antrag im Kreistag: Auftakt f\u00fcr Schulern\u00e4hrungsprogramm - Radio Leinewelle\",\"isPartOf\":{\"@id\":\"https:\\\/\\\/radioleinewelle.de\\\/#website\"},\"datePublished\":\"2021-02-04T04:10:00+00:00\",\"breadcrumb\":{\"@id\":\"https:\\\/\\\/radioleinewelle.de\\\/index.php\\\/2021\\\/02\\\/04\\\/antrag-im-kreistag-auftakt-fuer-schulernaehrungsprogramm\\\/#breadcrumb\"},\"inLanguage\":\"de\",\"potentialAction\":[{\"@type\":\"ReadAction\",\"target\":[\"https:\\\/\\\/radioleinewelle.de\\\/index.php\\\/2021\\\/02\\\/04\\\/antrag-im-kreistag-auftakt-fuer-schulernaehrungsprogramm\\\/\"]}]},{\"@type\":\"BreadcrumbList\",\"@id\":\"https:\\\/\\\/radioleinewelle.de\\\/index.php\\\/2021\\\/02\\\/04\\\/antrag-im-kreistag-auftakt-fuer-schulernaehrungsprogramm\\\/#breadcrumb\",\"itemListElement\":[{\"@type\":\"ListItem\",\"position\":1,\"name\":\"Startseite\",\"item\":\"https:\\\/\\\/radioleinewelle.de\\\/\"},{\"@type\":\"ListItem\",\"position\":2,\"name\":\"Antrag im Kreistag: Auftakt f\u00fcr Schulern\u00e4hrungsprogramm\"}]},{\"@type\":\"WebSite\",\"@id\":\"https:\\\/\\\/radioleinewelle.de\\\/#website\",\"url\":\"https:\\\/\\\/radioleinewelle.de\\\/\",\"name\":\"Radio Leinewelle\",\"description\":\"\",\"publisher\":{\"@id\":\"https:\\\/\\\/radioleinewelle.de\\\/#organization\"},\"potentialAction\":[{\"@type\":\"SearchAction\",\"target\":{\"@type\":\"EntryPoint\",\"urlTemplate\":\"https:\\\/\\\/radioleinewelle.de\\\/?s={search_term_string}\"},\"query-input\":{\"@type\":\"PropertyValueSpecification\",\"valueRequired\":true,\"valueName\":\"search_term_string\"}}],\"inLanguage\":\"de\"},{\"@type\":\"Organization\",\"@id\":\"https:\\\/\\\/radioleinewelle.de\\\/#organization\",\"name\":\"Radio Leinewelle\",\"alternateName\":\"Mein Radio f\u00fcr S\u00fcdniedersachsen\",\"url\":\"https:\\\/\\\/radioleinewelle.de\\\/\",\"logo\":{\"@type\":\"ImageObject\",\"inLanguage\":\"de\",\"@id\":\"https:\\\/\\\/radioleinewelle.de\\\/#\\\/schema\\\/logo\\\/image\\\/\",\"url\":\"https:\\\/\\\/radioleinewelle.de\\\/wp-content\\\/uploads\\\/2023\\\/11\\\/cropped-Leinewelle_Logo_weiss.png\",\"contentUrl\":\"https:\\\/\\\/radioleinewelle.de\\\/wp-content\\\/uploads\\\/2023\\\/11\\\/cropped-Leinewelle_Logo_weiss.png\",\"width\":854,\"height\":260,\"caption\":\"Radio Leinewelle\"},\"image\":{\"@id\":\"https:\\\/\\\/radioleinewelle.de\\\/#\\\/schema\\\/logo\\\/image\\\/\"},\"sameAs\":[\"https:\\\/\\\/www.facebook.com\\\/radioleinewelle\",\"https:\\\/\\\/x.com\\\/RLeinewelle\",\"https:\\\/\\\/www.instagram.com\\\/radioleinewelle\\\/?hl=de\"]},{\"@type\":\"Person\",\"@id\":\"https:\\\/\\\/radioleinewelle.de\\\/#\\\/schema\\\/person\\\/45606f348637df637192dc1b68399a63\",\"name\":\"Leinewelle\",\"image\":{\"@type\":\"ImageObject\",\"inLanguage\":\"de\",\"@id\":\"https:\\\/\\\/secure.gravatar.com\\\/avatar\\\/05c9a17bc973052ee5d91549bd32fb4dd0dc85b7b85ae94b2e2b4943476bbea5?s=96&d=blank&r=g\",\"url\":\"https:\\\/\\\/secure.gravatar.com\\\/avatar\\\/05c9a17bc973052ee5d91549bd32fb4dd0dc85b7b85ae94b2e2b4943476bbea5?s=96&d=blank&r=g\",\"contentUrl\":\"https:\\\/\\\/secure.gravatar.com\\\/avatar\\\/05c9a17bc973052ee5d91549bd32fb4dd0dc85b7b85ae94b2e2b4943476bbea5?s=96&d=blank&r=g\",\"caption\":\"Leinewelle\"},\"sameAs\":[\"http:\\\/\\\/localhost\\\/radio%20leinewelle\\\/wordpress\",\"https:\\\/\\\/www.facebook.com\\\/radioleinewelle\",\"https:\\\/\\\/www.instagram.com\\\/radioleinewelle\",\"https:\\\/\\\/x.com\\\/https:\\\/\\\/twitter.com\\\/RLeinewelle?ref_src=twsrcgoogletwcampserptwgrauthor\",\"https:\\\/\\\/soundcloud.com\\\/foerderverein-lokalradio?utm_source=clipboard&utm_medium=text&utm_campaign=social_sharing\"],\"url\":\"https:\\\/\\\/radioleinewelle.de\\\/index.php\\\/author\\\/leinewelle\\\/\"}]}<\/script>\n<!-- \/ Yoast SEO plugin. -->","yoast_head_json":{"title":"Antrag im Kreistag: Auftakt f\u00fcr Schulern\u00e4hrungsprogramm - Radio Leinewelle","robots":{"index":"index","follow":"follow","max-snippet":"max-snippet:-1","max-image-preview":"max-image-preview:large","max-video-preview":"max-video-preview:-1"},"canonical":"https:\/\/radioleinewelle.de\/index.php\/2021\/02\/04\/antrag-im-kreistag-auftakt-fuer-schulernaehrungsprogramm\/","og_locale":"de_DE","og_type":"article","og_title":"Antrag im Kreistag: Auftakt f\u00fcr Schulern\u00e4hrungsprogramm - Radio Leinewelle","og_description":"Ausgewogene Ern\u00e4hrung f\u00fcr Sch\u00fcler*innen im Landkreis G\u00f6ttingen:Die Mehrheitsgruppe aus SPD, Gr\u00fcnen und Freien W\u00e4hlern m\u00f6chte die Verpflegungssituation in den Mensen der Ganztagsschulen in Tr\u00e4gerschaft des Landkreises G\u00f6ttingen f\u00fcr alle Sch\u00fcler*innen verbessern. Im Nachtragshaushalt 2021 stehen daf\u00fcr 30.000 Euro f\u00fcr die Umsetzung eines zeitgem\u00e4\u00dfen und an die Bed\u00fcrfnisse von Kindern und Jugendlichen angepassten Verpflegungskonzeptes bereit. Das [&hellip;]","og_url":"https:\/\/radioleinewelle.de\/index.php\/2021\/02\/04\/antrag-im-kreistag-auftakt-fuer-schulernaehrungsprogramm\/","og_site_name":"Radio Leinewelle","article_publisher":"https:\/\/www.facebook.com\/radioleinewelle","article_author":"https:\/\/www.facebook.com\/radioleinewelle","article_published_time":"2021-02-04T04:10:00+00:00","author":"Leinewelle","twitter_card":"summary_large_image","twitter_creator":"@https:\/\/twitter.com\/RLeinewelle?ref_src=twsrcgoogletwcampserptwgrauthor","twitter_site":"@RLeinewelle","twitter_misc":{"Verfasst von":"Leinewelle","Gesch\u00e4tzte Lesezeit":"2\u00a0Minuten"},"schema":{"@context":"https:\/\/schema.org","@graph":[{"@type":"Article","@id":"https:\/\/radioleinewelle.de\/index.php\/2021\/02\/04\/antrag-im-kreistag-auftakt-fuer-schulernaehrungsprogramm\/#article","isPartOf":{"@id":"https:\/\/radioleinewelle.de\/index.php\/2021\/02\/04\/antrag-im-kreistag-auftakt-fuer-schulernaehrungsprogramm\/"},"author":{"name":"Leinewelle","@id":"https:\/\/radioleinewelle.de\/#\/schema\/person\/45606f348637df637192dc1b68399a63"},"headline":"Antrag im Kreistag: Auftakt f\u00fcr Schulern\u00e4hrungsprogramm","datePublished":"2021-02-04T04:10:00+00:00","mainEntityOfPage":{"@id":"https:\/\/radioleinewelle.de\/index.php\/2021\/02\/04\/antrag-im-kreistag-auftakt-fuer-schulernaehrungsprogramm\/"},"wordCount":345,"publisher":{"@id":"https:\/\/radioleinewelle.de\/#organization"},"articleSection":["Lokalpolitik"],"inLanguage":"de"},{"@type":"WebPage","@id":"https:\/\/radioleinewelle.de\/index.php\/2021\/02\/04\/antrag-im-kreistag-auftakt-fuer-schulernaehrungsprogramm\/","url":"https:\/\/radioleinewelle.de\/index.php\/2021\/02\/04\/antrag-im-kreistag-auftakt-fuer-schulernaehrungsprogramm\/","name":"Antrag im Kreistag: Auftakt f\u00fcr Schulern\u00e4hrungsprogramm - Radio Leinewelle","isPartOf":{"@id":"https:\/\/radioleinewelle.de\/#website"},"datePublished":"2021-02-04T04:10:00+00:00","breadcrumb":{"@id":"https:\/\/radioleinewelle.de\/index.php\/2021\/02\/04\/antrag-im-kreistag-auftakt-fuer-schulernaehrungsprogramm\/#breadcrumb"},"inLanguage":"de","potentialAction":[{"@type":"ReadAction","target":["https:\/\/radioleinewelle.de\/index.php\/2021\/02\/04\/antrag-im-kreistag-auftakt-fuer-schulernaehrungsprogramm\/"]}]},{"@type":"BreadcrumbList","@id":"https:\/\/radioleinewelle.de\/index.php\/2021\/02\/04\/antrag-im-kreistag-auftakt-fuer-schulernaehrungsprogramm\/#breadcrumb","itemListElement":[{"@type":"ListItem","position":1,"name":"Startseite","item":"https:\/\/radioleinewelle.de\/"},{"@type":"ListItem","position":2,"name":"Antrag im Kreistag: Auftakt f\u00fcr Schulern\u00e4hrungsprogramm"}]},{"@type":"WebSite","@id":"https:\/\/radioleinewelle.de\/#website","url":"https:\/\/radioleinewelle.de\/","name":"Radio Leinewelle","description":"","publisher":{"@id":"https:\/\/radioleinewelle.de\/#organization"},"potentialAction":[{"@type":"SearchAction","target":{"@type":"EntryPoint","urlTemplate":"https:\/\/radioleinewelle.de\/?s={search_term_string}"},"query-input":{"@type":"PropertyValueSpecification","valueRequired":true,"valueName":"search_term_string"}}],"inLanguage":"de"},{"@type":"Organization","@id":"https:\/\/radioleinewelle.de\/#organization","name":"Radio Leinewelle","alternateName":"Mein Radio f\u00fcr S\u00fcdniedersachsen","url":"https:\/\/radioleinewelle.de\/","logo":{"@type":"ImageObject","inLanguage":"de","@id":"https:\/\/radioleinewelle.de\/#\/schema\/logo\/image\/","url":"https:\/\/radioleinewelle.de\/wp-content\/uploads\/2023\/11\/cropped-Leinewelle_Logo_weiss.png","contentUrl":"https:\/\/radioleinewelle.de\/wp-content\/uploads\/2023\/11\/cropped-Leinewelle_Logo_weiss.png","width":854,"height":260,"caption":"Radio Leinewelle"},"image":{"@id":"https:\/\/radioleinewelle.de\/#\/schema\/logo\/image\/"},"sameAs":["https:\/\/www.facebook.com\/radioleinewelle","https:\/\/x.com\/RLeinewelle","https:\/\/www.instagram.com\/radioleinewelle\/?hl=de"]},{"@type":"Person","@id":"https:\/\/radioleinewelle.de\/#\/schema\/person\/45606f348637df637192dc1b68399a63","name":"Leinewelle","image":{"@type":"ImageObject","inLanguage":"de","@id":"https:\/\/secure.gravatar.com\/avatar\/05c9a17bc973052ee5d91549bd32fb4dd0dc85b7b85ae94b2e2b4943476bbea5?s=96&d=blank&r=g","url":"https:\/\/secure.gravatar.com\/avatar\/05c9a17bc973052ee5d91549bd32fb4dd0dc85b7b85ae94b2e2b4943476bbea5?s=96&d=blank&r=g","contentUrl":"https:\/\/secure.gravatar.com\/avatar\/05c9a17bc973052ee5d91549bd32fb4dd0dc85b7b85ae94b2e2b4943476bbea5?s=96&d=blank&r=g","caption":"Leinewelle"},"sameAs":["http:\/\/localhost\/radio%20leinewelle\/wordpress","https:\/\/www.facebook.com\/radioleinewelle","https:\/\/www.instagram.com\/radioleinewelle","https:\/\/x.com\/https:\/\/twitter.com\/RLeinewelle?ref_src=twsrcgoogletwcampserptwgrauthor","https:\/\/soundcloud.com\/foerderverein-lokalradio?utm_source=clipboard&utm_medium=text&utm_campaign=social_sharing"],"url":"https:\/\/radioleinewelle.de\/index.php\/author\/leinewelle\/"}]}},"_links":{"self":[{"href":"https:\/\/radioleinewelle.de\/index.php\/wp-json\/wp\/v2\/posts\/4937","targetHints":{"allow":["GET"]}}],"collection":[{"href":"https:\/\/radioleinewelle.de\/index.php\/wp-json\/wp\/v2\/posts"}],"about":[{"href":"https:\/\/radioleinewelle.de\/index.php\/wp-json\/wp\/v2\/types\/post"}],"author":[{"embeddable":true,"href":"https:\/\/radioleinewelle.de\/index.php\/wp-json\/wp\/v2\/users\/1"}],"replies":[{"embeddable":true,"href":"https:\/\/radioleinewelle.de\/index.php\/wp-json\/wp\/v2\/comments?post=4937"}],"version-history":[{"count":0,"href":"https:\/\/radioleinewelle.de\/index.php\/wp-json\/wp\/v2\/posts\/4937\/revisions"}],"wp:attachment":[{"href":"https:\/\/radioleinewelle.de\/index.php\/wp-json\/wp\/v2\/media?parent=4937"}],"wp:term":[{"taxonomy":"category","embeddable":true,"href":"https:\/\/radioleinewelle.de\/index.php\/wp-json\/wp\/v2\/categories?post=4937"},{"taxonomy":"post_tag","embeddable":true,"href":"https:\/\/radioleinewelle.de\/index.php\/wp-json\/wp\/v2\/tags?post=4937"}],"curies":[{"name":"wp","href":"https:\/\/api.w.org\/{rel}","templated":true}]}}