{"id":4965,"date":"2021-02-05T05:15:00","date_gmt":"2021-02-05T04:15:00","guid":{"rendered":"https:\/\/radioleinewelle.de\/?p=4965"},"modified":"2021-02-05T05:15:00","modified_gmt":"2021-02-05T04:15:00","slug":"allee-des-monats-macht-auf-die-bedeutung-von-baumreihen-aufmerksam","status":"publish","type":"post","link":"https:\/\/radioleinewelle.de\/index.php\/2021\/02\/05\/allee-des-monats-macht-auf-die-bedeutung-von-baumreihen-aufmerksam\/","title":{"rendered":"Allee des Monats macht auf die Bedeutung von Baumreihen aufmerksam"},"content":{"rendered":"\n<p>Vor einem Jahr startete das ehrenamtliche Netzwerk zum Schutz und Erhalt der nieders\u00e4chsischen Alleen. Gemeinsam mit mittlerweile 16 Alleepatenschaften in ganz Niedersachsen setzt sich der Nieders\u00e4chsische Heimatbund e.V. (NHB) f\u00fcr eine h\u00f6here Sensibilisierung f\u00fcr das Natur- und Kulturgut Allee ein. Alleen sind aber nicht nur ein Teil unserer Siedlungsgeschichte und Kulturlandschaft. Als Lebensraum und Nahrungsquelle f\u00fcr Tiere und Insekten erf\u00fcllen die B\u00e4ume auch wichtige Funktionen im Naturhaushalt. Eine herausragende Bedeutung haben die Alleen zudem im Biotopverbund. Als lineare Strukturen in der Landschaft verbinden die Baumreihen die unterschiedlichsten, mosaikartig zerstreuten Lebensr\u00e4ume wie W\u00e4lder, Gew\u00e4sser und Offenlandbereiche. So helfen die Alleen verschiedenen Tier- und Pflanzenarten neue Lebensr\u00e4ume oder Nahrungsquellen zu erschlie\u00dfen. Dar\u00fcber hinaus dienen die gr\u00fcnen Verbindungen auch als Schutz gegen Winderosion und spenden wertvollen Schatten in der sonst oftmals ausger\u00e4umten Agrarlandschaft.<\/p>\n\n\n\n<p>Trotz all dieser wertvollen Eigenschaften verschwinden Alleen immer noch aus unserem Landschaftsbild \u2013 sei es wegen der fehlenden Nachpflanzungen oder durch den Ausbau von Stra\u00dfen. Um den Wert der Alleen m\u00f6glichst vielen Menschen n\u00e4her zu bringen und so auf einen langfristigen Erhalt hinzuwirken, setzt sich&nbsp; der Nieders\u00e4chsische Heimatbund seit 2015 verst\u00e4rkt f\u00fcr den Schutz und Erhalt von Alleen in Niedersachsen ein. Alleen k\u00f6nnen weiterhin unter <a href=\"https:\/\/alleen-niedersachsen.de\/start\">https:\/\/alleen-niedersachsen.de\/start<\/a> gemeldet werden. Eine \u00dcbersicht \u00fcber die Projektergebnisse findet sich auf der Webseite&nbsp; <a href=\"https:\/\/niedersaechsischer-heimatbund.de\/\">www.heimatniedersachsen.de<\/a>.<\/p>\n\n\n\n<p>Bild von&nbsp;<a href=\"https:\/\/pixabay.com\/de\/users\/gregmontani-1014946\/?utm_source=link-attribution&amp;utm_medium=referral&amp;utm_campaign=image&amp;utm_content=3501977\">Greg Montani<\/a>&nbsp;auf&nbsp;<a href=\"https:\/\/pixabay.com\/de\/?utm_source=link-attribution&amp;utm_medium=referral&amp;utm_campaign=image&amp;utm_content=3501977\">Pixabay<\/a><\/p>\n","protected":false},"excerpt":{"rendered":"<p>Vor einem Jahr startete das ehrenamtliche Netzwerk zum Schutz und Erhalt der nieders\u00e4chsischen Alleen. Gemeinsam mit mittlerweile 16 Alleepatenschaften in ganz Niedersachsen setzt sich der Nieders\u00e4chsische Heimatbund e.V. (NHB) f\u00fcr eine h\u00f6here Sensibilisierung f\u00fcr das Natur- und Kulturgut Allee ein. Alleen sind aber nicht nur ein Teil unserer Siedlungsgeschichte und Kulturlandschaft. Als Lebensraum und Nahrungsquelle [&hellip;]<\/p>\n","protected":false},"author":1,"featured_media":0,"comment_status":"closed","ping_status":"closed","sticky":false,"template":"","format":"standard","meta":{"saved_in_kubio":false,"footnotes":""},"categories":[32],"tags":[],"class_list":["post-4965","post","type-post","status-publish","format-standard","hentry","category-natur-umwelt"],"yoast_head":"<!-- This site is optimized with the Yoast SEO plugin v27.5 - https:\/\/yoast.com\/product\/yoast-seo-wordpress\/ -->\n<title>Allee des Monats macht auf die Bedeutung von Baumreihen aufmerksam - Radio Leinewelle<\/title>\n<meta name=\"robots\" content=\"index, follow, max-snippet:-1, max-image-preview:large, max-video-preview:-1\" \/>\n<link rel=\"canonical\" href=\"https:\/\/radioleinewelle.de\/index.php\/2021\/02\/05\/allee-des-monats-macht-auf-die-bedeutung-von-baumreihen-aufmerksam\/\" \/>\n<meta property=\"og:locale\" content=\"de_DE\" \/>\n<meta property=\"og:type\" content=\"article\" \/>\n<meta property=\"og:title\" content=\"Allee des Monats macht auf die Bedeutung von Baumreihen aufmerksam - Radio Leinewelle\" \/>\n<meta property=\"og:description\" content=\"Vor einem Jahr startete das ehrenamtliche Netzwerk zum Schutz und Erhalt der nieders\u00e4chsischen Alleen. Gemeinsam mit mittlerweile 16 Alleepatenschaften in ganz Niedersachsen setzt sich der Nieders\u00e4chsische Heimatbund e.V. (NHB) f\u00fcr eine h\u00f6here Sensibilisierung f\u00fcr das Natur- und Kulturgut Allee ein. Alleen sind aber nicht nur ein Teil unserer Siedlungsgeschichte und Kulturlandschaft. Als Lebensraum und Nahrungsquelle [&hellip;]\" \/>\n<meta property=\"og:url\" content=\"https:\/\/radioleinewelle.de\/index.php\/2021\/02\/05\/allee-des-monats-macht-auf-die-bedeutung-von-baumreihen-aufmerksam\/\" \/>\n<meta property=\"og:site_name\" content=\"Radio Leinewelle\" \/>\n<meta property=\"article:publisher\" content=\"https:\/\/www.facebook.com\/radioleinewelle\" \/>\n<meta property=\"article:author\" content=\"https:\/\/www.facebook.com\/radioleinewelle\" \/>\n<meta property=\"article:published_time\" content=\"2021-02-05T04:15:00+00:00\" \/>\n<meta name=\"author\" content=\"Leinewelle\" \/>\n<meta name=\"twitter:card\" content=\"summary_large_image\" \/>\n<meta name=\"twitter:creator\" content=\"@https:\/\/twitter.com\/RLeinewelle?ref_src=twsrcgoogletwcampserptwgrauthor\" \/>\n<meta name=\"twitter:site\" content=\"@RLeinewelle\" \/>\n<meta name=\"twitter:label1\" content=\"Verfasst von\" \/>\n\t<meta name=\"twitter:data1\" content=\"Leinewelle\" \/>\n\t<meta name=\"twitter:label2\" content=\"Gesch\u00e4tzte Lesezeit\" \/>\n\t<meta name=\"twitter:data2\" content=\"1\u00a0Minute\" \/>\n<script type=\"application\/ld+json\" class=\"yoast-schema-graph\">{\"@context\":\"https:\\\/\\\/schema.org\",\"@graph\":[{\"@type\":\"Article\",\"@id\":\"https:\\\/\\\/radioleinewelle.de\\\/index.php\\\/2021\\\/02\\\/05\\\/allee-des-monats-macht-auf-die-bedeutung-von-baumreihen-aufmerksam\\\/#article\",\"isPartOf\":{\"@id\":\"https:\\\/\\\/radioleinewelle.de\\\/index.php\\\/2021\\\/02\\\/05\\\/allee-des-monats-macht-auf-die-bedeutung-von-baumreihen-aufmerksam\\\/\"},\"author\":{\"name\":\"Leinewelle\",\"@id\":\"https:\\\/\\\/radioleinewelle.de\\\/#\\\/schema\\\/person\\\/45606f348637df637192dc1b68399a63\"},\"headline\":\"Allee des Monats macht auf die Bedeutung von Baumreihen aufmerksam\",\"datePublished\":\"2021-02-05T04:15:00+00:00\",\"mainEntityOfPage\":{\"@id\":\"https:\\\/\\\/radioleinewelle.de\\\/index.php\\\/2021\\\/02\\\/05\\\/allee-des-monats-macht-auf-die-bedeutung-von-baumreihen-aufmerksam\\\/\"},\"wordCount\":256,\"publisher\":{\"@id\":\"https:\\\/\\\/radioleinewelle.de\\\/#organization\"},\"articleSection\":[\"Natur &amp; Umwelt\"],\"inLanguage\":\"de\"},{\"@type\":\"WebPage\",\"@id\":\"https:\\\/\\\/radioleinewelle.de\\\/index.php\\\/2021\\\/02\\\/05\\\/allee-des-monats-macht-auf-die-bedeutung-von-baumreihen-aufmerksam\\\/\",\"url\":\"https:\\\/\\\/radioleinewelle.de\\\/index.php\\\/2021\\\/02\\\/05\\\/allee-des-monats-macht-auf-die-bedeutung-von-baumreihen-aufmerksam\\\/\",\"name\":\"Allee des Monats macht auf die Bedeutung von Baumreihen aufmerksam - Radio Leinewelle\",\"isPartOf\":{\"@id\":\"https:\\\/\\\/radioleinewelle.de\\\/#website\"},\"datePublished\":\"2021-02-05T04:15:00+00:00\",\"breadcrumb\":{\"@id\":\"https:\\\/\\\/radioleinewelle.de\\\/index.php\\\/2021\\\/02\\\/05\\\/allee-des-monats-macht-auf-die-bedeutung-von-baumreihen-aufmerksam\\\/#breadcrumb\"},\"inLanguage\":\"de\",\"potentialAction\":[{\"@type\":\"ReadAction\",\"target\":[\"https:\\\/\\\/radioleinewelle.de\\\/index.php\\\/2021\\\/02\\\/05\\\/allee-des-monats-macht-auf-die-bedeutung-von-baumreihen-aufmerksam\\\/\"]}]},{\"@type\":\"BreadcrumbList\",\"@id\":\"https:\\\/\\\/radioleinewelle.de\\\/index.php\\\/2021\\\/02\\\/05\\\/allee-des-monats-macht-auf-die-bedeutung-von-baumreihen-aufmerksam\\\/#breadcrumb\",\"itemListElement\":[{\"@type\":\"ListItem\",\"position\":1,\"name\":\"Startseite\",\"item\":\"https:\\\/\\\/radioleinewelle.de\\\/\"},{\"@type\":\"ListItem\",\"position\":2,\"name\":\"Allee des Monats macht auf die Bedeutung von Baumreihen aufmerksam\"}]},{\"@type\":\"WebSite\",\"@id\":\"https:\\\/\\\/radioleinewelle.de\\\/#website\",\"url\":\"https:\\\/\\\/radioleinewelle.de\\\/\",\"name\":\"Radio Leinewelle\",\"description\":\"\",\"publisher\":{\"@id\":\"https:\\\/\\\/radioleinewelle.de\\\/#organization\"},\"potentialAction\":[{\"@type\":\"SearchAction\",\"target\":{\"@type\":\"EntryPoint\",\"urlTemplate\":\"https:\\\/\\\/radioleinewelle.de\\\/?s={search_term_string}\"},\"query-input\":{\"@type\":\"PropertyValueSpecification\",\"valueRequired\":true,\"valueName\":\"search_term_string\"}}],\"inLanguage\":\"de\"},{\"@type\":\"Organization\",\"@id\":\"https:\\\/\\\/radioleinewelle.de\\\/#organization\",\"name\":\"Radio Leinewelle\",\"alternateName\":\"Mein Radio f\u00fcr S\u00fcdniedersachsen\",\"url\":\"https:\\\/\\\/radioleinewelle.de\\\/\",\"logo\":{\"@type\":\"ImageObject\",\"inLanguage\":\"de\",\"@id\":\"https:\\\/\\\/radioleinewelle.de\\\/#\\\/schema\\\/logo\\\/image\\\/\",\"url\":\"https:\\\/\\\/radioleinewelle.de\\\/wp-content\\\/uploads\\\/2023\\\/11\\\/cropped-Leinewelle_Logo_weiss.png\",\"contentUrl\":\"https:\\\/\\\/radioleinewelle.de\\\/wp-content\\\/uploads\\\/2023\\\/11\\\/cropped-Leinewelle_Logo_weiss.png\",\"width\":854,\"height\":260,\"caption\":\"Radio Leinewelle\"},\"image\":{\"@id\":\"https:\\\/\\\/radioleinewelle.de\\\/#\\\/schema\\\/logo\\\/image\\\/\"},\"sameAs\":[\"https:\\\/\\\/www.facebook.com\\\/radioleinewelle\",\"https:\\\/\\\/x.com\\\/RLeinewelle\",\"https:\\\/\\\/www.instagram.com\\\/radioleinewelle\\\/?hl=de\"]},{\"@type\":\"Person\",\"@id\":\"https:\\\/\\\/radioleinewelle.de\\\/#\\\/schema\\\/person\\\/45606f348637df637192dc1b68399a63\",\"name\":\"Leinewelle\",\"image\":{\"@type\":\"ImageObject\",\"inLanguage\":\"de\",\"@id\":\"https:\\\/\\\/secure.gravatar.com\\\/avatar\\\/05c9a17bc973052ee5d91549bd32fb4dd0dc85b7b85ae94b2e2b4943476bbea5?s=96&d=blank&r=g\",\"url\":\"https:\\\/\\\/secure.gravatar.com\\\/avatar\\\/05c9a17bc973052ee5d91549bd32fb4dd0dc85b7b85ae94b2e2b4943476bbea5?s=96&d=blank&r=g\",\"contentUrl\":\"https:\\\/\\\/secure.gravatar.com\\\/avatar\\\/05c9a17bc973052ee5d91549bd32fb4dd0dc85b7b85ae94b2e2b4943476bbea5?s=96&d=blank&r=g\",\"caption\":\"Leinewelle\"},\"sameAs\":[\"http:\\\/\\\/localhost\\\/radio%20leinewelle\\\/wordpress\",\"https:\\\/\\\/www.facebook.com\\\/radioleinewelle\",\"https:\\\/\\\/www.instagram.com\\\/radioleinewelle\",\"https:\\\/\\\/x.com\\\/https:\\\/\\\/twitter.com\\\/RLeinewelle?ref_src=twsrcgoogletwcampserptwgrauthor\",\"https:\\\/\\\/soundcloud.com\\\/foerderverein-lokalradio?utm_source=clipboard&utm_medium=text&utm_campaign=social_sharing\"],\"url\":\"https:\\\/\\\/radioleinewelle.de\\\/index.php\\\/author\\\/leinewelle\\\/\"}]}<\/script>\n<!-- \/ Yoast SEO plugin. -->","yoast_head_json":{"title":"Allee des Monats macht auf die Bedeutung von Baumreihen aufmerksam - Radio Leinewelle","robots":{"index":"index","follow":"follow","max-snippet":"max-snippet:-1","max-image-preview":"max-image-preview:large","max-video-preview":"max-video-preview:-1"},"canonical":"https:\/\/radioleinewelle.de\/index.php\/2021\/02\/05\/allee-des-monats-macht-auf-die-bedeutung-von-baumreihen-aufmerksam\/","og_locale":"de_DE","og_type":"article","og_title":"Allee des Monats macht auf die Bedeutung von Baumreihen aufmerksam - Radio Leinewelle","og_description":"Vor einem Jahr startete das ehrenamtliche Netzwerk zum Schutz und Erhalt der nieders\u00e4chsischen Alleen. Gemeinsam mit mittlerweile 16 Alleepatenschaften in ganz Niedersachsen setzt sich der Nieders\u00e4chsische Heimatbund e.V. (NHB) f\u00fcr eine h\u00f6here Sensibilisierung f\u00fcr das Natur- und Kulturgut Allee ein. Alleen sind aber nicht nur ein Teil unserer Siedlungsgeschichte und Kulturlandschaft. Als Lebensraum und Nahrungsquelle [&hellip;]","og_url":"https:\/\/radioleinewelle.de\/index.php\/2021\/02\/05\/allee-des-monats-macht-auf-die-bedeutung-von-baumreihen-aufmerksam\/","og_site_name":"Radio Leinewelle","article_publisher":"https:\/\/www.facebook.com\/radioleinewelle","article_author":"https:\/\/www.facebook.com\/radioleinewelle","article_published_time":"2021-02-05T04:15:00+00:00","author":"Leinewelle","twitter_card":"summary_large_image","twitter_creator":"@https:\/\/twitter.com\/RLeinewelle?ref_src=twsrcgoogletwcampserptwgrauthor","twitter_site":"@RLeinewelle","twitter_misc":{"Verfasst von":"Leinewelle","Gesch\u00e4tzte Lesezeit":"1\u00a0Minute"},"schema":{"@context":"https:\/\/schema.org","@graph":[{"@type":"Article","@id":"https:\/\/radioleinewelle.de\/index.php\/2021\/02\/05\/allee-des-monats-macht-auf-die-bedeutung-von-baumreihen-aufmerksam\/#article","isPartOf":{"@id":"https:\/\/radioleinewelle.de\/index.php\/2021\/02\/05\/allee-des-monats-macht-auf-die-bedeutung-von-baumreihen-aufmerksam\/"},"author":{"name":"Leinewelle","@id":"https:\/\/radioleinewelle.de\/#\/schema\/person\/45606f348637df637192dc1b68399a63"},"headline":"Allee des Monats macht auf die Bedeutung von Baumreihen aufmerksam","datePublished":"2021-02-05T04:15:00+00:00","mainEntityOfPage":{"@id":"https:\/\/radioleinewelle.de\/index.php\/2021\/02\/05\/allee-des-monats-macht-auf-die-bedeutung-von-baumreihen-aufmerksam\/"},"wordCount":256,"publisher":{"@id":"https:\/\/radioleinewelle.de\/#organization"},"articleSection":["Natur &amp; Umwelt"],"inLanguage":"de"},{"@type":"WebPage","@id":"https:\/\/radioleinewelle.de\/index.php\/2021\/02\/05\/allee-des-monats-macht-auf-die-bedeutung-von-baumreihen-aufmerksam\/","url":"https:\/\/radioleinewelle.de\/index.php\/2021\/02\/05\/allee-des-monats-macht-auf-die-bedeutung-von-baumreihen-aufmerksam\/","name":"Allee des Monats macht auf die Bedeutung von Baumreihen aufmerksam - Radio Leinewelle","isPartOf":{"@id":"https:\/\/radioleinewelle.de\/#website"},"datePublished":"2021-02-05T04:15:00+00:00","breadcrumb":{"@id":"https:\/\/radioleinewelle.de\/index.php\/2021\/02\/05\/allee-des-monats-macht-auf-die-bedeutung-von-baumreihen-aufmerksam\/#breadcrumb"},"inLanguage":"de","potentialAction":[{"@type":"ReadAction","target":["https:\/\/radioleinewelle.de\/index.php\/2021\/02\/05\/allee-des-monats-macht-auf-die-bedeutung-von-baumreihen-aufmerksam\/"]}]},{"@type":"BreadcrumbList","@id":"https:\/\/radioleinewelle.de\/index.php\/2021\/02\/05\/allee-des-monats-macht-auf-die-bedeutung-von-baumreihen-aufmerksam\/#breadcrumb","itemListElement":[{"@type":"ListItem","position":1,"name":"Startseite","item":"https:\/\/radioleinewelle.de\/"},{"@type":"ListItem","position":2,"name":"Allee des Monats macht auf die Bedeutung von Baumreihen aufmerksam"}]},{"@type":"WebSite","@id":"https:\/\/radioleinewelle.de\/#website","url":"https:\/\/radioleinewelle.de\/","name":"Radio Leinewelle","description":"","publisher":{"@id":"https:\/\/radioleinewelle.de\/#organization"},"potentialAction":[{"@type":"SearchAction","target":{"@type":"EntryPoint","urlTemplate":"https:\/\/radioleinewelle.de\/?s={search_term_string}"},"query-input":{"@type":"PropertyValueSpecification","valueRequired":true,"valueName":"search_term_string"}}],"inLanguage":"de"},{"@type":"Organization","@id":"https:\/\/radioleinewelle.de\/#organization","name":"Radio Leinewelle","alternateName":"Mein Radio f\u00fcr S\u00fcdniedersachsen","url":"https:\/\/radioleinewelle.de\/","logo":{"@type":"ImageObject","inLanguage":"de","@id":"https:\/\/radioleinewelle.de\/#\/schema\/logo\/image\/","url":"https:\/\/radioleinewelle.de\/wp-content\/uploads\/2023\/11\/cropped-Leinewelle_Logo_weiss.png","contentUrl":"https:\/\/radioleinewelle.de\/wp-content\/uploads\/2023\/11\/cropped-Leinewelle_Logo_weiss.png","width":854,"height":260,"caption":"Radio Leinewelle"},"image":{"@id":"https:\/\/radioleinewelle.de\/#\/schema\/logo\/image\/"},"sameAs":["https:\/\/www.facebook.com\/radioleinewelle","https:\/\/x.com\/RLeinewelle","https:\/\/www.instagram.com\/radioleinewelle\/?hl=de"]},{"@type":"Person","@id":"https:\/\/radioleinewelle.de\/#\/schema\/person\/45606f348637df637192dc1b68399a63","name":"Leinewelle","image":{"@type":"ImageObject","inLanguage":"de","@id":"https:\/\/secure.gravatar.com\/avatar\/05c9a17bc973052ee5d91549bd32fb4dd0dc85b7b85ae94b2e2b4943476bbea5?s=96&d=blank&r=g","url":"https:\/\/secure.gravatar.com\/avatar\/05c9a17bc973052ee5d91549bd32fb4dd0dc85b7b85ae94b2e2b4943476bbea5?s=96&d=blank&r=g","contentUrl":"https:\/\/secure.gravatar.com\/avatar\/05c9a17bc973052ee5d91549bd32fb4dd0dc85b7b85ae94b2e2b4943476bbea5?s=96&d=blank&r=g","caption":"Leinewelle"},"sameAs":["http:\/\/localhost\/radio%20leinewelle\/wordpress","https:\/\/www.facebook.com\/radioleinewelle","https:\/\/www.instagram.com\/radioleinewelle","https:\/\/x.com\/https:\/\/twitter.com\/RLeinewelle?ref_src=twsrcgoogletwcampserptwgrauthor","https:\/\/soundcloud.com\/foerderverein-lokalradio?utm_source=clipboard&utm_medium=text&utm_campaign=social_sharing"],"url":"https:\/\/radioleinewelle.de\/index.php\/author\/leinewelle\/"}]}},"_links":{"self":[{"href":"https:\/\/radioleinewelle.de\/index.php\/wp-json\/wp\/v2\/posts\/4965","targetHints":{"allow":["GET"]}}],"collection":[{"href":"https:\/\/radioleinewelle.de\/index.php\/wp-json\/wp\/v2\/posts"}],"about":[{"href":"https:\/\/radioleinewelle.de\/index.php\/wp-json\/wp\/v2\/types\/post"}],"author":[{"embeddable":true,"href":"https:\/\/radioleinewelle.de\/index.php\/wp-json\/wp\/v2\/users\/1"}],"replies":[{"embeddable":true,"href":"https:\/\/radioleinewelle.de\/index.php\/wp-json\/wp\/v2\/comments?post=4965"}],"version-history":[{"count":0,"href":"https:\/\/radioleinewelle.de\/index.php\/wp-json\/wp\/v2\/posts\/4965\/revisions"}],"wp:attachment":[{"href":"https:\/\/radioleinewelle.de\/index.php\/wp-json\/wp\/v2\/media?parent=4965"}],"wp:term":[{"taxonomy":"category","embeddable":true,"href":"https:\/\/radioleinewelle.de\/index.php\/wp-json\/wp\/v2\/categories?post=4965"},{"taxonomy":"post_tag","embeddable":true,"href":"https:\/\/radioleinewelle.de\/index.php\/wp-json\/wp\/v2\/tags?post=4965"}],"curies":[{"name":"wp","href":"https:\/\/api.w.org\/{rel}","templated":true}]}}