{"id":5018,"date":"2021-02-08T13:59:57","date_gmt":"2021-02-08T12:59:57","guid":{"rendered":"https:\/\/radioleinewelle.de\/?p=5018"},"modified":"2021-02-08T13:59:57","modified_gmt":"2021-02-08T12:59:57","slug":"auf-glatter-strasse-in-den-gegenverkehr-vier-menschen-bei-unfall-in-hann-muenden-leicht-verletzt","status":"publish","type":"post","link":"https:\/\/radioleinewelle.de\/index.php\/2021\/02\/08\/auf-glatter-strasse-in-den-gegenverkehr-vier-menschen-bei-unfall-in-hann-muenden-leicht-verletzt\/","title":{"rendered":"Auf glatter Stra\u00dfe in den Gegenverkehr &#8211; Vier Menschen bei Unfall in Hann. M\u00fcnden leicht verletzt"},"content":{"rendered":"\n<p>HANN. M\u00dcNDEN (jk) &#8211; Bei einem Zusammensto\u00df zwischen zwei PKW sind am Sonntagmittag (07.02.21) gegen 11.55 Uhr in Hann. M\u00fcnden (Landkreis G\u00f6ttingen) vier Menschen leicht verletzt worden. Ersten Ermittlungen zufolge, geriet auf dem schneeglatten Vogelsang ein aus Richtung Klinikum kommender VW Touran im Bereich der Gef\u00e4llstrecke aus noch unbekannten Gr\u00fcnden pl\u00f6tzlich ins Rutschen und stie\u00df mit einem entgegenkommenden Opel Astra zusammen. Bei der Kollision wurden die zwei Insassen des Touran und die beiden Insassen des Opel leicht verletzt. Alle Verletzten kamen zur Behandlung in das Klinikum Hann. M\u00fcnden. An beiden Fahrzeugen entstand ein gesch\u00e4tzter Gesamtschaden in H\u00f6he von knapp 30.000 Euro.&nbsp;<\/p>\n\n\n\n<p>F\u00fcr die Dauer der Unfallaufnahme und Bergung der Fahrzeuge war der Vogelsang zwischen Kreisel und Kreuzung Unterm K\u00f6nigshof\/Sauerskampweg aufgrund der Witterungsverh\u00e4ltnisse voll gesperrt.&nbsp;<\/p>\n","protected":false},"excerpt":{"rendered":"<p>HANN. M\u00dcNDEN (jk) &#8211; Bei einem Zusammensto\u00df zwischen zwei PKW sind am Sonntagmittag (07.02.21) gegen 11.55 Uhr in Hann. M\u00fcnden (Landkreis G\u00f6ttingen) vier Menschen leicht verletzt worden. Ersten Ermittlungen zufolge, geriet auf dem schneeglatten Vogelsang ein aus Richtung Klinikum kommender VW Touran im Bereich der Gef\u00e4llstrecke aus noch unbekannten Gr\u00fcnden pl\u00f6tzlich ins Rutschen und stie\u00df [&hellip;]<\/p>\n","protected":false},"author":1,"featured_media":4980,"comment_status":"closed","ping_status":"closed","sticky":false,"template":"","format":"standard","meta":{"saved_in_kubio":false,"footnotes":""},"categories":[24],"tags":[],"class_list":["post-5018","post","type-post","status-publish","format-standard","has-post-thumbnail","hentry","category-news"],"yoast_head":"<!-- This site is optimized with the Yoast SEO plugin v27.5 - https:\/\/yoast.com\/product\/yoast-seo-wordpress\/ -->\n<title>Auf glatter Stra\u00dfe in den Gegenverkehr - Vier Menschen bei Unfall in Hann. M\u00fcnden leicht verletzt - Radio Leinewelle<\/title>\n<meta name=\"robots\" content=\"index, follow, max-snippet:-1, max-image-preview:large, max-video-preview:-1\" \/>\n<link rel=\"canonical\" href=\"https:\/\/radioleinewelle.de\/index.php\/2021\/02\/08\/auf-glatter-strasse-in-den-gegenverkehr-vier-menschen-bei-unfall-in-hann-muenden-leicht-verletzt\/\" \/>\n<meta property=\"og:locale\" content=\"de_DE\" \/>\n<meta property=\"og:type\" content=\"article\" \/>\n<meta property=\"og:title\" content=\"Auf glatter Stra\u00dfe in den Gegenverkehr - Vier Menschen bei Unfall in Hann. M\u00fcnden leicht verletzt - Radio Leinewelle\" \/>\n<meta property=\"og:description\" content=\"HANN. M\u00dcNDEN (jk) &#8211; Bei einem Zusammensto\u00df zwischen zwei PKW sind am Sonntagmittag (07.02.21) gegen 11.55 Uhr in Hann. M\u00fcnden (Landkreis G\u00f6ttingen) vier Menschen leicht verletzt worden. Ersten Ermittlungen zufolge, geriet auf dem schneeglatten Vogelsang ein aus Richtung Klinikum kommender VW Touran im Bereich der Gef\u00e4llstrecke aus noch unbekannten Gr\u00fcnden pl\u00f6tzlich ins Rutschen und stie\u00df [&hellip;]\" \/>\n<meta property=\"og:url\" content=\"https:\/\/radioleinewelle.de\/index.php\/2021\/02\/08\/auf-glatter-strasse-in-den-gegenverkehr-vier-menschen-bei-unfall-in-hann-muenden-leicht-verletzt\/\" \/>\n<meta property=\"og:site_name\" content=\"Radio Leinewelle\" \/>\n<meta property=\"article:publisher\" content=\"https:\/\/www.facebook.com\/radioleinewelle\" \/>\n<meta property=\"article:author\" content=\"https:\/\/www.facebook.com\/radioleinewelle\" \/>\n<meta property=\"article:published_time\" content=\"2021-02-08T12:59:57+00:00\" \/>\n<meta property=\"og:image\" content=\"https:\/\/radioleinewelle.de\/wp-content\/uploads\/2021\/02\/traffic-sign-100350_640.jpg\" \/>\n\t<meta property=\"og:image:width\" content=\"640\" \/>\n\t<meta property=\"og:image:height\" content=\"452\" \/>\n\t<meta property=\"og:image:type\" content=\"image\/jpeg\" \/>\n<meta name=\"author\" content=\"Leinewelle\" \/>\n<meta name=\"twitter:card\" content=\"summary_large_image\" \/>\n<meta name=\"twitter:creator\" content=\"@https:\/\/twitter.com\/RLeinewelle?ref_src=twsrcgoogletwcampserptwgrauthor\" \/>\n<meta name=\"twitter:site\" content=\"@RLeinewelle\" \/>\n<meta name=\"twitter:label1\" content=\"Verfasst von\" \/>\n\t<meta name=\"twitter:data1\" content=\"Leinewelle\" \/>\n\t<meta name=\"twitter:label2\" content=\"Gesch\u00e4tzte Lesezeit\" \/>\n\t<meta name=\"twitter:data2\" content=\"1\u00a0Minute\" \/>\n<script type=\"application\/ld+json\" class=\"yoast-schema-graph\">{\"@context\":\"https:\\\/\\\/schema.org\",\"@graph\":[{\"@type\":\"Article\",\"@id\":\"https:\\\/\\\/radioleinewelle.de\\\/index.php\\\/2021\\\/02\\\/08\\\/auf-glatter-strasse-in-den-gegenverkehr-vier-menschen-bei-unfall-in-hann-muenden-leicht-verletzt\\\/#article\",\"isPartOf\":{\"@id\":\"https:\\\/\\\/radioleinewelle.de\\\/index.php\\\/2021\\\/02\\\/08\\\/auf-glatter-strasse-in-den-gegenverkehr-vier-menschen-bei-unfall-in-hann-muenden-leicht-verletzt\\\/\"},\"author\":{\"name\":\"Leinewelle\",\"@id\":\"https:\\\/\\\/radioleinewelle.de\\\/#\\\/schema\\\/person\\\/45606f348637df637192dc1b68399a63\"},\"headline\":\"Auf glatter Stra\u00dfe in den Gegenverkehr &#8211; Vier Menschen bei Unfall in Hann. M\u00fcnden leicht verletzt\",\"datePublished\":\"2021-02-08T12:59:57+00:00\",\"mainEntityOfPage\":{\"@id\":\"https:\\\/\\\/radioleinewelle.de\\\/index.php\\\/2021\\\/02\\\/08\\\/auf-glatter-strasse-in-den-gegenverkehr-vier-menschen-bei-unfall-in-hann-muenden-leicht-verletzt\\\/\"},\"wordCount\":154,\"publisher\":{\"@id\":\"https:\\\/\\\/radioleinewelle.de\\\/#organization\"},\"image\":{\"@id\":\"https:\\\/\\\/radioleinewelle.de\\\/index.php\\\/2021\\\/02\\\/08\\\/auf-glatter-strasse-in-den-gegenverkehr-vier-menschen-bei-unfall-in-hann-muenden-leicht-verletzt\\\/#primaryimage\"},\"thumbnailUrl\":\"https:\\\/\\\/radioleinewelle.de\\\/wp-content\\\/uploads\\\/2021\\\/02\\\/traffic-sign-100350_640.jpg\",\"articleSection\":[\"Aktuelle Nachrichten\"],\"inLanguage\":\"de\"},{\"@type\":\"WebPage\",\"@id\":\"https:\\\/\\\/radioleinewelle.de\\\/index.php\\\/2021\\\/02\\\/08\\\/auf-glatter-strasse-in-den-gegenverkehr-vier-menschen-bei-unfall-in-hann-muenden-leicht-verletzt\\\/\",\"url\":\"https:\\\/\\\/radioleinewelle.de\\\/index.php\\\/2021\\\/02\\\/08\\\/auf-glatter-strasse-in-den-gegenverkehr-vier-menschen-bei-unfall-in-hann-muenden-leicht-verletzt\\\/\",\"name\":\"Auf glatter Stra\u00dfe in den Gegenverkehr - Vier Menschen bei Unfall in Hann. M\u00fcnden leicht verletzt - Radio Leinewelle\",\"isPartOf\":{\"@id\":\"https:\\\/\\\/radioleinewelle.de\\\/#website\"},\"primaryImageOfPage\":{\"@id\":\"https:\\\/\\\/radioleinewelle.de\\\/index.php\\\/2021\\\/02\\\/08\\\/auf-glatter-strasse-in-den-gegenverkehr-vier-menschen-bei-unfall-in-hann-muenden-leicht-verletzt\\\/#primaryimage\"},\"image\":{\"@id\":\"https:\\\/\\\/radioleinewelle.de\\\/index.php\\\/2021\\\/02\\\/08\\\/auf-glatter-strasse-in-den-gegenverkehr-vier-menschen-bei-unfall-in-hann-muenden-leicht-verletzt\\\/#primaryimage\"},\"thumbnailUrl\":\"https:\\\/\\\/radioleinewelle.de\\\/wp-content\\\/uploads\\\/2021\\\/02\\\/traffic-sign-100350_640.jpg\",\"datePublished\":\"2021-02-08T12:59:57+00:00\",\"breadcrumb\":{\"@id\":\"https:\\\/\\\/radioleinewelle.de\\\/index.php\\\/2021\\\/02\\\/08\\\/auf-glatter-strasse-in-den-gegenverkehr-vier-menschen-bei-unfall-in-hann-muenden-leicht-verletzt\\\/#breadcrumb\"},\"inLanguage\":\"de\",\"potentialAction\":[{\"@type\":\"ReadAction\",\"target\":[\"https:\\\/\\\/radioleinewelle.de\\\/index.php\\\/2021\\\/02\\\/08\\\/auf-glatter-strasse-in-den-gegenverkehr-vier-menschen-bei-unfall-in-hann-muenden-leicht-verletzt\\\/\"]}]},{\"@type\":\"ImageObject\",\"inLanguage\":\"de\",\"@id\":\"https:\\\/\\\/radioleinewelle.de\\\/index.php\\\/2021\\\/02\\\/08\\\/auf-glatter-strasse-in-den-gegenverkehr-vier-menschen-bei-unfall-in-hann-muenden-leicht-verletzt\\\/#primaryimage\",\"url\":\"https:\\\/\\\/radioleinewelle.de\\\/wp-content\\\/uploads\\\/2021\\\/02\\\/traffic-sign-100350_640.jpg\",\"contentUrl\":\"https:\\\/\\\/radioleinewelle.de\\\/wp-content\\\/uploads\\\/2021\\\/02\\\/traffic-sign-100350_640.jpg\",\"width\":640,\"height\":452},{\"@type\":\"BreadcrumbList\",\"@id\":\"https:\\\/\\\/radioleinewelle.de\\\/index.php\\\/2021\\\/02\\\/08\\\/auf-glatter-strasse-in-den-gegenverkehr-vier-menschen-bei-unfall-in-hann-muenden-leicht-verletzt\\\/#breadcrumb\",\"itemListElement\":[{\"@type\":\"ListItem\",\"position\":1,\"name\":\"Startseite\",\"item\":\"https:\\\/\\\/radioleinewelle.de\\\/\"},{\"@type\":\"ListItem\",\"position\":2,\"name\":\"Auf glatter Stra\u00dfe in den Gegenverkehr &#8211; Vier Menschen bei Unfall in Hann. M\u00fcnden leicht verletzt\"}]},{\"@type\":\"WebSite\",\"@id\":\"https:\\\/\\\/radioleinewelle.de\\\/#website\",\"url\":\"https:\\\/\\\/radioleinewelle.de\\\/\",\"name\":\"Radio Leinewelle\",\"description\":\"\",\"publisher\":{\"@id\":\"https:\\\/\\\/radioleinewelle.de\\\/#organization\"},\"potentialAction\":[{\"@type\":\"SearchAction\",\"target\":{\"@type\":\"EntryPoint\",\"urlTemplate\":\"https:\\\/\\\/radioleinewelle.de\\\/?s={search_term_string}\"},\"query-input\":{\"@type\":\"PropertyValueSpecification\",\"valueRequired\":true,\"valueName\":\"search_term_string\"}}],\"inLanguage\":\"de\"},{\"@type\":\"Organization\",\"@id\":\"https:\\\/\\\/radioleinewelle.de\\\/#organization\",\"name\":\"Radio Leinewelle\",\"alternateName\":\"Mein Radio f\u00fcr S\u00fcdniedersachsen\",\"url\":\"https:\\\/\\\/radioleinewelle.de\\\/\",\"logo\":{\"@type\":\"ImageObject\",\"inLanguage\":\"de\",\"@id\":\"https:\\\/\\\/radioleinewelle.de\\\/#\\\/schema\\\/logo\\\/image\\\/\",\"url\":\"https:\\\/\\\/radioleinewelle.de\\\/wp-content\\\/uploads\\\/2023\\\/11\\\/cropped-Leinewelle_Logo_weiss.png\",\"contentUrl\":\"https:\\\/\\\/radioleinewelle.de\\\/wp-content\\\/uploads\\\/2023\\\/11\\\/cropped-Leinewelle_Logo_weiss.png\",\"width\":854,\"height\":260,\"caption\":\"Radio Leinewelle\"},\"image\":{\"@id\":\"https:\\\/\\\/radioleinewelle.de\\\/#\\\/schema\\\/logo\\\/image\\\/\"},\"sameAs\":[\"https:\\\/\\\/www.facebook.com\\\/radioleinewelle\",\"https:\\\/\\\/x.com\\\/RLeinewelle\",\"https:\\\/\\\/www.instagram.com\\\/radioleinewelle\\\/?hl=de\"]},{\"@type\":\"Person\",\"@id\":\"https:\\\/\\\/radioleinewelle.de\\\/#\\\/schema\\\/person\\\/45606f348637df637192dc1b68399a63\",\"name\":\"Leinewelle\",\"image\":{\"@type\":\"ImageObject\",\"inLanguage\":\"de\",\"@id\":\"https:\\\/\\\/secure.gravatar.com\\\/avatar\\\/05c9a17bc973052ee5d91549bd32fb4dd0dc85b7b85ae94b2e2b4943476bbea5?s=96&d=blank&r=g\",\"url\":\"https:\\\/\\\/secure.gravatar.com\\\/avatar\\\/05c9a17bc973052ee5d91549bd32fb4dd0dc85b7b85ae94b2e2b4943476bbea5?s=96&d=blank&r=g\",\"contentUrl\":\"https:\\\/\\\/secure.gravatar.com\\\/avatar\\\/05c9a17bc973052ee5d91549bd32fb4dd0dc85b7b85ae94b2e2b4943476bbea5?s=96&d=blank&r=g\",\"caption\":\"Leinewelle\"},\"sameAs\":[\"http:\\\/\\\/localhost\\\/radio%20leinewelle\\\/wordpress\",\"https:\\\/\\\/www.facebook.com\\\/radioleinewelle\",\"https:\\\/\\\/www.instagram.com\\\/radioleinewelle\",\"https:\\\/\\\/x.com\\\/https:\\\/\\\/twitter.com\\\/RLeinewelle?ref_src=twsrcgoogletwcampserptwgrauthor\",\"https:\\\/\\\/soundcloud.com\\\/foerderverein-lokalradio?utm_source=clipboard&utm_medium=text&utm_campaign=social_sharing\"],\"url\":\"https:\\\/\\\/radioleinewelle.de\\\/index.php\\\/author\\\/leinewelle\\\/\"}]}<\/script>\n<!-- \/ Yoast SEO plugin. -->","yoast_head_json":{"title":"Auf glatter Stra\u00dfe in den Gegenverkehr - Vier Menschen bei Unfall in Hann. M\u00fcnden leicht verletzt - Radio Leinewelle","robots":{"index":"index","follow":"follow","max-snippet":"max-snippet:-1","max-image-preview":"max-image-preview:large","max-video-preview":"max-video-preview:-1"},"canonical":"https:\/\/radioleinewelle.de\/index.php\/2021\/02\/08\/auf-glatter-strasse-in-den-gegenverkehr-vier-menschen-bei-unfall-in-hann-muenden-leicht-verletzt\/","og_locale":"de_DE","og_type":"article","og_title":"Auf glatter Stra\u00dfe in den Gegenverkehr - Vier Menschen bei Unfall in Hann. M\u00fcnden leicht verletzt - Radio Leinewelle","og_description":"HANN. M\u00dcNDEN (jk) &#8211; Bei einem Zusammensto\u00df zwischen zwei PKW sind am Sonntagmittag (07.02.21) gegen 11.55 Uhr in Hann. M\u00fcnden (Landkreis G\u00f6ttingen) vier Menschen leicht verletzt worden. Ersten Ermittlungen zufolge, geriet auf dem schneeglatten Vogelsang ein aus Richtung Klinikum kommender VW Touran im Bereich der Gef\u00e4llstrecke aus noch unbekannten Gr\u00fcnden pl\u00f6tzlich ins Rutschen und stie\u00df [&hellip;]","og_url":"https:\/\/radioleinewelle.de\/index.php\/2021\/02\/08\/auf-glatter-strasse-in-den-gegenverkehr-vier-menschen-bei-unfall-in-hann-muenden-leicht-verletzt\/","og_site_name":"Radio Leinewelle","article_publisher":"https:\/\/www.facebook.com\/radioleinewelle","article_author":"https:\/\/www.facebook.com\/radioleinewelle","article_published_time":"2021-02-08T12:59:57+00:00","og_image":[{"width":640,"height":452,"url":"https:\/\/radioleinewelle.de\/wp-content\/uploads\/2021\/02\/traffic-sign-100350_640.jpg","type":"image\/jpeg"}],"author":"Leinewelle","twitter_card":"summary_large_image","twitter_creator":"@https:\/\/twitter.com\/RLeinewelle?ref_src=twsrcgoogletwcampserptwgrauthor","twitter_site":"@RLeinewelle","twitter_misc":{"Verfasst von":"Leinewelle","Gesch\u00e4tzte Lesezeit":"1\u00a0Minute"},"schema":{"@context":"https:\/\/schema.org","@graph":[{"@type":"Article","@id":"https:\/\/radioleinewelle.de\/index.php\/2021\/02\/08\/auf-glatter-strasse-in-den-gegenverkehr-vier-menschen-bei-unfall-in-hann-muenden-leicht-verletzt\/#article","isPartOf":{"@id":"https:\/\/radioleinewelle.de\/index.php\/2021\/02\/08\/auf-glatter-strasse-in-den-gegenverkehr-vier-menschen-bei-unfall-in-hann-muenden-leicht-verletzt\/"},"author":{"name":"Leinewelle","@id":"https:\/\/radioleinewelle.de\/#\/schema\/person\/45606f348637df637192dc1b68399a63"},"headline":"Auf glatter Stra\u00dfe in den Gegenverkehr &#8211; Vier Menschen bei Unfall in Hann. M\u00fcnden leicht verletzt","datePublished":"2021-02-08T12:59:57+00:00","mainEntityOfPage":{"@id":"https:\/\/radioleinewelle.de\/index.php\/2021\/02\/08\/auf-glatter-strasse-in-den-gegenverkehr-vier-menschen-bei-unfall-in-hann-muenden-leicht-verletzt\/"},"wordCount":154,"publisher":{"@id":"https:\/\/radioleinewelle.de\/#organization"},"image":{"@id":"https:\/\/radioleinewelle.de\/index.php\/2021\/02\/08\/auf-glatter-strasse-in-den-gegenverkehr-vier-menschen-bei-unfall-in-hann-muenden-leicht-verletzt\/#primaryimage"},"thumbnailUrl":"https:\/\/radioleinewelle.de\/wp-content\/uploads\/2021\/02\/traffic-sign-100350_640.jpg","articleSection":["Aktuelle Nachrichten"],"inLanguage":"de"},{"@type":"WebPage","@id":"https:\/\/radioleinewelle.de\/index.php\/2021\/02\/08\/auf-glatter-strasse-in-den-gegenverkehr-vier-menschen-bei-unfall-in-hann-muenden-leicht-verletzt\/","url":"https:\/\/radioleinewelle.de\/index.php\/2021\/02\/08\/auf-glatter-strasse-in-den-gegenverkehr-vier-menschen-bei-unfall-in-hann-muenden-leicht-verletzt\/","name":"Auf glatter Stra\u00dfe in den Gegenverkehr - Vier Menschen bei Unfall in Hann. M\u00fcnden leicht verletzt - Radio Leinewelle","isPartOf":{"@id":"https:\/\/radioleinewelle.de\/#website"},"primaryImageOfPage":{"@id":"https:\/\/radioleinewelle.de\/index.php\/2021\/02\/08\/auf-glatter-strasse-in-den-gegenverkehr-vier-menschen-bei-unfall-in-hann-muenden-leicht-verletzt\/#primaryimage"},"image":{"@id":"https:\/\/radioleinewelle.de\/index.php\/2021\/02\/08\/auf-glatter-strasse-in-den-gegenverkehr-vier-menschen-bei-unfall-in-hann-muenden-leicht-verletzt\/#primaryimage"},"thumbnailUrl":"https:\/\/radioleinewelle.de\/wp-content\/uploads\/2021\/02\/traffic-sign-100350_640.jpg","datePublished":"2021-02-08T12:59:57+00:00","breadcrumb":{"@id":"https:\/\/radioleinewelle.de\/index.php\/2021\/02\/08\/auf-glatter-strasse-in-den-gegenverkehr-vier-menschen-bei-unfall-in-hann-muenden-leicht-verletzt\/#breadcrumb"},"inLanguage":"de","potentialAction":[{"@type":"ReadAction","target":["https:\/\/radioleinewelle.de\/index.php\/2021\/02\/08\/auf-glatter-strasse-in-den-gegenverkehr-vier-menschen-bei-unfall-in-hann-muenden-leicht-verletzt\/"]}]},{"@type":"ImageObject","inLanguage":"de","@id":"https:\/\/radioleinewelle.de\/index.php\/2021\/02\/08\/auf-glatter-strasse-in-den-gegenverkehr-vier-menschen-bei-unfall-in-hann-muenden-leicht-verletzt\/#primaryimage","url":"https:\/\/radioleinewelle.de\/wp-content\/uploads\/2021\/02\/traffic-sign-100350_640.jpg","contentUrl":"https:\/\/radioleinewelle.de\/wp-content\/uploads\/2021\/02\/traffic-sign-100350_640.jpg","width":640,"height":452},{"@type":"BreadcrumbList","@id":"https:\/\/radioleinewelle.de\/index.php\/2021\/02\/08\/auf-glatter-strasse-in-den-gegenverkehr-vier-menschen-bei-unfall-in-hann-muenden-leicht-verletzt\/#breadcrumb","itemListElement":[{"@type":"ListItem","position":1,"name":"Startseite","item":"https:\/\/radioleinewelle.de\/"},{"@type":"ListItem","position":2,"name":"Auf glatter Stra\u00dfe in den Gegenverkehr &#8211; Vier Menschen bei Unfall in Hann. M\u00fcnden leicht verletzt"}]},{"@type":"WebSite","@id":"https:\/\/radioleinewelle.de\/#website","url":"https:\/\/radioleinewelle.de\/","name":"Radio Leinewelle","description":"","publisher":{"@id":"https:\/\/radioleinewelle.de\/#organization"},"potentialAction":[{"@type":"SearchAction","target":{"@type":"EntryPoint","urlTemplate":"https:\/\/radioleinewelle.de\/?s={search_term_string}"},"query-input":{"@type":"PropertyValueSpecification","valueRequired":true,"valueName":"search_term_string"}}],"inLanguage":"de"},{"@type":"Organization","@id":"https:\/\/radioleinewelle.de\/#organization","name":"Radio Leinewelle","alternateName":"Mein Radio f\u00fcr S\u00fcdniedersachsen","url":"https:\/\/radioleinewelle.de\/","logo":{"@type":"ImageObject","inLanguage":"de","@id":"https:\/\/radioleinewelle.de\/#\/schema\/logo\/image\/","url":"https:\/\/radioleinewelle.de\/wp-content\/uploads\/2023\/11\/cropped-Leinewelle_Logo_weiss.png","contentUrl":"https:\/\/radioleinewelle.de\/wp-content\/uploads\/2023\/11\/cropped-Leinewelle_Logo_weiss.png","width":854,"height":260,"caption":"Radio Leinewelle"},"image":{"@id":"https:\/\/radioleinewelle.de\/#\/schema\/logo\/image\/"},"sameAs":["https:\/\/www.facebook.com\/radioleinewelle","https:\/\/x.com\/RLeinewelle","https:\/\/www.instagram.com\/radioleinewelle\/?hl=de"]},{"@type":"Person","@id":"https:\/\/radioleinewelle.de\/#\/schema\/person\/45606f348637df637192dc1b68399a63","name":"Leinewelle","image":{"@type":"ImageObject","inLanguage":"de","@id":"https:\/\/secure.gravatar.com\/avatar\/05c9a17bc973052ee5d91549bd32fb4dd0dc85b7b85ae94b2e2b4943476bbea5?s=96&d=blank&r=g","url":"https:\/\/secure.gravatar.com\/avatar\/05c9a17bc973052ee5d91549bd32fb4dd0dc85b7b85ae94b2e2b4943476bbea5?s=96&d=blank&r=g","contentUrl":"https:\/\/secure.gravatar.com\/avatar\/05c9a17bc973052ee5d91549bd32fb4dd0dc85b7b85ae94b2e2b4943476bbea5?s=96&d=blank&r=g","caption":"Leinewelle"},"sameAs":["http:\/\/localhost\/radio%20leinewelle\/wordpress","https:\/\/www.facebook.com\/radioleinewelle","https:\/\/www.instagram.com\/radioleinewelle","https:\/\/x.com\/https:\/\/twitter.com\/RLeinewelle?ref_src=twsrcgoogletwcampserptwgrauthor","https:\/\/soundcloud.com\/foerderverein-lokalradio?utm_source=clipboard&utm_medium=text&utm_campaign=social_sharing"],"url":"https:\/\/radioleinewelle.de\/index.php\/author\/leinewelle\/"}]}},"_links":{"self":[{"href":"https:\/\/radioleinewelle.de\/index.php\/wp-json\/wp\/v2\/posts\/5018","targetHints":{"allow":["GET"]}}],"collection":[{"href":"https:\/\/radioleinewelle.de\/index.php\/wp-json\/wp\/v2\/posts"}],"about":[{"href":"https:\/\/radioleinewelle.de\/index.php\/wp-json\/wp\/v2\/types\/post"}],"author":[{"embeddable":true,"href":"https:\/\/radioleinewelle.de\/index.php\/wp-json\/wp\/v2\/users\/1"}],"replies":[{"embeddable":true,"href":"https:\/\/radioleinewelle.de\/index.php\/wp-json\/wp\/v2\/comments?post=5018"}],"version-history":[{"count":0,"href":"https:\/\/radioleinewelle.de\/index.php\/wp-json\/wp\/v2\/posts\/5018\/revisions"}],"wp:featuredmedia":[{"embeddable":true,"href":"https:\/\/radioleinewelle.de\/index.php\/wp-json\/wp\/v2\/media\/4980"}],"wp:attachment":[{"href":"https:\/\/radioleinewelle.de\/index.php\/wp-json\/wp\/v2\/media?parent=5018"}],"wp:term":[{"taxonomy":"category","embeddable":true,"href":"https:\/\/radioleinewelle.de\/index.php\/wp-json\/wp\/v2\/categories?post=5018"},{"taxonomy":"post_tag","embeddable":true,"href":"https:\/\/radioleinewelle.de\/index.php\/wp-json\/wp\/v2\/tags?post=5018"}],"curies":[{"name":"wp","href":"https:\/\/api.w.org\/{rel}","templated":true}]}}