{"id":5020,"date":"2021-02-08T14:13:38","date_gmt":"2021-02-08T13:13:38","guid":{"rendered":"https:\/\/radioleinewelle.de\/?p=5020"},"modified":"2021-02-08T14:13:38","modified_gmt":"2021-02-08T13:13:38","slug":"so-siehts-aus-die-aktuelle-coronalage-in-suedniedersachsen-am-08-02","status":"publish","type":"post","link":"https:\/\/radioleinewelle.de\/index.php\/2021\/02\/08\/so-siehts-aus-die-aktuelle-coronalage-in-suedniedersachsen-am-08-02\/","title":{"rendered":"So siehts aus &#8211; die aktuelle Coronalage in S\u00fcdniedersachsen am 08.02."},"content":{"rendered":"\n<p>Zur Zeit liegt in Niedersachsen die <strong>Impfquote<\/strong> bei 2,2 % und ist damit weiterhin bundesweites Schlusslicht. Th\u00fcringen liegt bei 3,1 %, Hessen bei 2,4 %.der Gesamtbev\u00f6lkerung. Insgesamt sind bundesweit \u00fcber 3,1 Mio. Personen (Stand 08.02.) geimpft worden. <\/p>\n\n\n\n<p>Die I<strong>nzidenzzahlen (Quelle RKI) in S\u00fcdniedersachsen<\/strong> liegen im Vergleich zur Vorwoche in den einzelnen Landkreisen teilweise leicht niedriger bis fast gleich. (Grenzwert von 50). Die aktuellen Zahlen im Detail:<br \/><strong>Die Landkreise:<\/strong><br \/>G\u00f6ttingen 57,0, Northeim 30,2, Goslar 81,4, Holzminden 46,8,  H\u00f6xter 104,1<strong>.<\/strong> &nbsp;Der Durchschnitt in Niedersachsen liegt bei 69,1, der Bundesdurchschnitt bei 76,0, die <strong>bundesweite Zahl der Corona Neuinfektionen steigt um 4535, die Sterbef\u00e4lle steigen bundesweit um 158 Tote<\/strong> zum Vortag. <strong>Dies ist ein deutlicher R\u00fcckgang im Vergleich zum letzten Montag. <\/strong> Die Gesamtzahl der Toten hat mit \u00fcber 61.000 Toten einen traurigen H\u00f6hepunkt erreicht.<br \/>Der Anteil der COVID-19 Patienten an der Gesamtzahl der Intensivbetten in Niedersachsen liegt bei 12,3%. Dies sagt nichts \u00fcber die aktuelle lokale Situation aus, die abh\u00e4ngig vom Infektionsgeschehen und der Verf\u00fcgbarkeit von Fachpersonal ist. In G\u00f6ttingen sind die Verf\u00fcgbarkeiten von Intensivbetten an der UMG &nbsp;ausreichend und im Evangelischen Krankenhaus Lenglern im Low und High Care Bereich laut Intensivregister voll belegt.  <strong>Insgesamt ist laut Intensivregister die Zahl der bundesweit belegten Intensivbetten weiter r\u00fcckl\u00e4ufig<\/strong>.<\/p>\n\n\n\n<p>Die Gesamtzahl bislang best\u00e4tigter Covid-19 F\u00e4lle im <strong>Landkreis G\u00f6ttingen<\/strong> steigt auf 5.101. Davon gelten 4.436 Personen als von der Infektion genesen, 184 Menschen sind in Verbindung mit Covid-19 gestorben.<\/p>\n\n\n\n<p><strong>Im Eichsfeld sind die Zahlen weiter kritisch hoch: der Inzidenzwert liegt hier bei aktuell 226,0. <\/strong>Damit geh\u00f6rt das Eichsfeld zu den 10 bundesweiten Landkreisen mit den h\u00f6chsten Inzidenzwerten.<br \/>Der Landkreis Eichsfeld teilt mit: die Gesamtzahl der aktuell Infizierten 662, Verstorbene 136 &nbsp;(Stand 07.02.).&nbsp;<\/p>\n","protected":false},"excerpt":{"rendered":"<p>Zur Zeit liegt in Niedersachsen die Impfquote bei 2,2 % und ist damit weiterhin bundesweites Schlusslicht. Th\u00fcringen liegt bei 3,1 %, Hessen bei 2,4 %.der Gesamtbev\u00f6lkerung. Insgesamt sind bundesweit \u00fcber 3,1 Mio. Personen (Stand 08.02.) geimpft worden. Die Inzidenzzahlen (Quelle RKI) in S\u00fcdniedersachsen liegen im Vergleich zur Vorwoche in den einzelnen Landkreisen teilweise leicht niedriger [&hellip;]<\/p>\n","protected":false},"author":1,"featured_media":2613,"comment_status":"closed","ping_status":"closed","sticky":false,"template":"","format":"standard","meta":{"saved_in_kubio":false,"footnotes":""},"categories":[23],"tags":[],"class_list":["post-5020","post","type-post","status-publish","format-standard","has-post-thumbnail","hentry","category-corona"],"yoast_head":"<!-- This site is optimized with the Yoast SEO plugin v27.5 - https:\/\/yoast.com\/product\/yoast-seo-wordpress\/ -->\n<title>So siehts aus - die aktuelle Coronalage in S\u00fcdniedersachsen am 08.02. - Radio Leinewelle<\/title>\n<meta name=\"robots\" content=\"index, follow, max-snippet:-1, max-image-preview:large, max-video-preview:-1\" \/>\n<link rel=\"canonical\" href=\"https:\/\/radioleinewelle.de\/index.php\/2021\/02\/08\/so-siehts-aus-die-aktuelle-coronalage-in-suedniedersachsen-am-08-02\/\" \/>\n<meta property=\"og:locale\" content=\"de_DE\" \/>\n<meta property=\"og:type\" content=\"article\" \/>\n<meta property=\"og:title\" content=\"So siehts aus - die aktuelle Coronalage in S\u00fcdniedersachsen am 08.02. - Radio Leinewelle\" \/>\n<meta property=\"og:description\" content=\"Zur Zeit liegt in Niedersachsen die Impfquote bei 2,2 % und ist damit weiterhin bundesweites Schlusslicht. Th\u00fcringen liegt bei 3,1 %, Hessen bei 2,4 %.der Gesamtbev\u00f6lkerung. Insgesamt sind bundesweit \u00fcber 3,1 Mio. Personen (Stand 08.02.) geimpft worden. Die Inzidenzzahlen (Quelle RKI) in S\u00fcdniedersachsen liegen im Vergleich zur Vorwoche in den einzelnen Landkreisen teilweise leicht niedriger [&hellip;]\" \/>\n<meta property=\"og:url\" content=\"https:\/\/radioleinewelle.de\/index.php\/2021\/02\/08\/so-siehts-aus-die-aktuelle-coronalage-in-suedniedersachsen-am-08-02\/\" \/>\n<meta property=\"og:site_name\" content=\"Radio Leinewelle\" \/>\n<meta property=\"article:publisher\" content=\"https:\/\/www.facebook.com\/radioleinewelle\" \/>\n<meta property=\"article:author\" content=\"https:\/\/www.facebook.com\/radioleinewelle\" \/>\n<meta property=\"article:published_time\" content=\"2021-02-08T13:13:38+00:00\" \/>\n<meta property=\"og:image\" content=\"https:\/\/radioleinewelle.de\/wp-content\/uploads\/2020\/10\/coronavirus-4914028_640-1.jpg\" \/>\n\t<meta property=\"og:image:width\" content=\"640\" \/>\n\t<meta property=\"og:image:height\" content=\"363\" \/>\n\t<meta property=\"og:image:type\" content=\"image\/jpeg\" \/>\n<meta name=\"author\" content=\"Leinewelle\" \/>\n<meta name=\"twitter:card\" content=\"summary_large_image\" \/>\n<meta name=\"twitter:creator\" content=\"@https:\/\/twitter.com\/RLeinewelle?ref_src=twsrcgoogletwcampserptwgrauthor\" \/>\n<meta name=\"twitter:site\" content=\"@RLeinewelle\" \/>\n<meta name=\"twitter:label1\" content=\"Verfasst von\" \/>\n\t<meta name=\"twitter:data1\" content=\"Leinewelle\" \/>\n\t<meta name=\"twitter:label2\" content=\"Gesch\u00e4tzte Lesezeit\" \/>\n\t<meta name=\"twitter:data2\" content=\"1\u00a0Minute\" \/>\n<script type=\"application\/ld+json\" class=\"yoast-schema-graph\">{\"@context\":\"https:\\\/\\\/schema.org\",\"@graph\":[{\"@type\":\"Article\",\"@id\":\"https:\\\/\\\/radioleinewelle.de\\\/index.php\\\/2021\\\/02\\\/08\\\/so-siehts-aus-die-aktuelle-coronalage-in-suedniedersachsen-am-08-02\\\/#article\",\"isPartOf\":{\"@id\":\"https:\\\/\\\/radioleinewelle.de\\\/index.php\\\/2021\\\/02\\\/08\\\/so-siehts-aus-die-aktuelle-coronalage-in-suedniedersachsen-am-08-02\\\/\"},\"author\":{\"name\":\"Leinewelle\",\"@id\":\"https:\\\/\\\/radioleinewelle.de\\\/#\\\/schema\\\/person\\\/45606f348637df637192dc1b68399a63\"},\"headline\":\"So siehts aus &#8211; die aktuelle Coronalage in S\u00fcdniedersachsen am 08.02.\",\"datePublished\":\"2021-02-08T13:13:38+00:00\",\"mainEntityOfPage\":{\"@id\":\"https:\\\/\\\/radioleinewelle.de\\\/index.php\\\/2021\\\/02\\\/08\\\/so-siehts-aus-die-aktuelle-coronalage-in-suedniedersachsen-am-08-02\\\/\"},\"wordCount\":281,\"publisher\":{\"@id\":\"https:\\\/\\\/radioleinewelle.de\\\/#organization\"},\"image\":{\"@id\":\"https:\\\/\\\/radioleinewelle.de\\\/index.php\\\/2021\\\/02\\\/08\\\/so-siehts-aus-die-aktuelle-coronalage-in-suedniedersachsen-am-08-02\\\/#primaryimage\"},\"thumbnailUrl\":\"https:\\\/\\\/radioleinewelle.de\\\/wp-content\\\/uploads\\\/2020\\\/10\\\/coronavirus-4914028_640-1.jpg\",\"articleSection\":[\"Corona\"],\"inLanguage\":\"de\"},{\"@type\":\"WebPage\",\"@id\":\"https:\\\/\\\/radioleinewelle.de\\\/index.php\\\/2021\\\/02\\\/08\\\/so-siehts-aus-die-aktuelle-coronalage-in-suedniedersachsen-am-08-02\\\/\",\"url\":\"https:\\\/\\\/radioleinewelle.de\\\/index.php\\\/2021\\\/02\\\/08\\\/so-siehts-aus-die-aktuelle-coronalage-in-suedniedersachsen-am-08-02\\\/\",\"name\":\"So siehts aus - die aktuelle Coronalage in S\u00fcdniedersachsen am 08.02. - Radio Leinewelle\",\"isPartOf\":{\"@id\":\"https:\\\/\\\/radioleinewelle.de\\\/#website\"},\"primaryImageOfPage\":{\"@id\":\"https:\\\/\\\/radioleinewelle.de\\\/index.php\\\/2021\\\/02\\\/08\\\/so-siehts-aus-die-aktuelle-coronalage-in-suedniedersachsen-am-08-02\\\/#primaryimage\"},\"image\":{\"@id\":\"https:\\\/\\\/radioleinewelle.de\\\/index.php\\\/2021\\\/02\\\/08\\\/so-siehts-aus-die-aktuelle-coronalage-in-suedniedersachsen-am-08-02\\\/#primaryimage\"},\"thumbnailUrl\":\"https:\\\/\\\/radioleinewelle.de\\\/wp-content\\\/uploads\\\/2020\\\/10\\\/coronavirus-4914028_640-1.jpg\",\"datePublished\":\"2021-02-08T13:13:38+00:00\",\"breadcrumb\":{\"@id\":\"https:\\\/\\\/radioleinewelle.de\\\/index.php\\\/2021\\\/02\\\/08\\\/so-siehts-aus-die-aktuelle-coronalage-in-suedniedersachsen-am-08-02\\\/#breadcrumb\"},\"inLanguage\":\"de\",\"potentialAction\":[{\"@type\":\"ReadAction\",\"target\":[\"https:\\\/\\\/radioleinewelle.de\\\/index.php\\\/2021\\\/02\\\/08\\\/so-siehts-aus-die-aktuelle-coronalage-in-suedniedersachsen-am-08-02\\\/\"]}]},{\"@type\":\"ImageObject\",\"inLanguage\":\"de\",\"@id\":\"https:\\\/\\\/radioleinewelle.de\\\/index.php\\\/2021\\\/02\\\/08\\\/so-siehts-aus-die-aktuelle-coronalage-in-suedniedersachsen-am-08-02\\\/#primaryimage\",\"url\":\"https:\\\/\\\/radioleinewelle.de\\\/wp-content\\\/uploads\\\/2020\\\/10\\\/coronavirus-4914028_640-1.jpg\",\"contentUrl\":\"https:\\\/\\\/radioleinewelle.de\\\/wp-content\\\/uploads\\\/2020\\\/10\\\/coronavirus-4914028_640-1.jpg\",\"width\":640,\"height\":363},{\"@type\":\"BreadcrumbList\",\"@id\":\"https:\\\/\\\/radioleinewelle.de\\\/index.php\\\/2021\\\/02\\\/08\\\/so-siehts-aus-die-aktuelle-coronalage-in-suedniedersachsen-am-08-02\\\/#breadcrumb\",\"itemListElement\":[{\"@type\":\"ListItem\",\"position\":1,\"name\":\"Startseite\",\"item\":\"https:\\\/\\\/radioleinewelle.de\\\/\"},{\"@type\":\"ListItem\",\"position\":2,\"name\":\"So siehts aus &#8211; die aktuelle Coronalage in S\u00fcdniedersachsen am 08.02.\"}]},{\"@type\":\"WebSite\",\"@id\":\"https:\\\/\\\/radioleinewelle.de\\\/#website\",\"url\":\"https:\\\/\\\/radioleinewelle.de\\\/\",\"name\":\"Radio Leinewelle\",\"description\":\"\",\"publisher\":{\"@id\":\"https:\\\/\\\/radioleinewelle.de\\\/#organization\"},\"potentialAction\":[{\"@type\":\"SearchAction\",\"target\":{\"@type\":\"EntryPoint\",\"urlTemplate\":\"https:\\\/\\\/radioleinewelle.de\\\/?s={search_term_string}\"},\"query-input\":{\"@type\":\"PropertyValueSpecification\",\"valueRequired\":true,\"valueName\":\"search_term_string\"}}],\"inLanguage\":\"de\"},{\"@type\":\"Organization\",\"@id\":\"https:\\\/\\\/radioleinewelle.de\\\/#organization\",\"name\":\"Radio Leinewelle\",\"alternateName\":\"Mein Radio f\u00fcr S\u00fcdniedersachsen\",\"url\":\"https:\\\/\\\/radioleinewelle.de\\\/\",\"logo\":{\"@type\":\"ImageObject\",\"inLanguage\":\"de\",\"@id\":\"https:\\\/\\\/radioleinewelle.de\\\/#\\\/schema\\\/logo\\\/image\\\/\",\"url\":\"https:\\\/\\\/radioleinewelle.de\\\/wp-content\\\/uploads\\\/2023\\\/11\\\/cropped-Leinewelle_Logo_weiss.png\",\"contentUrl\":\"https:\\\/\\\/radioleinewelle.de\\\/wp-content\\\/uploads\\\/2023\\\/11\\\/cropped-Leinewelle_Logo_weiss.png\",\"width\":854,\"height\":260,\"caption\":\"Radio Leinewelle\"},\"image\":{\"@id\":\"https:\\\/\\\/radioleinewelle.de\\\/#\\\/schema\\\/logo\\\/image\\\/\"},\"sameAs\":[\"https:\\\/\\\/www.facebook.com\\\/radioleinewelle\",\"https:\\\/\\\/x.com\\\/RLeinewelle\",\"https:\\\/\\\/www.instagram.com\\\/radioleinewelle\\\/?hl=de\"]},{\"@type\":\"Person\",\"@id\":\"https:\\\/\\\/radioleinewelle.de\\\/#\\\/schema\\\/person\\\/45606f348637df637192dc1b68399a63\",\"name\":\"Leinewelle\",\"image\":{\"@type\":\"ImageObject\",\"inLanguage\":\"de\",\"@id\":\"https:\\\/\\\/secure.gravatar.com\\\/avatar\\\/05c9a17bc973052ee5d91549bd32fb4dd0dc85b7b85ae94b2e2b4943476bbea5?s=96&d=blank&r=g\",\"url\":\"https:\\\/\\\/secure.gravatar.com\\\/avatar\\\/05c9a17bc973052ee5d91549bd32fb4dd0dc85b7b85ae94b2e2b4943476bbea5?s=96&d=blank&r=g\",\"contentUrl\":\"https:\\\/\\\/secure.gravatar.com\\\/avatar\\\/05c9a17bc973052ee5d91549bd32fb4dd0dc85b7b85ae94b2e2b4943476bbea5?s=96&d=blank&r=g\",\"caption\":\"Leinewelle\"},\"sameAs\":[\"http:\\\/\\\/localhost\\\/radio%20leinewelle\\\/wordpress\",\"https:\\\/\\\/www.facebook.com\\\/radioleinewelle\",\"https:\\\/\\\/www.instagram.com\\\/radioleinewelle\",\"https:\\\/\\\/x.com\\\/https:\\\/\\\/twitter.com\\\/RLeinewelle?ref_src=twsrcgoogletwcampserptwgrauthor\",\"https:\\\/\\\/soundcloud.com\\\/foerderverein-lokalradio?utm_source=clipboard&utm_medium=text&utm_campaign=social_sharing\"],\"url\":\"https:\\\/\\\/radioleinewelle.de\\\/index.php\\\/author\\\/leinewelle\\\/\"}]}<\/script>\n<!-- \/ Yoast SEO plugin. -->","yoast_head_json":{"title":"So siehts aus - die aktuelle Coronalage in S\u00fcdniedersachsen am 08.02. - Radio Leinewelle","robots":{"index":"index","follow":"follow","max-snippet":"max-snippet:-1","max-image-preview":"max-image-preview:large","max-video-preview":"max-video-preview:-1"},"canonical":"https:\/\/radioleinewelle.de\/index.php\/2021\/02\/08\/so-siehts-aus-die-aktuelle-coronalage-in-suedniedersachsen-am-08-02\/","og_locale":"de_DE","og_type":"article","og_title":"So siehts aus - die aktuelle Coronalage in S\u00fcdniedersachsen am 08.02. - Radio Leinewelle","og_description":"Zur Zeit liegt in Niedersachsen die Impfquote bei 2,2 % und ist damit weiterhin bundesweites Schlusslicht. Th\u00fcringen liegt bei 3,1 %, Hessen bei 2,4 %.der Gesamtbev\u00f6lkerung. Insgesamt sind bundesweit \u00fcber 3,1 Mio. Personen (Stand 08.02.) geimpft worden. Die Inzidenzzahlen (Quelle RKI) in S\u00fcdniedersachsen liegen im Vergleich zur Vorwoche in den einzelnen Landkreisen teilweise leicht niedriger [&hellip;]","og_url":"https:\/\/radioleinewelle.de\/index.php\/2021\/02\/08\/so-siehts-aus-die-aktuelle-coronalage-in-suedniedersachsen-am-08-02\/","og_site_name":"Radio Leinewelle","article_publisher":"https:\/\/www.facebook.com\/radioleinewelle","article_author":"https:\/\/www.facebook.com\/radioleinewelle","article_published_time":"2021-02-08T13:13:38+00:00","og_image":[{"width":640,"height":363,"url":"https:\/\/radioleinewelle.de\/wp-content\/uploads\/2020\/10\/coronavirus-4914028_640-1.jpg","type":"image\/jpeg"}],"author":"Leinewelle","twitter_card":"summary_large_image","twitter_creator":"@https:\/\/twitter.com\/RLeinewelle?ref_src=twsrcgoogletwcampserptwgrauthor","twitter_site":"@RLeinewelle","twitter_misc":{"Verfasst von":"Leinewelle","Gesch\u00e4tzte Lesezeit":"1\u00a0Minute"},"schema":{"@context":"https:\/\/schema.org","@graph":[{"@type":"Article","@id":"https:\/\/radioleinewelle.de\/index.php\/2021\/02\/08\/so-siehts-aus-die-aktuelle-coronalage-in-suedniedersachsen-am-08-02\/#article","isPartOf":{"@id":"https:\/\/radioleinewelle.de\/index.php\/2021\/02\/08\/so-siehts-aus-die-aktuelle-coronalage-in-suedniedersachsen-am-08-02\/"},"author":{"name":"Leinewelle","@id":"https:\/\/radioleinewelle.de\/#\/schema\/person\/45606f348637df637192dc1b68399a63"},"headline":"So siehts aus &#8211; die aktuelle Coronalage in S\u00fcdniedersachsen am 08.02.","datePublished":"2021-02-08T13:13:38+00:00","mainEntityOfPage":{"@id":"https:\/\/radioleinewelle.de\/index.php\/2021\/02\/08\/so-siehts-aus-die-aktuelle-coronalage-in-suedniedersachsen-am-08-02\/"},"wordCount":281,"publisher":{"@id":"https:\/\/radioleinewelle.de\/#organization"},"image":{"@id":"https:\/\/radioleinewelle.de\/index.php\/2021\/02\/08\/so-siehts-aus-die-aktuelle-coronalage-in-suedniedersachsen-am-08-02\/#primaryimage"},"thumbnailUrl":"https:\/\/radioleinewelle.de\/wp-content\/uploads\/2020\/10\/coronavirus-4914028_640-1.jpg","articleSection":["Corona"],"inLanguage":"de"},{"@type":"WebPage","@id":"https:\/\/radioleinewelle.de\/index.php\/2021\/02\/08\/so-siehts-aus-die-aktuelle-coronalage-in-suedniedersachsen-am-08-02\/","url":"https:\/\/radioleinewelle.de\/index.php\/2021\/02\/08\/so-siehts-aus-die-aktuelle-coronalage-in-suedniedersachsen-am-08-02\/","name":"So siehts aus - die aktuelle Coronalage in S\u00fcdniedersachsen am 08.02. - Radio Leinewelle","isPartOf":{"@id":"https:\/\/radioleinewelle.de\/#website"},"primaryImageOfPage":{"@id":"https:\/\/radioleinewelle.de\/index.php\/2021\/02\/08\/so-siehts-aus-die-aktuelle-coronalage-in-suedniedersachsen-am-08-02\/#primaryimage"},"image":{"@id":"https:\/\/radioleinewelle.de\/index.php\/2021\/02\/08\/so-siehts-aus-die-aktuelle-coronalage-in-suedniedersachsen-am-08-02\/#primaryimage"},"thumbnailUrl":"https:\/\/radioleinewelle.de\/wp-content\/uploads\/2020\/10\/coronavirus-4914028_640-1.jpg","datePublished":"2021-02-08T13:13:38+00:00","breadcrumb":{"@id":"https:\/\/radioleinewelle.de\/index.php\/2021\/02\/08\/so-siehts-aus-die-aktuelle-coronalage-in-suedniedersachsen-am-08-02\/#breadcrumb"},"inLanguage":"de","potentialAction":[{"@type":"ReadAction","target":["https:\/\/radioleinewelle.de\/index.php\/2021\/02\/08\/so-siehts-aus-die-aktuelle-coronalage-in-suedniedersachsen-am-08-02\/"]}]},{"@type":"ImageObject","inLanguage":"de","@id":"https:\/\/radioleinewelle.de\/index.php\/2021\/02\/08\/so-siehts-aus-die-aktuelle-coronalage-in-suedniedersachsen-am-08-02\/#primaryimage","url":"https:\/\/radioleinewelle.de\/wp-content\/uploads\/2020\/10\/coronavirus-4914028_640-1.jpg","contentUrl":"https:\/\/radioleinewelle.de\/wp-content\/uploads\/2020\/10\/coronavirus-4914028_640-1.jpg","width":640,"height":363},{"@type":"BreadcrumbList","@id":"https:\/\/radioleinewelle.de\/index.php\/2021\/02\/08\/so-siehts-aus-die-aktuelle-coronalage-in-suedniedersachsen-am-08-02\/#breadcrumb","itemListElement":[{"@type":"ListItem","position":1,"name":"Startseite","item":"https:\/\/radioleinewelle.de\/"},{"@type":"ListItem","position":2,"name":"So siehts aus &#8211; die aktuelle Coronalage in S\u00fcdniedersachsen am 08.02."}]},{"@type":"WebSite","@id":"https:\/\/radioleinewelle.de\/#website","url":"https:\/\/radioleinewelle.de\/","name":"Radio Leinewelle","description":"","publisher":{"@id":"https:\/\/radioleinewelle.de\/#organization"},"potentialAction":[{"@type":"SearchAction","target":{"@type":"EntryPoint","urlTemplate":"https:\/\/radioleinewelle.de\/?s={search_term_string}"},"query-input":{"@type":"PropertyValueSpecification","valueRequired":true,"valueName":"search_term_string"}}],"inLanguage":"de"},{"@type":"Organization","@id":"https:\/\/radioleinewelle.de\/#organization","name":"Radio Leinewelle","alternateName":"Mein Radio f\u00fcr S\u00fcdniedersachsen","url":"https:\/\/radioleinewelle.de\/","logo":{"@type":"ImageObject","inLanguage":"de","@id":"https:\/\/radioleinewelle.de\/#\/schema\/logo\/image\/","url":"https:\/\/radioleinewelle.de\/wp-content\/uploads\/2023\/11\/cropped-Leinewelle_Logo_weiss.png","contentUrl":"https:\/\/radioleinewelle.de\/wp-content\/uploads\/2023\/11\/cropped-Leinewelle_Logo_weiss.png","width":854,"height":260,"caption":"Radio Leinewelle"},"image":{"@id":"https:\/\/radioleinewelle.de\/#\/schema\/logo\/image\/"},"sameAs":["https:\/\/www.facebook.com\/radioleinewelle","https:\/\/x.com\/RLeinewelle","https:\/\/www.instagram.com\/radioleinewelle\/?hl=de"]},{"@type":"Person","@id":"https:\/\/radioleinewelle.de\/#\/schema\/person\/45606f348637df637192dc1b68399a63","name":"Leinewelle","image":{"@type":"ImageObject","inLanguage":"de","@id":"https:\/\/secure.gravatar.com\/avatar\/05c9a17bc973052ee5d91549bd32fb4dd0dc85b7b85ae94b2e2b4943476bbea5?s=96&d=blank&r=g","url":"https:\/\/secure.gravatar.com\/avatar\/05c9a17bc973052ee5d91549bd32fb4dd0dc85b7b85ae94b2e2b4943476bbea5?s=96&d=blank&r=g","contentUrl":"https:\/\/secure.gravatar.com\/avatar\/05c9a17bc973052ee5d91549bd32fb4dd0dc85b7b85ae94b2e2b4943476bbea5?s=96&d=blank&r=g","caption":"Leinewelle"},"sameAs":["http:\/\/localhost\/radio%20leinewelle\/wordpress","https:\/\/www.facebook.com\/radioleinewelle","https:\/\/www.instagram.com\/radioleinewelle","https:\/\/x.com\/https:\/\/twitter.com\/RLeinewelle?ref_src=twsrcgoogletwcampserptwgrauthor","https:\/\/soundcloud.com\/foerderverein-lokalradio?utm_source=clipboard&utm_medium=text&utm_campaign=social_sharing"],"url":"https:\/\/radioleinewelle.de\/index.php\/author\/leinewelle\/"}]}},"_links":{"self":[{"href":"https:\/\/radioleinewelle.de\/index.php\/wp-json\/wp\/v2\/posts\/5020","targetHints":{"allow":["GET"]}}],"collection":[{"href":"https:\/\/radioleinewelle.de\/index.php\/wp-json\/wp\/v2\/posts"}],"about":[{"href":"https:\/\/radioleinewelle.de\/index.php\/wp-json\/wp\/v2\/types\/post"}],"author":[{"embeddable":true,"href":"https:\/\/radioleinewelle.de\/index.php\/wp-json\/wp\/v2\/users\/1"}],"replies":[{"embeddable":true,"href":"https:\/\/radioleinewelle.de\/index.php\/wp-json\/wp\/v2\/comments?post=5020"}],"version-history":[{"count":0,"href":"https:\/\/radioleinewelle.de\/index.php\/wp-json\/wp\/v2\/posts\/5020\/revisions"}],"wp:featuredmedia":[{"embeddable":true,"href":"https:\/\/radioleinewelle.de\/index.php\/wp-json\/wp\/v2\/media\/2613"}],"wp:attachment":[{"href":"https:\/\/radioleinewelle.de\/index.php\/wp-json\/wp\/v2\/media?parent=5020"}],"wp:term":[{"taxonomy":"category","embeddable":true,"href":"https:\/\/radioleinewelle.de\/index.php\/wp-json\/wp\/v2\/categories?post=5020"},{"taxonomy":"post_tag","embeddable":true,"href":"https:\/\/radioleinewelle.de\/index.php\/wp-json\/wp\/v2\/tags?post=5020"}],"curies":[{"name":"wp","href":"https:\/\/api.w.org\/{rel}","templated":true}]}}