{"id":5026,"date":"2021-02-08T14:17:13","date_gmt":"2021-02-08T13:17:13","guid":{"rendered":"https:\/\/radioleinewelle.de\/?p=5026"},"modified":"2021-02-08T14:17:13","modified_gmt":"2021-02-08T13:17:13","slug":"corona-pandemie-jetzt-impfpatin-oder-impfpate-werden","status":"publish","type":"post","link":"https:\/\/radioleinewelle.de\/index.php\/2021\/02\/08\/corona-pandemie-jetzt-impfpatin-oder-impfpate-werden\/","title":{"rendered":"Corona-Pandemie: Jetzt \u201eImpfpatin\u201c oder \u201eImpfpate\u201c werden"},"content":{"rendered":"\n<p>Die Stadt Osterode am Harz m\u00f6chte&nbsp;alle B\u00fcrgerinnen und B\u00fcrgern aus Stadt und Ortschaften unterst\u00fctzen, die Hilfe bei der mit der Corona-Impfung verbundenen Organisation ben\u00f6tigen \u2013 angefangen bei der Vereinbarung des Impftermins bis hin zur Fahrt zum Impfzentrum. Daf\u00fcr werden schnellstm\u00f6glich ehrenamtliche \u201eImpfpatinnen\u201c und \u201eImpfpaten\u201c gesucht. F\u00fcr wie viele Personen man als Patin oder Pate Zeit spenden m\u00f6chte, ist selbstverst\u00e4ndlich jeder und jedem selbst \u00fcberlassen. Genauso soll es den Ehrenamtlichen freistehen, ob sich die Hilfe allein auf die Formalit\u00e4ten der Terminvereinbarung bezieht oder auch Fahrt und Begleitung zum Impfzentrum \u00fcbernommen wird. Wer \u201eImpfpatin\u201c oder \u201eImpfpate\u201c werden m\u00f6chte, kann ein Online-Formular ausf\u00fcllen, oder sich telefonisch im B\u00fcrgerb\u00fcro unter 05522\/318-262; 05522\/318-263; 05522\/318-264 melden. Alle weiteren Informationen finden Sie auf&nbsp;<a href=\"http:\/\/www.osterode.de\/\">www.osterode.de<\/a>\/impfpate. &nbsp;<br \/>Nach hoffentlich erfolgreicher Suche nach \u201eImpfpaten\u201c wird die Stadt Osterode am Harz \u00fcber die Presse informieren, um Helferinnen und Helfer mit B\u00fcrgerinnen und B\u00fcrgern zusammenzubringen, die Unterst\u00fctzung ben\u00f6tigen.<\/p>\n","protected":false},"excerpt":{"rendered":"<p>Die Stadt Osterode am Harz m\u00f6chte&nbsp;alle B\u00fcrgerinnen und B\u00fcrgern aus Stadt und Ortschaften unterst\u00fctzen, die Hilfe bei der mit der Corona-Impfung verbundenen Organisation ben\u00f6tigen \u2013 angefangen bei der Vereinbarung des Impftermins bis hin zur Fahrt zum Impfzentrum. Daf\u00fcr werden schnellstm\u00f6glich ehrenamtliche \u201eImpfpatinnen\u201c und \u201eImpfpaten\u201c gesucht. F\u00fcr wie viele Personen man als Patin oder Pate Zeit [&hellip;]<\/p>\n","protected":false},"author":1,"featured_media":0,"comment_status":"closed","ping_status":"closed","sticky":false,"template":"","format":"standard","meta":{"saved_in_kubio":false,"footnotes":""},"categories":[23],"tags":[],"class_list":["post-5026","post","type-post","status-publish","format-standard","hentry","category-corona"],"yoast_head":"<!-- This site is optimized with the Yoast SEO plugin v27.5 - https:\/\/yoast.com\/product\/yoast-seo-wordpress\/ -->\n<title>Corona-Pandemie: Jetzt \u201eImpfpatin\u201c oder \u201eImpfpate\u201c werden - Radio Leinewelle<\/title>\n<meta name=\"robots\" content=\"index, follow, max-snippet:-1, max-image-preview:large, max-video-preview:-1\" \/>\n<link rel=\"canonical\" href=\"https:\/\/radioleinewelle.de\/index.php\/2021\/02\/08\/corona-pandemie-jetzt-impfpatin-oder-impfpate-werden\/\" \/>\n<meta property=\"og:locale\" content=\"de_DE\" \/>\n<meta property=\"og:type\" content=\"article\" \/>\n<meta property=\"og:title\" content=\"Corona-Pandemie: Jetzt \u201eImpfpatin\u201c oder \u201eImpfpate\u201c werden - Radio Leinewelle\" \/>\n<meta property=\"og:description\" content=\"Die Stadt Osterode am Harz m\u00f6chte&nbsp;alle B\u00fcrgerinnen und B\u00fcrgern aus Stadt und Ortschaften unterst\u00fctzen, die Hilfe bei der mit der Corona-Impfung verbundenen Organisation ben\u00f6tigen \u2013 angefangen bei der Vereinbarung des Impftermins bis hin zur Fahrt zum Impfzentrum. Daf\u00fcr werden schnellstm\u00f6glich ehrenamtliche \u201eImpfpatinnen\u201c und \u201eImpfpaten\u201c gesucht. F\u00fcr wie viele Personen man als Patin oder Pate Zeit [&hellip;]\" \/>\n<meta property=\"og:url\" content=\"https:\/\/radioleinewelle.de\/index.php\/2021\/02\/08\/corona-pandemie-jetzt-impfpatin-oder-impfpate-werden\/\" \/>\n<meta property=\"og:site_name\" content=\"Radio Leinewelle\" \/>\n<meta property=\"article:publisher\" content=\"https:\/\/www.facebook.com\/radioleinewelle\" \/>\n<meta property=\"article:author\" content=\"https:\/\/www.facebook.com\/radioleinewelle\" \/>\n<meta property=\"article:published_time\" content=\"2021-02-08T13:17:13+00:00\" \/>\n<meta name=\"author\" content=\"Leinewelle\" \/>\n<meta name=\"twitter:card\" content=\"summary_large_image\" \/>\n<meta name=\"twitter:creator\" content=\"@https:\/\/twitter.com\/RLeinewelle?ref_src=twsrcgoogletwcampserptwgrauthor\" \/>\n<meta name=\"twitter:site\" content=\"@RLeinewelle\" \/>\n<meta name=\"twitter:label1\" content=\"Verfasst von\" \/>\n\t<meta name=\"twitter:data1\" content=\"Leinewelle\" \/>\n\t<meta name=\"twitter:label2\" content=\"Gesch\u00e4tzte Lesezeit\" \/>\n\t<meta name=\"twitter:data2\" content=\"1\u00a0Minute\" \/>\n<script type=\"application\/ld+json\" class=\"yoast-schema-graph\">{\"@context\":\"https:\\\/\\\/schema.org\",\"@graph\":[{\"@type\":\"Article\",\"@id\":\"https:\\\/\\\/radioleinewelle.de\\\/index.php\\\/2021\\\/02\\\/08\\\/corona-pandemie-jetzt-impfpatin-oder-impfpate-werden\\\/#article\",\"isPartOf\":{\"@id\":\"https:\\\/\\\/radioleinewelle.de\\\/index.php\\\/2021\\\/02\\\/08\\\/corona-pandemie-jetzt-impfpatin-oder-impfpate-werden\\\/\"},\"author\":{\"name\":\"Leinewelle\",\"@id\":\"https:\\\/\\\/radioleinewelle.de\\\/#\\\/schema\\\/person\\\/45606f348637df637192dc1b68399a63\"},\"headline\":\"Corona-Pandemie: Jetzt \u201eImpfpatin\u201c oder \u201eImpfpate\u201c werden\",\"datePublished\":\"2021-02-08T13:17:13+00:00\",\"mainEntityOfPage\":{\"@id\":\"https:\\\/\\\/radioleinewelle.de\\\/index.php\\\/2021\\\/02\\\/08\\\/corona-pandemie-jetzt-impfpatin-oder-impfpate-werden\\\/\"},\"wordCount\":176,\"publisher\":{\"@id\":\"https:\\\/\\\/radioleinewelle.de\\\/#organization\"},\"articleSection\":[\"Corona\"],\"inLanguage\":\"de\"},{\"@type\":\"WebPage\",\"@id\":\"https:\\\/\\\/radioleinewelle.de\\\/index.php\\\/2021\\\/02\\\/08\\\/corona-pandemie-jetzt-impfpatin-oder-impfpate-werden\\\/\",\"url\":\"https:\\\/\\\/radioleinewelle.de\\\/index.php\\\/2021\\\/02\\\/08\\\/corona-pandemie-jetzt-impfpatin-oder-impfpate-werden\\\/\",\"name\":\"Corona-Pandemie: Jetzt \u201eImpfpatin\u201c oder \u201eImpfpate\u201c werden - Radio Leinewelle\",\"isPartOf\":{\"@id\":\"https:\\\/\\\/radioleinewelle.de\\\/#website\"},\"datePublished\":\"2021-02-08T13:17:13+00:00\",\"breadcrumb\":{\"@id\":\"https:\\\/\\\/radioleinewelle.de\\\/index.php\\\/2021\\\/02\\\/08\\\/corona-pandemie-jetzt-impfpatin-oder-impfpate-werden\\\/#breadcrumb\"},\"inLanguage\":\"de\",\"potentialAction\":[{\"@type\":\"ReadAction\",\"target\":[\"https:\\\/\\\/radioleinewelle.de\\\/index.php\\\/2021\\\/02\\\/08\\\/corona-pandemie-jetzt-impfpatin-oder-impfpate-werden\\\/\"]}]},{\"@type\":\"BreadcrumbList\",\"@id\":\"https:\\\/\\\/radioleinewelle.de\\\/index.php\\\/2021\\\/02\\\/08\\\/corona-pandemie-jetzt-impfpatin-oder-impfpate-werden\\\/#breadcrumb\",\"itemListElement\":[{\"@type\":\"ListItem\",\"position\":1,\"name\":\"Startseite\",\"item\":\"https:\\\/\\\/radioleinewelle.de\\\/\"},{\"@type\":\"ListItem\",\"position\":2,\"name\":\"Corona-Pandemie: Jetzt \u201eImpfpatin\u201c oder \u201eImpfpate\u201c werden\"}]},{\"@type\":\"WebSite\",\"@id\":\"https:\\\/\\\/radioleinewelle.de\\\/#website\",\"url\":\"https:\\\/\\\/radioleinewelle.de\\\/\",\"name\":\"Radio Leinewelle\",\"description\":\"\",\"publisher\":{\"@id\":\"https:\\\/\\\/radioleinewelle.de\\\/#organization\"},\"potentialAction\":[{\"@type\":\"SearchAction\",\"target\":{\"@type\":\"EntryPoint\",\"urlTemplate\":\"https:\\\/\\\/radioleinewelle.de\\\/?s={search_term_string}\"},\"query-input\":{\"@type\":\"PropertyValueSpecification\",\"valueRequired\":true,\"valueName\":\"search_term_string\"}}],\"inLanguage\":\"de\"},{\"@type\":\"Organization\",\"@id\":\"https:\\\/\\\/radioleinewelle.de\\\/#organization\",\"name\":\"Radio Leinewelle\",\"alternateName\":\"Mein Radio f\u00fcr S\u00fcdniedersachsen\",\"url\":\"https:\\\/\\\/radioleinewelle.de\\\/\",\"logo\":{\"@type\":\"ImageObject\",\"inLanguage\":\"de\",\"@id\":\"https:\\\/\\\/radioleinewelle.de\\\/#\\\/schema\\\/logo\\\/image\\\/\",\"url\":\"https:\\\/\\\/radioleinewelle.de\\\/wp-content\\\/uploads\\\/2023\\\/11\\\/cropped-Leinewelle_Logo_weiss.png\",\"contentUrl\":\"https:\\\/\\\/radioleinewelle.de\\\/wp-content\\\/uploads\\\/2023\\\/11\\\/cropped-Leinewelle_Logo_weiss.png\",\"width\":854,\"height\":260,\"caption\":\"Radio Leinewelle\"},\"image\":{\"@id\":\"https:\\\/\\\/radioleinewelle.de\\\/#\\\/schema\\\/logo\\\/image\\\/\"},\"sameAs\":[\"https:\\\/\\\/www.facebook.com\\\/radioleinewelle\",\"https:\\\/\\\/x.com\\\/RLeinewelle\",\"https:\\\/\\\/www.instagram.com\\\/radioleinewelle\\\/?hl=de\"]},{\"@type\":\"Person\",\"@id\":\"https:\\\/\\\/radioleinewelle.de\\\/#\\\/schema\\\/person\\\/45606f348637df637192dc1b68399a63\",\"name\":\"Leinewelle\",\"image\":{\"@type\":\"ImageObject\",\"inLanguage\":\"de\",\"@id\":\"https:\\\/\\\/secure.gravatar.com\\\/avatar\\\/05c9a17bc973052ee5d91549bd32fb4dd0dc85b7b85ae94b2e2b4943476bbea5?s=96&d=blank&r=g\",\"url\":\"https:\\\/\\\/secure.gravatar.com\\\/avatar\\\/05c9a17bc973052ee5d91549bd32fb4dd0dc85b7b85ae94b2e2b4943476bbea5?s=96&d=blank&r=g\",\"contentUrl\":\"https:\\\/\\\/secure.gravatar.com\\\/avatar\\\/05c9a17bc973052ee5d91549bd32fb4dd0dc85b7b85ae94b2e2b4943476bbea5?s=96&d=blank&r=g\",\"caption\":\"Leinewelle\"},\"sameAs\":[\"http:\\\/\\\/localhost\\\/radio%20leinewelle\\\/wordpress\",\"https:\\\/\\\/www.facebook.com\\\/radioleinewelle\",\"https:\\\/\\\/www.instagram.com\\\/radioleinewelle\",\"https:\\\/\\\/x.com\\\/https:\\\/\\\/twitter.com\\\/RLeinewelle?ref_src=twsrcgoogletwcampserptwgrauthor\",\"https:\\\/\\\/soundcloud.com\\\/foerderverein-lokalradio?utm_source=clipboard&utm_medium=text&utm_campaign=social_sharing\"],\"url\":\"https:\\\/\\\/radioleinewelle.de\\\/index.php\\\/author\\\/leinewelle\\\/\"}]}<\/script>\n<!-- \/ Yoast SEO plugin. -->","yoast_head_json":{"title":"Corona-Pandemie: Jetzt \u201eImpfpatin\u201c oder \u201eImpfpate\u201c werden - Radio Leinewelle","robots":{"index":"index","follow":"follow","max-snippet":"max-snippet:-1","max-image-preview":"max-image-preview:large","max-video-preview":"max-video-preview:-1"},"canonical":"https:\/\/radioleinewelle.de\/index.php\/2021\/02\/08\/corona-pandemie-jetzt-impfpatin-oder-impfpate-werden\/","og_locale":"de_DE","og_type":"article","og_title":"Corona-Pandemie: Jetzt \u201eImpfpatin\u201c oder \u201eImpfpate\u201c werden - Radio Leinewelle","og_description":"Die Stadt Osterode am Harz m\u00f6chte&nbsp;alle B\u00fcrgerinnen und B\u00fcrgern aus Stadt und Ortschaften unterst\u00fctzen, die Hilfe bei der mit der Corona-Impfung verbundenen Organisation ben\u00f6tigen \u2013 angefangen bei der Vereinbarung des Impftermins bis hin zur Fahrt zum Impfzentrum. Daf\u00fcr werden schnellstm\u00f6glich ehrenamtliche \u201eImpfpatinnen\u201c und \u201eImpfpaten\u201c gesucht. F\u00fcr wie viele Personen man als Patin oder Pate Zeit [&hellip;]","og_url":"https:\/\/radioleinewelle.de\/index.php\/2021\/02\/08\/corona-pandemie-jetzt-impfpatin-oder-impfpate-werden\/","og_site_name":"Radio Leinewelle","article_publisher":"https:\/\/www.facebook.com\/radioleinewelle","article_author":"https:\/\/www.facebook.com\/radioleinewelle","article_published_time":"2021-02-08T13:17:13+00:00","author":"Leinewelle","twitter_card":"summary_large_image","twitter_creator":"@https:\/\/twitter.com\/RLeinewelle?ref_src=twsrcgoogletwcampserptwgrauthor","twitter_site":"@RLeinewelle","twitter_misc":{"Verfasst von":"Leinewelle","Gesch\u00e4tzte Lesezeit":"1\u00a0Minute"},"schema":{"@context":"https:\/\/schema.org","@graph":[{"@type":"Article","@id":"https:\/\/radioleinewelle.de\/index.php\/2021\/02\/08\/corona-pandemie-jetzt-impfpatin-oder-impfpate-werden\/#article","isPartOf":{"@id":"https:\/\/radioleinewelle.de\/index.php\/2021\/02\/08\/corona-pandemie-jetzt-impfpatin-oder-impfpate-werden\/"},"author":{"name":"Leinewelle","@id":"https:\/\/radioleinewelle.de\/#\/schema\/person\/45606f348637df637192dc1b68399a63"},"headline":"Corona-Pandemie: Jetzt \u201eImpfpatin\u201c oder \u201eImpfpate\u201c werden","datePublished":"2021-02-08T13:17:13+00:00","mainEntityOfPage":{"@id":"https:\/\/radioleinewelle.de\/index.php\/2021\/02\/08\/corona-pandemie-jetzt-impfpatin-oder-impfpate-werden\/"},"wordCount":176,"publisher":{"@id":"https:\/\/radioleinewelle.de\/#organization"},"articleSection":["Corona"],"inLanguage":"de"},{"@type":"WebPage","@id":"https:\/\/radioleinewelle.de\/index.php\/2021\/02\/08\/corona-pandemie-jetzt-impfpatin-oder-impfpate-werden\/","url":"https:\/\/radioleinewelle.de\/index.php\/2021\/02\/08\/corona-pandemie-jetzt-impfpatin-oder-impfpate-werden\/","name":"Corona-Pandemie: Jetzt \u201eImpfpatin\u201c oder \u201eImpfpate\u201c werden - Radio Leinewelle","isPartOf":{"@id":"https:\/\/radioleinewelle.de\/#website"},"datePublished":"2021-02-08T13:17:13+00:00","breadcrumb":{"@id":"https:\/\/radioleinewelle.de\/index.php\/2021\/02\/08\/corona-pandemie-jetzt-impfpatin-oder-impfpate-werden\/#breadcrumb"},"inLanguage":"de","potentialAction":[{"@type":"ReadAction","target":["https:\/\/radioleinewelle.de\/index.php\/2021\/02\/08\/corona-pandemie-jetzt-impfpatin-oder-impfpate-werden\/"]}]},{"@type":"BreadcrumbList","@id":"https:\/\/radioleinewelle.de\/index.php\/2021\/02\/08\/corona-pandemie-jetzt-impfpatin-oder-impfpate-werden\/#breadcrumb","itemListElement":[{"@type":"ListItem","position":1,"name":"Startseite","item":"https:\/\/radioleinewelle.de\/"},{"@type":"ListItem","position":2,"name":"Corona-Pandemie: Jetzt \u201eImpfpatin\u201c oder \u201eImpfpate\u201c werden"}]},{"@type":"WebSite","@id":"https:\/\/radioleinewelle.de\/#website","url":"https:\/\/radioleinewelle.de\/","name":"Radio Leinewelle","description":"","publisher":{"@id":"https:\/\/radioleinewelle.de\/#organization"},"potentialAction":[{"@type":"SearchAction","target":{"@type":"EntryPoint","urlTemplate":"https:\/\/radioleinewelle.de\/?s={search_term_string}"},"query-input":{"@type":"PropertyValueSpecification","valueRequired":true,"valueName":"search_term_string"}}],"inLanguage":"de"},{"@type":"Organization","@id":"https:\/\/radioleinewelle.de\/#organization","name":"Radio Leinewelle","alternateName":"Mein Radio f\u00fcr S\u00fcdniedersachsen","url":"https:\/\/radioleinewelle.de\/","logo":{"@type":"ImageObject","inLanguage":"de","@id":"https:\/\/radioleinewelle.de\/#\/schema\/logo\/image\/","url":"https:\/\/radioleinewelle.de\/wp-content\/uploads\/2023\/11\/cropped-Leinewelle_Logo_weiss.png","contentUrl":"https:\/\/radioleinewelle.de\/wp-content\/uploads\/2023\/11\/cropped-Leinewelle_Logo_weiss.png","width":854,"height":260,"caption":"Radio Leinewelle"},"image":{"@id":"https:\/\/radioleinewelle.de\/#\/schema\/logo\/image\/"},"sameAs":["https:\/\/www.facebook.com\/radioleinewelle","https:\/\/x.com\/RLeinewelle","https:\/\/www.instagram.com\/radioleinewelle\/?hl=de"]},{"@type":"Person","@id":"https:\/\/radioleinewelle.de\/#\/schema\/person\/45606f348637df637192dc1b68399a63","name":"Leinewelle","image":{"@type":"ImageObject","inLanguage":"de","@id":"https:\/\/secure.gravatar.com\/avatar\/05c9a17bc973052ee5d91549bd32fb4dd0dc85b7b85ae94b2e2b4943476bbea5?s=96&d=blank&r=g","url":"https:\/\/secure.gravatar.com\/avatar\/05c9a17bc973052ee5d91549bd32fb4dd0dc85b7b85ae94b2e2b4943476bbea5?s=96&d=blank&r=g","contentUrl":"https:\/\/secure.gravatar.com\/avatar\/05c9a17bc973052ee5d91549bd32fb4dd0dc85b7b85ae94b2e2b4943476bbea5?s=96&d=blank&r=g","caption":"Leinewelle"},"sameAs":["http:\/\/localhost\/radio%20leinewelle\/wordpress","https:\/\/www.facebook.com\/radioleinewelle","https:\/\/www.instagram.com\/radioleinewelle","https:\/\/x.com\/https:\/\/twitter.com\/RLeinewelle?ref_src=twsrcgoogletwcampserptwgrauthor","https:\/\/soundcloud.com\/foerderverein-lokalradio?utm_source=clipboard&utm_medium=text&utm_campaign=social_sharing"],"url":"https:\/\/radioleinewelle.de\/index.php\/author\/leinewelle\/"}]}},"_links":{"self":[{"href":"https:\/\/radioleinewelle.de\/index.php\/wp-json\/wp\/v2\/posts\/5026","targetHints":{"allow":["GET"]}}],"collection":[{"href":"https:\/\/radioleinewelle.de\/index.php\/wp-json\/wp\/v2\/posts"}],"about":[{"href":"https:\/\/radioleinewelle.de\/index.php\/wp-json\/wp\/v2\/types\/post"}],"author":[{"embeddable":true,"href":"https:\/\/radioleinewelle.de\/index.php\/wp-json\/wp\/v2\/users\/1"}],"replies":[{"embeddable":true,"href":"https:\/\/radioleinewelle.de\/index.php\/wp-json\/wp\/v2\/comments?post=5026"}],"version-history":[{"count":0,"href":"https:\/\/radioleinewelle.de\/index.php\/wp-json\/wp\/v2\/posts\/5026\/revisions"}],"wp:attachment":[{"href":"https:\/\/radioleinewelle.de\/index.php\/wp-json\/wp\/v2\/media?parent=5026"}],"wp:term":[{"taxonomy":"category","embeddable":true,"href":"https:\/\/radioleinewelle.de\/index.php\/wp-json\/wp\/v2\/categories?post=5026"},{"taxonomy":"post_tag","embeddable":true,"href":"https:\/\/radioleinewelle.de\/index.php\/wp-json\/wp\/v2\/tags?post=5026"}],"curies":[{"name":"wp","href":"https:\/\/api.w.org\/{rel}","templated":true}]}}