{"id":5039,"date":"2021-02-09T06:00:53","date_gmt":"2021-02-09T05:00:53","guid":{"rendered":"https:\/\/radioleinewelle.de\/?p=5039"},"modified":"2021-02-09T06:00:53","modified_gmt":"2021-02-09T05:00:53","slug":"safer-internet-day-mehr-transparenz-im-internet-fuer-bewussteren-umgang-mit-den-eigenen-daten","status":"publish","type":"post","link":"https:\/\/radioleinewelle.de\/index.php\/2021\/02\/09\/safer-internet-day-mehr-transparenz-im-internet-fuer-bewussteren-umgang-mit-den-eigenen-daten\/","title":{"rendered":"SAFER INTERNET DAY: Mehr Transparenz im Internet f\u00fcr bewussteren Umgang mit den eigenen Daten"},"content":{"rendered":"\n<h5 class=\"wp-block-heading\">Die Landesbeauftragte f\u00fcr den Datenschutz (LfD) Niedersachsen, Barbara Thiel, ruft zum Safer Internet Day am 9. Februar Anbieter von Internet- und sonstigen Online-Diensten zu mehr Transparenz auf. Der Aktionstag, der sich vor allem an Kinder und Jugendliche richtet, steht in diesem Jahr unter dem Motto \u201eWas glaube ich? \u2013 Meinungsbildung zwischen Fakt und Fake\u201c.<\/h5>\n\n\n\n<p>\u201eJugendliche m\u00fcssen einerseits lernen, wie sie verantwortungsbewusst mit Nachrichten und deren Quellen umgehen k\u00f6nnen\u201c, sagt Barbara Thiel. \u201eAndererseits ben\u00f6tigen sie auch Informationen dar\u00fcber, wie mit den Daten umgegangen wird, die sie bewusst oder unbewusst online preisgeben.\u201c Webseiten und andere Dienste m\u00fcssten deshalb noch offener und vor allem verst\u00e4ndlicher \u00fcber die Verwendung von Nutzerdaten informieren, als sie das bisher tun. \u201eTransparenz ist eine wesentliche Voraussetzung daf\u00fcr, sich sicher im Netz bewegen und bewusst eigene Entscheidungen treffen zu k\u00f6nnen\u201c, so Thiel.<\/p>\n\n\n\n<p><strong>Aktionswoche wird nachgeholt<\/strong> <br \/>In den vergangenen Jahren hatte die LfD Niedersachsen rund um den Safer Internet Day die Initiative \u201eDatenschutz geht zur Schule\u201c unterst\u00fctzt. Mitarbeiterinnen und Mitarbeiter der LfD hatten daf\u00fcr in einer Aktionswoche Schulen in Niedersachsen besucht, um Jugendliche f\u00fcr den sicheren und bewussten Umgang mit dem Internet und den sozialen Medien zu sensibilisieren. \u201eWir bedauern es sehr, dass wir aufgrund der Corona-Pandemie in diesem Jahr nicht in den Schulen vor Ort sein k\u00f6nnen\u201c, sagt Thiel. \u201eWir haben eine digitale Alternative gepr\u00fcft, sind aber zu dem Schluss gekommen, dass sie f\u00fcr diese Art des Austauschs nicht geeignet w\u00e4re. Allerdings werden wir die Aktionswoche nachholen, sobald es die Lage wieder zul\u00e4sst \u2013 hoffentlich noch in diesem Jahr.\u201c<\/p>\n\n\n\n<p>Die Initiative \u201eDatenschutz geht zur Schule\u201c wurde 2009 vom Berufsverband der Datenschutzbeauftragten Deutschlands (BvD) ins Leben gerufen. F\u00fcr Lehrkr\u00e4fte, die selbst das Thema im Unterricht behandeln wollen, stellt der BvD kostenlos ein Handbuch zur Verf\u00fcgung. Der Safer Internet Day findet seit 2004 j\u00e4hrlich auf Initiative der Europ\u00e4ischen Kommission statt.<\/p>\n\n\n\n<p>Weitere Informationen: <br \/><a href=\"https:\/\/www.klicksafe.de\/presse\/2021\/safer-internet-day-am-09022021-zu-meinungsbildung-und-desinformation-im-netz-bundesweite-veranstaltungen-und-digitale-angebote\/\">Safer Internet Day 2021<\/a> <br \/><a href=\"https:\/\/www.bvdnet.de\/datenschutz-geht-zur-schule\/\">Datenschutz geht zur Schule<\/a><\/p>\n\n\n\n<p>Bild von&nbsp;<a href=\"https:\/\/pixabay.com\/photos\/?utm_source=link-attribution&amp;utm_medium=referral&amp;utm_campaign=image&amp;utm_content=1245714\">Free-Photos<\/a>&nbsp;auf&nbsp;<a href=\"https:\/\/pixabay.com\/de\/?utm_source=link-attribution&amp;utm_medium=referral&amp;utm_campaign=image&amp;utm_content=1245714\">Pixabay<\/a>&nbsp;<\/p>\n","protected":false},"excerpt":{"rendered":"<p>Die Landesbeauftragte f\u00fcr den Datenschutz (LfD) Niedersachsen, Barbara Thiel, ruft zum Safer Internet Day am 9. Februar Anbieter von Internet- und sonstigen Online-Diensten zu mehr Transparenz auf. Der Aktionstag, der sich vor allem an Kinder und Jugendliche richtet, steht in diesem Jahr unter dem Motto \u201eWas glaube ich? \u2013 Meinungsbildung zwischen Fakt und Fake\u201c. \u201eJugendliche [&hellip;]<\/p>\n","protected":false},"author":1,"featured_media":0,"comment_status":"closed","ping_status":"closed","sticky":false,"template":"","format":"standard","meta":{"saved_in_kubio":false,"footnotes":""},"categories":[47],"tags":[],"class_list":["post-5039","post","type-post","status-publish","format-standard","hentry","category-netzwelt"],"yoast_head":"<!-- This site is optimized with the Yoast SEO plugin v27.5 - https:\/\/yoast.com\/product\/yoast-seo-wordpress\/ -->\n<title>SAFER INTERNET DAY: Mehr Transparenz im Internet f\u00fcr bewussteren Umgang mit den eigenen Daten - Radio Leinewelle<\/title>\n<meta name=\"robots\" content=\"index, follow, max-snippet:-1, max-image-preview:large, max-video-preview:-1\" \/>\n<link rel=\"canonical\" href=\"https:\/\/radioleinewelle.de\/index.php\/2021\/02\/09\/safer-internet-day-mehr-transparenz-im-internet-fuer-bewussteren-umgang-mit-den-eigenen-daten\/\" \/>\n<meta property=\"og:locale\" content=\"de_DE\" \/>\n<meta property=\"og:type\" content=\"article\" \/>\n<meta property=\"og:title\" content=\"SAFER INTERNET DAY: Mehr Transparenz im Internet f\u00fcr bewussteren Umgang mit den eigenen Daten - Radio Leinewelle\" \/>\n<meta property=\"og:description\" content=\"Die Landesbeauftragte f\u00fcr den Datenschutz (LfD) Niedersachsen, Barbara Thiel, ruft zum Safer Internet Day am 9. Februar Anbieter von Internet- und sonstigen Online-Diensten zu mehr Transparenz auf. Der Aktionstag, der sich vor allem an Kinder und Jugendliche richtet, steht in diesem Jahr unter dem Motto \u201eWas glaube ich? \u2013 Meinungsbildung zwischen Fakt und Fake\u201c. \u201eJugendliche [&hellip;]\" \/>\n<meta property=\"og:url\" content=\"https:\/\/radioleinewelle.de\/index.php\/2021\/02\/09\/safer-internet-day-mehr-transparenz-im-internet-fuer-bewussteren-umgang-mit-den-eigenen-daten\/\" \/>\n<meta property=\"og:site_name\" content=\"Radio Leinewelle\" \/>\n<meta property=\"article:publisher\" content=\"https:\/\/www.facebook.com\/radioleinewelle\" \/>\n<meta property=\"article:author\" content=\"https:\/\/www.facebook.com\/radioleinewelle\" \/>\n<meta property=\"article:published_time\" content=\"2021-02-09T05:00:53+00:00\" \/>\n<meta name=\"author\" content=\"Leinewelle\" \/>\n<meta name=\"twitter:card\" content=\"summary_large_image\" \/>\n<meta name=\"twitter:creator\" content=\"@https:\/\/twitter.com\/RLeinewelle?ref_src=twsrcgoogletwcampserptwgrauthor\" \/>\n<meta name=\"twitter:site\" content=\"@RLeinewelle\" \/>\n<meta name=\"twitter:label1\" content=\"Verfasst von\" \/>\n\t<meta name=\"twitter:data1\" content=\"Leinewelle\" \/>\n\t<meta name=\"twitter:label2\" content=\"Gesch\u00e4tzte Lesezeit\" \/>\n\t<meta name=\"twitter:data2\" content=\"2\u00a0Minuten\" \/>\n<script type=\"application\/ld+json\" class=\"yoast-schema-graph\">{\"@context\":\"https:\\\/\\\/schema.org\",\"@graph\":[{\"@type\":\"Article\",\"@id\":\"https:\\\/\\\/radioleinewelle.de\\\/index.php\\\/2021\\\/02\\\/09\\\/safer-internet-day-mehr-transparenz-im-internet-fuer-bewussteren-umgang-mit-den-eigenen-daten\\\/#article\",\"isPartOf\":{\"@id\":\"https:\\\/\\\/radioleinewelle.de\\\/index.php\\\/2021\\\/02\\\/09\\\/safer-internet-day-mehr-transparenz-im-internet-fuer-bewussteren-umgang-mit-den-eigenen-daten\\\/\"},\"author\":{\"name\":\"Leinewelle\",\"@id\":\"https:\\\/\\\/radioleinewelle.de\\\/#\\\/schema\\\/person\\\/45606f348637df637192dc1b68399a63\"},\"headline\":\"SAFER INTERNET DAY: Mehr Transparenz im Internet f\u00fcr bewussteren Umgang mit den eigenen Daten\",\"datePublished\":\"2021-02-09T05:00:53+00:00\",\"mainEntityOfPage\":{\"@id\":\"https:\\\/\\\/radioleinewelle.de\\\/index.php\\\/2021\\\/02\\\/09\\\/safer-internet-day-mehr-transparenz-im-internet-fuer-bewussteren-umgang-mit-den-eigenen-daten\\\/\"},\"wordCount\":349,\"publisher\":{\"@id\":\"https:\\\/\\\/radioleinewelle.de\\\/#organization\"},\"articleSection\":[\"Netzwelt\"],\"inLanguage\":\"de\"},{\"@type\":\"WebPage\",\"@id\":\"https:\\\/\\\/radioleinewelle.de\\\/index.php\\\/2021\\\/02\\\/09\\\/safer-internet-day-mehr-transparenz-im-internet-fuer-bewussteren-umgang-mit-den-eigenen-daten\\\/\",\"url\":\"https:\\\/\\\/radioleinewelle.de\\\/index.php\\\/2021\\\/02\\\/09\\\/safer-internet-day-mehr-transparenz-im-internet-fuer-bewussteren-umgang-mit-den-eigenen-daten\\\/\",\"name\":\"SAFER INTERNET DAY: Mehr Transparenz im Internet f\u00fcr bewussteren Umgang mit den eigenen Daten - Radio Leinewelle\",\"isPartOf\":{\"@id\":\"https:\\\/\\\/radioleinewelle.de\\\/#website\"},\"datePublished\":\"2021-02-09T05:00:53+00:00\",\"breadcrumb\":{\"@id\":\"https:\\\/\\\/radioleinewelle.de\\\/index.php\\\/2021\\\/02\\\/09\\\/safer-internet-day-mehr-transparenz-im-internet-fuer-bewussteren-umgang-mit-den-eigenen-daten\\\/#breadcrumb\"},\"inLanguage\":\"de\",\"potentialAction\":[{\"@type\":\"ReadAction\",\"target\":[\"https:\\\/\\\/radioleinewelle.de\\\/index.php\\\/2021\\\/02\\\/09\\\/safer-internet-day-mehr-transparenz-im-internet-fuer-bewussteren-umgang-mit-den-eigenen-daten\\\/\"]}]},{\"@type\":\"BreadcrumbList\",\"@id\":\"https:\\\/\\\/radioleinewelle.de\\\/index.php\\\/2021\\\/02\\\/09\\\/safer-internet-day-mehr-transparenz-im-internet-fuer-bewussteren-umgang-mit-den-eigenen-daten\\\/#breadcrumb\",\"itemListElement\":[{\"@type\":\"ListItem\",\"position\":1,\"name\":\"Startseite\",\"item\":\"https:\\\/\\\/radioleinewelle.de\\\/\"},{\"@type\":\"ListItem\",\"position\":2,\"name\":\"SAFER INTERNET DAY: Mehr Transparenz im Internet f\u00fcr bewussteren Umgang mit den eigenen Daten\"}]},{\"@type\":\"WebSite\",\"@id\":\"https:\\\/\\\/radioleinewelle.de\\\/#website\",\"url\":\"https:\\\/\\\/radioleinewelle.de\\\/\",\"name\":\"Radio Leinewelle\",\"description\":\"\",\"publisher\":{\"@id\":\"https:\\\/\\\/radioleinewelle.de\\\/#organization\"},\"potentialAction\":[{\"@type\":\"SearchAction\",\"target\":{\"@type\":\"EntryPoint\",\"urlTemplate\":\"https:\\\/\\\/radioleinewelle.de\\\/?s={search_term_string}\"},\"query-input\":{\"@type\":\"PropertyValueSpecification\",\"valueRequired\":true,\"valueName\":\"search_term_string\"}}],\"inLanguage\":\"de\"},{\"@type\":\"Organization\",\"@id\":\"https:\\\/\\\/radioleinewelle.de\\\/#organization\",\"name\":\"Radio Leinewelle\",\"alternateName\":\"Mein Radio f\u00fcr S\u00fcdniedersachsen\",\"url\":\"https:\\\/\\\/radioleinewelle.de\\\/\",\"logo\":{\"@type\":\"ImageObject\",\"inLanguage\":\"de\",\"@id\":\"https:\\\/\\\/radioleinewelle.de\\\/#\\\/schema\\\/logo\\\/image\\\/\",\"url\":\"https:\\\/\\\/radioleinewelle.de\\\/wp-content\\\/uploads\\\/2023\\\/11\\\/cropped-Leinewelle_Logo_weiss.png\",\"contentUrl\":\"https:\\\/\\\/radioleinewelle.de\\\/wp-content\\\/uploads\\\/2023\\\/11\\\/cropped-Leinewelle_Logo_weiss.png\",\"width\":854,\"height\":260,\"caption\":\"Radio Leinewelle\"},\"image\":{\"@id\":\"https:\\\/\\\/radioleinewelle.de\\\/#\\\/schema\\\/logo\\\/image\\\/\"},\"sameAs\":[\"https:\\\/\\\/www.facebook.com\\\/radioleinewelle\",\"https:\\\/\\\/x.com\\\/RLeinewelle\",\"https:\\\/\\\/www.instagram.com\\\/radioleinewelle\\\/?hl=de\"]},{\"@type\":\"Person\",\"@id\":\"https:\\\/\\\/radioleinewelle.de\\\/#\\\/schema\\\/person\\\/45606f348637df637192dc1b68399a63\",\"name\":\"Leinewelle\",\"image\":{\"@type\":\"ImageObject\",\"inLanguage\":\"de\",\"@id\":\"https:\\\/\\\/secure.gravatar.com\\\/avatar\\\/05c9a17bc973052ee5d91549bd32fb4dd0dc85b7b85ae94b2e2b4943476bbea5?s=96&d=blank&r=g\",\"url\":\"https:\\\/\\\/secure.gravatar.com\\\/avatar\\\/05c9a17bc973052ee5d91549bd32fb4dd0dc85b7b85ae94b2e2b4943476bbea5?s=96&d=blank&r=g\",\"contentUrl\":\"https:\\\/\\\/secure.gravatar.com\\\/avatar\\\/05c9a17bc973052ee5d91549bd32fb4dd0dc85b7b85ae94b2e2b4943476bbea5?s=96&d=blank&r=g\",\"caption\":\"Leinewelle\"},\"sameAs\":[\"http:\\\/\\\/localhost\\\/radio%20leinewelle\\\/wordpress\",\"https:\\\/\\\/www.facebook.com\\\/radioleinewelle\",\"https:\\\/\\\/www.instagram.com\\\/radioleinewelle\",\"https:\\\/\\\/x.com\\\/https:\\\/\\\/twitter.com\\\/RLeinewelle?ref_src=twsrcgoogletwcampserptwgrauthor\",\"https:\\\/\\\/soundcloud.com\\\/foerderverein-lokalradio?utm_source=clipboard&utm_medium=text&utm_campaign=social_sharing\"],\"url\":\"https:\\\/\\\/radioleinewelle.de\\\/index.php\\\/author\\\/leinewelle\\\/\"}]}<\/script>\n<!-- \/ Yoast SEO plugin. -->","yoast_head_json":{"title":"SAFER INTERNET DAY: Mehr Transparenz im Internet f\u00fcr bewussteren Umgang mit den eigenen Daten - Radio Leinewelle","robots":{"index":"index","follow":"follow","max-snippet":"max-snippet:-1","max-image-preview":"max-image-preview:large","max-video-preview":"max-video-preview:-1"},"canonical":"https:\/\/radioleinewelle.de\/index.php\/2021\/02\/09\/safer-internet-day-mehr-transparenz-im-internet-fuer-bewussteren-umgang-mit-den-eigenen-daten\/","og_locale":"de_DE","og_type":"article","og_title":"SAFER INTERNET DAY: Mehr Transparenz im Internet f\u00fcr bewussteren Umgang mit den eigenen Daten - Radio Leinewelle","og_description":"Die Landesbeauftragte f\u00fcr den Datenschutz (LfD) Niedersachsen, Barbara Thiel, ruft zum Safer Internet Day am 9. Februar Anbieter von Internet- und sonstigen Online-Diensten zu mehr Transparenz auf. Der Aktionstag, der sich vor allem an Kinder und Jugendliche richtet, steht in diesem Jahr unter dem Motto \u201eWas glaube ich? \u2013 Meinungsbildung zwischen Fakt und Fake\u201c. \u201eJugendliche [&hellip;]","og_url":"https:\/\/radioleinewelle.de\/index.php\/2021\/02\/09\/safer-internet-day-mehr-transparenz-im-internet-fuer-bewussteren-umgang-mit-den-eigenen-daten\/","og_site_name":"Radio Leinewelle","article_publisher":"https:\/\/www.facebook.com\/radioleinewelle","article_author":"https:\/\/www.facebook.com\/radioleinewelle","article_published_time":"2021-02-09T05:00:53+00:00","author":"Leinewelle","twitter_card":"summary_large_image","twitter_creator":"@https:\/\/twitter.com\/RLeinewelle?ref_src=twsrcgoogletwcampserptwgrauthor","twitter_site":"@RLeinewelle","twitter_misc":{"Verfasst von":"Leinewelle","Gesch\u00e4tzte Lesezeit":"2\u00a0Minuten"},"schema":{"@context":"https:\/\/schema.org","@graph":[{"@type":"Article","@id":"https:\/\/radioleinewelle.de\/index.php\/2021\/02\/09\/safer-internet-day-mehr-transparenz-im-internet-fuer-bewussteren-umgang-mit-den-eigenen-daten\/#article","isPartOf":{"@id":"https:\/\/radioleinewelle.de\/index.php\/2021\/02\/09\/safer-internet-day-mehr-transparenz-im-internet-fuer-bewussteren-umgang-mit-den-eigenen-daten\/"},"author":{"name":"Leinewelle","@id":"https:\/\/radioleinewelle.de\/#\/schema\/person\/45606f348637df637192dc1b68399a63"},"headline":"SAFER INTERNET DAY: Mehr Transparenz im Internet f\u00fcr bewussteren Umgang mit den eigenen Daten","datePublished":"2021-02-09T05:00:53+00:00","mainEntityOfPage":{"@id":"https:\/\/radioleinewelle.de\/index.php\/2021\/02\/09\/safer-internet-day-mehr-transparenz-im-internet-fuer-bewussteren-umgang-mit-den-eigenen-daten\/"},"wordCount":349,"publisher":{"@id":"https:\/\/radioleinewelle.de\/#organization"},"articleSection":["Netzwelt"],"inLanguage":"de"},{"@type":"WebPage","@id":"https:\/\/radioleinewelle.de\/index.php\/2021\/02\/09\/safer-internet-day-mehr-transparenz-im-internet-fuer-bewussteren-umgang-mit-den-eigenen-daten\/","url":"https:\/\/radioleinewelle.de\/index.php\/2021\/02\/09\/safer-internet-day-mehr-transparenz-im-internet-fuer-bewussteren-umgang-mit-den-eigenen-daten\/","name":"SAFER INTERNET DAY: Mehr Transparenz im Internet f\u00fcr bewussteren Umgang mit den eigenen Daten - Radio Leinewelle","isPartOf":{"@id":"https:\/\/radioleinewelle.de\/#website"},"datePublished":"2021-02-09T05:00:53+00:00","breadcrumb":{"@id":"https:\/\/radioleinewelle.de\/index.php\/2021\/02\/09\/safer-internet-day-mehr-transparenz-im-internet-fuer-bewussteren-umgang-mit-den-eigenen-daten\/#breadcrumb"},"inLanguage":"de","potentialAction":[{"@type":"ReadAction","target":["https:\/\/radioleinewelle.de\/index.php\/2021\/02\/09\/safer-internet-day-mehr-transparenz-im-internet-fuer-bewussteren-umgang-mit-den-eigenen-daten\/"]}]},{"@type":"BreadcrumbList","@id":"https:\/\/radioleinewelle.de\/index.php\/2021\/02\/09\/safer-internet-day-mehr-transparenz-im-internet-fuer-bewussteren-umgang-mit-den-eigenen-daten\/#breadcrumb","itemListElement":[{"@type":"ListItem","position":1,"name":"Startseite","item":"https:\/\/radioleinewelle.de\/"},{"@type":"ListItem","position":2,"name":"SAFER INTERNET DAY: Mehr Transparenz im Internet f\u00fcr bewussteren Umgang mit den eigenen Daten"}]},{"@type":"WebSite","@id":"https:\/\/radioleinewelle.de\/#website","url":"https:\/\/radioleinewelle.de\/","name":"Radio Leinewelle","description":"","publisher":{"@id":"https:\/\/radioleinewelle.de\/#organization"},"potentialAction":[{"@type":"SearchAction","target":{"@type":"EntryPoint","urlTemplate":"https:\/\/radioleinewelle.de\/?s={search_term_string}"},"query-input":{"@type":"PropertyValueSpecification","valueRequired":true,"valueName":"search_term_string"}}],"inLanguage":"de"},{"@type":"Organization","@id":"https:\/\/radioleinewelle.de\/#organization","name":"Radio Leinewelle","alternateName":"Mein Radio f\u00fcr S\u00fcdniedersachsen","url":"https:\/\/radioleinewelle.de\/","logo":{"@type":"ImageObject","inLanguage":"de","@id":"https:\/\/radioleinewelle.de\/#\/schema\/logo\/image\/","url":"https:\/\/radioleinewelle.de\/wp-content\/uploads\/2023\/11\/cropped-Leinewelle_Logo_weiss.png","contentUrl":"https:\/\/radioleinewelle.de\/wp-content\/uploads\/2023\/11\/cropped-Leinewelle_Logo_weiss.png","width":854,"height":260,"caption":"Radio Leinewelle"},"image":{"@id":"https:\/\/radioleinewelle.de\/#\/schema\/logo\/image\/"},"sameAs":["https:\/\/www.facebook.com\/radioleinewelle","https:\/\/x.com\/RLeinewelle","https:\/\/www.instagram.com\/radioleinewelle\/?hl=de"]},{"@type":"Person","@id":"https:\/\/radioleinewelle.de\/#\/schema\/person\/45606f348637df637192dc1b68399a63","name":"Leinewelle","image":{"@type":"ImageObject","inLanguage":"de","@id":"https:\/\/secure.gravatar.com\/avatar\/05c9a17bc973052ee5d91549bd32fb4dd0dc85b7b85ae94b2e2b4943476bbea5?s=96&d=blank&r=g","url":"https:\/\/secure.gravatar.com\/avatar\/05c9a17bc973052ee5d91549bd32fb4dd0dc85b7b85ae94b2e2b4943476bbea5?s=96&d=blank&r=g","contentUrl":"https:\/\/secure.gravatar.com\/avatar\/05c9a17bc973052ee5d91549bd32fb4dd0dc85b7b85ae94b2e2b4943476bbea5?s=96&d=blank&r=g","caption":"Leinewelle"},"sameAs":["http:\/\/localhost\/radio%20leinewelle\/wordpress","https:\/\/www.facebook.com\/radioleinewelle","https:\/\/www.instagram.com\/radioleinewelle","https:\/\/x.com\/https:\/\/twitter.com\/RLeinewelle?ref_src=twsrcgoogletwcampserptwgrauthor","https:\/\/soundcloud.com\/foerderverein-lokalradio?utm_source=clipboard&utm_medium=text&utm_campaign=social_sharing"],"url":"https:\/\/radioleinewelle.de\/index.php\/author\/leinewelle\/"}]}},"_links":{"self":[{"href":"https:\/\/radioleinewelle.de\/index.php\/wp-json\/wp\/v2\/posts\/5039","targetHints":{"allow":["GET"]}}],"collection":[{"href":"https:\/\/radioleinewelle.de\/index.php\/wp-json\/wp\/v2\/posts"}],"about":[{"href":"https:\/\/radioleinewelle.de\/index.php\/wp-json\/wp\/v2\/types\/post"}],"author":[{"embeddable":true,"href":"https:\/\/radioleinewelle.de\/index.php\/wp-json\/wp\/v2\/users\/1"}],"replies":[{"embeddable":true,"href":"https:\/\/radioleinewelle.de\/index.php\/wp-json\/wp\/v2\/comments?post=5039"}],"version-history":[{"count":0,"href":"https:\/\/radioleinewelle.de\/index.php\/wp-json\/wp\/v2\/posts\/5039\/revisions"}],"wp:attachment":[{"href":"https:\/\/radioleinewelle.de\/index.php\/wp-json\/wp\/v2\/media?parent=5039"}],"wp:term":[{"taxonomy":"category","embeddable":true,"href":"https:\/\/radioleinewelle.de\/index.php\/wp-json\/wp\/v2\/categories?post=5039"},{"taxonomy":"post_tag","embeddable":true,"href":"https:\/\/radioleinewelle.de\/index.php\/wp-json\/wp\/v2\/tags?post=5039"}],"curies":[{"name":"wp","href":"https:\/\/api.w.org\/{rel}","templated":true}]}}