{"id":5068,"date":"2021-02-10T05:00:00","date_gmt":"2021-02-10T04:00:00","guid":{"rendered":"https:\/\/radioleinewelle.de\/?p=5068"},"modified":"2021-02-10T05:00:00","modified_gmt":"2021-02-10T04:00:00","slug":"nabu-winterfuetterung-nach-starken-schneefaellen-am-wochenende","status":"publish","type":"post","link":"https:\/\/radioleinewelle.de\/index.php\/2021\/02\/10\/nabu-winterfuetterung-nach-starken-schneefaellen-am-wochenende\/","title":{"rendered":"NABU: Winterf\u00fctterung nach starken Schneef\u00e4llen am Wochenende"},"content":{"rendered":"\n<p>          <\/p>\n\n\n\n<p><strong>S\u00fcdost-Niedersachsen&nbsp;<\/strong>\u2013 Aufgrund des extremen Wintereinbruchs mit schweren Schneef\u00e4llen am Wochenende und der anhaltenden Temperaturen im hohen Minusbereich, weist der NABU auf die Bedeutung der Winterf\u00fctterung f\u00fcr V\u00f6gel hin: \u201eDie Winterf\u00fctterung wird von Jahr zu Jahr beliebter \u2013 seit Beginn der Corona-Pandemie hat es aber einen Schub gegeben, den wir nie f\u00fcr m\u00f6glich gehalten h\u00e4tten. Und das ist gut so!\u201c, sagt Josefine Beims aus der NABU-Regionalgesch\u00e4ftsstelle S\u00fcdost-Niedersachsen. Sie unterstreicht, dass dadurch sehr viele Menschen direkten Zugang zum Naturerlebnis finden. \u201eAuch Menschen, die weniger mobil sind und denen nur ein Blick in den Garten oder auf den Balkon bleibt, haben so die M\u00f6glichkeit Natur zu erleben. Au\u00dferdem kann es helfen, Artenkenntnis zu vermitteln &#8211; auch an Kinder\u201c, betont Beims.&nbsp;<\/p>\n\n\n\n<p>Dabei wirbt die Natursch\u00fctzerin jedoch daf\u00fcr, Winterf\u00fctterung mit Sachverstand durchzuf\u00fchren \u2013 und Hygiene zu wahren. \u201eMassenfutterpl\u00e4tze sind nicht gut, weil sich dort Krankheitskeime ausbreiten k\u00f6nnen, insbesondere dann, wenn V\u00f6gel mit dem Kot anderer V\u00f6gel in Kontakt kommen oder gar hindurchlaufen k\u00f6nnen. Am besten geeignet sind mehrere kleine Futterpl\u00e4tze, im Garten wie auf dem Balkon oder der Terrasse. Insbesondere h\u00e4ngende Futters\u00e4ulen, in denen Futter nachrutschen kann und vor Verschmutzung und N\u00e4sse gesch\u00fctzt ist, eignen sich hervorragend\u201c, erkl\u00e4rt Josefine Beims. Futterger\u00e4te k\u00f6nnen selbst gebaut oder im Fachhandel bezogen werden. \u201eEs sollte nur Futter verwendet werden, dessen Haltbarkeit noch gegeben ist, auf keinen Fall ranzige Fette oder \u00d6le, und nichts vom menschlichen Essenstisch. Vor allem gesalzene Speisen k\u00f6nnen eine gro\u00dfe Gefahr darstellen\u201c, mahnt sie, die Mindeststandards einzuhalten.&nbsp;<\/p>\n\n\n\n<p>Zudem gebe es auch sehr gut geeignete Futterger\u00e4te speziell f\u00fcr Eichh\u00f6rnchen: \u201eDiese k\u00f6nnen von Eichh\u00f6rnchen leicht ge\u00f6ffnet werden, wodurch sie N\u00fcsse und andere Leckereien einem kleinen K\u00e4stchen entnehmen k\u00f6nnen \u2013 ein toller Anblick!\u201c, schw\u00e4rmt die NABU-Aktive.&nbsp;<\/p>\n\n\n\n<p>Einige Vogelarten, allen voran die Amsel, freuen sich zudem \u00fcber in den Schnee gelegte \u00c4pfel als willkommene Vitaminbomben in der kalten Jahreszeit.&nbsp;<\/p>\n\n\n\n<p>Am Futterplatz k\u00f6nnen auch einige der Kandidaten beobachtet werden, denen bei der Wahl zum \u201eVogel des Jahres\u201c 2021 noch bis zum 19. M\u00e4rz unter&nbsp;<a href=\"http:\/\/www.vogeldesjahres.de\/\">www.vogeldesjahres.de<\/a>&nbsp;eine Stimme gegeben werden kann: Blaumeise, Haussperling, Amsel und Rotkehlchen geh\u00f6ren dazu.<\/p>\n\n\n\n<p><strong>Foto<\/strong>: \u201eFeldsperlinge an der Futters\u00e4ule\u201c  \u00a9 Arne von Brill<\/p>\n","protected":false},"excerpt":{"rendered":"<p>S\u00fcdost-Niedersachsen&nbsp;\u2013 Aufgrund des extremen Wintereinbruchs mit schweren Schneef\u00e4llen am Wochenende und der anhaltenden Temperaturen im hohen Minusbereich, weist der NABU auf die Bedeutung der Winterf\u00fctterung f\u00fcr V\u00f6gel hin: \u201eDie Winterf\u00fctterung wird von Jahr zu Jahr beliebter \u2013 seit Beginn der Corona-Pandemie hat es aber einen Schub gegeben, den wir nie f\u00fcr m\u00f6glich gehalten h\u00e4tten. Und [&hellip;]<\/p>\n","protected":false},"author":1,"featured_media":0,"comment_status":"closed","ping_status":"closed","sticky":false,"template":"","format":"standard","meta":{"saved_in_kubio":false,"footnotes":""},"categories":[32],"tags":[],"class_list":["post-5068","post","type-post","status-publish","format-standard","hentry","category-natur-umwelt"],"yoast_head":"<!-- This site is optimized with the Yoast SEO plugin v27.5 - https:\/\/yoast.com\/product\/yoast-seo-wordpress\/ -->\n<title>NABU: Winterf\u00fctterung nach starken Schneef\u00e4llen am Wochenende - Radio Leinewelle<\/title>\n<meta name=\"robots\" content=\"index, follow, max-snippet:-1, max-image-preview:large, max-video-preview:-1\" \/>\n<link rel=\"canonical\" href=\"https:\/\/radioleinewelle.de\/index.php\/2021\/02\/10\/nabu-winterfuetterung-nach-starken-schneefaellen-am-wochenende\/\" \/>\n<meta property=\"og:locale\" content=\"de_DE\" \/>\n<meta property=\"og:type\" content=\"article\" \/>\n<meta property=\"og:title\" content=\"NABU: Winterf\u00fctterung nach starken Schneef\u00e4llen am Wochenende - Radio Leinewelle\" \/>\n<meta property=\"og:description\" content=\"S\u00fcdost-Niedersachsen&nbsp;\u2013 Aufgrund des extremen Wintereinbruchs mit schweren Schneef\u00e4llen am Wochenende und der anhaltenden Temperaturen im hohen Minusbereich, weist der NABU auf die Bedeutung der Winterf\u00fctterung f\u00fcr V\u00f6gel hin: \u201eDie Winterf\u00fctterung wird von Jahr zu Jahr beliebter \u2013 seit Beginn der Corona-Pandemie hat es aber einen Schub gegeben, den wir nie f\u00fcr m\u00f6glich gehalten h\u00e4tten. Und [&hellip;]\" \/>\n<meta property=\"og:url\" content=\"https:\/\/radioleinewelle.de\/index.php\/2021\/02\/10\/nabu-winterfuetterung-nach-starken-schneefaellen-am-wochenende\/\" \/>\n<meta property=\"og:site_name\" content=\"Radio Leinewelle\" \/>\n<meta property=\"article:publisher\" content=\"https:\/\/www.facebook.com\/radioleinewelle\" \/>\n<meta property=\"article:author\" content=\"https:\/\/www.facebook.com\/radioleinewelle\" \/>\n<meta property=\"article:published_time\" content=\"2021-02-10T04:00:00+00:00\" \/>\n<meta name=\"author\" content=\"Leinewelle\" \/>\n<meta name=\"twitter:card\" content=\"summary_large_image\" \/>\n<meta name=\"twitter:creator\" content=\"@https:\/\/twitter.com\/RLeinewelle?ref_src=twsrcgoogletwcampserptwgrauthor\" \/>\n<meta name=\"twitter:site\" content=\"@RLeinewelle\" \/>\n<meta name=\"twitter:label1\" content=\"Verfasst von\" \/>\n\t<meta name=\"twitter:data1\" content=\"Leinewelle\" \/>\n\t<meta name=\"twitter:label2\" content=\"Gesch\u00e4tzte Lesezeit\" \/>\n\t<meta name=\"twitter:data2\" content=\"2\u00a0Minuten\" \/>\n<script type=\"application\/ld+json\" class=\"yoast-schema-graph\">{\"@context\":\"https:\\\/\\\/schema.org\",\"@graph\":[{\"@type\":\"Article\",\"@id\":\"https:\\\/\\\/radioleinewelle.de\\\/index.php\\\/2021\\\/02\\\/10\\\/nabu-winterfuetterung-nach-starken-schneefaellen-am-wochenende\\\/#article\",\"isPartOf\":{\"@id\":\"https:\\\/\\\/radioleinewelle.de\\\/index.php\\\/2021\\\/02\\\/10\\\/nabu-winterfuetterung-nach-starken-schneefaellen-am-wochenende\\\/\"},\"author\":{\"name\":\"Leinewelle\",\"@id\":\"https:\\\/\\\/radioleinewelle.de\\\/#\\\/schema\\\/person\\\/45606f348637df637192dc1b68399a63\"},\"headline\":\"NABU: Winterf\u00fctterung nach starken Schneef\u00e4llen am Wochenende\",\"datePublished\":\"2021-02-10T04:00:00+00:00\",\"mainEntityOfPage\":{\"@id\":\"https:\\\/\\\/radioleinewelle.de\\\/index.php\\\/2021\\\/02\\\/10\\\/nabu-winterfuetterung-nach-starken-schneefaellen-am-wochenende\\\/\"},\"wordCount\":403,\"publisher\":{\"@id\":\"https:\\\/\\\/radioleinewelle.de\\\/#organization\"},\"articleSection\":[\"Natur &amp; Umwelt\"],\"inLanguage\":\"de\"},{\"@type\":\"WebPage\",\"@id\":\"https:\\\/\\\/radioleinewelle.de\\\/index.php\\\/2021\\\/02\\\/10\\\/nabu-winterfuetterung-nach-starken-schneefaellen-am-wochenende\\\/\",\"url\":\"https:\\\/\\\/radioleinewelle.de\\\/index.php\\\/2021\\\/02\\\/10\\\/nabu-winterfuetterung-nach-starken-schneefaellen-am-wochenende\\\/\",\"name\":\"NABU: Winterf\u00fctterung nach starken Schneef\u00e4llen am Wochenende - Radio Leinewelle\",\"isPartOf\":{\"@id\":\"https:\\\/\\\/radioleinewelle.de\\\/#website\"},\"datePublished\":\"2021-02-10T04:00:00+00:00\",\"breadcrumb\":{\"@id\":\"https:\\\/\\\/radioleinewelle.de\\\/index.php\\\/2021\\\/02\\\/10\\\/nabu-winterfuetterung-nach-starken-schneefaellen-am-wochenende\\\/#breadcrumb\"},\"inLanguage\":\"de\",\"potentialAction\":[{\"@type\":\"ReadAction\",\"target\":[\"https:\\\/\\\/radioleinewelle.de\\\/index.php\\\/2021\\\/02\\\/10\\\/nabu-winterfuetterung-nach-starken-schneefaellen-am-wochenende\\\/\"]}]},{\"@type\":\"BreadcrumbList\",\"@id\":\"https:\\\/\\\/radioleinewelle.de\\\/index.php\\\/2021\\\/02\\\/10\\\/nabu-winterfuetterung-nach-starken-schneefaellen-am-wochenende\\\/#breadcrumb\",\"itemListElement\":[{\"@type\":\"ListItem\",\"position\":1,\"name\":\"Startseite\",\"item\":\"https:\\\/\\\/radioleinewelle.de\\\/\"},{\"@type\":\"ListItem\",\"position\":2,\"name\":\"NABU: Winterf\u00fctterung nach starken Schneef\u00e4llen am Wochenende\"}]},{\"@type\":\"WebSite\",\"@id\":\"https:\\\/\\\/radioleinewelle.de\\\/#website\",\"url\":\"https:\\\/\\\/radioleinewelle.de\\\/\",\"name\":\"Radio Leinewelle\",\"description\":\"\",\"publisher\":{\"@id\":\"https:\\\/\\\/radioleinewelle.de\\\/#organization\"},\"potentialAction\":[{\"@type\":\"SearchAction\",\"target\":{\"@type\":\"EntryPoint\",\"urlTemplate\":\"https:\\\/\\\/radioleinewelle.de\\\/?s={search_term_string}\"},\"query-input\":{\"@type\":\"PropertyValueSpecification\",\"valueRequired\":true,\"valueName\":\"search_term_string\"}}],\"inLanguage\":\"de\"},{\"@type\":\"Organization\",\"@id\":\"https:\\\/\\\/radioleinewelle.de\\\/#organization\",\"name\":\"Radio Leinewelle\",\"alternateName\":\"Mein Radio f\u00fcr S\u00fcdniedersachsen\",\"url\":\"https:\\\/\\\/radioleinewelle.de\\\/\",\"logo\":{\"@type\":\"ImageObject\",\"inLanguage\":\"de\",\"@id\":\"https:\\\/\\\/radioleinewelle.de\\\/#\\\/schema\\\/logo\\\/image\\\/\",\"url\":\"https:\\\/\\\/radioleinewelle.de\\\/wp-content\\\/uploads\\\/2023\\\/11\\\/cropped-Leinewelle_Logo_weiss.png\",\"contentUrl\":\"https:\\\/\\\/radioleinewelle.de\\\/wp-content\\\/uploads\\\/2023\\\/11\\\/cropped-Leinewelle_Logo_weiss.png\",\"width\":854,\"height\":260,\"caption\":\"Radio Leinewelle\"},\"image\":{\"@id\":\"https:\\\/\\\/radioleinewelle.de\\\/#\\\/schema\\\/logo\\\/image\\\/\"},\"sameAs\":[\"https:\\\/\\\/www.facebook.com\\\/radioleinewelle\",\"https:\\\/\\\/x.com\\\/RLeinewelle\",\"https:\\\/\\\/www.instagram.com\\\/radioleinewelle\\\/?hl=de\"]},{\"@type\":\"Person\",\"@id\":\"https:\\\/\\\/radioleinewelle.de\\\/#\\\/schema\\\/person\\\/45606f348637df637192dc1b68399a63\",\"name\":\"Leinewelle\",\"image\":{\"@type\":\"ImageObject\",\"inLanguage\":\"de\",\"@id\":\"https:\\\/\\\/secure.gravatar.com\\\/avatar\\\/05c9a17bc973052ee5d91549bd32fb4dd0dc85b7b85ae94b2e2b4943476bbea5?s=96&d=blank&r=g\",\"url\":\"https:\\\/\\\/secure.gravatar.com\\\/avatar\\\/05c9a17bc973052ee5d91549bd32fb4dd0dc85b7b85ae94b2e2b4943476bbea5?s=96&d=blank&r=g\",\"contentUrl\":\"https:\\\/\\\/secure.gravatar.com\\\/avatar\\\/05c9a17bc973052ee5d91549bd32fb4dd0dc85b7b85ae94b2e2b4943476bbea5?s=96&d=blank&r=g\",\"caption\":\"Leinewelle\"},\"sameAs\":[\"http:\\\/\\\/localhost\\\/radio%20leinewelle\\\/wordpress\",\"https:\\\/\\\/www.facebook.com\\\/radioleinewelle\",\"https:\\\/\\\/www.instagram.com\\\/radioleinewelle\",\"https:\\\/\\\/x.com\\\/https:\\\/\\\/twitter.com\\\/RLeinewelle?ref_src=twsrcgoogletwcampserptwgrauthor\",\"https:\\\/\\\/soundcloud.com\\\/foerderverein-lokalradio?utm_source=clipboard&utm_medium=text&utm_campaign=social_sharing\"],\"url\":\"https:\\\/\\\/radioleinewelle.de\\\/index.php\\\/author\\\/leinewelle\\\/\"}]}<\/script>\n<!-- \/ Yoast SEO plugin. -->","yoast_head_json":{"title":"NABU: Winterf\u00fctterung nach starken Schneef\u00e4llen am Wochenende - Radio Leinewelle","robots":{"index":"index","follow":"follow","max-snippet":"max-snippet:-1","max-image-preview":"max-image-preview:large","max-video-preview":"max-video-preview:-1"},"canonical":"https:\/\/radioleinewelle.de\/index.php\/2021\/02\/10\/nabu-winterfuetterung-nach-starken-schneefaellen-am-wochenende\/","og_locale":"de_DE","og_type":"article","og_title":"NABU: Winterf\u00fctterung nach starken Schneef\u00e4llen am Wochenende - Radio Leinewelle","og_description":"S\u00fcdost-Niedersachsen&nbsp;\u2013 Aufgrund des extremen Wintereinbruchs mit schweren Schneef\u00e4llen am Wochenende und der anhaltenden Temperaturen im hohen Minusbereich, weist der NABU auf die Bedeutung der Winterf\u00fctterung f\u00fcr V\u00f6gel hin: \u201eDie Winterf\u00fctterung wird von Jahr zu Jahr beliebter \u2013 seit Beginn der Corona-Pandemie hat es aber einen Schub gegeben, den wir nie f\u00fcr m\u00f6glich gehalten h\u00e4tten. Und [&hellip;]","og_url":"https:\/\/radioleinewelle.de\/index.php\/2021\/02\/10\/nabu-winterfuetterung-nach-starken-schneefaellen-am-wochenende\/","og_site_name":"Radio Leinewelle","article_publisher":"https:\/\/www.facebook.com\/radioleinewelle","article_author":"https:\/\/www.facebook.com\/radioleinewelle","article_published_time":"2021-02-10T04:00:00+00:00","author":"Leinewelle","twitter_card":"summary_large_image","twitter_creator":"@https:\/\/twitter.com\/RLeinewelle?ref_src=twsrcgoogletwcampserptwgrauthor","twitter_site":"@RLeinewelle","twitter_misc":{"Verfasst von":"Leinewelle","Gesch\u00e4tzte Lesezeit":"2\u00a0Minuten"},"schema":{"@context":"https:\/\/schema.org","@graph":[{"@type":"Article","@id":"https:\/\/radioleinewelle.de\/index.php\/2021\/02\/10\/nabu-winterfuetterung-nach-starken-schneefaellen-am-wochenende\/#article","isPartOf":{"@id":"https:\/\/radioleinewelle.de\/index.php\/2021\/02\/10\/nabu-winterfuetterung-nach-starken-schneefaellen-am-wochenende\/"},"author":{"name":"Leinewelle","@id":"https:\/\/radioleinewelle.de\/#\/schema\/person\/45606f348637df637192dc1b68399a63"},"headline":"NABU: Winterf\u00fctterung nach starken Schneef\u00e4llen am Wochenende","datePublished":"2021-02-10T04:00:00+00:00","mainEntityOfPage":{"@id":"https:\/\/radioleinewelle.de\/index.php\/2021\/02\/10\/nabu-winterfuetterung-nach-starken-schneefaellen-am-wochenende\/"},"wordCount":403,"publisher":{"@id":"https:\/\/radioleinewelle.de\/#organization"},"articleSection":["Natur &amp; Umwelt"],"inLanguage":"de"},{"@type":"WebPage","@id":"https:\/\/radioleinewelle.de\/index.php\/2021\/02\/10\/nabu-winterfuetterung-nach-starken-schneefaellen-am-wochenende\/","url":"https:\/\/radioleinewelle.de\/index.php\/2021\/02\/10\/nabu-winterfuetterung-nach-starken-schneefaellen-am-wochenende\/","name":"NABU: Winterf\u00fctterung nach starken Schneef\u00e4llen am Wochenende - Radio Leinewelle","isPartOf":{"@id":"https:\/\/radioleinewelle.de\/#website"},"datePublished":"2021-02-10T04:00:00+00:00","breadcrumb":{"@id":"https:\/\/radioleinewelle.de\/index.php\/2021\/02\/10\/nabu-winterfuetterung-nach-starken-schneefaellen-am-wochenende\/#breadcrumb"},"inLanguage":"de","potentialAction":[{"@type":"ReadAction","target":["https:\/\/radioleinewelle.de\/index.php\/2021\/02\/10\/nabu-winterfuetterung-nach-starken-schneefaellen-am-wochenende\/"]}]},{"@type":"BreadcrumbList","@id":"https:\/\/radioleinewelle.de\/index.php\/2021\/02\/10\/nabu-winterfuetterung-nach-starken-schneefaellen-am-wochenende\/#breadcrumb","itemListElement":[{"@type":"ListItem","position":1,"name":"Startseite","item":"https:\/\/radioleinewelle.de\/"},{"@type":"ListItem","position":2,"name":"NABU: Winterf\u00fctterung nach starken Schneef\u00e4llen am Wochenende"}]},{"@type":"WebSite","@id":"https:\/\/radioleinewelle.de\/#website","url":"https:\/\/radioleinewelle.de\/","name":"Radio Leinewelle","description":"","publisher":{"@id":"https:\/\/radioleinewelle.de\/#organization"},"potentialAction":[{"@type":"SearchAction","target":{"@type":"EntryPoint","urlTemplate":"https:\/\/radioleinewelle.de\/?s={search_term_string}"},"query-input":{"@type":"PropertyValueSpecification","valueRequired":true,"valueName":"search_term_string"}}],"inLanguage":"de"},{"@type":"Organization","@id":"https:\/\/radioleinewelle.de\/#organization","name":"Radio Leinewelle","alternateName":"Mein Radio f\u00fcr S\u00fcdniedersachsen","url":"https:\/\/radioleinewelle.de\/","logo":{"@type":"ImageObject","inLanguage":"de","@id":"https:\/\/radioleinewelle.de\/#\/schema\/logo\/image\/","url":"https:\/\/radioleinewelle.de\/wp-content\/uploads\/2023\/11\/cropped-Leinewelle_Logo_weiss.png","contentUrl":"https:\/\/radioleinewelle.de\/wp-content\/uploads\/2023\/11\/cropped-Leinewelle_Logo_weiss.png","width":854,"height":260,"caption":"Radio Leinewelle"},"image":{"@id":"https:\/\/radioleinewelle.de\/#\/schema\/logo\/image\/"},"sameAs":["https:\/\/www.facebook.com\/radioleinewelle","https:\/\/x.com\/RLeinewelle","https:\/\/www.instagram.com\/radioleinewelle\/?hl=de"]},{"@type":"Person","@id":"https:\/\/radioleinewelle.de\/#\/schema\/person\/45606f348637df637192dc1b68399a63","name":"Leinewelle","image":{"@type":"ImageObject","inLanguage":"de","@id":"https:\/\/secure.gravatar.com\/avatar\/05c9a17bc973052ee5d91549bd32fb4dd0dc85b7b85ae94b2e2b4943476bbea5?s=96&d=blank&r=g","url":"https:\/\/secure.gravatar.com\/avatar\/05c9a17bc973052ee5d91549bd32fb4dd0dc85b7b85ae94b2e2b4943476bbea5?s=96&d=blank&r=g","contentUrl":"https:\/\/secure.gravatar.com\/avatar\/05c9a17bc973052ee5d91549bd32fb4dd0dc85b7b85ae94b2e2b4943476bbea5?s=96&d=blank&r=g","caption":"Leinewelle"},"sameAs":["http:\/\/localhost\/radio%20leinewelle\/wordpress","https:\/\/www.facebook.com\/radioleinewelle","https:\/\/www.instagram.com\/radioleinewelle","https:\/\/x.com\/https:\/\/twitter.com\/RLeinewelle?ref_src=twsrcgoogletwcampserptwgrauthor","https:\/\/soundcloud.com\/foerderverein-lokalradio?utm_source=clipboard&utm_medium=text&utm_campaign=social_sharing"],"url":"https:\/\/radioleinewelle.de\/index.php\/author\/leinewelle\/"}]}},"_links":{"self":[{"href":"https:\/\/radioleinewelle.de\/index.php\/wp-json\/wp\/v2\/posts\/5068","targetHints":{"allow":["GET"]}}],"collection":[{"href":"https:\/\/radioleinewelle.de\/index.php\/wp-json\/wp\/v2\/posts"}],"about":[{"href":"https:\/\/radioleinewelle.de\/index.php\/wp-json\/wp\/v2\/types\/post"}],"author":[{"embeddable":true,"href":"https:\/\/radioleinewelle.de\/index.php\/wp-json\/wp\/v2\/users\/1"}],"replies":[{"embeddable":true,"href":"https:\/\/radioleinewelle.de\/index.php\/wp-json\/wp\/v2\/comments?post=5068"}],"version-history":[{"count":0,"href":"https:\/\/radioleinewelle.de\/index.php\/wp-json\/wp\/v2\/posts\/5068\/revisions"}],"wp:attachment":[{"href":"https:\/\/radioleinewelle.de\/index.php\/wp-json\/wp\/v2\/media?parent=5068"}],"wp:term":[{"taxonomy":"category","embeddable":true,"href":"https:\/\/radioleinewelle.de\/index.php\/wp-json\/wp\/v2\/categories?post=5068"},{"taxonomy":"post_tag","embeddable":true,"href":"https:\/\/radioleinewelle.de\/index.php\/wp-json\/wp\/v2\/tags?post=5068"}],"curies":[{"name":"wp","href":"https:\/\/api.w.org\/{rel}","templated":true}]}}