{"id":5100,"date":"2021-02-11T05:00:00","date_gmt":"2021-02-11T04:00:00","guid":{"rendered":"https:\/\/radioleinewelle.de\/?p=5100"},"modified":"2021-02-11T05:00:00","modified_gmt":"2021-02-11T04:00:00","slug":"steuererklaerung-online-neue-version-von-elster-ab-mitte-maerz-aktiv","status":"publish","type":"post","link":"https:\/\/radioleinewelle.de\/index.php\/2021\/02\/11\/steuererklaerung-online-neue-version-von-elster-ab-mitte-maerz-aktiv\/","title":{"rendered":"Steuererkl\u00e4rung Online: neue Version von Elster ab Mitte M\u00e4rz aktiv"},"content":{"rendered":"\n<p>Mit der Einkommensteuererkl\u00e4rung 2020 wird ElsterFormular durch \u201e<a href=\"http:\/\/www.elster.de\/\">Mein ELSTER<\/a>\u201c abgel\u00f6st. Aber auch Einkommensteuererkl\u00e4rungen f\u00fcr fr\u00fchere Jahre k\u00f6nnen mit \u201eMein ELSTER\u201c unter&nbsp;<a href=\"http:\/\/www.elster.de\/\">www.elster.de<\/a>&nbsp;erstellt werden. Des Weiteren ist es \u00fcber \u201e<a href=\"http:\/\/www.elster.de\/\">Mein ELSTER<\/a>\u201c m\u00f6glich, Einspr\u00fcche, Antr\u00e4ge und Mitteilungen an das Finanzamt zu \u00fcbermitteln.<\/p>\n\n\n\n<p>Neben einer stetigen Verbesserung der Nutzerfreundlichkeit seit Einf\u00fchrung von ELSTER ist es das Ziel, dass m\u00f6glichst viele B\u00fcrgerinnen und B\u00fcrger die sichere und komfortable&nbsp;M\u00f6glichkeit zur Abgabe einer elektronischen Steuererkl\u00e4rung nutzen. Denn dies hat Vorteile f\u00fcr beide Seiten: Das Finanzamt profitiert von einer guten Datengrundlage, die ohne weiteren Aufwand verarbeitet werden kann. Die B\u00fcrgerinnen und B\u00fcrger werden mit verst\u00e4ndlichen Erl\u00e4uterungen und Hinweisen durch die elektronischen Formularbestandteile begleitet. Sie haben die M\u00f6glichkeit der Daten\u00fcbernahme aus dem Vorjahr und k\u00f6nnen die dem Finanzamt bereits vorliegenden Daten (z. B. vom Arbeitgeber \u00fcbermittelte Lohnsteuerbescheinigungen, Lohnersatzleistungen, Mitteilungen \u00fcber den Bezug von Rentenleistungen oder Beitr\u00e4ge zu Kranken- und Pflegeversicherungen) einfach \u00fcber den Abruf von Bescheinigungen in die eigene Steuererkl\u00e4rung \u00fcbernehmen.<br \/>Anschlie\u00dfend k\u00f6nnen sie die voraussichtliche Steuer automatisch berechnen lassen und die Erkl\u00e4rung komplett papierlos und sicher online an das Finanzamt \u00fcbermitteln. Belege sind nur noch im Einzelfall auf Anforderung des Finanzamts vorzulegen.<\/p>\n\n\n\n<p>Handelt es sich um einen erstmaligen oder au\u00dfergew\u00f6hnlichen Sachverhalt mit deutlicher steuerlicher Auswirkung z. B. erstmalige Aufwendungen f\u00fcr die doppelte Haushaltsf\u00fchrung oder gr\u00f6\u00dfere berufsbedingte Ausgaben, kann es dagegen sinnvoll sein, die Nachweise gleich bei der Erkl\u00e4rungs\u00fcbermittlung mit einzureichen, um eine nachtr\u00e4gliche Anforderung von Belegen &#8211; und somit Verz\u00f6gerungen &#8211; zu vermeiden.<\/p>\n\n\n\n<p>Sobald der Steuerbescheid vorliegt, k\u00f6nnen die B\u00fcrgerinnen und B\u00fcrger diesen auf eventuelle Abweichungen von der Steuererkl\u00e4rung mit Hilfe des so genannten Bescheiddatenabrufs bequem online \u00fcberpr\u00fcfen.<\/p>\n\n\n\n<p>Die Bearbeitung der Einkommensteuererkl\u00e4rungen f\u00fcr 2020 beginnt in den Finanz\u00e4mtern ab dem 15. M\u00e4rz 2021. Hintergrund daf\u00fcr ist, dass die Finanz\u00e4mter sicher sein m\u00fcssen, dass ihnen die elektronisch zu \u00fcbertragenden Daten von Arbeitgebern und Versicherern f\u00fcr das Steuerjahr auch vollst\u00e4ndig vorliegen (die Frist hierf\u00fcr ist der 28. Februar). Die ersten Einkommensteuerbescheide f\u00fcr das Steuerjahr 2020 k\u00f6nnen damit fr\u00fchestens Ende M\u00e4rz\/Anfang April 2021 versendet werden. Aufgrund der Vielzahl der bereits zu Bearbeitungsbeginn vorliegenden Einkommensteuererkl\u00e4rungen kann der Versand der Steuerbescheide jedoch nicht in jedem Fall bereits zu diesem fr\u00fchest m\u00f6glichen Zeitpunkt erfolgen.<\/p>\n\n\n\n<p>Auch wenn die Bearbeitung erst Mitte M\u00e4rz beginnen kann, lohnt es sich bereits jetzt, die Vorbereitungen f\u00fcr die Steuererkl\u00e4rung 2020 anzugehen, denn f\u00fcr die erstmalige Nutzung von \u201e<a href=\"http:\/\/www.elster.de\/\">Mein ELSTER<\/a>\u201c ist zun\u00e4chst eine Registrierung und die Erteilung eines Zertifikats erforderlich. Mit Hilfe des Zertifikats weisen sich Nutzerinnen oder Nutzer in \u201e<a href=\"http:\/\/www.elster.de\/\">Mein ELSTER<\/a>\u201c zweifelsfrei gegen\u00fcber den Finanzbeh\u00f6rden aus. Bis zum Erhalt des Zertifikats, das aus Sicherheitsgr\u00fcnden ausschlie\u00dflich per Post an die hinterlegte Meldeadresse gesendet wird, k\u00f6nnen einige Tage vergehen.<\/p>\n\n\n\n<p>Bild von&nbsp;<a href=\"https:\/\/pixabay.com\/de\/users\/falco-81448\/?utm_source=link-attribution&amp;utm_medium=referral&amp;utm_campaign=image&amp;utm_content=233345\">falco<\/a>&nbsp;auf&nbsp;<a href=\"https:\/\/pixabay.com\/de\/?utm_source=link-attribution&amp;utm_medium=referral&amp;utm_campaign=image&amp;utm_content=233345\">Pixabay<\/a><\/p>\n","protected":false},"excerpt":{"rendered":"<p>Mit der Einkommensteuererkl\u00e4rung 2020 wird ElsterFormular durch \u201eMein ELSTER\u201c abgel\u00f6st. Aber auch Einkommensteuererkl\u00e4rungen f\u00fcr fr\u00fchere Jahre k\u00f6nnen mit \u201eMein ELSTER\u201c unter&nbsp;www.elster.de&nbsp;erstellt werden. Des Weiteren ist es \u00fcber \u201eMein ELSTER\u201c m\u00f6glich, Einspr\u00fcche, Antr\u00e4ge und Mitteilungen an das Finanzamt zu \u00fcbermitteln. Neben einer stetigen Verbesserung der Nutzerfreundlichkeit seit Einf\u00fchrung von ELSTER ist es das Ziel, dass m\u00f6glichst [&hellip;]<\/p>\n","protected":false},"author":1,"featured_media":0,"comment_status":"closed","ping_status":"closed","sticky":false,"template":"","format":"standard","meta":{"saved_in_kubio":false,"footnotes":""},"categories":[38],"tags":[],"class_list":["post-5100","post","type-post","status-publish","format-standard","hentry","category-wirtschaft"],"yoast_head":"<!-- This site is optimized with the Yoast SEO plugin v27.5 - https:\/\/yoast.com\/product\/yoast-seo-wordpress\/ -->\n<title>Steuererkl\u00e4rung Online: neue Version von Elster ab Mitte M\u00e4rz aktiv - Radio Leinewelle<\/title>\n<meta name=\"robots\" content=\"index, follow, max-snippet:-1, max-image-preview:large, max-video-preview:-1\" \/>\n<link rel=\"canonical\" href=\"https:\/\/radioleinewelle.de\/index.php\/2021\/02\/11\/steuererklaerung-online-neue-version-von-elster-ab-mitte-maerz-aktiv\/\" \/>\n<meta property=\"og:locale\" content=\"de_DE\" \/>\n<meta property=\"og:type\" content=\"article\" \/>\n<meta property=\"og:title\" content=\"Steuererkl\u00e4rung Online: neue Version von Elster ab Mitte M\u00e4rz aktiv - Radio Leinewelle\" \/>\n<meta property=\"og:description\" content=\"Mit der Einkommensteuererkl\u00e4rung 2020 wird ElsterFormular durch \u201eMein ELSTER\u201c abgel\u00f6st. Aber auch Einkommensteuererkl\u00e4rungen f\u00fcr fr\u00fchere Jahre k\u00f6nnen mit \u201eMein ELSTER\u201c unter&nbsp;www.elster.de&nbsp;erstellt werden. Des Weiteren ist es \u00fcber \u201eMein ELSTER\u201c m\u00f6glich, Einspr\u00fcche, Antr\u00e4ge und Mitteilungen an das Finanzamt zu \u00fcbermitteln. Neben einer stetigen Verbesserung der Nutzerfreundlichkeit seit Einf\u00fchrung von ELSTER ist es das Ziel, dass m\u00f6glichst [&hellip;]\" \/>\n<meta property=\"og:url\" content=\"https:\/\/radioleinewelle.de\/index.php\/2021\/02\/11\/steuererklaerung-online-neue-version-von-elster-ab-mitte-maerz-aktiv\/\" \/>\n<meta property=\"og:site_name\" content=\"Radio Leinewelle\" \/>\n<meta property=\"article:publisher\" content=\"https:\/\/www.facebook.com\/radioleinewelle\" \/>\n<meta property=\"article:author\" content=\"https:\/\/www.facebook.com\/radioleinewelle\" \/>\n<meta property=\"article:published_time\" content=\"2021-02-11T04:00:00+00:00\" \/>\n<meta name=\"author\" content=\"Leinewelle\" \/>\n<meta name=\"twitter:card\" content=\"summary_large_image\" \/>\n<meta name=\"twitter:creator\" content=\"@https:\/\/twitter.com\/RLeinewelle?ref_src=twsrcgoogletwcampserptwgrauthor\" \/>\n<meta name=\"twitter:site\" content=\"@RLeinewelle\" \/>\n<meta name=\"twitter:label1\" content=\"Verfasst von\" \/>\n\t<meta name=\"twitter:data1\" content=\"Leinewelle\" \/>\n\t<meta name=\"twitter:label2\" content=\"Gesch\u00e4tzte Lesezeit\" \/>\n\t<meta name=\"twitter:data2\" content=\"3\u00a0Minuten\" \/>\n<script type=\"application\/ld+json\" class=\"yoast-schema-graph\">{\"@context\":\"https:\\\/\\\/schema.org\",\"@graph\":[{\"@type\":\"Article\",\"@id\":\"https:\\\/\\\/radioleinewelle.de\\\/index.php\\\/2021\\\/02\\\/11\\\/steuererklaerung-online-neue-version-von-elster-ab-mitte-maerz-aktiv\\\/#article\",\"isPartOf\":{\"@id\":\"https:\\\/\\\/radioleinewelle.de\\\/index.php\\\/2021\\\/02\\\/11\\\/steuererklaerung-online-neue-version-von-elster-ab-mitte-maerz-aktiv\\\/\"},\"author\":{\"name\":\"Leinewelle\",\"@id\":\"https:\\\/\\\/radioleinewelle.de\\\/#\\\/schema\\\/person\\\/45606f348637df637192dc1b68399a63\"},\"headline\":\"Steuererkl\u00e4rung Online: neue Version von Elster ab Mitte M\u00e4rz aktiv\",\"datePublished\":\"2021-02-11T04:00:00+00:00\",\"mainEntityOfPage\":{\"@id\":\"https:\\\/\\\/radioleinewelle.de\\\/index.php\\\/2021\\\/02\\\/11\\\/steuererklaerung-online-neue-version-von-elster-ab-mitte-maerz-aktiv\\\/\"},\"wordCount\":517,\"publisher\":{\"@id\":\"https:\\\/\\\/radioleinewelle.de\\\/#organization\"},\"articleSection\":[\"Wirtschaft\"],\"inLanguage\":\"de\"},{\"@type\":\"WebPage\",\"@id\":\"https:\\\/\\\/radioleinewelle.de\\\/index.php\\\/2021\\\/02\\\/11\\\/steuererklaerung-online-neue-version-von-elster-ab-mitte-maerz-aktiv\\\/\",\"url\":\"https:\\\/\\\/radioleinewelle.de\\\/index.php\\\/2021\\\/02\\\/11\\\/steuererklaerung-online-neue-version-von-elster-ab-mitte-maerz-aktiv\\\/\",\"name\":\"Steuererkl\u00e4rung Online: neue Version von Elster ab Mitte M\u00e4rz aktiv - Radio Leinewelle\",\"isPartOf\":{\"@id\":\"https:\\\/\\\/radioleinewelle.de\\\/#website\"},\"datePublished\":\"2021-02-11T04:00:00+00:00\",\"breadcrumb\":{\"@id\":\"https:\\\/\\\/radioleinewelle.de\\\/index.php\\\/2021\\\/02\\\/11\\\/steuererklaerung-online-neue-version-von-elster-ab-mitte-maerz-aktiv\\\/#breadcrumb\"},\"inLanguage\":\"de\",\"potentialAction\":[{\"@type\":\"ReadAction\",\"target\":[\"https:\\\/\\\/radioleinewelle.de\\\/index.php\\\/2021\\\/02\\\/11\\\/steuererklaerung-online-neue-version-von-elster-ab-mitte-maerz-aktiv\\\/\"]}]},{\"@type\":\"BreadcrumbList\",\"@id\":\"https:\\\/\\\/radioleinewelle.de\\\/index.php\\\/2021\\\/02\\\/11\\\/steuererklaerung-online-neue-version-von-elster-ab-mitte-maerz-aktiv\\\/#breadcrumb\",\"itemListElement\":[{\"@type\":\"ListItem\",\"position\":1,\"name\":\"Startseite\",\"item\":\"https:\\\/\\\/radioleinewelle.de\\\/\"},{\"@type\":\"ListItem\",\"position\":2,\"name\":\"Steuererkl\u00e4rung Online: neue Version von Elster ab Mitte M\u00e4rz aktiv\"}]},{\"@type\":\"WebSite\",\"@id\":\"https:\\\/\\\/radioleinewelle.de\\\/#website\",\"url\":\"https:\\\/\\\/radioleinewelle.de\\\/\",\"name\":\"Radio Leinewelle\",\"description\":\"\",\"publisher\":{\"@id\":\"https:\\\/\\\/radioleinewelle.de\\\/#organization\"},\"potentialAction\":[{\"@type\":\"SearchAction\",\"target\":{\"@type\":\"EntryPoint\",\"urlTemplate\":\"https:\\\/\\\/radioleinewelle.de\\\/?s={search_term_string}\"},\"query-input\":{\"@type\":\"PropertyValueSpecification\",\"valueRequired\":true,\"valueName\":\"search_term_string\"}}],\"inLanguage\":\"de\"},{\"@type\":\"Organization\",\"@id\":\"https:\\\/\\\/radioleinewelle.de\\\/#organization\",\"name\":\"Radio Leinewelle\",\"alternateName\":\"Mein Radio f\u00fcr S\u00fcdniedersachsen\",\"url\":\"https:\\\/\\\/radioleinewelle.de\\\/\",\"logo\":{\"@type\":\"ImageObject\",\"inLanguage\":\"de\",\"@id\":\"https:\\\/\\\/radioleinewelle.de\\\/#\\\/schema\\\/logo\\\/image\\\/\",\"url\":\"https:\\\/\\\/radioleinewelle.de\\\/wp-content\\\/uploads\\\/2023\\\/11\\\/cropped-Leinewelle_Logo_weiss.png\",\"contentUrl\":\"https:\\\/\\\/radioleinewelle.de\\\/wp-content\\\/uploads\\\/2023\\\/11\\\/cropped-Leinewelle_Logo_weiss.png\",\"width\":854,\"height\":260,\"caption\":\"Radio Leinewelle\"},\"image\":{\"@id\":\"https:\\\/\\\/radioleinewelle.de\\\/#\\\/schema\\\/logo\\\/image\\\/\"},\"sameAs\":[\"https:\\\/\\\/www.facebook.com\\\/radioleinewelle\",\"https:\\\/\\\/x.com\\\/RLeinewelle\",\"https:\\\/\\\/www.instagram.com\\\/radioleinewelle\\\/?hl=de\"]},{\"@type\":\"Person\",\"@id\":\"https:\\\/\\\/radioleinewelle.de\\\/#\\\/schema\\\/person\\\/45606f348637df637192dc1b68399a63\",\"name\":\"Leinewelle\",\"image\":{\"@type\":\"ImageObject\",\"inLanguage\":\"de\",\"@id\":\"https:\\\/\\\/secure.gravatar.com\\\/avatar\\\/05c9a17bc973052ee5d91549bd32fb4dd0dc85b7b85ae94b2e2b4943476bbea5?s=96&d=blank&r=g\",\"url\":\"https:\\\/\\\/secure.gravatar.com\\\/avatar\\\/05c9a17bc973052ee5d91549bd32fb4dd0dc85b7b85ae94b2e2b4943476bbea5?s=96&d=blank&r=g\",\"contentUrl\":\"https:\\\/\\\/secure.gravatar.com\\\/avatar\\\/05c9a17bc973052ee5d91549bd32fb4dd0dc85b7b85ae94b2e2b4943476bbea5?s=96&d=blank&r=g\",\"caption\":\"Leinewelle\"},\"sameAs\":[\"http:\\\/\\\/localhost\\\/radio%20leinewelle\\\/wordpress\",\"https:\\\/\\\/www.facebook.com\\\/radioleinewelle\",\"https:\\\/\\\/www.instagram.com\\\/radioleinewelle\",\"https:\\\/\\\/x.com\\\/https:\\\/\\\/twitter.com\\\/RLeinewelle?ref_src=twsrcgoogletwcampserptwgrauthor\",\"https:\\\/\\\/soundcloud.com\\\/foerderverein-lokalradio?utm_source=clipboard&utm_medium=text&utm_campaign=social_sharing\"],\"url\":\"https:\\\/\\\/radioleinewelle.de\\\/index.php\\\/author\\\/leinewelle\\\/\"}]}<\/script>\n<!-- \/ Yoast SEO plugin. -->","yoast_head_json":{"title":"Steuererkl\u00e4rung Online: neue Version von Elster ab Mitte M\u00e4rz aktiv - Radio Leinewelle","robots":{"index":"index","follow":"follow","max-snippet":"max-snippet:-1","max-image-preview":"max-image-preview:large","max-video-preview":"max-video-preview:-1"},"canonical":"https:\/\/radioleinewelle.de\/index.php\/2021\/02\/11\/steuererklaerung-online-neue-version-von-elster-ab-mitte-maerz-aktiv\/","og_locale":"de_DE","og_type":"article","og_title":"Steuererkl\u00e4rung Online: neue Version von Elster ab Mitte M\u00e4rz aktiv - Radio Leinewelle","og_description":"Mit der Einkommensteuererkl\u00e4rung 2020 wird ElsterFormular durch \u201eMein ELSTER\u201c abgel\u00f6st. Aber auch Einkommensteuererkl\u00e4rungen f\u00fcr fr\u00fchere Jahre k\u00f6nnen mit \u201eMein ELSTER\u201c unter&nbsp;www.elster.de&nbsp;erstellt werden. Des Weiteren ist es \u00fcber \u201eMein ELSTER\u201c m\u00f6glich, Einspr\u00fcche, Antr\u00e4ge und Mitteilungen an das Finanzamt zu \u00fcbermitteln. Neben einer stetigen Verbesserung der Nutzerfreundlichkeit seit Einf\u00fchrung von ELSTER ist es das Ziel, dass m\u00f6glichst [&hellip;]","og_url":"https:\/\/radioleinewelle.de\/index.php\/2021\/02\/11\/steuererklaerung-online-neue-version-von-elster-ab-mitte-maerz-aktiv\/","og_site_name":"Radio Leinewelle","article_publisher":"https:\/\/www.facebook.com\/radioleinewelle","article_author":"https:\/\/www.facebook.com\/radioleinewelle","article_published_time":"2021-02-11T04:00:00+00:00","author":"Leinewelle","twitter_card":"summary_large_image","twitter_creator":"@https:\/\/twitter.com\/RLeinewelle?ref_src=twsrcgoogletwcampserptwgrauthor","twitter_site":"@RLeinewelle","twitter_misc":{"Verfasst von":"Leinewelle","Gesch\u00e4tzte Lesezeit":"3\u00a0Minuten"},"schema":{"@context":"https:\/\/schema.org","@graph":[{"@type":"Article","@id":"https:\/\/radioleinewelle.de\/index.php\/2021\/02\/11\/steuererklaerung-online-neue-version-von-elster-ab-mitte-maerz-aktiv\/#article","isPartOf":{"@id":"https:\/\/radioleinewelle.de\/index.php\/2021\/02\/11\/steuererklaerung-online-neue-version-von-elster-ab-mitte-maerz-aktiv\/"},"author":{"name":"Leinewelle","@id":"https:\/\/radioleinewelle.de\/#\/schema\/person\/45606f348637df637192dc1b68399a63"},"headline":"Steuererkl\u00e4rung Online: neue Version von Elster ab Mitte M\u00e4rz aktiv","datePublished":"2021-02-11T04:00:00+00:00","mainEntityOfPage":{"@id":"https:\/\/radioleinewelle.de\/index.php\/2021\/02\/11\/steuererklaerung-online-neue-version-von-elster-ab-mitte-maerz-aktiv\/"},"wordCount":517,"publisher":{"@id":"https:\/\/radioleinewelle.de\/#organization"},"articleSection":["Wirtschaft"],"inLanguage":"de"},{"@type":"WebPage","@id":"https:\/\/radioleinewelle.de\/index.php\/2021\/02\/11\/steuererklaerung-online-neue-version-von-elster-ab-mitte-maerz-aktiv\/","url":"https:\/\/radioleinewelle.de\/index.php\/2021\/02\/11\/steuererklaerung-online-neue-version-von-elster-ab-mitte-maerz-aktiv\/","name":"Steuererkl\u00e4rung Online: neue Version von Elster ab Mitte M\u00e4rz aktiv - Radio Leinewelle","isPartOf":{"@id":"https:\/\/radioleinewelle.de\/#website"},"datePublished":"2021-02-11T04:00:00+00:00","breadcrumb":{"@id":"https:\/\/radioleinewelle.de\/index.php\/2021\/02\/11\/steuererklaerung-online-neue-version-von-elster-ab-mitte-maerz-aktiv\/#breadcrumb"},"inLanguage":"de","potentialAction":[{"@type":"ReadAction","target":["https:\/\/radioleinewelle.de\/index.php\/2021\/02\/11\/steuererklaerung-online-neue-version-von-elster-ab-mitte-maerz-aktiv\/"]}]},{"@type":"BreadcrumbList","@id":"https:\/\/radioleinewelle.de\/index.php\/2021\/02\/11\/steuererklaerung-online-neue-version-von-elster-ab-mitte-maerz-aktiv\/#breadcrumb","itemListElement":[{"@type":"ListItem","position":1,"name":"Startseite","item":"https:\/\/radioleinewelle.de\/"},{"@type":"ListItem","position":2,"name":"Steuererkl\u00e4rung Online: neue Version von Elster ab Mitte M\u00e4rz aktiv"}]},{"@type":"WebSite","@id":"https:\/\/radioleinewelle.de\/#website","url":"https:\/\/radioleinewelle.de\/","name":"Radio Leinewelle","description":"","publisher":{"@id":"https:\/\/radioleinewelle.de\/#organization"},"potentialAction":[{"@type":"SearchAction","target":{"@type":"EntryPoint","urlTemplate":"https:\/\/radioleinewelle.de\/?s={search_term_string}"},"query-input":{"@type":"PropertyValueSpecification","valueRequired":true,"valueName":"search_term_string"}}],"inLanguage":"de"},{"@type":"Organization","@id":"https:\/\/radioleinewelle.de\/#organization","name":"Radio Leinewelle","alternateName":"Mein Radio f\u00fcr S\u00fcdniedersachsen","url":"https:\/\/radioleinewelle.de\/","logo":{"@type":"ImageObject","inLanguage":"de","@id":"https:\/\/radioleinewelle.de\/#\/schema\/logo\/image\/","url":"https:\/\/radioleinewelle.de\/wp-content\/uploads\/2023\/11\/cropped-Leinewelle_Logo_weiss.png","contentUrl":"https:\/\/radioleinewelle.de\/wp-content\/uploads\/2023\/11\/cropped-Leinewelle_Logo_weiss.png","width":854,"height":260,"caption":"Radio Leinewelle"},"image":{"@id":"https:\/\/radioleinewelle.de\/#\/schema\/logo\/image\/"},"sameAs":["https:\/\/www.facebook.com\/radioleinewelle","https:\/\/x.com\/RLeinewelle","https:\/\/www.instagram.com\/radioleinewelle\/?hl=de"]},{"@type":"Person","@id":"https:\/\/radioleinewelle.de\/#\/schema\/person\/45606f348637df637192dc1b68399a63","name":"Leinewelle","image":{"@type":"ImageObject","inLanguage":"de","@id":"https:\/\/secure.gravatar.com\/avatar\/05c9a17bc973052ee5d91549bd32fb4dd0dc85b7b85ae94b2e2b4943476bbea5?s=96&d=blank&r=g","url":"https:\/\/secure.gravatar.com\/avatar\/05c9a17bc973052ee5d91549bd32fb4dd0dc85b7b85ae94b2e2b4943476bbea5?s=96&d=blank&r=g","contentUrl":"https:\/\/secure.gravatar.com\/avatar\/05c9a17bc973052ee5d91549bd32fb4dd0dc85b7b85ae94b2e2b4943476bbea5?s=96&d=blank&r=g","caption":"Leinewelle"},"sameAs":["http:\/\/localhost\/radio%20leinewelle\/wordpress","https:\/\/www.facebook.com\/radioleinewelle","https:\/\/www.instagram.com\/radioleinewelle","https:\/\/x.com\/https:\/\/twitter.com\/RLeinewelle?ref_src=twsrcgoogletwcampserptwgrauthor","https:\/\/soundcloud.com\/foerderverein-lokalradio?utm_source=clipboard&utm_medium=text&utm_campaign=social_sharing"],"url":"https:\/\/radioleinewelle.de\/index.php\/author\/leinewelle\/"}]}},"_links":{"self":[{"href":"https:\/\/radioleinewelle.de\/index.php\/wp-json\/wp\/v2\/posts\/5100","targetHints":{"allow":["GET"]}}],"collection":[{"href":"https:\/\/radioleinewelle.de\/index.php\/wp-json\/wp\/v2\/posts"}],"about":[{"href":"https:\/\/radioleinewelle.de\/index.php\/wp-json\/wp\/v2\/types\/post"}],"author":[{"embeddable":true,"href":"https:\/\/radioleinewelle.de\/index.php\/wp-json\/wp\/v2\/users\/1"}],"replies":[{"embeddable":true,"href":"https:\/\/radioleinewelle.de\/index.php\/wp-json\/wp\/v2\/comments?post=5100"}],"version-history":[{"count":0,"href":"https:\/\/radioleinewelle.de\/index.php\/wp-json\/wp\/v2\/posts\/5100\/revisions"}],"wp:attachment":[{"href":"https:\/\/radioleinewelle.de\/index.php\/wp-json\/wp\/v2\/media?parent=5100"}],"wp:term":[{"taxonomy":"category","embeddable":true,"href":"https:\/\/radioleinewelle.de\/index.php\/wp-json\/wp\/v2\/categories?post=5100"},{"taxonomy":"post_tag","embeddable":true,"href":"https:\/\/radioleinewelle.de\/index.php\/wp-json\/wp\/v2\/tags?post=5100"}],"curies":[{"name":"wp","href":"https:\/\/api.w.org\/{rel}","templated":true}]}}