{"id":5109,"date":"2021-02-11T05:20:00","date_gmt":"2021-02-11T04:20:00","guid":{"rendered":"https:\/\/radioleinewelle.de\/?p=5109"},"modified":"2021-02-11T05:20:00","modified_gmt":"2021-02-11T04:20:00","slug":"heute-ist-der-tag-des-notrufs","status":"publish","type":"post","link":"https:\/\/radioleinewelle.de\/index.php\/2021\/02\/11\/heute-ist-der-tag-des-notrufs\/","title":{"rendered":"Heute ist der \u201eTag des Notrufs\u201c"},"content":{"rendered":"\n<p>Am 11. Februar ist der j\u00e4hrliche Europ\u00e4ische Tag des Notrufs. Darauf machen die Stadt und der Landkreis G\u00f6ttingen aufmerksam. Gemeinsam betreiben sie f\u00fcr ihre Feuerwehr- und Rettungsdienstbereiche eine gemeinsame integrierte Leitstelle \u2013 die Kommunale Regionalleitstelle (KRL) \u2013 bei der Berufsfeuerwehr G\u00f6ttingen.&nbsp;<\/p>\n\n\n\n<p>Die KRL gew\u00e4hrleistet fl\u00e4chendeckend die gezielte Alarmierung, Lenkung und F\u00fchrung aller im \u00f6ffentlichen Rettungsdienst, f\u00fcr den Brandschutz und die Hilfeleistung t\u00e4tigen Einsatzmittel und Einsatzkr\u00e4fte. Wer in Stadt und Landkreis G\u00f6ttingen also die 112 w\u00e4hlt, landet mit dem Notruf in der KRL.<\/p>\n\n\n\n<p>\u201eIm Notfall z\u00e4hlt jede Minute. Deshalb ist es wichtig, dass die Menschen, die die Notrufnummer 112 w\u00e4hlen, den Anweisungen der Disponent*innen folgen\u201c, betont Christian Schmetz, Erster Stadtrat und als Dezernent der Stadt G\u00f6ttingen f\u00fcr die Feuerwehr zust\u00e4ndig. \u201eDie Disponent*innen f\u00fchren strukturiert durch das Gespr\u00e4ch und fragen alle notwendigen Informationen ab. So wird sichergestellt, dass die Patient*innen die erforderliche Hilfe erhalten.\u201c<\/p>\n\n\n\n<p>\u201eJ\u00e4hrlich gehen in der KRL unter der Notrufnummer 112 etwa 70.000 Notrufe ein, Tendenz steigend\u201c, so Kreisr\u00e4tin Marlies Dornieden, die beim Landkreis G\u00f6ttingen f\u00fcr den Bereich \u00d6ffentliche Sicherheit und Ordnung und damit den Rettungsdienst verantwortlich ist. \u201eDabei setzen die Disponent*innen nicht nur passgenau die notwendigen Rettungskr\u00e4fte in Gang, sondern sie unterst\u00fctzen im Einzelfall die Anrufer*innen auch bis zum Eintreffen der Rettungskr\u00e4fte telefonisch dabei, geeignete Ma\u00dfnahmen zur Ersten Hilfe einzuleiten.\u201c<\/p>\n\n\n\n<h3 class=\"wp-block-heading\">Wissenswertes rund um die Notrufnummer 112<\/h3>\n\n\n\n<ul class=\"wp-block-list\"><li>Die 112 ist kostenlos.<\/li><li>Die 112 kann vom Handy bzw. Smartphone sowie vom Festnetz ohne Vorwahl gew\u00e4hlt werden, egal wo man sich befindet. Die Verbindung wird automatisch zur \u00f6rtlich zust\u00e4ndigen Leitstelle aufgebaut.<\/li><li>Die 112 funktioniert auch ohne Guthaben; eine ins Handy bzw. Smartphone eingelegte SIM-Karte ist jedoch notwendig.<\/li><li>Der Missbrauch der 112 ist strafbar.<\/li><li>Die 112 kann immer zur\u00fcckverfolgt werden, auch bei Rufnummernunterdr\u00fcckung.<\/li><li>Die 112 wird bevorzugt behandelt (im Handynetz werden andere Gespr\u00e4che mitunter beendet, um eine Verbindung herzustellen; au\u00dferdem wird bei fehlendem Empfang beim eigenen Anbieter versucht, \u00fcber einen anderen Anbieter eine Verbindung herzustellen).<\/li><li>Das Gespr\u00e4ch wird aufgezeichnet, um beispielsweise bei schlechter Sprachqualit\u00e4t oder bei einem Verbindungsabbruch nochmals die wichtigsten Informationen ermitteln zu k\u00f6nnen.<\/li><\/ul>\n\n\n\n<h3 class=\"wp-block-heading\">Das sollte bei einem Notruf beachtet werden<\/h3>\n\n\n\n<p>Um schnellstm\u00f6glich die geeignete Hilfe alarmieren k\u00f6nnen, ben\u00f6tigen die Disponent*innen in der Leitstelle wichtige Informationen. Dabei sind sie auf die Hilfe der meldenden Person angewiesen. Damit die Abfrage schnell und effektiv ist, \u00fcbernehmen die Disponent*innen die Gespr\u00e4chsf\u00fchrung. Sie f\u00fchren die Anrufenden nach dem Motto \u201eWir fragen \u2013 Sie antworten\u201c durch den Notruf. Beim Eingang eines Notrufes meldet sich die\/der Disponent*in mit \u201eNotruf Feuerwehr und Rettungsdienst, wo genau ist der Notfallort?\u201c Dar\u00fcber hinaus werden der Name der Anrufenden, eine R\u00fcckrufnummer und der genaue Hergang des Notfalls abgefragt. Bereits w\u00e4hrend des Gespr\u00e4chs werden die Rettungskr\u00e4fte durch die Leitstelle alarmiert. Das Gespr\u00e4ch sollte von den Anrufenden nie unaufgefordert beendet werden; es sollte auf R\u00fcckfragen gewartet werden.<\/p>\n\n\n\n<p>Die meldende Person erh\u00e4lt zudem wichtige Hinweise, um bis zum Eintreffen der Rettungskr\u00e4fte bestm\u00f6glich helfen zu k\u00f6nnen (beispielsweise eine Anleitung zur Reanimation, einfache Schritte bei der Geburtshilfe oder weitere wichtigen Ma\u00dfnahmen).<\/p>\n\n\n\n<h3 class=\"wp-block-heading\">112 und 116117 \u2013 wo ist der Unterschied?<\/h3>\n\n\n\n<p>Nicht immer ist klar, wann bei medizinischen Notf\u00e4llen die Notrufnummer 112 und wann der \u00e4rztliche Bereitschaftsdienst unter 116117 zu w\u00e4hlen ist.<\/p>\n\n\n\n<h4 class=\"wp-block-heading\">Beispiele f\u00fcr den Notruf 112<\/h4>\n\n\n\n<ul class=\"wp-block-list\"><li>Bewusstlosigkeit oder erhebliche Bewusstseinstr\u00fcbung<\/li><li>schwere Atemnot<\/li><li>starke Brustschmerzen oder Herzbeschwerden<\/li><li>starke, nicht stillbare Blutungen<\/li><li>Unf\u00e4lle mit Verdacht auf starke Verletzungen<\/li><li>Vergiftungen<\/li><li>starke Verbrennungen<\/li><li>Ertrinkungsunf\u00e4lle<\/li><li>Stromunf\u00e4lle<\/li><li>Suizidversuche aller Art<\/li><li>akute und anhaltende Krampfanf\u00e4lle<\/li><li>pl\u00f6tzliche Geburt oder Komplikationen in der Schwangerschaft<\/li><li>akute und anhaltende st\u00e4rkste Schmerzzust\u00e4nde<\/li><\/ul>\n\n\n\n<h4 class=\"wp-block-heading\">Beispiele f\u00fcr den \u00e4rztlichen Bereitschaftsdienst unter 116117<\/h4>\n\n\n\n<p>Beispiele f\u00fcr Erkrankungen, die vom \u00e4rztlichen Bereitschaftsdienst versorgt werden k\u00f6nnen:<\/p>\n\n\n\n<ul class=\"wp-block-list\"><li>Erk\u00e4ltung mit Fieber h\u00f6her als 39 \u00b0C<\/li><li>anhaltender Brechdurchfall bei mangelnder Fl\u00fcssigkeitsaufnahme<\/li><li>starke Hals- oder Ohrenschmerzen<\/li><li>akute Harnwegsinfekte<\/li><li>akute R\u00fcckenschmerzen<\/li><li>akute Bauchschmerzen<\/li><\/ul>\n\n\n\n<p>Der \u00e4rztliche Bereitschaftsdienst hilft immer dann, wenn diese drei Bedingungen erf\u00fcllt sind:<\/p>\n\n\n\n<ol class=\"wp-block-list\"><li>Die Beschwerden treten zu einem Zeitpunkt auf, an dem die Praxen geschlossen sind, beispielsweise am Wochenende oder an einem Feiertag.<\/li><li>Es muss sich um Beschwerden handeln, mit denen Patienten normalerweise eine \u00c4rztin oder einen Arzt in einer Praxis aufsuchen w\u00fcrden.<\/li><li>Zudem kann die Behandlung aus medizinischen Gr\u00fcnden nicht bis zum n\u00e4chsten Tag warten.<\/li><\/ol>\n\n\n\n<p>In lebensbedrohlichen F\u00e4llen ist der Rettungsdienst unter der Notrufnummer 112 zu alarmieren.<\/p>\n\n\n\n<h3 class=\"wp-block-heading\">Zahlen aus 2020 zur Kommunalen Regionalleitstelle G\u00f6ttingen<\/h3>\n\n\n\n<p>Die Kommunale Regionalleitstelle G\u00f6ttingen (KRL) ist f\u00fcr die rund 330.000 Einwohner*innen in der Stadt und im Landkreis G\u00f6ttingen zust\u00e4ndig. Hilfeersuchende erreichen die KRL \u00fcber folgende Meldewege:<\/p>\n\n\n\n<ul class=\"wp-block-list\"><li>Notruf (Tel. 112)<\/li><li>Krankentransportnummer (Tel. 0551 \/ 19 222)<\/li><li>Polizeidirekt- und Amtsleitung<\/li><li>Brandmeldeanlagen (insgesamt 486 aufgeschaltete Anlagen, zuz\u00fcglich zur Universit\u00e4tsmedizin G\u00f6ttingen)<\/li><\/ul>\n\n\n\n<p>In 2020 gingen \u00fcber 170.000 Anrufe in der KRL ein, das entspricht etwa 470 Anrufen; werktags sind es teilweise bis zu 700 Anrufe t\u00e4glich. Davon waren ca. 68.000 Notrufe \u00fcber die 112, die Nummer des Krankentransports wurde rund 48.000 Mal gew\u00e4hlt. Insgesamt wurden 69.127 Eins\u00e4tze in der KRL bearbeitet. Das sind im Durchschnitt rund 190 Eins\u00e4tze am Tag.<\/p>\n\n\n\n<p>Die Feuerwehr wurde zu insgesamt 3.962 Eins\u00e4tzen alarmiert. Hiervon entfielen 1.383 auf Brandeins\u00e4tze und 2.580 Eins\u00e4tze auf technische Hilfeleistungen.<\/p>\n\n\n\n<p>Im Bereich des Rettungsdienstes wurden die Rettungswagen zu 37.330 Eins\u00e4tzen, die Notarzteinsatzfahrzeuge zu 9.058 Eins\u00e4tzen und der Rettungshubschrauber zu 1.467 Eins\u00e4tzen alarmiert. Der Intensivtransportwagen wurde 441 Mal eingesetzt. Im Krankentransport wurden 28143 Eins\u00e4tze gefahren.<\/p>\n\n\n\n<p><\/p>\n","protected":false},"excerpt":{"rendered":"<p>Am 11. Februar ist der j\u00e4hrliche Europ\u00e4ische Tag des Notrufs. Darauf machen die Stadt und der Landkreis G\u00f6ttingen aufmerksam. Gemeinsam betreiben sie f\u00fcr ihre Feuerwehr- und Rettungsdienstbereiche eine gemeinsame integrierte Leitstelle \u2013 die Kommunale Regionalleitstelle (KRL) \u2013 bei der Berufsfeuerwehr G\u00f6ttingen.&nbsp; Die KRL gew\u00e4hrleistet fl\u00e4chendeckend die gezielte Alarmierung, Lenkung und F\u00fchrung aller im \u00f6ffentlichen Rettungsdienst, [&hellip;]<\/p>\n","protected":false},"author":1,"featured_media":5111,"comment_status":"closed","ping_status":"closed","sticky":false,"template":"","format":"standard","meta":{"saved_in_kubio":false,"footnotes":""},"categories":[24],"tags":[],"class_list":["post-5109","post","type-post","status-publish","format-standard","has-post-thumbnail","hentry","category-news"],"yoast_head":"<!-- This site is optimized with the Yoast SEO plugin v27.5 - https:\/\/yoast.com\/product\/yoast-seo-wordpress\/ -->\n<title>Heute ist der \u201eTag des Notrufs\u201c - Radio Leinewelle<\/title>\n<meta name=\"robots\" content=\"index, follow, max-snippet:-1, max-image-preview:large, max-video-preview:-1\" \/>\n<link rel=\"canonical\" href=\"https:\/\/radioleinewelle.de\/index.php\/2021\/02\/11\/heute-ist-der-tag-des-notrufs\/\" \/>\n<meta property=\"og:locale\" content=\"de_DE\" \/>\n<meta property=\"og:type\" content=\"article\" \/>\n<meta property=\"og:title\" content=\"Heute ist der \u201eTag des Notrufs\u201c - Radio Leinewelle\" \/>\n<meta property=\"og:description\" content=\"Am 11. Februar ist der j\u00e4hrliche Europ\u00e4ische Tag des Notrufs. Darauf machen die Stadt und der Landkreis G\u00f6ttingen aufmerksam. Gemeinsam betreiben sie f\u00fcr ihre Feuerwehr- und Rettungsdienstbereiche eine gemeinsame integrierte Leitstelle \u2013 die Kommunale Regionalleitstelle (KRL) \u2013 bei der Berufsfeuerwehr G\u00f6ttingen.&nbsp; Die KRL gew\u00e4hrleistet fl\u00e4chendeckend die gezielte Alarmierung, Lenkung und F\u00fchrung aller im \u00f6ffentlichen Rettungsdienst, [&hellip;]\" \/>\n<meta property=\"og:url\" content=\"https:\/\/radioleinewelle.de\/index.php\/2021\/02\/11\/heute-ist-der-tag-des-notrufs\/\" \/>\n<meta property=\"og:site_name\" content=\"Radio Leinewelle\" \/>\n<meta property=\"article:publisher\" content=\"https:\/\/www.facebook.com\/radioleinewelle\" \/>\n<meta property=\"article:author\" content=\"https:\/\/www.facebook.com\/radioleinewelle\" \/>\n<meta property=\"article:published_time\" content=\"2021-02-11T04:20:00+00:00\" \/>\n<meta property=\"og:image\" content=\"https:\/\/radioleinewelle.de\/wp-content\/uploads\/2021\/02\/first-aid-1212411_640.jpg\" \/>\n\t<meta property=\"og:image:width\" content=\"640\" \/>\n\t<meta property=\"og:image:height\" content=\"480\" \/>\n\t<meta property=\"og:image:type\" content=\"image\/jpeg\" \/>\n<meta name=\"author\" content=\"Leinewelle\" \/>\n<meta name=\"twitter:card\" content=\"summary_large_image\" \/>\n<meta name=\"twitter:creator\" content=\"@https:\/\/twitter.com\/RLeinewelle?ref_src=twsrcgoogletwcampserptwgrauthor\" \/>\n<meta name=\"twitter:site\" content=\"@RLeinewelle\" \/>\n<meta name=\"twitter:label1\" content=\"Verfasst von\" \/>\n\t<meta name=\"twitter:data1\" content=\"Leinewelle\" \/>\n\t<meta name=\"twitter:label2\" content=\"Gesch\u00e4tzte Lesezeit\" \/>\n\t<meta name=\"twitter:data2\" content=\"4\u00a0Minuten\" \/>\n<script type=\"application\/ld+json\" class=\"yoast-schema-graph\">{\"@context\":\"https:\\\/\\\/schema.org\",\"@graph\":[{\"@type\":\"Article\",\"@id\":\"https:\\\/\\\/radioleinewelle.de\\\/index.php\\\/2021\\\/02\\\/11\\\/heute-ist-der-tag-des-notrufs\\\/#article\",\"isPartOf\":{\"@id\":\"https:\\\/\\\/radioleinewelle.de\\\/index.php\\\/2021\\\/02\\\/11\\\/heute-ist-der-tag-des-notrufs\\\/\"},\"author\":{\"name\":\"Leinewelle\",\"@id\":\"https:\\\/\\\/radioleinewelle.de\\\/#\\\/schema\\\/person\\\/45606f348637df637192dc1b68399a63\"},\"headline\":\"Heute ist der \u201eTag des Notrufs\u201c\",\"datePublished\":\"2021-02-11T04:20:00+00:00\",\"mainEntityOfPage\":{\"@id\":\"https:\\\/\\\/radioleinewelle.de\\\/index.php\\\/2021\\\/02\\\/11\\\/heute-ist-der-tag-des-notrufs\\\/\"},\"wordCount\":907,\"publisher\":{\"@id\":\"https:\\\/\\\/radioleinewelle.de\\\/#organization\"},\"image\":{\"@id\":\"https:\\\/\\\/radioleinewelle.de\\\/index.php\\\/2021\\\/02\\\/11\\\/heute-ist-der-tag-des-notrufs\\\/#primaryimage\"},\"thumbnailUrl\":\"https:\\\/\\\/radioleinewelle.de\\\/wp-content\\\/uploads\\\/2021\\\/02\\\/first-aid-1212411_640.jpg\",\"articleSection\":[\"Aktuelle Nachrichten\"],\"inLanguage\":\"de\"},{\"@type\":\"WebPage\",\"@id\":\"https:\\\/\\\/radioleinewelle.de\\\/index.php\\\/2021\\\/02\\\/11\\\/heute-ist-der-tag-des-notrufs\\\/\",\"url\":\"https:\\\/\\\/radioleinewelle.de\\\/index.php\\\/2021\\\/02\\\/11\\\/heute-ist-der-tag-des-notrufs\\\/\",\"name\":\"Heute ist der \u201eTag des Notrufs\u201c - Radio Leinewelle\",\"isPartOf\":{\"@id\":\"https:\\\/\\\/radioleinewelle.de\\\/#website\"},\"primaryImageOfPage\":{\"@id\":\"https:\\\/\\\/radioleinewelle.de\\\/index.php\\\/2021\\\/02\\\/11\\\/heute-ist-der-tag-des-notrufs\\\/#primaryimage\"},\"image\":{\"@id\":\"https:\\\/\\\/radioleinewelle.de\\\/index.php\\\/2021\\\/02\\\/11\\\/heute-ist-der-tag-des-notrufs\\\/#primaryimage\"},\"thumbnailUrl\":\"https:\\\/\\\/radioleinewelle.de\\\/wp-content\\\/uploads\\\/2021\\\/02\\\/first-aid-1212411_640.jpg\",\"datePublished\":\"2021-02-11T04:20:00+00:00\",\"breadcrumb\":{\"@id\":\"https:\\\/\\\/radioleinewelle.de\\\/index.php\\\/2021\\\/02\\\/11\\\/heute-ist-der-tag-des-notrufs\\\/#breadcrumb\"},\"inLanguage\":\"de\",\"potentialAction\":[{\"@type\":\"ReadAction\",\"target\":[\"https:\\\/\\\/radioleinewelle.de\\\/index.php\\\/2021\\\/02\\\/11\\\/heute-ist-der-tag-des-notrufs\\\/\"]}]},{\"@type\":\"ImageObject\",\"inLanguage\":\"de\",\"@id\":\"https:\\\/\\\/radioleinewelle.de\\\/index.php\\\/2021\\\/02\\\/11\\\/heute-ist-der-tag-des-notrufs\\\/#primaryimage\",\"url\":\"https:\\\/\\\/radioleinewelle.de\\\/wp-content\\\/uploads\\\/2021\\\/02\\\/first-aid-1212411_640.jpg\",\"contentUrl\":\"https:\\\/\\\/radioleinewelle.de\\\/wp-content\\\/uploads\\\/2021\\\/02\\\/first-aid-1212411_640.jpg\",\"width\":640,\"height\":480},{\"@type\":\"BreadcrumbList\",\"@id\":\"https:\\\/\\\/radioleinewelle.de\\\/index.php\\\/2021\\\/02\\\/11\\\/heute-ist-der-tag-des-notrufs\\\/#breadcrumb\",\"itemListElement\":[{\"@type\":\"ListItem\",\"position\":1,\"name\":\"Startseite\",\"item\":\"https:\\\/\\\/radioleinewelle.de\\\/\"},{\"@type\":\"ListItem\",\"position\":2,\"name\":\"Heute ist der \u201eTag des Notrufs\u201c\"}]},{\"@type\":\"WebSite\",\"@id\":\"https:\\\/\\\/radioleinewelle.de\\\/#website\",\"url\":\"https:\\\/\\\/radioleinewelle.de\\\/\",\"name\":\"Radio Leinewelle\",\"description\":\"\",\"publisher\":{\"@id\":\"https:\\\/\\\/radioleinewelle.de\\\/#organization\"},\"potentialAction\":[{\"@type\":\"SearchAction\",\"target\":{\"@type\":\"EntryPoint\",\"urlTemplate\":\"https:\\\/\\\/radioleinewelle.de\\\/?s={search_term_string}\"},\"query-input\":{\"@type\":\"PropertyValueSpecification\",\"valueRequired\":true,\"valueName\":\"search_term_string\"}}],\"inLanguage\":\"de\"},{\"@type\":\"Organization\",\"@id\":\"https:\\\/\\\/radioleinewelle.de\\\/#organization\",\"name\":\"Radio Leinewelle\",\"alternateName\":\"Mein Radio f\u00fcr S\u00fcdniedersachsen\",\"url\":\"https:\\\/\\\/radioleinewelle.de\\\/\",\"logo\":{\"@type\":\"ImageObject\",\"inLanguage\":\"de\",\"@id\":\"https:\\\/\\\/radioleinewelle.de\\\/#\\\/schema\\\/logo\\\/image\\\/\",\"url\":\"https:\\\/\\\/radioleinewelle.de\\\/wp-content\\\/uploads\\\/2023\\\/11\\\/cropped-Leinewelle_Logo_weiss.png\",\"contentUrl\":\"https:\\\/\\\/radioleinewelle.de\\\/wp-content\\\/uploads\\\/2023\\\/11\\\/cropped-Leinewelle_Logo_weiss.png\",\"width\":854,\"height\":260,\"caption\":\"Radio Leinewelle\"},\"image\":{\"@id\":\"https:\\\/\\\/radioleinewelle.de\\\/#\\\/schema\\\/logo\\\/image\\\/\"},\"sameAs\":[\"https:\\\/\\\/www.facebook.com\\\/radioleinewelle\",\"https:\\\/\\\/x.com\\\/RLeinewelle\",\"https:\\\/\\\/www.instagram.com\\\/radioleinewelle\\\/?hl=de\"]},{\"@type\":\"Person\",\"@id\":\"https:\\\/\\\/radioleinewelle.de\\\/#\\\/schema\\\/person\\\/45606f348637df637192dc1b68399a63\",\"name\":\"Leinewelle\",\"image\":{\"@type\":\"ImageObject\",\"inLanguage\":\"de\",\"@id\":\"https:\\\/\\\/secure.gravatar.com\\\/avatar\\\/05c9a17bc973052ee5d91549bd32fb4dd0dc85b7b85ae94b2e2b4943476bbea5?s=96&d=blank&r=g\",\"url\":\"https:\\\/\\\/secure.gravatar.com\\\/avatar\\\/05c9a17bc973052ee5d91549bd32fb4dd0dc85b7b85ae94b2e2b4943476bbea5?s=96&d=blank&r=g\",\"contentUrl\":\"https:\\\/\\\/secure.gravatar.com\\\/avatar\\\/05c9a17bc973052ee5d91549bd32fb4dd0dc85b7b85ae94b2e2b4943476bbea5?s=96&d=blank&r=g\",\"caption\":\"Leinewelle\"},\"sameAs\":[\"http:\\\/\\\/localhost\\\/radio%20leinewelle\\\/wordpress\",\"https:\\\/\\\/www.facebook.com\\\/radioleinewelle\",\"https:\\\/\\\/www.instagram.com\\\/radioleinewelle\",\"https:\\\/\\\/x.com\\\/https:\\\/\\\/twitter.com\\\/RLeinewelle?ref_src=twsrcgoogletwcampserptwgrauthor\",\"https:\\\/\\\/soundcloud.com\\\/foerderverein-lokalradio?utm_source=clipboard&utm_medium=text&utm_campaign=social_sharing\"],\"url\":\"https:\\\/\\\/radioleinewelle.de\\\/index.php\\\/author\\\/leinewelle\\\/\"}]}<\/script>\n<!-- \/ Yoast SEO plugin. -->","yoast_head_json":{"title":"Heute ist der \u201eTag des Notrufs\u201c - Radio Leinewelle","robots":{"index":"index","follow":"follow","max-snippet":"max-snippet:-1","max-image-preview":"max-image-preview:large","max-video-preview":"max-video-preview:-1"},"canonical":"https:\/\/radioleinewelle.de\/index.php\/2021\/02\/11\/heute-ist-der-tag-des-notrufs\/","og_locale":"de_DE","og_type":"article","og_title":"Heute ist der \u201eTag des Notrufs\u201c - Radio Leinewelle","og_description":"Am 11. Februar ist der j\u00e4hrliche Europ\u00e4ische Tag des Notrufs. Darauf machen die Stadt und der Landkreis G\u00f6ttingen aufmerksam. Gemeinsam betreiben sie f\u00fcr ihre Feuerwehr- und Rettungsdienstbereiche eine gemeinsame integrierte Leitstelle \u2013 die Kommunale Regionalleitstelle (KRL) \u2013 bei der Berufsfeuerwehr G\u00f6ttingen.&nbsp; Die KRL gew\u00e4hrleistet fl\u00e4chendeckend die gezielte Alarmierung, Lenkung und F\u00fchrung aller im \u00f6ffentlichen Rettungsdienst, [&hellip;]","og_url":"https:\/\/radioleinewelle.de\/index.php\/2021\/02\/11\/heute-ist-der-tag-des-notrufs\/","og_site_name":"Radio Leinewelle","article_publisher":"https:\/\/www.facebook.com\/radioleinewelle","article_author":"https:\/\/www.facebook.com\/radioleinewelle","article_published_time":"2021-02-11T04:20:00+00:00","og_image":[{"width":640,"height":480,"url":"https:\/\/radioleinewelle.de\/wp-content\/uploads\/2021\/02\/first-aid-1212411_640.jpg","type":"image\/jpeg"}],"author":"Leinewelle","twitter_card":"summary_large_image","twitter_creator":"@https:\/\/twitter.com\/RLeinewelle?ref_src=twsrcgoogletwcampserptwgrauthor","twitter_site":"@RLeinewelle","twitter_misc":{"Verfasst von":"Leinewelle","Gesch\u00e4tzte Lesezeit":"4\u00a0Minuten"},"schema":{"@context":"https:\/\/schema.org","@graph":[{"@type":"Article","@id":"https:\/\/radioleinewelle.de\/index.php\/2021\/02\/11\/heute-ist-der-tag-des-notrufs\/#article","isPartOf":{"@id":"https:\/\/radioleinewelle.de\/index.php\/2021\/02\/11\/heute-ist-der-tag-des-notrufs\/"},"author":{"name":"Leinewelle","@id":"https:\/\/radioleinewelle.de\/#\/schema\/person\/45606f348637df637192dc1b68399a63"},"headline":"Heute ist der \u201eTag des Notrufs\u201c","datePublished":"2021-02-11T04:20:00+00:00","mainEntityOfPage":{"@id":"https:\/\/radioleinewelle.de\/index.php\/2021\/02\/11\/heute-ist-der-tag-des-notrufs\/"},"wordCount":907,"publisher":{"@id":"https:\/\/radioleinewelle.de\/#organization"},"image":{"@id":"https:\/\/radioleinewelle.de\/index.php\/2021\/02\/11\/heute-ist-der-tag-des-notrufs\/#primaryimage"},"thumbnailUrl":"https:\/\/radioleinewelle.de\/wp-content\/uploads\/2021\/02\/first-aid-1212411_640.jpg","articleSection":["Aktuelle Nachrichten"],"inLanguage":"de"},{"@type":"WebPage","@id":"https:\/\/radioleinewelle.de\/index.php\/2021\/02\/11\/heute-ist-der-tag-des-notrufs\/","url":"https:\/\/radioleinewelle.de\/index.php\/2021\/02\/11\/heute-ist-der-tag-des-notrufs\/","name":"Heute ist der \u201eTag des Notrufs\u201c - Radio Leinewelle","isPartOf":{"@id":"https:\/\/radioleinewelle.de\/#website"},"primaryImageOfPage":{"@id":"https:\/\/radioleinewelle.de\/index.php\/2021\/02\/11\/heute-ist-der-tag-des-notrufs\/#primaryimage"},"image":{"@id":"https:\/\/radioleinewelle.de\/index.php\/2021\/02\/11\/heute-ist-der-tag-des-notrufs\/#primaryimage"},"thumbnailUrl":"https:\/\/radioleinewelle.de\/wp-content\/uploads\/2021\/02\/first-aid-1212411_640.jpg","datePublished":"2021-02-11T04:20:00+00:00","breadcrumb":{"@id":"https:\/\/radioleinewelle.de\/index.php\/2021\/02\/11\/heute-ist-der-tag-des-notrufs\/#breadcrumb"},"inLanguage":"de","potentialAction":[{"@type":"ReadAction","target":["https:\/\/radioleinewelle.de\/index.php\/2021\/02\/11\/heute-ist-der-tag-des-notrufs\/"]}]},{"@type":"ImageObject","inLanguage":"de","@id":"https:\/\/radioleinewelle.de\/index.php\/2021\/02\/11\/heute-ist-der-tag-des-notrufs\/#primaryimage","url":"https:\/\/radioleinewelle.de\/wp-content\/uploads\/2021\/02\/first-aid-1212411_640.jpg","contentUrl":"https:\/\/radioleinewelle.de\/wp-content\/uploads\/2021\/02\/first-aid-1212411_640.jpg","width":640,"height":480},{"@type":"BreadcrumbList","@id":"https:\/\/radioleinewelle.de\/index.php\/2021\/02\/11\/heute-ist-der-tag-des-notrufs\/#breadcrumb","itemListElement":[{"@type":"ListItem","position":1,"name":"Startseite","item":"https:\/\/radioleinewelle.de\/"},{"@type":"ListItem","position":2,"name":"Heute ist der \u201eTag des Notrufs\u201c"}]},{"@type":"WebSite","@id":"https:\/\/radioleinewelle.de\/#website","url":"https:\/\/radioleinewelle.de\/","name":"Radio Leinewelle","description":"","publisher":{"@id":"https:\/\/radioleinewelle.de\/#organization"},"potentialAction":[{"@type":"SearchAction","target":{"@type":"EntryPoint","urlTemplate":"https:\/\/radioleinewelle.de\/?s={search_term_string}"},"query-input":{"@type":"PropertyValueSpecification","valueRequired":true,"valueName":"search_term_string"}}],"inLanguage":"de"},{"@type":"Organization","@id":"https:\/\/radioleinewelle.de\/#organization","name":"Radio Leinewelle","alternateName":"Mein Radio f\u00fcr S\u00fcdniedersachsen","url":"https:\/\/radioleinewelle.de\/","logo":{"@type":"ImageObject","inLanguage":"de","@id":"https:\/\/radioleinewelle.de\/#\/schema\/logo\/image\/","url":"https:\/\/radioleinewelle.de\/wp-content\/uploads\/2023\/11\/cropped-Leinewelle_Logo_weiss.png","contentUrl":"https:\/\/radioleinewelle.de\/wp-content\/uploads\/2023\/11\/cropped-Leinewelle_Logo_weiss.png","width":854,"height":260,"caption":"Radio Leinewelle"},"image":{"@id":"https:\/\/radioleinewelle.de\/#\/schema\/logo\/image\/"},"sameAs":["https:\/\/www.facebook.com\/radioleinewelle","https:\/\/x.com\/RLeinewelle","https:\/\/www.instagram.com\/radioleinewelle\/?hl=de"]},{"@type":"Person","@id":"https:\/\/radioleinewelle.de\/#\/schema\/person\/45606f348637df637192dc1b68399a63","name":"Leinewelle","image":{"@type":"ImageObject","inLanguage":"de","@id":"https:\/\/secure.gravatar.com\/avatar\/05c9a17bc973052ee5d91549bd32fb4dd0dc85b7b85ae94b2e2b4943476bbea5?s=96&d=blank&r=g","url":"https:\/\/secure.gravatar.com\/avatar\/05c9a17bc973052ee5d91549bd32fb4dd0dc85b7b85ae94b2e2b4943476bbea5?s=96&d=blank&r=g","contentUrl":"https:\/\/secure.gravatar.com\/avatar\/05c9a17bc973052ee5d91549bd32fb4dd0dc85b7b85ae94b2e2b4943476bbea5?s=96&d=blank&r=g","caption":"Leinewelle"},"sameAs":["http:\/\/localhost\/radio%20leinewelle\/wordpress","https:\/\/www.facebook.com\/radioleinewelle","https:\/\/www.instagram.com\/radioleinewelle","https:\/\/x.com\/https:\/\/twitter.com\/RLeinewelle?ref_src=twsrcgoogletwcampserptwgrauthor","https:\/\/soundcloud.com\/foerderverein-lokalradio?utm_source=clipboard&utm_medium=text&utm_campaign=social_sharing"],"url":"https:\/\/radioleinewelle.de\/index.php\/author\/leinewelle\/"}]}},"_links":{"self":[{"href":"https:\/\/radioleinewelle.de\/index.php\/wp-json\/wp\/v2\/posts\/5109","targetHints":{"allow":["GET"]}}],"collection":[{"href":"https:\/\/radioleinewelle.de\/index.php\/wp-json\/wp\/v2\/posts"}],"about":[{"href":"https:\/\/radioleinewelle.de\/index.php\/wp-json\/wp\/v2\/types\/post"}],"author":[{"embeddable":true,"href":"https:\/\/radioleinewelle.de\/index.php\/wp-json\/wp\/v2\/users\/1"}],"replies":[{"embeddable":true,"href":"https:\/\/radioleinewelle.de\/index.php\/wp-json\/wp\/v2\/comments?post=5109"}],"version-history":[{"count":0,"href":"https:\/\/radioleinewelle.de\/index.php\/wp-json\/wp\/v2\/posts\/5109\/revisions"}],"wp:featuredmedia":[{"embeddable":true,"href":"https:\/\/radioleinewelle.de\/index.php\/wp-json\/wp\/v2\/media\/5111"}],"wp:attachment":[{"href":"https:\/\/radioleinewelle.de\/index.php\/wp-json\/wp\/v2\/media?parent=5109"}],"wp:term":[{"taxonomy":"category","embeddable":true,"href":"https:\/\/radioleinewelle.de\/index.php\/wp-json\/wp\/v2\/categories?post=5109"},{"taxonomy":"post_tag","embeddable":true,"href":"https:\/\/radioleinewelle.de\/index.php\/wp-json\/wp\/v2\/tags?post=5109"}],"curies":[{"name":"wp","href":"https:\/\/api.w.org\/{rel}","templated":true}]}}