{"id":5116,"date":"2021-06-08T05:00:00","date_gmt":"2021-06-08T03:00:00","guid":{"rendered":"https:\/\/radioleinewelle.de\/?p=5116"},"modified":"2021-06-08T05:00:00","modified_gmt":"2021-06-08T03:00:00","slug":"so-siehts-aus-die-aktuellen-bechluesse-und-die-coronalage-in-suedniedersachsen-am-11-02","status":"publish","type":"post","link":"https:\/\/radioleinewelle.de\/index.php\/2021\/06\/08\/so-siehts-aus-die-aktuellen-bechluesse-und-die-coronalage-in-suedniedersachsen-am-11-02\/","title":{"rendered":"Erster Landkreis in S\u00fcdniedersachsen coronafrei &#8211; so sieht es am 08.06. aus"},"content":{"rendered":"\n<p><strong><span class=\"has-inline-color has-black-color\">\u00dcbersicht Impfungen:<\/span><\/strong><br \/>Die Impfnachfrage nach Freigabe der Periodisierung ist weiterhin gut: Die aktuelle Impfquote f\u00fcr Erstimpfungen: Niedersachsen liegt bei 46,4  % , in Hessen 45,4 % und in Th\u00fcringen 44,0 %.  Das Impfdashboard teilt mit: Am&nbsp;6. Juni 2021&nbsp;wurden in Deutschland&nbsp;273.355 Impfdosen verabreicht. Damit sind nun&nbsp;17.744.076 Personen (21,3\u200a%&nbsp;der Gesamt\u00adbev\u00f6lkerung) vollst\u00e4ndig geimpft. Insgesamt haben&nbsp;37.992.201 Personen&nbsp;(45,7\u200a%)&nbsp;mindestens eine Impf\u00addosis erhalten.<\/p>\n\n\n\n<p>Die <strong>Inzidenzzahlen (Quelle RKI) in S\u00fcdniedersachsen<\/strong><br \/>Zur Zeit liegen  alle Landkreise in S\u00fcdniedersachsen unter dem kritischen Wert von 30. Die aktuellen Zahlen im Detail:<br \/><strong>Die Landkreise:<\/strong><br \/>G\u00f6ttingen 19,9.  Northeim 15,9, Goslar 0,0, Holzminden 18,5,  H\u00f6xter (NRW) 18,5,  Eichsfeld (THR) 9,0,  Harz (S-A) 24,4 und Kassel (He) 24,9.<br \/>Der Durchschnitt in Niedersachsen liegt bei 15,7, der Bundesdurchschnitt bei 22,9, die <strong>bundesweite Zahl der Corona Neuinfektionen steigt   um 1204, die Sterbef\u00e4lle steigen bundesweit um 140 Tote<\/strong> zum Vortag. Die Gesamtzahl der Toten hat mit \u00fcber 89.000 Verstorbenen einen traurigen H\u00f6hepunkt erreicht. Die Anzahl der Bettenbelegungen auf den Intensivstationen in Niedersachsen f\u00e4llt weiter auf 5,7 % und 96 Patienten. In G\u00f6ttingen gibt es freie Bettenkapazit\u00e4ten an der UMG das EK Weende \/ Lenglern ist bis auf die ECMO Pl\u00e4tze komplett belegt.<\/p>\n\n\n\n<p><strong><a href=\"https:\/\/www.goettingen.de\/aktuelles\/coronavirus-das-gesundheitsamt-informiert-2020-02-17.html\">Weitere Informationen, insbesondere zu den Impfpriorit\u00e4ten<\/a><\/strong><\/p>\n\n\n\n<h3 class=\"wp-block-heading\">Lage in den Gemeinden (Gesamtzahl F\u00e4lle \/ aktuell Infizierte \/ Inzidenz)<\/h3>\n\n\n\n<ul class=\"wp-block-list\"><li>Flecken Adelebsen (108 \/ 2 \/ 0)<\/li><li>Gemeinde Bad Grund (Harz) (138 \/ 2 \/ 0)<\/li><li>Stadt Bad Lauterberg im Harz (290 \/ 2 \/ 0)<\/li><li>Stadt Bad Sachsa (238 \/ 2 \/ 0)<\/li><li>Flecken Bovenden (202 \/ 1 \/ 7,4)<\/li><li>Samtgemeinde Dransfeld (170 \/ 3 \/ 10,7)<\/li><li>Stadt Duderstadt (1.032 \/ 6 \/ 0)<\/li><li><strong>Gemeinde Friedland (164 \/ 15 \/ 75,6)<\/strong><\/li><li>Samtgemeinde Gieboldehausen (426 \/ 9 \/ 22,2)<\/li><li>Gemeinde Gleichen (147 \/ 2 \/ 22,6)<\/li><li>Stadt G\u00f6ttingen (2.534 \/ 86 \/ 5,9)<\/li><li>Stadt Hann. M\u00fcnden (897 \/ 26 \/ 29,6)<\/li><li>Samtgemeinde Hattorf am Harz (186 \/ 4 \/ 27,7)<\/li><li>Stadt Herzberg am Harz (445 \/ 0 \/ 0)<\/li><li>Stadt Osterode am Harz (397 \/ 5 \/ 0)<\/li><li>Samtgemeinde Radolfshausen (134 \/ 1 \/ 0)<\/li><li><strong>Gemeinde Rosdorf (236 \/ 16 \/ 50,6)<\/strong><\/li><li>Gemeinde Staufenberg (187 \/ 7 \/ 38,6)<\/li><li>Gemeinde Walkenried (116 \/ 2 \/ 0)<\/li><\/ul>\n\n\n\n<p>Quelle: Stadt G\u00f6ttingen<\/p>\n\n\n\n<p>Bild von&nbsp;<a href=\"https:\/\/pixabay.com\/de\/users\/geralt-9301\/?utm_source=link-attribution&amp;utm_medium=referral&amp;utm_campaign=image&amp;utm_content=5174671\">Gerd Altmann<\/a>&nbsp;auf&nbsp;<a href=\"https:\/\/pixabay.com\/de\/?utm_source=link-attribution&amp;utm_medium=referral&amp;utm_campaign=image&amp;utm_content=5174671\">Pixabay<\/a>&nbsp;<\/p>\n","protected":false},"excerpt":{"rendered":"<p>\u00dcbersicht Impfungen:Die Impfnachfrage nach Freigabe der Periodisierung ist weiterhin gut: Die aktuelle Impfquote f\u00fcr Erstimpfungen: Niedersachsen liegt bei 46,4 % , in Hessen 45,4 % und in Th\u00fcringen 44,0 %. Das Impfdashboard teilt mit: Am&nbsp;6. Juni 2021&nbsp;wurden in Deutschland&nbsp;273.355 Impfdosen verabreicht. Damit sind nun&nbsp;17.744.076 Personen (21,3\u200a%&nbsp;der Gesamt\u00adbev\u00f6lkerung) vollst\u00e4ndig geimpft. Insgesamt haben&nbsp;37.992.201 Personen&nbsp;(45,7\u200a%)&nbsp;mindestens eine Impf\u00addosis erhalten. [&hellip;]<\/p>\n","protected":false},"author":1,"featured_media":3778,"comment_status":"closed","ping_status":"closed","sticky":false,"template":"","format":"standard","meta":{"saved_in_kubio":false,"footnotes":""},"categories":[23],"tags":[159,1285,1286,1287,632],"class_list":["post-5116","post","type-post","status-publish","format-standard","has-post-thumbnail","hentry","category-corona","tag-corona","tag-impfquote","tag-inzidenzzahlen","tag-landkreis-eichsfeld","tag-suedniedersachsen"],"yoast_head":"<!-- This site is optimized with the Yoast SEO plugin v27.5 - https:\/\/yoast.com\/product\/yoast-seo-wordpress\/ -->\n<title>Erster Landkreis in S\u00fcdniedersachsen coronafrei - so sieht es am 08.06. aus - Radio Leinewelle<\/title>\n<meta name=\"robots\" content=\"index, follow, max-snippet:-1, max-image-preview:large, max-video-preview:-1\" \/>\n<link rel=\"canonical\" href=\"https:\/\/radioleinewelle.de\/index.php\/2021\/06\/08\/so-siehts-aus-die-aktuellen-bechluesse-und-die-coronalage-in-suedniedersachsen-am-11-02\/\" \/>\n<meta property=\"og:locale\" content=\"de_DE\" \/>\n<meta property=\"og:type\" content=\"article\" \/>\n<meta property=\"og:title\" content=\"Erster Landkreis in S\u00fcdniedersachsen coronafrei - so sieht es am 08.06. aus - Radio Leinewelle\" \/>\n<meta property=\"og:description\" content=\"\u00dcbersicht Impfungen:Die Impfnachfrage nach Freigabe der Periodisierung ist weiterhin gut: Die aktuelle Impfquote f\u00fcr Erstimpfungen: Niedersachsen liegt bei 46,4 % , in Hessen 45,4 % und in Th\u00fcringen 44,0 %. Das Impfdashboard teilt mit: Am&nbsp;6. Juni 2021&nbsp;wurden in Deutschland&nbsp;273.355 Impfdosen verabreicht. Damit sind nun&nbsp;17.744.076 Personen (21,3\u200a%&nbsp;der Gesamt\u00adbev\u00f6lkerung) vollst\u00e4ndig geimpft. Insgesamt haben&nbsp;37.992.201 Personen&nbsp;(45,7\u200a%)&nbsp;mindestens eine Impf\u00addosis erhalten. [&hellip;]\" \/>\n<meta property=\"og:url\" content=\"https:\/\/radioleinewelle.de\/index.php\/2021\/06\/08\/so-siehts-aus-die-aktuellen-bechluesse-und-die-coronalage-in-suedniedersachsen-am-11-02\/\" \/>\n<meta property=\"og:site_name\" content=\"Radio Leinewelle\" \/>\n<meta property=\"article:publisher\" content=\"https:\/\/www.facebook.com\/radioleinewelle\" \/>\n<meta property=\"article:author\" content=\"https:\/\/www.facebook.com\/radioleinewelle\" \/>\n<meta property=\"article:published_time\" content=\"2021-06-08T03:00:00+00:00\" \/>\n<meta property=\"og:image\" content=\"https:\/\/radioleinewelle.de\/wp-content\/uploads\/2020\/12\/coronavirus-4833754_640.jpg\" \/>\n\t<meta property=\"og:image:width\" content=\"640\" \/>\n\t<meta property=\"og:image:height\" content=\"320\" \/>\n\t<meta property=\"og:image:type\" content=\"image\/jpeg\" \/>\n<meta name=\"author\" content=\"Leinewelle\" \/>\n<meta name=\"twitter:card\" content=\"summary_large_image\" \/>\n<meta name=\"twitter:creator\" content=\"@https:\/\/twitter.com\/RLeinewelle?ref_src=twsrcgoogletwcampserptwgrauthor\" \/>\n<meta name=\"twitter:site\" content=\"@RLeinewelle\" \/>\n<meta name=\"twitter:label1\" content=\"Verfasst von\" \/>\n\t<meta name=\"twitter:data1\" content=\"Leinewelle\" \/>\n\t<meta name=\"twitter:label2\" content=\"Gesch\u00e4tzte Lesezeit\" \/>\n\t<meta name=\"twitter:data2\" content=\"2\u00a0Minuten\" \/>\n<script type=\"application\/ld+json\" class=\"yoast-schema-graph\">{\"@context\":\"https:\\\/\\\/schema.org\",\"@graph\":[{\"@type\":\"Article\",\"@id\":\"https:\\\/\\\/radioleinewelle.de\\\/index.php\\\/2021\\\/06\\\/08\\\/so-siehts-aus-die-aktuellen-bechluesse-und-die-coronalage-in-suedniedersachsen-am-11-02\\\/#article\",\"isPartOf\":{\"@id\":\"https:\\\/\\\/radioleinewelle.de\\\/index.php\\\/2021\\\/06\\\/08\\\/so-siehts-aus-die-aktuellen-bechluesse-und-die-coronalage-in-suedniedersachsen-am-11-02\\\/\"},\"author\":{\"name\":\"Leinewelle\",\"@id\":\"https:\\\/\\\/radioleinewelle.de\\\/#\\\/schema\\\/person\\\/45606f348637df637192dc1b68399a63\"},\"headline\":\"Erster Landkreis in S\u00fcdniedersachsen coronafrei &#8211; so sieht es am 08.06. aus\",\"datePublished\":\"2021-06-08T03:00:00+00:00\",\"mainEntityOfPage\":{\"@id\":\"https:\\\/\\\/radioleinewelle.de\\\/index.php\\\/2021\\\/06\\\/08\\\/so-siehts-aus-die-aktuellen-bechluesse-und-die-coronalage-in-suedniedersachsen-am-11-02\\\/\"},\"wordCount\":280,\"publisher\":{\"@id\":\"https:\\\/\\\/radioleinewelle.de\\\/#organization\"},\"image\":{\"@id\":\"https:\\\/\\\/radioleinewelle.de\\\/index.php\\\/2021\\\/06\\\/08\\\/so-siehts-aus-die-aktuellen-bechluesse-und-die-coronalage-in-suedniedersachsen-am-11-02\\\/#primaryimage\"},\"thumbnailUrl\":\"https:\\\/\\\/radioleinewelle.de\\\/wp-content\\\/uploads\\\/2020\\\/12\\\/coronavirus-4833754_640.jpg\",\"keywords\":[\"Corona\",\"Impfquote\",\"Inzidenzzahlen\",\"Landkreis Eichsfeld\",\"S\u00fcdniedersachsen\"],\"articleSection\":[\"Corona\"],\"inLanguage\":\"de\"},{\"@type\":\"WebPage\",\"@id\":\"https:\\\/\\\/radioleinewelle.de\\\/index.php\\\/2021\\\/06\\\/08\\\/so-siehts-aus-die-aktuellen-bechluesse-und-die-coronalage-in-suedniedersachsen-am-11-02\\\/\",\"url\":\"https:\\\/\\\/radioleinewelle.de\\\/index.php\\\/2021\\\/06\\\/08\\\/so-siehts-aus-die-aktuellen-bechluesse-und-die-coronalage-in-suedniedersachsen-am-11-02\\\/\",\"name\":\"Erster Landkreis in S\u00fcdniedersachsen coronafrei - so sieht es am 08.06. aus - Radio Leinewelle\",\"isPartOf\":{\"@id\":\"https:\\\/\\\/radioleinewelle.de\\\/#website\"},\"primaryImageOfPage\":{\"@id\":\"https:\\\/\\\/radioleinewelle.de\\\/index.php\\\/2021\\\/06\\\/08\\\/so-siehts-aus-die-aktuellen-bechluesse-und-die-coronalage-in-suedniedersachsen-am-11-02\\\/#primaryimage\"},\"image\":{\"@id\":\"https:\\\/\\\/radioleinewelle.de\\\/index.php\\\/2021\\\/06\\\/08\\\/so-siehts-aus-die-aktuellen-bechluesse-und-die-coronalage-in-suedniedersachsen-am-11-02\\\/#primaryimage\"},\"thumbnailUrl\":\"https:\\\/\\\/radioleinewelle.de\\\/wp-content\\\/uploads\\\/2020\\\/12\\\/coronavirus-4833754_640.jpg\",\"datePublished\":\"2021-06-08T03:00:00+00:00\",\"breadcrumb\":{\"@id\":\"https:\\\/\\\/radioleinewelle.de\\\/index.php\\\/2021\\\/06\\\/08\\\/so-siehts-aus-die-aktuellen-bechluesse-und-die-coronalage-in-suedniedersachsen-am-11-02\\\/#breadcrumb\"},\"inLanguage\":\"de\",\"potentialAction\":[{\"@type\":\"ReadAction\",\"target\":[\"https:\\\/\\\/radioleinewelle.de\\\/index.php\\\/2021\\\/06\\\/08\\\/so-siehts-aus-die-aktuellen-bechluesse-und-die-coronalage-in-suedniedersachsen-am-11-02\\\/\"]}]},{\"@type\":\"ImageObject\",\"inLanguage\":\"de\",\"@id\":\"https:\\\/\\\/radioleinewelle.de\\\/index.php\\\/2021\\\/06\\\/08\\\/so-siehts-aus-die-aktuellen-bechluesse-und-die-coronalage-in-suedniedersachsen-am-11-02\\\/#primaryimage\",\"url\":\"https:\\\/\\\/radioleinewelle.de\\\/wp-content\\\/uploads\\\/2020\\\/12\\\/coronavirus-4833754_640.jpg\",\"contentUrl\":\"https:\\\/\\\/radioleinewelle.de\\\/wp-content\\\/uploads\\\/2020\\\/12\\\/coronavirus-4833754_640.jpg\",\"width\":640,\"height\":320},{\"@type\":\"BreadcrumbList\",\"@id\":\"https:\\\/\\\/radioleinewelle.de\\\/index.php\\\/2021\\\/06\\\/08\\\/so-siehts-aus-die-aktuellen-bechluesse-und-die-coronalage-in-suedniedersachsen-am-11-02\\\/#breadcrumb\",\"itemListElement\":[{\"@type\":\"ListItem\",\"position\":1,\"name\":\"Startseite\",\"item\":\"https:\\\/\\\/radioleinewelle.de\\\/\"},{\"@type\":\"ListItem\",\"position\":2,\"name\":\"Erster Landkreis in S\u00fcdniedersachsen coronafrei &#8211; so sieht es am 08.06. aus\"}]},{\"@type\":\"WebSite\",\"@id\":\"https:\\\/\\\/radioleinewelle.de\\\/#website\",\"url\":\"https:\\\/\\\/radioleinewelle.de\\\/\",\"name\":\"Radio Leinewelle\",\"description\":\"\",\"publisher\":{\"@id\":\"https:\\\/\\\/radioleinewelle.de\\\/#organization\"},\"potentialAction\":[{\"@type\":\"SearchAction\",\"target\":{\"@type\":\"EntryPoint\",\"urlTemplate\":\"https:\\\/\\\/radioleinewelle.de\\\/?s={search_term_string}\"},\"query-input\":{\"@type\":\"PropertyValueSpecification\",\"valueRequired\":true,\"valueName\":\"search_term_string\"}}],\"inLanguage\":\"de\"},{\"@type\":\"Organization\",\"@id\":\"https:\\\/\\\/radioleinewelle.de\\\/#organization\",\"name\":\"Radio Leinewelle\",\"alternateName\":\"Mein Radio f\u00fcr S\u00fcdniedersachsen\",\"url\":\"https:\\\/\\\/radioleinewelle.de\\\/\",\"logo\":{\"@type\":\"ImageObject\",\"inLanguage\":\"de\",\"@id\":\"https:\\\/\\\/radioleinewelle.de\\\/#\\\/schema\\\/logo\\\/image\\\/\",\"url\":\"https:\\\/\\\/radioleinewelle.de\\\/wp-content\\\/uploads\\\/2023\\\/11\\\/cropped-Leinewelle_Logo_weiss.png\",\"contentUrl\":\"https:\\\/\\\/radioleinewelle.de\\\/wp-content\\\/uploads\\\/2023\\\/11\\\/cropped-Leinewelle_Logo_weiss.png\",\"width\":854,\"height\":260,\"caption\":\"Radio Leinewelle\"},\"image\":{\"@id\":\"https:\\\/\\\/radioleinewelle.de\\\/#\\\/schema\\\/logo\\\/image\\\/\"},\"sameAs\":[\"https:\\\/\\\/www.facebook.com\\\/radioleinewelle\",\"https:\\\/\\\/x.com\\\/RLeinewelle\",\"https:\\\/\\\/www.instagram.com\\\/radioleinewelle\\\/?hl=de\"]},{\"@type\":\"Person\",\"@id\":\"https:\\\/\\\/radioleinewelle.de\\\/#\\\/schema\\\/person\\\/45606f348637df637192dc1b68399a63\",\"name\":\"Leinewelle\",\"image\":{\"@type\":\"ImageObject\",\"inLanguage\":\"de\",\"@id\":\"https:\\\/\\\/secure.gravatar.com\\\/avatar\\\/05c9a17bc973052ee5d91549bd32fb4dd0dc85b7b85ae94b2e2b4943476bbea5?s=96&d=blank&r=g\",\"url\":\"https:\\\/\\\/secure.gravatar.com\\\/avatar\\\/05c9a17bc973052ee5d91549bd32fb4dd0dc85b7b85ae94b2e2b4943476bbea5?s=96&d=blank&r=g\",\"contentUrl\":\"https:\\\/\\\/secure.gravatar.com\\\/avatar\\\/05c9a17bc973052ee5d91549bd32fb4dd0dc85b7b85ae94b2e2b4943476bbea5?s=96&d=blank&r=g\",\"caption\":\"Leinewelle\"},\"sameAs\":[\"http:\\\/\\\/localhost\\\/radio%20leinewelle\\\/wordpress\",\"https:\\\/\\\/www.facebook.com\\\/radioleinewelle\",\"https:\\\/\\\/www.instagram.com\\\/radioleinewelle\",\"https:\\\/\\\/x.com\\\/https:\\\/\\\/twitter.com\\\/RLeinewelle?ref_src=twsrcgoogletwcampserptwgrauthor\",\"https:\\\/\\\/soundcloud.com\\\/foerderverein-lokalradio?utm_source=clipboard&utm_medium=text&utm_campaign=social_sharing\"],\"url\":\"https:\\\/\\\/radioleinewelle.de\\\/index.php\\\/author\\\/leinewelle\\\/\"}]}<\/script>\n<!-- \/ Yoast SEO plugin. -->","yoast_head_json":{"title":"Erster Landkreis in S\u00fcdniedersachsen coronafrei - so sieht es am 08.06. aus - Radio Leinewelle","robots":{"index":"index","follow":"follow","max-snippet":"max-snippet:-1","max-image-preview":"max-image-preview:large","max-video-preview":"max-video-preview:-1"},"canonical":"https:\/\/radioleinewelle.de\/index.php\/2021\/06\/08\/so-siehts-aus-die-aktuellen-bechluesse-und-die-coronalage-in-suedniedersachsen-am-11-02\/","og_locale":"de_DE","og_type":"article","og_title":"Erster Landkreis in S\u00fcdniedersachsen coronafrei - so sieht es am 08.06. aus - Radio Leinewelle","og_description":"\u00dcbersicht Impfungen:Die Impfnachfrage nach Freigabe der Periodisierung ist weiterhin gut: Die aktuelle Impfquote f\u00fcr Erstimpfungen: Niedersachsen liegt bei 46,4 % , in Hessen 45,4 % und in Th\u00fcringen 44,0 %. Das Impfdashboard teilt mit: Am&nbsp;6. Juni 2021&nbsp;wurden in Deutschland&nbsp;273.355 Impfdosen verabreicht. Damit sind nun&nbsp;17.744.076 Personen (21,3\u200a%&nbsp;der Gesamt\u00adbev\u00f6lkerung) vollst\u00e4ndig geimpft. Insgesamt haben&nbsp;37.992.201 Personen&nbsp;(45,7\u200a%)&nbsp;mindestens eine Impf\u00addosis erhalten. [&hellip;]","og_url":"https:\/\/radioleinewelle.de\/index.php\/2021\/06\/08\/so-siehts-aus-die-aktuellen-bechluesse-und-die-coronalage-in-suedniedersachsen-am-11-02\/","og_site_name":"Radio Leinewelle","article_publisher":"https:\/\/www.facebook.com\/radioleinewelle","article_author":"https:\/\/www.facebook.com\/radioleinewelle","article_published_time":"2021-06-08T03:00:00+00:00","og_image":[{"width":640,"height":320,"url":"https:\/\/radioleinewelle.de\/wp-content\/uploads\/2020\/12\/coronavirus-4833754_640.jpg","type":"image\/jpeg"}],"author":"Leinewelle","twitter_card":"summary_large_image","twitter_creator":"@https:\/\/twitter.com\/RLeinewelle?ref_src=twsrcgoogletwcampserptwgrauthor","twitter_site":"@RLeinewelle","twitter_misc":{"Verfasst von":"Leinewelle","Gesch\u00e4tzte Lesezeit":"2\u00a0Minuten"},"schema":{"@context":"https:\/\/schema.org","@graph":[{"@type":"Article","@id":"https:\/\/radioleinewelle.de\/index.php\/2021\/06\/08\/so-siehts-aus-die-aktuellen-bechluesse-und-die-coronalage-in-suedniedersachsen-am-11-02\/#article","isPartOf":{"@id":"https:\/\/radioleinewelle.de\/index.php\/2021\/06\/08\/so-siehts-aus-die-aktuellen-bechluesse-und-die-coronalage-in-suedniedersachsen-am-11-02\/"},"author":{"name":"Leinewelle","@id":"https:\/\/radioleinewelle.de\/#\/schema\/person\/45606f348637df637192dc1b68399a63"},"headline":"Erster Landkreis in S\u00fcdniedersachsen coronafrei &#8211; so sieht es am 08.06. aus","datePublished":"2021-06-08T03:00:00+00:00","mainEntityOfPage":{"@id":"https:\/\/radioleinewelle.de\/index.php\/2021\/06\/08\/so-siehts-aus-die-aktuellen-bechluesse-und-die-coronalage-in-suedniedersachsen-am-11-02\/"},"wordCount":280,"publisher":{"@id":"https:\/\/radioleinewelle.de\/#organization"},"image":{"@id":"https:\/\/radioleinewelle.de\/index.php\/2021\/06\/08\/so-siehts-aus-die-aktuellen-bechluesse-und-die-coronalage-in-suedniedersachsen-am-11-02\/#primaryimage"},"thumbnailUrl":"https:\/\/radioleinewelle.de\/wp-content\/uploads\/2020\/12\/coronavirus-4833754_640.jpg","keywords":["Corona","Impfquote","Inzidenzzahlen","Landkreis Eichsfeld","S\u00fcdniedersachsen"],"articleSection":["Corona"],"inLanguage":"de"},{"@type":"WebPage","@id":"https:\/\/radioleinewelle.de\/index.php\/2021\/06\/08\/so-siehts-aus-die-aktuellen-bechluesse-und-die-coronalage-in-suedniedersachsen-am-11-02\/","url":"https:\/\/radioleinewelle.de\/index.php\/2021\/06\/08\/so-siehts-aus-die-aktuellen-bechluesse-und-die-coronalage-in-suedniedersachsen-am-11-02\/","name":"Erster Landkreis in S\u00fcdniedersachsen coronafrei - so sieht es am 08.06. aus - Radio Leinewelle","isPartOf":{"@id":"https:\/\/radioleinewelle.de\/#website"},"primaryImageOfPage":{"@id":"https:\/\/radioleinewelle.de\/index.php\/2021\/06\/08\/so-siehts-aus-die-aktuellen-bechluesse-und-die-coronalage-in-suedniedersachsen-am-11-02\/#primaryimage"},"image":{"@id":"https:\/\/radioleinewelle.de\/index.php\/2021\/06\/08\/so-siehts-aus-die-aktuellen-bechluesse-und-die-coronalage-in-suedniedersachsen-am-11-02\/#primaryimage"},"thumbnailUrl":"https:\/\/radioleinewelle.de\/wp-content\/uploads\/2020\/12\/coronavirus-4833754_640.jpg","datePublished":"2021-06-08T03:00:00+00:00","breadcrumb":{"@id":"https:\/\/radioleinewelle.de\/index.php\/2021\/06\/08\/so-siehts-aus-die-aktuellen-bechluesse-und-die-coronalage-in-suedniedersachsen-am-11-02\/#breadcrumb"},"inLanguage":"de","potentialAction":[{"@type":"ReadAction","target":["https:\/\/radioleinewelle.de\/index.php\/2021\/06\/08\/so-siehts-aus-die-aktuellen-bechluesse-und-die-coronalage-in-suedniedersachsen-am-11-02\/"]}]},{"@type":"ImageObject","inLanguage":"de","@id":"https:\/\/radioleinewelle.de\/index.php\/2021\/06\/08\/so-siehts-aus-die-aktuellen-bechluesse-und-die-coronalage-in-suedniedersachsen-am-11-02\/#primaryimage","url":"https:\/\/radioleinewelle.de\/wp-content\/uploads\/2020\/12\/coronavirus-4833754_640.jpg","contentUrl":"https:\/\/radioleinewelle.de\/wp-content\/uploads\/2020\/12\/coronavirus-4833754_640.jpg","width":640,"height":320},{"@type":"BreadcrumbList","@id":"https:\/\/radioleinewelle.de\/index.php\/2021\/06\/08\/so-siehts-aus-die-aktuellen-bechluesse-und-die-coronalage-in-suedniedersachsen-am-11-02\/#breadcrumb","itemListElement":[{"@type":"ListItem","position":1,"name":"Startseite","item":"https:\/\/radioleinewelle.de\/"},{"@type":"ListItem","position":2,"name":"Erster Landkreis in S\u00fcdniedersachsen coronafrei &#8211; so sieht es am 08.06. aus"}]},{"@type":"WebSite","@id":"https:\/\/radioleinewelle.de\/#website","url":"https:\/\/radioleinewelle.de\/","name":"Radio Leinewelle","description":"","publisher":{"@id":"https:\/\/radioleinewelle.de\/#organization"},"potentialAction":[{"@type":"SearchAction","target":{"@type":"EntryPoint","urlTemplate":"https:\/\/radioleinewelle.de\/?s={search_term_string}"},"query-input":{"@type":"PropertyValueSpecification","valueRequired":true,"valueName":"search_term_string"}}],"inLanguage":"de"},{"@type":"Organization","@id":"https:\/\/radioleinewelle.de\/#organization","name":"Radio Leinewelle","alternateName":"Mein Radio f\u00fcr S\u00fcdniedersachsen","url":"https:\/\/radioleinewelle.de\/","logo":{"@type":"ImageObject","inLanguage":"de","@id":"https:\/\/radioleinewelle.de\/#\/schema\/logo\/image\/","url":"https:\/\/radioleinewelle.de\/wp-content\/uploads\/2023\/11\/cropped-Leinewelle_Logo_weiss.png","contentUrl":"https:\/\/radioleinewelle.de\/wp-content\/uploads\/2023\/11\/cropped-Leinewelle_Logo_weiss.png","width":854,"height":260,"caption":"Radio Leinewelle"},"image":{"@id":"https:\/\/radioleinewelle.de\/#\/schema\/logo\/image\/"},"sameAs":["https:\/\/www.facebook.com\/radioleinewelle","https:\/\/x.com\/RLeinewelle","https:\/\/www.instagram.com\/radioleinewelle\/?hl=de"]},{"@type":"Person","@id":"https:\/\/radioleinewelle.de\/#\/schema\/person\/45606f348637df637192dc1b68399a63","name":"Leinewelle","image":{"@type":"ImageObject","inLanguage":"de","@id":"https:\/\/secure.gravatar.com\/avatar\/05c9a17bc973052ee5d91549bd32fb4dd0dc85b7b85ae94b2e2b4943476bbea5?s=96&d=blank&r=g","url":"https:\/\/secure.gravatar.com\/avatar\/05c9a17bc973052ee5d91549bd32fb4dd0dc85b7b85ae94b2e2b4943476bbea5?s=96&d=blank&r=g","contentUrl":"https:\/\/secure.gravatar.com\/avatar\/05c9a17bc973052ee5d91549bd32fb4dd0dc85b7b85ae94b2e2b4943476bbea5?s=96&d=blank&r=g","caption":"Leinewelle"},"sameAs":["http:\/\/localhost\/radio%20leinewelle\/wordpress","https:\/\/www.facebook.com\/radioleinewelle","https:\/\/www.instagram.com\/radioleinewelle","https:\/\/x.com\/https:\/\/twitter.com\/RLeinewelle?ref_src=twsrcgoogletwcampserptwgrauthor","https:\/\/soundcloud.com\/foerderverein-lokalradio?utm_source=clipboard&utm_medium=text&utm_campaign=social_sharing"],"url":"https:\/\/radioleinewelle.de\/index.php\/author\/leinewelle\/"}]}},"_links":{"self":[{"href":"https:\/\/radioleinewelle.de\/index.php\/wp-json\/wp\/v2\/posts\/5116","targetHints":{"allow":["GET"]}}],"collection":[{"href":"https:\/\/radioleinewelle.de\/index.php\/wp-json\/wp\/v2\/posts"}],"about":[{"href":"https:\/\/radioleinewelle.de\/index.php\/wp-json\/wp\/v2\/types\/post"}],"author":[{"embeddable":true,"href":"https:\/\/radioleinewelle.de\/index.php\/wp-json\/wp\/v2\/users\/1"}],"replies":[{"embeddable":true,"href":"https:\/\/radioleinewelle.de\/index.php\/wp-json\/wp\/v2\/comments?post=5116"}],"version-history":[{"count":0,"href":"https:\/\/radioleinewelle.de\/index.php\/wp-json\/wp\/v2\/posts\/5116\/revisions"}],"wp:featuredmedia":[{"embeddable":true,"href":"https:\/\/radioleinewelle.de\/index.php\/wp-json\/wp\/v2\/media\/3778"}],"wp:attachment":[{"href":"https:\/\/radioleinewelle.de\/index.php\/wp-json\/wp\/v2\/media?parent=5116"}],"wp:term":[{"taxonomy":"category","embeddable":true,"href":"https:\/\/radioleinewelle.de\/index.php\/wp-json\/wp\/v2\/categories?post=5116"},{"taxonomy":"post_tag","embeddable":true,"href":"https:\/\/radioleinewelle.de\/index.php\/wp-json\/wp\/v2\/tags?post=5116"}],"curies":[{"name":"wp","href":"https:\/\/api.w.org\/{rel}","templated":true}]}}