{"id":5157,"date":"2021-02-12T05:35:34","date_gmt":"2021-02-12T04:35:34","guid":{"rendered":"https:\/\/radioleinewelle.de\/?p=5157"},"modified":"2021-02-12T05:35:34","modified_gmt":"2021-02-12T04:35:34","slug":"frontalzusammenstoss-auf-winterglatter-b-27-bei-roringen-zwei-autofahrer-schwer-verletzt","status":"publish","type":"post","link":"https:\/\/radioleinewelle.de\/index.php\/2021\/02\/12\/frontalzusammenstoss-auf-winterglatter-b-27-bei-roringen-zwei-autofahrer-schwer-verletzt\/","title":{"rendered":"Frontalzusammensto\u00df auf winterglatter B 27 bei Roringen &#8211; Zwei Autofahrer schwer verletzt"},"content":{"rendered":"\n<p>RORINGEN (jk) &#8211; Bei einem Verkehrsunfall auf der Bundesstra\u00dfe 27 bei Roringen (Landkreis G\u00f6ttingen) sind am Donnerstagmittag (11.02.21) gegen 11.30 Uhr zwei Autofahrer schwer verletzt worden. Rettungswagen transportierten beide M\u00e4nner ins Krankenhaus. Lebensgefahr soll bei keinem von beiden bestehen.&nbsp;<\/p>\n\n\n\n<p>Nach Erstinformationen verlor ein in Richtung G\u00f6ttingen fahrender, 27 Jahre alter Mann aus Duderstadt aus zurzeit noch ungekl\u00e4rter Ursache auf winterglatter Stra\u00dfe pl\u00f6tzlich die Kontrolle \u00fcber seinen Wagen und stie\u00df mit einem entgegenkommenden BMW aus dem Landkreis Northeim zusammen. Dessen 37 Jahre alter Fahrer erlitt bei dem Aufprall ebenfalls schwere Verletzungen.&nbsp;<\/p>\n\n\n\n<p>An beiden Fahrzeugen entstand ein gesch\u00e4tzter Gesamtschaden in H\u00f6he von etwa 20.000 Euro.&nbsp;<\/p>\n","protected":false},"excerpt":{"rendered":"<p>RORINGEN (jk) &#8211; Bei einem Verkehrsunfall auf der Bundesstra\u00dfe 27 bei Roringen (Landkreis G\u00f6ttingen) sind am Donnerstagmittag (11.02.21) gegen 11.30 Uhr zwei Autofahrer schwer verletzt worden. Rettungswagen transportierten beide M\u00e4nner ins Krankenhaus. Lebensgefahr soll bei keinem von beiden bestehen.&nbsp; Nach Erstinformationen verlor ein in Richtung G\u00f6ttingen fahrender, 27 Jahre alter Mann aus Duderstadt aus zurzeit [&hellip;]<\/p>\n","protected":false},"author":1,"featured_media":1766,"comment_status":"closed","ping_status":"closed","sticky":false,"template":"","format":"standard","meta":{"saved_in_kubio":false,"footnotes":""},"categories":[24],"tags":[],"class_list":["post-5157","post","type-post","status-publish","format-standard","has-post-thumbnail","hentry","category-news"],"yoast_head":"<!-- This site is optimized with the Yoast SEO plugin v27.5 - https:\/\/yoast.com\/product\/yoast-seo-wordpress\/ -->\n<title>Frontalzusammensto\u00df auf winterglatter B 27 bei Roringen - Zwei Autofahrer schwer verletzt - Radio Leinewelle<\/title>\n<meta name=\"robots\" content=\"index, follow, max-snippet:-1, max-image-preview:large, max-video-preview:-1\" \/>\n<link rel=\"canonical\" href=\"https:\/\/radioleinewelle.de\/index.php\/2021\/02\/12\/frontalzusammenstoss-auf-winterglatter-b-27-bei-roringen-zwei-autofahrer-schwer-verletzt\/\" \/>\n<meta property=\"og:locale\" content=\"de_DE\" \/>\n<meta property=\"og:type\" content=\"article\" \/>\n<meta property=\"og:title\" content=\"Frontalzusammensto\u00df auf winterglatter B 27 bei Roringen - Zwei Autofahrer schwer verletzt - Radio Leinewelle\" \/>\n<meta property=\"og:description\" content=\"RORINGEN (jk) &#8211; Bei einem Verkehrsunfall auf der Bundesstra\u00dfe 27 bei Roringen (Landkreis G\u00f6ttingen) sind am Donnerstagmittag (11.02.21) gegen 11.30 Uhr zwei Autofahrer schwer verletzt worden. Rettungswagen transportierten beide M\u00e4nner ins Krankenhaus. Lebensgefahr soll bei keinem von beiden bestehen.&nbsp; Nach Erstinformationen verlor ein in Richtung G\u00f6ttingen fahrender, 27 Jahre alter Mann aus Duderstadt aus zurzeit [&hellip;]\" \/>\n<meta property=\"og:url\" content=\"https:\/\/radioleinewelle.de\/index.php\/2021\/02\/12\/frontalzusammenstoss-auf-winterglatter-b-27-bei-roringen-zwei-autofahrer-schwer-verletzt\/\" \/>\n<meta property=\"og:site_name\" content=\"Radio Leinewelle\" \/>\n<meta property=\"article:publisher\" content=\"https:\/\/www.facebook.com\/radioleinewelle\" \/>\n<meta property=\"article:author\" content=\"https:\/\/www.facebook.com\/radioleinewelle\" \/>\n<meta property=\"article:published_time\" content=\"2021-02-12T04:35:34+00:00\" \/>\n<meta property=\"og:image\" content=\"https:\/\/radioleinewelle.de\/wp-content\/uploads\/2020\/09\/police-1530531_640.jpg\" \/>\n\t<meta property=\"og:image:width\" content=\"640\" \/>\n\t<meta property=\"og:image:height\" content=\"382\" \/>\n\t<meta property=\"og:image:type\" content=\"image\/jpeg\" \/>\n<meta name=\"author\" content=\"Leinewelle\" \/>\n<meta name=\"twitter:card\" content=\"summary_large_image\" \/>\n<meta name=\"twitter:creator\" content=\"@https:\/\/twitter.com\/RLeinewelle?ref_src=twsrcgoogletwcampserptwgrauthor\" \/>\n<meta name=\"twitter:site\" content=\"@RLeinewelle\" \/>\n<meta name=\"twitter:label1\" content=\"Verfasst von\" \/>\n\t<meta name=\"twitter:data1\" content=\"Leinewelle\" \/>\n\t<meta name=\"twitter:label2\" content=\"Gesch\u00e4tzte Lesezeit\" \/>\n\t<meta name=\"twitter:data2\" content=\"1\u00a0Minute\" \/>\n<script type=\"application\/ld+json\" class=\"yoast-schema-graph\">{\"@context\":\"https:\\\/\\\/schema.org\",\"@graph\":[{\"@type\":\"Article\",\"@id\":\"https:\\\/\\\/radioleinewelle.de\\\/index.php\\\/2021\\\/02\\\/12\\\/frontalzusammenstoss-auf-winterglatter-b-27-bei-roringen-zwei-autofahrer-schwer-verletzt\\\/#article\",\"isPartOf\":{\"@id\":\"https:\\\/\\\/radioleinewelle.de\\\/index.php\\\/2021\\\/02\\\/12\\\/frontalzusammenstoss-auf-winterglatter-b-27-bei-roringen-zwei-autofahrer-schwer-verletzt\\\/\"},\"author\":{\"name\":\"Leinewelle\",\"@id\":\"https:\\\/\\\/radioleinewelle.de\\\/#\\\/schema\\\/person\\\/45606f348637df637192dc1b68399a63\"},\"headline\":\"Frontalzusammensto\u00df auf winterglatter B 27 bei Roringen &#8211; Zwei Autofahrer schwer verletzt\",\"datePublished\":\"2021-02-12T04:35:34+00:00\",\"mainEntityOfPage\":{\"@id\":\"https:\\\/\\\/radioleinewelle.de\\\/index.php\\\/2021\\\/02\\\/12\\\/frontalzusammenstoss-auf-winterglatter-b-27-bei-roringen-zwei-autofahrer-schwer-verletzt\\\/\"},\"wordCount\":120,\"publisher\":{\"@id\":\"https:\\\/\\\/radioleinewelle.de\\\/#organization\"},\"image\":{\"@id\":\"https:\\\/\\\/radioleinewelle.de\\\/index.php\\\/2021\\\/02\\\/12\\\/frontalzusammenstoss-auf-winterglatter-b-27-bei-roringen-zwei-autofahrer-schwer-verletzt\\\/#primaryimage\"},\"thumbnailUrl\":\"https:\\\/\\\/radioleinewelle.de\\\/wp-content\\\/uploads\\\/2020\\\/09\\\/police-1530531_640.jpg\",\"articleSection\":[\"Aktuelle Nachrichten\"],\"inLanguage\":\"de\"},{\"@type\":\"WebPage\",\"@id\":\"https:\\\/\\\/radioleinewelle.de\\\/index.php\\\/2021\\\/02\\\/12\\\/frontalzusammenstoss-auf-winterglatter-b-27-bei-roringen-zwei-autofahrer-schwer-verletzt\\\/\",\"url\":\"https:\\\/\\\/radioleinewelle.de\\\/index.php\\\/2021\\\/02\\\/12\\\/frontalzusammenstoss-auf-winterglatter-b-27-bei-roringen-zwei-autofahrer-schwer-verletzt\\\/\",\"name\":\"Frontalzusammensto\u00df auf winterglatter B 27 bei Roringen - Zwei Autofahrer schwer verletzt - Radio Leinewelle\",\"isPartOf\":{\"@id\":\"https:\\\/\\\/radioleinewelle.de\\\/#website\"},\"primaryImageOfPage\":{\"@id\":\"https:\\\/\\\/radioleinewelle.de\\\/index.php\\\/2021\\\/02\\\/12\\\/frontalzusammenstoss-auf-winterglatter-b-27-bei-roringen-zwei-autofahrer-schwer-verletzt\\\/#primaryimage\"},\"image\":{\"@id\":\"https:\\\/\\\/radioleinewelle.de\\\/index.php\\\/2021\\\/02\\\/12\\\/frontalzusammenstoss-auf-winterglatter-b-27-bei-roringen-zwei-autofahrer-schwer-verletzt\\\/#primaryimage\"},\"thumbnailUrl\":\"https:\\\/\\\/radioleinewelle.de\\\/wp-content\\\/uploads\\\/2020\\\/09\\\/police-1530531_640.jpg\",\"datePublished\":\"2021-02-12T04:35:34+00:00\",\"breadcrumb\":{\"@id\":\"https:\\\/\\\/radioleinewelle.de\\\/index.php\\\/2021\\\/02\\\/12\\\/frontalzusammenstoss-auf-winterglatter-b-27-bei-roringen-zwei-autofahrer-schwer-verletzt\\\/#breadcrumb\"},\"inLanguage\":\"de\",\"potentialAction\":[{\"@type\":\"ReadAction\",\"target\":[\"https:\\\/\\\/radioleinewelle.de\\\/index.php\\\/2021\\\/02\\\/12\\\/frontalzusammenstoss-auf-winterglatter-b-27-bei-roringen-zwei-autofahrer-schwer-verletzt\\\/\"]}]},{\"@type\":\"ImageObject\",\"inLanguage\":\"de\",\"@id\":\"https:\\\/\\\/radioleinewelle.de\\\/index.php\\\/2021\\\/02\\\/12\\\/frontalzusammenstoss-auf-winterglatter-b-27-bei-roringen-zwei-autofahrer-schwer-verletzt\\\/#primaryimage\",\"url\":\"https:\\\/\\\/radioleinewelle.de\\\/wp-content\\\/uploads\\\/2020\\\/09\\\/police-1530531_640.jpg\",\"contentUrl\":\"https:\\\/\\\/radioleinewelle.de\\\/wp-content\\\/uploads\\\/2020\\\/09\\\/police-1530531_640.jpg\",\"width\":640,\"height\":382},{\"@type\":\"BreadcrumbList\",\"@id\":\"https:\\\/\\\/radioleinewelle.de\\\/index.php\\\/2021\\\/02\\\/12\\\/frontalzusammenstoss-auf-winterglatter-b-27-bei-roringen-zwei-autofahrer-schwer-verletzt\\\/#breadcrumb\",\"itemListElement\":[{\"@type\":\"ListItem\",\"position\":1,\"name\":\"Startseite\",\"item\":\"https:\\\/\\\/radioleinewelle.de\\\/\"},{\"@type\":\"ListItem\",\"position\":2,\"name\":\"Frontalzusammensto\u00df auf winterglatter B 27 bei Roringen &#8211; Zwei Autofahrer schwer verletzt\"}]},{\"@type\":\"WebSite\",\"@id\":\"https:\\\/\\\/radioleinewelle.de\\\/#website\",\"url\":\"https:\\\/\\\/radioleinewelle.de\\\/\",\"name\":\"Radio Leinewelle\",\"description\":\"\",\"publisher\":{\"@id\":\"https:\\\/\\\/radioleinewelle.de\\\/#organization\"},\"potentialAction\":[{\"@type\":\"SearchAction\",\"target\":{\"@type\":\"EntryPoint\",\"urlTemplate\":\"https:\\\/\\\/radioleinewelle.de\\\/?s={search_term_string}\"},\"query-input\":{\"@type\":\"PropertyValueSpecification\",\"valueRequired\":true,\"valueName\":\"search_term_string\"}}],\"inLanguage\":\"de\"},{\"@type\":\"Organization\",\"@id\":\"https:\\\/\\\/radioleinewelle.de\\\/#organization\",\"name\":\"Radio Leinewelle\",\"alternateName\":\"Mein Radio f\u00fcr S\u00fcdniedersachsen\",\"url\":\"https:\\\/\\\/radioleinewelle.de\\\/\",\"logo\":{\"@type\":\"ImageObject\",\"inLanguage\":\"de\",\"@id\":\"https:\\\/\\\/radioleinewelle.de\\\/#\\\/schema\\\/logo\\\/image\\\/\",\"url\":\"https:\\\/\\\/radioleinewelle.de\\\/wp-content\\\/uploads\\\/2023\\\/11\\\/cropped-Leinewelle_Logo_weiss.png\",\"contentUrl\":\"https:\\\/\\\/radioleinewelle.de\\\/wp-content\\\/uploads\\\/2023\\\/11\\\/cropped-Leinewelle_Logo_weiss.png\",\"width\":854,\"height\":260,\"caption\":\"Radio Leinewelle\"},\"image\":{\"@id\":\"https:\\\/\\\/radioleinewelle.de\\\/#\\\/schema\\\/logo\\\/image\\\/\"},\"sameAs\":[\"https:\\\/\\\/www.facebook.com\\\/radioleinewelle\",\"https:\\\/\\\/x.com\\\/RLeinewelle\",\"https:\\\/\\\/www.instagram.com\\\/radioleinewelle\\\/?hl=de\"]},{\"@type\":\"Person\",\"@id\":\"https:\\\/\\\/radioleinewelle.de\\\/#\\\/schema\\\/person\\\/45606f348637df637192dc1b68399a63\",\"name\":\"Leinewelle\",\"image\":{\"@type\":\"ImageObject\",\"inLanguage\":\"de\",\"@id\":\"https:\\\/\\\/secure.gravatar.com\\\/avatar\\\/05c9a17bc973052ee5d91549bd32fb4dd0dc85b7b85ae94b2e2b4943476bbea5?s=96&d=blank&r=g\",\"url\":\"https:\\\/\\\/secure.gravatar.com\\\/avatar\\\/05c9a17bc973052ee5d91549bd32fb4dd0dc85b7b85ae94b2e2b4943476bbea5?s=96&d=blank&r=g\",\"contentUrl\":\"https:\\\/\\\/secure.gravatar.com\\\/avatar\\\/05c9a17bc973052ee5d91549bd32fb4dd0dc85b7b85ae94b2e2b4943476bbea5?s=96&d=blank&r=g\",\"caption\":\"Leinewelle\"},\"sameAs\":[\"http:\\\/\\\/localhost\\\/radio%20leinewelle\\\/wordpress\",\"https:\\\/\\\/www.facebook.com\\\/radioleinewelle\",\"https:\\\/\\\/www.instagram.com\\\/radioleinewelle\",\"https:\\\/\\\/x.com\\\/https:\\\/\\\/twitter.com\\\/RLeinewelle?ref_src=twsrcgoogletwcampserptwgrauthor\",\"https:\\\/\\\/soundcloud.com\\\/foerderverein-lokalradio?utm_source=clipboard&utm_medium=text&utm_campaign=social_sharing\"],\"url\":\"https:\\\/\\\/radioleinewelle.de\\\/index.php\\\/author\\\/leinewelle\\\/\"}]}<\/script>\n<!-- \/ Yoast SEO plugin. -->","yoast_head_json":{"title":"Frontalzusammensto\u00df auf winterglatter B 27 bei Roringen - Zwei Autofahrer schwer verletzt - Radio Leinewelle","robots":{"index":"index","follow":"follow","max-snippet":"max-snippet:-1","max-image-preview":"max-image-preview:large","max-video-preview":"max-video-preview:-1"},"canonical":"https:\/\/radioleinewelle.de\/index.php\/2021\/02\/12\/frontalzusammenstoss-auf-winterglatter-b-27-bei-roringen-zwei-autofahrer-schwer-verletzt\/","og_locale":"de_DE","og_type":"article","og_title":"Frontalzusammensto\u00df auf winterglatter B 27 bei Roringen - Zwei Autofahrer schwer verletzt - Radio Leinewelle","og_description":"RORINGEN (jk) &#8211; Bei einem Verkehrsunfall auf der Bundesstra\u00dfe 27 bei Roringen (Landkreis G\u00f6ttingen) sind am Donnerstagmittag (11.02.21) gegen 11.30 Uhr zwei Autofahrer schwer verletzt worden. Rettungswagen transportierten beide M\u00e4nner ins Krankenhaus. Lebensgefahr soll bei keinem von beiden bestehen.&nbsp; Nach Erstinformationen verlor ein in Richtung G\u00f6ttingen fahrender, 27 Jahre alter Mann aus Duderstadt aus zurzeit [&hellip;]","og_url":"https:\/\/radioleinewelle.de\/index.php\/2021\/02\/12\/frontalzusammenstoss-auf-winterglatter-b-27-bei-roringen-zwei-autofahrer-schwer-verletzt\/","og_site_name":"Radio Leinewelle","article_publisher":"https:\/\/www.facebook.com\/radioleinewelle","article_author":"https:\/\/www.facebook.com\/radioleinewelle","article_published_time":"2021-02-12T04:35:34+00:00","og_image":[{"width":640,"height":382,"url":"https:\/\/radioleinewelle.de\/wp-content\/uploads\/2020\/09\/police-1530531_640.jpg","type":"image\/jpeg"}],"author":"Leinewelle","twitter_card":"summary_large_image","twitter_creator":"@https:\/\/twitter.com\/RLeinewelle?ref_src=twsrcgoogletwcampserptwgrauthor","twitter_site":"@RLeinewelle","twitter_misc":{"Verfasst von":"Leinewelle","Gesch\u00e4tzte Lesezeit":"1\u00a0Minute"},"schema":{"@context":"https:\/\/schema.org","@graph":[{"@type":"Article","@id":"https:\/\/radioleinewelle.de\/index.php\/2021\/02\/12\/frontalzusammenstoss-auf-winterglatter-b-27-bei-roringen-zwei-autofahrer-schwer-verletzt\/#article","isPartOf":{"@id":"https:\/\/radioleinewelle.de\/index.php\/2021\/02\/12\/frontalzusammenstoss-auf-winterglatter-b-27-bei-roringen-zwei-autofahrer-schwer-verletzt\/"},"author":{"name":"Leinewelle","@id":"https:\/\/radioleinewelle.de\/#\/schema\/person\/45606f348637df637192dc1b68399a63"},"headline":"Frontalzusammensto\u00df auf winterglatter B 27 bei Roringen &#8211; Zwei Autofahrer schwer verletzt","datePublished":"2021-02-12T04:35:34+00:00","mainEntityOfPage":{"@id":"https:\/\/radioleinewelle.de\/index.php\/2021\/02\/12\/frontalzusammenstoss-auf-winterglatter-b-27-bei-roringen-zwei-autofahrer-schwer-verletzt\/"},"wordCount":120,"publisher":{"@id":"https:\/\/radioleinewelle.de\/#organization"},"image":{"@id":"https:\/\/radioleinewelle.de\/index.php\/2021\/02\/12\/frontalzusammenstoss-auf-winterglatter-b-27-bei-roringen-zwei-autofahrer-schwer-verletzt\/#primaryimage"},"thumbnailUrl":"https:\/\/radioleinewelle.de\/wp-content\/uploads\/2020\/09\/police-1530531_640.jpg","articleSection":["Aktuelle Nachrichten"],"inLanguage":"de"},{"@type":"WebPage","@id":"https:\/\/radioleinewelle.de\/index.php\/2021\/02\/12\/frontalzusammenstoss-auf-winterglatter-b-27-bei-roringen-zwei-autofahrer-schwer-verletzt\/","url":"https:\/\/radioleinewelle.de\/index.php\/2021\/02\/12\/frontalzusammenstoss-auf-winterglatter-b-27-bei-roringen-zwei-autofahrer-schwer-verletzt\/","name":"Frontalzusammensto\u00df auf winterglatter B 27 bei Roringen - Zwei Autofahrer schwer verletzt - Radio Leinewelle","isPartOf":{"@id":"https:\/\/radioleinewelle.de\/#website"},"primaryImageOfPage":{"@id":"https:\/\/radioleinewelle.de\/index.php\/2021\/02\/12\/frontalzusammenstoss-auf-winterglatter-b-27-bei-roringen-zwei-autofahrer-schwer-verletzt\/#primaryimage"},"image":{"@id":"https:\/\/radioleinewelle.de\/index.php\/2021\/02\/12\/frontalzusammenstoss-auf-winterglatter-b-27-bei-roringen-zwei-autofahrer-schwer-verletzt\/#primaryimage"},"thumbnailUrl":"https:\/\/radioleinewelle.de\/wp-content\/uploads\/2020\/09\/police-1530531_640.jpg","datePublished":"2021-02-12T04:35:34+00:00","breadcrumb":{"@id":"https:\/\/radioleinewelle.de\/index.php\/2021\/02\/12\/frontalzusammenstoss-auf-winterglatter-b-27-bei-roringen-zwei-autofahrer-schwer-verletzt\/#breadcrumb"},"inLanguage":"de","potentialAction":[{"@type":"ReadAction","target":["https:\/\/radioleinewelle.de\/index.php\/2021\/02\/12\/frontalzusammenstoss-auf-winterglatter-b-27-bei-roringen-zwei-autofahrer-schwer-verletzt\/"]}]},{"@type":"ImageObject","inLanguage":"de","@id":"https:\/\/radioleinewelle.de\/index.php\/2021\/02\/12\/frontalzusammenstoss-auf-winterglatter-b-27-bei-roringen-zwei-autofahrer-schwer-verletzt\/#primaryimage","url":"https:\/\/radioleinewelle.de\/wp-content\/uploads\/2020\/09\/police-1530531_640.jpg","contentUrl":"https:\/\/radioleinewelle.de\/wp-content\/uploads\/2020\/09\/police-1530531_640.jpg","width":640,"height":382},{"@type":"BreadcrumbList","@id":"https:\/\/radioleinewelle.de\/index.php\/2021\/02\/12\/frontalzusammenstoss-auf-winterglatter-b-27-bei-roringen-zwei-autofahrer-schwer-verletzt\/#breadcrumb","itemListElement":[{"@type":"ListItem","position":1,"name":"Startseite","item":"https:\/\/radioleinewelle.de\/"},{"@type":"ListItem","position":2,"name":"Frontalzusammensto\u00df auf winterglatter B 27 bei Roringen &#8211; Zwei Autofahrer schwer verletzt"}]},{"@type":"WebSite","@id":"https:\/\/radioleinewelle.de\/#website","url":"https:\/\/radioleinewelle.de\/","name":"Radio Leinewelle","description":"","publisher":{"@id":"https:\/\/radioleinewelle.de\/#organization"},"potentialAction":[{"@type":"SearchAction","target":{"@type":"EntryPoint","urlTemplate":"https:\/\/radioleinewelle.de\/?s={search_term_string}"},"query-input":{"@type":"PropertyValueSpecification","valueRequired":true,"valueName":"search_term_string"}}],"inLanguage":"de"},{"@type":"Organization","@id":"https:\/\/radioleinewelle.de\/#organization","name":"Radio Leinewelle","alternateName":"Mein Radio f\u00fcr S\u00fcdniedersachsen","url":"https:\/\/radioleinewelle.de\/","logo":{"@type":"ImageObject","inLanguage":"de","@id":"https:\/\/radioleinewelle.de\/#\/schema\/logo\/image\/","url":"https:\/\/radioleinewelle.de\/wp-content\/uploads\/2023\/11\/cropped-Leinewelle_Logo_weiss.png","contentUrl":"https:\/\/radioleinewelle.de\/wp-content\/uploads\/2023\/11\/cropped-Leinewelle_Logo_weiss.png","width":854,"height":260,"caption":"Radio Leinewelle"},"image":{"@id":"https:\/\/radioleinewelle.de\/#\/schema\/logo\/image\/"},"sameAs":["https:\/\/www.facebook.com\/radioleinewelle","https:\/\/x.com\/RLeinewelle","https:\/\/www.instagram.com\/radioleinewelle\/?hl=de"]},{"@type":"Person","@id":"https:\/\/radioleinewelle.de\/#\/schema\/person\/45606f348637df637192dc1b68399a63","name":"Leinewelle","image":{"@type":"ImageObject","inLanguage":"de","@id":"https:\/\/secure.gravatar.com\/avatar\/05c9a17bc973052ee5d91549bd32fb4dd0dc85b7b85ae94b2e2b4943476bbea5?s=96&d=blank&r=g","url":"https:\/\/secure.gravatar.com\/avatar\/05c9a17bc973052ee5d91549bd32fb4dd0dc85b7b85ae94b2e2b4943476bbea5?s=96&d=blank&r=g","contentUrl":"https:\/\/secure.gravatar.com\/avatar\/05c9a17bc973052ee5d91549bd32fb4dd0dc85b7b85ae94b2e2b4943476bbea5?s=96&d=blank&r=g","caption":"Leinewelle"},"sameAs":["http:\/\/localhost\/radio%20leinewelle\/wordpress","https:\/\/www.facebook.com\/radioleinewelle","https:\/\/www.instagram.com\/radioleinewelle","https:\/\/x.com\/https:\/\/twitter.com\/RLeinewelle?ref_src=twsrcgoogletwcampserptwgrauthor","https:\/\/soundcloud.com\/foerderverein-lokalradio?utm_source=clipboard&utm_medium=text&utm_campaign=social_sharing"],"url":"https:\/\/radioleinewelle.de\/index.php\/author\/leinewelle\/"}]}},"_links":{"self":[{"href":"https:\/\/radioleinewelle.de\/index.php\/wp-json\/wp\/v2\/posts\/5157","targetHints":{"allow":["GET"]}}],"collection":[{"href":"https:\/\/radioleinewelle.de\/index.php\/wp-json\/wp\/v2\/posts"}],"about":[{"href":"https:\/\/radioleinewelle.de\/index.php\/wp-json\/wp\/v2\/types\/post"}],"author":[{"embeddable":true,"href":"https:\/\/radioleinewelle.de\/index.php\/wp-json\/wp\/v2\/users\/1"}],"replies":[{"embeddable":true,"href":"https:\/\/radioleinewelle.de\/index.php\/wp-json\/wp\/v2\/comments?post=5157"}],"version-history":[{"count":0,"href":"https:\/\/radioleinewelle.de\/index.php\/wp-json\/wp\/v2\/posts\/5157\/revisions"}],"wp:featuredmedia":[{"embeddable":true,"href":"https:\/\/radioleinewelle.de\/index.php\/wp-json\/wp\/v2\/media\/1766"}],"wp:attachment":[{"href":"https:\/\/radioleinewelle.de\/index.php\/wp-json\/wp\/v2\/media?parent=5157"}],"wp:term":[{"taxonomy":"category","embeddable":true,"href":"https:\/\/radioleinewelle.de\/index.php\/wp-json\/wp\/v2\/categories?post=5157"},{"taxonomy":"post_tag","embeddable":true,"href":"https:\/\/radioleinewelle.de\/index.php\/wp-json\/wp\/v2\/tags?post=5157"}],"curies":[{"name":"wp","href":"https:\/\/api.w.org\/{rel}","templated":true}]}}